{"id":6435,"date":"2023-11-07T18:53:07","date_gmt":"2023-11-07T21:53:07","guid":{"rendered":"https:\/\/apuntesdesanluis.com\/?p=6435"},"modified":"2023-11-08T08:08:14","modified_gmt":"2023-11-08T11:08:14","slug":"imputan-a-un-motoquero-vegetariano-y-ladron-por-seis-hechos","status":"publish","type":"post","link":"https:\/\/apuntesdesanluis.com\/index.php\/2023\/11\/07\/imputan-a-un-motoquero-vegetariano-y-ladron-por-seis-hechos\/","title":{"rendered":"IMPUTAN A UN MOTOQUERO \u201cVEGETARIANO\u201d Y LADR\u00d3N POR SEIS HECHOS"},"content":{"rendered":"<h3>El muchacho glot\u00f3n de cuidada dieta, siempre se traslad\u00f3 en el mismo rodado y en los seis hechos por los que est\u00e1 imputado, los comercios asaltados fueron siempre verduler\u00edas.<\/h3>\n<h3>La audiencia se desarroll\u00f3 este martes en el Juzgado de Garant\u00edas N\u00ba 4. El imputado continuar\u00e1 detenido hasta el vencimiento de la pr\u00f3rroga.<\/h3>\n<h3>La fiscal\u00eda formul\u00f3 cargos a este sujeto por\u00a0 hurto simple \u2013tres hechos- y hurto simple en grado de tentativa \u2013tres hechos-. En el relato, el fiscal explic\u00f3 que todos los hechos, que fueron seis, sucedieron con poca diferencia de d\u00edas, y con la misma modalidad.<\/h3>\n<h3>Tuvieron lugar los d\u00edas 29 de septiembre, 23 y 30 de octubre en diferentes verduler\u00edas de la ciudad, donde el imputado se apoder\u00f3 de mercader\u00eda.\u00a0 En los \u00faltimos tres hechos del 31 de octubre,\u00a0 2 y 6 de noviembre, el imputado intent\u00f3 apoderarse tambi\u00e9n querode productos de verduler\u00edas.<\/h3>\n<h3>El Dr. Yllera mencion\u00f3 las evidencias que vinculan al imputado con la realizaci\u00f3n de esos sucesos y explic\u00f3 que son continuados y con la misma modalidad, el hombre siempre se traslad\u00f3 en motocicleta.<\/h3>\n<p><img fetchpriority=\"high\" decoding=\"async\" class=\"wp-image-6485 aligncenter\" src=\"https:\/\/apuntesdesanluis.com\/wp-content\/uploads\/2023\/11\/chorizo-300x283.jpg\" alt=\"\" width=\"452\" height=\"426\" srcset=\"https:\/\/apuntesdesanluis.com\/wp-content\/uploads\/2023\/11\/chorizo-300x283.jpg 300w, https:\/\/apuntesdesanluis.com\/wp-content\/uploads\/2023\/11\/chorizo.jpg 399w\" sizes=\"(max-width: 452px) 100vw, 452px\" \/><\/p>\n<h3>La defensa hizo reserva en relaci\u00f3n a la calificaci\u00f3n legal y solicit\u00f3 una pr\u00f3rroga de detenci\u00f3n de tres d\u00edas.<\/h3>\n<h3>El Dr. Cuello tuvo por admitida la formulaci\u00f3n de cargos -provisoria- por hurto simple (tres hechos) y hurto simple en grado de tentativa (tres hechos) y concedi\u00f3 la pr\u00f3rroga de detenci\u00f3n por el t\u00e9rmino de tres d\u00edas.<\/h3>\n<h3>Participaron de la audiencia en representaci\u00f3n del Ministerio P\u00fablico Fiscal la Dra. Daniela Torres y el Dr. Gast\u00f3n Yllera. Como defensora intervino la Dra. Ximena Bertoli. Como juez subrogante el Dr. Alfredo Cuello y como secretaria la Dra. Nadia Segura.<\/h3>\n<h3>Se desconoce si se ha pedido una pericia para determinar sus h\u00e1bitos gastron\u00f3micos o si de repente sufri\u00f3 un s\u00fabito ataque de abstenci\u00f3n por alguna r\u00facula o banana que no pod\u00eda comprar, frente al elevado precio de dicha mercader\u00eda.<\/h3>\n<h3>DETALLES DE LA DETENCI\u00d3N<\/h3>\n<h3>Un efectivo femenino fue quien intercept\u00f3 al ladr\u00f3n cuando hu\u00eda tras ser sorprendido por la empleada de la verduler\u00eda \u201cFruti Color\u201d, ubicada en calle Gral. Paz y Salta.<\/h3>\n<h3>Alrededor de las 11 horas de ayer un hombre intent\u00f3 llevarse dos bolsas de papas del local. Fue sorprendido cuando las sub\u00eda en la motocicleta en la que se conduc\u00eda. Por lo que dej\u00f3 todo y sali\u00f3 corriendo, pero a cuadras del lugar, en Suipacha y Salta, fue demorado.<\/h3>\n<h3>Se trata de un hombre de 31 a\u00f1os, de apellido Mercau, domiciliado en el barrio Atte II de esta ciudad. Quien tambi\u00e9n fue reconocido por otros comerciantes de la zona como quien comet\u00eda hechos utilizando el mismo modus operandi en reiteradas oportunidades.<\/h3>\n<p><img decoding=\"async\" class=\"wp-image-6486 aligncenter\" src=\"https:\/\/apuntesdesanluis.com\/wp-content\/uploads\/2023\/11\/moto-300x242.jpg\" alt=\"\" width=\"531\" height=\"428\" srcset=\"https:\/\/apuntesdesanluis.com\/wp-content\/uploads\/2023\/11\/moto-300x242.jpg 300w, https:\/\/apuntesdesanluis.com\/wp-content\/uploads\/2023\/11\/moto.jpg 600w\" sizes=\"(max-width: 531px) 100vw, 531px\" \/><\/p>\n<h3>A este hecho, se le sumaron cinco denuncias m\u00e1s al demorado. Los propietarios de los comercios afectados, aportaron filmaciones donde se puede observar al sujeto llevarse bolsas o cajones con verduras.<\/h3>\n<h3>Efectivos de Comisar\u00eda Seccional 8\u00b0 que instruyeron la causa llevaron a cabo un allanamiento en el domicilio del demorado, donde encontraron las prendas de vestir que utilizaba cuando robaba y que luego fueron reconocidas por los damnificados.<\/h3>\n<h3>La Dra. Daniela Torres de Fiscal\u00eda N\u00b0 2, ante la existencia de suficiente evidencia, imput\u00f3 a Mercau el delito de Hurtos Reiterados, quedando detenido hasta resolver su situaci\u00f3n procesal.<\/h3>\n<p>&nbsp;<\/p>\n","protected":false},"excerpt":{"rendered":"<p>El muchacho glot\u00f3n de cuidada dieta, siempre se traslad\u00f3 en el mismo rodado y en&#8230;<\/p>\n","protected":false},"author":1,"featured_media":6436,"comment_status":"closed","ping_status":"closed","sticky":false,"template":"","format":"standard","meta":{"footnotes":""},"categories":[6],"tags":[],"class_list":["post-6435","post","type-post","status-publish","format-standard","has-post-thumbnail","hentry","category-ciudad-provincia"],"yoast_head":"<!-- This site is optimized with the Yoast SEO plugin v26.1.1 - https:\/\/yoast.com\/wordpress\/plugins\/seo\/ -->\n<title>IMPUTAN A UN MOTOQUERO \u201cVEGETARIANO\u201d Y LADR\u00d3N POR SEIS HECHOS - Apuntes de San Luis<\/title>\n<meta name=\"robots\" content=\"index, follow, max-snippet:-1, max-image-preview:large, max-video-preview:-1\" \/>\n<link rel=\"canonical\" href=\"https:\/\/apuntesdesanluis.com\/index.php\/2023\/11\/07\/imputan-a-un-motoquero-vegetariano-y-ladron-por-seis-hechos\/\" \/>\n<meta property=\"og:locale\" content=\"es_ES\" \/>\n<meta property=\"og:type\" content=\"article\" \/>\n<meta property=\"og:title\" content=\"IMPUTAN A UN MOTOQUERO \u201cVEGETARIANO\u201d Y LADR\u00d3N POR SEIS HECHOS - Apuntes de San Luis\" \/>\n<meta property=\"og:description\" content=\"El muchacho glot\u00f3n de cuidada dieta, siempre se traslad\u00f3 en el mismo rodado y en...\" \/>\n<meta property=\"og:url\" content=\"https:\/\/apuntesdesanluis.com\/index.php\/2023\/11\/07\/imputan-a-un-motoquero-vegetariano-y-ladron-por-seis-hechos\/\" \/>\n<meta property=\"og:site_name\" content=\"Apuntes de San Luis\" \/>\n<meta property=\"article:published_time\" content=\"2023-11-07T21:53:07+00:00\" \/>\n<meta property=\"article:modified_time\" content=\"2023-11-08T11:08:14+00:00\" \/>\n<meta property=\"og:image\" content=\"https:\/\/apuntesdesanluis.com\/wp-content\/uploads\/2023\/11\/audiencia-1.png\" \/>\n\t<meta property=\"og:image:width\" content=\"600\" \/>\n\t<meta property=\"og:image:height\" content=\"379\" \/>\n\t<meta property=\"og:image:type\" content=\"image\/png\" \/>\n<meta name=\"author\" content=\"apuntesdesanluis.com\" \/>\n<meta name=\"twitter:card\" content=\"summary_large_image\" \/>\n<meta name=\"twitter:label1\" content=\"Escrito por\" \/>\n\t<meta name=\"twitter:data1\" content=\"apuntesdesanluis.com\" \/>\n\t<meta name=\"twitter:label2\" content=\"Tiempo de lectura\" \/>\n\t<meta name=\"twitter:data2\" content=\"3 minutos\" \/>\n<script type=\"application\/ld+json\" class=\"yoast-schema-graph\">{\"@context\":\"https:\/\/schema.org\",\"@graph\":[{\"@type\":\"Article\",\"@id\":\"https:\/\/apuntesdesanluis.com\/index.php\/2023\/11\/07\/imputan-a-un-motoquero-vegetariano-y-ladron-por-seis-hechos\/#article\",\"isPartOf\":{\"@id\":\"https:\/\/apuntesdesanluis.com\/index.php\/2023\/11\/07\/imputan-a-un-motoquero-vegetariano-y-ladron-por-seis-hechos\/\"},\"author\":{\"name\":\"apuntesdesanluis.com\",\"@id\":\"https:\/\/apuntesdesanluis.com\/#\/schema\/person\/b55151d52296fcce64d1a72538a70b90\"},\"headline\":\"IMPUTAN A UN MOTOQUERO \u201cVEGETARIANO\u201d Y LADR\u00d3N POR SEIS HECHOS\",\"datePublished\":\"2023-11-07T21:53:07+00:00\",\"dateModified\":\"2023-11-08T11:08:14+00:00\",\"mainEntityOfPage\":{\"@id\":\"https:\/\/apuntesdesanluis.com\/index.php\/2023\/11\/07\/imputan-a-un-motoquero-vegetariano-y-ladron-por-seis-hechos\/\"},\"wordCount\":579,\"publisher\":{\"@id\":\"https:\/\/apuntesdesanluis.com\/#\/schema\/person\/b55151d52296fcce64d1a72538a70b90\"},\"image\":{\"@id\":\"https:\/\/apuntesdesanluis.com\/index.php\/2023\/11\/07\/imputan-a-un-motoquero-vegetariano-y-ladron-por-seis-hechos\/#primaryimage\"},\"thumbnailUrl\":\"https:\/\/apuntesdesanluis.com\/wp-content\/uploads\/2023\/11\/audiencia-1.png\",\"articleSection\":[\"Ciudad\/Provincia\"],\"inLanguage\":\"es-AR\"},{\"@type\":\"WebPage\",\"@id\":\"https:\/\/apuntesdesanluis.com\/index.php\/2023\/11\/07\/imputan-a-un-motoquero-vegetariano-y-ladron-por-seis-hechos\/\",\"url\":\"https:\/\/apuntesdesanluis.com\/index.php\/2023\/11\/07\/imputan-a-un-motoquero-vegetariano-y-ladron-por-seis-hechos\/\",\"name\":\"IMPUTAN A UN MOTOQUERO \u201cVEGETARIANO\u201d Y LADR\u00d3N POR SEIS HECHOS - Apuntes de San Luis\",\"isPartOf\":{\"@id\":\"https:\/\/apuntesdesanluis.com\/#website\"},\"primaryImageOfPage\":{\"@id\":\"https:\/\/apuntesdesanluis.com\/index.php\/2023\/11\/07\/imputan-a-un-motoquero-vegetariano-y-ladron-por-seis-hechos\/#primaryimage\"},\"image\":{\"@id\":\"https:\/\/apuntesdesanluis.com\/index.php\/2023\/11\/07\/imputan-a-un-motoquero-vegetariano-y-ladron-por-seis-hechos\/#primaryimage\"},\"thumbnailUrl\":\"https:\/\/apuntesdesanluis.com\/wp-content\/uploads\/2023\/11\/audiencia-1.png\",\"datePublished\":\"2023-11-07T21:53:07+00:00\",\"dateModified\":\"2023-11-08T11:08:14+00:00\",\"breadcrumb\":{\"@id\":\"https:\/\/apuntesdesanluis.com\/index.php\/2023\/11\/07\/imputan-a-un-motoquero-vegetariano-y-ladron-por-seis-hechos\/#breadcrumb\"},\"inLanguage\":\"es-AR\",\"potentialAction\":[{\"@type\":\"ReadAction\",\"target\":[\"https:\/\/apuntesdesanluis.com\/index.php\/2023\/11\/07\/imputan-a-un-motoquero-vegetariano-y-ladron-por-seis-hechos\/\"]}]},{\"@type\":\"ImageObject\",\"inLanguage\":\"es-AR\",\"@id\":\"https:\/\/apuntesdesanluis.com\/index.php\/2023\/11\/07\/imputan-a-un-motoquero-vegetariano-y-ladron-por-seis-hechos\/#primaryimage\",\"url\":\"https:\/\/apuntesdesanluis.com\/wp-content\/uploads\/2023\/11\/audiencia-1.png\",\"contentUrl\":\"https:\/\/apuntesdesanluis.com\/wp-content\/uploads\/2023\/11\/audiencia-1.png\",\"width\":600,\"height\":379},{\"@type\":\"BreadcrumbList\",\"@id\":\"https:\/\/apuntesdesanluis.com\/index.php\/2023\/11\/07\/imputan-a-un-motoquero-vegetariano-y-ladron-por-seis-hechos\/#breadcrumb\",\"itemListElement\":[{\"@type\":\"ListItem\",\"position\":1,\"name\":\"Inicio\",\"item\":\"https:\/\/apuntesdesanluis.com\/\"},{\"@type\":\"ListItem\",\"position\":2,\"name\":\"IMPUTAN A UN MOTOQUERO \u201cVEGETARIANO\u201d Y LADR\u00d3N POR SEIS HECHOS\"}]},{\"@type\":\"WebSite\",\"@id\":\"https:\/\/apuntesdesanluis.com\/#website\",\"url\":\"https:\/\/apuntesdesanluis.com\/\",\"name\":\"Apuntes de San Luis\",\"description\":\"\",\"publisher\":{\"@id\":\"https:\/\/apuntesdesanluis.com\/#\/schema\/person\/b55151d52296fcce64d1a72538a70b90\"},\"potentialAction\":[{\"@type\":\"SearchAction\",\"target\":{\"@type\":\"EntryPoint\",\"urlTemplate\":\"https:\/\/apuntesdesanluis.com\/?s={search_term_string}\"},\"query-input\":{\"@type\":\"PropertyValueSpecification\",\"valueRequired\":true,\"valueName\":\"search_term_string\"}}],\"inLanguage\":\"es-AR\"},{\"@type\":[\"Person\",\"Organization\"],\"@id\":\"https:\/\/apuntesdesanluis.com\/#\/schema\/person\/b55151d52296fcce64d1a72538a70b90\",\"name\":\"apuntesdesanluis.com\",\"image\":{\"@type\":\"ImageObject\",\"inLanguage\":\"es-AR\",\"@id\":\"https:\/\/apuntesdesanluis.com\/#\/schema\/person\/image\/\",\"url\":\"https:\/\/apuntesdesanluis.com\/wp-content\/uploads\/2023\/07\/cropped-apuntesdesanluis.png\",\"contentUrl\":\"https:\/\/apuntesdesanluis.com\/wp-content\/uploads\/2023\/07\/cropped-apuntesdesanluis.png\",\"width\":450,\"height\":112,\"caption\":\"apuntesdesanluis.com\"},\"logo\":{\"@id\":\"https:\/\/apuntesdesanluis.com\/#\/schema\/person\/image\/\"},\"sameAs\":[\"https:\/\/apuntesdesanluis.com\"],\"url\":\"https:\/\/apuntesdesanluis.com\/index.php\/author\/apuntesdesanluis-com\/\"}]}<\/script>\n<!-- \/ Yoast SEO plugin. -->","yoast_head_json":{"title":"IMPUTAN A UN MOTOQUERO \u201cVEGETARIANO\u201d Y LADR\u00d3N POR SEIS HECHOS - Apuntes de San Luis","robots":{"index":"index","follow":"follow","max-snippet":"max-snippet:-1","max-image-preview":"max-image-preview:large","max-video-preview":"max-video-preview:-1"},"canonical":"https:\/\/apuntesdesanluis.com\/index.php\/2023\/11\/07\/imputan-a-un-motoquero-vegetariano-y-ladron-por-seis-hechos\/","og_locale":"es_ES","og_type":"article","og_title":"IMPUTAN A UN MOTOQUERO \u201cVEGETARIANO\u201d Y LADR\u00d3N POR SEIS HECHOS - Apuntes de San Luis","og_description":"El muchacho glot\u00f3n de cuidada dieta, siempre se traslad\u00f3 en el mismo rodado y en...","og_url":"https:\/\/apuntesdesanluis.com\/index.php\/2023\/11\/07\/imputan-a-un-motoquero-vegetariano-y-ladron-por-seis-hechos\/","og_site_name":"Apuntes de San Luis","article_published_time":"2023-11-07T21:53:07+00:00","article_modified_time":"2023-11-08T11:08:14+00:00","og_image":[{"width":600,"height":379,"url":"https:\/\/apuntesdesanluis.com\/wp-content\/uploads\/2023\/11\/audiencia-1.png","type":"image\/png"}],"author":"apuntesdesanluis.com","twitter_card":"summary_large_image","twitter_misc":{"Escrito por":"apuntesdesanluis.com","Tiempo de lectura":"3 minutos"},"schema":{"@context":"https:\/\/schema.org","@graph":[{"@type":"Article","@id":"https:\/\/apuntesdesanluis.com\/index.php\/2023\/11\/07\/imputan-a-un-motoquero-vegetariano-y-ladron-por-seis-hechos\/#article","isPartOf":{"@id":"https:\/\/apuntesdesanluis.com\/index.php\/2023\/11\/07\/imputan-a-un-motoquero-vegetariano-y-ladron-por-seis-hechos\/"},"author":{"name":"apuntesdesanluis.com","@id":"https:\/\/apuntesdesanluis.com\/#\/schema\/person\/b55151d52296fcce64d1a72538a70b90"},"headline":"IMPUTAN A UN MOTOQUERO \u201cVEGETARIANO\u201d Y LADR\u00d3N POR SEIS HECHOS","datePublished":"2023-11-07T21:53:07+00:00","dateModified":"2023-11-08T11:08:14+00:00","mainEntityOfPage":{"@id":"https:\/\/apuntesdesanluis.com\/index.php\/2023\/11\/07\/imputan-a-un-motoquero-vegetariano-y-ladron-por-seis-hechos\/"},"wordCount":579,"publisher":{"@id":"https:\/\/apuntesdesanluis.com\/#\/schema\/person\/b55151d52296fcce64d1a72538a70b90"},"image":{"@id":"https:\/\/apuntesdesanluis.com\/index.php\/2023\/11\/07\/imputan-a-un-motoquero-vegetariano-y-ladron-por-seis-hechos\/#primaryimage"},"thumbnailUrl":"https:\/\/apuntesdesanluis.com\/wp-content\/uploads\/2023\/11\/audiencia-1.png","articleSection":["Ciudad\/Provincia"],"inLanguage":"es-AR"},{"@type":"WebPage","@id":"https:\/\/apuntesdesanluis.com\/index.php\/2023\/11\/07\/imputan-a-un-motoquero-vegetariano-y-ladron-por-seis-hechos\/","url":"https:\/\/apuntesdesanluis.com\/index.php\/2023\/11\/07\/imputan-a-un-motoquero-vegetariano-y-ladron-por-seis-hechos\/","name":"IMPUTAN A UN MOTOQUERO \u201cVEGETARIANO\u201d Y LADR\u00d3N POR SEIS HECHOS - Apuntes de San Luis","isPartOf":{"@id":"https:\/\/apuntesdesanluis.com\/#website"},"primaryImageOfPage":{"@id":"https:\/\/apuntesdesanluis.com\/index.php\/2023\/11\/07\/imputan-a-un-motoquero-vegetariano-y-ladron-por-seis-hechos\/#primaryimage"},"image":{"@id":"https:\/\/apuntesdesanluis.com\/index.php\/2023\/11\/07\/imputan-a-un-motoquero-vegetariano-y-ladron-por-seis-hechos\/#primaryimage"},"thumbnailUrl":"https:\/\/apuntesdesanluis.com\/wp-content\/uploads\/2023\/11\/audiencia-1.png","datePublished":"2023-11-07T21:53:07+00:00","dateModified":"2023-11-08T11:08:14+00:00","breadcrumb":{"@id":"https:\/\/apuntesdesanluis.com\/index.php\/2023\/11\/07\/imputan-a-un-motoquero-vegetariano-y-ladron-por-seis-hechos\/#breadcrumb"},"inLanguage":"es-AR","potentialAction":[{"@type":"ReadAction","target":["https:\/\/apuntesdesanluis.com\/index.php\/2023\/11\/07\/imputan-a-un-motoquero-vegetariano-y-ladron-por-seis-hechos\/"]}]},{"@type":"ImageObject","inLanguage":"es-AR","@id":"https:\/\/apuntesdesanluis.com\/index.php\/2023\/11\/07\/imputan-a-un-motoquero-vegetariano-y-ladron-por-seis-hechos\/#primaryimage","url":"https:\/\/apuntesdesanluis.com\/wp-content\/uploads\/2023\/11\/audiencia-1.png","contentUrl":"https:\/\/apuntesdesanluis.com\/wp-content\/uploads\/2023\/11\/audiencia-1.png","width":600,"height":379},{"@type":"BreadcrumbList","@id":"https:\/\/apuntesdesanluis.com\/index.php\/2023\/11\/07\/imputan-a-un-motoquero-vegetariano-y-ladron-por-seis-hechos\/#breadcrumb","itemListElement":[{"@type":"ListItem","position":1,"name":"Inicio","item":"https:\/\/apuntesdesanluis.com\/"},{"@type":"ListItem","position":2,"name":"IMPUTAN A UN MOTOQUERO \u201cVEGETARIANO\u201d Y LADR\u00d3N POR SEIS HECHOS"}]},{"@type":"WebSite","@id":"https:\/\/apuntesdesanluis.com\/#website","url":"https:\/\/apuntesdesanluis.com\/","name":"Apuntes de San Luis","description":"","publisher":{"@id":"https:\/\/apuntesdesanluis.com\/#\/schema\/person\/b55151d52296fcce64d1a72538a70b90"},"potentialAction":[{"@type":"SearchAction","target":{"@type":"EntryPoint","urlTemplate":"https:\/\/apuntesdesanluis.com\/?s={search_term_string}"},"query-input":{"@type":"PropertyValueSpecification","valueRequired":true,"valueName":"search_term_string"}}],"inLanguage":"es-AR"},{"@type":["Person","Organization"],"@id":"https:\/\/apuntesdesanluis.com\/#\/schema\/person\/b55151d52296fcce64d1a72538a70b90","name":"apuntesdesanluis.com","image":{"@type":"ImageObject","inLanguage":"es-AR","@id":"https:\/\/apuntesdesanluis.com\/#\/schema\/person\/image\/","url":"https:\/\/apuntesdesanluis.com\/wp-content\/uploads\/2023\/07\/cropped-apuntesdesanluis.png","contentUrl":"https:\/\/apuntesdesanluis.com\/wp-content\/uploads\/2023\/07\/cropped-apuntesdesanluis.png","width":450,"height":112,"caption":"apuntesdesanluis.com"},"logo":{"@id":"https:\/\/apuntesdesanluis.com\/#\/schema\/person\/image\/"},"sameAs":["https:\/\/apuntesdesanluis.com"],"url":"https:\/\/apuntesdesanluis.com\/index.php\/author\/apuntesdesanluis-com\/"}]}},"featured_image_urls":{"full":["https:\/\/apuntesdesanluis.com\/wp-content\/uploads\/2023\/11\/audiencia-1.png",600,379,false],"thumbnail":["https:\/\/apuntesdesanluis.com\/wp-content\/uploads\/2023\/11\/audiencia-1-150x150.png",150,150,true],"medium":["https:\/\/apuntesdesanluis.com\/wp-content\/uploads\/2023\/11\/audiencia-1-300x190.png",300,190,true],"medium_large":["https:\/\/apuntesdesanluis.com\/wp-content\/uploads\/2023\/11\/audiencia-1.png",600,379,false],"large":["https:\/\/apuntesdesanluis.com\/wp-content\/uploads\/2023\/11\/audiencia-1.png",600,379,false],"1536x1536":["https:\/\/apuntesdesanluis.com\/wp-content\/uploads\/2023\/11\/audiencia-1.png",600,379,false],"2048x2048":["https:\/\/apuntesdesanluis.com\/wp-content\/uploads\/2023\/11\/audiencia-1.png",600,379,false],"newsever-slider-full":["https:\/\/apuntesdesanluis.com\/wp-content\/uploads\/2023\/11\/audiencia-1.png",600,379,false],"newsever-featured":["https:\/\/apuntesdesanluis.com\/wp-content\/uploads\/2023\/11\/audiencia-1.png",600,379,false],"newsever-medium":["https:\/\/apuntesdesanluis.com\/wp-content\/uploads\/2023\/11\/audiencia-1.png",600,379,false]},"author_info":{"display_name":"apuntesdesanluis.com","author_link":"https:\/\/apuntesdesanluis.com\/index.php\/author\/apuntesdesanluis-com\/"},"category_info":"<a href=\"https:\/\/apuntesdesanluis.com\/index.php\/category\/ciudad-provincia\/\" rel=\"category tag\">Ciudad\/Provincia<\/a>","tag_info":"Ciudad\/Provincia","comment_count":"0","_links":{"self":[{"href":"https:\/\/apuntesdesanluis.com\/index.php\/wp-json\/wp\/v2\/posts\/6435","targetHints":{"allow":["GET"]}}],"collection":[{"href":"https:\/\/apuntesdesanluis.com\/index.php\/wp-json\/wp\/v2\/posts"}],"about":[{"href":"https:\/\/apuntesdesanluis.com\/index.php\/wp-json\/wp\/v2\/types\/post"}],"author":[{"embeddable":true,"href":"https:\/\/apuntesdesanluis.com\/index.php\/wp-json\/wp\/v2\/users\/1"}],"replies":[{"embeddable":true,"href":"https:\/\/apuntesdesanluis.com\/index.php\/wp-json\/wp\/v2\/comments?post=6435"}],"version-history":[{"count":5,"href":"https:\/\/apuntesdesanluis.com\/index.php\/wp-json\/wp\/v2\/posts\/6435\/revisions"}],"predecessor-version":[{"id":6487,"href":"https:\/\/apuntesdesanluis.com\/index.php\/wp-json\/wp\/v2\/posts\/6435\/revisions\/6487"}],"wp:featuredmedia":[{"embeddable":true,"href":"https:\/\/apuntesdesanluis.com\/index.php\/wp-json\/wp\/v2\/media\/6436"}],"wp:attachment":[{"href":"https:\/\/apuntesdesanluis.com\/index.php\/wp-json\/wp\/v2\/media?parent=6435"}],"wp:term":[{"taxonomy":"category","embeddable":true,"href":"https:\/\/apuntesdesanluis.com\/index.php\/wp-json\/wp\/v2\/categories?post=6435"},{"taxonomy":"post_tag","embeddable":true,"href":"https:\/\/apuntesdesanluis.com\/index.php\/wp-json\/wp\/v2\/tags?post=6435"}],"curies":[{"name":"wp","href":"https:\/\/api.w.org\/{rel}","templated":true}]}}