{"id":6444,"date":"2023-11-07T19:23:12","date_gmt":"2023-11-07T22:23:12","guid":{"rendered":"https:\/\/apuntesdesanluis.com\/?p=6444"},"modified":"2023-11-07T19:28:11","modified_gmt":"2023-11-07T22:28:11","slug":"la-unvime-se-apresta-a-celebrar-el-14-aniversario-de-su-creacion","status":"publish","type":"post","link":"https:\/\/apuntesdesanluis.com\/index.php\/2023\/11\/07\/la-unvime-se-apresta-a-celebrar-el-14-aniversario-de-su-creacion\/","title":{"rendered":"LA UNVIME SE APRESTA A CELEBRAR EL 14\u00b0 ANIVERSARIO DE SU CREACI\u00d3N"},"content":{"rendered":"<h3>La fecha de aprobaci\u00f3n de la ley que cre\u00f3 la Universidad Nacional de Villa Mercedes es el pr\u00f3ximo s\u00e1bado 11, por lo que se dispuso trasladar la celebraci\u00f3n al lunes 13 al mediod\u00eda, en el Aula Magna de Jun\u00edn 132.<\/h3>\n<h3>La <strong>Universidad Nacional de Villa Mercedes<\/strong> se cre\u00f3 por Ley Nro. 26.542 del 11 de Noviembre de 2009, promulgada de hecho el 3 de Diciembre de 2009. El comienzo operativo y de concreci\u00f3n de la organizaci\u00f3n se inici\u00f3 con la designaci\u00f3n de una Rectora Organizadora, Dra. Gladys Mar\u00eda Ciuffo, mediante decreto presidencial del 26 de Julio de 2011, momento a partir del cual se inici\u00f3 el proceso de desarrollo del Proyecto Institucional.<\/h3>\n<h3>Las autoridades de la Universidad Nacional de Villa Mercedes invitan a la comunidad al festejo del \u201cXIV Aniversario\u201d de la creaci\u00f3n esta casa de estudios, que se realizar\u00e1 el pr\u00f3ximo lunes 13 de noviembre a las 12:15 h, en el Aula Magna.<\/h3>\n<h3>En la oportunidad tendr\u00e1 lugar un conversatorio de \u201cDefensa de la Educaci\u00f3n P\u00fablica\u201d, con la participaci\u00f3n del Rector, Dr. Marcelo Sosa, y un representante de cada claustro.<\/h3>\n<p><img fetchpriority=\"high\" decoding=\"async\" class=\"wp-image-6452 aligncenter\" src=\"https:\/\/apuntesdesanluis.com\/wp-content\/uploads\/2023\/11\/aniversario-169x300.jpg\" alt=\"\" width=\"666\" height=\"1182\" srcset=\"https:\/\/apuntesdesanluis.com\/wp-content\/uploads\/2023\/11\/aniversario-169x300.jpg 169w, https:\/\/apuntesdesanluis.com\/wp-content\/uploads\/2023\/11\/aniversario.jpg 600w\" sizes=\"(max-width: 666px) 100vw, 666px\" \/><\/p>\n<h3>Desde las Secretar\u00edas General y Acad\u00e9mica se inform\u00f3 que para facilitar la asistencia a esta celebraci\u00f3n, se dispuso que la Sede Acad\u00e9mica Justo Daract tendr\u00e1 suspensi\u00f3n de actividades administrativas y acad\u00e9micas desde las 11:00 h del lunes, en tanto que para las carreras que funcionan en Villa Mercedes la medida regir\u00e1 desde las 12:00 h.<\/h3>\n<h3><strong>REUNI\u00d3N CON ADOI<\/strong><\/h3>\n<h3>Por otro lado, ayer lunes el Rector de la UNViMe <strong>Marcelo Sosa<\/strong> mantuvo una \u201cproductiva\u201d reuni\u00f3n con el titular de ADOI, <strong>Arnoldo Pucci<\/strong>.<\/h3>\n<h3>Durante un cordial encuentro analizaron cuestiones referidas a la seguridad y salud laboral de los docentes, iniciar el a\u00f1o pr\u00f3ximo el proceso de paritarias y la factibilidad de que ADOI disponga de un espacio en el Campus de Ruta 55 extremo Norte.<\/h3>\n<h3>De la reuni\u00f3n tambi\u00e9n participaron el Vicerrector, Lic. <strong>Santiago Farenga<\/strong>, y el Secretario General, T\u00e9c. <strong>Santiago Tell<\/strong>.<\/h3>\n<h3><img decoding=\"async\" class=\"wp-image-6445 aligncenter\" src=\"https:\/\/apuntesdesanluis.com\/wp-content\/uploads\/2023\/11\/sosa-farenga-300x168.png\" alt=\"\" width=\"657\" height=\"368\" srcset=\"https:\/\/apuntesdesanluis.com\/wp-content\/uploads\/2023\/11\/sosa-farenga-300x168.png 300w, https:\/\/apuntesdesanluis.com\/wp-content\/uploads\/2023\/11\/sosa-farenga-768x430.png 768w, https:\/\/apuntesdesanluis.com\/wp-content\/uploads\/2023\/11\/sosa-farenga.png 773w\" sizes=\"(max-width: 657px) 100vw, 657px\" \/><\/h3>\n<h3>El dirigente gremial, que tambi\u00e9n ocupa la Direcci\u00f3n de Seguridad y Salud Laboral de CONADU, ofreci\u00f3 su colaboraci\u00f3n con la Unidad de Gesti\u00f3n de Riesgo (UGR) de la UNViMe, para llevar adelante \u201cmedidas y mejoras encaminadas a priorizar la salud y seguridad de los docentes\u201d.<\/h3>\n<h3>Otro tema que abordaron fue diagramar una \u201capertura de paritarias para el pr\u00f3ximo mes de febrero, manteniendo el di\u00e1logo abierto para trabajar en acciones que optimicen las condiciones laborales de las y los docentes\u201d, inform\u00f3 Pucci.<\/h3>\n<h3>El tercer punto que se analiz\u00f3 fue la posibilidad de que la Asociaci\u00f3n de Docentes e Investigadores (ADOI) pueda desarrollar alg\u00fan espacio de recreaci\u00f3n y deportes en el Campus Universitario de zona norte, teniendo en cuenta que existen cerca de 70 Ha que se requiere urbanizar.<\/h3>\n<h3>El Rector le agradeci\u00f3 a Pucci la colaboraci\u00f3n ofrecida en torno de las cuestiones espec\u00edficas de seguridad y salud del personal docente, \u201cteniendo en cuenta su especializaci\u00f3n y la experiencia de CONADU\u201d, y aprob\u00f3 iniciar un proceso de \u201creuniones paritarias a comienzos de 2024\u201d.<\/h3>\n<h3>Por otro lado, le manifest\u00f3 a Pucci su predisposici\u00f3n a analizar con el \u00e1rea Infraestructura la posibilidad de ceder un espacio en el Campus, que no afecte el plan maestro de la universidad para la construcci\u00f3n de los m\u00f3dulos de aulas y otras dependencias, ad referendum del Consejo Superior.<\/h3>\n<h3><img decoding=\"async\" class=\"wp-image-6446 aligncenter\" src=\"https:\/\/apuntesdesanluis.com\/wp-content\/uploads\/2023\/11\/sosa-pucci-300x201.png\" alt=\"\" width=\"660\" height=\"442\" srcset=\"https:\/\/apuntesdesanluis.com\/wp-content\/uploads\/2023\/11\/sosa-pucci-300x201.png 300w, https:\/\/apuntesdesanluis.com\/wp-content\/uploads\/2023\/11\/sosa-pucci-768x515.png 768w, https:\/\/apuntesdesanluis.com\/wp-content\/uploads\/2023\/11\/sosa-pucci.png 826w\" sizes=\"(max-width: 660px) 100vw, 660px\" \/><\/h3>\n<h3>Finalmente el Ing. Arnoldo Pucci le obsequi\u00f3 al Rector un ejemplar de un libro de su autor\u00eda, \u201cRiesgos Psicosociales en la Actividad Docente\u201d, que aborda la Accidentolog\u00eda Docente.<\/h3>\n<p>&nbsp;<\/p>\n<p>&nbsp;<\/p>\n<p>&nbsp;<\/p>\n<p>&nbsp;<\/p>\n","protected":false},"excerpt":{"rendered":"<p>La fecha de aprobaci\u00f3n de la ley que cre\u00f3 la Universidad Nacional de Villa Mercedes&#8230;<\/p>\n","protected":false},"author":1,"featured_media":6448,"comment_status":"closed","ping_status":"closed","sticky":false,"template":"","format":"standard","meta":{"footnotes":""},"categories":[6],"tags":[],"class_list":["post-6444","post","type-post","status-publish","format-standard","has-post-thumbnail","hentry","category-ciudad-provincia"],"yoast_head":"<!-- This site is optimized with the Yoast SEO plugin v26.1.1 - https:\/\/yoast.com\/wordpress\/plugins\/seo\/ -->\n<title>LA UNVIME SE APRESTA A CELEBRAR EL 14\u00b0 ANIVERSARIO DE SU CREACI\u00d3N - Apuntes de San Luis<\/title>\n<meta name=\"robots\" content=\"index, follow, max-snippet:-1, max-image-preview:large, max-video-preview:-1\" \/>\n<link rel=\"canonical\" href=\"https:\/\/apuntesdesanluis.com\/index.php\/2023\/11\/07\/la-unvime-se-apresta-a-celebrar-el-14-aniversario-de-su-creacion\/\" \/>\n<meta property=\"og:locale\" content=\"es_ES\" \/>\n<meta property=\"og:type\" content=\"article\" \/>\n<meta property=\"og:title\" content=\"LA UNVIME SE APRESTA A CELEBRAR EL 14\u00b0 ANIVERSARIO DE SU CREACI\u00d3N - Apuntes de San Luis\" \/>\n<meta property=\"og:description\" content=\"La fecha de aprobaci\u00f3n de la ley que cre\u00f3 la Universidad Nacional de Villa Mercedes...\" \/>\n<meta property=\"og:url\" content=\"https:\/\/apuntesdesanluis.com\/index.php\/2023\/11\/07\/la-unvime-se-apresta-a-celebrar-el-14-aniversario-de-su-creacion\/\" \/>\n<meta property=\"og:site_name\" content=\"Apuntes de San Luis\" \/>\n<meta property=\"article:published_time\" content=\"2023-11-07T22:23:12+00:00\" \/>\n<meta property=\"article:modified_time\" content=\"2023-11-07T22:28:11+00:00\" \/>\n<meta property=\"og:image\" content=\"https:\/\/apuntesdesanluis.com\/wp-content\/uploads\/2023\/11\/unvime-aniversario.png\" \/>\n\t<meta property=\"og:image:width\" content=\"612\" \/>\n\t<meta property=\"og:image:height\" content=\"333\" \/>\n\t<meta property=\"og:image:type\" content=\"image\/png\" \/>\n<meta name=\"author\" content=\"apuntesdesanluis.com\" \/>\n<meta name=\"twitter:card\" content=\"summary_large_image\" \/>\n<meta name=\"twitter:label1\" content=\"Escrito por\" \/>\n\t<meta name=\"twitter:data1\" content=\"apuntesdesanluis.com\" \/>\n\t<meta name=\"twitter:label2\" content=\"Tiempo de lectura\" \/>\n\t<meta name=\"twitter:data2\" content=\"4 minutos\" \/>\n<script type=\"application\/ld+json\" class=\"yoast-schema-graph\">{\"@context\":\"https:\/\/schema.org\",\"@graph\":[{\"@type\":\"Article\",\"@id\":\"https:\/\/apuntesdesanluis.com\/index.php\/2023\/11\/07\/la-unvime-se-apresta-a-celebrar-el-14-aniversario-de-su-creacion\/#article\",\"isPartOf\":{\"@id\":\"https:\/\/apuntesdesanluis.com\/index.php\/2023\/11\/07\/la-unvime-se-apresta-a-celebrar-el-14-aniversario-de-su-creacion\/\"},\"author\":{\"name\":\"apuntesdesanluis.com\",\"@id\":\"https:\/\/apuntesdesanluis.com\/#\/schema\/person\/b55151d52296fcce64d1a72538a70b90\"},\"headline\":\"LA UNVIME SE APRESTA A CELEBRAR EL 14\u00b0 ANIVERSARIO DE SU CREACI\u00d3N\",\"datePublished\":\"2023-11-07T22:23:12+00:00\",\"dateModified\":\"2023-11-07T22:28:11+00:00\",\"mainEntityOfPage\":{\"@id\":\"https:\/\/apuntesdesanluis.com\/index.php\/2023\/11\/07\/la-unvime-se-apresta-a-celebrar-el-14-aniversario-de-su-creacion\/\"},\"wordCount\":613,\"publisher\":{\"@id\":\"https:\/\/apuntesdesanluis.com\/#\/schema\/person\/b55151d52296fcce64d1a72538a70b90\"},\"image\":{\"@id\":\"https:\/\/apuntesdesanluis.com\/index.php\/2023\/11\/07\/la-unvime-se-apresta-a-celebrar-el-14-aniversario-de-su-creacion\/#primaryimage\"},\"thumbnailUrl\":\"https:\/\/apuntesdesanluis.com\/wp-content\/uploads\/2023\/11\/unvime-aniversario.png\",\"articleSection\":[\"Ciudad\/Provincia\"],\"inLanguage\":\"es-AR\"},{\"@type\":\"WebPage\",\"@id\":\"https:\/\/apuntesdesanluis.com\/index.php\/2023\/11\/07\/la-unvime-se-apresta-a-celebrar-el-14-aniversario-de-su-creacion\/\",\"url\":\"https:\/\/apuntesdesanluis.com\/index.php\/2023\/11\/07\/la-unvime-se-apresta-a-celebrar-el-14-aniversario-de-su-creacion\/\",\"name\":\"LA UNVIME SE APRESTA A CELEBRAR EL 14\u00b0 ANIVERSARIO DE SU CREACI\u00d3N - Apuntes de San Luis\",\"isPartOf\":{\"@id\":\"https:\/\/apuntesdesanluis.com\/#website\"},\"primaryImageOfPage\":{\"@id\":\"https:\/\/apuntesdesanluis.com\/index.php\/2023\/11\/07\/la-unvime-se-apresta-a-celebrar-el-14-aniversario-de-su-creacion\/#primaryimage\"},\"image\":{\"@id\":\"https:\/\/apuntesdesanluis.com\/index.php\/2023\/11\/07\/la-unvime-se-apresta-a-celebrar-el-14-aniversario-de-su-creacion\/#primaryimage\"},\"thumbnailUrl\":\"https:\/\/apuntesdesanluis.com\/wp-content\/uploads\/2023\/11\/unvime-aniversario.png\",\"datePublished\":\"2023-11-07T22:23:12+00:00\",\"dateModified\":\"2023-11-07T22:28:11+00:00\",\"breadcrumb\":{\"@id\":\"https:\/\/apuntesdesanluis.com\/index.php\/2023\/11\/07\/la-unvime-se-apresta-a-celebrar-el-14-aniversario-de-su-creacion\/#breadcrumb\"},\"inLanguage\":\"es-AR\",\"potentialAction\":[{\"@type\":\"ReadAction\",\"target\":[\"https:\/\/apuntesdesanluis.com\/index.php\/2023\/11\/07\/la-unvime-se-apresta-a-celebrar-el-14-aniversario-de-su-creacion\/\"]}]},{\"@type\":\"ImageObject\",\"inLanguage\":\"es-AR\",\"@id\":\"https:\/\/apuntesdesanluis.com\/index.php\/2023\/11\/07\/la-unvime-se-apresta-a-celebrar-el-14-aniversario-de-su-creacion\/#primaryimage\",\"url\":\"https:\/\/apuntesdesanluis.com\/wp-content\/uploads\/2023\/11\/unvime-aniversario.png\",\"contentUrl\":\"https:\/\/apuntesdesanluis.com\/wp-content\/uploads\/2023\/11\/unvime-aniversario.png\",\"width\":612,\"height\":333},{\"@type\":\"BreadcrumbList\",\"@id\":\"https:\/\/apuntesdesanluis.com\/index.php\/2023\/11\/07\/la-unvime-se-apresta-a-celebrar-el-14-aniversario-de-su-creacion\/#breadcrumb\",\"itemListElement\":[{\"@type\":\"ListItem\",\"position\":1,\"name\":\"Inicio\",\"item\":\"https:\/\/apuntesdesanluis.com\/\"},{\"@type\":\"ListItem\",\"position\":2,\"name\":\"LA UNVIME SE APRESTA A CELEBRAR EL 14\u00b0 ANIVERSARIO DE SU CREACI\u00d3N\"}]},{\"@type\":\"WebSite\",\"@id\":\"https:\/\/apuntesdesanluis.com\/#website\",\"url\":\"https:\/\/apuntesdesanluis.com\/\",\"name\":\"Apuntes de San Luis\",\"description\":\"\",\"publisher\":{\"@id\":\"https:\/\/apuntesdesanluis.com\/#\/schema\/person\/b55151d52296fcce64d1a72538a70b90\"},\"potentialAction\":[{\"@type\":\"SearchAction\",\"target\":{\"@type\":\"EntryPoint\",\"urlTemplate\":\"https:\/\/apuntesdesanluis.com\/?s={search_term_string}\"},\"query-input\":{\"@type\":\"PropertyValueSpecification\",\"valueRequired\":true,\"valueName\":\"search_term_string\"}}],\"inLanguage\":\"es-AR\"},{\"@type\":[\"Person\",\"Organization\"],\"@id\":\"https:\/\/apuntesdesanluis.com\/#\/schema\/person\/b55151d52296fcce64d1a72538a70b90\",\"name\":\"apuntesdesanluis.com\",\"image\":{\"@type\":\"ImageObject\",\"inLanguage\":\"es-AR\",\"@id\":\"https:\/\/apuntesdesanluis.com\/#\/schema\/person\/image\/\",\"url\":\"https:\/\/apuntesdesanluis.com\/wp-content\/uploads\/2023\/07\/cropped-apuntesdesanluis.png\",\"contentUrl\":\"https:\/\/apuntesdesanluis.com\/wp-content\/uploads\/2023\/07\/cropped-apuntesdesanluis.png\",\"width\":450,\"height\":112,\"caption\":\"apuntesdesanluis.com\"},\"logo\":{\"@id\":\"https:\/\/apuntesdesanluis.com\/#\/schema\/person\/image\/\"},\"sameAs\":[\"https:\/\/apuntesdesanluis.com\"],\"url\":\"https:\/\/apuntesdesanluis.com\/index.php\/author\/apuntesdesanluis-com\/\"}]}<\/script>\n<!-- \/ Yoast SEO plugin. -->","yoast_head_json":{"title":"LA UNVIME SE APRESTA A CELEBRAR EL 14\u00b0 ANIVERSARIO DE SU CREACI\u00d3N - Apuntes de San Luis","robots":{"index":"index","follow":"follow","max-snippet":"max-snippet:-1","max-image-preview":"max-image-preview:large","max-video-preview":"max-video-preview:-1"},"canonical":"https:\/\/apuntesdesanluis.com\/index.php\/2023\/11\/07\/la-unvime-se-apresta-a-celebrar-el-14-aniversario-de-su-creacion\/","og_locale":"es_ES","og_type":"article","og_title":"LA UNVIME SE APRESTA A CELEBRAR EL 14\u00b0 ANIVERSARIO DE SU CREACI\u00d3N - Apuntes de San Luis","og_description":"La fecha de aprobaci\u00f3n de la ley que cre\u00f3 la Universidad Nacional de Villa Mercedes...","og_url":"https:\/\/apuntesdesanluis.com\/index.php\/2023\/11\/07\/la-unvime-se-apresta-a-celebrar-el-14-aniversario-de-su-creacion\/","og_site_name":"Apuntes de San Luis","article_published_time":"2023-11-07T22:23:12+00:00","article_modified_time":"2023-11-07T22:28:11+00:00","og_image":[{"width":612,"height":333,"url":"https:\/\/apuntesdesanluis.com\/wp-content\/uploads\/2023\/11\/unvime-aniversario.png","type":"image\/png"}],"author":"apuntesdesanluis.com","twitter_card":"summary_large_image","twitter_misc":{"Escrito por":"apuntesdesanluis.com","Tiempo de lectura":"4 minutos"},"schema":{"@context":"https:\/\/schema.org","@graph":[{"@type":"Article","@id":"https:\/\/apuntesdesanluis.com\/index.php\/2023\/11\/07\/la-unvime-se-apresta-a-celebrar-el-14-aniversario-de-su-creacion\/#article","isPartOf":{"@id":"https:\/\/apuntesdesanluis.com\/index.php\/2023\/11\/07\/la-unvime-se-apresta-a-celebrar-el-14-aniversario-de-su-creacion\/"},"author":{"name":"apuntesdesanluis.com","@id":"https:\/\/apuntesdesanluis.com\/#\/schema\/person\/b55151d52296fcce64d1a72538a70b90"},"headline":"LA UNVIME SE APRESTA A CELEBRAR EL 14\u00b0 ANIVERSARIO DE SU CREACI\u00d3N","datePublished":"2023-11-07T22:23:12+00:00","dateModified":"2023-11-07T22:28:11+00:00","mainEntityOfPage":{"@id":"https:\/\/apuntesdesanluis.com\/index.php\/2023\/11\/07\/la-unvime-se-apresta-a-celebrar-el-14-aniversario-de-su-creacion\/"},"wordCount":613,"publisher":{"@id":"https:\/\/apuntesdesanluis.com\/#\/schema\/person\/b55151d52296fcce64d1a72538a70b90"},"image":{"@id":"https:\/\/apuntesdesanluis.com\/index.php\/2023\/11\/07\/la-unvime-se-apresta-a-celebrar-el-14-aniversario-de-su-creacion\/#primaryimage"},"thumbnailUrl":"https:\/\/apuntesdesanluis.com\/wp-content\/uploads\/2023\/11\/unvime-aniversario.png","articleSection":["Ciudad\/Provincia"],"inLanguage":"es-AR"},{"@type":"WebPage","@id":"https:\/\/apuntesdesanluis.com\/index.php\/2023\/11\/07\/la-unvime-se-apresta-a-celebrar-el-14-aniversario-de-su-creacion\/","url":"https:\/\/apuntesdesanluis.com\/index.php\/2023\/11\/07\/la-unvime-se-apresta-a-celebrar-el-14-aniversario-de-su-creacion\/","name":"LA UNVIME SE APRESTA A CELEBRAR EL 14\u00b0 ANIVERSARIO DE SU CREACI\u00d3N - Apuntes de San Luis","isPartOf":{"@id":"https:\/\/apuntesdesanluis.com\/#website"},"primaryImageOfPage":{"@id":"https:\/\/apuntesdesanluis.com\/index.php\/2023\/11\/07\/la-unvime-se-apresta-a-celebrar-el-14-aniversario-de-su-creacion\/#primaryimage"},"image":{"@id":"https:\/\/apuntesdesanluis.com\/index.php\/2023\/11\/07\/la-unvime-se-apresta-a-celebrar-el-14-aniversario-de-su-creacion\/#primaryimage"},"thumbnailUrl":"https:\/\/apuntesdesanluis.com\/wp-content\/uploads\/2023\/11\/unvime-aniversario.png","datePublished":"2023-11-07T22:23:12+00:00","dateModified":"2023-11-07T22:28:11+00:00","breadcrumb":{"@id":"https:\/\/apuntesdesanluis.com\/index.php\/2023\/11\/07\/la-unvime-se-apresta-a-celebrar-el-14-aniversario-de-su-creacion\/#breadcrumb"},"inLanguage":"es-AR","potentialAction":[{"@type":"ReadAction","target":["https:\/\/apuntesdesanluis.com\/index.php\/2023\/11\/07\/la-unvime-se-apresta-a-celebrar-el-14-aniversario-de-su-creacion\/"]}]},{"@type":"ImageObject","inLanguage":"es-AR","@id":"https:\/\/apuntesdesanluis.com\/index.php\/2023\/11\/07\/la-unvime-se-apresta-a-celebrar-el-14-aniversario-de-su-creacion\/#primaryimage","url":"https:\/\/apuntesdesanluis.com\/wp-content\/uploads\/2023\/11\/unvime-aniversario.png","contentUrl":"https:\/\/apuntesdesanluis.com\/wp-content\/uploads\/2023\/11\/unvime-aniversario.png","width":612,"height":333},{"@type":"BreadcrumbList","@id":"https:\/\/apuntesdesanluis.com\/index.php\/2023\/11\/07\/la-unvime-se-apresta-a-celebrar-el-14-aniversario-de-su-creacion\/#breadcrumb","itemListElement":[{"@type":"ListItem","position":1,"name":"Inicio","item":"https:\/\/apuntesdesanluis.com\/"},{"@type":"ListItem","position":2,"name":"LA UNVIME SE APRESTA A CELEBRAR EL 14\u00b0 ANIVERSARIO DE SU CREACI\u00d3N"}]},{"@type":"WebSite","@id":"https:\/\/apuntesdesanluis.com\/#website","url":"https:\/\/apuntesdesanluis.com\/","name":"Apuntes de San Luis","description":"","publisher":{"@id":"https:\/\/apuntesdesanluis.com\/#\/schema\/person\/b55151d52296fcce64d1a72538a70b90"},"potentialAction":[{"@type":"SearchAction","target":{"@type":"EntryPoint","urlTemplate":"https:\/\/apuntesdesanluis.com\/?s={search_term_string}"},"query-input":{"@type":"PropertyValueSpecification","valueRequired":true,"valueName":"search_term_string"}}],"inLanguage":"es-AR"},{"@type":["Person","Organization"],"@id":"https:\/\/apuntesdesanluis.com\/#\/schema\/person\/b55151d52296fcce64d1a72538a70b90","name":"apuntesdesanluis.com","image":{"@type":"ImageObject","inLanguage":"es-AR","@id":"https:\/\/apuntesdesanluis.com\/#\/schema\/person\/image\/","url":"https:\/\/apuntesdesanluis.com\/wp-content\/uploads\/2023\/07\/cropped-apuntesdesanluis.png","contentUrl":"https:\/\/apuntesdesanluis.com\/wp-content\/uploads\/2023\/07\/cropped-apuntesdesanluis.png","width":450,"height":112,"caption":"apuntesdesanluis.com"},"logo":{"@id":"https:\/\/apuntesdesanluis.com\/#\/schema\/person\/image\/"},"sameAs":["https:\/\/apuntesdesanluis.com"],"url":"https:\/\/apuntesdesanluis.com\/index.php\/author\/apuntesdesanluis-com\/"}]}},"featured_image_urls":{"full":["https:\/\/apuntesdesanluis.com\/wp-content\/uploads\/2023\/11\/unvime-aniversario.png",612,333,false],"thumbnail":["https:\/\/apuntesdesanluis.com\/wp-content\/uploads\/2023\/11\/unvime-aniversario-150x150.png",150,150,true],"medium":["https:\/\/apuntesdesanluis.com\/wp-content\/uploads\/2023\/11\/unvime-aniversario-300x163.png",300,163,true],"medium_large":["https:\/\/apuntesdesanluis.com\/wp-content\/uploads\/2023\/11\/unvime-aniversario.png",612,333,false],"large":["https:\/\/apuntesdesanluis.com\/wp-content\/uploads\/2023\/11\/unvime-aniversario.png",612,333,false],"1536x1536":["https:\/\/apuntesdesanluis.com\/wp-content\/uploads\/2023\/11\/unvime-aniversario.png",612,333,false],"2048x2048":["https:\/\/apuntesdesanluis.com\/wp-content\/uploads\/2023\/11\/unvime-aniversario.png",612,333,false],"newsever-slider-full":["https:\/\/apuntesdesanluis.com\/wp-content\/uploads\/2023\/11\/unvime-aniversario.png",612,333,false],"newsever-featured":["https:\/\/apuntesdesanluis.com\/wp-content\/uploads\/2023\/11\/unvime-aniversario.png",612,333,false],"newsever-medium":["https:\/\/apuntesdesanluis.com\/wp-content\/uploads\/2023\/11\/unvime-aniversario.png",612,333,false]},"author_info":{"display_name":"apuntesdesanluis.com","author_link":"https:\/\/apuntesdesanluis.com\/index.php\/author\/apuntesdesanluis-com\/"},"category_info":"<a href=\"https:\/\/apuntesdesanluis.com\/index.php\/category\/ciudad-provincia\/\" rel=\"category tag\">Ciudad\/Provincia<\/a>","tag_info":"Ciudad\/Provincia","comment_count":"0","_links":{"self":[{"href":"https:\/\/apuntesdesanluis.com\/index.php\/wp-json\/wp\/v2\/posts\/6444","targetHints":{"allow":["GET"]}}],"collection":[{"href":"https:\/\/apuntesdesanluis.com\/index.php\/wp-json\/wp\/v2\/posts"}],"about":[{"href":"https:\/\/apuntesdesanluis.com\/index.php\/wp-json\/wp\/v2\/types\/post"}],"author":[{"embeddable":true,"href":"https:\/\/apuntesdesanluis.com\/index.php\/wp-json\/wp\/v2\/users\/1"}],"replies":[{"embeddable":true,"href":"https:\/\/apuntesdesanluis.com\/index.php\/wp-json\/wp\/v2\/comments?post=6444"}],"version-history":[{"count":5,"href":"https:\/\/apuntesdesanluis.com\/index.php\/wp-json\/wp\/v2\/posts\/6444\/revisions"}],"predecessor-version":[{"id":6454,"href":"https:\/\/apuntesdesanluis.com\/index.php\/wp-json\/wp\/v2\/posts\/6444\/revisions\/6454"}],"wp:featuredmedia":[{"embeddable":true,"href":"https:\/\/apuntesdesanluis.com\/index.php\/wp-json\/wp\/v2\/media\/6448"}],"wp:attachment":[{"href":"https:\/\/apuntesdesanluis.com\/index.php\/wp-json\/wp\/v2\/media?parent=6444"}],"wp:term":[{"taxonomy":"category","embeddable":true,"href":"https:\/\/apuntesdesanluis.com\/index.php\/wp-json\/wp\/v2\/categories?post=6444"},{"taxonomy":"post_tag","embeddable":true,"href":"https:\/\/apuntesdesanluis.com\/index.php\/wp-json\/wp\/v2\/tags?post=6444"}],"curies":[{"name":"wp","href":"https:\/\/api.w.org\/{rel}","templated":true}]}}