{"id":6457,"date":"2023-11-08T00:15:12","date_gmt":"2023-11-08T03:15:12","guid":{"rendered":"https:\/\/apuntesdesanluis.com\/?p=6457"},"modified":"2023-11-08T00:15:12","modified_gmt":"2023-11-08T03:15:12","slug":"desbaratan-en-cordoba-super-banda-de-ladrones-de-vehiculos-de-alta-gama-y-cubiertas","status":"publish","type":"post","link":"https:\/\/apuntesdesanluis.com\/index.php\/2023\/11\/08\/desbaratan-en-cordoba-super-banda-de-ladrones-de-vehiculos-de-alta-gama-y-cubiertas\/","title":{"rendered":"DESBARATAN EN C\u00d3RDOBA S\u00daPER BANDA DE LADRONES DE VEH\u00cdCULOS DE ALTA GAMA Y CUBIERTAS."},"content":{"rendered":"<h3>Hay detenidos y pr\u00f3fugos ya identificados. Ocurri\u00f3 en C\u00f3rdoba, aunque se investiga si tambi\u00e9n hubo hechos en otros lugares, como Villa Mercedes.<\/h3>\n<h3>Hay ocho acusados por asociaci\u00f3n il\u00edcita. Utilizaban aparatos importados de Rusia llamados \u201cPandora\u201d. Se les secuestraron 4.000 cubiertas. Lo incautado podr\u00eda ser decomisado para la Provincia.<\/h3>\n<p><img fetchpriority=\"high\" decoding=\"async\" class=\"wp-image-6461 aligncenter\" src=\"https:\/\/apuntesdesanluis.com\/wp-content\/uploads\/2023\/11\/cubiertas-300x149.png\" alt=\"\" width=\"854\" height=\"424\" srcset=\"https:\/\/apuntesdesanluis.com\/wp-content\/uploads\/2023\/11\/cubiertas-300x149.png 300w, https:\/\/apuntesdesanluis.com\/wp-content\/uploads\/2023\/11\/cubiertas.png 600w\" sizes=\"(max-width: 854px) 100vw, 854px\" \/><\/p>\n<h3>Empezaron con algunos robos simples contra autos estacionados en las calles. Con ganz\u00faas de distinto tama\u00f1o, abr\u00edan las puertas y sacaban lo que encontraban justo antes de escapar corriendo.<\/h3>\n<h3>As\u00ed estuvieron un tiempo hasta que accedieron a algo m\u00e1s sofisticado que los llev\u00f3 a \u201cjugar\u201d en otras \u201cligas\u201d: los handies que funcionaban como inhibidores de alarmas. Los aparatos interfer\u00edan en las activaciones de las alarmas de los veh\u00edculos y, cuando los y las propietarios se alejaban, le sacaban de todo. El principal blanco comenz\u00f3 a ser las ruedas de auxilio.<\/h3>\n<h3>Los golpes se concretaban en estacionamientos de centros comerciales y de salud de C\u00f3rdoba Capital, por excelencia.<\/h3>\n<h3>Decididos a ir m\u00e1s lejos, el accionar delictivo se complejiz\u00f3 todav\u00eda m\u00e1s: as\u00ed fue que accedieron a dispositivos llamados \u201cPandora\u201d.<\/h3>\n<h3>Se trata de aparatos que, ya no s\u00f3lo inhib\u00edan las activaciones de las alarmas, sino que directamente les permit\u00eda abrir los veh\u00edculos de alta gama, previo escaneo de los sistemas de apertura, entre otras posibilidades.<\/h3>\n<h3>La banda delictiva funcionaba como una verdadera \u201cpyme\u201d dedicada al robo de ruedas y llantas, por excelencia, para la posterior reventa. El grupo ten\u00eda roles asignados.<\/h3>\n<h3>Las cosas se vinieron abajo luego de una compleja investigaci\u00f3n policial y judicial basada en el an\u00e1lisis de comunicaciones y rastreos de celulares, adem\u00e1s de la toma de testimonios.<\/h3>\n<h3>Ocho personas, entre varones y mujeres, fueron detenidas y enviadas a juicio por el delito de asociaci\u00f3n il\u00edcita, por orden del fiscal de instrucci\u00f3n a cargo de la pesquisa, Rub\u00e9n Caro. Luego de una serie de apelaciones, oposiciones y rechazos en distintas instancias judiciales, la causa qued\u00f3 firme y los ocho sospechosos deber\u00e1n responder en el banquillo de los acusados.<\/h3>\n<h3>El juicio se realizar\u00e1 en la C\u00e1mara 8\u00aa del Crimen de C\u00f3rdoba. La fecha del proceso no est\u00e1 confirmada. Todo indica que habr\u00e1 fuertes penas de prisi\u00f3n.\u00a0La investigaci\u00f3n prosigue. Es que no se descarta que el l\u00edder del grupo pueda estar gozando de la impunidad, todav\u00eda.<\/h3>\n<h3>Un dato no menor es que lo secuestrado a la banda podr\u00eda ser decomisado y entregado a la Provincia: por caso, unas cuatro mil cubiertas y sus respectivas llantas para ser usadas por m\u00f3viles oficiales.<\/h3>\n<h3>Desde la fiscal\u00eda se indic\u00f3 que, si bien el grupo llevaba tiempo desarrollando su labor, se hizo \u201cfuerte\u201d en la tarea delictiva en los primeros seis meses de 2022 en la provincia de C\u00f3rdoba.<\/h3>\n<h3>El blanco central del grupo era la sustracci\u00f3n de ruedas de auxilio, entre otros elementos, de veh\u00edculos estacionados, mediante el uso de inhibidores de alarmas y los dispositivos \u201cPandora\u201d (de origen ruso) que permit\u00edan la apertura de puertas y hasta el arranque de los rodados.<\/h3>\n<h3>Fuentes judiciales indicaron que se detect\u00f3 tambi\u00e9n la sustracci\u00f3n de veh\u00edculos. Los golpes se comet\u00edan en las calles y principalmente en estacionamientos de hoteles, supermercados y hasta centros de salud.<\/h3>\n<h3>El fiscal Caro resalt\u00f3 que el grupo ten\u00eda una alta log\u00edstica y actuaba tanto en la Capital cordobesa como en poblaciones como Los Reartes, Villa Anisacate, Villa General Belgrano, San Antonio de Arredondo, Villa Carlos Paz, Pocho, Jes\u00fas Mar\u00eda y Colonia Caroya, entre otras.<\/h3>\n<h3>El grupo cay\u00f3 el a\u00f1o pasado en el marco de allanamientos simult\u00e1neos realizados por efectivos del Departamento Sustracci\u00f3n de Automotores de la Direcci\u00f3n de Investigaciones Criminales de la Polic\u00eda cordobesa. En esos procedimientos, adem\u00e1s de las detenciones, se secuestraron unas cuatro mil llantas, herramientas de mano, una camioneta y hasta una gr\u00faa.<\/h3>\n<h3>Lo sobresaliente tambi\u00e9n fue la incautaci\u00f3n de numerosos handies inhibidores y los mencionados dispositivos \u201cPandora\u201d.<\/h3>\n<h3>Desde el seno de la pesquisa se indic\u00f3 que los acusados son: Carlos C\u00e9sar Galv\u00e1n (alias \u201cPelado\u201d), Carlos C\u00e9sar Villa, su hijo Jos\u00e9 Omar Villa (\u201cGuach\u00edn\u201d), Yanina Elizabeth Janeck (novia de Villa); Sergio Alberto Quevedo (alias \u201cFachero\u201d), Sergio Ezequiel Quevedo, Carlos Alberto Vidal (alias \u201cQAP\u201d) y Marcos Adri\u00e1n Maldonado (\u201cHumilde\u201d).<\/h3>\n<h3>Todos responden por el supuesto delito de asociaci\u00f3n il\u00edcita. Cuatro de ellos est\u00e1n presos, los restantes est\u00e1n libres y con condiciones estipuladas para mantener ese estado. No se descarta que esas personas puedan acogerse a un juicio abreviado llegado el momento.<\/h3>\n<h3>Desde la fiscal\u00eda se destac\u00f3 el trabajo de los cuerpos investigativos policiales y judiciales, los cuales ya estuvieron trabajando juntos en la desarticulaci\u00f3n de otras bandas dedicadas al robo de veh\u00edculos en los \u00faltimos tiempos.<\/h3>\n<h3>\u00a0Los colegas de Radio la Red Villa Mercedes, <strong>Daniel Arce<\/strong> y <strong>Alfredo Salinas<\/strong>, entrevistaron al fiscal <strong>Rub\u00e9n Caro<\/strong>.<\/h3>\n<p><img decoding=\"async\" class=\"wp-image-6458 aligncenter\" src=\"https:\/\/apuntesdesanluis.com\/wp-content\/uploads\/2023\/11\/fiscal-300x194.png\" alt=\"\" width=\"653\" height=\"422\" srcset=\"https:\/\/apuntesdesanluis.com\/wp-content\/uploads\/2023\/11\/fiscal-300x194.png 300w, https:\/\/apuntesdesanluis.com\/wp-content\/uploads\/2023\/11\/fiscal.png 605w\" sizes=\"(max-width: 653px) 100vw, 653px\" \/><\/p>\n<p>&nbsp;<\/p>\n<!--[if lt IE 9]><script>document.createElement('audio');<\/script><![endif]-->\n<audio class=\"wp-audio-shortcode\" id=\"audio-6457-1\" preload=\"none\" style=\"width: 100%;\" controls=\"controls\"><source type=\"audio\/mpeg\" src=\"https:\/\/apuntesdesanluis.com\/wp-content\/uploads\/2023\/11\/RUBEN-CARO.mp3?_=1\" \/><a href=\"https:\/\/apuntesdesanluis.com\/wp-content\/uploads\/2023\/11\/RUBEN-CARO.mp3\">https:\/\/apuntesdesanluis.com\/wp-content\/uploads\/2023\/11\/RUBEN-CARO.mp3<\/a><\/audio>\n<p>&nbsp;<\/p>\n<p>&nbsp;<\/p>\n<p>&nbsp;<\/p>\n<p>&nbsp;<\/p>\n","protected":false},"excerpt":{"rendered":"<p>Hay detenidos y pr\u00f3fugos ya identificados. Ocurri\u00f3 en C\u00f3rdoba, aunque se investiga si tambi\u00e9n hubo&#8230;<\/p>\n","protected":false},"author":1,"featured_media":6460,"comment_status":"closed","ping_status":"closed","sticky":false,"template":"","format":"standard","meta":{"footnotes":""},"categories":[5],"tags":[],"class_list":["post-6457","post","type-post","status-publish","format-standard","has-post-thumbnail","hentry","category-nacionales-internacionales"],"yoast_head":"<!-- This site is optimized with the Yoast SEO plugin v26.1.1 - https:\/\/yoast.com\/wordpress\/plugins\/seo\/ -->\n<title>DESBARATAN EN C\u00d3RDOBA S\u00daPER BANDA DE LADRONES DE VEH\u00cdCULOS DE ALTA GAMA Y CUBIERTAS. - Apuntes de San Luis<\/title>\n<meta name=\"robots\" content=\"index, follow, max-snippet:-1, max-image-preview:large, max-video-preview:-1\" \/>\n<link rel=\"canonical\" href=\"https:\/\/apuntesdesanluis.com\/index.php\/2023\/11\/08\/desbaratan-en-cordoba-super-banda-de-ladrones-de-vehiculos-de-alta-gama-y-cubiertas\/\" \/>\n<meta property=\"og:locale\" content=\"es_ES\" \/>\n<meta property=\"og:type\" content=\"article\" \/>\n<meta property=\"og:title\" content=\"DESBARATAN EN C\u00d3RDOBA S\u00daPER BANDA DE LADRONES DE VEH\u00cdCULOS DE ALTA GAMA Y CUBIERTAS. - Apuntes de San Luis\" \/>\n<meta property=\"og:description\" content=\"Hay detenidos y pr\u00f3fugos ya identificados. Ocurri\u00f3 en C\u00f3rdoba, aunque se investiga si tambi\u00e9n hubo...\" \/>\n<meta property=\"og:url\" content=\"https:\/\/apuntesdesanluis.com\/index.php\/2023\/11\/08\/desbaratan-en-cordoba-super-banda-de-ladrones-de-vehiculos-de-alta-gama-y-cubiertas\/\" \/>\n<meta property=\"og:site_name\" content=\"Apuntes de San Luis\" \/>\n<meta property=\"article:published_time\" content=\"2023-11-08T03:15:12+00:00\" \/>\n<meta property=\"og:image\" content=\"https:\/\/apuntesdesanluis.com\/wp-content\/uploads\/2023\/11\/banda.png\" \/>\n\t<meta property=\"og:image:width\" content=\"600\" \/>\n\t<meta property=\"og:image:height\" content=\"376\" \/>\n\t<meta property=\"og:image:type\" content=\"image\/png\" \/>\n<meta name=\"author\" content=\"apuntesdesanluis.com\" \/>\n<meta name=\"twitter:card\" content=\"summary_large_image\" \/>\n<meta name=\"twitter:label1\" content=\"Escrito por\" \/>\n\t<meta name=\"twitter:data1\" content=\"apuntesdesanluis.com\" \/>\n\t<meta name=\"twitter:label2\" content=\"Tiempo de lectura\" \/>\n\t<meta name=\"twitter:data2\" content=\"4 minutos\" \/>\n<script type=\"application\/ld+json\" class=\"yoast-schema-graph\">{\"@context\":\"https:\/\/schema.org\",\"@graph\":[{\"@type\":\"Article\",\"@id\":\"https:\/\/apuntesdesanluis.com\/index.php\/2023\/11\/08\/desbaratan-en-cordoba-super-banda-de-ladrones-de-vehiculos-de-alta-gama-y-cubiertas\/#article\",\"isPartOf\":{\"@id\":\"https:\/\/apuntesdesanluis.com\/index.php\/2023\/11\/08\/desbaratan-en-cordoba-super-banda-de-ladrones-de-vehiculos-de-alta-gama-y-cubiertas\/\"},\"author\":{\"name\":\"apuntesdesanluis.com\",\"@id\":\"https:\/\/apuntesdesanluis.com\/#\/schema\/person\/b55151d52296fcce64d1a72538a70b90\"},\"headline\":\"DESBARATAN EN C\u00d3RDOBA S\u00daPER BANDA DE LADRONES DE VEH\u00cdCULOS DE ALTA GAMA Y CUBIERTAS.\",\"datePublished\":\"2023-11-08T03:15:12+00:00\",\"mainEntityOfPage\":{\"@id\":\"https:\/\/apuntesdesanluis.com\/index.php\/2023\/11\/08\/desbaratan-en-cordoba-super-banda-de-ladrones-de-vehiculos-de-alta-gama-y-cubiertas\/\"},\"wordCount\":872,\"publisher\":{\"@id\":\"https:\/\/apuntesdesanluis.com\/#\/schema\/person\/b55151d52296fcce64d1a72538a70b90\"},\"image\":{\"@id\":\"https:\/\/apuntesdesanluis.com\/index.php\/2023\/11\/08\/desbaratan-en-cordoba-super-banda-de-ladrones-de-vehiculos-de-alta-gama-y-cubiertas\/#primaryimage\"},\"thumbnailUrl\":\"https:\/\/apuntesdesanluis.com\/wp-content\/uploads\/2023\/11\/banda.png\",\"articleSection\":[\"Nacionales\/Internacionales\"],\"inLanguage\":\"es-AR\"},{\"@type\":\"WebPage\",\"@id\":\"https:\/\/apuntesdesanluis.com\/index.php\/2023\/11\/08\/desbaratan-en-cordoba-super-banda-de-ladrones-de-vehiculos-de-alta-gama-y-cubiertas\/\",\"url\":\"https:\/\/apuntesdesanluis.com\/index.php\/2023\/11\/08\/desbaratan-en-cordoba-super-banda-de-ladrones-de-vehiculos-de-alta-gama-y-cubiertas\/\",\"name\":\"DESBARATAN EN C\u00d3RDOBA S\u00daPER BANDA DE LADRONES DE VEH\u00cdCULOS DE ALTA GAMA Y CUBIERTAS. - Apuntes de San Luis\",\"isPartOf\":{\"@id\":\"https:\/\/apuntesdesanluis.com\/#website\"},\"primaryImageOfPage\":{\"@id\":\"https:\/\/apuntesdesanluis.com\/index.php\/2023\/11\/08\/desbaratan-en-cordoba-super-banda-de-ladrones-de-vehiculos-de-alta-gama-y-cubiertas\/#primaryimage\"},\"image\":{\"@id\":\"https:\/\/apuntesdesanluis.com\/index.php\/2023\/11\/08\/desbaratan-en-cordoba-super-banda-de-ladrones-de-vehiculos-de-alta-gama-y-cubiertas\/#primaryimage\"},\"thumbnailUrl\":\"https:\/\/apuntesdesanluis.com\/wp-content\/uploads\/2023\/11\/banda.png\",\"datePublished\":\"2023-11-08T03:15:12+00:00\",\"breadcrumb\":{\"@id\":\"https:\/\/apuntesdesanluis.com\/index.php\/2023\/11\/08\/desbaratan-en-cordoba-super-banda-de-ladrones-de-vehiculos-de-alta-gama-y-cubiertas\/#breadcrumb\"},\"inLanguage\":\"es-AR\",\"potentialAction\":[{\"@type\":\"ReadAction\",\"target\":[\"https:\/\/apuntesdesanluis.com\/index.php\/2023\/11\/08\/desbaratan-en-cordoba-super-banda-de-ladrones-de-vehiculos-de-alta-gama-y-cubiertas\/\"]}]},{\"@type\":\"ImageObject\",\"inLanguage\":\"es-AR\",\"@id\":\"https:\/\/apuntesdesanluis.com\/index.php\/2023\/11\/08\/desbaratan-en-cordoba-super-banda-de-ladrones-de-vehiculos-de-alta-gama-y-cubiertas\/#primaryimage\",\"url\":\"https:\/\/apuntesdesanluis.com\/wp-content\/uploads\/2023\/11\/banda.png\",\"contentUrl\":\"https:\/\/apuntesdesanluis.com\/wp-content\/uploads\/2023\/11\/banda.png\",\"width\":600,\"height\":376},{\"@type\":\"BreadcrumbList\",\"@id\":\"https:\/\/apuntesdesanluis.com\/index.php\/2023\/11\/08\/desbaratan-en-cordoba-super-banda-de-ladrones-de-vehiculos-de-alta-gama-y-cubiertas\/#breadcrumb\",\"itemListElement\":[{\"@type\":\"ListItem\",\"position\":1,\"name\":\"Inicio\",\"item\":\"https:\/\/apuntesdesanluis.com\/\"},{\"@type\":\"ListItem\",\"position\":2,\"name\":\"DESBARATAN EN C\u00d3RDOBA S\u00daPER BANDA DE LADRONES DE VEH\u00cdCULOS DE ALTA GAMA Y CUBIERTAS.\"}]},{\"@type\":\"WebSite\",\"@id\":\"https:\/\/apuntesdesanluis.com\/#website\",\"url\":\"https:\/\/apuntesdesanluis.com\/\",\"name\":\"Apuntes de San Luis\",\"description\":\"\",\"publisher\":{\"@id\":\"https:\/\/apuntesdesanluis.com\/#\/schema\/person\/b55151d52296fcce64d1a72538a70b90\"},\"potentialAction\":[{\"@type\":\"SearchAction\",\"target\":{\"@type\":\"EntryPoint\",\"urlTemplate\":\"https:\/\/apuntesdesanluis.com\/?s={search_term_string}\"},\"query-input\":{\"@type\":\"PropertyValueSpecification\",\"valueRequired\":true,\"valueName\":\"search_term_string\"}}],\"inLanguage\":\"es-AR\"},{\"@type\":[\"Person\",\"Organization\"],\"@id\":\"https:\/\/apuntesdesanluis.com\/#\/schema\/person\/b55151d52296fcce64d1a72538a70b90\",\"name\":\"apuntesdesanluis.com\",\"image\":{\"@type\":\"ImageObject\",\"inLanguage\":\"es-AR\",\"@id\":\"https:\/\/apuntesdesanluis.com\/#\/schema\/person\/image\/\",\"url\":\"https:\/\/apuntesdesanluis.com\/wp-content\/uploads\/2023\/07\/cropped-apuntesdesanluis.png\",\"contentUrl\":\"https:\/\/apuntesdesanluis.com\/wp-content\/uploads\/2023\/07\/cropped-apuntesdesanluis.png\",\"width\":450,\"height\":112,\"caption\":\"apuntesdesanluis.com\"},\"logo\":{\"@id\":\"https:\/\/apuntesdesanluis.com\/#\/schema\/person\/image\/\"},\"sameAs\":[\"https:\/\/apuntesdesanluis.com\"],\"url\":\"https:\/\/apuntesdesanluis.com\/index.php\/author\/apuntesdesanluis-com\/\"}]}<\/script>\n<!-- \/ Yoast SEO plugin. -->","yoast_head_json":{"title":"DESBARATAN EN C\u00d3RDOBA S\u00daPER BANDA DE LADRONES DE VEH\u00cdCULOS DE ALTA GAMA Y CUBIERTAS. - Apuntes de San Luis","robots":{"index":"index","follow":"follow","max-snippet":"max-snippet:-1","max-image-preview":"max-image-preview:large","max-video-preview":"max-video-preview:-1"},"canonical":"https:\/\/apuntesdesanluis.com\/index.php\/2023\/11\/08\/desbaratan-en-cordoba-super-banda-de-ladrones-de-vehiculos-de-alta-gama-y-cubiertas\/","og_locale":"es_ES","og_type":"article","og_title":"DESBARATAN EN C\u00d3RDOBA S\u00daPER BANDA DE LADRONES DE VEH\u00cdCULOS DE ALTA GAMA Y CUBIERTAS. - Apuntes de San Luis","og_description":"Hay detenidos y pr\u00f3fugos ya identificados. Ocurri\u00f3 en C\u00f3rdoba, aunque se investiga si tambi\u00e9n hubo...","og_url":"https:\/\/apuntesdesanluis.com\/index.php\/2023\/11\/08\/desbaratan-en-cordoba-super-banda-de-ladrones-de-vehiculos-de-alta-gama-y-cubiertas\/","og_site_name":"Apuntes de San Luis","article_published_time":"2023-11-08T03:15:12+00:00","og_image":[{"width":600,"height":376,"url":"https:\/\/apuntesdesanluis.com\/wp-content\/uploads\/2023\/11\/banda.png","type":"image\/png"}],"author":"apuntesdesanluis.com","twitter_card":"summary_large_image","twitter_misc":{"Escrito por":"apuntesdesanluis.com","Tiempo de lectura":"4 minutos"},"schema":{"@context":"https:\/\/schema.org","@graph":[{"@type":"Article","@id":"https:\/\/apuntesdesanluis.com\/index.php\/2023\/11\/08\/desbaratan-en-cordoba-super-banda-de-ladrones-de-vehiculos-de-alta-gama-y-cubiertas\/#article","isPartOf":{"@id":"https:\/\/apuntesdesanluis.com\/index.php\/2023\/11\/08\/desbaratan-en-cordoba-super-banda-de-ladrones-de-vehiculos-de-alta-gama-y-cubiertas\/"},"author":{"name":"apuntesdesanluis.com","@id":"https:\/\/apuntesdesanluis.com\/#\/schema\/person\/b55151d52296fcce64d1a72538a70b90"},"headline":"DESBARATAN EN C\u00d3RDOBA S\u00daPER BANDA DE LADRONES DE VEH\u00cdCULOS DE ALTA GAMA Y CUBIERTAS.","datePublished":"2023-11-08T03:15:12+00:00","mainEntityOfPage":{"@id":"https:\/\/apuntesdesanluis.com\/index.php\/2023\/11\/08\/desbaratan-en-cordoba-super-banda-de-ladrones-de-vehiculos-de-alta-gama-y-cubiertas\/"},"wordCount":872,"publisher":{"@id":"https:\/\/apuntesdesanluis.com\/#\/schema\/person\/b55151d52296fcce64d1a72538a70b90"},"image":{"@id":"https:\/\/apuntesdesanluis.com\/index.php\/2023\/11\/08\/desbaratan-en-cordoba-super-banda-de-ladrones-de-vehiculos-de-alta-gama-y-cubiertas\/#primaryimage"},"thumbnailUrl":"https:\/\/apuntesdesanluis.com\/wp-content\/uploads\/2023\/11\/banda.png","articleSection":["Nacionales\/Internacionales"],"inLanguage":"es-AR"},{"@type":"WebPage","@id":"https:\/\/apuntesdesanluis.com\/index.php\/2023\/11\/08\/desbaratan-en-cordoba-super-banda-de-ladrones-de-vehiculos-de-alta-gama-y-cubiertas\/","url":"https:\/\/apuntesdesanluis.com\/index.php\/2023\/11\/08\/desbaratan-en-cordoba-super-banda-de-ladrones-de-vehiculos-de-alta-gama-y-cubiertas\/","name":"DESBARATAN EN C\u00d3RDOBA S\u00daPER BANDA DE LADRONES DE VEH\u00cdCULOS DE ALTA GAMA Y CUBIERTAS. - Apuntes de San Luis","isPartOf":{"@id":"https:\/\/apuntesdesanluis.com\/#website"},"primaryImageOfPage":{"@id":"https:\/\/apuntesdesanluis.com\/index.php\/2023\/11\/08\/desbaratan-en-cordoba-super-banda-de-ladrones-de-vehiculos-de-alta-gama-y-cubiertas\/#primaryimage"},"image":{"@id":"https:\/\/apuntesdesanluis.com\/index.php\/2023\/11\/08\/desbaratan-en-cordoba-super-banda-de-ladrones-de-vehiculos-de-alta-gama-y-cubiertas\/#primaryimage"},"thumbnailUrl":"https:\/\/apuntesdesanluis.com\/wp-content\/uploads\/2023\/11\/banda.png","datePublished":"2023-11-08T03:15:12+00:00","breadcrumb":{"@id":"https:\/\/apuntesdesanluis.com\/index.php\/2023\/11\/08\/desbaratan-en-cordoba-super-banda-de-ladrones-de-vehiculos-de-alta-gama-y-cubiertas\/#breadcrumb"},"inLanguage":"es-AR","potentialAction":[{"@type":"ReadAction","target":["https:\/\/apuntesdesanluis.com\/index.php\/2023\/11\/08\/desbaratan-en-cordoba-super-banda-de-ladrones-de-vehiculos-de-alta-gama-y-cubiertas\/"]}]},{"@type":"ImageObject","inLanguage":"es-AR","@id":"https:\/\/apuntesdesanluis.com\/index.php\/2023\/11\/08\/desbaratan-en-cordoba-super-banda-de-ladrones-de-vehiculos-de-alta-gama-y-cubiertas\/#primaryimage","url":"https:\/\/apuntesdesanluis.com\/wp-content\/uploads\/2023\/11\/banda.png","contentUrl":"https:\/\/apuntesdesanluis.com\/wp-content\/uploads\/2023\/11\/banda.png","width":600,"height":376},{"@type":"BreadcrumbList","@id":"https:\/\/apuntesdesanluis.com\/index.php\/2023\/11\/08\/desbaratan-en-cordoba-super-banda-de-ladrones-de-vehiculos-de-alta-gama-y-cubiertas\/#breadcrumb","itemListElement":[{"@type":"ListItem","position":1,"name":"Inicio","item":"https:\/\/apuntesdesanluis.com\/"},{"@type":"ListItem","position":2,"name":"DESBARATAN EN C\u00d3RDOBA S\u00daPER BANDA DE LADRONES DE VEH\u00cdCULOS DE ALTA GAMA Y CUBIERTAS."}]},{"@type":"WebSite","@id":"https:\/\/apuntesdesanluis.com\/#website","url":"https:\/\/apuntesdesanluis.com\/","name":"Apuntes de San Luis","description":"","publisher":{"@id":"https:\/\/apuntesdesanluis.com\/#\/schema\/person\/b55151d52296fcce64d1a72538a70b90"},"potentialAction":[{"@type":"SearchAction","target":{"@type":"EntryPoint","urlTemplate":"https:\/\/apuntesdesanluis.com\/?s={search_term_string}"},"query-input":{"@type":"PropertyValueSpecification","valueRequired":true,"valueName":"search_term_string"}}],"inLanguage":"es-AR"},{"@type":["Person","Organization"],"@id":"https:\/\/apuntesdesanluis.com\/#\/schema\/person\/b55151d52296fcce64d1a72538a70b90","name":"apuntesdesanluis.com","image":{"@type":"ImageObject","inLanguage":"es-AR","@id":"https:\/\/apuntesdesanluis.com\/#\/schema\/person\/image\/","url":"https:\/\/apuntesdesanluis.com\/wp-content\/uploads\/2023\/07\/cropped-apuntesdesanluis.png","contentUrl":"https:\/\/apuntesdesanluis.com\/wp-content\/uploads\/2023\/07\/cropped-apuntesdesanluis.png","width":450,"height":112,"caption":"apuntesdesanluis.com"},"logo":{"@id":"https:\/\/apuntesdesanluis.com\/#\/schema\/person\/image\/"},"sameAs":["https:\/\/apuntesdesanluis.com"],"url":"https:\/\/apuntesdesanluis.com\/index.php\/author\/apuntesdesanluis-com\/"}]}},"featured_image_urls":{"full":["https:\/\/apuntesdesanluis.com\/wp-content\/uploads\/2023\/11\/banda.png",600,376,false],"thumbnail":["https:\/\/apuntesdesanluis.com\/wp-content\/uploads\/2023\/11\/banda-150x150.png",150,150,true],"medium":["https:\/\/apuntesdesanluis.com\/wp-content\/uploads\/2023\/11\/banda-300x188.png",300,188,true],"medium_large":["https:\/\/apuntesdesanluis.com\/wp-content\/uploads\/2023\/11\/banda.png",600,376,false],"large":["https:\/\/apuntesdesanluis.com\/wp-content\/uploads\/2023\/11\/banda.png",600,376,false],"1536x1536":["https:\/\/apuntesdesanluis.com\/wp-content\/uploads\/2023\/11\/banda.png",600,376,false],"2048x2048":["https:\/\/apuntesdesanluis.com\/wp-content\/uploads\/2023\/11\/banda.png",600,376,false],"newsever-slider-full":["https:\/\/apuntesdesanluis.com\/wp-content\/uploads\/2023\/11\/banda.png",600,376,false],"newsever-featured":["https:\/\/apuntesdesanluis.com\/wp-content\/uploads\/2023\/11\/banda.png",600,376,false],"newsever-medium":["https:\/\/apuntesdesanluis.com\/wp-content\/uploads\/2023\/11\/banda.png",600,376,false]},"author_info":{"display_name":"apuntesdesanluis.com","author_link":"https:\/\/apuntesdesanluis.com\/index.php\/author\/apuntesdesanluis-com\/"},"category_info":"<a href=\"https:\/\/apuntesdesanluis.com\/index.php\/category\/nacionales-internacionales\/\" rel=\"category tag\">Nacionales\/Internacionales<\/a>","tag_info":"Nacionales\/Internacionales","comment_count":"0","_links":{"self":[{"href":"https:\/\/apuntesdesanluis.com\/index.php\/wp-json\/wp\/v2\/posts\/6457","targetHints":{"allow":["GET"]}}],"collection":[{"href":"https:\/\/apuntesdesanluis.com\/index.php\/wp-json\/wp\/v2\/posts"}],"about":[{"href":"https:\/\/apuntesdesanluis.com\/index.php\/wp-json\/wp\/v2\/types\/post"}],"author":[{"embeddable":true,"href":"https:\/\/apuntesdesanluis.com\/index.php\/wp-json\/wp\/v2\/users\/1"}],"replies":[{"embeddable":true,"href":"https:\/\/apuntesdesanluis.com\/index.php\/wp-json\/wp\/v2\/comments?post=6457"}],"version-history":[{"count":1,"href":"https:\/\/apuntesdesanluis.com\/index.php\/wp-json\/wp\/v2\/posts\/6457\/revisions"}],"predecessor-version":[{"id":6462,"href":"https:\/\/apuntesdesanluis.com\/index.php\/wp-json\/wp\/v2\/posts\/6457\/revisions\/6462"}],"wp:featuredmedia":[{"embeddable":true,"href":"https:\/\/apuntesdesanluis.com\/index.php\/wp-json\/wp\/v2\/media\/6460"}],"wp:attachment":[{"href":"https:\/\/apuntesdesanluis.com\/index.php\/wp-json\/wp\/v2\/media?parent=6457"}],"wp:term":[{"taxonomy":"category","embeddable":true,"href":"https:\/\/apuntesdesanluis.com\/index.php\/wp-json\/wp\/v2\/categories?post=6457"},{"taxonomy":"post_tag","embeddable":true,"href":"https:\/\/apuntesdesanluis.com\/index.php\/wp-json\/wp\/v2\/tags?post=6457"}],"curies":[{"name":"wp","href":"https:\/\/api.w.org\/{rel}","templated":true}]}}