{"id":6472,"date":"2023-11-08T00:46:54","date_gmt":"2023-11-08T03:46:54","guid":{"rendered":"https:\/\/apuntesdesanluis.com\/?p=6472"},"modified":"2023-11-08T00:46:54","modified_gmt":"2023-11-08T03:46:54","slug":"el-oficialismo-levanto-la-reunion-de-la-comision-de-juicio-politico-en-medio-del-escandalo-por-espionaje-ilegal","status":"publish","type":"post","link":"https:\/\/apuntesdesanluis.com\/index.php\/2023\/11\/08\/el-oficialismo-levanto-la-reunion-de-la-comision-de-juicio-politico-en-medio-del-escandalo-por-espionaje-ilegal\/","title":{"rendered":"EL OFICIALISMO LEVANT\u00d3 LA REUNI\u00d3N DE LA COMISI\u00d3N DE JUICIO POL\u00cdTICO EN MEDIO DEL ESC\u00c1NDALO POR ESPIONAJE ILEGAL"},"content":{"rendered":"<h3>El oficialismo levant\u00f3 s\u00fabitamente hoy la reuni\u00f3n de la Comisi\u00f3n de Juicio Pol\u00edtico de la C\u00e1mara de Diputados en medio del esc\u00e1ndalo por la difusi\u00f3n de una investigaci\u00f3n que vincula a <strong>Rodolfo Tailhade<\/strong>, figura clave en el impulso de la ofensiva contra los jueces de la Corte Suprema, con un esp\u00eda inorg\u00e1nico que realizaba informes sobre jueces y pol\u00edticos.<\/h3>\n<h3>La decisi\u00f3n de levantar la reuni\u00f3n fue tomada por la presidenta del cuerpo, Carolina Gaillard, lo que provoc\u00f3 inmediatamente las recriminaciones airadas de los diputados opositores.<\/h3>\n<h3>Los representantes de Juntos por el Cambio se hab\u00edan preparado para emboscar al oficialismo e increpar a Tailhade exponiendo sus v\u00ednculos con el polic\u00eda retirado Ariel Zanchetta, quien se presentaba como periodista y se encuentra privado de su libertad por presunto espionaje ilegal.<\/h3>\n<h3>Antes de bajar el tel\u00f3n, la entrerriana record\u00f3 que durante el encuentro estaba previsto recibir el descargo de dos de los jueces de la Corte Suprema, Ricardo Lorenzetti y Juan Carlos Maqueda&#8221;, pero que &#8220;al no hacerse presentes&#8221; los mismos, no ten\u00eda ning\u00fan prop\u00f3sito continuar dado que se tornaba &#8220;abstracta&#8221; la discusi\u00f3n.<\/h3>\n<h3>Mientras uno a uno los diputados del Frente de Todos se levantaban de sus sillas en direcci\u00f3n a la salida, los representantes de la oposici\u00f3n empezaron a lo gritos a denunciar la &#8220;huida&#8221; oficialista, que para ellos ten\u00eda como objetivo encubrir una &#8220;operaci\u00f3n de inteligencia a cielo abierto&#8221;.<\/h3>\n<h3>&#8220;El oficialismo huy\u00f3 muerto de miedo porque no quieren que mostremos que fue una agencia de Inteligencia a cielo abierto manejada por Tailhade&#8221;, dispar\u00f3 el vicepresidente de la comisi\u00f3n, Juan Manuel L\u00f3pez (Coalici\u00f3n C\u00edvica).<\/h3>\n<h3>Por su parte, el jefe del bloque de la UCR; Mario Negri, asegur\u00f3 que la comisi\u00f3n &#8220;termin\u00f3 muerta por default, por verg\u00fcenza&#8221;.<\/h3>\n<h3>&#8220;Perdieron por abandono, por verg\u00fcenza&#8221;, clam\u00f3 el cordob\u00e9s con impotencia ante la retirada de la tropa oficialista.<\/h3>\n<h3>En tanto, el diputado del PRO Pablo Tonelli, una de las principales espadas judiciales del macrismo, tambi\u00e9n se expres\u00f3 indignado: &#8220;El oficialismo kirchnerista huy\u00f3 de la reuni\u00f3n de comisi\u00f3n de juicio pol\u00edtico, por ellos mismos impulsada, para no dejar que nos expresemos desde la oposici\u00f3n. Otro d\u00eda vergonzoso en la C\u00e1mara de Diputados&#8221;.<\/h3>\n<h3>Ayer, la investigaci\u00f3n dio un giro cuando el fiscal federal Gerardo Pollicita pidi\u00f3 una serie de indagatorias, allanamientos y pericias luego de recuperar mensajes borrados del celular de Zanchetta, donde aparecieron conversaciones con el dirigente camporista Fabi\u00e1n &#8220;Conu&#8221; Rodr\u00edguez, actual subdirector general de Servicio Al Contribuyente de la AFIP.<\/h3>\n<h3>A ra\u00edz de las revelaciones, el funcionario judicial orden\u00f3 el allanamiento del domicilio de Rodr\u00edguez, quien durante muchos a\u00f1os se ocup\u00f3 de la comunicaci\u00f3n de La C\u00e1mpora y luego se desempe\u00f1\u00f3 en el \u00e1rea de prensa del Gobierno bonaerense.<\/h3>\n<p><img fetchpriority=\"high\" decoding=\"async\" class=\"wp-image-6474 aligncenter\" src=\"https:\/\/apuntesdesanluis.com\/wp-content\/uploads\/2023\/11\/rodolfo-tailhade-300x189.png\" alt=\"\" width=\"821\" height=\"517\" srcset=\"https:\/\/apuntesdesanluis.com\/wp-content\/uploads\/2023\/11\/rodolfo-tailhade-300x189.png 300w, https:\/\/apuntesdesanluis.com\/wp-content\/uploads\/2023\/11\/rodolfo-tailhade-768x483.png 768w, https:\/\/apuntesdesanluis.com\/wp-content\/uploads\/2023\/11\/rodolfo-tailhade.png 802w\" sizes=\"(max-width: 821px) 100vw, 821px\" \/><\/p>\n<h4 style=\"text-align: center;\"><em><strong>Rodolfo Tailhade, en el centro de la pol\u00e9mica por sus v\u00ednculos con un esp\u00eda.<\/strong><\/em><\/h4>\n<h3>Seg\u00fan una pericia inform\u00e1tica, Zanchetta ten\u00eda adem\u00e1s contacto asiduo con Tailhade y le ofrec\u00eda informes sobre distintos actores de la pol\u00edtica y la Justicia.<\/h3>\n<h3>Entre las conversaciones recuperadas apareci\u00f3 un link enviado por el esp\u00eda al diputado kirchnerista con los di\u00e1logos de los participantes del viaje a Lago Escondido, un informe de causas contra la ex diputada de la Coalici\u00f3n C\u00edvica Elisa Carri\u00f3 e informaci\u00f3n contra el senador del PRO Luis Juez.<\/h3>\n<h3>Por un pedido del candidato presidencial de Uni\u00f3n por la Patria, Sergio Massa, el oficialismo posterg\u00f3 para despu\u00e9s de las elecciones del 19 de noviembre pr\u00f3ximo la firma de los dict\u00e1menes de acusaci\u00f3n contra los jueces de la Corte Suprema, a fin no ensuciar su campa\u00f1a electoral con una discusi\u00f3n que genera grieta pol\u00edtica.<\/h3>\n<h3><strong>DESAFUERO<\/strong><\/h3>\n<h3 class=\"paragraph\" data-mrf-recirculation=\"Links inline\">Los diputados de\u00a0<b>Juntos por el Cambio<\/b>\u00a0solicitaron este martes el\u00a0<b>desafuero\u00a0<\/b>del oficialista\u00a0<b>Rodolfo Tailhade<\/b>\u00a0luego de que trascendieran chats que lo vinculan con\u00a0<b>Ariel Zanchetta,<\/b>\u00a0el ex polic\u00eda que dec\u00eda ser periodista, y se convirti\u00f3 en el eje principal de la investigaci\u00f3n por el<b>\u00a0espionaje a jueces de la Corte Suprema de Justicia.<\/b><\/h3>\n<h3 class=\"paragraph\" data-mrf-recirculation=\"Links inline\">La oposici\u00f3n tambi\u00e9n reclam\u00f3 que el diputado kirchnerista<b>\u00a0entregue su tel\u00e9fono\u00a0<\/b>a la Justicia y que la comisi\u00f3n Bicameral de Inteligencia abra una investigaci\u00f3n formal. \u201cEs inadmisible que un esp\u00eda sea parte del Poder Legislativo\u201d, se\u00f1alaron<b>.<\/b><\/h3>\n<div class=\"dfpAd ad-inline\">\n<div id=\"infobae\/politica\/nota\/inline\" class=\"infobae\/politica\/nota\/inline arcad\" data-google-query-id=\"CJa5pa6-s4IDFahS3QIdWfcGSg\">\n<div id=\"google_ads_iframe_\/1058609\/infobae\/politica\/nota\/inline_0__container__\">Durante la conferencia de prensa que encabezaron los jefes de bloque de Juntos por el Cambio &#8211; <b>Cristian Ritondo\u00a0<\/b>(PRO),\u00a0<b>Mario Negri<\/b>\u00a0(UCR) y\u00a0<b>Juan Manuel L\u00f3pez\u00a0<\/b>(Coalici\u00f3n C\u00edvica)- alertaron por el peligro de la causa sobre las instituciones.<\/div>\n<\/div>\n<\/div>\n<h3 class=\"paragraph\" data-mrf-recirculation=\"Links inline\">\u201cLa calidad de querellante la tiene cada uno de los afectados, nosotros queremos actuar con responsabilidad. No es cuesti\u00f3n de entrometer a la competencia electoral. Despu\u00e9s del balotaje, la pol\u00edtica argentina va a tener que levantar la mirada, no puede ser que a las instituciones la secuestren los servicios de inteligencia\u201d, alert\u00f3 Negri.<\/h3>\n<h3><\/h3>\n<h3><\/h3>\n<h3><\/h3>\n<h3><\/h3>\n","protected":false},"excerpt":{"rendered":"<p>El oficialismo levant\u00f3 s\u00fabitamente hoy la reuni\u00f3n de la Comisi\u00f3n de Juicio Pol\u00edtico de la&#8230;<\/p>\n","protected":false},"author":1,"featured_media":6473,"comment_status":"closed","ping_status":"closed","sticky":false,"template":"","format":"standard","meta":{"footnotes":""},"categories":[5],"tags":[],"class_list":["post-6472","post","type-post","status-publish","format-standard","has-post-thumbnail","hentry","category-nacionales-internacionales"],"yoast_head":"<!-- This site is optimized with the Yoast SEO plugin v26.1.1 - https:\/\/yoast.com\/wordpress\/plugins\/seo\/ -->\n<title>EL OFICIALISMO LEVANT\u00d3 LA REUNI\u00d3N DE LA COMISI\u00d3N DE JUICIO POL\u00cdTICO EN MEDIO DEL ESC\u00c1NDALO POR ESPIONAJE ILEGAL - Apuntes de San Luis<\/title>\n<meta name=\"robots\" content=\"index, follow, max-snippet:-1, max-image-preview:large, max-video-preview:-1\" \/>\n<link rel=\"canonical\" href=\"https:\/\/apuntesdesanluis.com\/index.php\/2023\/11\/08\/el-oficialismo-levanto-la-reunion-de-la-comision-de-juicio-politico-en-medio-del-escandalo-por-espionaje-ilegal\/\" \/>\n<meta property=\"og:locale\" content=\"es_ES\" \/>\n<meta property=\"og:type\" content=\"article\" \/>\n<meta property=\"og:title\" content=\"EL OFICIALISMO LEVANT\u00d3 LA REUNI\u00d3N DE LA COMISI\u00d3N DE JUICIO POL\u00cdTICO EN MEDIO DEL ESC\u00c1NDALO POR ESPIONAJE ILEGAL - Apuntes de San Luis\" \/>\n<meta property=\"og:description\" content=\"El oficialismo levant\u00f3 s\u00fabitamente hoy la reuni\u00f3n de la Comisi\u00f3n de Juicio Pol\u00edtico de la...\" \/>\n<meta property=\"og:url\" content=\"https:\/\/apuntesdesanluis.com\/index.php\/2023\/11\/08\/el-oficialismo-levanto-la-reunion-de-la-comision-de-juicio-politico-en-medio-del-escandalo-por-espionaje-ilegal\/\" \/>\n<meta property=\"og:site_name\" content=\"Apuntes de San Luis\" \/>\n<meta property=\"article:published_time\" content=\"2023-11-08T03:46:54+00:00\" \/>\n<meta property=\"og:image\" content=\"https:\/\/apuntesdesanluis.com\/wp-content\/uploads\/2023\/11\/comision-juicio-politico.png\" \/>\n\t<meta property=\"og:image:width\" content=\"778\" \/>\n\t<meta property=\"og:image:height\" content=\"449\" \/>\n\t<meta property=\"og:image:type\" content=\"image\/png\" \/>\n<meta name=\"author\" content=\"apuntesdesanluis.com\" \/>\n<meta name=\"twitter:card\" content=\"summary_large_image\" \/>\n<meta name=\"twitter:label1\" content=\"Escrito por\" \/>\n\t<meta name=\"twitter:data1\" content=\"apuntesdesanluis.com\" \/>\n\t<meta name=\"twitter:label2\" content=\"Tiempo de lectura\" \/>\n\t<meta name=\"twitter:data2\" content=\"4 minutos\" \/>\n<script type=\"application\/ld+json\" class=\"yoast-schema-graph\">{\"@context\":\"https:\/\/schema.org\",\"@graph\":[{\"@type\":\"Article\",\"@id\":\"https:\/\/apuntesdesanluis.com\/index.php\/2023\/11\/08\/el-oficialismo-levanto-la-reunion-de-la-comision-de-juicio-politico-en-medio-del-escandalo-por-espionaje-ilegal\/#article\",\"isPartOf\":{\"@id\":\"https:\/\/apuntesdesanluis.com\/index.php\/2023\/11\/08\/el-oficialismo-levanto-la-reunion-de-la-comision-de-juicio-politico-en-medio-del-escandalo-por-espionaje-ilegal\/\"},\"author\":{\"name\":\"apuntesdesanluis.com\",\"@id\":\"https:\/\/apuntesdesanluis.com\/#\/schema\/person\/b55151d52296fcce64d1a72538a70b90\"},\"headline\":\"EL OFICIALISMO LEVANT\u00d3 LA REUNI\u00d3N DE LA COMISI\u00d3N DE JUICIO POL\u00cdTICO EN MEDIO DEL ESC\u00c1NDALO POR ESPIONAJE ILEGAL\",\"datePublished\":\"2023-11-08T03:46:54+00:00\",\"mainEntityOfPage\":{\"@id\":\"https:\/\/apuntesdesanluis.com\/index.php\/2023\/11\/08\/el-oficialismo-levanto-la-reunion-de-la-comision-de-juicio-politico-en-medio-del-escandalo-por-espionaje-ilegal\/\"},\"wordCount\":874,\"publisher\":{\"@id\":\"https:\/\/apuntesdesanluis.com\/#\/schema\/person\/b55151d52296fcce64d1a72538a70b90\"},\"image\":{\"@id\":\"https:\/\/apuntesdesanluis.com\/index.php\/2023\/11\/08\/el-oficialismo-levanto-la-reunion-de-la-comision-de-juicio-politico-en-medio-del-escandalo-por-espionaje-ilegal\/#primaryimage\"},\"thumbnailUrl\":\"https:\/\/apuntesdesanluis.com\/wp-content\/uploads\/2023\/11\/comision-juicio-politico.png\",\"articleSection\":[\"Nacionales\/Internacionales\"],\"inLanguage\":\"es-AR\"},{\"@type\":\"WebPage\",\"@id\":\"https:\/\/apuntesdesanluis.com\/index.php\/2023\/11\/08\/el-oficialismo-levanto-la-reunion-de-la-comision-de-juicio-politico-en-medio-del-escandalo-por-espionaje-ilegal\/\",\"url\":\"https:\/\/apuntesdesanluis.com\/index.php\/2023\/11\/08\/el-oficialismo-levanto-la-reunion-de-la-comision-de-juicio-politico-en-medio-del-escandalo-por-espionaje-ilegal\/\",\"name\":\"EL OFICIALISMO LEVANT\u00d3 LA REUNI\u00d3N DE LA COMISI\u00d3N DE JUICIO POL\u00cdTICO EN MEDIO DEL ESC\u00c1NDALO POR ESPIONAJE ILEGAL - Apuntes de San Luis\",\"isPartOf\":{\"@id\":\"https:\/\/apuntesdesanluis.com\/#website\"},\"primaryImageOfPage\":{\"@id\":\"https:\/\/apuntesdesanluis.com\/index.php\/2023\/11\/08\/el-oficialismo-levanto-la-reunion-de-la-comision-de-juicio-politico-en-medio-del-escandalo-por-espionaje-ilegal\/#primaryimage\"},\"image\":{\"@id\":\"https:\/\/apuntesdesanluis.com\/index.php\/2023\/11\/08\/el-oficialismo-levanto-la-reunion-de-la-comision-de-juicio-politico-en-medio-del-escandalo-por-espionaje-ilegal\/#primaryimage\"},\"thumbnailUrl\":\"https:\/\/apuntesdesanluis.com\/wp-content\/uploads\/2023\/11\/comision-juicio-politico.png\",\"datePublished\":\"2023-11-08T03:46:54+00:00\",\"breadcrumb\":{\"@id\":\"https:\/\/apuntesdesanluis.com\/index.php\/2023\/11\/08\/el-oficialismo-levanto-la-reunion-de-la-comision-de-juicio-politico-en-medio-del-escandalo-por-espionaje-ilegal\/#breadcrumb\"},\"inLanguage\":\"es-AR\",\"potentialAction\":[{\"@type\":\"ReadAction\",\"target\":[\"https:\/\/apuntesdesanluis.com\/index.php\/2023\/11\/08\/el-oficialismo-levanto-la-reunion-de-la-comision-de-juicio-politico-en-medio-del-escandalo-por-espionaje-ilegal\/\"]}]},{\"@type\":\"ImageObject\",\"inLanguage\":\"es-AR\",\"@id\":\"https:\/\/apuntesdesanluis.com\/index.php\/2023\/11\/08\/el-oficialismo-levanto-la-reunion-de-la-comision-de-juicio-politico-en-medio-del-escandalo-por-espionaje-ilegal\/#primaryimage\",\"url\":\"https:\/\/apuntesdesanluis.com\/wp-content\/uploads\/2023\/11\/comision-juicio-politico.png\",\"contentUrl\":\"https:\/\/apuntesdesanluis.com\/wp-content\/uploads\/2023\/11\/comision-juicio-politico.png\",\"width\":778,\"height\":449},{\"@type\":\"BreadcrumbList\",\"@id\":\"https:\/\/apuntesdesanluis.com\/index.php\/2023\/11\/08\/el-oficialismo-levanto-la-reunion-de-la-comision-de-juicio-politico-en-medio-del-escandalo-por-espionaje-ilegal\/#breadcrumb\",\"itemListElement\":[{\"@type\":\"ListItem\",\"position\":1,\"name\":\"Inicio\",\"item\":\"https:\/\/apuntesdesanluis.com\/\"},{\"@type\":\"ListItem\",\"position\":2,\"name\":\"EL OFICIALISMO LEVANT\u00d3 LA REUNI\u00d3N DE LA COMISI\u00d3N DE JUICIO POL\u00cdTICO EN MEDIO DEL ESC\u00c1NDALO POR ESPIONAJE ILEGAL\"}]},{\"@type\":\"WebSite\",\"@id\":\"https:\/\/apuntesdesanluis.com\/#website\",\"url\":\"https:\/\/apuntesdesanluis.com\/\",\"name\":\"Apuntes de San Luis\",\"description\":\"\",\"publisher\":{\"@id\":\"https:\/\/apuntesdesanluis.com\/#\/schema\/person\/b55151d52296fcce64d1a72538a70b90\"},\"potentialAction\":[{\"@type\":\"SearchAction\",\"target\":{\"@type\":\"EntryPoint\",\"urlTemplate\":\"https:\/\/apuntesdesanluis.com\/?s={search_term_string}\"},\"query-input\":{\"@type\":\"PropertyValueSpecification\",\"valueRequired\":true,\"valueName\":\"search_term_string\"}}],\"inLanguage\":\"es-AR\"},{\"@type\":[\"Person\",\"Organization\"],\"@id\":\"https:\/\/apuntesdesanluis.com\/#\/schema\/person\/b55151d52296fcce64d1a72538a70b90\",\"name\":\"apuntesdesanluis.com\",\"image\":{\"@type\":\"ImageObject\",\"inLanguage\":\"es-AR\",\"@id\":\"https:\/\/apuntesdesanluis.com\/#\/schema\/person\/image\/\",\"url\":\"https:\/\/apuntesdesanluis.com\/wp-content\/uploads\/2023\/07\/cropped-apuntesdesanluis.png\",\"contentUrl\":\"https:\/\/apuntesdesanluis.com\/wp-content\/uploads\/2023\/07\/cropped-apuntesdesanluis.png\",\"width\":450,\"height\":112,\"caption\":\"apuntesdesanluis.com\"},\"logo\":{\"@id\":\"https:\/\/apuntesdesanluis.com\/#\/schema\/person\/image\/\"},\"sameAs\":[\"https:\/\/apuntesdesanluis.com\"],\"url\":\"https:\/\/apuntesdesanluis.com\/index.php\/author\/apuntesdesanluis-com\/\"}]}<\/script>\n<!-- \/ Yoast SEO plugin. -->","yoast_head_json":{"title":"EL OFICIALISMO LEVANT\u00d3 LA REUNI\u00d3N DE LA COMISI\u00d3N DE JUICIO POL\u00cdTICO EN MEDIO DEL ESC\u00c1NDALO POR ESPIONAJE ILEGAL - Apuntes de San Luis","robots":{"index":"index","follow":"follow","max-snippet":"max-snippet:-1","max-image-preview":"max-image-preview:large","max-video-preview":"max-video-preview:-1"},"canonical":"https:\/\/apuntesdesanluis.com\/index.php\/2023\/11\/08\/el-oficialismo-levanto-la-reunion-de-la-comision-de-juicio-politico-en-medio-del-escandalo-por-espionaje-ilegal\/","og_locale":"es_ES","og_type":"article","og_title":"EL OFICIALISMO LEVANT\u00d3 LA REUNI\u00d3N DE LA COMISI\u00d3N DE JUICIO POL\u00cdTICO EN MEDIO DEL ESC\u00c1NDALO POR ESPIONAJE ILEGAL - Apuntes de San Luis","og_description":"El oficialismo levant\u00f3 s\u00fabitamente hoy la reuni\u00f3n de la Comisi\u00f3n de Juicio Pol\u00edtico de la...","og_url":"https:\/\/apuntesdesanluis.com\/index.php\/2023\/11\/08\/el-oficialismo-levanto-la-reunion-de-la-comision-de-juicio-politico-en-medio-del-escandalo-por-espionaje-ilegal\/","og_site_name":"Apuntes de San Luis","article_published_time":"2023-11-08T03:46:54+00:00","og_image":[{"width":778,"height":449,"url":"https:\/\/apuntesdesanluis.com\/wp-content\/uploads\/2023\/11\/comision-juicio-politico.png","type":"image\/png"}],"author":"apuntesdesanluis.com","twitter_card":"summary_large_image","twitter_misc":{"Escrito por":"apuntesdesanluis.com","Tiempo de lectura":"4 minutos"},"schema":{"@context":"https:\/\/schema.org","@graph":[{"@type":"Article","@id":"https:\/\/apuntesdesanluis.com\/index.php\/2023\/11\/08\/el-oficialismo-levanto-la-reunion-de-la-comision-de-juicio-politico-en-medio-del-escandalo-por-espionaje-ilegal\/#article","isPartOf":{"@id":"https:\/\/apuntesdesanluis.com\/index.php\/2023\/11\/08\/el-oficialismo-levanto-la-reunion-de-la-comision-de-juicio-politico-en-medio-del-escandalo-por-espionaje-ilegal\/"},"author":{"name":"apuntesdesanluis.com","@id":"https:\/\/apuntesdesanluis.com\/#\/schema\/person\/b55151d52296fcce64d1a72538a70b90"},"headline":"EL OFICIALISMO LEVANT\u00d3 LA REUNI\u00d3N DE LA COMISI\u00d3N DE JUICIO POL\u00cdTICO EN MEDIO DEL ESC\u00c1NDALO POR ESPIONAJE ILEGAL","datePublished":"2023-11-08T03:46:54+00:00","mainEntityOfPage":{"@id":"https:\/\/apuntesdesanluis.com\/index.php\/2023\/11\/08\/el-oficialismo-levanto-la-reunion-de-la-comision-de-juicio-politico-en-medio-del-escandalo-por-espionaje-ilegal\/"},"wordCount":874,"publisher":{"@id":"https:\/\/apuntesdesanluis.com\/#\/schema\/person\/b55151d52296fcce64d1a72538a70b90"},"image":{"@id":"https:\/\/apuntesdesanluis.com\/index.php\/2023\/11\/08\/el-oficialismo-levanto-la-reunion-de-la-comision-de-juicio-politico-en-medio-del-escandalo-por-espionaje-ilegal\/#primaryimage"},"thumbnailUrl":"https:\/\/apuntesdesanluis.com\/wp-content\/uploads\/2023\/11\/comision-juicio-politico.png","articleSection":["Nacionales\/Internacionales"],"inLanguage":"es-AR"},{"@type":"WebPage","@id":"https:\/\/apuntesdesanluis.com\/index.php\/2023\/11\/08\/el-oficialismo-levanto-la-reunion-de-la-comision-de-juicio-politico-en-medio-del-escandalo-por-espionaje-ilegal\/","url":"https:\/\/apuntesdesanluis.com\/index.php\/2023\/11\/08\/el-oficialismo-levanto-la-reunion-de-la-comision-de-juicio-politico-en-medio-del-escandalo-por-espionaje-ilegal\/","name":"EL OFICIALISMO LEVANT\u00d3 LA REUNI\u00d3N DE LA COMISI\u00d3N DE JUICIO POL\u00cdTICO EN MEDIO DEL ESC\u00c1NDALO POR ESPIONAJE ILEGAL - Apuntes de San Luis","isPartOf":{"@id":"https:\/\/apuntesdesanluis.com\/#website"},"primaryImageOfPage":{"@id":"https:\/\/apuntesdesanluis.com\/index.php\/2023\/11\/08\/el-oficialismo-levanto-la-reunion-de-la-comision-de-juicio-politico-en-medio-del-escandalo-por-espionaje-ilegal\/#primaryimage"},"image":{"@id":"https:\/\/apuntesdesanluis.com\/index.php\/2023\/11\/08\/el-oficialismo-levanto-la-reunion-de-la-comision-de-juicio-politico-en-medio-del-escandalo-por-espionaje-ilegal\/#primaryimage"},"thumbnailUrl":"https:\/\/apuntesdesanluis.com\/wp-content\/uploads\/2023\/11\/comision-juicio-politico.png","datePublished":"2023-11-08T03:46:54+00:00","breadcrumb":{"@id":"https:\/\/apuntesdesanluis.com\/index.php\/2023\/11\/08\/el-oficialismo-levanto-la-reunion-de-la-comision-de-juicio-politico-en-medio-del-escandalo-por-espionaje-ilegal\/#breadcrumb"},"inLanguage":"es-AR","potentialAction":[{"@type":"ReadAction","target":["https:\/\/apuntesdesanluis.com\/index.php\/2023\/11\/08\/el-oficialismo-levanto-la-reunion-de-la-comision-de-juicio-politico-en-medio-del-escandalo-por-espionaje-ilegal\/"]}]},{"@type":"ImageObject","inLanguage":"es-AR","@id":"https:\/\/apuntesdesanluis.com\/index.php\/2023\/11\/08\/el-oficialismo-levanto-la-reunion-de-la-comision-de-juicio-politico-en-medio-del-escandalo-por-espionaje-ilegal\/#primaryimage","url":"https:\/\/apuntesdesanluis.com\/wp-content\/uploads\/2023\/11\/comision-juicio-politico.png","contentUrl":"https:\/\/apuntesdesanluis.com\/wp-content\/uploads\/2023\/11\/comision-juicio-politico.png","width":778,"height":449},{"@type":"BreadcrumbList","@id":"https:\/\/apuntesdesanluis.com\/index.php\/2023\/11\/08\/el-oficialismo-levanto-la-reunion-de-la-comision-de-juicio-politico-en-medio-del-escandalo-por-espionaje-ilegal\/#breadcrumb","itemListElement":[{"@type":"ListItem","position":1,"name":"Inicio","item":"https:\/\/apuntesdesanluis.com\/"},{"@type":"ListItem","position":2,"name":"EL OFICIALISMO LEVANT\u00d3 LA REUNI\u00d3N DE LA COMISI\u00d3N DE JUICIO POL\u00cdTICO EN MEDIO DEL ESC\u00c1NDALO POR ESPIONAJE ILEGAL"}]},{"@type":"WebSite","@id":"https:\/\/apuntesdesanluis.com\/#website","url":"https:\/\/apuntesdesanluis.com\/","name":"Apuntes de San Luis","description":"","publisher":{"@id":"https:\/\/apuntesdesanluis.com\/#\/schema\/person\/b55151d52296fcce64d1a72538a70b90"},"potentialAction":[{"@type":"SearchAction","target":{"@type":"EntryPoint","urlTemplate":"https:\/\/apuntesdesanluis.com\/?s={search_term_string}"},"query-input":{"@type":"PropertyValueSpecification","valueRequired":true,"valueName":"search_term_string"}}],"inLanguage":"es-AR"},{"@type":["Person","Organization"],"@id":"https:\/\/apuntesdesanluis.com\/#\/schema\/person\/b55151d52296fcce64d1a72538a70b90","name":"apuntesdesanluis.com","image":{"@type":"ImageObject","inLanguage":"es-AR","@id":"https:\/\/apuntesdesanluis.com\/#\/schema\/person\/image\/","url":"https:\/\/apuntesdesanluis.com\/wp-content\/uploads\/2023\/07\/cropped-apuntesdesanluis.png","contentUrl":"https:\/\/apuntesdesanluis.com\/wp-content\/uploads\/2023\/07\/cropped-apuntesdesanluis.png","width":450,"height":112,"caption":"apuntesdesanluis.com"},"logo":{"@id":"https:\/\/apuntesdesanluis.com\/#\/schema\/person\/image\/"},"sameAs":["https:\/\/apuntesdesanluis.com"],"url":"https:\/\/apuntesdesanluis.com\/index.php\/author\/apuntesdesanluis-com\/"}]}},"featured_image_urls":{"full":["https:\/\/apuntesdesanluis.com\/wp-content\/uploads\/2023\/11\/comision-juicio-politico.png",778,449,false],"thumbnail":["https:\/\/apuntesdesanluis.com\/wp-content\/uploads\/2023\/11\/comision-juicio-politico-150x150.png",150,150,true],"medium":["https:\/\/apuntesdesanluis.com\/wp-content\/uploads\/2023\/11\/comision-juicio-politico-300x173.png",300,173,true],"medium_large":["https:\/\/apuntesdesanluis.com\/wp-content\/uploads\/2023\/11\/comision-juicio-politico-768x443.png",640,369,true],"large":["https:\/\/apuntesdesanluis.com\/wp-content\/uploads\/2023\/11\/comision-juicio-politico.png",640,369,false],"1536x1536":["https:\/\/apuntesdesanluis.com\/wp-content\/uploads\/2023\/11\/comision-juicio-politico.png",778,449,false],"2048x2048":["https:\/\/apuntesdesanluis.com\/wp-content\/uploads\/2023\/11\/comision-juicio-politico.png",778,449,false],"newsever-slider-full":["https:\/\/apuntesdesanluis.com\/wp-content\/uploads\/2023\/11\/comision-juicio-politico.png",778,449,false],"newsever-featured":["https:\/\/apuntesdesanluis.com\/wp-content\/uploads\/2023\/11\/comision-juicio-politico.png",778,449,false],"newsever-medium":["https:\/\/apuntesdesanluis.com\/wp-content\/uploads\/2023\/11\/comision-juicio-politico-720x449.png",720,449,true]},"author_info":{"display_name":"apuntesdesanluis.com","author_link":"https:\/\/apuntesdesanluis.com\/index.php\/author\/apuntesdesanluis-com\/"},"category_info":"<a href=\"https:\/\/apuntesdesanluis.com\/index.php\/category\/nacionales-internacionales\/\" rel=\"category tag\">Nacionales\/Internacionales<\/a>","tag_info":"Nacionales\/Internacionales","comment_count":"0","_links":{"self":[{"href":"https:\/\/apuntesdesanluis.com\/index.php\/wp-json\/wp\/v2\/posts\/6472","targetHints":{"allow":["GET"]}}],"collection":[{"href":"https:\/\/apuntesdesanluis.com\/index.php\/wp-json\/wp\/v2\/posts"}],"about":[{"href":"https:\/\/apuntesdesanluis.com\/index.php\/wp-json\/wp\/v2\/types\/post"}],"author":[{"embeddable":true,"href":"https:\/\/apuntesdesanluis.com\/index.php\/wp-json\/wp\/v2\/users\/1"}],"replies":[{"embeddable":true,"href":"https:\/\/apuntesdesanluis.com\/index.php\/wp-json\/wp\/v2\/comments?post=6472"}],"version-history":[{"count":1,"href":"https:\/\/apuntesdesanluis.com\/index.php\/wp-json\/wp\/v2\/posts\/6472\/revisions"}],"predecessor-version":[{"id":6475,"href":"https:\/\/apuntesdesanluis.com\/index.php\/wp-json\/wp\/v2\/posts\/6472\/revisions\/6475"}],"wp:featuredmedia":[{"embeddable":true,"href":"https:\/\/apuntesdesanluis.com\/index.php\/wp-json\/wp\/v2\/media\/6473"}],"wp:attachment":[{"href":"https:\/\/apuntesdesanluis.com\/index.php\/wp-json\/wp\/v2\/media?parent=6472"}],"wp:term":[{"taxonomy":"category","embeddable":true,"href":"https:\/\/apuntesdesanluis.com\/index.php\/wp-json\/wp\/v2\/categories?post=6472"},{"taxonomy":"post_tag","embeddable":true,"href":"https:\/\/apuntesdesanluis.com\/index.php\/wp-json\/wp\/v2\/tags?post=6472"}],"curies":[{"name":"wp","href":"https:\/\/api.w.org\/{rel}","templated":true}]}}