{"id":6488,"date":"2023-11-08T19:36:11","date_gmt":"2023-11-08T22:36:11","guid":{"rendered":"https:\/\/apuntesdesanluis.com\/?p=6488"},"modified":"2023-11-08T19:36:11","modified_gmt":"2023-11-08T22:36:11","slug":"elevaron-a-juicio-una-causa-por-tentativa-de-homicidio-y-lesiones-leves-en-carpinteria","status":"publish","type":"post","link":"https:\/\/apuntesdesanluis.com\/index.php\/2023\/11\/08\/elevaron-a-juicio-una-causa-por-tentativa-de-homicidio-y-lesiones-leves-en-carpinteria\/","title":{"rendered":"ELEVARON A JUICIO UNA CAUSA POR TENTATIVA DE HOMICIDIO Y LESIONES LEVES EN CARPINTER\u00cdA"},"content":{"rendered":"<h3>La fiscal\u00eda solicit\u00f3 12 a\u00f1os de prisi\u00f3n efectiva para el acusado.<\/h3>\n<h3>El Juez de Garant\u00eda N\u00b01 de la Tercera Circunscripci\u00f3n Judicial, Mat\u00edas Farinazzo Tempestini, resolvi\u00f3 la elevaci\u00f3n a juicio de una causa por homicidio en grado de tentativa agravado por el uso de arma de fuego; portaci\u00f3n ilegal de arma de fuego de uso civil; y lesiones leves agravadas por el contexto de violencia de g\u00e9nero; en concurso real.<\/h3>\n<h3>El acusado es C.J.P., un hombre de 49 a\u00f1os con domicilio en Carpinter\u00eda, que en la madrugada del 4 de junio de 2022 golpe\u00f3 a su ex e intent\u00f3 matar a la pareja de \u00e9sta.<\/h3>\n<h3>De acuerdo al relato de hechos de la fiscal\u00eda, las v\u00edctimas se encontraban en el living mirando televisi\u00f3n, cuando C.J.P. ingres\u00f3 a la vivienda de su ex por una ventana lateral de la propiedad. Primero atac\u00f3 a la pareja de la mujer, dispar\u00e1ndole en la cabeza con un rev\u00f3lver. El proyectil ingres\u00f3 por la oreja y termin\u00f3 impact\u00e1ndole en la base del cuello, donde qued\u00f3 alojado.<\/h3>\n<h3>Posteriormente, C.J.P. atac\u00f3 a su ex, golpe\u00e1ndola mientras le apuntaba con el arma, amenazando con matarla.<\/h3>\n<h3>Al creer que hab\u00eda asesinado al hombre, y ver el estado de su ex, huy\u00f3 del lugar a bordo de la motocicleta del hijo de la mujer.<\/h3>\n<h3>Ella logr\u00f3 pedir ayuda, y ambos fueron trasladados al Hospital \u201cMadre Catalina Rodr\u00edguez\u201d de la Villa de Merlo.<\/h3>\n<h3>En la audiencia de control de acusaci\u00f3n desarrollada este lunes 6 de noviembre, la fiscal D\u00e9bora Antonella Roy Gitto, acompa\u00f1ada por su par, la fiscal adjunta Lorena Ohanian, afirm\u00f3 que C.J.P. accion\u00f3 libre y voluntariamente el arma, con absoluto conocimiento de la posibilidad de que el resultado de su acci\u00f3n fuera la muerte de la v\u00edctima. \u201cNo existe otra manera l\u00f3gica de evaluar su accionar, pues actu\u00f3 conociendo las consecuencias, aceptando y consintiendo el posible resultado; sumado a la conducta posterior del acusado con la se\u00f1ora \u201cC\u201d, golpe\u00e1ndola en varias partes del cuerpo, vociferando que los iba a matar, para finalmente darse a la fuga sin asumir la responsabilidad de sus actos\u201d, manifest\u00f3.<\/h3>\n<h3>Y a\u00f1adi\u00f3: \u201cLa acci\u00f3n atribuida al acusado, constituye un conato de homicidio, pues el hecho puntual de gatillar un arma a una escasa distancia, y que el disparo haya impactado en la cabeza del damnificado, no produci\u00e9ndole la muerte por fortuna del damnificado, me permite concluir que el accionar de P.C. implic\u00f3 de su parte la completa realizaci\u00f3n de los actos ejecutivos tendientes a ocasionar la muerte, que no lleg\u00f3 a concretarse por circunstancias totalmente ajenas a su voluntad.<\/h3>\n<h3>Respecto a las lesiones producidas a la Sra. \u201cC\u201d, no cabe duda del dolo con el que actu\u00f3 el acusado, dando reiterados golpes a la misma e incluso apunt\u00e1ndole tambi\u00e9n con el arma de fuego, hecho intimidante que la paraliz\u00f3\u201d.<\/h3>\n<h3>Es as\u00ed que, al momento de calificar el hecho, la representante del Ministerio Fiscal consider\u00f3 que las lesiones producidas a la mujer fueron agravadas por el contexto de g\u00e9nero: \u201cCuando me refiero a la violencia de g\u00e9nero, quiero determinar un tipo de violencia ejercida pura y exclusivamente en raz\u00f3n de ser mujer, y en un contexto de dominio y desigualdad latente. Las lesiones no se ven agravadas, simplemente, porque un hombre lesion\u00f3 a una mujer, sino que van mucho m\u00e1s all\u00e1, bas\u00e1ndose en relaciones de poder asim\u00e9trico que existen entre los g\u00e9neros\u201d, remarc\u00f3.<\/h3>\n<h3>Por otra parte, aclar\u00f3 que, si bien el arma con la que se perpetr\u00f3 el delito no pudo ser encontrada, tal circunstancia no alteraba en nada aquello que se pudo conocer a trav\u00e9s de otros medios de prueba, por ejemplo, los relatos de las propias v\u00edctimas y la constataci\u00f3n de las lesiones producidas a las mismas, sumado al proyectil que el damnificado tiene alojado a\u00fan en la base del cuello.<\/h3>\n<h3>Finalmente, inform\u00f3 que, debido al trauma sufrido, la mujer y su pareja decidieron abandonar la provincia.<\/h3>\n<h3>Por todo lo expuesto, solicit\u00f3 que la causa sea elevada a juicio y que, al momento de la sentencia, C.J.P. sea condenado a la pena de 12 a\u00f1os de prisi\u00f3n efectiva.<\/h3>\n<h3>Como atenuantes, consider\u00f3 la ausencia de antecedentes penales computables y, como agravantes, las circunstancias de tiempo, modo y lugar que demostraron mayor peligrosidad, habida cuenta del horario nocturno de despliegue de la conducta y de la ocurrencia del hecho en el lugar donde resid\u00edan las v\u00edctimas; como as\u00ed tambi\u00e9n, la violencia e intimidaci\u00f3n hacia ellas vali\u00e9ndose de un arma de fuego.<\/h3>\n<h3>En representaci\u00f3n del acusado, intervino el Defensor Oficial en lo Penal, Jos\u00e9 Luis Gui\u00f1az\u00fa, y la Defensora Adjunta, Mirtha Moreno; quienes sostuvieron que la fiscal\u00eda no acredit\u00f3 los extremos necesarios para imputar los hechos, como as\u00ed tampoco, la calificaci\u00f3n legal pretendida. Por tal motivo, solicitaron que se desestimara la acusaci\u00f3n, por entender que la misma no reun\u00eda los requisitos m\u00ednimos exigidos por ley para derribar la presunci\u00f3n de inocencia de su defendido.<\/h3>\n<h3>Analizadas las presentaciones de las partes, el magistrado interviniente resolvi\u00f3 tener por admitida la acusaci\u00f3n realizada por el Ministerio Fiscal en contra de C.J.P., disponiendo la elevaci\u00f3n de la causa a la C\u00e1mara de Apelaciones con asiento en Concar\u00e1n para la oportuna realizaci\u00f3n del juicio oral.<\/h3>\n<p>&nbsp;<\/p>\n<p>&nbsp;<\/p>\n<p>&nbsp;<\/p>\n<p>&nbsp;<\/p>\n","protected":false},"excerpt":{"rendered":"<p>La fiscal\u00eda solicit\u00f3 12 a\u00f1os de prisi\u00f3n efectiva para el acusado. El Juez de Garant\u00eda&#8230;<\/p>\n","protected":false},"author":1,"featured_media":6489,"comment_status":"closed","ping_status":"closed","sticky":false,"template":"","format":"standard","meta":{"footnotes":""},"categories":[6],"tags":[],"class_list":["post-6488","post","type-post","status-publish","format-standard","has-post-thumbnail","hentry","category-ciudad-provincia"],"yoast_head":"<!-- This site is optimized with the Yoast SEO plugin v26.1.1 - https:\/\/yoast.com\/wordpress\/plugins\/seo\/ -->\n<title>ELEVARON A JUICIO UNA CAUSA POR TENTATIVA DE HOMICIDIO Y LESIONES LEVES EN CARPINTER\u00cdA - Apuntes de San Luis<\/title>\n<meta name=\"robots\" content=\"index, follow, max-snippet:-1, max-image-preview:large, max-video-preview:-1\" \/>\n<link rel=\"canonical\" href=\"https:\/\/apuntesdesanluis.com\/index.php\/2023\/11\/08\/elevaron-a-juicio-una-causa-por-tentativa-de-homicidio-y-lesiones-leves-en-carpinteria\/\" \/>\n<meta property=\"og:locale\" content=\"es_ES\" \/>\n<meta property=\"og:type\" content=\"article\" \/>\n<meta property=\"og:title\" content=\"ELEVARON A JUICIO UNA CAUSA POR TENTATIVA DE HOMICIDIO Y LESIONES LEVES EN CARPINTER\u00cdA - Apuntes de San Luis\" \/>\n<meta property=\"og:description\" content=\"La fiscal\u00eda solicit\u00f3 12 a\u00f1os de prisi\u00f3n efectiva para el acusado. El Juez de Garant\u00eda...\" \/>\n<meta property=\"og:url\" content=\"https:\/\/apuntesdesanluis.com\/index.php\/2023\/11\/08\/elevaron-a-juicio-una-causa-por-tentativa-de-homicidio-y-lesiones-leves-en-carpinteria\/\" \/>\n<meta property=\"og:site_name\" content=\"Apuntes de San Luis\" \/>\n<meta property=\"article:published_time\" content=\"2023-11-08T22:36:11+00:00\" \/>\n<meta property=\"og:image\" content=\"https:\/\/apuntesdesanluis.com\/wp-content\/uploads\/2023\/11\/lesiones.png\" \/>\n\t<meta property=\"og:image:width\" content=\"569\" \/>\n\t<meta property=\"og:image:height\" content=\"331\" \/>\n\t<meta property=\"og:image:type\" content=\"image\/png\" \/>\n<meta name=\"author\" content=\"apuntesdesanluis.com\" \/>\n<meta name=\"twitter:card\" content=\"summary_large_image\" \/>\n<meta name=\"twitter:label1\" content=\"Escrito por\" \/>\n\t<meta name=\"twitter:data1\" content=\"apuntesdesanluis.com\" \/>\n\t<meta name=\"twitter:label2\" content=\"Tiempo de lectura\" \/>\n\t<meta name=\"twitter:data2\" content=\"4 minutos\" \/>\n<script type=\"application\/ld+json\" class=\"yoast-schema-graph\">{\"@context\":\"https:\/\/schema.org\",\"@graph\":[{\"@type\":\"Article\",\"@id\":\"https:\/\/apuntesdesanluis.com\/index.php\/2023\/11\/08\/elevaron-a-juicio-una-causa-por-tentativa-de-homicidio-y-lesiones-leves-en-carpinteria\/#article\",\"isPartOf\":{\"@id\":\"https:\/\/apuntesdesanluis.com\/index.php\/2023\/11\/08\/elevaron-a-juicio-una-causa-por-tentativa-de-homicidio-y-lesiones-leves-en-carpinteria\/\"},\"author\":{\"name\":\"apuntesdesanluis.com\",\"@id\":\"https:\/\/apuntesdesanluis.com\/#\/schema\/person\/b55151d52296fcce64d1a72538a70b90\"},\"headline\":\"ELEVARON A JUICIO UNA CAUSA POR TENTATIVA DE HOMICIDIO Y LESIONES LEVES EN CARPINTER\u00cdA\",\"datePublished\":\"2023-11-08T22:36:11+00:00\",\"mainEntityOfPage\":{\"@id\":\"https:\/\/apuntesdesanluis.com\/index.php\/2023\/11\/08\/elevaron-a-juicio-una-causa-por-tentativa-de-homicidio-y-lesiones-leves-en-carpinteria\/\"},\"wordCount\":943,\"publisher\":{\"@id\":\"https:\/\/apuntesdesanluis.com\/#\/schema\/person\/b55151d52296fcce64d1a72538a70b90\"},\"image\":{\"@id\":\"https:\/\/apuntesdesanluis.com\/index.php\/2023\/11\/08\/elevaron-a-juicio-una-causa-por-tentativa-de-homicidio-y-lesiones-leves-en-carpinteria\/#primaryimage\"},\"thumbnailUrl\":\"https:\/\/apuntesdesanluis.com\/wp-content\/uploads\/2023\/11\/lesiones.png\",\"articleSection\":[\"Ciudad\/Provincia\"],\"inLanguage\":\"es-AR\"},{\"@type\":\"WebPage\",\"@id\":\"https:\/\/apuntesdesanluis.com\/index.php\/2023\/11\/08\/elevaron-a-juicio-una-causa-por-tentativa-de-homicidio-y-lesiones-leves-en-carpinteria\/\",\"url\":\"https:\/\/apuntesdesanluis.com\/index.php\/2023\/11\/08\/elevaron-a-juicio-una-causa-por-tentativa-de-homicidio-y-lesiones-leves-en-carpinteria\/\",\"name\":\"ELEVARON A JUICIO UNA CAUSA POR TENTATIVA DE HOMICIDIO Y LESIONES LEVES EN CARPINTER\u00cdA - Apuntes de San Luis\",\"isPartOf\":{\"@id\":\"https:\/\/apuntesdesanluis.com\/#website\"},\"primaryImageOfPage\":{\"@id\":\"https:\/\/apuntesdesanluis.com\/index.php\/2023\/11\/08\/elevaron-a-juicio-una-causa-por-tentativa-de-homicidio-y-lesiones-leves-en-carpinteria\/#primaryimage\"},\"image\":{\"@id\":\"https:\/\/apuntesdesanluis.com\/index.php\/2023\/11\/08\/elevaron-a-juicio-una-causa-por-tentativa-de-homicidio-y-lesiones-leves-en-carpinteria\/#primaryimage\"},\"thumbnailUrl\":\"https:\/\/apuntesdesanluis.com\/wp-content\/uploads\/2023\/11\/lesiones.png\",\"datePublished\":\"2023-11-08T22:36:11+00:00\",\"breadcrumb\":{\"@id\":\"https:\/\/apuntesdesanluis.com\/index.php\/2023\/11\/08\/elevaron-a-juicio-una-causa-por-tentativa-de-homicidio-y-lesiones-leves-en-carpinteria\/#breadcrumb\"},\"inLanguage\":\"es-AR\",\"potentialAction\":[{\"@type\":\"ReadAction\",\"target\":[\"https:\/\/apuntesdesanluis.com\/index.php\/2023\/11\/08\/elevaron-a-juicio-una-causa-por-tentativa-de-homicidio-y-lesiones-leves-en-carpinteria\/\"]}]},{\"@type\":\"ImageObject\",\"inLanguage\":\"es-AR\",\"@id\":\"https:\/\/apuntesdesanluis.com\/index.php\/2023\/11\/08\/elevaron-a-juicio-una-causa-por-tentativa-de-homicidio-y-lesiones-leves-en-carpinteria\/#primaryimage\",\"url\":\"https:\/\/apuntesdesanluis.com\/wp-content\/uploads\/2023\/11\/lesiones.png\",\"contentUrl\":\"https:\/\/apuntesdesanluis.com\/wp-content\/uploads\/2023\/11\/lesiones.png\",\"width\":569,\"height\":331},{\"@type\":\"BreadcrumbList\",\"@id\":\"https:\/\/apuntesdesanluis.com\/index.php\/2023\/11\/08\/elevaron-a-juicio-una-causa-por-tentativa-de-homicidio-y-lesiones-leves-en-carpinteria\/#breadcrumb\",\"itemListElement\":[{\"@type\":\"ListItem\",\"position\":1,\"name\":\"Inicio\",\"item\":\"https:\/\/apuntesdesanluis.com\/\"},{\"@type\":\"ListItem\",\"position\":2,\"name\":\"ELEVARON A JUICIO UNA CAUSA POR TENTATIVA DE HOMICIDIO Y LESIONES LEVES EN CARPINTER\u00cdA\"}]},{\"@type\":\"WebSite\",\"@id\":\"https:\/\/apuntesdesanluis.com\/#website\",\"url\":\"https:\/\/apuntesdesanluis.com\/\",\"name\":\"Apuntes de San Luis\",\"description\":\"\",\"publisher\":{\"@id\":\"https:\/\/apuntesdesanluis.com\/#\/schema\/person\/b55151d52296fcce64d1a72538a70b90\"},\"potentialAction\":[{\"@type\":\"SearchAction\",\"target\":{\"@type\":\"EntryPoint\",\"urlTemplate\":\"https:\/\/apuntesdesanluis.com\/?s={search_term_string}\"},\"query-input\":{\"@type\":\"PropertyValueSpecification\",\"valueRequired\":true,\"valueName\":\"search_term_string\"}}],\"inLanguage\":\"es-AR\"},{\"@type\":[\"Person\",\"Organization\"],\"@id\":\"https:\/\/apuntesdesanluis.com\/#\/schema\/person\/b55151d52296fcce64d1a72538a70b90\",\"name\":\"apuntesdesanluis.com\",\"image\":{\"@type\":\"ImageObject\",\"inLanguage\":\"es-AR\",\"@id\":\"https:\/\/apuntesdesanluis.com\/#\/schema\/person\/image\/\",\"url\":\"https:\/\/apuntesdesanluis.com\/wp-content\/uploads\/2023\/07\/cropped-apuntesdesanluis.png\",\"contentUrl\":\"https:\/\/apuntesdesanluis.com\/wp-content\/uploads\/2023\/07\/cropped-apuntesdesanluis.png\",\"width\":450,\"height\":112,\"caption\":\"apuntesdesanluis.com\"},\"logo\":{\"@id\":\"https:\/\/apuntesdesanluis.com\/#\/schema\/person\/image\/\"},\"sameAs\":[\"https:\/\/apuntesdesanluis.com\"],\"url\":\"https:\/\/apuntesdesanluis.com\/index.php\/author\/apuntesdesanluis-com\/\"}]}<\/script>\n<!-- \/ Yoast SEO plugin. -->","yoast_head_json":{"title":"ELEVARON A JUICIO UNA CAUSA POR TENTATIVA DE HOMICIDIO Y LESIONES LEVES EN CARPINTER\u00cdA - Apuntes de San Luis","robots":{"index":"index","follow":"follow","max-snippet":"max-snippet:-1","max-image-preview":"max-image-preview:large","max-video-preview":"max-video-preview:-1"},"canonical":"https:\/\/apuntesdesanluis.com\/index.php\/2023\/11\/08\/elevaron-a-juicio-una-causa-por-tentativa-de-homicidio-y-lesiones-leves-en-carpinteria\/","og_locale":"es_ES","og_type":"article","og_title":"ELEVARON A JUICIO UNA CAUSA POR TENTATIVA DE HOMICIDIO Y LESIONES LEVES EN CARPINTER\u00cdA - Apuntes de San Luis","og_description":"La fiscal\u00eda solicit\u00f3 12 a\u00f1os de prisi\u00f3n efectiva para el acusado. El Juez de Garant\u00eda...","og_url":"https:\/\/apuntesdesanluis.com\/index.php\/2023\/11\/08\/elevaron-a-juicio-una-causa-por-tentativa-de-homicidio-y-lesiones-leves-en-carpinteria\/","og_site_name":"Apuntes de San Luis","article_published_time":"2023-11-08T22:36:11+00:00","og_image":[{"width":569,"height":331,"url":"https:\/\/apuntesdesanluis.com\/wp-content\/uploads\/2023\/11\/lesiones.png","type":"image\/png"}],"author":"apuntesdesanluis.com","twitter_card":"summary_large_image","twitter_misc":{"Escrito por":"apuntesdesanluis.com","Tiempo de lectura":"4 minutos"},"schema":{"@context":"https:\/\/schema.org","@graph":[{"@type":"Article","@id":"https:\/\/apuntesdesanluis.com\/index.php\/2023\/11\/08\/elevaron-a-juicio-una-causa-por-tentativa-de-homicidio-y-lesiones-leves-en-carpinteria\/#article","isPartOf":{"@id":"https:\/\/apuntesdesanluis.com\/index.php\/2023\/11\/08\/elevaron-a-juicio-una-causa-por-tentativa-de-homicidio-y-lesiones-leves-en-carpinteria\/"},"author":{"name":"apuntesdesanluis.com","@id":"https:\/\/apuntesdesanluis.com\/#\/schema\/person\/b55151d52296fcce64d1a72538a70b90"},"headline":"ELEVARON A JUICIO UNA CAUSA POR TENTATIVA DE HOMICIDIO Y LESIONES LEVES EN CARPINTER\u00cdA","datePublished":"2023-11-08T22:36:11+00:00","mainEntityOfPage":{"@id":"https:\/\/apuntesdesanluis.com\/index.php\/2023\/11\/08\/elevaron-a-juicio-una-causa-por-tentativa-de-homicidio-y-lesiones-leves-en-carpinteria\/"},"wordCount":943,"publisher":{"@id":"https:\/\/apuntesdesanluis.com\/#\/schema\/person\/b55151d52296fcce64d1a72538a70b90"},"image":{"@id":"https:\/\/apuntesdesanluis.com\/index.php\/2023\/11\/08\/elevaron-a-juicio-una-causa-por-tentativa-de-homicidio-y-lesiones-leves-en-carpinteria\/#primaryimage"},"thumbnailUrl":"https:\/\/apuntesdesanluis.com\/wp-content\/uploads\/2023\/11\/lesiones.png","articleSection":["Ciudad\/Provincia"],"inLanguage":"es-AR"},{"@type":"WebPage","@id":"https:\/\/apuntesdesanluis.com\/index.php\/2023\/11\/08\/elevaron-a-juicio-una-causa-por-tentativa-de-homicidio-y-lesiones-leves-en-carpinteria\/","url":"https:\/\/apuntesdesanluis.com\/index.php\/2023\/11\/08\/elevaron-a-juicio-una-causa-por-tentativa-de-homicidio-y-lesiones-leves-en-carpinteria\/","name":"ELEVARON A JUICIO UNA CAUSA POR TENTATIVA DE HOMICIDIO Y LESIONES LEVES EN CARPINTER\u00cdA - Apuntes de San Luis","isPartOf":{"@id":"https:\/\/apuntesdesanluis.com\/#website"},"primaryImageOfPage":{"@id":"https:\/\/apuntesdesanluis.com\/index.php\/2023\/11\/08\/elevaron-a-juicio-una-causa-por-tentativa-de-homicidio-y-lesiones-leves-en-carpinteria\/#primaryimage"},"image":{"@id":"https:\/\/apuntesdesanluis.com\/index.php\/2023\/11\/08\/elevaron-a-juicio-una-causa-por-tentativa-de-homicidio-y-lesiones-leves-en-carpinteria\/#primaryimage"},"thumbnailUrl":"https:\/\/apuntesdesanluis.com\/wp-content\/uploads\/2023\/11\/lesiones.png","datePublished":"2023-11-08T22:36:11+00:00","breadcrumb":{"@id":"https:\/\/apuntesdesanluis.com\/index.php\/2023\/11\/08\/elevaron-a-juicio-una-causa-por-tentativa-de-homicidio-y-lesiones-leves-en-carpinteria\/#breadcrumb"},"inLanguage":"es-AR","potentialAction":[{"@type":"ReadAction","target":["https:\/\/apuntesdesanluis.com\/index.php\/2023\/11\/08\/elevaron-a-juicio-una-causa-por-tentativa-de-homicidio-y-lesiones-leves-en-carpinteria\/"]}]},{"@type":"ImageObject","inLanguage":"es-AR","@id":"https:\/\/apuntesdesanluis.com\/index.php\/2023\/11\/08\/elevaron-a-juicio-una-causa-por-tentativa-de-homicidio-y-lesiones-leves-en-carpinteria\/#primaryimage","url":"https:\/\/apuntesdesanluis.com\/wp-content\/uploads\/2023\/11\/lesiones.png","contentUrl":"https:\/\/apuntesdesanluis.com\/wp-content\/uploads\/2023\/11\/lesiones.png","width":569,"height":331},{"@type":"BreadcrumbList","@id":"https:\/\/apuntesdesanluis.com\/index.php\/2023\/11\/08\/elevaron-a-juicio-una-causa-por-tentativa-de-homicidio-y-lesiones-leves-en-carpinteria\/#breadcrumb","itemListElement":[{"@type":"ListItem","position":1,"name":"Inicio","item":"https:\/\/apuntesdesanluis.com\/"},{"@type":"ListItem","position":2,"name":"ELEVARON A JUICIO UNA CAUSA POR TENTATIVA DE HOMICIDIO Y LESIONES LEVES EN CARPINTER\u00cdA"}]},{"@type":"WebSite","@id":"https:\/\/apuntesdesanluis.com\/#website","url":"https:\/\/apuntesdesanluis.com\/","name":"Apuntes de San Luis","description":"","publisher":{"@id":"https:\/\/apuntesdesanluis.com\/#\/schema\/person\/b55151d52296fcce64d1a72538a70b90"},"potentialAction":[{"@type":"SearchAction","target":{"@type":"EntryPoint","urlTemplate":"https:\/\/apuntesdesanluis.com\/?s={search_term_string}"},"query-input":{"@type":"PropertyValueSpecification","valueRequired":true,"valueName":"search_term_string"}}],"inLanguage":"es-AR"},{"@type":["Person","Organization"],"@id":"https:\/\/apuntesdesanluis.com\/#\/schema\/person\/b55151d52296fcce64d1a72538a70b90","name":"apuntesdesanluis.com","image":{"@type":"ImageObject","inLanguage":"es-AR","@id":"https:\/\/apuntesdesanluis.com\/#\/schema\/person\/image\/","url":"https:\/\/apuntesdesanluis.com\/wp-content\/uploads\/2023\/07\/cropped-apuntesdesanluis.png","contentUrl":"https:\/\/apuntesdesanluis.com\/wp-content\/uploads\/2023\/07\/cropped-apuntesdesanluis.png","width":450,"height":112,"caption":"apuntesdesanluis.com"},"logo":{"@id":"https:\/\/apuntesdesanluis.com\/#\/schema\/person\/image\/"},"sameAs":["https:\/\/apuntesdesanluis.com"],"url":"https:\/\/apuntesdesanluis.com\/index.php\/author\/apuntesdesanluis-com\/"}]}},"featured_image_urls":{"full":["https:\/\/apuntesdesanluis.com\/wp-content\/uploads\/2023\/11\/lesiones.png",569,331,false],"thumbnail":["https:\/\/apuntesdesanluis.com\/wp-content\/uploads\/2023\/11\/lesiones-150x150.png",150,150,true],"medium":["https:\/\/apuntesdesanluis.com\/wp-content\/uploads\/2023\/11\/lesiones-300x175.png",300,175,true],"medium_large":["https:\/\/apuntesdesanluis.com\/wp-content\/uploads\/2023\/11\/lesiones.png",569,331,false],"large":["https:\/\/apuntesdesanluis.com\/wp-content\/uploads\/2023\/11\/lesiones.png",569,331,false],"1536x1536":["https:\/\/apuntesdesanluis.com\/wp-content\/uploads\/2023\/11\/lesiones.png",569,331,false],"2048x2048":["https:\/\/apuntesdesanluis.com\/wp-content\/uploads\/2023\/11\/lesiones.png",569,331,false],"newsever-slider-full":["https:\/\/apuntesdesanluis.com\/wp-content\/uploads\/2023\/11\/lesiones.png",569,331,false],"newsever-featured":["https:\/\/apuntesdesanluis.com\/wp-content\/uploads\/2023\/11\/lesiones.png",569,331,false],"newsever-medium":["https:\/\/apuntesdesanluis.com\/wp-content\/uploads\/2023\/11\/lesiones.png",569,331,false]},"author_info":{"display_name":"apuntesdesanluis.com","author_link":"https:\/\/apuntesdesanluis.com\/index.php\/author\/apuntesdesanluis-com\/"},"category_info":"<a href=\"https:\/\/apuntesdesanluis.com\/index.php\/category\/ciudad-provincia\/\" rel=\"category tag\">Ciudad\/Provincia<\/a>","tag_info":"Ciudad\/Provincia","comment_count":"0","_links":{"self":[{"href":"https:\/\/apuntesdesanluis.com\/index.php\/wp-json\/wp\/v2\/posts\/6488","targetHints":{"allow":["GET"]}}],"collection":[{"href":"https:\/\/apuntesdesanluis.com\/index.php\/wp-json\/wp\/v2\/posts"}],"about":[{"href":"https:\/\/apuntesdesanluis.com\/index.php\/wp-json\/wp\/v2\/types\/post"}],"author":[{"embeddable":true,"href":"https:\/\/apuntesdesanluis.com\/index.php\/wp-json\/wp\/v2\/users\/1"}],"replies":[{"embeddable":true,"href":"https:\/\/apuntesdesanluis.com\/index.php\/wp-json\/wp\/v2\/comments?post=6488"}],"version-history":[{"count":1,"href":"https:\/\/apuntesdesanluis.com\/index.php\/wp-json\/wp\/v2\/posts\/6488\/revisions"}],"predecessor-version":[{"id":6490,"href":"https:\/\/apuntesdesanluis.com\/index.php\/wp-json\/wp\/v2\/posts\/6488\/revisions\/6490"}],"wp:featuredmedia":[{"embeddable":true,"href":"https:\/\/apuntesdesanluis.com\/index.php\/wp-json\/wp\/v2\/media\/6489"}],"wp:attachment":[{"href":"https:\/\/apuntesdesanluis.com\/index.php\/wp-json\/wp\/v2\/media?parent=6488"}],"wp:term":[{"taxonomy":"category","embeddable":true,"href":"https:\/\/apuntesdesanluis.com\/index.php\/wp-json\/wp\/v2\/categories?post=6488"},{"taxonomy":"post_tag","embeddable":true,"href":"https:\/\/apuntesdesanluis.com\/index.php\/wp-json\/wp\/v2\/tags?post=6488"}],"curies":[{"name":"wp","href":"https:\/\/api.w.org\/{rel}","templated":true}]}}