{"id":6491,"date":"2023-11-08T19:50:53","date_gmt":"2023-11-08T22:50:53","guid":{"rendered":"https:\/\/apuntesdesanluis.com\/?p=6491"},"modified":"2023-11-08T19:52:09","modified_gmt":"2023-11-08T22:52:09","slug":"la-provincia-mostro-sus-politicas-de-acompanamiento-al-productor-rural","status":"publish","type":"post","link":"https:\/\/apuntesdesanluis.com\/index.php\/2023\/11\/08\/la-provincia-mostro-sus-politicas-de-acompanamiento-al-productor-rural\/","title":{"rendered":"LA PROVINCIA MOSTR\u00d3 SUS POL\u00cdTICAS DE ACOMPA\u00d1AMIENTO AL PRODUCTOR RURAL"},"content":{"rendered":"<h3>En el Sal\u00f3n de la Puntanidad, el Gobierno provincial despleg\u00f3 todas sus pol\u00edticas para el acompa\u00f1amiento al peque\u00f1o y mediano productor rural. Se entregaron ejemplares bovinos, caprinos, modulo av\u00edcola y 1000 kits para huerta.<\/h3>\n<h3>El gobernador, <strong>Alberto Rodr\u00edguez Sa\u00e1<\/strong>, particip\u00f3 de la entrega a los beneficiarios de los distintos planes productivos. \u201cLo que hemos hecho es abrazar al campo y hoy se ven los resultados\u201d, dijo.<\/h3>\n<p><iframe title=\"Alberto Rodr\u00edguez Sa\u00e1, gobernador de la provincia\" width=\"640\" height=\"360\" src=\"https:\/\/www.youtube.com\/embed\/IRsiKuA_WTA?feature=oembed\" frameborder=\"0\" allow=\"accelerometer; autoplay; clipboard-write; encrypted-media; gyroscope; picture-in-picture; web-share\" referrerpolicy=\"strict-origin-when-cross-origin\" allowfullscreen><\/iframe><\/p>\n<h3>El Gobierno de San Luis trabaja d\u00eda a d\u00eda bajo la concepci\u00f3n de que la producci\u00f3n debe ser una actividad destinada a generar riqueza y desarrollo, con la participaci\u00f3n de un Estado social que le tiende su mano a la inclusi\u00f3n, a la igualdad de oportunidades y que pacte respetuosamente con el medioambiente, en pol\u00edticas activas concebidas siempre \u201cde la periferia al centro\u201d.<\/h3>\n<h3>En esa direcci\u00f3n, el Ministerio de Producci\u00f3n llev\u00f3 adelante una serie de pol\u00edticas de acompa\u00f1amiento y fortalecimiento a peque\u00f1os productores rurales que se tradujeron en planes como el Plan Toro y el Plan Provincial Caprino, los cuales, durante el mediod\u00eda de este mi\u00e9rcoles, sus beneficiarios recibieron en total 32 ejemplares.<\/h3>\n<h3>Asimismo, el Plan \u201cMi modulo Av\u00edcola\u201d, destinado a valorizar la labor de la mujer rural, fomentar el arraigo rural y dando herramientas para tener una independencia econ\u00f3mica, entreg\u00f3 a los beneficiarios un corral ensamblable y 25 gallinas ponedoras, para adaptar a un proyecto existente o iniciar la actividad.<\/h3>\n<h3>\u201cEstamos seguros que esa idea que tuvimos al principio, que la econom\u00eda tiene que estar en funci\u00f3n de la producci\u00f3n y la producci\u00f3n en funci\u00f3n del ser humano, lo tenemos bien presente aqu\u00ed\u201d, dijo el ministro de Producci\u00f3n, Marcelo Amitrano, quien le asegur\u00f3 al gobernador que \u201cnuestro sistema productivo est\u00e1 un poco mejor que ayer y bastante mejor que el a\u00f1o pasado\u201d.<\/h3>\n<h3><img fetchpriority=\"high\" decoding=\"async\" class=\"wp-image-6492 aligncenter\" src=\"https:\/\/apuntesdesanluis.com\/wp-content\/uploads\/2023\/11\/acto-300x166.png\" alt=\"\" width=\"651\" height=\"360\" srcset=\"https:\/\/apuntesdesanluis.com\/wp-content\/uploads\/2023\/11\/acto-300x166.png 300w, https:\/\/apuntesdesanluis.com\/wp-content\/uploads\/2023\/11\/acto.png 593w\" sizes=\"(max-width: 651px) 100vw, 651px\" \/><\/h3>\n<h3>En su alocuci\u00f3n, el gobernador, Alberto Rodr\u00edguez Sa\u00e1, se\u00f1al\u00f3: \u201cYo creo que lo que hemos hecho en el campo, fue abrazar al campo, es como muy bueno porque se ven los resultados. Es cierto que, cuando el Estado se mete con el campo y le pone el pie en temas importantes como son, por ejemplo, las retenciones y son los impuestos nacionales, no nos gusta. Pero en San Luis lo hemos demostrado. Cuando tuvo todas esas luchas, nosotros estuvimos al lado del campo pese a casi romper relaciones con el Gobierno Nacional. As\u00ed que siempre he tenido este concepto, este concepto de entender, de hablar, de coordinar, de llegar y de un Estado que se hace cargo de los problemas y los soluciona\u201d.<\/h3>\n<h3>Con el objetivo de mantener el status sanitario provincial, se entregaron a los productores ap\u00edcolas medicaci\u00f3n, para el control de varroasis, una enfermedad producida por un acaro que impacta en los rendimientos de las colmenas, en el marco del Plan Ap\u00edcola Provincial.<\/h3>\n<h3>Finalmente, 1000 vecinos del departamento Pueyrred\u00f3n recibieron su kit para el armado de huertas domiciliarias que contiene ocho especies de semillas de temporada primavera\/verano una bandeja plantinera, sustrato y el correspondiente folleto explicativo.<\/h3>\n<p><img decoding=\"async\" class=\"wp-image-6493 aligncenter\" src=\"https:\/\/apuntesdesanluis.com\/wp-content\/uploads\/2023\/11\/caprinos-300x197.png\" alt=\"\" width=\"659\" height=\"433\" srcset=\"https:\/\/apuntesdesanluis.com\/wp-content\/uploads\/2023\/11\/caprinos-300x197.png 300w, https:\/\/apuntesdesanluis.com\/wp-content\/uploads\/2023\/11\/caprinos.png 600w\" sizes=\"(max-width: 659px) 100vw, 659px\" \/><\/p>\n<h3>El programa \u201cMi huerta en Casa\u201d tiene como objetivo fomentar la creaci\u00f3n de huertas familiares para facilitar el autoconsumo, la producci\u00f3n propia de alimentos y generar un impacto en la econom\u00eda familiar. El kit que se entreg\u00f3 contiene semillas de zanahoria, zapallo, cebolla, tomate, lechuga, remolacha, albahaca y acelga.<\/h3>\n","protected":false},"excerpt":{"rendered":"<p>En el Sal\u00f3n de la Puntanidad, el Gobierno provincial despleg\u00f3 todas sus pol\u00edticas para el&#8230;<\/p>\n","protected":false},"author":1,"featured_media":6495,"comment_status":"closed","ping_status":"closed","sticky":false,"template":"","format":"standard","meta":{"footnotes":""},"categories":[6],"tags":[],"class_list":["post-6491","post","type-post","status-publish","format-standard","has-post-thumbnail","hentry","category-ciudad-provincia"],"yoast_head":"<!-- This site is optimized with the Yoast SEO plugin v26.1.1 - https:\/\/yoast.com\/wordpress\/plugins\/seo\/ -->\n<title>LA PROVINCIA MOSTR\u00d3 SUS POL\u00cdTICAS DE ACOMPA\u00d1AMIENTO AL PRODUCTOR RURAL - Apuntes de San Luis<\/title>\n<meta name=\"robots\" content=\"index, follow, max-snippet:-1, max-image-preview:large, max-video-preview:-1\" \/>\n<link rel=\"canonical\" href=\"https:\/\/apuntesdesanluis.com\/index.php\/2023\/11\/08\/la-provincia-mostro-sus-politicas-de-acompanamiento-al-productor-rural\/\" \/>\n<meta property=\"og:locale\" content=\"es_ES\" \/>\n<meta property=\"og:type\" content=\"article\" \/>\n<meta property=\"og:title\" content=\"LA PROVINCIA MOSTR\u00d3 SUS POL\u00cdTICAS DE ACOMPA\u00d1AMIENTO AL PRODUCTOR RURAL - Apuntes de San Luis\" \/>\n<meta property=\"og:description\" content=\"En el Sal\u00f3n de la Puntanidad, el Gobierno provincial despleg\u00f3 todas sus pol\u00edticas para el...\" \/>\n<meta property=\"og:url\" content=\"https:\/\/apuntesdesanluis.com\/index.php\/2023\/11\/08\/la-provincia-mostro-sus-politicas-de-acompanamiento-al-productor-rural\/\" \/>\n<meta property=\"og:site_name\" content=\"Apuntes de San Luis\" \/>\n<meta property=\"article:published_time\" content=\"2023-11-08T22:50:53+00:00\" \/>\n<meta property=\"article:modified_time\" content=\"2023-11-08T22:52:09+00:00\" \/>\n<meta property=\"og:image\" content=\"https:\/\/apuntesdesanluis.com\/wp-content\/uploads\/2023\/11\/funcionarios.png\" \/>\n\t<meta property=\"og:image:width\" content=\"573\" \/>\n\t<meta property=\"og:image:height\" content=\"393\" \/>\n\t<meta property=\"og:image:type\" content=\"image\/png\" \/>\n<meta name=\"author\" content=\"apuntesdesanluis.com\" \/>\n<meta name=\"twitter:card\" content=\"summary_large_image\" \/>\n<meta name=\"twitter:label1\" content=\"Escrito por\" \/>\n\t<meta name=\"twitter:data1\" content=\"apuntesdesanluis.com\" \/>\n\t<meta name=\"twitter:label2\" content=\"Tiempo de lectura\" \/>\n\t<meta name=\"twitter:data2\" content=\"3 minutos\" \/>\n<script type=\"application\/ld+json\" class=\"yoast-schema-graph\">{\"@context\":\"https:\/\/schema.org\",\"@graph\":[{\"@type\":\"Article\",\"@id\":\"https:\/\/apuntesdesanluis.com\/index.php\/2023\/11\/08\/la-provincia-mostro-sus-politicas-de-acompanamiento-al-productor-rural\/#article\",\"isPartOf\":{\"@id\":\"https:\/\/apuntesdesanluis.com\/index.php\/2023\/11\/08\/la-provincia-mostro-sus-politicas-de-acompanamiento-al-productor-rural\/\"},\"author\":{\"name\":\"apuntesdesanluis.com\",\"@id\":\"https:\/\/apuntesdesanluis.com\/#\/schema\/person\/b55151d52296fcce64d1a72538a70b90\"},\"headline\":\"LA PROVINCIA MOSTR\u00d3 SUS POL\u00cdTICAS DE ACOMPA\u00d1AMIENTO AL PRODUCTOR RURAL\",\"datePublished\":\"2023-11-08T22:50:53+00:00\",\"dateModified\":\"2023-11-08T22:52:09+00:00\",\"mainEntityOfPage\":{\"@id\":\"https:\/\/apuntesdesanluis.com\/index.php\/2023\/11\/08\/la-provincia-mostro-sus-politicas-de-acompanamiento-al-productor-rural\/\"},\"wordCount\":591,\"publisher\":{\"@id\":\"https:\/\/apuntesdesanluis.com\/#\/schema\/person\/b55151d52296fcce64d1a72538a70b90\"},\"image\":{\"@id\":\"https:\/\/apuntesdesanluis.com\/index.php\/2023\/11\/08\/la-provincia-mostro-sus-politicas-de-acompanamiento-al-productor-rural\/#primaryimage\"},\"thumbnailUrl\":\"https:\/\/apuntesdesanluis.com\/wp-content\/uploads\/2023\/11\/funcionarios.png\",\"articleSection\":[\"Ciudad\/Provincia\"],\"inLanguage\":\"es-AR\"},{\"@type\":\"WebPage\",\"@id\":\"https:\/\/apuntesdesanluis.com\/index.php\/2023\/11\/08\/la-provincia-mostro-sus-politicas-de-acompanamiento-al-productor-rural\/\",\"url\":\"https:\/\/apuntesdesanluis.com\/index.php\/2023\/11\/08\/la-provincia-mostro-sus-politicas-de-acompanamiento-al-productor-rural\/\",\"name\":\"LA PROVINCIA MOSTR\u00d3 SUS POL\u00cdTICAS DE ACOMPA\u00d1AMIENTO AL PRODUCTOR RURAL - Apuntes de San Luis\",\"isPartOf\":{\"@id\":\"https:\/\/apuntesdesanluis.com\/#website\"},\"primaryImageOfPage\":{\"@id\":\"https:\/\/apuntesdesanluis.com\/index.php\/2023\/11\/08\/la-provincia-mostro-sus-politicas-de-acompanamiento-al-productor-rural\/#primaryimage\"},\"image\":{\"@id\":\"https:\/\/apuntesdesanluis.com\/index.php\/2023\/11\/08\/la-provincia-mostro-sus-politicas-de-acompanamiento-al-productor-rural\/#primaryimage\"},\"thumbnailUrl\":\"https:\/\/apuntesdesanluis.com\/wp-content\/uploads\/2023\/11\/funcionarios.png\",\"datePublished\":\"2023-11-08T22:50:53+00:00\",\"dateModified\":\"2023-11-08T22:52:09+00:00\",\"breadcrumb\":{\"@id\":\"https:\/\/apuntesdesanluis.com\/index.php\/2023\/11\/08\/la-provincia-mostro-sus-politicas-de-acompanamiento-al-productor-rural\/#breadcrumb\"},\"inLanguage\":\"es-AR\",\"potentialAction\":[{\"@type\":\"ReadAction\",\"target\":[\"https:\/\/apuntesdesanluis.com\/index.php\/2023\/11\/08\/la-provincia-mostro-sus-politicas-de-acompanamiento-al-productor-rural\/\"]}]},{\"@type\":\"ImageObject\",\"inLanguage\":\"es-AR\",\"@id\":\"https:\/\/apuntesdesanluis.com\/index.php\/2023\/11\/08\/la-provincia-mostro-sus-politicas-de-acompanamiento-al-productor-rural\/#primaryimage\",\"url\":\"https:\/\/apuntesdesanluis.com\/wp-content\/uploads\/2023\/11\/funcionarios.png\",\"contentUrl\":\"https:\/\/apuntesdesanluis.com\/wp-content\/uploads\/2023\/11\/funcionarios.png\",\"width\":573,\"height\":393},{\"@type\":\"BreadcrumbList\",\"@id\":\"https:\/\/apuntesdesanluis.com\/index.php\/2023\/11\/08\/la-provincia-mostro-sus-politicas-de-acompanamiento-al-productor-rural\/#breadcrumb\",\"itemListElement\":[{\"@type\":\"ListItem\",\"position\":1,\"name\":\"Inicio\",\"item\":\"https:\/\/apuntesdesanluis.com\/\"},{\"@type\":\"ListItem\",\"position\":2,\"name\":\"LA PROVINCIA MOSTR\u00d3 SUS POL\u00cdTICAS DE ACOMPA\u00d1AMIENTO AL PRODUCTOR RURAL\"}]},{\"@type\":\"WebSite\",\"@id\":\"https:\/\/apuntesdesanluis.com\/#website\",\"url\":\"https:\/\/apuntesdesanluis.com\/\",\"name\":\"Apuntes de San Luis\",\"description\":\"\",\"publisher\":{\"@id\":\"https:\/\/apuntesdesanluis.com\/#\/schema\/person\/b55151d52296fcce64d1a72538a70b90\"},\"potentialAction\":[{\"@type\":\"SearchAction\",\"target\":{\"@type\":\"EntryPoint\",\"urlTemplate\":\"https:\/\/apuntesdesanluis.com\/?s={search_term_string}\"},\"query-input\":{\"@type\":\"PropertyValueSpecification\",\"valueRequired\":true,\"valueName\":\"search_term_string\"}}],\"inLanguage\":\"es-AR\"},{\"@type\":[\"Person\",\"Organization\"],\"@id\":\"https:\/\/apuntesdesanluis.com\/#\/schema\/person\/b55151d52296fcce64d1a72538a70b90\",\"name\":\"apuntesdesanluis.com\",\"image\":{\"@type\":\"ImageObject\",\"inLanguage\":\"es-AR\",\"@id\":\"https:\/\/apuntesdesanluis.com\/#\/schema\/person\/image\/\",\"url\":\"https:\/\/apuntesdesanluis.com\/wp-content\/uploads\/2023\/07\/cropped-apuntesdesanluis.png\",\"contentUrl\":\"https:\/\/apuntesdesanluis.com\/wp-content\/uploads\/2023\/07\/cropped-apuntesdesanluis.png\",\"width\":450,\"height\":112,\"caption\":\"apuntesdesanluis.com\"},\"logo\":{\"@id\":\"https:\/\/apuntesdesanluis.com\/#\/schema\/person\/image\/\"},\"sameAs\":[\"https:\/\/apuntesdesanluis.com\"],\"url\":\"https:\/\/apuntesdesanluis.com\/index.php\/author\/apuntesdesanluis-com\/\"}]}<\/script>\n<!-- \/ Yoast SEO plugin. -->","yoast_head_json":{"title":"LA PROVINCIA MOSTR\u00d3 SUS POL\u00cdTICAS DE ACOMPA\u00d1AMIENTO AL PRODUCTOR RURAL - Apuntes de San Luis","robots":{"index":"index","follow":"follow","max-snippet":"max-snippet:-1","max-image-preview":"max-image-preview:large","max-video-preview":"max-video-preview:-1"},"canonical":"https:\/\/apuntesdesanluis.com\/index.php\/2023\/11\/08\/la-provincia-mostro-sus-politicas-de-acompanamiento-al-productor-rural\/","og_locale":"es_ES","og_type":"article","og_title":"LA PROVINCIA MOSTR\u00d3 SUS POL\u00cdTICAS DE ACOMPA\u00d1AMIENTO AL PRODUCTOR RURAL - Apuntes de San Luis","og_description":"En el Sal\u00f3n de la Puntanidad, el Gobierno provincial despleg\u00f3 todas sus pol\u00edticas para el...","og_url":"https:\/\/apuntesdesanluis.com\/index.php\/2023\/11\/08\/la-provincia-mostro-sus-politicas-de-acompanamiento-al-productor-rural\/","og_site_name":"Apuntes de San Luis","article_published_time":"2023-11-08T22:50:53+00:00","article_modified_time":"2023-11-08T22:52:09+00:00","og_image":[{"width":573,"height":393,"url":"https:\/\/apuntesdesanluis.com\/wp-content\/uploads\/2023\/11\/funcionarios.png","type":"image\/png"}],"author":"apuntesdesanluis.com","twitter_card":"summary_large_image","twitter_misc":{"Escrito por":"apuntesdesanluis.com","Tiempo de lectura":"3 minutos"},"schema":{"@context":"https:\/\/schema.org","@graph":[{"@type":"Article","@id":"https:\/\/apuntesdesanluis.com\/index.php\/2023\/11\/08\/la-provincia-mostro-sus-politicas-de-acompanamiento-al-productor-rural\/#article","isPartOf":{"@id":"https:\/\/apuntesdesanluis.com\/index.php\/2023\/11\/08\/la-provincia-mostro-sus-politicas-de-acompanamiento-al-productor-rural\/"},"author":{"name":"apuntesdesanluis.com","@id":"https:\/\/apuntesdesanluis.com\/#\/schema\/person\/b55151d52296fcce64d1a72538a70b90"},"headline":"LA PROVINCIA MOSTR\u00d3 SUS POL\u00cdTICAS DE ACOMPA\u00d1AMIENTO AL PRODUCTOR RURAL","datePublished":"2023-11-08T22:50:53+00:00","dateModified":"2023-11-08T22:52:09+00:00","mainEntityOfPage":{"@id":"https:\/\/apuntesdesanluis.com\/index.php\/2023\/11\/08\/la-provincia-mostro-sus-politicas-de-acompanamiento-al-productor-rural\/"},"wordCount":591,"publisher":{"@id":"https:\/\/apuntesdesanluis.com\/#\/schema\/person\/b55151d52296fcce64d1a72538a70b90"},"image":{"@id":"https:\/\/apuntesdesanluis.com\/index.php\/2023\/11\/08\/la-provincia-mostro-sus-politicas-de-acompanamiento-al-productor-rural\/#primaryimage"},"thumbnailUrl":"https:\/\/apuntesdesanluis.com\/wp-content\/uploads\/2023\/11\/funcionarios.png","articleSection":["Ciudad\/Provincia"],"inLanguage":"es-AR"},{"@type":"WebPage","@id":"https:\/\/apuntesdesanluis.com\/index.php\/2023\/11\/08\/la-provincia-mostro-sus-politicas-de-acompanamiento-al-productor-rural\/","url":"https:\/\/apuntesdesanluis.com\/index.php\/2023\/11\/08\/la-provincia-mostro-sus-politicas-de-acompanamiento-al-productor-rural\/","name":"LA PROVINCIA MOSTR\u00d3 SUS POL\u00cdTICAS DE ACOMPA\u00d1AMIENTO AL PRODUCTOR RURAL - Apuntes de San Luis","isPartOf":{"@id":"https:\/\/apuntesdesanluis.com\/#website"},"primaryImageOfPage":{"@id":"https:\/\/apuntesdesanluis.com\/index.php\/2023\/11\/08\/la-provincia-mostro-sus-politicas-de-acompanamiento-al-productor-rural\/#primaryimage"},"image":{"@id":"https:\/\/apuntesdesanluis.com\/index.php\/2023\/11\/08\/la-provincia-mostro-sus-politicas-de-acompanamiento-al-productor-rural\/#primaryimage"},"thumbnailUrl":"https:\/\/apuntesdesanluis.com\/wp-content\/uploads\/2023\/11\/funcionarios.png","datePublished":"2023-11-08T22:50:53+00:00","dateModified":"2023-11-08T22:52:09+00:00","breadcrumb":{"@id":"https:\/\/apuntesdesanluis.com\/index.php\/2023\/11\/08\/la-provincia-mostro-sus-politicas-de-acompanamiento-al-productor-rural\/#breadcrumb"},"inLanguage":"es-AR","potentialAction":[{"@type":"ReadAction","target":["https:\/\/apuntesdesanluis.com\/index.php\/2023\/11\/08\/la-provincia-mostro-sus-politicas-de-acompanamiento-al-productor-rural\/"]}]},{"@type":"ImageObject","inLanguage":"es-AR","@id":"https:\/\/apuntesdesanluis.com\/index.php\/2023\/11\/08\/la-provincia-mostro-sus-politicas-de-acompanamiento-al-productor-rural\/#primaryimage","url":"https:\/\/apuntesdesanluis.com\/wp-content\/uploads\/2023\/11\/funcionarios.png","contentUrl":"https:\/\/apuntesdesanluis.com\/wp-content\/uploads\/2023\/11\/funcionarios.png","width":573,"height":393},{"@type":"BreadcrumbList","@id":"https:\/\/apuntesdesanluis.com\/index.php\/2023\/11\/08\/la-provincia-mostro-sus-politicas-de-acompanamiento-al-productor-rural\/#breadcrumb","itemListElement":[{"@type":"ListItem","position":1,"name":"Inicio","item":"https:\/\/apuntesdesanluis.com\/"},{"@type":"ListItem","position":2,"name":"LA PROVINCIA MOSTR\u00d3 SUS POL\u00cdTICAS DE ACOMPA\u00d1AMIENTO AL PRODUCTOR RURAL"}]},{"@type":"WebSite","@id":"https:\/\/apuntesdesanluis.com\/#website","url":"https:\/\/apuntesdesanluis.com\/","name":"Apuntes de San Luis","description":"","publisher":{"@id":"https:\/\/apuntesdesanluis.com\/#\/schema\/person\/b55151d52296fcce64d1a72538a70b90"},"potentialAction":[{"@type":"SearchAction","target":{"@type":"EntryPoint","urlTemplate":"https:\/\/apuntesdesanluis.com\/?s={search_term_string}"},"query-input":{"@type":"PropertyValueSpecification","valueRequired":true,"valueName":"search_term_string"}}],"inLanguage":"es-AR"},{"@type":["Person","Organization"],"@id":"https:\/\/apuntesdesanluis.com\/#\/schema\/person\/b55151d52296fcce64d1a72538a70b90","name":"apuntesdesanluis.com","image":{"@type":"ImageObject","inLanguage":"es-AR","@id":"https:\/\/apuntesdesanluis.com\/#\/schema\/person\/image\/","url":"https:\/\/apuntesdesanluis.com\/wp-content\/uploads\/2023\/07\/cropped-apuntesdesanluis.png","contentUrl":"https:\/\/apuntesdesanluis.com\/wp-content\/uploads\/2023\/07\/cropped-apuntesdesanluis.png","width":450,"height":112,"caption":"apuntesdesanluis.com"},"logo":{"@id":"https:\/\/apuntesdesanluis.com\/#\/schema\/person\/image\/"},"sameAs":["https:\/\/apuntesdesanluis.com"],"url":"https:\/\/apuntesdesanluis.com\/index.php\/author\/apuntesdesanluis-com\/"}]}},"featured_image_urls":{"full":["https:\/\/apuntesdesanluis.com\/wp-content\/uploads\/2023\/11\/funcionarios.png",573,393,false],"thumbnail":["https:\/\/apuntesdesanluis.com\/wp-content\/uploads\/2023\/11\/funcionarios-150x150.png",150,150,true],"medium":["https:\/\/apuntesdesanluis.com\/wp-content\/uploads\/2023\/11\/funcionarios-300x206.png",300,206,true],"medium_large":["https:\/\/apuntesdesanluis.com\/wp-content\/uploads\/2023\/11\/funcionarios.png",573,393,false],"large":["https:\/\/apuntesdesanluis.com\/wp-content\/uploads\/2023\/11\/funcionarios.png",573,393,false],"1536x1536":["https:\/\/apuntesdesanluis.com\/wp-content\/uploads\/2023\/11\/funcionarios.png",573,393,false],"2048x2048":["https:\/\/apuntesdesanluis.com\/wp-content\/uploads\/2023\/11\/funcionarios.png",573,393,false],"newsever-slider-full":["https:\/\/apuntesdesanluis.com\/wp-content\/uploads\/2023\/11\/funcionarios.png",573,393,false],"newsever-featured":["https:\/\/apuntesdesanluis.com\/wp-content\/uploads\/2023\/11\/funcionarios.png",573,393,false],"newsever-medium":["https:\/\/apuntesdesanluis.com\/wp-content\/uploads\/2023\/11\/funcionarios.png",573,393,false]},"author_info":{"display_name":"apuntesdesanluis.com","author_link":"https:\/\/apuntesdesanluis.com\/index.php\/author\/apuntesdesanluis-com\/"},"category_info":"<a href=\"https:\/\/apuntesdesanluis.com\/index.php\/category\/ciudad-provincia\/\" rel=\"category tag\">Ciudad\/Provincia<\/a>","tag_info":"Ciudad\/Provincia","comment_count":"0","_links":{"self":[{"href":"https:\/\/apuntesdesanluis.com\/index.php\/wp-json\/wp\/v2\/posts\/6491","targetHints":{"allow":["GET"]}}],"collection":[{"href":"https:\/\/apuntesdesanluis.com\/index.php\/wp-json\/wp\/v2\/posts"}],"about":[{"href":"https:\/\/apuntesdesanluis.com\/index.php\/wp-json\/wp\/v2\/types\/post"}],"author":[{"embeddable":true,"href":"https:\/\/apuntesdesanluis.com\/index.php\/wp-json\/wp\/v2\/users\/1"}],"replies":[{"embeddable":true,"href":"https:\/\/apuntesdesanluis.com\/index.php\/wp-json\/wp\/v2\/comments?post=6491"}],"version-history":[{"count":1,"href":"https:\/\/apuntesdesanluis.com\/index.php\/wp-json\/wp\/v2\/posts\/6491\/revisions"}],"predecessor-version":[{"id":6494,"href":"https:\/\/apuntesdesanluis.com\/index.php\/wp-json\/wp\/v2\/posts\/6491\/revisions\/6494"}],"wp:featuredmedia":[{"embeddable":true,"href":"https:\/\/apuntesdesanluis.com\/index.php\/wp-json\/wp\/v2\/media\/6495"}],"wp:attachment":[{"href":"https:\/\/apuntesdesanluis.com\/index.php\/wp-json\/wp\/v2\/media?parent=6491"}],"wp:term":[{"taxonomy":"category","embeddable":true,"href":"https:\/\/apuntesdesanluis.com\/index.php\/wp-json\/wp\/v2\/categories?post=6491"},{"taxonomy":"post_tag","embeddable":true,"href":"https:\/\/apuntesdesanluis.com\/index.php\/wp-json\/wp\/v2\/tags?post=6491"}],"curies":[{"name":"wp","href":"https:\/\/api.w.org\/{rel}","templated":true}]}}