{"id":6510,"date":"2023-11-08T20:36:58","date_gmt":"2023-11-08T23:36:58","guid":{"rendered":"https:\/\/apuntesdesanluis.com\/?p=6510"},"modified":"2023-11-08T20:36:58","modified_gmt":"2023-11-08T23:36:58","slug":"detuvieron-al-hijo-mayor-del-intendente-de-baradero-por-el-crimen-de-un-productor-porcino","status":"publish","type":"post","link":"https:\/\/apuntesdesanluis.com\/index.php\/2023\/11\/08\/detuvieron-al-hijo-mayor-del-intendente-de-baradero-por-el-crimen-de-un-productor-porcino\/","title":{"rendered":"DETUVIERON AL HIJO MAYOR DEL INTENDENTE DE BARADERO POR EL CRIMEN DE UN PRODUCTOR PORCINO"},"content":{"rendered":"<h3>Felipe Sanzio tiene 19 a\u00f1os, es el mayor de los cinco hijos del intendente de Baradero reelecto en octubre pasado, Esteban \u201cTito\u201d Sanzio, y este mi\u00e9rcoles fue detenido en la automotriz en la que trabaja, acusado de haber formado parte de la banda que en agosto pasado ingres\u00f3 a la casaquinta del productor porcino Gustavo Desimone (50) y lo mat\u00f3 en el marco de un robo. Fue clave un testigo de identidad reservada \u201cque aport\u00f3 datos relevantes\u201d, seg\u00fan dijeron fuentes judiciales.<\/h3>\n<h3>El cuerpo de Desimone fue hallado en su casa del barrio Colonia Suiza, a metros de la ruta provincial 41, en la zona rural de Baradero el 30 de agosto \u00faltimo. El cad\u00e1ver estaba maniatado con las manos por detr\u00e1s, con la cabeza cubierta y con un balazo por debajo del om\u00f3plato derecho de una escopeta.<\/h3>\n<h3>La primera hip\u00f3tesis fue que al empresario lo mataron para robarle una suma importante de dinero, por eso la fiscal de la UFI N\u00b07 de San Pedro, descentralizada del departamento judicial de San Nicol\u00e1s, Mar\u00eda del Valle Viviani, lo investiga como un homicidio criminis causa.<\/h3>\n<h3>Seg\u00fan confiaron fuentes del caso a este medio, al principio de la investigaci\u00f3n \u201cse estaba detr\u00e1s de algunos sospechosos que hab\u00edan estado en contacto con la v\u00edctima d\u00edas previos al crimen\u201d. Luego, se puedo establecer la relaci\u00f3n entre ellos con el an\u00e1lisis de las llamadas. Fue en ese contexto que apareci\u00f3 un testigo clave.<\/h3>\n<h3>\u201cSe present\u00f3 y dijo que estuvo cuando se plane\u00f3 el robo. Dio detalles y, a partir de all\u00ed, se comenz\u00f3 a chequear cada dato que dio con minuciosidad. Al comprobarse sus dichos, se ordenaron los allanamientos y las detenciones, entre las que se encontraba la del hijo del Intendente\u201d, ampliaron la g\u00e9nesis de c\u00f3mo llegaron a Sanzio.<\/h3>\n<h3><em> <img fetchpriority=\"high\" decoding=\"async\" class=\"wp-image-6511 aligncenter\" src=\"https:\/\/apuntesdesanluis.com\/wp-content\/uploads\/2023\/11\/sanzio-300x168.png\" alt=\"\" width=\"807\" height=\"452\" srcset=\"https:\/\/apuntesdesanluis.com\/wp-content\/uploads\/2023\/11\/sanzio-300x168.png 300w, https:\/\/apuntesdesanluis.com\/wp-content\/uploads\/2023\/11\/sanzio.png 600w\" sizes=\"(max-width: 807px) 100vw, 807px\" \/><\/em><\/h3>\n<h4 style=\"text-align: center;\"><em>Esteban Sanzio, intendente de Baradero.<\/em><\/h4>\n<h3>\u201cLuego, refiri\u00f3 que pudo ver los d\u00f3lares que fueron sustra\u00eddos a Desimone, los cuales estaban en poder de los ahora detenidos\u201d, subrayaron las fuentes el aporte del testigo clave.<\/h3>\n<h3>Las detenciones las hizo personal de la Direcci\u00f3n Departamental de Investigaciones (DDI) Z\u00e1rate-Campana, por pedido de la fiscal de la causa. Los sospechosos apresados, adem\u00e1s del hijo del intendente de Baradero, fueron identificados por las fuentes como Mat\u00edas Brey, Fabi\u00e1n Fern\u00e1ndez y Ramiro Rey Bacareza.<\/h3>\n<h3>Justamente, Rey Bacareza estaba preso en una sede policial del partido de Z\u00e1rate desde el 6 de septiembre por otro caso de robo.<\/h3>\n<h3>Una fuente con acceso al expediente explic\u00f3 a la agencia de noticias T\u00e9lam que Brey, Rey Bacareza y Sanzio est\u00e1n acusados como coautores del \u201chomicidio criminis causa\u201d, calificaci\u00f3n que se usa cuando se mata para lograr impunidad en otro delito, en este caso el robo.<\/h3>\n<h3>Mientras que a Fern\u00e1ndez se lo imput\u00f3 como \u201cpart\u00edcipe necesario\u201d del robo agravado por el uso de arma de fuego en poblado y en banda. Infobae pudo saber que en el expediente figura que, en base a los dichos del testigo clave, fue este detenido quien le dio al resto \u201cel dato para cometer el robo, al comentar que la v\u00edctima ten\u00eda dinero\u201d.<\/h3>\n<h3>Incluso, explicaron que Fern\u00e1ndez \u201cles mostr\u00f3 desde su celular fotos del lugar en donde ten\u00edan que atacar, del frente de la casa y del due\u00f1o, les dijo que la v\u00edctima viv\u00eda solo y les indico c\u00f3mo ingresar\u201d.<\/h3>\n<h3>Los cuatro acusados ser\u00e1n indagados este jueves por la fiscal Del Valle Viviani, quien a\u00fan no pudo determinar cu\u00e1l de los tres detenidos por el homicidio del productor porcino fue el autor del disparo mortal.<\/h3>\n<h3>Seg\u00fan el portal La Opini\u00f3n, tras el crimen de Desimone y, luego de analizar las c\u00e1maras de seguridad, se identific\u00f3 un Volkswagen Bora: el auto que habr\u00eda usado la banda para llegar hasta la casaquinta. Luego, el 9 de septiembre pasado, la Polic\u00eda allan\u00f3 una casilla en donde se secuestraron dos escopetas.<\/h3>\n<p><img decoding=\"async\" class=\"wp-image-6513 aligncenter\" src=\"https:\/\/apuntesdesanluis.com\/wp-content\/uploads\/2023\/11\/muerto-300x174.png\" alt=\"\" width=\"743\" height=\"431\" srcset=\"https:\/\/apuntesdesanluis.com\/wp-content\/uploads\/2023\/11\/muerto-300x174.png 300w, https:\/\/apuntesdesanluis.com\/wp-content\/uploads\/2023\/11\/muerto.png 609w\" sizes=\"(max-width: 743px) 100vw, 743px\" \/><\/p>\n<h4 style=\"text-align: center;\"><em>Gustavo Desimone, el productor porcino asesinado en Baradero.<\/em><\/h4>\n<h3>Justamente, este mi\u00e9rcoles se secuestraron pesos, d\u00f3lares, reales y Euros, telefon\u00eda celular, vestimentas a medio quemar, cartuchos de escopeta calibre 12, 16 y 28, cartuchos de plomo desnudo calibre .38, 9 mil\u00edmetros y dos vainas servidas. En un primer momento, la causa por el crimen de Desimone era investigada por la Fiscal\u00eda N\u00ba 9 de Baradero, que conduce Vicente G\u00f3mez.<\/h3>\n<h3>COMUNICADO<\/h3>\n<h3>Esteban Sanzio, intendente de Baradero y padre de Felipe, indic\u00f3 en un comunicado que tras ser informado de la detenci\u00f3n de su hijo, solo puede \u201cmanifestar la perplejidad por la noticia\u201d. Y agreg\u00f3: \u201dDesconozco por completo las razones que generaron la diligencia judicial, pero tengo plena confianza de su inocencia\u201d. Tambi\u00e9n dijo que desconoce \u201cel contenido de las actuaciones judiciales\u201d.<\/h3>\n","protected":false},"excerpt":{"rendered":"<p>Felipe Sanzio tiene 19 a\u00f1os, es el mayor de los cinco hijos del intendente de&#8230;<\/p>\n","protected":false},"author":1,"featured_media":6512,"comment_status":"closed","ping_status":"closed","sticky":false,"template":"","format":"standard","meta":{"footnotes":""},"categories":[5],"tags":[],"class_list":["post-6510","post","type-post","status-publish","format-standard","has-post-thumbnail","hentry","category-nacionales-internacionales"],"yoast_head":"<!-- This site is optimized with the Yoast SEO plugin v26.1.1 - https:\/\/yoast.com\/wordpress\/plugins\/seo\/ -->\n<title>DETUVIERON AL HIJO MAYOR DEL INTENDENTE DE BARADERO POR EL CRIMEN DE UN PRODUCTOR PORCINO - Apuntes de San Luis<\/title>\n<meta name=\"robots\" content=\"index, follow, max-snippet:-1, max-image-preview:large, max-video-preview:-1\" \/>\n<link rel=\"canonical\" href=\"https:\/\/apuntesdesanluis.com\/index.php\/2023\/11\/08\/detuvieron-al-hijo-mayor-del-intendente-de-baradero-por-el-crimen-de-un-productor-porcino\/\" \/>\n<meta property=\"og:locale\" content=\"es_ES\" \/>\n<meta property=\"og:type\" content=\"article\" \/>\n<meta property=\"og:title\" content=\"DETUVIERON AL HIJO MAYOR DEL INTENDENTE DE BARADERO POR EL CRIMEN DE UN PRODUCTOR PORCINO - Apuntes de San Luis\" \/>\n<meta property=\"og:description\" content=\"Felipe Sanzio tiene 19 a\u00f1os, es el mayor de los cinco hijos del intendente de...\" \/>\n<meta property=\"og:url\" content=\"https:\/\/apuntesdesanluis.com\/index.php\/2023\/11\/08\/detuvieron-al-hijo-mayor-del-intendente-de-baradero-por-el-crimen-de-un-productor-porcino\/\" \/>\n<meta property=\"og:site_name\" content=\"Apuntes de San Luis\" \/>\n<meta property=\"article:published_time\" content=\"2023-11-08T23:36:58+00:00\" \/>\n<meta property=\"og:image\" content=\"https:\/\/apuntesdesanluis.com\/wp-content\/uploads\/2023\/11\/hijo.png\" \/>\n\t<meta property=\"og:image:width\" content=\"786\" \/>\n\t<meta property=\"og:image:height\" content=\"468\" \/>\n\t<meta property=\"og:image:type\" content=\"image\/png\" \/>\n<meta name=\"author\" content=\"apuntesdesanluis.com\" \/>\n<meta name=\"twitter:card\" content=\"summary_large_image\" \/>\n<meta name=\"twitter:label1\" content=\"Escrito por\" \/>\n\t<meta name=\"twitter:data1\" content=\"apuntesdesanluis.com\" \/>\n\t<meta name=\"twitter:label2\" content=\"Tiempo de lectura\" \/>\n\t<meta name=\"twitter:data2\" content=\"4 minutos\" \/>\n<script type=\"application\/ld+json\" class=\"yoast-schema-graph\">{\"@context\":\"https:\/\/schema.org\",\"@graph\":[{\"@type\":\"Article\",\"@id\":\"https:\/\/apuntesdesanluis.com\/index.php\/2023\/11\/08\/detuvieron-al-hijo-mayor-del-intendente-de-baradero-por-el-crimen-de-un-productor-porcino\/#article\",\"isPartOf\":{\"@id\":\"https:\/\/apuntesdesanluis.com\/index.php\/2023\/11\/08\/detuvieron-al-hijo-mayor-del-intendente-de-baradero-por-el-crimen-de-un-productor-porcino\/\"},\"author\":{\"name\":\"apuntesdesanluis.com\",\"@id\":\"https:\/\/apuntesdesanluis.com\/#\/schema\/person\/b55151d52296fcce64d1a72538a70b90\"},\"headline\":\"DETUVIERON AL HIJO MAYOR DEL INTENDENTE DE BARADERO POR EL CRIMEN DE UN PRODUCTOR PORCINO\",\"datePublished\":\"2023-11-08T23:36:58+00:00\",\"mainEntityOfPage\":{\"@id\":\"https:\/\/apuntesdesanluis.com\/index.php\/2023\/11\/08\/detuvieron-al-hijo-mayor-del-intendente-de-baradero-por-el-crimen-de-un-productor-porcino\/\"},\"wordCount\":816,\"publisher\":{\"@id\":\"https:\/\/apuntesdesanluis.com\/#\/schema\/person\/b55151d52296fcce64d1a72538a70b90\"},\"image\":{\"@id\":\"https:\/\/apuntesdesanluis.com\/index.php\/2023\/11\/08\/detuvieron-al-hijo-mayor-del-intendente-de-baradero-por-el-crimen-de-un-productor-porcino\/#primaryimage\"},\"thumbnailUrl\":\"https:\/\/apuntesdesanluis.com\/wp-content\/uploads\/2023\/11\/hijo.png\",\"articleSection\":[\"Nacionales\/Internacionales\"],\"inLanguage\":\"es-AR\"},{\"@type\":\"WebPage\",\"@id\":\"https:\/\/apuntesdesanluis.com\/index.php\/2023\/11\/08\/detuvieron-al-hijo-mayor-del-intendente-de-baradero-por-el-crimen-de-un-productor-porcino\/\",\"url\":\"https:\/\/apuntesdesanluis.com\/index.php\/2023\/11\/08\/detuvieron-al-hijo-mayor-del-intendente-de-baradero-por-el-crimen-de-un-productor-porcino\/\",\"name\":\"DETUVIERON AL HIJO MAYOR DEL INTENDENTE DE BARADERO POR EL CRIMEN DE UN PRODUCTOR PORCINO - Apuntes de San Luis\",\"isPartOf\":{\"@id\":\"https:\/\/apuntesdesanluis.com\/#website\"},\"primaryImageOfPage\":{\"@id\":\"https:\/\/apuntesdesanluis.com\/index.php\/2023\/11\/08\/detuvieron-al-hijo-mayor-del-intendente-de-baradero-por-el-crimen-de-un-productor-porcino\/#primaryimage\"},\"image\":{\"@id\":\"https:\/\/apuntesdesanluis.com\/index.php\/2023\/11\/08\/detuvieron-al-hijo-mayor-del-intendente-de-baradero-por-el-crimen-de-un-productor-porcino\/#primaryimage\"},\"thumbnailUrl\":\"https:\/\/apuntesdesanluis.com\/wp-content\/uploads\/2023\/11\/hijo.png\",\"datePublished\":\"2023-11-08T23:36:58+00:00\",\"breadcrumb\":{\"@id\":\"https:\/\/apuntesdesanluis.com\/index.php\/2023\/11\/08\/detuvieron-al-hijo-mayor-del-intendente-de-baradero-por-el-crimen-de-un-productor-porcino\/#breadcrumb\"},\"inLanguage\":\"es-AR\",\"potentialAction\":[{\"@type\":\"ReadAction\",\"target\":[\"https:\/\/apuntesdesanluis.com\/index.php\/2023\/11\/08\/detuvieron-al-hijo-mayor-del-intendente-de-baradero-por-el-crimen-de-un-productor-porcino\/\"]}]},{\"@type\":\"ImageObject\",\"inLanguage\":\"es-AR\",\"@id\":\"https:\/\/apuntesdesanluis.com\/index.php\/2023\/11\/08\/detuvieron-al-hijo-mayor-del-intendente-de-baradero-por-el-crimen-de-un-productor-porcino\/#primaryimage\",\"url\":\"https:\/\/apuntesdesanluis.com\/wp-content\/uploads\/2023\/11\/hijo.png\",\"contentUrl\":\"https:\/\/apuntesdesanluis.com\/wp-content\/uploads\/2023\/11\/hijo.png\",\"width\":786,\"height\":468},{\"@type\":\"BreadcrumbList\",\"@id\":\"https:\/\/apuntesdesanluis.com\/index.php\/2023\/11\/08\/detuvieron-al-hijo-mayor-del-intendente-de-baradero-por-el-crimen-de-un-productor-porcino\/#breadcrumb\",\"itemListElement\":[{\"@type\":\"ListItem\",\"position\":1,\"name\":\"Inicio\",\"item\":\"https:\/\/apuntesdesanluis.com\/\"},{\"@type\":\"ListItem\",\"position\":2,\"name\":\"DETUVIERON AL HIJO MAYOR DEL INTENDENTE DE BARADERO POR EL CRIMEN DE UN PRODUCTOR PORCINO\"}]},{\"@type\":\"WebSite\",\"@id\":\"https:\/\/apuntesdesanluis.com\/#website\",\"url\":\"https:\/\/apuntesdesanluis.com\/\",\"name\":\"Apuntes de San Luis\",\"description\":\"\",\"publisher\":{\"@id\":\"https:\/\/apuntesdesanluis.com\/#\/schema\/person\/b55151d52296fcce64d1a72538a70b90\"},\"potentialAction\":[{\"@type\":\"SearchAction\",\"target\":{\"@type\":\"EntryPoint\",\"urlTemplate\":\"https:\/\/apuntesdesanluis.com\/?s={search_term_string}\"},\"query-input\":{\"@type\":\"PropertyValueSpecification\",\"valueRequired\":true,\"valueName\":\"search_term_string\"}}],\"inLanguage\":\"es-AR\"},{\"@type\":[\"Person\",\"Organization\"],\"@id\":\"https:\/\/apuntesdesanluis.com\/#\/schema\/person\/b55151d52296fcce64d1a72538a70b90\",\"name\":\"apuntesdesanluis.com\",\"image\":{\"@type\":\"ImageObject\",\"inLanguage\":\"es-AR\",\"@id\":\"https:\/\/apuntesdesanluis.com\/#\/schema\/person\/image\/\",\"url\":\"https:\/\/apuntesdesanluis.com\/wp-content\/uploads\/2023\/07\/cropped-apuntesdesanluis.png\",\"contentUrl\":\"https:\/\/apuntesdesanluis.com\/wp-content\/uploads\/2023\/07\/cropped-apuntesdesanluis.png\",\"width\":450,\"height\":112,\"caption\":\"apuntesdesanluis.com\"},\"logo\":{\"@id\":\"https:\/\/apuntesdesanluis.com\/#\/schema\/person\/image\/\"},\"sameAs\":[\"https:\/\/apuntesdesanluis.com\"],\"url\":\"https:\/\/apuntesdesanluis.com\/index.php\/author\/apuntesdesanluis-com\/\"}]}<\/script>\n<!-- \/ Yoast SEO plugin. -->","yoast_head_json":{"title":"DETUVIERON AL HIJO MAYOR DEL INTENDENTE DE BARADERO POR EL CRIMEN DE UN PRODUCTOR PORCINO - Apuntes de San Luis","robots":{"index":"index","follow":"follow","max-snippet":"max-snippet:-1","max-image-preview":"max-image-preview:large","max-video-preview":"max-video-preview:-1"},"canonical":"https:\/\/apuntesdesanluis.com\/index.php\/2023\/11\/08\/detuvieron-al-hijo-mayor-del-intendente-de-baradero-por-el-crimen-de-un-productor-porcino\/","og_locale":"es_ES","og_type":"article","og_title":"DETUVIERON AL HIJO MAYOR DEL INTENDENTE DE BARADERO POR EL CRIMEN DE UN PRODUCTOR PORCINO - Apuntes de San Luis","og_description":"Felipe Sanzio tiene 19 a\u00f1os, es el mayor de los cinco hijos del intendente de...","og_url":"https:\/\/apuntesdesanluis.com\/index.php\/2023\/11\/08\/detuvieron-al-hijo-mayor-del-intendente-de-baradero-por-el-crimen-de-un-productor-porcino\/","og_site_name":"Apuntes de San Luis","article_published_time":"2023-11-08T23:36:58+00:00","og_image":[{"width":786,"height":468,"url":"https:\/\/apuntesdesanluis.com\/wp-content\/uploads\/2023\/11\/hijo.png","type":"image\/png"}],"author":"apuntesdesanluis.com","twitter_card":"summary_large_image","twitter_misc":{"Escrito por":"apuntesdesanluis.com","Tiempo de lectura":"4 minutos"},"schema":{"@context":"https:\/\/schema.org","@graph":[{"@type":"Article","@id":"https:\/\/apuntesdesanluis.com\/index.php\/2023\/11\/08\/detuvieron-al-hijo-mayor-del-intendente-de-baradero-por-el-crimen-de-un-productor-porcino\/#article","isPartOf":{"@id":"https:\/\/apuntesdesanluis.com\/index.php\/2023\/11\/08\/detuvieron-al-hijo-mayor-del-intendente-de-baradero-por-el-crimen-de-un-productor-porcino\/"},"author":{"name":"apuntesdesanluis.com","@id":"https:\/\/apuntesdesanluis.com\/#\/schema\/person\/b55151d52296fcce64d1a72538a70b90"},"headline":"DETUVIERON AL HIJO MAYOR DEL INTENDENTE DE BARADERO POR EL CRIMEN DE UN PRODUCTOR PORCINO","datePublished":"2023-11-08T23:36:58+00:00","mainEntityOfPage":{"@id":"https:\/\/apuntesdesanluis.com\/index.php\/2023\/11\/08\/detuvieron-al-hijo-mayor-del-intendente-de-baradero-por-el-crimen-de-un-productor-porcino\/"},"wordCount":816,"publisher":{"@id":"https:\/\/apuntesdesanluis.com\/#\/schema\/person\/b55151d52296fcce64d1a72538a70b90"},"image":{"@id":"https:\/\/apuntesdesanluis.com\/index.php\/2023\/11\/08\/detuvieron-al-hijo-mayor-del-intendente-de-baradero-por-el-crimen-de-un-productor-porcino\/#primaryimage"},"thumbnailUrl":"https:\/\/apuntesdesanluis.com\/wp-content\/uploads\/2023\/11\/hijo.png","articleSection":["Nacionales\/Internacionales"],"inLanguage":"es-AR"},{"@type":"WebPage","@id":"https:\/\/apuntesdesanluis.com\/index.php\/2023\/11\/08\/detuvieron-al-hijo-mayor-del-intendente-de-baradero-por-el-crimen-de-un-productor-porcino\/","url":"https:\/\/apuntesdesanluis.com\/index.php\/2023\/11\/08\/detuvieron-al-hijo-mayor-del-intendente-de-baradero-por-el-crimen-de-un-productor-porcino\/","name":"DETUVIERON AL HIJO MAYOR DEL INTENDENTE DE BARADERO POR EL CRIMEN DE UN PRODUCTOR PORCINO - Apuntes de San Luis","isPartOf":{"@id":"https:\/\/apuntesdesanluis.com\/#website"},"primaryImageOfPage":{"@id":"https:\/\/apuntesdesanluis.com\/index.php\/2023\/11\/08\/detuvieron-al-hijo-mayor-del-intendente-de-baradero-por-el-crimen-de-un-productor-porcino\/#primaryimage"},"image":{"@id":"https:\/\/apuntesdesanluis.com\/index.php\/2023\/11\/08\/detuvieron-al-hijo-mayor-del-intendente-de-baradero-por-el-crimen-de-un-productor-porcino\/#primaryimage"},"thumbnailUrl":"https:\/\/apuntesdesanluis.com\/wp-content\/uploads\/2023\/11\/hijo.png","datePublished":"2023-11-08T23:36:58+00:00","breadcrumb":{"@id":"https:\/\/apuntesdesanluis.com\/index.php\/2023\/11\/08\/detuvieron-al-hijo-mayor-del-intendente-de-baradero-por-el-crimen-de-un-productor-porcino\/#breadcrumb"},"inLanguage":"es-AR","potentialAction":[{"@type":"ReadAction","target":["https:\/\/apuntesdesanluis.com\/index.php\/2023\/11\/08\/detuvieron-al-hijo-mayor-del-intendente-de-baradero-por-el-crimen-de-un-productor-porcino\/"]}]},{"@type":"ImageObject","inLanguage":"es-AR","@id":"https:\/\/apuntesdesanluis.com\/index.php\/2023\/11\/08\/detuvieron-al-hijo-mayor-del-intendente-de-baradero-por-el-crimen-de-un-productor-porcino\/#primaryimage","url":"https:\/\/apuntesdesanluis.com\/wp-content\/uploads\/2023\/11\/hijo.png","contentUrl":"https:\/\/apuntesdesanluis.com\/wp-content\/uploads\/2023\/11\/hijo.png","width":786,"height":468},{"@type":"BreadcrumbList","@id":"https:\/\/apuntesdesanluis.com\/index.php\/2023\/11\/08\/detuvieron-al-hijo-mayor-del-intendente-de-baradero-por-el-crimen-de-un-productor-porcino\/#breadcrumb","itemListElement":[{"@type":"ListItem","position":1,"name":"Inicio","item":"https:\/\/apuntesdesanluis.com\/"},{"@type":"ListItem","position":2,"name":"DETUVIERON AL HIJO MAYOR DEL INTENDENTE DE BARADERO POR EL CRIMEN DE UN PRODUCTOR PORCINO"}]},{"@type":"WebSite","@id":"https:\/\/apuntesdesanluis.com\/#website","url":"https:\/\/apuntesdesanluis.com\/","name":"Apuntes de San Luis","description":"","publisher":{"@id":"https:\/\/apuntesdesanluis.com\/#\/schema\/person\/b55151d52296fcce64d1a72538a70b90"},"potentialAction":[{"@type":"SearchAction","target":{"@type":"EntryPoint","urlTemplate":"https:\/\/apuntesdesanluis.com\/?s={search_term_string}"},"query-input":{"@type":"PropertyValueSpecification","valueRequired":true,"valueName":"search_term_string"}}],"inLanguage":"es-AR"},{"@type":["Person","Organization"],"@id":"https:\/\/apuntesdesanluis.com\/#\/schema\/person\/b55151d52296fcce64d1a72538a70b90","name":"apuntesdesanluis.com","image":{"@type":"ImageObject","inLanguage":"es-AR","@id":"https:\/\/apuntesdesanluis.com\/#\/schema\/person\/image\/","url":"https:\/\/apuntesdesanluis.com\/wp-content\/uploads\/2023\/07\/cropped-apuntesdesanluis.png","contentUrl":"https:\/\/apuntesdesanluis.com\/wp-content\/uploads\/2023\/07\/cropped-apuntesdesanluis.png","width":450,"height":112,"caption":"apuntesdesanluis.com"},"logo":{"@id":"https:\/\/apuntesdesanluis.com\/#\/schema\/person\/image\/"},"sameAs":["https:\/\/apuntesdesanluis.com"],"url":"https:\/\/apuntesdesanluis.com\/index.php\/author\/apuntesdesanluis-com\/"}]}},"featured_image_urls":{"full":["https:\/\/apuntesdesanluis.com\/wp-content\/uploads\/2023\/11\/hijo.png",786,468,false],"thumbnail":["https:\/\/apuntesdesanluis.com\/wp-content\/uploads\/2023\/11\/hijo-150x150.png",150,150,true],"medium":["https:\/\/apuntesdesanluis.com\/wp-content\/uploads\/2023\/11\/hijo-300x179.png",300,179,true],"medium_large":["https:\/\/apuntesdesanluis.com\/wp-content\/uploads\/2023\/11\/hijo-768x457.png",640,381,true],"large":["https:\/\/apuntesdesanluis.com\/wp-content\/uploads\/2023\/11\/hijo.png",640,381,false],"1536x1536":["https:\/\/apuntesdesanluis.com\/wp-content\/uploads\/2023\/11\/hijo.png",786,468,false],"2048x2048":["https:\/\/apuntesdesanluis.com\/wp-content\/uploads\/2023\/11\/hijo.png",786,468,false],"newsever-slider-full":["https:\/\/apuntesdesanluis.com\/wp-content\/uploads\/2023\/11\/hijo.png",786,468,false],"newsever-featured":["https:\/\/apuntesdesanluis.com\/wp-content\/uploads\/2023\/11\/hijo.png",786,468,false],"newsever-medium":["https:\/\/apuntesdesanluis.com\/wp-content\/uploads\/2023\/11\/hijo-720x468.png",720,468,true]},"author_info":{"display_name":"apuntesdesanluis.com","author_link":"https:\/\/apuntesdesanluis.com\/index.php\/author\/apuntesdesanluis-com\/"},"category_info":"<a href=\"https:\/\/apuntesdesanluis.com\/index.php\/category\/nacionales-internacionales\/\" rel=\"category tag\">Nacionales\/Internacionales<\/a>","tag_info":"Nacionales\/Internacionales","comment_count":"0","_links":{"self":[{"href":"https:\/\/apuntesdesanluis.com\/index.php\/wp-json\/wp\/v2\/posts\/6510","targetHints":{"allow":["GET"]}}],"collection":[{"href":"https:\/\/apuntesdesanluis.com\/index.php\/wp-json\/wp\/v2\/posts"}],"about":[{"href":"https:\/\/apuntesdesanluis.com\/index.php\/wp-json\/wp\/v2\/types\/post"}],"author":[{"embeddable":true,"href":"https:\/\/apuntesdesanluis.com\/index.php\/wp-json\/wp\/v2\/users\/1"}],"replies":[{"embeddable":true,"href":"https:\/\/apuntesdesanluis.com\/index.php\/wp-json\/wp\/v2\/comments?post=6510"}],"version-history":[{"count":1,"href":"https:\/\/apuntesdesanluis.com\/index.php\/wp-json\/wp\/v2\/posts\/6510\/revisions"}],"predecessor-version":[{"id":6514,"href":"https:\/\/apuntesdesanluis.com\/index.php\/wp-json\/wp\/v2\/posts\/6510\/revisions\/6514"}],"wp:featuredmedia":[{"embeddable":true,"href":"https:\/\/apuntesdesanluis.com\/index.php\/wp-json\/wp\/v2\/media\/6512"}],"wp:attachment":[{"href":"https:\/\/apuntesdesanluis.com\/index.php\/wp-json\/wp\/v2\/media?parent=6510"}],"wp:term":[{"taxonomy":"category","embeddable":true,"href":"https:\/\/apuntesdesanluis.com\/index.php\/wp-json\/wp\/v2\/categories?post=6510"},{"taxonomy":"post_tag","embeddable":true,"href":"https:\/\/apuntesdesanluis.com\/index.php\/wp-json\/wp\/v2\/tags?post=6510"}],"curies":[{"name":"wp","href":"https:\/\/api.w.org\/{rel}","templated":true}]}}