{"id":6518,"date":"2023-11-08T21:08:46","date_gmt":"2023-11-09T00:08:46","guid":{"rendered":"https:\/\/apuntesdesanluis.com\/?p=6518"},"modified":"2023-11-08T21:09:13","modified_gmt":"2023-11-09T00:09:13","slug":"mas-de-100-economistas-de-renombre-advirtieron-que-si-gana-milei-habra-devastacion-economica-y-caos-social","status":"publish","type":"post","link":"https:\/\/apuntesdesanluis.com\/index.php\/2023\/11\/08\/mas-de-100-economistas-de-renombre-advirtieron-que-si-gana-milei-habra-devastacion-economica-y-caos-social\/","title":{"rendered":"M\u00c1S DE 100 ECONOMISTAS DE RENOMBRE ADVIRTIERON QUE SI GANA MILEI HABR\u00c1 DEVASTACI\u00d3N ECON\u00d3MICA Y CAOS SOCIAL"},"content":{"rendered":"<h3>Un grupo de m\u00e1s de un centenar de economistas de todo el mundo public\u00f3 una carta abierta con fuertes cuestionamientos al candidato de La Libertad Avanza (LLA) <strong>Javier Milei<\/strong>, sobre quien consideraron que podr\u00eda provocar \u201cm\u00e1s devastaci\u00f3n en el corto plazo\u201d y \u201ccaos social\u201d en caso de ser electo presidente el pr\u00f3ximo 19 de noviembre, seg\u00fan public\u00f3 el diario ingl\u00e9s <strong>The Guardian<\/strong>.<\/h3>\n<h3>\u201cSi bien las soluciones aparentemente simples pueden ser atractivas, es probable que causen m\u00e1s devastaci\u00f3n en el mundo real en el corto plazo, al tiempo que reducen gravemente el espacio pol\u00edtico en el largo plazo\u201d, advirti\u00f3 la carta que sita el diario, entre cuyos firmantes se encuentran economistas de renombre como el franc\u00e9s Thomas Piketty, la india Jayati Ghosh, el serbio-estadounidense Branko Milanovic y el ex ministro de Finanzas de Colombia, Jos\u00e9 Antonio Ocampo.<\/h3>\n<h3>\u201cLas propuestas de dolarizaci\u00f3n y austeridad fiscal de Javier Milei pasan por alto las complejidades de las econom\u00edas modernas, ignoran las lecciones de las crisis hist\u00f3ricas y abren la puerta a acentuar desigualdades que ya son graves\u201d, mencionan los autores<\/h3>\n<h3>La carta abierta cuestiona que \u201cun alejamiento radical del pensamiento econ\u00f3mico tradicional\u201d como el que propone Milei se ajustan a pol\u00edticas \u201carraigadas en la econom\u00eda del laissez-faire\u201d que estar\u00edan \u201cplagadas de riesgos que las hacen potencialmente muy da\u00f1inas para la econom\u00eda argentina y el pueblo argentino\u201d.<\/h3>\n<h3>En la misiva que menciona The Guardian, los economistas advirtieron que \u201cuna reducci\u00f3n importante del gasto p\u00fablico aumentar\u00eda los ya elevados niveles de pobreza y desigualdad, y podr\u00eda dar lugar a un aumento significativo de las tensiones sociales y los conflictos\u201d.<\/h3>\n<h3><img fetchpriority=\"high\" decoding=\"async\" class=\"wp-image-6520 aligncenter\" src=\"https:\/\/apuntesdesanluis.com\/wp-content\/uploads\/2023\/11\/thomas-300x187.png\" alt=\"\" width=\"853\" height=\"532\" srcset=\"https:\/\/apuntesdesanluis.com\/wp-content\/uploads\/2023\/11\/thomas-300x187.png 300w, https:\/\/apuntesdesanluis.com\/wp-content\/uploads\/2023\/11\/thomas.png 600w\" sizes=\"(max-width: 853px) 100vw, 853px\" \/><\/h3>\n<h4 style=\"text-align: center;\"><em>El profesor y economista franc\u00e9s Thomas Piketty. <\/em><\/h4>\n<h3>\u00a0\u201cLas propuestas de dolarizaci\u00f3n y austeridad fiscal de Javier Milei pasan por alto las complejidades de las econom\u00edas modernas, ignoran las lecciones de las crisis hist\u00f3ricas y abren la puerta a acentuar desigualdades que ya son graves\u201d, escribieron.<\/h3>\n<h3>Citada por el peri\u00f3dico ingl\u00e9s, Ghosh, economista de desarrollo de la Universidad de Massachusetts Amherst, dijo que a ella y a los otros dos coautores de la carta, Piketty y Milanovic, les preocupaba que las pol\u00edticas de Milei \u201cfueran profundamente da\u00f1inas para Argentina y muy desafortunadas para todo el continente\u201d.<\/h3>\n<h3>\u201cEsto no es s\u00f3lo el caos social que podr\u00edan generar las posiciones de extrema derecha, sino tambi\u00e9n el caos econ\u00f3mico que resultar\u00eda de una disminuci\u00f3n tanto de los ingresos como del gasto p\u00fablicos\u201d, agreg\u00f3 Ghosh. \u201cLos argentinos van a votar en unas elecciones en las que hay decisiones muy dif\u00edciles. Pero una soluci\u00f3n libertaria que vilipendie al sector p\u00fablico s\u00f3lo aumentar\u00e1 el sufrimiento\u201d, dijo.<\/h3>\n<h3><img decoding=\"async\" class=\"wp-image-6519 aligncenter\" src=\"https:\/\/apuntesdesanluis.com\/wp-content\/uploads\/2023\/11\/branco-300x206.png\" alt=\"\" width=\"855\" height=\"587\" srcset=\"https:\/\/apuntesdesanluis.com\/wp-content\/uploads\/2023\/11\/branco-300x206.png 300w, https:\/\/apuntesdesanluis.com\/wp-content\/uploads\/2023\/11\/branco.png 600w\" sizes=\"(max-width: 855px) 100vw, 855px\" \/><\/h3>\n<h4 style=\"text-align: center;\"><em>El economista serbo-estadounidense Branko Milanovic, uno de los firmantes.<\/em><\/h4>\n<h3>En el art\u00edculo, el diario ingl\u00e9s asegura que \u201cMilei era ampliamente considerado el favorito antes de la primera vuelta del mes pasado, aunque inesperadamente termin\u00f3 segundo con el 29,9% de los votos frente al 36,6% de Massa. Desde entonces, sin embargo, el exc\u00e9ntrico economista ha recibido el respaldo de dos destacados conservadores: la candidata tercera, Patricia Bullrich, y el expresidente Mauricio Macri. La escasez de combustible tambi\u00e9n ha minado la campa\u00f1a de Massa\u201d.<\/h3>\n<h3>\u201cNo es s\u00f3lo el caos social que podr\u00edan generar las posiciones de extrema derecha, sino tambi\u00e9n el caos econ\u00f3mico que resultar\u00eda de una disminuci\u00f3n tanto de los ingresos como del gasto p\u00fablicos\u201d, cuestionaron<\/h3>\n<h3>\u201cMilei necesitaba centrar el debate en las fallas econ\u00f3micas del movimiento peronista de su oponente, que ha estado en el poder durante 16 de los \u00faltimos 20 a\u00f1os. Mientras tanto, Massa necesitaba concentrarse en el car\u00e1cter vol\u00e1til de Milei y convencer a los votantes de que no apoyaran a una bala perdida \u2018extravagante, enojada y loca\u2019 como su rival\u201d, consideraron los autores del art\u00edculo Uki Go\u00f1i y Tom Phillips.<\/h3>\n<h3>\u201cEs poco probable que Milei, que estalla en ataques de ira incontrolables ante la mera menci\u00f3n del fil\u00f3sofo y economista ingl\u00e9s del siglo XX John Maynard Keynes, quede impresionado por la carta abierta. Milei considera que Keynes, quien cuestion\u00f3 la idea de que los mercados libres pudieran proporcionar pleno empleo y crecimiento econ\u00f3mico, es un marxista\u201d.<\/h3>\n","protected":false},"excerpt":{"rendered":"<p>Un grupo de m\u00e1s de un centenar de economistas de todo el mundo public\u00f3 una&#8230;<\/p>\n","protected":false},"author":1,"featured_media":6521,"comment_status":"closed","ping_status":"closed","sticky":false,"template":"","format":"standard","meta":{"footnotes":""},"categories":[5],"tags":[],"class_list":["post-6518","post","type-post","status-publish","format-standard","has-post-thumbnail","hentry","category-nacionales-internacionales"],"yoast_head":"<!-- This site is optimized with the Yoast SEO plugin v26.1.1 - https:\/\/yoast.com\/wordpress\/plugins\/seo\/ -->\n<title>M\u00c1S DE 100 ECONOMISTAS DE RENOMBRE ADVIRTIERON QUE SI GANA MILEI HABR\u00c1 DEVASTACI\u00d3N ECON\u00d3MICA Y CAOS SOCIAL - Apuntes de San Luis<\/title>\n<meta name=\"robots\" content=\"index, follow, max-snippet:-1, max-image-preview:large, max-video-preview:-1\" \/>\n<link rel=\"canonical\" href=\"https:\/\/apuntesdesanluis.com\/index.php\/2023\/11\/08\/mas-de-100-economistas-de-renombre-advirtieron-que-si-gana-milei-habra-devastacion-economica-y-caos-social\/\" \/>\n<meta property=\"og:locale\" content=\"es_ES\" \/>\n<meta property=\"og:type\" content=\"article\" \/>\n<meta property=\"og:title\" content=\"M\u00c1S DE 100 ECONOMISTAS DE RENOMBRE ADVIRTIERON QUE SI GANA MILEI HABR\u00c1 DEVASTACI\u00d3N ECON\u00d3MICA Y CAOS SOCIAL - Apuntes de San Luis\" \/>\n<meta property=\"og:description\" content=\"Un grupo de m\u00e1s de un centenar de economistas de todo el mundo public\u00f3 una...\" \/>\n<meta property=\"og:url\" content=\"https:\/\/apuntesdesanluis.com\/index.php\/2023\/11\/08\/mas-de-100-economistas-de-renombre-advirtieron-que-si-gana-milei-habra-devastacion-economica-y-caos-social\/\" \/>\n<meta property=\"og:site_name\" content=\"Apuntes de San Luis\" \/>\n<meta property=\"article:published_time\" content=\"2023-11-09T00:08:46+00:00\" \/>\n<meta property=\"article:modified_time\" content=\"2023-11-09T00:09:13+00:00\" \/>\n<meta property=\"og:image\" content=\"https:\/\/apuntesdesanluis.com\/wp-content\/uploads\/2023\/11\/the-guardian.png\" \/>\n\t<meta property=\"og:image:width\" content=\"700\" \/>\n\t<meta property=\"og:image:height\" content=\"434\" \/>\n\t<meta property=\"og:image:type\" content=\"image\/png\" \/>\n<meta name=\"author\" content=\"apuntesdesanluis.com\" \/>\n<meta name=\"twitter:card\" content=\"summary_large_image\" \/>\n<meta name=\"twitter:label1\" content=\"Escrito por\" \/>\n\t<meta name=\"twitter:data1\" content=\"apuntesdesanluis.com\" \/>\n\t<meta name=\"twitter:label2\" content=\"Tiempo de lectura\" \/>\n\t<meta name=\"twitter:data2\" content=\"4 minutos\" \/>\n<script type=\"application\/ld+json\" class=\"yoast-schema-graph\">{\"@context\":\"https:\/\/schema.org\",\"@graph\":[{\"@type\":\"Article\",\"@id\":\"https:\/\/apuntesdesanluis.com\/index.php\/2023\/11\/08\/mas-de-100-economistas-de-renombre-advirtieron-que-si-gana-milei-habra-devastacion-economica-y-caos-social\/#article\",\"isPartOf\":{\"@id\":\"https:\/\/apuntesdesanluis.com\/index.php\/2023\/11\/08\/mas-de-100-economistas-de-renombre-advirtieron-que-si-gana-milei-habra-devastacion-economica-y-caos-social\/\"},\"author\":{\"name\":\"apuntesdesanluis.com\",\"@id\":\"https:\/\/apuntesdesanluis.com\/#\/schema\/person\/b55151d52296fcce64d1a72538a70b90\"},\"headline\":\"M\u00c1S DE 100 ECONOMISTAS DE RENOMBRE ADVIRTIERON QUE SI GANA MILEI HABR\u00c1 DEVASTACI\u00d3N ECON\u00d3MICA Y CAOS SOCIAL\",\"datePublished\":\"2023-11-09T00:08:46+00:00\",\"dateModified\":\"2023-11-09T00:09:13+00:00\",\"mainEntityOfPage\":{\"@id\":\"https:\/\/apuntesdesanluis.com\/index.php\/2023\/11\/08\/mas-de-100-economistas-de-renombre-advirtieron-que-si-gana-milei-habra-devastacion-economica-y-caos-social\/\"},\"wordCount\":741,\"publisher\":{\"@id\":\"https:\/\/apuntesdesanluis.com\/#\/schema\/person\/b55151d52296fcce64d1a72538a70b90\"},\"image\":{\"@id\":\"https:\/\/apuntesdesanluis.com\/index.php\/2023\/11\/08\/mas-de-100-economistas-de-renombre-advirtieron-que-si-gana-milei-habra-devastacion-economica-y-caos-social\/#primaryimage\"},\"thumbnailUrl\":\"https:\/\/apuntesdesanluis.com\/wp-content\/uploads\/2023\/11\/the-guardian.png\",\"articleSection\":[\"Nacionales\/Internacionales\"],\"inLanguage\":\"es-AR\"},{\"@type\":\"WebPage\",\"@id\":\"https:\/\/apuntesdesanluis.com\/index.php\/2023\/11\/08\/mas-de-100-economistas-de-renombre-advirtieron-que-si-gana-milei-habra-devastacion-economica-y-caos-social\/\",\"url\":\"https:\/\/apuntesdesanluis.com\/index.php\/2023\/11\/08\/mas-de-100-economistas-de-renombre-advirtieron-que-si-gana-milei-habra-devastacion-economica-y-caos-social\/\",\"name\":\"M\u00c1S DE 100 ECONOMISTAS DE RENOMBRE ADVIRTIERON QUE SI GANA MILEI HABR\u00c1 DEVASTACI\u00d3N ECON\u00d3MICA Y CAOS SOCIAL - Apuntes de San Luis\",\"isPartOf\":{\"@id\":\"https:\/\/apuntesdesanluis.com\/#website\"},\"primaryImageOfPage\":{\"@id\":\"https:\/\/apuntesdesanluis.com\/index.php\/2023\/11\/08\/mas-de-100-economistas-de-renombre-advirtieron-que-si-gana-milei-habra-devastacion-economica-y-caos-social\/#primaryimage\"},\"image\":{\"@id\":\"https:\/\/apuntesdesanluis.com\/index.php\/2023\/11\/08\/mas-de-100-economistas-de-renombre-advirtieron-que-si-gana-milei-habra-devastacion-economica-y-caos-social\/#primaryimage\"},\"thumbnailUrl\":\"https:\/\/apuntesdesanluis.com\/wp-content\/uploads\/2023\/11\/the-guardian.png\",\"datePublished\":\"2023-11-09T00:08:46+00:00\",\"dateModified\":\"2023-11-09T00:09:13+00:00\",\"breadcrumb\":{\"@id\":\"https:\/\/apuntesdesanluis.com\/index.php\/2023\/11\/08\/mas-de-100-economistas-de-renombre-advirtieron-que-si-gana-milei-habra-devastacion-economica-y-caos-social\/#breadcrumb\"},\"inLanguage\":\"es-AR\",\"potentialAction\":[{\"@type\":\"ReadAction\",\"target\":[\"https:\/\/apuntesdesanluis.com\/index.php\/2023\/11\/08\/mas-de-100-economistas-de-renombre-advirtieron-que-si-gana-milei-habra-devastacion-economica-y-caos-social\/\"]}]},{\"@type\":\"ImageObject\",\"inLanguage\":\"es-AR\",\"@id\":\"https:\/\/apuntesdesanluis.com\/index.php\/2023\/11\/08\/mas-de-100-economistas-de-renombre-advirtieron-que-si-gana-milei-habra-devastacion-economica-y-caos-social\/#primaryimage\",\"url\":\"https:\/\/apuntesdesanluis.com\/wp-content\/uploads\/2023\/11\/the-guardian.png\",\"contentUrl\":\"https:\/\/apuntesdesanluis.com\/wp-content\/uploads\/2023\/11\/the-guardian.png\",\"width\":700,\"height\":434},{\"@type\":\"BreadcrumbList\",\"@id\":\"https:\/\/apuntesdesanluis.com\/index.php\/2023\/11\/08\/mas-de-100-economistas-de-renombre-advirtieron-que-si-gana-milei-habra-devastacion-economica-y-caos-social\/#breadcrumb\",\"itemListElement\":[{\"@type\":\"ListItem\",\"position\":1,\"name\":\"Inicio\",\"item\":\"https:\/\/apuntesdesanluis.com\/\"},{\"@type\":\"ListItem\",\"position\":2,\"name\":\"M\u00c1S DE 100 ECONOMISTAS DE RENOMBRE ADVIRTIERON QUE SI GANA MILEI HABR\u00c1 DEVASTACI\u00d3N ECON\u00d3MICA Y CAOS SOCIAL\"}]},{\"@type\":\"WebSite\",\"@id\":\"https:\/\/apuntesdesanluis.com\/#website\",\"url\":\"https:\/\/apuntesdesanluis.com\/\",\"name\":\"Apuntes de San Luis\",\"description\":\"\",\"publisher\":{\"@id\":\"https:\/\/apuntesdesanluis.com\/#\/schema\/person\/b55151d52296fcce64d1a72538a70b90\"},\"potentialAction\":[{\"@type\":\"SearchAction\",\"target\":{\"@type\":\"EntryPoint\",\"urlTemplate\":\"https:\/\/apuntesdesanluis.com\/?s={search_term_string}\"},\"query-input\":{\"@type\":\"PropertyValueSpecification\",\"valueRequired\":true,\"valueName\":\"search_term_string\"}}],\"inLanguage\":\"es-AR\"},{\"@type\":[\"Person\",\"Organization\"],\"@id\":\"https:\/\/apuntesdesanluis.com\/#\/schema\/person\/b55151d52296fcce64d1a72538a70b90\",\"name\":\"apuntesdesanluis.com\",\"image\":{\"@type\":\"ImageObject\",\"inLanguage\":\"es-AR\",\"@id\":\"https:\/\/apuntesdesanluis.com\/#\/schema\/person\/image\/\",\"url\":\"https:\/\/apuntesdesanluis.com\/wp-content\/uploads\/2023\/07\/cropped-apuntesdesanluis.png\",\"contentUrl\":\"https:\/\/apuntesdesanluis.com\/wp-content\/uploads\/2023\/07\/cropped-apuntesdesanluis.png\",\"width\":450,\"height\":112,\"caption\":\"apuntesdesanluis.com\"},\"logo\":{\"@id\":\"https:\/\/apuntesdesanluis.com\/#\/schema\/person\/image\/\"},\"sameAs\":[\"https:\/\/apuntesdesanluis.com\"],\"url\":\"https:\/\/apuntesdesanluis.com\/index.php\/author\/apuntesdesanluis-com\/\"}]}<\/script>\n<!-- \/ Yoast SEO plugin. -->","yoast_head_json":{"title":"M\u00c1S DE 100 ECONOMISTAS DE RENOMBRE ADVIRTIERON QUE SI GANA MILEI HABR\u00c1 DEVASTACI\u00d3N ECON\u00d3MICA Y CAOS SOCIAL - Apuntes de San Luis","robots":{"index":"index","follow":"follow","max-snippet":"max-snippet:-1","max-image-preview":"max-image-preview:large","max-video-preview":"max-video-preview:-1"},"canonical":"https:\/\/apuntesdesanluis.com\/index.php\/2023\/11\/08\/mas-de-100-economistas-de-renombre-advirtieron-que-si-gana-milei-habra-devastacion-economica-y-caos-social\/","og_locale":"es_ES","og_type":"article","og_title":"M\u00c1S DE 100 ECONOMISTAS DE RENOMBRE ADVIRTIERON QUE SI GANA MILEI HABR\u00c1 DEVASTACI\u00d3N ECON\u00d3MICA Y CAOS SOCIAL - Apuntes de San Luis","og_description":"Un grupo de m\u00e1s de un centenar de economistas de todo el mundo public\u00f3 una...","og_url":"https:\/\/apuntesdesanluis.com\/index.php\/2023\/11\/08\/mas-de-100-economistas-de-renombre-advirtieron-que-si-gana-milei-habra-devastacion-economica-y-caos-social\/","og_site_name":"Apuntes de San Luis","article_published_time":"2023-11-09T00:08:46+00:00","article_modified_time":"2023-11-09T00:09:13+00:00","og_image":[{"width":700,"height":434,"url":"https:\/\/apuntesdesanluis.com\/wp-content\/uploads\/2023\/11\/the-guardian.png","type":"image\/png"}],"author":"apuntesdesanluis.com","twitter_card":"summary_large_image","twitter_misc":{"Escrito por":"apuntesdesanluis.com","Tiempo de lectura":"4 minutos"},"schema":{"@context":"https:\/\/schema.org","@graph":[{"@type":"Article","@id":"https:\/\/apuntesdesanluis.com\/index.php\/2023\/11\/08\/mas-de-100-economistas-de-renombre-advirtieron-que-si-gana-milei-habra-devastacion-economica-y-caos-social\/#article","isPartOf":{"@id":"https:\/\/apuntesdesanluis.com\/index.php\/2023\/11\/08\/mas-de-100-economistas-de-renombre-advirtieron-que-si-gana-milei-habra-devastacion-economica-y-caos-social\/"},"author":{"name":"apuntesdesanluis.com","@id":"https:\/\/apuntesdesanluis.com\/#\/schema\/person\/b55151d52296fcce64d1a72538a70b90"},"headline":"M\u00c1S DE 100 ECONOMISTAS DE RENOMBRE ADVIRTIERON QUE SI GANA MILEI HABR\u00c1 DEVASTACI\u00d3N ECON\u00d3MICA Y CAOS SOCIAL","datePublished":"2023-11-09T00:08:46+00:00","dateModified":"2023-11-09T00:09:13+00:00","mainEntityOfPage":{"@id":"https:\/\/apuntesdesanluis.com\/index.php\/2023\/11\/08\/mas-de-100-economistas-de-renombre-advirtieron-que-si-gana-milei-habra-devastacion-economica-y-caos-social\/"},"wordCount":741,"publisher":{"@id":"https:\/\/apuntesdesanluis.com\/#\/schema\/person\/b55151d52296fcce64d1a72538a70b90"},"image":{"@id":"https:\/\/apuntesdesanluis.com\/index.php\/2023\/11\/08\/mas-de-100-economistas-de-renombre-advirtieron-que-si-gana-milei-habra-devastacion-economica-y-caos-social\/#primaryimage"},"thumbnailUrl":"https:\/\/apuntesdesanluis.com\/wp-content\/uploads\/2023\/11\/the-guardian.png","articleSection":["Nacionales\/Internacionales"],"inLanguage":"es-AR"},{"@type":"WebPage","@id":"https:\/\/apuntesdesanluis.com\/index.php\/2023\/11\/08\/mas-de-100-economistas-de-renombre-advirtieron-que-si-gana-milei-habra-devastacion-economica-y-caos-social\/","url":"https:\/\/apuntesdesanluis.com\/index.php\/2023\/11\/08\/mas-de-100-economistas-de-renombre-advirtieron-que-si-gana-milei-habra-devastacion-economica-y-caos-social\/","name":"M\u00c1S DE 100 ECONOMISTAS DE RENOMBRE ADVIRTIERON QUE SI GANA MILEI HABR\u00c1 DEVASTACI\u00d3N ECON\u00d3MICA Y CAOS SOCIAL - Apuntes de San Luis","isPartOf":{"@id":"https:\/\/apuntesdesanluis.com\/#website"},"primaryImageOfPage":{"@id":"https:\/\/apuntesdesanluis.com\/index.php\/2023\/11\/08\/mas-de-100-economistas-de-renombre-advirtieron-que-si-gana-milei-habra-devastacion-economica-y-caos-social\/#primaryimage"},"image":{"@id":"https:\/\/apuntesdesanluis.com\/index.php\/2023\/11\/08\/mas-de-100-economistas-de-renombre-advirtieron-que-si-gana-milei-habra-devastacion-economica-y-caos-social\/#primaryimage"},"thumbnailUrl":"https:\/\/apuntesdesanluis.com\/wp-content\/uploads\/2023\/11\/the-guardian.png","datePublished":"2023-11-09T00:08:46+00:00","dateModified":"2023-11-09T00:09:13+00:00","breadcrumb":{"@id":"https:\/\/apuntesdesanluis.com\/index.php\/2023\/11\/08\/mas-de-100-economistas-de-renombre-advirtieron-que-si-gana-milei-habra-devastacion-economica-y-caos-social\/#breadcrumb"},"inLanguage":"es-AR","potentialAction":[{"@type":"ReadAction","target":["https:\/\/apuntesdesanluis.com\/index.php\/2023\/11\/08\/mas-de-100-economistas-de-renombre-advirtieron-que-si-gana-milei-habra-devastacion-economica-y-caos-social\/"]}]},{"@type":"ImageObject","inLanguage":"es-AR","@id":"https:\/\/apuntesdesanluis.com\/index.php\/2023\/11\/08\/mas-de-100-economistas-de-renombre-advirtieron-que-si-gana-milei-habra-devastacion-economica-y-caos-social\/#primaryimage","url":"https:\/\/apuntesdesanluis.com\/wp-content\/uploads\/2023\/11\/the-guardian.png","contentUrl":"https:\/\/apuntesdesanluis.com\/wp-content\/uploads\/2023\/11\/the-guardian.png","width":700,"height":434},{"@type":"BreadcrumbList","@id":"https:\/\/apuntesdesanluis.com\/index.php\/2023\/11\/08\/mas-de-100-economistas-de-renombre-advirtieron-que-si-gana-milei-habra-devastacion-economica-y-caos-social\/#breadcrumb","itemListElement":[{"@type":"ListItem","position":1,"name":"Inicio","item":"https:\/\/apuntesdesanluis.com\/"},{"@type":"ListItem","position":2,"name":"M\u00c1S DE 100 ECONOMISTAS DE RENOMBRE ADVIRTIERON QUE SI GANA MILEI HABR\u00c1 DEVASTACI\u00d3N ECON\u00d3MICA Y CAOS SOCIAL"}]},{"@type":"WebSite","@id":"https:\/\/apuntesdesanluis.com\/#website","url":"https:\/\/apuntesdesanluis.com\/","name":"Apuntes de San Luis","description":"","publisher":{"@id":"https:\/\/apuntesdesanluis.com\/#\/schema\/person\/b55151d52296fcce64d1a72538a70b90"},"potentialAction":[{"@type":"SearchAction","target":{"@type":"EntryPoint","urlTemplate":"https:\/\/apuntesdesanluis.com\/?s={search_term_string}"},"query-input":{"@type":"PropertyValueSpecification","valueRequired":true,"valueName":"search_term_string"}}],"inLanguage":"es-AR"},{"@type":["Person","Organization"],"@id":"https:\/\/apuntesdesanluis.com\/#\/schema\/person\/b55151d52296fcce64d1a72538a70b90","name":"apuntesdesanluis.com","image":{"@type":"ImageObject","inLanguage":"es-AR","@id":"https:\/\/apuntesdesanluis.com\/#\/schema\/person\/image\/","url":"https:\/\/apuntesdesanluis.com\/wp-content\/uploads\/2023\/07\/cropped-apuntesdesanluis.png","contentUrl":"https:\/\/apuntesdesanluis.com\/wp-content\/uploads\/2023\/07\/cropped-apuntesdesanluis.png","width":450,"height":112,"caption":"apuntesdesanluis.com"},"logo":{"@id":"https:\/\/apuntesdesanluis.com\/#\/schema\/person\/image\/"},"sameAs":["https:\/\/apuntesdesanluis.com"],"url":"https:\/\/apuntesdesanluis.com\/index.php\/author\/apuntesdesanluis-com\/"}]}},"featured_image_urls":{"full":["https:\/\/apuntesdesanluis.com\/wp-content\/uploads\/2023\/11\/the-guardian.png",700,434,false],"thumbnail":["https:\/\/apuntesdesanluis.com\/wp-content\/uploads\/2023\/11\/the-guardian-150x150.png",150,150,true],"medium":["https:\/\/apuntesdesanluis.com\/wp-content\/uploads\/2023\/11\/the-guardian-300x186.png",300,186,true],"medium_large":["https:\/\/apuntesdesanluis.com\/wp-content\/uploads\/2023\/11\/the-guardian.png",640,397,false],"large":["https:\/\/apuntesdesanluis.com\/wp-content\/uploads\/2023\/11\/the-guardian.png",640,397,false],"1536x1536":["https:\/\/apuntesdesanluis.com\/wp-content\/uploads\/2023\/11\/the-guardian.png",700,434,false],"2048x2048":["https:\/\/apuntesdesanluis.com\/wp-content\/uploads\/2023\/11\/the-guardian.png",700,434,false],"newsever-slider-full":["https:\/\/apuntesdesanluis.com\/wp-content\/uploads\/2023\/11\/the-guardian.png",700,434,false],"newsever-featured":["https:\/\/apuntesdesanluis.com\/wp-content\/uploads\/2023\/11\/the-guardian.png",700,434,false],"newsever-medium":["https:\/\/apuntesdesanluis.com\/wp-content\/uploads\/2023\/11\/the-guardian.png",700,434,false]},"author_info":{"display_name":"apuntesdesanluis.com","author_link":"https:\/\/apuntesdesanluis.com\/index.php\/author\/apuntesdesanluis-com\/"},"category_info":"<a href=\"https:\/\/apuntesdesanluis.com\/index.php\/category\/nacionales-internacionales\/\" rel=\"category tag\">Nacionales\/Internacionales<\/a>","tag_info":"Nacionales\/Internacionales","comment_count":"0","_links":{"self":[{"href":"https:\/\/apuntesdesanluis.com\/index.php\/wp-json\/wp\/v2\/posts\/6518","targetHints":{"allow":["GET"]}}],"collection":[{"href":"https:\/\/apuntesdesanluis.com\/index.php\/wp-json\/wp\/v2\/posts"}],"about":[{"href":"https:\/\/apuntesdesanluis.com\/index.php\/wp-json\/wp\/v2\/types\/post"}],"author":[{"embeddable":true,"href":"https:\/\/apuntesdesanluis.com\/index.php\/wp-json\/wp\/v2\/users\/1"}],"replies":[{"embeddable":true,"href":"https:\/\/apuntesdesanluis.com\/index.php\/wp-json\/wp\/v2\/comments?post=6518"}],"version-history":[{"count":2,"href":"https:\/\/apuntesdesanluis.com\/index.php\/wp-json\/wp\/v2\/posts\/6518\/revisions"}],"predecessor-version":[{"id":6523,"href":"https:\/\/apuntesdesanluis.com\/index.php\/wp-json\/wp\/v2\/posts\/6518\/revisions\/6523"}],"wp:featuredmedia":[{"embeddable":true,"href":"https:\/\/apuntesdesanluis.com\/index.php\/wp-json\/wp\/v2\/media\/6521"}],"wp:attachment":[{"href":"https:\/\/apuntesdesanluis.com\/index.php\/wp-json\/wp\/v2\/media?parent=6518"}],"wp:term":[{"taxonomy":"category","embeddable":true,"href":"https:\/\/apuntesdesanluis.com\/index.php\/wp-json\/wp\/v2\/categories?post=6518"},{"taxonomy":"post_tag","embeddable":true,"href":"https:\/\/apuntesdesanluis.com\/index.php\/wp-json\/wp\/v2\/tags?post=6518"}],"curies":[{"name":"wp","href":"https:\/\/api.w.org\/{rel}","templated":true}]}}