{"id":6542,"date":"2023-11-08T23:41:19","date_gmt":"2023-11-09T02:41:19","guid":{"rendered":"https:\/\/apuntesdesanluis.com\/?p=6542"},"modified":"2023-11-09T00:08:22","modified_gmt":"2023-11-09T03:08:22","slug":"triste-final-de-un-conflicto-danica-comunico-que-cierra-la-fabrica-en-villa-mercedes","status":"publish","type":"post","link":"https:\/\/apuntesdesanluis.com\/index.php\/2023\/11\/08\/triste-final-de-un-conflicto-danica-comunico-que-cierra-la-fabrica-en-villa-mercedes\/","title":{"rendered":"TRISTE FINAL DE UN CONFLICTO: D\u00c1NICA COMUNIC\u00d3 QUE CIERRA LA F\u00c1BRICA EN VILLA MERCEDES"},"content":{"rendered":"<h3>La patronal responsabiliz\u00f3 por la medida al <strong>Sindicato de Obreros y Empleados Aceiteros y Desmotadores de Villa Mercedes y Rio Cuarto (SOEAD)<\/strong> e inform\u00f3: \u201cEsta planta de Villa Mercedes finaliza sus actividades operativas de manera permanente\u201d.<\/h3>\n<h3>Es la segunda vez que D\u00e1nica adopta esta decisi\u00f3n o, al menos, que la comunica. Ya hab\u00eda indicado lo mismo en el a\u00f1o 2021, despu\u00e9s de un conflicto que se extendi\u00f3 m\u00e1s de un mes, pero a partir de la intervenci\u00f3n del gobierno provincial reabri\u00f3 sus puertas.<\/h3>\n<h3>El contexto del actual paro se origin\u00f3 en que la empresa se neg\u00f3 a reconocer el \u00faltimo acuerdo salarial firmado en paritarias, que implica un sueldo b\u00e1sico de aproximadamente 500 mil pesos, mientras que en el orden local se ubica en apenas 180 mil. Ante el justificado rechazo y la ausencia de puentes de di\u00e1logo, los trabajadores optaron por iniciar medidas de fuerza reclamando que \u201ca igual trabajo corresponde igual remuneraci\u00f3n\u201d, pero D\u00e1nica se neg\u00f3 a acceder al reclamo sindical.<\/h3>\n<h3>D\u00edas atr\u00e1s la empresa envi\u00f3 20 telegramas de despido e intent\u00f3 ingresar trabajadores contratados para intentar retomar la producci\u00f3n, situaci\u00f3n que fue impedida por los empleados movilizados.<\/h3>\n<h3>De concretarse esta medida, se perder\u00e1n aproximadamente 130 fuentes de trabajo.<\/h3>\n<h3>Antes de conocerse el intempestivo cierre de la empresa,\u00a0 trav\u00e9s del siguiente Tik Tok, los trabajadores intentaron viralizar las motivaciones del conflicto gremial:<\/h3>\n<div style=\"width: 576px;\" class=\"wp-video\"><!--[if lt IE 9]><script>document.createElement('video');<\/script><![endif]-->\n<video class=\"wp-video-shortcode\" id=\"video-6542-1\" width=\"576\" height=\"1024\" preload=\"metadata\" controls=\"controls\"><source type=\"video\/mp4\" src=\"https:\/\/apuntesdesanluis.com\/wp-content\/uploads\/2023\/11\/tik-tok-danica.mp4?_=1\" \/><a href=\"https:\/\/apuntesdesanluis.com\/wp-content\/uploads\/2023\/11\/tik-tok-danica.mp4\">https:\/\/apuntesdesanluis.com\/wp-content\/uploads\/2023\/11\/tik-tok-danica.mp4<\/a><\/video><\/div>\n<h3><strong>COMUNICADO DE LA EMPRESA<\/strong><\/h3>\n<h3>\u201cLuego de un extenso conflicto donde D\u00e1nica intent\u00f3 por todos los medios lograr un acuerdo favorable para todos sus colaboradores de la planta de Villa Mercedes, la empresa ha decidido proceder al cierre de sus operaciones en esa ciudad.<\/h3>\n<h3>\u201cEl motivo de la decisi\u00f3n es la imposibilidad de operar en condiciones de seguridad y legalidad, dado el quiebre de todos los marcos normativos y legales por parte del Sindicato de Obreros y Empleados Aceiteros y Desmotadores (SOEAD) de Villa Mercedes y Rio Cuarto.<\/h3>\n<h3>\u201cEsa representaci\u00f3n gremial ha incumplido el acuerdo cuya vigencia es hasta el d\u00eda 31\/05\/2024, el que regula las relaciones entre la empresa y los trabajadores bajo el amparo de la autoridad laboral que oportunamente lo homolog\u00f3 bajo RESOL-2021-673-APN-ST#MTyE.<\/h3>\n<h3>\u201cEn el marco de las negociaciones abiertas ante el Ministerio de Trabajo de la Naci\u00f3n, el Sindicato nunca particip\u00f3 de buena fe si no, por el contrario, obstaculizando las negociaciones y afectando la pronta resoluci\u00f3n de las diferencias ante los trabajadores que representan. Asimismo, buscaron en todo momento cambiar las condiciones del acuerdo vigente y homologado.<\/h3>\n<h3>\u201cPor su parte, la empresa realiz\u00f3 propuestas de mejora del acuerdo vigente y otros beneficios que superaban ampliamente los porcentajes de recomposici\u00f3n de los sectores equiparables, lo que fue desconocido y desinformado a los trabajadores que representan.<\/h3>\n<h3>\u201cAnte las instrucciones emanadas por las autoridades laborales, el gremio viol\u00f3 abiertamente la Conciliaci\u00f3n Obligatoria dictada por el Ministerio de Trabajo de la Naci\u00f3n, lo que ha sido perfectamente constatado y denunciado ante la instancia laboral.<\/h3>\n<p><img fetchpriority=\"high\" decoding=\"async\" class=\"wp-image-6544 aligncenter\" src=\"https:\/\/apuntesdesanluis.com\/wp-content\/uploads\/2023\/11\/danica-cierra-300x194.png\" alt=\"\" width=\"744\" height=\"481\" srcset=\"https:\/\/apuntesdesanluis.com\/wp-content\/uploads\/2023\/11\/danica-cierra-300x194.png 300w, https:\/\/apuntesdesanluis.com\/wp-content\/uploads\/2023\/11\/danica-cierra.png 590w\" sizes=\"(max-width: 744px) 100vw, 744px\" \/><\/p>\n<h3>\u201cAsimismo, desobedecieron de manera irresponsable las instrucciones emanadas por las autoridades policiales y judiciales de la provincia de San Luis al impedir el ingreso ordenado por la Justicia a la planta de proveedores y personal propio, poniendo en riesgo la integridad de personas e instalaciones y ejerciendo violencia de g\u00e9nero ante integrantes de la empresa.<\/h3>\n<h3>\u201cEstas maniobras delictivas fueron todas y cada una denunciadas ante las fiscal\u00edas de turno de la localidad de Villa Mercedes y est\u00e1n en curso las denuncias penales por amenazas al personal de D\u00e1nica encabezadas por miembros del gremio, lo cual fue convenientemente constatado por escribano.<\/h3>\n<h3>\u201cPor lo enumerado hasta aqu\u00ed y entendiendo que el Sindicato de Obreros y Empleados Aceiteros y Desmotadores de Villa Mercedes y Rio Cuarto (SOEAD) est\u00e1 dispuesto a romper todos los marcos normativos y legales que regulan la relaci\u00f3n entre la empresa y sus colaboradores y que desconoce las instrucciones de las autoridades y, adem\u00e1s, pone en riesgo severo la integridad de las personas e instalaciones, esta planta de Villa Mercedes finaliza sus actividades operativas de manera permanente\u201d.<\/h3>\n<p>&nbsp;<\/p>\n<p>&nbsp;<\/p>\n<p>&nbsp;<\/p>\n<p>&nbsp;<\/p>\n<h3><\/h3>\n","protected":false},"excerpt":{"rendered":"<p>La patronal responsabiliz\u00f3 por la medida al Sindicato de Obreros y Empleados Aceiteros y Desmotadores&#8230;<\/p>\n","protected":false},"author":1,"featured_media":6543,"comment_status":"closed","ping_status":"closed","sticky":false,"template":"","format":"standard","meta":{"footnotes":""},"categories":[6],"tags":[],"class_list":["post-6542","post","type-post","status-publish","format-standard","has-post-thumbnail","hentry","category-ciudad-provincia"],"yoast_head":"<!-- This site is optimized with the Yoast SEO plugin v26.1.1 - https:\/\/yoast.com\/wordpress\/plugins\/seo\/ -->\n<title>TRISTE FINAL DE UN CONFLICTO: D\u00c1NICA COMUNIC\u00d3 QUE CIERRA LA F\u00c1BRICA EN VILLA MERCEDES - Apuntes de San Luis<\/title>\n<meta name=\"robots\" content=\"index, follow, max-snippet:-1, max-image-preview:large, max-video-preview:-1\" \/>\n<link rel=\"canonical\" href=\"https:\/\/apuntesdesanluis.com\/index.php\/2023\/11\/08\/triste-final-de-un-conflicto-danica-comunico-que-cierra-la-fabrica-en-villa-mercedes\/\" \/>\n<meta property=\"og:locale\" content=\"es_ES\" \/>\n<meta property=\"og:type\" content=\"article\" \/>\n<meta property=\"og:title\" content=\"TRISTE FINAL DE UN CONFLICTO: D\u00c1NICA COMUNIC\u00d3 QUE CIERRA LA F\u00c1BRICA EN VILLA MERCEDES - Apuntes de San Luis\" \/>\n<meta property=\"og:description\" content=\"La patronal responsabiliz\u00f3 por la medida al Sindicato de Obreros y Empleados Aceiteros y Desmotadores...\" \/>\n<meta property=\"og:url\" content=\"https:\/\/apuntesdesanluis.com\/index.php\/2023\/11\/08\/triste-final-de-un-conflicto-danica-comunico-que-cierra-la-fabrica-en-villa-mercedes\/\" \/>\n<meta property=\"og:site_name\" content=\"Apuntes de San Luis\" \/>\n<meta property=\"article:published_time\" content=\"2023-11-09T02:41:19+00:00\" \/>\n<meta property=\"article:modified_time\" content=\"2023-11-09T03:08:22+00:00\" \/>\n<meta property=\"og:image\" content=\"https:\/\/apuntesdesanluis.com\/wp-content\/uploads\/2023\/11\/danica.png\" \/>\n\t<meta property=\"og:image:width\" content=\"600\" \/>\n\t<meta property=\"og:image:height\" content=\"351\" \/>\n\t<meta property=\"og:image:type\" content=\"image\/png\" \/>\n<meta name=\"author\" content=\"apuntesdesanluis.com\" \/>\n<meta name=\"twitter:card\" content=\"summary_large_image\" \/>\n<meta name=\"twitter:label1\" content=\"Escrito por\" \/>\n\t<meta name=\"twitter:data1\" content=\"apuntesdesanluis.com\" \/>\n\t<meta name=\"twitter:label2\" content=\"Tiempo de lectura\" \/>\n\t<meta name=\"twitter:data2\" content=\"4 minutos\" \/>\n<script type=\"application\/ld+json\" class=\"yoast-schema-graph\">{\"@context\":\"https:\/\/schema.org\",\"@graph\":[{\"@type\":\"Article\",\"@id\":\"https:\/\/apuntesdesanluis.com\/index.php\/2023\/11\/08\/triste-final-de-un-conflicto-danica-comunico-que-cierra-la-fabrica-en-villa-mercedes\/#article\",\"isPartOf\":{\"@id\":\"https:\/\/apuntesdesanluis.com\/index.php\/2023\/11\/08\/triste-final-de-un-conflicto-danica-comunico-que-cierra-la-fabrica-en-villa-mercedes\/\"},\"author\":{\"name\":\"apuntesdesanluis.com\",\"@id\":\"https:\/\/apuntesdesanluis.com\/#\/schema\/person\/b55151d52296fcce64d1a72538a70b90\"},\"headline\":\"TRISTE FINAL DE UN CONFLICTO: D\u00c1NICA COMUNIC\u00d3 QUE CIERRA LA F\u00c1BRICA EN VILLA MERCEDES\",\"datePublished\":\"2023-11-09T02:41:19+00:00\",\"dateModified\":\"2023-11-09T03:08:22+00:00\",\"mainEntityOfPage\":{\"@id\":\"https:\/\/apuntesdesanluis.com\/index.php\/2023\/11\/08\/triste-final-de-un-conflicto-danica-comunico-que-cierra-la-fabrica-en-villa-mercedes\/\"},\"wordCount\":716,\"publisher\":{\"@id\":\"https:\/\/apuntesdesanluis.com\/#\/schema\/person\/b55151d52296fcce64d1a72538a70b90\"},\"image\":{\"@id\":\"https:\/\/apuntesdesanluis.com\/index.php\/2023\/11\/08\/triste-final-de-un-conflicto-danica-comunico-que-cierra-la-fabrica-en-villa-mercedes\/#primaryimage\"},\"thumbnailUrl\":\"https:\/\/apuntesdesanluis.com\/wp-content\/uploads\/2023\/11\/danica.png\",\"articleSection\":[\"Ciudad\/Provincia\"],\"inLanguage\":\"es-AR\"},{\"@type\":\"WebPage\",\"@id\":\"https:\/\/apuntesdesanluis.com\/index.php\/2023\/11\/08\/triste-final-de-un-conflicto-danica-comunico-que-cierra-la-fabrica-en-villa-mercedes\/\",\"url\":\"https:\/\/apuntesdesanluis.com\/index.php\/2023\/11\/08\/triste-final-de-un-conflicto-danica-comunico-que-cierra-la-fabrica-en-villa-mercedes\/\",\"name\":\"TRISTE FINAL DE UN CONFLICTO: D\u00c1NICA COMUNIC\u00d3 QUE CIERRA LA F\u00c1BRICA EN VILLA MERCEDES - Apuntes de San Luis\",\"isPartOf\":{\"@id\":\"https:\/\/apuntesdesanluis.com\/#website\"},\"primaryImageOfPage\":{\"@id\":\"https:\/\/apuntesdesanluis.com\/index.php\/2023\/11\/08\/triste-final-de-un-conflicto-danica-comunico-que-cierra-la-fabrica-en-villa-mercedes\/#primaryimage\"},\"image\":{\"@id\":\"https:\/\/apuntesdesanluis.com\/index.php\/2023\/11\/08\/triste-final-de-un-conflicto-danica-comunico-que-cierra-la-fabrica-en-villa-mercedes\/#primaryimage\"},\"thumbnailUrl\":\"https:\/\/apuntesdesanluis.com\/wp-content\/uploads\/2023\/11\/danica.png\",\"datePublished\":\"2023-11-09T02:41:19+00:00\",\"dateModified\":\"2023-11-09T03:08:22+00:00\",\"breadcrumb\":{\"@id\":\"https:\/\/apuntesdesanluis.com\/index.php\/2023\/11\/08\/triste-final-de-un-conflicto-danica-comunico-que-cierra-la-fabrica-en-villa-mercedes\/#breadcrumb\"},\"inLanguage\":\"es-AR\",\"potentialAction\":[{\"@type\":\"ReadAction\",\"target\":[\"https:\/\/apuntesdesanluis.com\/index.php\/2023\/11\/08\/triste-final-de-un-conflicto-danica-comunico-que-cierra-la-fabrica-en-villa-mercedes\/\"]}]},{\"@type\":\"ImageObject\",\"inLanguage\":\"es-AR\",\"@id\":\"https:\/\/apuntesdesanluis.com\/index.php\/2023\/11\/08\/triste-final-de-un-conflicto-danica-comunico-que-cierra-la-fabrica-en-villa-mercedes\/#primaryimage\",\"url\":\"https:\/\/apuntesdesanluis.com\/wp-content\/uploads\/2023\/11\/danica.png\",\"contentUrl\":\"https:\/\/apuntesdesanluis.com\/wp-content\/uploads\/2023\/11\/danica.png\",\"width\":600,\"height\":351},{\"@type\":\"BreadcrumbList\",\"@id\":\"https:\/\/apuntesdesanluis.com\/index.php\/2023\/11\/08\/triste-final-de-un-conflicto-danica-comunico-que-cierra-la-fabrica-en-villa-mercedes\/#breadcrumb\",\"itemListElement\":[{\"@type\":\"ListItem\",\"position\":1,\"name\":\"Inicio\",\"item\":\"https:\/\/apuntesdesanluis.com\/\"},{\"@type\":\"ListItem\",\"position\":2,\"name\":\"TRISTE FINAL DE UN CONFLICTO: D\u00c1NICA COMUNIC\u00d3 QUE CIERRA LA F\u00c1BRICA EN VILLA MERCEDES\"}]},{\"@type\":\"WebSite\",\"@id\":\"https:\/\/apuntesdesanluis.com\/#website\",\"url\":\"https:\/\/apuntesdesanluis.com\/\",\"name\":\"Apuntes de San Luis\",\"description\":\"\",\"publisher\":{\"@id\":\"https:\/\/apuntesdesanluis.com\/#\/schema\/person\/b55151d52296fcce64d1a72538a70b90\"},\"potentialAction\":[{\"@type\":\"SearchAction\",\"target\":{\"@type\":\"EntryPoint\",\"urlTemplate\":\"https:\/\/apuntesdesanluis.com\/?s={search_term_string}\"},\"query-input\":{\"@type\":\"PropertyValueSpecification\",\"valueRequired\":true,\"valueName\":\"search_term_string\"}}],\"inLanguage\":\"es-AR\"},{\"@type\":[\"Person\",\"Organization\"],\"@id\":\"https:\/\/apuntesdesanluis.com\/#\/schema\/person\/b55151d52296fcce64d1a72538a70b90\",\"name\":\"apuntesdesanluis.com\",\"image\":{\"@type\":\"ImageObject\",\"inLanguage\":\"es-AR\",\"@id\":\"https:\/\/apuntesdesanluis.com\/#\/schema\/person\/image\/\",\"url\":\"https:\/\/apuntesdesanluis.com\/wp-content\/uploads\/2023\/07\/cropped-apuntesdesanluis.png\",\"contentUrl\":\"https:\/\/apuntesdesanluis.com\/wp-content\/uploads\/2023\/07\/cropped-apuntesdesanluis.png\",\"width\":450,\"height\":112,\"caption\":\"apuntesdesanluis.com\"},\"logo\":{\"@id\":\"https:\/\/apuntesdesanluis.com\/#\/schema\/person\/image\/\"},\"sameAs\":[\"https:\/\/apuntesdesanluis.com\"],\"url\":\"https:\/\/apuntesdesanluis.com\/index.php\/author\/apuntesdesanluis-com\/\"}]}<\/script>\n<!-- \/ Yoast SEO plugin. -->","yoast_head_json":{"title":"TRISTE FINAL DE UN CONFLICTO: D\u00c1NICA COMUNIC\u00d3 QUE CIERRA LA F\u00c1BRICA EN VILLA MERCEDES - Apuntes de San Luis","robots":{"index":"index","follow":"follow","max-snippet":"max-snippet:-1","max-image-preview":"max-image-preview:large","max-video-preview":"max-video-preview:-1"},"canonical":"https:\/\/apuntesdesanluis.com\/index.php\/2023\/11\/08\/triste-final-de-un-conflicto-danica-comunico-que-cierra-la-fabrica-en-villa-mercedes\/","og_locale":"es_ES","og_type":"article","og_title":"TRISTE FINAL DE UN CONFLICTO: D\u00c1NICA COMUNIC\u00d3 QUE CIERRA LA F\u00c1BRICA EN VILLA MERCEDES - Apuntes de San Luis","og_description":"La patronal responsabiliz\u00f3 por la medida al Sindicato de Obreros y Empleados Aceiteros y Desmotadores...","og_url":"https:\/\/apuntesdesanluis.com\/index.php\/2023\/11\/08\/triste-final-de-un-conflicto-danica-comunico-que-cierra-la-fabrica-en-villa-mercedes\/","og_site_name":"Apuntes de San Luis","article_published_time":"2023-11-09T02:41:19+00:00","article_modified_time":"2023-11-09T03:08:22+00:00","og_image":[{"width":600,"height":351,"url":"https:\/\/apuntesdesanluis.com\/wp-content\/uploads\/2023\/11\/danica.png","type":"image\/png"}],"author":"apuntesdesanluis.com","twitter_card":"summary_large_image","twitter_misc":{"Escrito por":"apuntesdesanluis.com","Tiempo de lectura":"4 minutos"},"schema":{"@context":"https:\/\/schema.org","@graph":[{"@type":"Article","@id":"https:\/\/apuntesdesanluis.com\/index.php\/2023\/11\/08\/triste-final-de-un-conflicto-danica-comunico-que-cierra-la-fabrica-en-villa-mercedes\/#article","isPartOf":{"@id":"https:\/\/apuntesdesanluis.com\/index.php\/2023\/11\/08\/triste-final-de-un-conflicto-danica-comunico-que-cierra-la-fabrica-en-villa-mercedes\/"},"author":{"name":"apuntesdesanluis.com","@id":"https:\/\/apuntesdesanluis.com\/#\/schema\/person\/b55151d52296fcce64d1a72538a70b90"},"headline":"TRISTE FINAL DE UN CONFLICTO: D\u00c1NICA COMUNIC\u00d3 QUE CIERRA LA F\u00c1BRICA EN VILLA MERCEDES","datePublished":"2023-11-09T02:41:19+00:00","dateModified":"2023-11-09T03:08:22+00:00","mainEntityOfPage":{"@id":"https:\/\/apuntesdesanluis.com\/index.php\/2023\/11\/08\/triste-final-de-un-conflicto-danica-comunico-que-cierra-la-fabrica-en-villa-mercedes\/"},"wordCount":716,"publisher":{"@id":"https:\/\/apuntesdesanluis.com\/#\/schema\/person\/b55151d52296fcce64d1a72538a70b90"},"image":{"@id":"https:\/\/apuntesdesanluis.com\/index.php\/2023\/11\/08\/triste-final-de-un-conflicto-danica-comunico-que-cierra-la-fabrica-en-villa-mercedes\/#primaryimage"},"thumbnailUrl":"https:\/\/apuntesdesanluis.com\/wp-content\/uploads\/2023\/11\/danica.png","articleSection":["Ciudad\/Provincia"],"inLanguage":"es-AR"},{"@type":"WebPage","@id":"https:\/\/apuntesdesanluis.com\/index.php\/2023\/11\/08\/triste-final-de-un-conflicto-danica-comunico-que-cierra-la-fabrica-en-villa-mercedes\/","url":"https:\/\/apuntesdesanluis.com\/index.php\/2023\/11\/08\/triste-final-de-un-conflicto-danica-comunico-que-cierra-la-fabrica-en-villa-mercedes\/","name":"TRISTE FINAL DE UN CONFLICTO: D\u00c1NICA COMUNIC\u00d3 QUE CIERRA LA F\u00c1BRICA EN VILLA MERCEDES - Apuntes de San Luis","isPartOf":{"@id":"https:\/\/apuntesdesanluis.com\/#website"},"primaryImageOfPage":{"@id":"https:\/\/apuntesdesanluis.com\/index.php\/2023\/11\/08\/triste-final-de-un-conflicto-danica-comunico-que-cierra-la-fabrica-en-villa-mercedes\/#primaryimage"},"image":{"@id":"https:\/\/apuntesdesanluis.com\/index.php\/2023\/11\/08\/triste-final-de-un-conflicto-danica-comunico-que-cierra-la-fabrica-en-villa-mercedes\/#primaryimage"},"thumbnailUrl":"https:\/\/apuntesdesanluis.com\/wp-content\/uploads\/2023\/11\/danica.png","datePublished":"2023-11-09T02:41:19+00:00","dateModified":"2023-11-09T03:08:22+00:00","breadcrumb":{"@id":"https:\/\/apuntesdesanluis.com\/index.php\/2023\/11\/08\/triste-final-de-un-conflicto-danica-comunico-que-cierra-la-fabrica-en-villa-mercedes\/#breadcrumb"},"inLanguage":"es-AR","potentialAction":[{"@type":"ReadAction","target":["https:\/\/apuntesdesanluis.com\/index.php\/2023\/11\/08\/triste-final-de-un-conflicto-danica-comunico-que-cierra-la-fabrica-en-villa-mercedes\/"]}]},{"@type":"ImageObject","inLanguage":"es-AR","@id":"https:\/\/apuntesdesanluis.com\/index.php\/2023\/11\/08\/triste-final-de-un-conflicto-danica-comunico-que-cierra-la-fabrica-en-villa-mercedes\/#primaryimage","url":"https:\/\/apuntesdesanluis.com\/wp-content\/uploads\/2023\/11\/danica.png","contentUrl":"https:\/\/apuntesdesanluis.com\/wp-content\/uploads\/2023\/11\/danica.png","width":600,"height":351},{"@type":"BreadcrumbList","@id":"https:\/\/apuntesdesanluis.com\/index.php\/2023\/11\/08\/triste-final-de-un-conflicto-danica-comunico-que-cierra-la-fabrica-en-villa-mercedes\/#breadcrumb","itemListElement":[{"@type":"ListItem","position":1,"name":"Inicio","item":"https:\/\/apuntesdesanluis.com\/"},{"@type":"ListItem","position":2,"name":"TRISTE FINAL DE UN CONFLICTO: D\u00c1NICA COMUNIC\u00d3 QUE CIERRA LA F\u00c1BRICA EN VILLA MERCEDES"}]},{"@type":"WebSite","@id":"https:\/\/apuntesdesanluis.com\/#website","url":"https:\/\/apuntesdesanluis.com\/","name":"Apuntes de San Luis","description":"","publisher":{"@id":"https:\/\/apuntesdesanluis.com\/#\/schema\/person\/b55151d52296fcce64d1a72538a70b90"},"potentialAction":[{"@type":"SearchAction","target":{"@type":"EntryPoint","urlTemplate":"https:\/\/apuntesdesanluis.com\/?s={search_term_string}"},"query-input":{"@type":"PropertyValueSpecification","valueRequired":true,"valueName":"search_term_string"}}],"inLanguage":"es-AR"},{"@type":["Person","Organization"],"@id":"https:\/\/apuntesdesanluis.com\/#\/schema\/person\/b55151d52296fcce64d1a72538a70b90","name":"apuntesdesanluis.com","image":{"@type":"ImageObject","inLanguage":"es-AR","@id":"https:\/\/apuntesdesanluis.com\/#\/schema\/person\/image\/","url":"https:\/\/apuntesdesanluis.com\/wp-content\/uploads\/2023\/07\/cropped-apuntesdesanluis.png","contentUrl":"https:\/\/apuntesdesanluis.com\/wp-content\/uploads\/2023\/07\/cropped-apuntesdesanluis.png","width":450,"height":112,"caption":"apuntesdesanluis.com"},"logo":{"@id":"https:\/\/apuntesdesanluis.com\/#\/schema\/person\/image\/"},"sameAs":["https:\/\/apuntesdesanluis.com"],"url":"https:\/\/apuntesdesanluis.com\/index.php\/author\/apuntesdesanluis-com\/"}]}},"featured_image_urls":{"full":["https:\/\/apuntesdesanluis.com\/wp-content\/uploads\/2023\/11\/danica.png",600,351,false],"thumbnail":["https:\/\/apuntesdesanluis.com\/wp-content\/uploads\/2023\/11\/danica-150x150.png",150,150,true],"medium":["https:\/\/apuntesdesanluis.com\/wp-content\/uploads\/2023\/11\/danica-300x176.png",300,176,true],"medium_large":["https:\/\/apuntesdesanluis.com\/wp-content\/uploads\/2023\/11\/danica.png",600,351,false],"large":["https:\/\/apuntesdesanluis.com\/wp-content\/uploads\/2023\/11\/danica.png",600,351,false],"1536x1536":["https:\/\/apuntesdesanluis.com\/wp-content\/uploads\/2023\/11\/danica.png",600,351,false],"2048x2048":["https:\/\/apuntesdesanluis.com\/wp-content\/uploads\/2023\/11\/danica.png",600,351,false],"newsever-slider-full":["https:\/\/apuntesdesanluis.com\/wp-content\/uploads\/2023\/11\/danica.png",600,351,false],"newsever-featured":["https:\/\/apuntesdesanluis.com\/wp-content\/uploads\/2023\/11\/danica.png",600,351,false],"newsever-medium":["https:\/\/apuntesdesanluis.com\/wp-content\/uploads\/2023\/11\/danica.png",600,351,false]},"author_info":{"display_name":"apuntesdesanluis.com","author_link":"https:\/\/apuntesdesanluis.com\/index.php\/author\/apuntesdesanluis-com\/"},"category_info":"<a href=\"https:\/\/apuntesdesanluis.com\/index.php\/category\/ciudad-provincia\/\" rel=\"category tag\">Ciudad\/Provincia<\/a>","tag_info":"Ciudad\/Provincia","comment_count":"0","_links":{"self":[{"href":"https:\/\/apuntesdesanluis.com\/index.php\/wp-json\/wp\/v2\/posts\/6542","targetHints":{"allow":["GET"]}}],"collection":[{"href":"https:\/\/apuntesdesanluis.com\/index.php\/wp-json\/wp\/v2\/posts"}],"about":[{"href":"https:\/\/apuntesdesanluis.com\/index.php\/wp-json\/wp\/v2\/types\/post"}],"author":[{"embeddable":true,"href":"https:\/\/apuntesdesanluis.com\/index.php\/wp-json\/wp\/v2\/users\/1"}],"replies":[{"embeddable":true,"href":"https:\/\/apuntesdesanluis.com\/index.php\/wp-json\/wp\/v2\/comments?post=6542"}],"version-history":[{"count":6,"href":"https:\/\/apuntesdesanluis.com\/index.php\/wp-json\/wp\/v2\/posts\/6542\/revisions"}],"predecessor-version":[{"id":6551,"href":"https:\/\/apuntesdesanluis.com\/index.php\/wp-json\/wp\/v2\/posts\/6542\/revisions\/6551"}],"wp:featuredmedia":[{"embeddable":true,"href":"https:\/\/apuntesdesanluis.com\/index.php\/wp-json\/wp\/v2\/media\/6543"}],"wp:attachment":[{"href":"https:\/\/apuntesdesanluis.com\/index.php\/wp-json\/wp\/v2\/media?parent=6542"}],"wp:term":[{"taxonomy":"category","embeddable":true,"href":"https:\/\/apuntesdesanluis.com\/index.php\/wp-json\/wp\/v2\/categories?post=6542"},{"taxonomy":"post_tag","embeddable":true,"href":"https:\/\/apuntesdesanluis.com\/index.php\/wp-json\/wp\/v2\/tags?post=6542"}],"curies":[{"name":"wp","href":"https:\/\/api.w.org\/{rel}","templated":true}]}}