{"id":6552,"date":"2023-11-09T00:42:19","date_gmt":"2023-11-09T03:42:19","guid":{"rendered":"https:\/\/apuntesdesanluis.com\/?p=6552"},"modified":"2023-11-09T00:54:15","modified_gmt":"2023-11-09T03:54:15","slug":"vivir-con-cancer-y-la-decision-de-contarlo-en-primera-persona","status":"publish","type":"post","link":"https:\/\/apuntesdesanluis.com\/index.php\/2023\/11\/09\/vivir-con-cancer-y-la-decision-de-contarlo-en-primera-persona\/","title":{"rendered":"VIVIR CON C\u00c1NCER Y LA DECISI\u00d3N DE CONTARLO EN PRIMERA PERSONA"},"content":{"rendered":"<h3>La noticia de padecer c\u00e1ncer puede ser recibida de distintas maneras, todas marcadas por un sentimiento de angustia. Algunos podr\u00edan deprimirse y abandonarse a su suerte. Otros, desde las ganas de vivir, someterse a todo tipo de tratamientos y terapias. En el medio, aquellos que se dedican a vivir lo que les queda y reventar los \u00faltimos cartuchos.<\/h3>\n<h3>Algunos pueden salir a contarlo; otros callarse, bancarse el dolor en soledad.<\/h3>\n<h3>La reacci\u00f3n ante la encrucijada de la noticia es individual y subjetiva y nadie tiene derecho a cuestionarla. Depende de cada uno.<\/h3>\n<h3>En el caso del colega <strong>Santiago Scully<\/strong>, comunicador y director de una radio de Villa Mercedes, Dr. Rock, demor\u00f3 un a\u00f1o en salir a hablar p\u00fablicamente del tema. Transit\u00f3 la procesi\u00f3n por dentro, vivi\u00f3 la enfermedad en el entorno de sus seres m\u00e1s queridos. Hizo todo lo que le aconsejaron los m\u00e9dicos. Luego, cuando se sinti\u00f3 seguro, adopt\u00f3 la decisi\u00f3n de compartir con el mundo sus sentimientos y pesares.<\/h3>\n<h3>En ese marco, acept\u00f3 conversar con <span style=\"color: #000000;\"><strong>Apuntes de San Luis<\/strong><\/span> y manifestar porqu\u00e9 hace lo que hace, su objetivo de ayudar y &#8220;acompa\u00f1ar&#8221; a otros que padecen lo mismo que \u00e9l, tratar de demostrar que el c\u00e1ncer no es sin\u00f3nimo de muerte. Y si le toca lo peor, aceptarlo serenamente, no sin antes dar testimonio de su batalla.<\/h3>\n<h3>&#8220;Nadie tiene la vida comprada&#8221;, dice en una parte. Lo afirma desde la m\u00e1s absoluta certeza. \u00c9l padece c\u00e1ncer, pero cualquiera se puede morir de cualquier cosa. Habla con naturalidad de la muerte, como para perderle el miedo, por m\u00e1s que en su caso esa opci\u00f3n lo angustie a cada paso. Pero el loco no arruga y trata de infundir valor.<\/h3>\n<h3>Ojal\u00e1 viva mil a\u00f1os y florezcan otros Scully con el mismo deseo de superaci\u00f3n ante la adversidad. Convencidos que, pase lo que pase, es importante dejar una huella en este mundo. Registro que no se alcanza a trav\u00e9s de objetivos materiales, cargos o t\u00edtulos, que alimentan cuestiones de vanidad personal. Sino por proyectar valores desde uno mismo, pensando en qu\u00e9 podemos hacer por el otro.<\/h3>\n<p>&nbsp;<\/p>\n<!--[if lt IE 9]><script>document.createElement('audio');<\/script><![endif]-->\n<audio class=\"wp-audio-shortcode\" id=\"audio-6552-1\" preload=\"none\" style=\"width: 100%;\" controls=\"controls\"><source type=\"audio\/mpeg\" src=\"https:\/\/apuntesdesanluis.com\/wp-content\/uploads\/2023\/11\/2023-10-26-SAntiago-Scully1-a.mp3?_=1\" \/><a href=\"https:\/\/apuntesdesanluis.com\/wp-content\/uploads\/2023\/11\/2023-10-26-SAntiago-Scully1-a.mp3\">https:\/\/apuntesdesanluis.com\/wp-content\/uploads\/2023\/11\/2023-10-26-SAntiago-Scully1-a.mp3<\/a><\/audio>\n<p>&nbsp;<\/p>\n<p><img fetchpriority=\"high\" decoding=\"async\" class=\"wp-image-6554 aligncenter\" src=\"https:\/\/apuntesdesanluis.com\/wp-content\/uploads\/2023\/11\/scully-300x201.png\" alt=\"\" width=\"721\" height=\"483\" srcset=\"https:\/\/apuntesdesanluis.com\/wp-content\/uploads\/2023\/11\/scully-300x201.png 300w, https:\/\/apuntesdesanluis.com\/wp-content\/uploads\/2023\/11\/scully.png 600w\" sizes=\"(max-width: 721px) 100vw, 721px\" \/><\/p>\n<p>&nbsp;<\/p>\n<audio class=\"wp-audio-shortcode\" id=\"audio-6552-2\" preload=\"none\" style=\"width: 100%;\" controls=\"controls\"><source type=\"audio\/mpeg\" src=\"https:\/\/apuntesdesanluis.com\/wp-content\/uploads\/2023\/11\/2023-10-26-SAntiago-Scully2-a.mp3?_=2\" \/><a href=\"https:\/\/apuntesdesanluis.com\/wp-content\/uploads\/2023\/11\/2023-10-26-SAntiago-Scully2-a.mp3\">https:\/\/apuntesdesanluis.com\/wp-content\/uploads\/2023\/11\/2023-10-26-SAntiago-Scully2-a.mp3<\/a><\/audio>\n<p>&nbsp;<\/p>\n<p>&nbsp;<\/p>\n<p>&nbsp;<\/p>\n<p>&nbsp;<\/p>\n","protected":false},"excerpt":{"rendered":"<p>La noticia de padecer c\u00e1ncer puede ser recibida de distintas maneras, todas marcadas por un&#8230;<\/p>\n","protected":false},"author":1,"featured_media":6556,"comment_status":"closed","ping_status":"closed","sticky":false,"template":"","format":"standard","meta":{"footnotes":""},"categories":[9],"tags":[],"class_list":["post-6552","post","type-post","status-publish","format-standard","has-post-thumbnail","hentry","category-opinion"],"yoast_head":"<!-- This site is optimized with the Yoast SEO plugin v26.1.1 - https:\/\/yoast.com\/wordpress\/plugins\/seo\/ -->\n<title>VIVIR CON C\u00c1NCER Y LA DECISI\u00d3N DE CONTARLO EN PRIMERA PERSONA - Apuntes de San Luis<\/title>\n<meta name=\"robots\" content=\"index, follow, max-snippet:-1, max-image-preview:large, max-video-preview:-1\" \/>\n<link rel=\"canonical\" href=\"https:\/\/apuntesdesanluis.com\/index.php\/2023\/11\/09\/vivir-con-cancer-y-la-decision-de-contarlo-en-primera-persona\/\" \/>\n<meta property=\"og:locale\" content=\"es_ES\" \/>\n<meta property=\"og:type\" content=\"article\" \/>\n<meta property=\"og:title\" content=\"VIVIR CON C\u00c1NCER Y LA DECISI\u00d3N DE CONTARLO EN PRIMERA PERSONA - Apuntes de San Luis\" \/>\n<meta property=\"og:description\" content=\"La noticia de padecer c\u00e1ncer puede ser recibida de distintas maneras, todas marcadas por un...\" \/>\n<meta property=\"og:url\" content=\"https:\/\/apuntesdesanluis.com\/index.php\/2023\/11\/09\/vivir-con-cancer-y-la-decision-de-contarlo-en-primera-persona\/\" \/>\n<meta property=\"og:site_name\" content=\"Apuntes de San Luis\" \/>\n<meta property=\"article:published_time\" content=\"2023-11-09T03:42:19+00:00\" \/>\n<meta property=\"article:modified_time\" content=\"2023-11-09T03:54:15+00:00\" \/>\n<meta property=\"og:image\" content=\"https:\/\/apuntesdesanluis.com\/wp-content\/uploads\/2023\/11\/santiago-tapa.png\" \/>\n\t<meta property=\"og:image:width\" content=\"751\" \/>\n\t<meta property=\"og:image:height\" content=\"451\" \/>\n\t<meta property=\"og:image:type\" content=\"image\/png\" \/>\n<meta name=\"author\" content=\"apuntesdesanluis.com\" \/>\n<meta name=\"twitter:card\" content=\"summary_large_image\" \/>\n<meta name=\"twitter:label1\" content=\"Escrito por\" \/>\n\t<meta name=\"twitter:data1\" content=\"apuntesdesanluis.com\" \/>\n\t<meta name=\"twitter:label2\" content=\"Tiempo de lectura\" \/>\n\t<meta name=\"twitter:data2\" content=\"2 minutos\" \/>\n<script type=\"application\/ld+json\" class=\"yoast-schema-graph\">{\"@context\":\"https:\/\/schema.org\",\"@graph\":[{\"@type\":\"Article\",\"@id\":\"https:\/\/apuntesdesanluis.com\/index.php\/2023\/11\/09\/vivir-con-cancer-y-la-decision-de-contarlo-en-primera-persona\/#article\",\"isPartOf\":{\"@id\":\"https:\/\/apuntesdesanluis.com\/index.php\/2023\/11\/09\/vivir-con-cancer-y-la-decision-de-contarlo-en-primera-persona\/\"},\"author\":{\"name\":\"apuntesdesanluis.com\",\"@id\":\"https:\/\/apuntesdesanluis.com\/#\/schema\/person\/b55151d52296fcce64d1a72538a70b90\"},\"headline\":\"VIVIR CON C\u00c1NCER Y LA DECISI\u00d3N DE CONTARLO EN PRIMERA PERSONA\",\"datePublished\":\"2023-11-09T03:42:19+00:00\",\"dateModified\":\"2023-11-09T03:54:15+00:00\",\"mainEntityOfPage\":{\"@id\":\"https:\/\/apuntesdesanluis.com\/index.php\/2023\/11\/09\/vivir-con-cancer-y-la-decision-de-contarlo-en-primera-persona\/\"},\"wordCount\":411,\"publisher\":{\"@id\":\"https:\/\/apuntesdesanluis.com\/#\/schema\/person\/b55151d52296fcce64d1a72538a70b90\"},\"image\":{\"@id\":\"https:\/\/apuntesdesanluis.com\/index.php\/2023\/11\/09\/vivir-con-cancer-y-la-decision-de-contarlo-en-primera-persona\/#primaryimage\"},\"thumbnailUrl\":\"https:\/\/apuntesdesanluis.com\/wp-content\/uploads\/2023\/11\/santiago-tapa.png\",\"articleSection\":[\"Opini\u00f3n\"],\"inLanguage\":\"es-AR\"},{\"@type\":\"WebPage\",\"@id\":\"https:\/\/apuntesdesanluis.com\/index.php\/2023\/11\/09\/vivir-con-cancer-y-la-decision-de-contarlo-en-primera-persona\/\",\"url\":\"https:\/\/apuntesdesanluis.com\/index.php\/2023\/11\/09\/vivir-con-cancer-y-la-decision-de-contarlo-en-primera-persona\/\",\"name\":\"VIVIR CON C\u00c1NCER Y LA DECISI\u00d3N DE CONTARLO EN PRIMERA PERSONA - Apuntes de San Luis\",\"isPartOf\":{\"@id\":\"https:\/\/apuntesdesanluis.com\/#website\"},\"primaryImageOfPage\":{\"@id\":\"https:\/\/apuntesdesanluis.com\/index.php\/2023\/11\/09\/vivir-con-cancer-y-la-decision-de-contarlo-en-primera-persona\/#primaryimage\"},\"image\":{\"@id\":\"https:\/\/apuntesdesanluis.com\/index.php\/2023\/11\/09\/vivir-con-cancer-y-la-decision-de-contarlo-en-primera-persona\/#primaryimage\"},\"thumbnailUrl\":\"https:\/\/apuntesdesanluis.com\/wp-content\/uploads\/2023\/11\/santiago-tapa.png\",\"datePublished\":\"2023-11-09T03:42:19+00:00\",\"dateModified\":\"2023-11-09T03:54:15+00:00\",\"breadcrumb\":{\"@id\":\"https:\/\/apuntesdesanluis.com\/index.php\/2023\/11\/09\/vivir-con-cancer-y-la-decision-de-contarlo-en-primera-persona\/#breadcrumb\"},\"inLanguage\":\"es-AR\",\"potentialAction\":[{\"@type\":\"ReadAction\",\"target\":[\"https:\/\/apuntesdesanluis.com\/index.php\/2023\/11\/09\/vivir-con-cancer-y-la-decision-de-contarlo-en-primera-persona\/\"]}]},{\"@type\":\"ImageObject\",\"inLanguage\":\"es-AR\",\"@id\":\"https:\/\/apuntesdesanluis.com\/index.php\/2023\/11\/09\/vivir-con-cancer-y-la-decision-de-contarlo-en-primera-persona\/#primaryimage\",\"url\":\"https:\/\/apuntesdesanluis.com\/wp-content\/uploads\/2023\/11\/santiago-tapa.png\",\"contentUrl\":\"https:\/\/apuntesdesanluis.com\/wp-content\/uploads\/2023\/11\/santiago-tapa.png\",\"width\":751,\"height\":451},{\"@type\":\"BreadcrumbList\",\"@id\":\"https:\/\/apuntesdesanluis.com\/index.php\/2023\/11\/09\/vivir-con-cancer-y-la-decision-de-contarlo-en-primera-persona\/#breadcrumb\",\"itemListElement\":[{\"@type\":\"ListItem\",\"position\":1,\"name\":\"Inicio\",\"item\":\"https:\/\/apuntesdesanluis.com\/\"},{\"@type\":\"ListItem\",\"position\":2,\"name\":\"VIVIR CON C\u00c1NCER Y LA DECISI\u00d3N DE CONTARLO EN PRIMERA PERSONA\"}]},{\"@type\":\"WebSite\",\"@id\":\"https:\/\/apuntesdesanluis.com\/#website\",\"url\":\"https:\/\/apuntesdesanluis.com\/\",\"name\":\"Apuntes de San Luis\",\"description\":\"\",\"publisher\":{\"@id\":\"https:\/\/apuntesdesanluis.com\/#\/schema\/person\/b55151d52296fcce64d1a72538a70b90\"},\"potentialAction\":[{\"@type\":\"SearchAction\",\"target\":{\"@type\":\"EntryPoint\",\"urlTemplate\":\"https:\/\/apuntesdesanluis.com\/?s={search_term_string}\"},\"query-input\":{\"@type\":\"PropertyValueSpecification\",\"valueRequired\":true,\"valueName\":\"search_term_string\"}}],\"inLanguage\":\"es-AR\"},{\"@type\":[\"Person\",\"Organization\"],\"@id\":\"https:\/\/apuntesdesanluis.com\/#\/schema\/person\/b55151d52296fcce64d1a72538a70b90\",\"name\":\"apuntesdesanluis.com\",\"image\":{\"@type\":\"ImageObject\",\"inLanguage\":\"es-AR\",\"@id\":\"https:\/\/apuntesdesanluis.com\/#\/schema\/person\/image\/\",\"url\":\"https:\/\/apuntesdesanluis.com\/wp-content\/uploads\/2023\/07\/cropped-apuntesdesanluis.png\",\"contentUrl\":\"https:\/\/apuntesdesanluis.com\/wp-content\/uploads\/2023\/07\/cropped-apuntesdesanluis.png\",\"width\":450,\"height\":112,\"caption\":\"apuntesdesanluis.com\"},\"logo\":{\"@id\":\"https:\/\/apuntesdesanluis.com\/#\/schema\/person\/image\/\"},\"sameAs\":[\"https:\/\/apuntesdesanluis.com\"],\"url\":\"https:\/\/apuntesdesanluis.com\/index.php\/author\/apuntesdesanluis-com\/\"}]}<\/script>\n<!-- \/ Yoast SEO plugin. -->","yoast_head_json":{"title":"VIVIR CON C\u00c1NCER Y LA DECISI\u00d3N DE CONTARLO EN PRIMERA PERSONA - Apuntes de San Luis","robots":{"index":"index","follow":"follow","max-snippet":"max-snippet:-1","max-image-preview":"max-image-preview:large","max-video-preview":"max-video-preview:-1"},"canonical":"https:\/\/apuntesdesanluis.com\/index.php\/2023\/11\/09\/vivir-con-cancer-y-la-decision-de-contarlo-en-primera-persona\/","og_locale":"es_ES","og_type":"article","og_title":"VIVIR CON C\u00c1NCER Y LA DECISI\u00d3N DE CONTARLO EN PRIMERA PERSONA - Apuntes de San Luis","og_description":"La noticia de padecer c\u00e1ncer puede ser recibida de distintas maneras, todas marcadas por un...","og_url":"https:\/\/apuntesdesanluis.com\/index.php\/2023\/11\/09\/vivir-con-cancer-y-la-decision-de-contarlo-en-primera-persona\/","og_site_name":"Apuntes de San Luis","article_published_time":"2023-11-09T03:42:19+00:00","article_modified_time":"2023-11-09T03:54:15+00:00","og_image":[{"width":751,"height":451,"url":"https:\/\/apuntesdesanluis.com\/wp-content\/uploads\/2023\/11\/santiago-tapa.png","type":"image\/png"}],"author":"apuntesdesanluis.com","twitter_card":"summary_large_image","twitter_misc":{"Escrito por":"apuntesdesanluis.com","Tiempo de lectura":"2 minutos"},"schema":{"@context":"https:\/\/schema.org","@graph":[{"@type":"Article","@id":"https:\/\/apuntesdesanluis.com\/index.php\/2023\/11\/09\/vivir-con-cancer-y-la-decision-de-contarlo-en-primera-persona\/#article","isPartOf":{"@id":"https:\/\/apuntesdesanluis.com\/index.php\/2023\/11\/09\/vivir-con-cancer-y-la-decision-de-contarlo-en-primera-persona\/"},"author":{"name":"apuntesdesanluis.com","@id":"https:\/\/apuntesdesanluis.com\/#\/schema\/person\/b55151d52296fcce64d1a72538a70b90"},"headline":"VIVIR CON C\u00c1NCER Y LA DECISI\u00d3N DE CONTARLO EN PRIMERA PERSONA","datePublished":"2023-11-09T03:42:19+00:00","dateModified":"2023-11-09T03:54:15+00:00","mainEntityOfPage":{"@id":"https:\/\/apuntesdesanluis.com\/index.php\/2023\/11\/09\/vivir-con-cancer-y-la-decision-de-contarlo-en-primera-persona\/"},"wordCount":411,"publisher":{"@id":"https:\/\/apuntesdesanluis.com\/#\/schema\/person\/b55151d52296fcce64d1a72538a70b90"},"image":{"@id":"https:\/\/apuntesdesanluis.com\/index.php\/2023\/11\/09\/vivir-con-cancer-y-la-decision-de-contarlo-en-primera-persona\/#primaryimage"},"thumbnailUrl":"https:\/\/apuntesdesanluis.com\/wp-content\/uploads\/2023\/11\/santiago-tapa.png","articleSection":["Opini\u00f3n"],"inLanguage":"es-AR"},{"@type":"WebPage","@id":"https:\/\/apuntesdesanluis.com\/index.php\/2023\/11\/09\/vivir-con-cancer-y-la-decision-de-contarlo-en-primera-persona\/","url":"https:\/\/apuntesdesanluis.com\/index.php\/2023\/11\/09\/vivir-con-cancer-y-la-decision-de-contarlo-en-primera-persona\/","name":"VIVIR CON C\u00c1NCER Y LA DECISI\u00d3N DE CONTARLO EN PRIMERA PERSONA - Apuntes de San Luis","isPartOf":{"@id":"https:\/\/apuntesdesanluis.com\/#website"},"primaryImageOfPage":{"@id":"https:\/\/apuntesdesanluis.com\/index.php\/2023\/11\/09\/vivir-con-cancer-y-la-decision-de-contarlo-en-primera-persona\/#primaryimage"},"image":{"@id":"https:\/\/apuntesdesanluis.com\/index.php\/2023\/11\/09\/vivir-con-cancer-y-la-decision-de-contarlo-en-primera-persona\/#primaryimage"},"thumbnailUrl":"https:\/\/apuntesdesanluis.com\/wp-content\/uploads\/2023\/11\/santiago-tapa.png","datePublished":"2023-11-09T03:42:19+00:00","dateModified":"2023-11-09T03:54:15+00:00","breadcrumb":{"@id":"https:\/\/apuntesdesanluis.com\/index.php\/2023\/11\/09\/vivir-con-cancer-y-la-decision-de-contarlo-en-primera-persona\/#breadcrumb"},"inLanguage":"es-AR","potentialAction":[{"@type":"ReadAction","target":["https:\/\/apuntesdesanluis.com\/index.php\/2023\/11\/09\/vivir-con-cancer-y-la-decision-de-contarlo-en-primera-persona\/"]}]},{"@type":"ImageObject","inLanguage":"es-AR","@id":"https:\/\/apuntesdesanluis.com\/index.php\/2023\/11\/09\/vivir-con-cancer-y-la-decision-de-contarlo-en-primera-persona\/#primaryimage","url":"https:\/\/apuntesdesanluis.com\/wp-content\/uploads\/2023\/11\/santiago-tapa.png","contentUrl":"https:\/\/apuntesdesanluis.com\/wp-content\/uploads\/2023\/11\/santiago-tapa.png","width":751,"height":451},{"@type":"BreadcrumbList","@id":"https:\/\/apuntesdesanluis.com\/index.php\/2023\/11\/09\/vivir-con-cancer-y-la-decision-de-contarlo-en-primera-persona\/#breadcrumb","itemListElement":[{"@type":"ListItem","position":1,"name":"Inicio","item":"https:\/\/apuntesdesanluis.com\/"},{"@type":"ListItem","position":2,"name":"VIVIR CON C\u00c1NCER Y LA DECISI\u00d3N DE CONTARLO EN PRIMERA PERSONA"}]},{"@type":"WebSite","@id":"https:\/\/apuntesdesanluis.com\/#website","url":"https:\/\/apuntesdesanluis.com\/","name":"Apuntes de San Luis","description":"","publisher":{"@id":"https:\/\/apuntesdesanluis.com\/#\/schema\/person\/b55151d52296fcce64d1a72538a70b90"},"potentialAction":[{"@type":"SearchAction","target":{"@type":"EntryPoint","urlTemplate":"https:\/\/apuntesdesanluis.com\/?s={search_term_string}"},"query-input":{"@type":"PropertyValueSpecification","valueRequired":true,"valueName":"search_term_string"}}],"inLanguage":"es-AR"},{"@type":["Person","Organization"],"@id":"https:\/\/apuntesdesanluis.com\/#\/schema\/person\/b55151d52296fcce64d1a72538a70b90","name":"apuntesdesanluis.com","image":{"@type":"ImageObject","inLanguage":"es-AR","@id":"https:\/\/apuntesdesanluis.com\/#\/schema\/person\/image\/","url":"https:\/\/apuntesdesanluis.com\/wp-content\/uploads\/2023\/07\/cropped-apuntesdesanluis.png","contentUrl":"https:\/\/apuntesdesanluis.com\/wp-content\/uploads\/2023\/07\/cropped-apuntesdesanluis.png","width":450,"height":112,"caption":"apuntesdesanluis.com"},"logo":{"@id":"https:\/\/apuntesdesanluis.com\/#\/schema\/person\/image\/"},"sameAs":["https:\/\/apuntesdesanluis.com"],"url":"https:\/\/apuntesdesanluis.com\/index.php\/author\/apuntesdesanluis-com\/"}]}},"featured_image_urls":{"full":["https:\/\/apuntesdesanluis.com\/wp-content\/uploads\/2023\/11\/santiago-tapa.png",751,451,false],"thumbnail":["https:\/\/apuntesdesanluis.com\/wp-content\/uploads\/2023\/11\/santiago-tapa-150x150.png",150,150,true],"medium":["https:\/\/apuntesdesanluis.com\/wp-content\/uploads\/2023\/11\/santiago-tapa-300x180.png",300,180,true],"medium_large":["https:\/\/apuntesdesanluis.com\/wp-content\/uploads\/2023\/11\/santiago-tapa.png",640,384,false],"large":["https:\/\/apuntesdesanluis.com\/wp-content\/uploads\/2023\/11\/santiago-tapa.png",640,384,false],"1536x1536":["https:\/\/apuntesdesanluis.com\/wp-content\/uploads\/2023\/11\/santiago-tapa.png",751,451,false],"2048x2048":["https:\/\/apuntesdesanluis.com\/wp-content\/uploads\/2023\/11\/santiago-tapa.png",751,451,false],"newsever-slider-full":["https:\/\/apuntesdesanluis.com\/wp-content\/uploads\/2023\/11\/santiago-tapa.png",751,451,false],"newsever-featured":["https:\/\/apuntesdesanluis.com\/wp-content\/uploads\/2023\/11\/santiago-tapa.png",751,451,false],"newsever-medium":["https:\/\/apuntesdesanluis.com\/wp-content\/uploads\/2023\/11\/santiago-tapa-720x451.png",720,451,true]},"author_info":{"display_name":"apuntesdesanluis.com","author_link":"https:\/\/apuntesdesanluis.com\/index.php\/author\/apuntesdesanluis-com\/"},"category_info":"<a href=\"https:\/\/apuntesdesanluis.com\/index.php\/category\/opinion\/\" rel=\"category tag\">Opini\u00f3n<\/a>","tag_info":"Opini\u00f3n","comment_count":"0","_links":{"self":[{"href":"https:\/\/apuntesdesanluis.com\/index.php\/wp-json\/wp\/v2\/posts\/6552","targetHints":{"allow":["GET"]}}],"collection":[{"href":"https:\/\/apuntesdesanluis.com\/index.php\/wp-json\/wp\/v2\/posts"}],"about":[{"href":"https:\/\/apuntesdesanluis.com\/index.php\/wp-json\/wp\/v2\/types\/post"}],"author":[{"embeddable":true,"href":"https:\/\/apuntesdesanluis.com\/index.php\/wp-json\/wp\/v2\/users\/1"}],"replies":[{"embeddable":true,"href":"https:\/\/apuntesdesanluis.com\/index.php\/wp-json\/wp\/v2\/comments?post=6552"}],"version-history":[{"count":6,"href":"https:\/\/apuntesdesanluis.com\/index.php\/wp-json\/wp\/v2\/posts\/6552\/revisions"}],"predecessor-version":[{"id":6562,"href":"https:\/\/apuntesdesanluis.com\/index.php\/wp-json\/wp\/v2\/posts\/6552\/revisions\/6562"}],"wp:featuredmedia":[{"embeddable":true,"href":"https:\/\/apuntesdesanluis.com\/index.php\/wp-json\/wp\/v2\/media\/6556"}],"wp:attachment":[{"href":"https:\/\/apuntesdesanluis.com\/index.php\/wp-json\/wp\/v2\/media?parent=6552"}],"wp:term":[{"taxonomy":"category","embeddable":true,"href":"https:\/\/apuntesdesanluis.com\/index.php\/wp-json\/wp\/v2\/categories?post=6552"},{"taxonomy":"post_tag","embeddable":true,"href":"https:\/\/apuntesdesanluis.com\/index.php\/wp-json\/wp\/v2\/tags?post=6552"}],"curies":[{"name":"wp","href":"https:\/\/api.w.org\/{rel}","templated":true}]}}