{"id":6570,"date":"2023-11-09T20:39:26","date_gmt":"2023-11-09T23:39:26","guid":{"rendered":"https:\/\/apuntesdesanluis.com\/?p=6570"},"modified":"2023-11-09T20:39:26","modified_gmt":"2023-11-09T23:39:26","slug":"causa-por-lesiones-graves-la-defensa-solicito-el-tramite-de-juicio-abreviado","status":"publish","type":"post","link":"https:\/\/apuntesdesanluis.com\/index.php\/2023\/11\/09\/causa-por-lesiones-graves-la-defensa-solicito-el-tramite-de-juicio-abreviado\/","title":{"rendered":"CAUSA POR LESIONES GRAVES: LA DEFENSA SOLICIT\u00d3 EL TR\u00c1MITE DE JUICIO ABREVIADO"},"content":{"rendered":"<h3>El tribunal citar\u00e1 a los deudos del damnificado, quien falleci\u00f3, a fin de que presten su consentimiento.<\/h3>\n<h3>En marco de la causa donde se juzga a un hombre por el delito de lesiones graves, las partes propusieron al tribunal la realizaci\u00f3n de un juicio abreviado.<\/h3>\n<h3>El hecho ocurri\u00f3 en la localidad de Justo Daract en junio de 2018. Seg\u00fan lo descripto en la acusaci\u00f3n de primera instancia, ese d\u00eda el imputado se estaba retirando de un bar y se encontr\u00f3 con la v\u00edctima con quien habr\u00eda mantenido una discusi\u00f3n. Luego, en una plazoleta de la localidad, el acusado con un objeto contundente habr\u00eda golpeado a la v\u00edctima\u00a0 en varias partes del lado derecho del cuerpo y en ambos miembros inferiores, y se habr\u00eda retirado del lugar dej\u00e1ndolo tirado, el damnificado fue socorrido por otras personas quienes lo trasladaron al hospital.<\/h3>\n<h3>Como consecuencia de\u00a0 los golpes, sufri\u00f3 una fractura bilateral de peron\u00e9 en m\u00faltiples fracciones y varios\u00a0 hematomas en la regi\u00f3n occipital derecha, debajo del omoplato derecho y en la cadera derecha, por lo que tuvo que recibir atenci\u00f3n quir\u00fargica, provoc\u00e1ndole m\u00e1s de treinta d\u00edas de inhabilitaci\u00f3n laboral en esa oportunidad.<\/h3>\n<h3>En primer lugar, el tribunal integrado por la Dra. Daniela Estrada y los Dres. Mauro Germ\u00e1n D\u00b4Agata Henr\u00edquez y Sebasti\u00e1n Cadelago Filippi dio a conocer la lectura da la resoluci\u00f3n frente a los planteos formulados por la defensa en la audiencia anterior, los cuales fueron rechazados.<\/h3>\n<h3>A continuaci\u00f3n, se le concedi\u00f3 la palabra al Dr. Vicente Cuesta, abogado defensor del acusado, quien present\u00f3 una propuesta de juicio abreviado contemplando una condena de tres a\u00f1os de prisi\u00f3n en suspenso.<\/h3>\n<h3>El\u00a0 Dr. Julio Fernandez Triches no plante\u00f3 objeciones pero pidi\u00f3 que se cite a los deudos de quien resultara v\u00edctima del delito.<\/h3>\n<h3>En el mismo sentido, se expres\u00f3 el Fiscal de Juicio, Dr. Ernesto Lutens: \u201cme gustar\u00eda que se formalizara la propuesta y se escuchara\u00a0 a los deudos\u201d.<\/h3>\n<h3>Luego de escuchar a las partes, el tribunal inform\u00f3 que se comunicar\u00e1 a las partes la fecha de reanudaci\u00f3n del debate, a fin de asegurar la presencia de los familiares de quien resultara v\u00edctima en la causa.<\/h3>\n<h3>\u2026\u2026\u2026\u2026\u2026\u2026..<\/h3>\n<h3>Para obtener m\u00e1s informaci\u00f3n sobre esta causa ingrese al siguiente enlace: <span style=\"color: #0000ff;\"><a style=\"color: #0000ff;\" href=\"https:\/\/www.periodicojudicial.gov.ar\/juicio-por-lesiones-graves-la-defensa-planteo-cuestiones-preliminares\/\">https:\/\/www.periodicojudicial.gov.ar\/juicio-por-lesiones-graves-la-defensa-planteo-cuestiones-preliminares\/<\/a><\/span><\/h3>\n<p>&nbsp;<\/p>\n<p>&nbsp;<\/p>\n<p>&nbsp;<\/p>\n<p>&nbsp;<\/p>\n<p>&nbsp;<\/p>\n","protected":false},"excerpt":{"rendered":"<p>El tribunal citar\u00e1 a los deudos del damnificado, quien falleci\u00f3, a fin de que presten&#8230;<\/p>\n","protected":false},"author":1,"featured_media":6571,"comment_status":"closed","ping_status":"closed","sticky":false,"template":"","format":"standard","meta":{"footnotes":""},"categories":[6],"tags":[],"class_list":["post-6570","post","type-post","status-publish","format-standard","has-post-thumbnail","hentry","category-ciudad-provincia"],"yoast_head":"<!-- This site is optimized with the Yoast SEO plugin v26.1.1 - https:\/\/yoast.com\/wordpress\/plugins\/seo\/ -->\n<title>CAUSA POR LESIONES GRAVES: LA DEFENSA SOLICIT\u00d3 EL TR\u00c1MITE DE JUICIO ABREVIADO - Apuntes de San Luis<\/title>\n<meta name=\"robots\" content=\"index, follow, max-snippet:-1, max-image-preview:large, max-video-preview:-1\" \/>\n<link rel=\"canonical\" href=\"https:\/\/apuntesdesanluis.com\/index.php\/2023\/11\/09\/causa-por-lesiones-graves-la-defensa-solicito-el-tramite-de-juicio-abreviado\/\" \/>\n<meta property=\"og:locale\" content=\"es_ES\" \/>\n<meta property=\"og:type\" content=\"article\" \/>\n<meta property=\"og:title\" content=\"CAUSA POR LESIONES GRAVES: LA DEFENSA SOLICIT\u00d3 EL TR\u00c1MITE DE JUICIO ABREVIADO - Apuntes de San Luis\" \/>\n<meta property=\"og:description\" content=\"El tribunal citar\u00e1 a los deudos del damnificado, quien falleci\u00f3, a fin de que presten...\" \/>\n<meta property=\"og:url\" content=\"https:\/\/apuntesdesanluis.com\/index.php\/2023\/11\/09\/causa-por-lesiones-graves-la-defensa-solicito-el-tramite-de-juicio-abreviado\/\" \/>\n<meta property=\"og:site_name\" content=\"Apuntes de San Luis\" \/>\n<meta property=\"article:published_time\" content=\"2023-11-09T23:39:26+00:00\" \/>\n<meta property=\"og:image\" content=\"https:\/\/apuntesdesanluis.com\/wp-content\/uploads\/2023\/11\/causa.png\" \/>\n\t<meta property=\"og:image:width\" content=\"596\" \/>\n\t<meta property=\"og:image:height\" content=\"343\" \/>\n\t<meta property=\"og:image:type\" content=\"image\/png\" \/>\n<meta name=\"author\" content=\"apuntesdesanluis.com\" \/>\n<meta name=\"twitter:card\" content=\"summary_large_image\" \/>\n<meta name=\"twitter:label1\" content=\"Escrito por\" \/>\n\t<meta name=\"twitter:data1\" content=\"apuntesdesanluis.com\" \/>\n\t<meta name=\"twitter:label2\" content=\"Tiempo de lectura\" \/>\n\t<meta name=\"twitter:data2\" content=\"2 minutos\" \/>\n<script type=\"application\/ld+json\" class=\"yoast-schema-graph\">{\"@context\":\"https:\/\/schema.org\",\"@graph\":[{\"@type\":\"Article\",\"@id\":\"https:\/\/apuntesdesanluis.com\/index.php\/2023\/11\/09\/causa-por-lesiones-graves-la-defensa-solicito-el-tramite-de-juicio-abreviado\/#article\",\"isPartOf\":{\"@id\":\"https:\/\/apuntesdesanluis.com\/index.php\/2023\/11\/09\/causa-por-lesiones-graves-la-defensa-solicito-el-tramite-de-juicio-abreviado\/\"},\"author\":{\"name\":\"apuntesdesanluis.com\",\"@id\":\"https:\/\/apuntesdesanluis.com\/#\/schema\/person\/b55151d52296fcce64d1a72538a70b90\"},\"headline\":\"CAUSA POR LESIONES GRAVES: LA DEFENSA SOLICIT\u00d3 EL TR\u00c1MITE DE JUICIO ABREVIADO\",\"datePublished\":\"2023-11-09T23:39:26+00:00\",\"mainEntityOfPage\":{\"@id\":\"https:\/\/apuntesdesanluis.com\/index.php\/2023\/11\/09\/causa-por-lesiones-graves-la-defensa-solicito-el-tramite-de-juicio-abreviado\/\"},\"wordCount\":420,\"publisher\":{\"@id\":\"https:\/\/apuntesdesanluis.com\/#\/schema\/person\/b55151d52296fcce64d1a72538a70b90\"},\"image\":{\"@id\":\"https:\/\/apuntesdesanluis.com\/index.php\/2023\/11\/09\/causa-por-lesiones-graves-la-defensa-solicito-el-tramite-de-juicio-abreviado\/#primaryimage\"},\"thumbnailUrl\":\"https:\/\/apuntesdesanluis.com\/wp-content\/uploads\/2023\/11\/causa.png\",\"articleSection\":[\"Ciudad\/Provincia\"],\"inLanguage\":\"es-AR\"},{\"@type\":\"WebPage\",\"@id\":\"https:\/\/apuntesdesanluis.com\/index.php\/2023\/11\/09\/causa-por-lesiones-graves-la-defensa-solicito-el-tramite-de-juicio-abreviado\/\",\"url\":\"https:\/\/apuntesdesanluis.com\/index.php\/2023\/11\/09\/causa-por-lesiones-graves-la-defensa-solicito-el-tramite-de-juicio-abreviado\/\",\"name\":\"CAUSA POR LESIONES GRAVES: LA DEFENSA SOLICIT\u00d3 EL TR\u00c1MITE DE JUICIO ABREVIADO - Apuntes de San Luis\",\"isPartOf\":{\"@id\":\"https:\/\/apuntesdesanluis.com\/#website\"},\"primaryImageOfPage\":{\"@id\":\"https:\/\/apuntesdesanluis.com\/index.php\/2023\/11\/09\/causa-por-lesiones-graves-la-defensa-solicito-el-tramite-de-juicio-abreviado\/#primaryimage\"},\"image\":{\"@id\":\"https:\/\/apuntesdesanluis.com\/index.php\/2023\/11\/09\/causa-por-lesiones-graves-la-defensa-solicito-el-tramite-de-juicio-abreviado\/#primaryimage\"},\"thumbnailUrl\":\"https:\/\/apuntesdesanluis.com\/wp-content\/uploads\/2023\/11\/causa.png\",\"datePublished\":\"2023-11-09T23:39:26+00:00\",\"breadcrumb\":{\"@id\":\"https:\/\/apuntesdesanluis.com\/index.php\/2023\/11\/09\/causa-por-lesiones-graves-la-defensa-solicito-el-tramite-de-juicio-abreviado\/#breadcrumb\"},\"inLanguage\":\"es-AR\",\"potentialAction\":[{\"@type\":\"ReadAction\",\"target\":[\"https:\/\/apuntesdesanluis.com\/index.php\/2023\/11\/09\/causa-por-lesiones-graves-la-defensa-solicito-el-tramite-de-juicio-abreviado\/\"]}]},{\"@type\":\"ImageObject\",\"inLanguage\":\"es-AR\",\"@id\":\"https:\/\/apuntesdesanluis.com\/index.php\/2023\/11\/09\/causa-por-lesiones-graves-la-defensa-solicito-el-tramite-de-juicio-abreviado\/#primaryimage\",\"url\":\"https:\/\/apuntesdesanluis.com\/wp-content\/uploads\/2023\/11\/causa.png\",\"contentUrl\":\"https:\/\/apuntesdesanluis.com\/wp-content\/uploads\/2023\/11\/causa.png\",\"width\":596,\"height\":343},{\"@type\":\"BreadcrumbList\",\"@id\":\"https:\/\/apuntesdesanluis.com\/index.php\/2023\/11\/09\/causa-por-lesiones-graves-la-defensa-solicito-el-tramite-de-juicio-abreviado\/#breadcrumb\",\"itemListElement\":[{\"@type\":\"ListItem\",\"position\":1,\"name\":\"Inicio\",\"item\":\"https:\/\/apuntesdesanluis.com\/\"},{\"@type\":\"ListItem\",\"position\":2,\"name\":\"CAUSA POR LESIONES GRAVES: LA DEFENSA SOLICIT\u00d3 EL TR\u00c1MITE DE JUICIO ABREVIADO\"}]},{\"@type\":\"WebSite\",\"@id\":\"https:\/\/apuntesdesanluis.com\/#website\",\"url\":\"https:\/\/apuntesdesanluis.com\/\",\"name\":\"Apuntes de San Luis\",\"description\":\"\",\"publisher\":{\"@id\":\"https:\/\/apuntesdesanluis.com\/#\/schema\/person\/b55151d52296fcce64d1a72538a70b90\"},\"potentialAction\":[{\"@type\":\"SearchAction\",\"target\":{\"@type\":\"EntryPoint\",\"urlTemplate\":\"https:\/\/apuntesdesanluis.com\/?s={search_term_string}\"},\"query-input\":{\"@type\":\"PropertyValueSpecification\",\"valueRequired\":true,\"valueName\":\"search_term_string\"}}],\"inLanguage\":\"es-AR\"},{\"@type\":[\"Person\",\"Organization\"],\"@id\":\"https:\/\/apuntesdesanluis.com\/#\/schema\/person\/b55151d52296fcce64d1a72538a70b90\",\"name\":\"apuntesdesanluis.com\",\"image\":{\"@type\":\"ImageObject\",\"inLanguage\":\"es-AR\",\"@id\":\"https:\/\/apuntesdesanluis.com\/#\/schema\/person\/image\/\",\"url\":\"https:\/\/apuntesdesanluis.com\/wp-content\/uploads\/2023\/07\/cropped-apuntesdesanluis.png\",\"contentUrl\":\"https:\/\/apuntesdesanluis.com\/wp-content\/uploads\/2023\/07\/cropped-apuntesdesanluis.png\",\"width\":450,\"height\":112,\"caption\":\"apuntesdesanluis.com\"},\"logo\":{\"@id\":\"https:\/\/apuntesdesanluis.com\/#\/schema\/person\/image\/\"},\"sameAs\":[\"https:\/\/apuntesdesanluis.com\"],\"url\":\"https:\/\/apuntesdesanluis.com\/index.php\/author\/apuntesdesanluis-com\/\"}]}<\/script>\n<!-- \/ Yoast SEO plugin. -->","yoast_head_json":{"title":"CAUSA POR LESIONES GRAVES: LA DEFENSA SOLICIT\u00d3 EL TR\u00c1MITE DE JUICIO ABREVIADO - Apuntes de San Luis","robots":{"index":"index","follow":"follow","max-snippet":"max-snippet:-1","max-image-preview":"max-image-preview:large","max-video-preview":"max-video-preview:-1"},"canonical":"https:\/\/apuntesdesanluis.com\/index.php\/2023\/11\/09\/causa-por-lesiones-graves-la-defensa-solicito-el-tramite-de-juicio-abreviado\/","og_locale":"es_ES","og_type":"article","og_title":"CAUSA POR LESIONES GRAVES: LA DEFENSA SOLICIT\u00d3 EL TR\u00c1MITE DE JUICIO ABREVIADO - Apuntes de San Luis","og_description":"El tribunal citar\u00e1 a los deudos del damnificado, quien falleci\u00f3, a fin de que presten...","og_url":"https:\/\/apuntesdesanluis.com\/index.php\/2023\/11\/09\/causa-por-lesiones-graves-la-defensa-solicito-el-tramite-de-juicio-abreviado\/","og_site_name":"Apuntes de San Luis","article_published_time":"2023-11-09T23:39:26+00:00","og_image":[{"width":596,"height":343,"url":"https:\/\/apuntesdesanluis.com\/wp-content\/uploads\/2023\/11\/causa.png","type":"image\/png"}],"author":"apuntesdesanluis.com","twitter_card":"summary_large_image","twitter_misc":{"Escrito por":"apuntesdesanluis.com","Tiempo de lectura":"2 minutos"},"schema":{"@context":"https:\/\/schema.org","@graph":[{"@type":"Article","@id":"https:\/\/apuntesdesanluis.com\/index.php\/2023\/11\/09\/causa-por-lesiones-graves-la-defensa-solicito-el-tramite-de-juicio-abreviado\/#article","isPartOf":{"@id":"https:\/\/apuntesdesanluis.com\/index.php\/2023\/11\/09\/causa-por-lesiones-graves-la-defensa-solicito-el-tramite-de-juicio-abreviado\/"},"author":{"name":"apuntesdesanluis.com","@id":"https:\/\/apuntesdesanluis.com\/#\/schema\/person\/b55151d52296fcce64d1a72538a70b90"},"headline":"CAUSA POR LESIONES GRAVES: LA DEFENSA SOLICIT\u00d3 EL TR\u00c1MITE DE JUICIO ABREVIADO","datePublished":"2023-11-09T23:39:26+00:00","mainEntityOfPage":{"@id":"https:\/\/apuntesdesanluis.com\/index.php\/2023\/11\/09\/causa-por-lesiones-graves-la-defensa-solicito-el-tramite-de-juicio-abreviado\/"},"wordCount":420,"publisher":{"@id":"https:\/\/apuntesdesanluis.com\/#\/schema\/person\/b55151d52296fcce64d1a72538a70b90"},"image":{"@id":"https:\/\/apuntesdesanluis.com\/index.php\/2023\/11\/09\/causa-por-lesiones-graves-la-defensa-solicito-el-tramite-de-juicio-abreviado\/#primaryimage"},"thumbnailUrl":"https:\/\/apuntesdesanluis.com\/wp-content\/uploads\/2023\/11\/causa.png","articleSection":["Ciudad\/Provincia"],"inLanguage":"es-AR"},{"@type":"WebPage","@id":"https:\/\/apuntesdesanluis.com\/index.php\/2023\/11\/09\/causa-por-lesiones-graves-la-defensa-solicito-el-tramite-de-juicio-abreviado\/","url":"https:\/\/apuntesdesanluis.com\/index.php\/2023\/11\/09\/causa-por-lesiones-graves-la-defensa-solicito-el-tramite-de-juicio-abreviado\/","name":"CAUSA POR LESIONES GRAVES: LA DEFENSA SOLICIT\u00d3 EL TR\u00c1MITE DE JUICIO ABREVIADO - Apuntes de San Luis","isPartOf":{"@id":"https:\/\/apuntesdesanluis.com\/#website"},"primaryImageOfPage":{"@id":"https:\/\/apuntesdesanluis.com\/index.php\/2023\/11\/09\/causa-por-lesiones-graves-la-defensa-solicito-el-tramite-de-juicio-abreviado\/#primaryimage"},"image":{"@id":"https:\/\/apuntesdesanluis.com\/index.php\/2023\/11\/09\/causa-por-lesiones-graves-la-defensa-solicito-el-tramite-de-juicio-abreviado\/#primaryimage"},"thumbnailUrl":"https:\/\/apuntesdesanluis.com\/wp-content\/uploads\/2023\/11\/causa.png","datePublished":"2023-11-09T23:39:26+00:00","breadcrumb":{"@id":"https:\/\/apuntesdesanluis.com\/index.php\/2023\/11\/09\/causa-por-lesiones-graves-la-defensa-solicito-el-tramite-de-juicio-abreviado\/#breadcrumb"},"inLanguage":"es-AR","potentialAction":[{"@type":"ReadAction","target":["https:\/\/apuntesdesanluis.com\/index.php\/2023\/11\/09\/causa-por-lesiones-graves-la-defensa-solicito-el-tramite-de-juicio-abreviado\/"]}]},{"@type":"ImageObject","inLanguage":"es-AR","@id":"https:\/\/apuntesdesanluis.com\/index.php\/2023\/11\/09\/causa-por-lesiones-graves-la-defensa-solicito-el-tramite-de-juicio-abreviado\/#primaryimage","url":"https:\/\/apuntesdesanluis.com\/wp-content\/uploads\/2023\/11\/causa.png","contentUrl":"https:\/\/apuntesdesanluis.com\/wp-content\/uploads\/2023\/11\/causa.png","width":596,"height":343},{"@type":"BreadcrumbList","@id":"https:\/\/apuntesdesanluis.com\/index.php\/2023\/11\/09\/causa-por-lesiones-graves-la-defensa-solicito-el-tramite-de-juicio-abreviado\/#breadcrumb","itemListElement":[{"@type":"ListItem","position":1,"name":"Inicio","item":"https:\/\/apuntesdesanluis.com\/"},{"@type":"ListItem","position":2,"name":"CAUSA POR LESIONES GRAVES: LA DEFENSA SOLICIT\u00d3 EL TR\u00c1MITE DE JUICIO ABREVIADO"}]},{"@type":"WebSite","@id":"https:\/\/apuntesdesanluis.com\/#website","url":"https:\/\/apuntesdesanluis.com\/","name":"Apuntes de San Luis","description":"","publisher":{"@id":"https:\/\/apuntesdesanluis.com\/#\/schema\/person\/b55151d52296fcce64d1a72538a70b90"},"potentialAction":[{"@type":"SearchAction","target":{"@type":"EntryPoint","urlTemplate":"https:\/\/apuntesdesanluis.com\/?s={search_term_string}"},"query-input":{"@type":"PropertyValueSpecification","valueRequired":true,"valueName":"search_term_string"}}],"inLanguage":"es-AR"},{"@type":["Person","Organization"],"@id":"https:\/\/apuntesdesanluis.com\/#\/schema\/person\/b55151d52296fcce64d1a72538a70b90","name":"apuntesdesanluis.com","image":{"@type":"ImageObject","inLanguage":"es-AR","@id":"https:\/\/apuntesdesanluis.com\/#\/schema\/person\/image\/","url":"https:\/\/apuntesdesanluis.com\/wp-content\/uploads\/2023\/07\/cropped-apuntesdesanluis.png","contentUrl":"https:\/\/apuntesdesanluis.com\/wp-content\/uploads\/2023\/07\/cropped-apuntesdesanluis.png","width":450,"height":112,"caption":"apuntesdesanluis.com"},"logo":{"@id":"https:\/\/apuntesdesanluis.com\/#\/schema\/person\/image\/"},"sameAs":["https:\/\/apuntesdesanluis.com"],"url":"https:\/\/apuntesdesanluis.com\/index.php\/author\/apuntesdesanluis-com\/"}]}},"featured_image_urls":{"full":["https:\/\/apuntesdesanluis.com\/wp-content\/uploads\/2023\/11\/causa.png",596,343,false],"thumbnail":["https:\/\/apuntesdesanluis.com\/wp-content\/uploads\/2023\/11\/causa-150x150.png",150,150,true],"medium":["https:\/\/apuntesdesanluis.com\/wp-content\/uploads\/2023\/11\/causa-300x173.png",300,173,true],"medium_large":["https:\/\/apuntesdesanluis.com\/wp-content\/uploads\/2023\/11\/causa.png",596,343,false],"large":["https:\/\/apuntesdesanluis.com\/wp-content\/uploads\/2023\/11\/causa.png",596,343,false],"1536x1536":["https:\/\/apuntesdesanluis.com\/wp-content\/uploads\/2023\/11\/causa.png",596,343,false],"2048x2048":["https:\/\/apuntesdesanluis.com\/wp-content\/uploads\/2023\/11\/causa.png",596,343,false],"newsever-slider-full":["https:\/\/apuntesdesanluis.com\/wp-content\/uploads\/2023\/11\/causa.png",596,343,false],"newsever-featured":["https:\/\/apuntesdesanluis.com\/wp-content\/uploads\/2023\/11\/causa.png",596,343,false],"newsever-medium":["https:\/\/apuntesdesanluis.com\/wp-content\/uploads\/2023\/11\/causa.png",596,343,false]},"author_info":{"display_name":"apuntesdesanluis.com","author_link":"https:\/\/apuntesdesanluis.com\/index.php\/author\/apuntesdesanluis-com\/"},"category_info":"<a href=\"https:\/\/apuntesdesanluis.com\/index.php\/category\/ciudad-provincia\/\" rel=\"category tag\">Ciudad\/Provincia<\/a>","tag_info":"Ciudad\/Provincia","comment_count":"0","_links":{"self":[{"href":"https:\/\/apuntesdesanluis.com\/index.php\/wp-json\/wp\/v2\/posts\/6570","targetHints":{"allow":["GET"]}}],"collection":[{"href":"https:\/\/apuntesdesanluis.com\/index.php\/wp-json\/wp\/v2\/posts"}],"about":[{"href":"https:\/\/apuntesdesanluis.com\/index.php\/wp-json\/wp\/v2\/types\/post"}],"author":[{"embeddable":true,"href":"https:\/\/apuntesdesanluis.com\/index.php\/wp-json\/wp\/v2\/users\/1"}],"replies":[{"embeddable":true,"href":"https:\/\/apuntesdesanluis.com\/index.php\/wp-json\/wp\/v2\/comments?post=6570"}],"version-history":[{"count":1,"href":"https:\/\/apuntesdesanluis.com\/index.php\/wp-json\/wp\/v2\/posts\/6570\/revisions"}],"predecessor-version":[{"id":6572,"href":"https:\/\/apuntesdesanluis.com\/index.php\/wp-json\/wp\/v2\/posts\/6570\/revisions\/6572"}],"wp:featuredmedia":[{"embeddable":true,"href":"https:\/\/apuntesdesanluis.com\/index.php\/wp-json\/wp\/v2\/media\/6571"}],"wp:attachment":[{"href":"https:\/\/apuntesdesanluis.com\/index.php\/wp-json\/wp\/v2\/media?parent=6570"}],"wp:term":[{"taxonomy":"category","embeddable":true,"href":"https:\/\/apuntesdesanluis.com\/index.php\/wp-json\/wp\/v2\/categories?post=6570"},{"taxonomy":"post_tag","embeddable":true,"href":"https:\/\/apuntesdesanluis.com\/index.php\/wp-json\/wp\/v2\/tags?post=6570"}],"curies":[{"name":"wp","href":"https:\/\/api.w.org\/{rel}","templated":true}]}}