{"id":6573,"date":"2023-11-09T21:00:33","date_gmt":"2023-11-10T00:00:33","guid":{"rendered":"https:\/\/apuntesdesanluis.com\/?p=6573"},"modified":"2023-11-09T21:01:05","modified_gmt":"2023-11-10T00:01:05","slug":"confirman-deteccion-de-dos-nuevos-casos-de-dengue-en-la-provincia","status":"publish","type":"post","link":"https:\/\/apuntesdesanluis.com\/index.php\/2023\/11\/09\/confirman-deteccion-de-dos-nuevos-casos-de-dengue-en-la-provincia\/","title":{"rendered":"CONFIRMAN DETECCI\u00d3N DE DOS NUEVOS CASOS DE DENGUE EN LA PROVINCIA"},"content":{"rendered":"<h3>Ambos son de car\u00e1cter \u201cimportados\u201d. Se trata de pacientes con antecedentes de viaje a M\u00e9xico y a Chaco. Uno vive en <strong>Villa Mercedes<\/strong> y otro en <strong>Juana Koslay<\/strong>.<\/h3>\n<h3>Teniendo en cuenta el contexto epidemiol\u00f3gico nacional y provincial de casos de enfermedades transmitidas por mosquitos (ETM) de Dengue y Fiebre Chikungunya, es que el Ministerio de Salud de la Provincia de San Luis, a trav\u00e9s del Servicio de Vigilancia Epidemiol\u00f3gica del Programa Epidemiolog\u00eda confirma la detecci\u00f3n de dos casos de dengue, ambos importados. Siendo el primero, un paciente masculino de 64 a\u00f1os de edad, con antecedente de viaje a la provincia de Chaco (Serotipo DEN2), con residencia en Villa Mercedes, y el segundo, un paciente masculino de 54 a\u00f1os de edad, con antecedente de viaje a M\u00e9xico (Serotipo DEN3), con residencia en la ciudad de Juana Koslay.<\/h3>\n<h3>Ambos se encuentran sintom\u00e1ticos, y bajo seguimiento m\u00e9dico. En ambos casos se realizaron las acciones de bloqueo de foco tanto espaciales como domiciliarias.<\/h3>\n<h3>Los mismos representan los primeros dos casos provinciales de la temporada 2023-2024, ambos presentando nexo epidemiol\u00f3gico espacio-temporal, ya que tanto M\u00e9xico como la provincia de Chaco se encuentran con brotes activos de la enfermedad. Presentando Chaco 89 casos aut\u00f3ctonos durante las \u00faltimas 4 semanas (SE40 \u2013 SE43), y M\u00e9xico 185.937 casos totales 2023 a la SE41.<\/h3>\n<h3><img fetchpriority=\"high\" decoding=\"async\" class=\"wp-image-6575 aligncenter\" src=\"https:\/\/apuntesdesanluis.com\/wp-content\/uploads\/2023\/11\/fumigacion-300x186.png\" alt=\"\" width=\"819\" height=\"508\" srcset=\"https:\/\/apuntesdesanluis.com\/wp-content\/uploads\/2023\/11\/fumigacion-300x186.png 300w, https:\/\/apuntesdesanluis.com\/wp-content\/uploads\/2023\/11\/fumigacion.png 660w\" sizes=\"(max-width: 819px) 100vw, 819px\" \/><\/h3>\n<h3>RECOMENDACIONES A LA POBLACI\u00d3N<\/h3>\n<h3>Debe consultar al m\u00e9dico de manera inmediata, toda persona con antecedente de haber permanecido o transitado en zonas de transmisi\u00f3n activa de Dengue o Fiebre Chikungunya o presencia del mosquito transmisor (Aedes aegypti) en los 15 d\u00edas previos a la aparici\u00f3n de fiebre acompa\u00f1ada de algunos de los siguientes s\u00edntomas:<\/h3>\n<ul>\n<li>\n<h3>Dolor de cabeza.<\/h3>\n<\/li>\n<li>\n<h3>Dolor detr\u00e1s de los ojos.<\/h3>\n<\/li>\n<li>\n<h3>Dolor muscular.<\/h3>\n<\/li>\n<li>\n<h3>Dolor articular (en personas con Fiebre Chikungunya puede durar desde unos poco d\u00edas hasta perdurar varios meses).<\/h3>\n<\/li>\n<li>\n<h3>Erupci\u00f3n en la piel.<\/h3>\n<\/li>\n<li>\n<h3>N\u00e1useas o v\u00f3mitos.<\/h3>\n<\/li>\n<li>\n<h3>Dolor abdominal.<\/h3>\n<\/li>\n<li>\n<h3>Manchas rojas en la piel (petequias) u otras manifestaciones hemorr\u00e1gicas.<\/h3>\n<\/li>\n<li>\n<h3>Prurito (Sensaci\u00f3n inc\u00f3moda irritante que crea deseo de rascarse y que puede afectar a cualquier parte del cuerpo).<\/h3>\n<\/li>\n<\/ul>\n<h3>Ante estos s\u00edntomas, no auto medicarse. No tomar aspirinas, ibuprofeno, ni aplicar medicamentos inyectables. Lo m\u00e1s conveniente es que se consulte al m\u00e9dico para que \u00e9l indique la medicaci\u00f3n adecuada.<\/h3>\n","protected":false},"excerpt":{"rendered":"<p>Ambos son de car\u00e1cter \u201cimportados\u201d. Se trata de pacientes con antecedentes de viaje a M\u00e9xico&#8230;<\/p>\n","protected":false},"author":1,"featured_media":6574,"comment_status":"closed","ping_status":"closed","sticky":false,"template":"","format":"standard","meta":{"footnotes":""},"categories":[6],"tags":[],"class_list":["post-6573","post","type-post","status-publish","format-standard","has-post-thumbnail","hentry","category-ciudad-provincia"],"yoast_head":"<!-- This site is optimized with the Yoast SEO plugin v26.1.1 - https:\/\/yoast.com\/wordpress\/plugins\/seo\/ -->\n<title>CONFIRMAN DETECCI\u00d3N DE DOS NUEVOS CASOS DE DENGUE EN LA PROVINCIA - Apuntes de San Luis<\/title>\n<meta name=\"robots\" content=\"index, follow, max-snippet:-1, max-image-preview:large, max-video-preview:-1\" \/>\n<link rel=\"canonical\" href=\"https:\/\/apuntesdesanluis.com\/index.php\/2023\/11\/09\/confirman-deteccion-de-dos-nuevos-casos-de-dengue-en-la-provincia\/\" \/>\n<meta property=\"og:locale\" content=\"es_ES\" \/>\n<meta property=\"og:type\" content=\"article\" \/>\n<meta property=\"og:title\" content=\"CONFIRMAN DETECCI\u00d3N DE DOS NUEVOS CASOS DE DENGUE EN LA PROVINCIA - Apuntes de San Luis\" \/>\n<meta property=\"og:description\" content=\"Ambos son de car\u00e1cter \u201cimportados\u201d. Se trata de pacientes con antecedentes de viaje a M\u00e9xico...\" \/>\n<meta property=\"og:url\" content=\"https:\/\/apuntesdesanluis.com\/index.php\/2023\/11\/09\/confirman-deteccion-de-dos-nuevos-casos-de-dengue-en-la-provincia\/\" \/>\n<meta property=\"og:site_name\" content=\"Apuntes de San Luis\" \/>\n<meta property=\"article:published_time\" content=\"2023-11-10T00:00:33+00:00\" \/>\n<meta property=\"article:modified_time\" content=\"2023-11-10T00:01:05+00:00\" \/>\n<meta property=\"og:image\" content=\"https:\/\/apuntesdesanluis.com\/wp-content\/uploads\/2023\/11\/dengue.png\" \/>\n\t<meta property=\"og:image:width\" content=\"694\" \/>\n\t<meta property=\"og:image:height\" content=\"418\" \/>\n\t<meta property=\"og:image:type\" content=\"image\/png\" \/>\n<meta name=\"author\" content=\"apuntesdesanluis.com\" \/>\n<meta name=\"twitter:card\" content=\"summary_large_image\" \/>\n<meta name=\"twitter:label1\" content=\"Escrito por\" \/>\n\t<meta name=\"twitter:data1\" content=\"apuntesdesanluis.com\" \/>\n\t<meta name=\"twitter:label2\" content=\"Tiempo de lectura\" \/>\n\t<meta name=\"twitter:data2\" content=\"2 minutos\" \/>\n<script type=\"application\/ld+json\" class=\"yoast-schema-graph\">{\"@context\":\"https:\/\/schema.org\",\"@graph\":[{\"@type\":\"Article\",\"@id\":\"https:\/\/apuntesdesanluis.com\/index.php\/2023\/11\/09\/confirman-deteccion-de-dos-nuevos-casos-de-dengue-en-la-provincia\/#article\",\"isPartOf\":{\"@id\":\"https:\/\/apuntesdesanluis.com\/index.php\/2023\/11\/09\/confirman-deteccion-de-dos-nuevos-casos-de-dengue-en-la-provincia\/\"},\"author\":{\"name\":\"apuntesdesanluis.com\",\"@id\":\"https:\/\/apuntesdesanluis.com\/#\/schema\/person\/b55151d52296fcce64d1a72538a70b90\"},\"headline\":\"CONFIRMAN DETECCI\u00d3N DE DOS NUEVOS CASOS DE DENGUE EN LA PROVINCIA\",\"datePublished\":\"2023-11-10T00:00:33+00:00\",\"dateModified\":\"2023-11-10T00:01:05+00:00\",\"mainEntityOfPage\":{\"@id\":\"https:\/\/apuntesdesanluis.com\/index.php\/2023\/11\/09\/confirman-deteccion-de-dos-nuevos-casos-de-dengue-en-la-provincia\/\"},\"wordCount\":402,\"publisher\":{\"@id\":\"https:\/\/apuntesdesanluis.com\/#\/schema\/person\/b55151d52296fcce64d1a72538a70b90\"},\"image\":{\"@id\":\"https:\/\/apuntesdesanluis.com\/index.php\/2023\/11\/09\/confirman-deteccion-de-dos-nuevos-casos-de-dengue-en-la-provincia\/#primaryimage\"},\"thumbnailUrl\":\"https:\/\/apuntesdesanluis.com\/wp-content\/uploads\/2023\/11\/dengue.png\",\"articleSection\":[\"Ciudad\/Provincia\"],\"inLanguage\":\"es-AR\"},{\"@type\":\"WebPage\",\"@id\":\"https:\/\/apuntesdesanluis.com\/index.php\/2023\/11\/09\/confirman-deteccion-de-dos-nuevos-casos-de-dengue-en-la-provincia\/\",\"url\":\"https:\/\/apuntesdesanluis.com\/index.php\/2023\/11\/09\/confirman-deteccion-de-dos-nuevos-casos-de-dengue-en-la-provincia\/\",\"name\":\"CONFIRMAN DETECCI\u00d3N DE DOS NUEVOS CASOS DE DENGUE EN LA PROVINCIA - Apuntes de San Luis\",\"isPartOf\":{\"@id\":\"https:\/\/apuntesdesanluis.com\/#website\"},\"primaryImageOfPage\":{\"@id\":\"https:\/\/apuntesdesanluis.com\/index.php\/2023\/11\/09\/confirman-deteccion-de-dos-nuevos-casos-de-dengue-en-la-provincia\/#primaryimage\"},\"image\":{\"@id\":\"https:\/\/apuntesdesanluis.com\/index.php\/2023\/11\/09\/confirman-deteccion-de-dos-nuevos-casos-de-dengue-en-la-provincia\/#primaryimage\"},\"thumbnailUrl\":\"https:\/\/apuntesdesanluis.com\/wp-content\/uploads\/2023\/11\/dengue.png\",\"datePublished\":\"2023-11-10T00:00:33+00:00\",\"dateModified\":\"2023-11-10T00:01:05+00:00\",\"breadcrumb\":{\"@id\":\"https:\/\/apuntesdesanluis.com\/index.php\/2023\/11\/09\/confirman-deteccion-de-dos-nuevos-casos-de-dengue-en-la-provincia\/#breadcrumb\"},\"inLanguage\":\"es-AR\",\"potentialAction\":[{\"@type\":\"ReadAction\",\"target\":[\"https:\/\/apuntesdesanluis.com\/index.php\/2023\/11\/09\/confirman-deteccion-de-dos-nuevos-casos-de-dengue-en-la-provincia\/\"]}]},{\"@type\":\"ImageObject\",\"inLanguage\":\"es-AR\",\"@id\":\"https:\/\/apuntesdesanluis.com\/index.php\/2023\/11\/09\/confirman-deteccion-de-dos-nuevos-casos-de-dengue-en-la-provincia\/#primaryimage\",\"url\":\"https:\/\/apuntesdesanluis.com\/wp-content\/uploads\/2023\/11\/dengue.png\",\"contentUrl\":\"https:\/\/apuntesdesanluis.com\/wp-content\/uploads\/2023\/11\/dengue.png\",\"width\":694,\"height\":418},{\"@type\":\"BreadcrumbList\",\"@id\":\"https:\/\/apuntesdesanluis.com\/index.php\/2023\/11\/09\/confirman-deteccion-de-dos-nuevos-casos-de-dengue-en-la-provincia\/#breadcrumb\",\"itemListElement\":[{\"@type\":\"ListItem\",\"position\":1,\"name\":\"Inicio\",\"item\":\"https:\/\/apuntesdesanluis.com\/\"},{\"@type\":\"ListItem\",\"position\":2,\"name\":\"CONFIRMAN DETECCI\u00d3N DE DOS NUEVOS CASOS DE DENGUE EN LA PROVINCIA\"}]},{\"@type\":\"WebSite\",\"@id\":\"https:\/\/apuntesdesanluis.com\/#website\",\"url\":\"https:\/\/apuntesdesanluis.com\/\",\"name\":\"Apuntes de San Luis\",\"description\":\"\",\"publisher\":{\"@id\":\"https:\/\/apuntesdesanluis.com\/#\/schema\/person\/b55151d52296fcce64d1a72538a70b90\"},\"potentialAction\":[{\"@type\":\"SearchAction\",\"target\":{\"@type\":\"EntryPoint\",\"urlTemplate\":\"https:\/\/apuntesdesanluis.com\/?s={search_term_string}\"},\"query-input\":{\"@type\":\"PropertyValueSpecification\",\"valueRequired\":true,\"valueName\":\"search_term_string\"}}],\"inLanguage\":\"es-AR\"},{\"@type\":[\"Person\",\"Organization\"],\"@id\":\"https:\/\/apuntesdesanluis.com\/#\/schema\/person\/b55151d52296fcce64d1a72538a70b90\",\"name\":\"apuntesdesanluis.com\",\"image\":{\"@type\":\"ImageObject\",\"inLanguage\":\"es-AR\",\"@id\":\"https:\/\/apuntesdesanluis.com\/#\/schema\/person\/image\/\",\"url\":\"https:\/\/apuntesdesanluis.com\/wp-content\/uploads\/2023\/07\/cropped-apuntesdesanluis.png\",\"contentUrl\":\"https:\/\/apuntesdesanluis.com\/wp-content\/uploads\/2023\/07\/cropped-apuntesdesanluis.png\",\"width\":450,\"height\":112,\"caption\":\"apuntesdesanluis.com\"},\"logo\":{\"@id\":\"https:\/\/apuntesdesanluis.com\/#\/schema\/person\/image\/\"},\"sameAs\":[\"https:\/\/apuntesdesanluis.com\"],\"url\":\"https:\/\/apuntesdesanluis.com\/index.php\/author\/apuntesdesanluis-com\/\"}]}<\/script>\n<!-- \/ Yoast SEO plugin. -->","yoast_head_json":{"title":"CONFIRMAN DETECCI\u00d3N DE DOS NUEVOS CASOS DE DENGUE EN LA PROVINCIA - Apuntes de San Luis","robots":{"index":"index","follow":"follow","max-snippet":"max-snippet:-1","max-image-preview":"max-image-preview:large","max-video-preview":"max-video-preview:-1"},"canonical":"https:\/\/apuntesdesanluis.com\/index.php\/2023\/11\/09\/confirman-deteccion-de-dos-nuevos-casos-de-dengue-en-la-provincia\/","og_locale":"es_ES","og_type":"article","og_title":"CONFIRMAN DETECCI\u00d3N DE DOS NUEVOS CASOS DE DENGUE EN LA PROVINCIA - Apuntes de San Luis","og_description":"Ambos son de car\u00e1cter \u201cimportados\u201d. Se trata de pacientes con antecedentes de viaje a M\u00e9xico...","og_url":"https:\/\/apuntesdesanluis.com\/index.php\/2023\/11\/09\/confirman-deteccion-de-dos-nuevos-casos-de-dengue-en-la-provincia\/","og_site_name":"Apuntes de San Luis","article_published_time":"2023-11-10T00:00:33+00:00","article_modified_time":"2023-11-10T00:01:05+00:00","og_image":[{"width":694,"height":418,"url":"https:\/\/apuntesdesanluis.com\/wp-content\/uploads\/2023\/11\/dengue.png","type":"image\/png"}],"author":"apuntesdesanluis.com","twitter_card":"summary_large_image","twitter_misc":{"Escrito por":"apuntesdesanluis.com","Tiempo de lectura":"2 minutos"},"schema":{"@context":"https:\/\/schema.org","@graph":[{"@type":"Article","@id":"https:\/\/apuntesdesanluis.com\/index.php\/2023\/11\/09\/confirman-deteccion-de-dos-nuevos-casos-de-dengue-en-la-provincia\/#article","isPartOf":{"@id":"https:\/\/apuntesdesanluis.com\/index.php\/2023\/11\/09\/confirman-deteccion-de-dos-nuevos-casos-de-dengue-en-la-provincia\/"},"author":{"name":"apuntesdesanluis.com","@id":"https:\/\/apuntesdesanluis.com\/#\/schema\/person\/b55151d52296fcce64d1a72538a70b90"},"headline":"CONFIRMAN DETECCI\u00d3N DE DOS NUEVOS CASOS DE DENGUE EN LA PROVINCIA","datePublished":"2023-11-10T00:00:33+00:00","dateModified":"2023-11-10T00:01:05+00:00","mainEntityOfPage":{"@id":"https:\/\/apuntesdesanluis.com\/index.php\/2023\/11\/09\/confirman-deteccion-de-dos-nuevos-casos-de-dengue-en-la-provincia\/"},"wordCount":402,"publisher":{"@id":"https:\/\/apuntesdesanluis.com\/#\/schema\/person\/b55151d52296fcce64d1a72538a70b90"},"image":{"@id":"https:\/\/apuntesdesanluis.com\/index.php\/2023\/11\/09\/confirman-deteccion-de-dos-nuevos-casos-de-dengue-en-la-provincia\/#primaryimage"},"thumbnailUrl":"https:\/\/apuntesdesanluis.com\/wp-content\/uploads\/2023\/11\/dengue.png","articleSection":["Ciudad\/Provincia"],"inLanguage":"es-AR"},{"@type":"WebPage","@id":"https:\/\/apuntesdesanluis.com\/index.php\/2023\/11\/09\/confirman-deteccion-de-dos-nuevos-casos-de-dengue-en-la-provincia\/","url":"https:\/\/apuntesdesanluis.com\/index.php\/2023\/11\/09\/confirman-deteccion-de-dos-nuevos-casos-de-dengue-en-la-provincia\/","name":"CONFIRMAN DETECCI\u00d3N DE DOS NUEVOS CASOS DE DENGUE EN LA PROVINCIA - Apuntes de San Luis","isPartOf":{"@id":"https:\/\/apuntesdesanluis.com\/#website"},"primaryImageOfPage":{"@id":"https:\/\/apuntesdesanluis.com\/index.php\/2023\/11\/09\/confirman-deteccion-de-dos-nuevos-casos-de-dengue-en-la-provincia\/#primaryimage"},"image":{"@id":"https:\/\/apuntesdesanluis.com\/index.php\/2023\/11\/09\/confirman-deteccion-de-dos-nuevos-casos-de-dengue-en-la-provincia\/#primaryimage"},"thumbnailUrl":"https:\/\/apuntesdesanluis.com\/wp-content\/uploads\/2023\/11\/dengue.png","datePublished":"2023-11-10T00:00:33+00:00","dateModified":"2023-11-10T00:01:05+00:00","breadcrumb":{"@id":"https:\/\/apuntesdesanluis.com\/index.php\/2023\/11\/09\/confirman-deteccion-de-dos-nuevos-casos-de-dengue-en-la-provincia\/#breadcrumb"},"inLanguage":"es-AR","potentialAction":[{"@type":"ReadAction","target":["https:\/\/apuntesdesanluis.com\/index.php\/2023\/11\/09\/confirman-deteccion-de-dos-nuevos-casos-de-dengue-en-la-provincia\/"]}]},{"@type":"ImageObject","inLanguage":"es-AR","@id":"https:\/\/apuntesdesanluis.com\/index.php\/2023\/11\/09\/confirman-deteccion-de-dos-nuevos-casos-de-dengue-en-la-provincia\/#primaryimage","url":"https:\/\/apuntesdesanluis.com\/wp-content\/uploads\/2023\/11\/dengue.png","contentUrl":"https:\/\/apuntesdesanluis.com\/wp-content\/uploads\/2023\/11\/dengue.png","width":694,"height":418},{"@type":"BreadcrumbList","@id":"https:\/\/apuntesdesanluis.com\/index.php\/2023\/11\/09\/confirman-deteccion-de-dos-nuevos-casos-de-dengue-en-la-provincia\/#breadcrumb","itemListElement":[{"@type":"ListItem","position":1,"name":"Inicio","item":"https:\/\/apuntesdesanluis.com\/"},{"@type":"ListItem","position":2,"name":"CONFIRMAN DETECCI\u00d3N DE DOS NUEVOS CASOS DE DENGUE EN LA PROVINCIA"}]},{"@type":"WebSite","@id":"https:\/\/apuntesdesanluis.com\/#website","url":"https:\/\/apuntesdesanluis.com\/","name":"Apuntes de San Luis","description":"","publisher":{"@id":"https:\/\/apuntesdesanluis.com\/#\/schema\/person\/b55151d52296fcce64d1a72538a70b90"},"potentialAction":[{"@type":"SearchAction","target":{"@type":"EntryPoint","urlTemplate":"https:\/\/apuntesdesanluis.com\/?s={search_term_string}"},"query-input":{"@type":"PropertyValueSpecification","valueRequired":true,"valueName":"search_term_string"}}],"inLanguage":"es-AR"},{"@type":["Person","Organization"],"@id":"https:\/\/apuntesdesanluis.com\/#\/schema\/person\/b55151d52296fcce64d1a72538a70b90","name":"apuntesdesanluis.com","image":{"@type":"ImageObject","inLanguage":"es-AR","@id":"https:\/\/apuntesdesanluis.com\/#\/schema\/person\/image\/","url":"https:\/\/apuntesdesanluis.com\/wp-content\/uploads\/2023\/07\/cropped-apuntesdesanluis.png","contentUrl":"https:\/\/apuntesdesanluis.com\/wp-content\/uploads\/2023\/07\/cropped-apuntesdesanluis.png","width":450,"height":112,"caption":"apuntesdesanluis.com"},"logo":{"@id":"https:\/\/apuntesdesanluis.com\/#\/schema\/person\/image\/"},"sameAs":["https:\/\/apuntesdesanluis.com"],"url":"https:\/\/apuntesdesanluis.com\/index.php\/author\/apuntesdesanluis-com\/"}]}},"featured_image_urls":{"full":["https:\/\/apuntesdesanluis.com\/wp-content\/uploads\/2023\/11\/dengue.png",694,418,false],"thumbnail":["https:\/\/apuntesdesanluis.com\/wp-content\/uploads\/2023\/11\/dengue-150x150.png",150,150,true],"medium":["https:\/\/apuntesdesanluis.com\/wp-content\/uploads\/2023\/11\/dengue-300x181.png",300,181,true],"medium_large":["https:\/\/apuntesdesanluis.com\/wp-content\/uploads\/2023\/11\/dengue.png",640,385,false],"large":["https:\/\/apuntesdesanluis.com\/wp-content\/uploads\/2023\/11\/dengue.png",640,385,false],"1536x1536":["https:\/\/apuntesdesanluis.com\/wp-content\/uploads\/2023\/11\/dengue.png",694,418,false],"2048x2048":["https:\/\/apuntesdesanluis.com\/wp-content\/uploads\/2023\/11\/dengue.png",694,418,false],"newsever-slider-full":["https:\/\/apuntesdesanluis.com\/wp-content\/uploads\/2023\/11\/dengue.png",694,418,false],"newsever-featured":["https:\/\/apuntesdesanluis.com\/wp-content\/uploads\/2023\/11\/dengue.png",694,418,false],"newsever-medium":["https:\/\/apuntesdesanluis.com\/wp-content\/uploads\/2023\/11\/dengue.png",694,418,false]},"author_info":{"display_name":"apuntesdesanluis.com","author_link":"https:\/\/apuntesdesanluis.com\/index.php\/author\/apuntesdesanluis-com\/"},"category_info":"<a href=\"https:\/\/apuntesdesanluis.com\/index.php\/category\/ciudad-provincia\/\" rel=\"category tag\">Ciudad\/Provincia<\/a>","tag_info":"Ciudad\/Provincia","comment_count":"0","_links":{"self":[{"href":"https:\/\/apuntesdesanluis.com\/index.php\/wp-json\/wp\/v2\/posts\/6573","targetHints":{"allow":["GET"]}}],"collection":[{"href":"https:\/\/apuntesdesanluis.com\/index.php\/wp-json\/wp\/v2\/posts"}],"about":[{"href":"https:\/\/apuntesdesanluis.com\/index.php\/wp-json\/wp\/v2\/types\/post"}],"author":[{"embeddable":true,"href":"https:\/\/apuntesdesanluis.com\/index.php\/wp-json\/wp\/v2\/users\/1"}],"replies":[{"embeddable":true,"href":"https:\/\/apuntesdesanluis.com\/index.php\/wp-json\/wp\/v2\/comments?post=6573"}],"version-history":[{"count":2,"href":"https:\/\/apuntesdesanluis.com\/index.php\/wp-json\/wp\/v2\/posts\/6573\/revisions"}],"predecessor-version":[{"id":6577,"href":"https:\/\/apuntesdesanluis.com\/index.php\/wp-json\/wp\/v2\/posts\/6573\/revisions\/6577"}],"wp:featuredmedia":[{"embeddable":true,"href":"https:\/\/apuntesdesanluis.com\/index.php\/wp-json\/wp\/v2\/media\/6574"}],"wp:attachment":[{"href":"https:\/\/apuntesdesanluis.com\/index.php\/wp-json\/wp\/v2\/media?parent=6573"}],"wp:term":[{"taxonomy":"category","embeddable":true,"href":"https:\/\/apuntesdesanluis.com\/index.php\/wp-json\/wp\/v2\/categories?post=6573"},{"taxonomy":"post_tag","embeddable":true,"href":"https:\/\/apuntesdesanluis.com\/index.php\/wp-json\/wp\/v2\/tags?post=6573"}],"curies":[{"name":"wp","href":"https:\/\/api.w.org\/{rel}","templated":true}]}}