{"id":6583,"date":"2023-11-09T21:46:59","date_gmt":"2023-11-10T00:46:59","guid":{"rendered":"https:\/\/apuntesdesanluis.com\/?p=6583"},"modified":"2023-11-09T21:46:59","modified_gmt":"2023-11-10T00:46:59","slug":"elevan-a-juicio-causa-por-amenazas-calificadas-realizadas-a-traves-de-redes-sociales","status":"publish","type":"post","link":"https:\/\/apuntesdesanluis.com\/index.php\/2023\/11\/09\/elevan-a-juicio-causa-por-amenazas-calificadas-realizadas-a-traves-de-redes-sociales\/","title":{"rendered":"ELEVAN A JUICIO CAUSA POR AMENAZAS CALIFICADAS REALIZADAS A TRAV\u00c9S DE REDES SOCIALES"},"content":{"rendered":"<h3>Solicitan una pena de tres a\u00f1os de prisi\u00f3n, tambi\u00e9n le imputan el delito de atentado a la autoridad calificada.<\/h3>\n<h3>La Dra. Mirta Ucelay \u2013 titular del Juzgado de Garant\u00eda N\u00ba 3 de la Segunda Circunscripci\u00f3n Judicial- resolvi\u00f3 este jueves en una audiencia de control de acusaci\u00f3n, la apertura a juicio para un joven imputado por amenazas agravadas por ser an\u00f3nimas (149 bis y art. 45 del C\u00f3digo Penal) y atentado a la autoridad calificada (Art. 238 inc 4to y art. 45 del C\u00f3digo Penal). Asimismo, orden\u00f3 la elevaci\u00f3n de la causa al Colegio de Jueces para su tramitaci\u00f3n.<\/h3>\n<h3>De la audiencia participaron en representaci\u00f3n del Ministerio P\u00fablico Fiscal los Dres. Leandro Estrada y el Dr. Martin Pe\u00f1aloza. Como defensor intervino el Dr. Hern\u00e1n Herrera.<\/h3>\n<h3>El fiscal relat\u00f3 los dos hechos y solicit\u00f3 la elevaci\u00f3n a juicio considerando al imputado como autor penalmente responsable de los delitos de amenazas calificadas por el anonimato y atentado a la autoridad calificada \u2013por poner manos en la autoridad-, como condena solicit\u00f3 la pena de 3 a\u00f1os de prisi\u00f3n efectiva.<\/h3>\n<h3>Luego, las partes mencionaron las pruebas ofrecidas, que fueron admitidas por la magistrada.<\/h3>\n<h3><strong>LOS HECHOS<\/strong><\/h3>\n<h3>El imputado amenaz\u00f3 a una mujer utilizando un perfil donde ocultaba su identidad bajo el nombre de la propia damnificada, y en un segundo perfil amenaz\u00f3 a las amigas de la denunciante, utilizando otro nombre.<\/h3>\n<h3>Las amenazas, expres\u00f3 el fiscal, generaron un contexto intimidatorio, coaccionante y vulnerante de la intimidad poniendo en riesgo el bien jur\u00eddico protegido de la libertad.<\/h3>\n<h3>La denuncia se realiz\u00f3 el pasado 5 de julio e intervino la Divisi\u00f3n de Ciberdelitos que comenz\u00f3 con un \u201cpatrullaje cibern\u00e9tico\u201d, arroj\u00f3 como resultado que los perfiles falsos estaban vinculados a una direcci\u00f3n de IP que correspond\u00eda a empresas de internet que ten\u00edan como titular a la madre y hermana del imputado. La localizaci\u00f3n geogr\u00e1fica correspond\u00eda al domicilio del acusado. Por otro lado, inform\u00f3 el fiscal que se llev\u00f3 a cabo un allanamiento con personal de Ciberdelitos y de la Comisar\u00eda 10\u00ba en donde se secuestraron diferentes aparatos tecnol\u00f3gicos y en donde el joven resete\u00f3\u00a0 su tel\u00e9fono. De esta manera, adujo el Dr. Estrada, se obstaculiza la investigaci\u00f3n y denota la actitud de evitar que los operadores de la justicia determinen el destino de los mensajes.<\/h3>\n<h3>El otro hecho ocurri\u00f3 el 13 de diciembre de 2022 en un allanamiento en donde el imputado estrell\u00f3 su celular contra el piso resistiendo el allanamiento, emitiendo expresiones mis\u00f3ginas a las polic\u00edas y adem\u00e1s con la intenci\u00f3n de impedir la obtenci\u00f3n de prueba golpe\u00f3 a otros polic\u00edas produci\u00e9ndoles lesiones leves.<\/h3>\n<h3>\u2026\u2026\u2026\u2026\u2026.<\/h3>\n<h3>Para mayor informaci\u00f3n, ingrese a los siguientes enlaces: <span style=\"color: #3366ff;\"><a style=\"color: #3366ff;\" href=\"https:\/\/www.periodicojudicial.gov.ar\/imputado-y-detenido-por-amenazar-a-una-mujer-por-redes-sociales\/\">https:\/\/www.periodicojudicial.gov.ar\/imputado-y-detenido-por-amenazar-a-una-mujer-por-redes-sociales\/<\/a><\/span><\/h3>\n","protected":false},"excerpt":{"rendered":"<p>Solicitan una pena de tres a\u00f1os de prisi\u00f3n, tambi\u00e9n le imputan el delito de atentado&#8230;<\/p>\n","protected":false},"author":1,"featured_media":6584,"comment_status":"closed","ping_status":"closed","sticky":false,"template":"","format":"standard","meta":{"footnotes":""},"categories":[6],"tags":[],"class_list":["post-6583","post","type-post","status-publish","format-standard","has-post-thumbnail","hentry","category-ciudad-provincia"],"yoast_head":"<!-- This site is optimized with the Yoast SEO plugin v26.1.1 - https:\/\/yoast.com\/wordpress\/plugins\/seo\/ -->\n<title>ELEVAN A JUICIO CAUSA POR AMENAZAS CALIFICADAS REALIZADAS A TRAV\u00c9S DE REDES SOCIALES - Apuntes de San Luis<\/title>\n<meta name=\"robots\" content=\"index, follow, max-snippet:-1, max-image-preview:large, max-video-preview:-1\" \/>\n<link rel=\"canonical\" href=\"https:\/\/apuntesdesanluis.com\/index.php\/2023\/11\/09\/elevan-a-juicio-causa-por-amenazas-calificadas-realizadas-a-traves-de-redes-sociales\/\" \/>\n<meta property=\"og:locale\" content=\"es_ES\" \/>\n<meta property=\"og:type\" content=\"article\" \/>\n<meta property=\"og:title\" content=\"ELEVAN A JUICIO CAUSA POR AMENAZAS CALIFICADAS REALIZADAS A TRAV\u00c9S DE REDES SOCIALES - Apuntes de San Luis\" \/>\n<meta property=\"og:description\" content=\"Solicitan una pena de tres a\u00f1os de prisi\u00f3n, tambi\u00e9n le imputan el delito de atentado...\" \/>\n<meta property=\"og:url\" content=\"https:\/\/apuntesdesanluis.com\/index.php\/2023\/11\/09\/elevan-a-juicio-causa-por-amenazas-calificadas-realizadas-a-traves-de-redes-sociales\/\" \/>\n<meta property=\"og:site_name\" content=\"Apuntes de San Luis\" \/>\n<meta property=\"article:published_time\" content=\"2023-11-10T00:46:59+00:00\" \/>\n<meta property=\"og:image\" content=\"https:\/\/apuntesdesanluis.com\/wp-content\/uploads\/2023\/11\/jueza.png\" \/>\n\t<meta property=\"og:image:width\" content=\"600\" \/>\n\t<meta property=\"og:image:height\" content=\"397\" \/>\n\t<meta property=\"og:image:type\" content=\"image\/png\" \/>\n<meta name=\"author\" content=\"apuntesdesanluis.com\" \/>\n<meta name=\"twitter:card\" content=\"summary_large_image\" \/>\n<meta name=\"twitter:label1\" content=\"Escrito por\" \/>\n\t<meta name=\"twitter:data1\" content=\"apuntesdesanluis.com\" \/>\n\t<meta name=\"twitter:label2\" content=\"Tiempo de lectura\" \/>\n\t<meta name=\"twitter:data2\" content=\"2 minutos\" \/>\n<script type=\"application\/ld+json\" class=\"yoast-schema-graph\">{\"@context\":\"https:\/\/schema.org\",\"@graph\":[{\"@type\":\"Article\",\"@id\":\"https:\/\/apuntesdesanluis.com\/index.php\/2023\/11\/09\/elevan-a-juicio-causa-por-amenazas-calificadas-realizadas-a-traves-de-redes-sociales\/#article\",\"isPartOf\":{\"@id\":\"https:\/\/apuntesdesanluis.com\/index.php\/2023\/11\/09\/elevan-a-juicio-causa-por-amenazas-calificadas-realizadas-a-traves-de-redes-sociales\/\"},\"author\":{\"name\":\"apuntesdesanluis.com\",\"@id\":\"https:\/\/apuntesdesanluis.com\/#\/schema\/person\/b55151d52296fcce64d1a72538a70b90\"},\"headline\":\"ELEVAN A JUICIO CAUSA POR AMENAZAS CALIFICADAS REALIZADAS A TRAV\u00c9S DE REDES SOCIALES\",\"datePublished\":\"2023-11-10T00:46:59+00:00\",\"mainEntityOfPage\":{\"@id\":\"https:\/\/apuntesdesanluis.com\/index.php\/2023\/11\/09\/elevan-a-juicio-causa-por-amenazas-calificadas-realizadas-a-traves-de-redes-sociales\/\"},\"wordCount\":482,\"publisher\":{\"@id\":\"https:\/\/apuntesdesanluis.com\/#\/schema\/person\/b55151d52296fcce64d1a72538a70b90\"},\"image\":{\"@id\":\"https:\/\/apuntesdesanluis.com\/index.php\/2023\/11\/09\/elevan-a-juicio-causa-por-amenazas-calificadas-realizadas-a-traves-de-redes-sociales\/#primaryimage\"},\"thumbnailUrl\":\"https:\/\/apuntesdesanluis.com\/wp-content\/uploads\/2023\/11\/jueza.png\",\"articleSection\":[\"Ciudad\/Provincia\"],\"inLanguage\":\"es-AR\"},{\"@type\":\"WebPage\",\"@id\":\"https:\/\/apuntesdesanluis.com\/index.php\/2023\/11\/09\/elevan-a-juicio-causa-por-amenazas-calificadas-realizadas-a-traves-de-redes-sociales\/\",\"url\":\"https:\/\/apuntesdesanluis.com\/index.php\/2023\/11\/09\/elevan-a-juicio-causa-por-amenazas-calificadas-realizadas-a-traves-de-redes-sociales\/\",\"name\":\"ELEVAN A JUICIO CAUSA POR AMENAZAS CALIFICADAS REALIZADAS A TRAV\u00c9S DE REDES SOCIALES - Apuntes de San Luis\",\"isPartOf\":{\"@id\":\"https:\/\/apuntesdesanluis.com\/#website\"},\"primaryImageOfPage\":{\"@id\":\"https:\/\/apuntesdesanluis.com\/index.php\/2023\/11\/09\/elevan-a-juicio-causa-por-amenazas-calificadas-realizadas-a-traves-de-redes-sociales\/#primaryimage\"},\"image\":{\"@id\":\"https:\/\/apuntesdesanluis.com\/index.php\/2023\/11\/09\/elevan-a-juicio-causa-por-amenazas-calificadas-realizadas-a-traves-de-redes-sociales\/#primaryimage\"},\"thumbnailUrl\":\"https:\/\/apuntesdesanluis.com\/wp-content\/uploads\/2023\/11\/jueza.png\",\"datePublished\":\"2023-11-10T00:46:59+00:00\",\"breadcrumb\":{\"@id\":\"https:\/\/apuntesdesanluis.com\/index.php\/2023\/11\/09\/elevan-a-juicio-causa-por-amenazas-calificadas-realizadas-a-traves-de-redes-sociales\/#breadcrumb\"},\"inLanguage\":\"es-AR\",\"potentialAction\":[{\"@type\":\"ReadAction\",\"target\":[\"https:\/\/apuntesdesanluis.com\/index.php\/2023\/11\/09\/elevan-a-juicio-causa-por-amenazas-calificadas-realizadas-a-traves-de-redes-sociales\/\"]}]},{\"@type\":\"ImageObject\",\"inLanguage\":\"es-AR\",\"@id\":\"https:\/\/apuntesdesanluis.com\/index.php\/2023\/11\/09\/elevan-a-juicio-causa-por-amenazas-calificadas-realizadas-a-traves-de-redes-sociales\/#primaryimage\",\"url\":\"https:\/\/apuntesdesanluis.com\/wp-content\/uploads\/2023\/11\/jueza.png\",\"contentUrl\":\"https:\/\/apuntesdesanluis.com\/wp-content\/uploads\/2023\/11\/jueza.png\",\"width\":600,\"height\":397},{\"@type\":\"BreadcrumbList\",\"@id\":\"https:\/\/apuntesdesanluis.com\/index.php\/2023\/11\/09\/elevan-a-juicio-causa-por-amenazas-calificadas-realizadas-a-traves-de-redes-sociales\/#breadcrumb\",\"itemListElement\":[{\"@type\":\"ListItem\",\"position\":1,\"name\":\"Inicio\",\"item\":\"https:\/\/apuntesdesanluis.com\/\"},{\"@type\":\"ListItem\",\"position\":2,\"name\":\"ELEVAN A JUICIO CAUSA POR AMENAZAS CALIFICADAS REALIZADAS A TRAV\u00c9S DE REDES SOCIALES\"}]},{\"@type\":\"WebSite\",\"@id\":\"https:\/\/apuntesdesanluis.com\/#website\",\"url\":\"https:\/\/apuntesdesanluis.com\/\",\"name\":\"Apuntes de San Luis\",\"description\":\"\",\"publisher\":{\"@id\":\"https:\/\/apuntesdesanluis.com\/#\/schema\/person\/b55151d52296fcce64d1a72538a70b90\"},\"potentialAction\":[{\"@type\":\"SearchAction\",\"target\":{\"@type\":\"EntryPoint\",\"urlTemplate\":\"https:\/\/apuntesdesanluis.com\/?s={search_term_string}\"},\"query-input\":{\"@type\":\"PropertyValueSpecification\",\"valueRequired\":true,\"valueName\":\"search_term_string\"}}],\"inLanguage\":\"es-AR\"},{\"@type\":[\"Person\",\"Organization\"],\"@id\":\"https:\/\/apuntesdesanluis.com\/#\/schema\/person\/b55151d52296fcce64d1a72538a70b90\",\"name\":\"apuntesdesanluis.com\",\"image\":{\"@type\":\"ImageObject\",\"inLanguage\":\"es-AR\",\"@id\":\"https:\/\/apuntesdesanluis.com\/#\/schema\/person\/image\/\",\"url\":\"https:\/\/apuntesdesanluis.com\/wp-content\/uploads\/2023\/07\/cropped-apuntesdesanluis.png\",\"contentUrl\":\"https:\/\/apuntesdesanluis.com\/wp-content\/uploads\/2023\/07\/cropped-apuntesdesanluis.png\",\"width\":450,\"height\":112,\"caption\":\"apuntesdesanluis.com\"},\"logo\":{\"@id\":\"https:\/\/apuntesdesanluis.com\/#\/schema\/person\/image\/\"},\"sameAs\":[\"https:\/\/apuntesdesanluis.com\"],\"url\":\"https:\/\/apuntesdesanluis.com\/index.php\/author\/apuntesdesanluis-com\/\"}]}<\/script>\n<!-- \/ Yoast SEO plugin. -->","yoast_head_json":{"title":"ELEVAN A JUICIO CAUSA POR AMENAZAS CALIFICADAS REALIZADAS A TRAV\u00c9S DE REDES SOCIALES - Apuntes de San Luis","robots":{"index":"index","follow":"follow","max-snippet":"max-snippet:-1","max-image-preview":"max-image-preview:large","max-video-preview":"max-video-preview:-1"},"canonical":"https:\/\/apuntesdesanluis.com\/index.php\/2023\/11\/09\/elevan-a-juicio-causa-por-amenazas-calificadas-realizadas-a-traves-de-redes-sociales\/","og_locale":"es_ES","og_type":"article","og_title":"ELEVAN A JUICIO CAUSA POR AMENAZAS CALIFICADAS REALIZADAS A TRAV\u00c9S DE REDES SOCIALES - Apuntes de San Luis","og_description":"Solicitan una pena de tres a\u00f1os de prisi\u00f3n, tambi\u00e9n le imputan el delito de atentado...","og_url":"https:\/\/apuntesdesanluis.com\/index.php\/2023\/11\/09\/elevan-a-juicio-causa-por-amenazas-calificadas-realizadas-a-traves-de-redes-sociales\/","og_site_name":"Apuntes de San Luis","article_published_time":"2023-11-10T00:46:59+00:00","og_image":[{"width":600,"height":397,"url":"https:\/\/apuntesdesanluis.com\/wp-content\/uploads\/2023\/11\/jueza.png","type":"image\/png"}],"author":"apuntesdesanluis.com","twitter_card":"summary_large_image","twitter_misc":{"Escrito por":"apuntesdesanluis.com","Tiempo de lectura":"2 minutos"},"schema":{"@context":"https:\/\/schema.org","@graph":[{"@type":"Article","@id":"https:\/\/apuntesdesanluis.com\/index.php\/2023\/11\/09\/elevan-a-juicio-causa-por-amenazas-calificadas-realizadas-a-traves-de-redes-sociales\/#article","isPartOf":{"@id":"https:\/\/apuntesdesanluis.com\/index.php\/2023\/11\/09\/elevan-a-juicio-causa-por-amenazas-calificadas-realizadas-a-traves-de-redes-sociales\/"},"author":{"name":"apuntesdesanluis.com","@id":"https:\/\/apuntesdesanluis.com\/#\/schema\/person\/b55151d52296fcce64d1a72538a70b90"},"headline":"ELEVAN A JUICIO CAUSA POR AMENAZAS CALIFICADAS REALIZADAS A TRAV\u00c9S DE REDES SOCIALES","datePublished":"2023-11-10T00:46:59+00:00","mainEntityOfPage":{"@id":"https:\/\/apuntesdesanluis.com\/index.php\/2023\/11\/09\/elevan-a-juicio-causa-por-amenazas-calificadas-realizadas-a-traves-de-redes-sociales\/"},"wordCount":482,"publisher":{"@id":"https:\/\/apuntesdesanluis.com\/#\/schema\/person\/b55151d52296fcce64d1a72538a70b90"},"image":{"@id":"https:\/\/apuntesdesanluis.com\/index.php\/2023\/11\/09\/elevan-a-juicio-causa-por-amenazas-calificadas-realizadas-a-traves-de-redes-sociales\/#primaryimage"},"thumbnailUrl":"https:\/\/apuntesdesanluis.com\/wp-content\/uploads\/2023\/11\/jueza.png","articleSection":["Ciudad\/Provincia"],"inLanguage":"es-AR"},{"@type":"WebPage","@id":"https:\/\/apuntesdesanluis.com\/index.php\/2023\/11\/09\/elevan-a-juicio-causa-por-amenazas-calificadas-realizadas-a-traves-de-redes-sociales\/","url":"https:\/\/apuntesdesanluis.com\/index.php\/2023\/11\/09\/elevan-a-juicio-causa-por-amenazas-calificadas-realizadas-a-traves-de-redes-sociales\/","name":"ELEVAN A JUICIO CAUSA POR AMENAZAS CALIFICADAS REALIZADAS A TRAV\u00c9S DE REDES SOCIALES - Apuntes de San Luis","isPartOf":{"@id":"https:\/\/apuntesdesanluis.com\/#website"},"primaryImageOfPage":{"@id":"https:\/\/apuntesdesanluis.com\/index.php\/2023\/11\/09\/elevan-a-juicio-causa-por-amenazas-calificadas-realizadas-a-traves-de-redes-sociales\/#primaryimage"},"image":{"@id":"https:\/\/apuntesdesanluis.com\/index.php\/2023\/11\/09\/elevan-a-juicio-causa-por-amenazas-calificadas-realizadas-a-traves-de-redes-sociales\/#primaryimage"},"thumbnailUrl":"https:\/\/apuntesdesanluis.com\/wp-content\/uploads\/2023\/11\/jueza.png","datePublished":"2023-11-10T00:46:59+00:00","breadcrumb":{"@id":"https:\/\/apuntesdesanluis.com\/index.php\/2023\/11\/09\/elevan-a-juicio-causa-por-amenazas-calificadas-realizadas-a-traves-de-redes-sociales\/#breadcrumb"},"inLanguage":"es-AR","potentialAction":[{"@type":"ReadAction","target":["https:\/\/apuntesdesanluis.com\/index.php\/2023\/11\/09\/elevan-a-juicio-causa-por-amenazas-calificadas-realizadas-a-traves-de-redes-sociales\/"]}]},{"@type":"ImageObject","inLanguage":"es-AR","@id":"https:\/\/apuntesdesanluis.com\/index.php\/2023\/11\/09\/elevan-a-juicio-causa-por-amenazas-calificadas-realizadas-a-traves-de-redes-sociales\/#primaryimage","url":"https:\/\/apuntesdesanluis.com\/wp-content\/uploads\/2023\/11\/jueza.png","contentUrl":"https:\/\/apuntesdesanluis.com\/wp-content\/uploads\/2023\/11\/jueza.png","width":600,"height":397},{"@type":"BreadcrumbList","@id":"https:\/\/apuntesdesanluis.com\/index.php\/2023\/11\/09\/elevan-a-juicio-causa-por-amenazas-calificadas-realizadas-a-traves-de-redes-sociales\/#breadcrumb","itemListElement":[{"@type":"ListItem","position":1,"name":"Inicio","item":"https:\/\/apuntesdesanluis.com\/"},{"@type":"ListItem","position":2,"name":"ELEVAN A JUICIO CAUSA POR AMENAZAS CALIFICADAS REALIZADAS A TRAV\u00c9S DE REDES SOCIALES"}]},{"@type":"WebSite","@id":"https:\/\/apuntesdesanluis.com\/#website","url":"https:\/\/apuntesdesanluis.com\/","name":"Apuntes de San Luis","description":"","publisher":{"@id":"https:\/\/apuntesdesanluis.com\/#\/schema\/person\/b55151d52296fcce64d1a72538a70b90"},"potentialAction":[{"@type":"SearchAction","target":{"@type":"EntryPoint","urlTemplate":"https:\/\/apuntesdesanluis.com\/?s={search_term_string}"},"query-input":{"@type":"PropertyValueSpecification","valueRequired":true,"valueName":"search_term_string"}}],"inLanguage":"es-AR"},{"@type":["Person","Organization"],"@id":"https:\/\/apuntesdesanluis.com\/#\/schema\/person\/b55151d52296fcce64d1a72538a70b90","name":"apuntesdesanluis.com","image":{"@type":"ImageObject","inLanguage":"es-AR","@id":"https:\/\/apuntesdesanluis.com\/#\/schema\/person\/image\/","url":"https:\/\/apuntesdesanluis.com\/wp-content\/uploads\/2023\/07\/cropped-apuntesdesanluis.png","contentUrl":"https:\/\/apuntesdesanluis.com\/wp-content\/uploads\/2023\/07\/cropped-apuntesdesanluis.png","width":450,"height":112,"caption":"apuntesdesanluis.com"},"logo":{"@id":"https:\/\/apuntesdesanluis.com\/#\/schema\/person\/image\/"},"sameAs":["https:\/\/apuntesdesanluis.com"],"url":"https:\/\/apuntesdesanluis.com\/index.php\/author\/apuntesdesanluis-com\/"}]}},"featured_image_urls":{"full":["https:\/\/apuntesdesanluis.com\/wp-content\/uploads\/2023\/11\/jueza.png",600,397,false],"thumbnail":["https:\/\/apuntesdesanluis.com\/wp-content\/uploads\/2023\/11\/jueza-150x150.png",150,150,true],"medium":["https:\/\/apuntesdesanluis.com\/wp-content\/uploads\/2023\/11\/jueza-300x199.png",300,199,true],"medium_large":["https:\/\/apuntesdesanluis.com\/wp-content\/uploads\/2023\/11\/jueza.png",600,397,false],"large":["https:\/\/apuntesdesanluis.com\/wp-content\/uploads\/2023\/11\/jueza.png",600,397,false],"1536x1536":["https:\/\/apuntesdesanluis.com\/wp-content\/uploads\/2023\/11\/jueza.png",600,397,false],"2048x2048":["https:\/\/apuntesdesanluis.com\/wp-content\/uploads\/2023\/11\/jueza.png",600,397,false],"newsever-slider-full":["https:\/\/apuntesdesanluis.com\/wp-content\/uploads\/2023\/11\/jueza.png",600,397,false],"newsever-featured":["https:\/\/apuntesdesanluis.com\/wp-content\/uploads\/2023\/11\/jueza.png",600,397,false],"newsever-medium":["https:\/\/apuntesdesanluis.com\/wp-content\/uploads\/2023\/11\/jueza.png",600,397,false]},"author_info":{"display_name":"apuntesdesanluis.com","author_link":"https:\/\/apuntesdesanluis.com\/index.php\/author\/apuntesdesanluis-com\/"},"category_info":"<a href=\"https:\/\/apuntesdesanluis.com\/index.php\/category\/ciudad-provincia\/\" rel=\"category tag\">Ciudad\/Provincia<\/a>","tag_info":"Ciudad\/Provincia","comment_count":"0","_links":{"self":[{"href":"https:\/\/apuntesdesanluis.com\/index.php\/wp-json\/wp\/v2\/posts\/6583","targetHints":{"allow":["GET"]}}],"collection":[{"href":"https:\/\/apuntesdesanluis.com\/index.php\/wp-json\/wp\/v2\/posts"}],"about":[{"href":"https:\/\/apuntesdesanluis.com\/index.php\/wp-json\/wp\/v2\/types\/post"}],"author":[{"embeddable":true,"href":"https:\/\/apuntesdesanluis.com\/index.php\/wp-json\/wp\/v2\/users\/1"}],"replies":[{"embeddable":true,"href":"https:\/\/apuntesdesanluis.com\/index.php\/wp-json\/wp\/v2\/comments?post=6583"}],"version-history":[{"count":1,"href":"https:\/\/apuntesdesanluis.com\/index.php\/wp-json\/wp\/v2\/posts\/6583\/revisions"}],"predecessor-version":[{"id":6585,"href":"https:\/\/apuntesdesanluis.com\/index.php\/wp-json\/wp\/v2\/posts\/6583\/revisions\/6585"}],"wp:featuredmedia":[{"embeddable":true,"href":"https:\/\/apuntesdesanluis.com\/index.php\/wp-json\/wp\/v2\/media\/6584"}],"wp:attachment":[{"href":"https:\/\/apuntesdesanluis.com\/index.php\/wp-json\/wp\/v2\/media?parent=6583"}],"wp:term":[{"taxonomy":"category","embeddable":true,"href":"https:\/\/apuntesdesanluis.com\/index.php\/wp-json\/wp\/v2\/categories?post=6583"},{"taxonomy":"post_tag","embeddable":true,"href":"https:\/\/apuntesdesanluis.com\/index.php\/wp-json\/wp\/v2\/tags?post=6583"}],"curies":[{"name":"wp","href":"https:\/\/api.w.org\/{rel}","templated":true}]}}