{"id":6590,"date":"2023-11-09T23:10:44","date_gmt":"2023-11-10T02:10:44","guid":{"rendered":"https:\/\/apuntesdesanluis.com\/?p=6590"},"modified":"2023-11-10T07:45:29","modified_gmt":"2023-11-10T10:45:29","slug":"tras-la-normalizacion-la-delegacion-regional-cgt-villa-mercedes-tendra-cuatro-cabezas","status":"publish","type":"post","link":"https:\/\/apuntesdesanluis.com\/index.php\/2023\/11\/09\/tras-la-normalizacion-la-delegacion-regional-cgt-villa-mercedes-tendra-cuatro-cabezas\/","title":{"rendered":"TRAS LA NORMALIZACI\u00d3N, UN CUARTETO DIRIGENCIAL CONDUCIR\u00c1 LA CGT REGIONAL VILLA MERCEDES"},"content":{"rendered":"<h3>Este jueves por la tarde se concret\u00f3 el Plenario Ordinario convocado por <strong>Abel Furl\u00e1n<\/strong>, Secretario del Interior de la CGT de la Rep\u00fablica Argentina, a trav\u00e9s del cual la dirigencia gremial procedi\u00f3 a consensuar una &#8220;mesa de conducci\u00f3n plural, con el objetivo de normalizar la CGT Villa Mercedes&#8221;.<\/h3>\n<h3>Cerca de 70 organizaciones confederadas participaron del c\u00f3nclave, en el que quedaron consagrados como secretarios generales los dirigentes <strong>V\u00edctor G\u00f3mez<\/strong> (UOM), <strong>An\u00edbal G\u00f3mez<\/strong> (ATSA) y <strong>Jorge Lazarini<\/strong> (UDA), en tanto que <strong>Carlos Garmendia<\/strong> (Luz y Fuerza) se desempe\u00f1ar\u00e1 como Delegado Alterno.<\/h3>\n<p><img fetchpriority=\"high\" decoding=\"async\" class=\"wp-image-6592 aligncenter\" src=\"https:\/\/apuntesdesanluis.com\/wp-content\/uploads\/2023\/11\/plenario-cgt-300x162.png\" alt=\"\" width=\"676\" height=\"365\" srcset=\"https:\/\/apuntesdesanluis.com\/wp-content\/uploads\/2023\/11\/plenario-cgt-300x162.png 300w, https:\/\/apuntesdesanluis.com\/wp-content\/uploads\/2023\/11\/plenario-cgt.png 600w\" sizes=\"(max-width: 676px) 100vw, 676px\" \/><\/p>\n<h3>\u201cHemos alcanzado un consenso mayoritario y \u00fanico para que se conforme una lista de unidad y sean representados todos los trabajadores\u201d, expres\u00f3 <strong>Horacio Otero<\/strong>, Pro secretario de Interior y Coordinador Nacional de la CGT nacional, normalizador de todas las regionales el pa\u00eds, quien presidi\u00f3 el plenario que se realiz\u00f3 en la sede recreativa de la Uni\u00f3n Obrera Metal\u00fargica.<\/h3>\n<h3>Se aprob\u00f3 que como Delegados Regionales Adjuntos se desempe\u00f1ar\u00e1n <strong>Daniel Carri\u00f3n<\/strong> (Pl\u00e1stico-UOYEP), <strong>Patricia Far\u00edas<\/strong> (ANSES) y <strong>Jos\u00e9 Ucelay<\/strong> (Obras Sanitarias).<\/h3>\n<p><img decoding=\"async\" class=\"wp-image-6593 aligncenter\" src=\"https:\/\/apuntesdesanluis.com\/wp-content\/uploads\/2023\/11\/ucelay-300x211.jpg\" alt=\"\" width=\"674\" height=\"474\" srcset=\"https:\/\/apuntesdesanluis.com\/wp-content\/uploads\/2023\/11\/ucelay-300x211.jpg 300w, https:\/\/apuntesdesanluis.com\/wp-content\/uploads\/2023\/11\/ucelay.jpg 612w\" sizes=\"(max-width: 674px) 100vw, 674px\" \/><\/p>\n<h4 style=\"text-align: center;\"><em>El dirigente Jos\u00e9 Ucelay (derecha), con Horacio Otero.\u00a0<\/em><\/h4>\n<h3>En la estrat\u00e9gica Secretar\u00eda Gremial se design\u00f3 al Secretario General del Sindicato de Trabajadores de la Carne, <strong>Marcelo Periale<\/strong>, quien estar\u00e1 acompa\u00f1ado por el dirigente <strong>Juan Carlos Vega<\/strong> (Ceramistas).<\/h3>\n<h3>Entre otros cargos, tambi\u00e9n se integr\u00f3 al dirigente <strong>Walter Rold\u00e1n<\/strong> (NoDocentes UNViMe), como Secretario de Pol\u00edticas Universitarias.<\/h3>\n<h3>Hacia el final se hizo presente el intendente municipal <strong>Maximiliano Frontera<\/strong>, quien salud\u00f3 a los presentes y los felicit\u00f3 por el consenso alcanzado.<\/h3>\n<p><img decoding=\"async\" class=\"wp-image-6594 aligncenter\" src=\"https:\/\/apuntesdesanluis.com\/wp-content\/uploads\/2023\/11\/cgt-con-maxi-300x164.jpg\" alt=\"\" width=\"675\" height=\"369\" srcset=\"https:\/\/apuntesdesanluis.com\/wp-content\/uploads\/2023\/11\/cgt-con-maxi-300x164.jpg 300w, https:\/\/apuntesdesanluis.com\/wp-content\/uploads\/2023\/11\/cgt-con-maxi.jpg 600w\" sizes=\"(max-width: 675px) 100vw, 675px\" \/><\/p>\n<h3>El encuentro comenz\u00f3 minutos despu\u00e9s de las 18 y concluy\u00f3 a las 21:00 h, en medio de abrazos y v\u00edtores de las numerosas organizaciones sindicales que participaron del plenario, durante el cual se ratific\u00f3 la necesidad, \u201choy m\u00e1s que nunca, de preservar la unidad y combatir contra aquellos que postulan la aniquilaci\u00f3n de los derechos y la privatizaci\u00f3n de la salud y la educaci\u00f3n p\u00fablicas, entre otras propuestas que esgrimen los sectores de ultraderecha\u201d.<\/h3>\n<p><img loading=\"lazy\" decoding=\"async\" class=\"wp-image-6631 aligncenter\" src=\"https:\/\/apuntesdesanluis.com\/wp-content\/uploads\/2023\/11\/cgt-aerea-300x169.jpg\" alt=\"\" width=\"666\" height=\"375\" srcset=\"https:\/\/apuntesdesanluis.com\/wp-content\/uploads\/2023\/11\/cgt-aerea-300x169.jpg 300w, https:\/\/apuntesdesanluis.com\/wp-content\/uploads\/2023\/11\/cgt-aerea.jpg 600w\" sizes=\"(max-width: 666px) 100vw, 666px\" \/><\/p>\n<p>&nbsp;<\/p>\n<p>&nbsp;<\/p>\n<p>&nbsp;<\/p>\n<p>&nbsp;<\/p>\n<p>&nbsp;<\/p>\n","protected":false},"excerpt":{"rendered":"<p>Este jueves por la tarde se concret\u00f3 el Plenario Ordinario convocado por Abel Furl\u00e1n, Secretario&#8230;<\/p>\n","protected":false},"author":1,"featured_media":6591,"comment_status":"closed","ping_status":"closed","sticky":false,"template":"","format":"standard","meta":{"footnotes":""},"categories":[6],"tags":[],"class_list":["post-6590","post","type-post","status-publish","format-standard","has-post-thumbnail","hentry","category-ciudad-provincia"],"yoast_head":"<!-- This site is optimized with the Yoast SEO plugin v26.1.1 - https:\/\/yoast.com\/wordpress\/plugins\/seo\/ -->\n<title>TRAS LA NORMALIZACI\u00d3N, UN CUARTETO DIRIGENCIAL CONDUCIR\u00c1 LA CGT REGIONAL VILLA MERCEDES - Apuntes de San Luis<\/title>\n<meta name=\"robots\" content=\"index, follow, max-snippet:-1, max-image-preview:large, max-video-preview:-1\" \/>\n<link rel=\"canonical\" href=\"https:\/\/apuntesdesanluis.com\/index.php\/2023\/11\/09\/tras-la-normalizacion-la-delegacion-regional-cgt-villa-mercedes-tendra-cuatro-cabezas\/\" \/>\n<meta property=\"og:locale\" content=\"es_ES\" \/>\n<meta property=\"og:type\" content=\"article\" \/>\n<meta property=\"og:title\" content=\"TRAS LA NORMALIZACI\u00d3N, UN CUARTETO DIRIGENCIAL CONDUCIR\u00c1 LA CGT REGIONAL VILLA MERCEDES - Apuntes de San Luis\" \/>\n<meta property=\"og:description\" content=\"Este jueves por la tarde se concret\u00f3 el Plenario Ordinario convocado por Abel Furl\u00e1n, Secretario...\" \/>\n<meta property=\"og:url\" content=\"https:\/\/apuntesdesanluis.com\/index.php\/2023\/11\/09\/tras-la-normalizacion-la-delegacion-regional-cgt-villa-mercedes-tendra-cuatro-cabezas\/\" \/>\n<meta property=\"og:site_name\" content=\"Apuntes de San Luis\" \/>\n<meta property=\"article:published_time\" content=\"2023-11-10T02:10:44+00:00\" \/>\n<meta property=\"article:modified_time\" content=\"2023-11-10T10:45:29+00:00\" \/>\n<meta property=\"og:image\" content=\"https:\/\/apuntesdesanluis.com\/wp-content\/uploads\/2023\/11\/cuarteto.jpg\" \/>\n\t<meta property=\"og:image:width\" content=\"623\" \/>\n\t<meta property=\"og:image:height\" content=\"362\" \/>\n\t<meta property=\"og:image:type\" content=\"image\/jpeg\" \/>\n<meta name=\"author\" content=\"apuntesdesanluis.com\" \/>\n<meta name=\"twitter:card\" content=\"summary_large_image\" \/>\n<meta name=\"twitter:label1\" content=\"Escrito por\" \/>\n\t<meta name=\"twitter:data1\" content=\"apuntesdesanluis.com\" \/>\n\t<meta name=\"twitter:label2\" content=\"Tiempo de lectura\" \/>\n\t<meta name=\"twitter:data2\" content=\"3 minutos\" \/>\n<script type=\"application\/ld+json\" class=\"yoast-schema-graph\">{\"@context\":\"https:\/\/schema.org\",\"@graph\":[{\"@type\":\"Article\",\"@id\":\"https:\/\/apuntesdesanluis.com\/index.php\/2023\/11\/09\/tras-la-normalizacion-la-delegacion-regional-cgt-villa-mercedes-tendra-cuatro-cabezas\/#article\",\"isPartOf\":{\"@id\":\"https:\/\/apuntesdesanluis.com\/index.php\/2023\/11\/09\/tras-la-normalizacion-la-delegacion-regional-cgt-villa-mercedes-tendra-cuatro-cabezas\/\"},\"author\":{\"name\":\"apuntesdesanluis.com\",\"@id\":\"https:\/\/apuntesdesanluis.com\/#\/schema\/person\/b55151d52296fcce64d1a72538a70b90\"},\"headline\":\"TRAS LA NORMALIZACI\u00d3N, UN CUARTETO DIRIGENCIAL CONDUCIR\u00c1 LA CGT REGIONAL VILLA MERCEDES\",\"datePublished\":\"2023-11-10T02:10:44+00:00\",\"dateModified\":\"2023-11-10T10:45:29+00:00\",\"mainEntityOfPage\":{\"@id\":\"https:\/\/apuntesdesanluis.com\/index.php\/2023\/11\/09\/tras-la-normalizacion-la-delegacion-regional-cgt-villa-mercedes-tendra-cuatro-cabezas\/\"},\"wordCount\":364,\"publisher\":{\"@id\":\"https:\/\/apuntesdesanluis.com\/#\/schema\/person\/b55151d52296fcce64d1a72538a70b90\"},\"image\":{\"@id\":\"https:\/\/apuntesdesanluis.com\/index.php\/2023\/11\/09\/tras-la-normalizacion-la-delegacion-regional-cgt-villa-mercedes-tendra-cuatro-cabezas\/#primaryimage\"},\"thumbnailUrl\":\"https:\/\/apuntesdesanluis.com\/wp-content\/uploads\/2023\/11\/cuarteto.jpg\",\"articleSection\":[\"Ciudad\/Provincia\"],\"inLanguage\":\"es-AR\"},{\"@type\":\"WebPage\",\"@id\":\"https:\/\/apuntesdesanluis.com\/index.php\/2023\/11\/09\/tras-la-normalizacion-la-delegacion-regional-cgt-villa-mercedes-tendra-cuatro-cabezas\/\",\"url\":\"https:\/\/apuntesdesanluis.com\/index.php\/2023\/11\/09\/tras-la-normalizacion-la-delegacion-regional-cgt-villa-mercedes-tendra-cuatro-cabezas\/\",\"name\":\"TRAS LA NORMALIZACI\u00d3N, UN CUARTETO DIRIGENCIAL CONDUCIR\u00c1 LA CGT REGIONAL VILLA MERCEDES - Apuntes de San Luis\",\"isPartOf\":{\"@id\":\"https:\/\/apuntesdesanluis.com\/#website\"},\"primaryImageOfPage\":{\"@id\":\"https:\/\/apuntesdesanluis.com\/index.php\/2023\/11\/09\/tras-la-normalizacion-la-delegacion-regional-cgt-villa-mercedes-tendra-cuatro-cabezas\/#primaryimage\"},\"image\":{\"@id\":\"https:\/\/apuntesdesanluis.com\/index.php\/2023\/11\/09\/tras-la-normalizacion-la-delegacion-regional-cgt-villa-mercedes-tendra-cuatro-cabezas\/#primaryimage\"},\"thumbnailUrl\":\"https:\/\/apuntesdesanluis.com\/wp-content\/uploads\/2023\/11\/cuarteto.jpg\",\"datePublished\":\"2023-11-10T02:10:44+00:00\",\"dateModified\":\"2023-11-10T10:45:29+00:00\",\"breadcrumb\":{\"@id\":\"https:\/\/apuntesdesanluis.com\/index.php\/2023\/11\/09\/tras-la-normalizacion-la-delegacion-regional-cgt-villa-mercedes-tendra-cuatro-cabezas\/#breadcrumb\"},\"inLanguage\":\"es-AR\",\"potentialAction\":[{\"@type\":\"ReadAction\",\"target\":[\"https:\/\/apuntesdesanluis.com\/index.php\/2023\/11\/09\/tras-la-normalizacion-la-delegacion-regional-cgt-villa-mercedes-tendra-cuatro-cabezas\/\"]}]},{\"@type\":\"ImageObject\",\"inLanguage\":\"es-AR\",\"@id\":\"https:\/\/apuntesdesanluis.com\/index.php\/2023\/11\/09\/tras-la-normalizacion-la-delegacion-regional-cgt-villa-mercedes-tendra-cuatro-cabezas\/#primaryimage\",\"url\":\"https:\/\/apuntesdesanluis.com\/wp-content\/uploads\/2023\/11\/cuarteto.jpg\",\"contentUrl\":\"https:\/\/apuntesdesanluis.com\/wp-content\/uploads\/2023\/11\/cuarteto.jpg\",\"width\":623,\"height\":362},{\"@type\":\"BreadcrumbList\",\"@id\":\"https:\/\/apuntesdesanluis.com\/index.php\/2023\/11\/09\/tras-la-normalizacion-la-delegacion-regional-cgt-villa-mercedes-tendra-cuatro-cabezas\/#breadcrumb\",\"itemListElement\":[{\"@type\":\"ListItem\",\"position\":1,\"name\":\"Inicio\",\"item\":\"https:\/\/apuntesdesanluis.com\/\"},{\"@type\":\"ListItem\",\"position\":2,\"name\":\"TRAS LA NORMALIZACI\u00d3N, UN CUARTETO DIRIGENCIAL CONDUCIR\u00c1 LA CGT REGIONAL VILLA MERCEDES\"}]},{\"@type\":\"WebSite\",\"@id\":\"https:\/\/apuntesdesanluis.com\/#website\",\"url\":\"https:\/\/apuntesdesanluis.com\/\",\"name\":\"Apuntes de San Luis\",\"description\":\"\",\"publisher\":{\"@id\":\"https:\/\/apuntesdesanluis.com\/#\/schema\/person\/b55151d52296fcce64d1a72538a70b90\"},\"potentialAction\":[{\"@type\":\"SearchAction\",\"target\":{\"@type\":\"EntryPoint\",\"urlTemplate\":\"https:\/\/apuntesdesanluis.com\/?s={search_term_string}\"},\"query-input\":{\"@type\":\"PropertyValueSpecification\",\"valueRequired\":true,\"valueName\":\"search_term_string\"}}],\"inLanguage\":\"es-AR\"},{\"@type\":[\"Person\",\"Organization\"],\"@id\":\"https:\/\/apuntesdesanluis.com\/#\/schema\/person\/b55151d52296fcce64d1a72538a70b90\",\"name\":\"apuntesdesanluis.com\",\"image\":{\"@type\":\"ImageObject\",\"inLanguage\":\"es-AR\",\"@id\":\"https:\/\/apuntesdesanluis.com\/#\/schema\/person\/image\/\",\"url\":\"https:\/\/apuntesdesanluis.com\/wp-content\/uploads\/2023\/07\/cropped-apuntesdesanluis.png\",\"contentUrl\":\"https:\/\/apuntesdesanluis.com\/wp-content\/uploads\/2023\/07\/cropped-apuntesdesanluis.png\",\"width\":450,\"height\":112,\"caption\":\"apuntesdesanluis.com\"},\"logo\":{\"@id\":\"https:\/\/apuntesdesanluis.com\/#\/schema\/person\/image\/\"},\"sameAs\":[\"https:\/\/apuntesdesanluis.com\"],\"url\":\"https:\/\/apuntesdesanluis.com\/index.php\/author\/apuntesdesanluis-com\/\"}]}<\/script>\n<!-- \/ Yoast SEO plugin. -->","yoast_head_json":{"title":"TRAS LA NORMALIZACI\u00d3N, UN CUARTETO DIRIGENCIAL CONDUCIR\u00c1 LA CGT REGIONAL VILLA MERCEDES - Apuntes de San Luis","robots":{"index":"index","follow":"follow","max-snippet":"max-snippet:-1","max-image-preview":"max-image-preview:large","max-video-preview":"max-video-preview:-1"},"canonical":"https:\/\/apuntesdesanluis.com\/index.php\/2023\/11\/09\/tras-la-normalizacion-la-delegacion-regional-cgt-villa-mercedes-tendra-cuatro-cabezas\/","og_locale":"es_ES","og_type":"article","og_title":"TRAS LA NORMALIZACI\u00d3N, UN CUARTETO DIRIGENCIAL CONDUCIR\u00c1 LA CGT REGIONAL VILLA MERCEDES - Apuntes de San Luis","og_description":"Este jueves por la tarde se concret\u00f3 el Plenario Ordinario convocado por Abel Furl\u00e1n, Secretario...","og_url":"https:\/\/apuntesdesanluis.com\/index.php\/2023\/11\/09\/tras-la-normalizacion-la-delegacion-regional-cgt-villa-mercedes-tendra-cuatro-cabezas\/","og_site_name":"Apuntes de San Luis","article_published_time":"2023-11-10T02:10:44+00:00","article_modified_time":"2023-11-10T10:45:29+00:00","og_image":[{"width":623,"height":362,"url":"https:\/\/apuntesdesanluis.com\/wp-content\/uploads\/2023\/11\/cuarteto.jpg","type":"image\/jpeg"}],"author":"apuntesdesanluis.com","twitter_card":"summary_large_image","twitter_misc":{"Escrito por":"apuntesdesanluis.com","Tiempo de lectura":"3 minutos"},"schema":{"@context":"https:\/\/schema.org","@graph":[{"@type":"Article","@id":"https:\/\/apuntesdesanluis.com\/index.php\/2023\/11\/09\/tras-la-normalizacion-la-delegacion-regional-cgt-villa-mercedes-tendra-cuatro-cabezas\/#article","isPartOf":{"@id":"https:\/\/apuntesdesanluis.com\/index.php\/2023\/11\/09\/tras-la-normalizacion-la-delegacion-regional-cgt-villa-mercedes-tendra-cuatro-cabezas\/"},"author":{"name":"apuntesdesanluis.com","@id":"https:\/\/apuntesdesanluis.com\/#\/schema\/person\/b55151d52296fcce64d1a72538a70b90"},"headline":"TRAS LA NORMALIZACI\u00d3N, UN CUARTETO DIRIGENCIAL CONDUCIR\u00c1 LA CGT REGIONAL VILLA MERCEDES","datePublished":"2023-11-10T02:10:44+00:00","dateModified":"2023-11-10T10:45:29+00:00","mainEntityOfPage":{"@id":"https:\/\/apuntesdesanluis.com\/index.php\/2023\/11\/09\/tras-la-normalizacion-la-delegacion-regional-cgt-villa-mercedes-tendra-cuatro-cabezas\/"},"wordCount":364,"publisher":{"@id":"https:\/\/apuntesdesanluis.com\/#\/schema\/person\/b55151d52296fcce64d1a72538a70b90"},"image":{"@id":"https:\/\/apuntesdesanluis.com\/index.php\/2023\/11\/09\/tras-la-normalizacion-la-delegacion-regional-cgt-villa-mercedes-tendra-cuatro-cabezas\/#primaryimage"},"thumbnailUrl":"https:\/\/apuntesdesanluis.com\/wp-content\/uploads\/2023\/11\/cuarteto.jpg","articleSection":["Ciudad\/Provincia"],"inLanguage":"es-AR"},{"@type":"WebPage","@id":"https:\/\/apuntesdesanluis.com\/index.php\/2023\/11\/09\/tras-la-normalizacion-la-delegacion-regional-cgt-villa-mercedes-tendra-cuatro-cabezas\/","url":"https:\/\/apuntesdesanluis.com\/index.php\/2023\/11\/09\/tras-la-normalizacion-la-delegacion-regional-cgt-villa-mercedes-tendra-cuatro-cabezas\/","name":"TRAS LA NORMALIZACI\u00d3N, UN CUARTETO DIRIGENCIAL CONDUCIR\u00c1 LA CGT REGIONAL VILLA MERCEDES - Apuntes de San Luis","isPartOf":{"@id":"https:\/\/apuntesdesanluis.com\/#website"},"primaryImageOfPage":{"@id":"https:\/\/apuntesdesanluis.com\/index.php\/2023\/11\/09\/tras-la-normalizacion-la-delegacion-regional-cgt-villa-mercedes-tendra-cuatro-cabezas\/#primaryimage"},"image":{"@id":"https:\/\/apuntesdesanluis.com\/index.php\/2023\/11\/09\/tras-la-normalizacion-la-delegacion-regional-cgt-villa-mercedes-tendra-cuatro-cabezas\/#primaryimage"},"thumbnailUrl":"https:\/\/apuntesdesanluis.com\/wp-content\/uploads\/2023\/11\/cuarteto.jpg","datePublished":"2023-11-10T02:10:44+00:00","dateModified":"2023-11-10T10:45:29+00:00","breadcrumb":{"@id":"https:\/\/apuntesdesanluis.com\/index.php\/2023\/11\/09\/tras-la-normalizacion-la-delegacion-regional-cgt-villa-mercedes-tendra-cuatro-cabezas\/#breadcrumb"},"inLanguage":"es-AR","potentialAction":[{"@type":"ReadAction","target":["https:\/\/apuntesdesanluis.com\/index.php\/2023\/11\/09\/tras-la-normalizacion-la-delegacion-regional-cgt-villa-mercedes-tendra-cuatro-cabezas\/"]}]},{"@type":"ImageObject","inLanguage":"es-AR","@id":"https:\/\/apuntesdesanluis.com\/index.php\/2023\/11\/09\/tras-la-normalizacion-la-delegacion-regional-cgt-villa-mercedes-tendra-cuatro-cabezas\/#primaryimage","url":"https:\/\/apuntesdesanluis.com\/wp-content\/uploads\/2023\/11\/cuarteto.jpg","contentUrl":"https:\/\/apuntesdesanluis.com\/wp-content\/uploads\/2023\/11\/cuarteto.jpg","width":623,"height":362},{"@type":"BreadcrumbList","@id":"https:\/\/apuntesdesanluis.com\/index.php\/2023\/11\/09\/tras-la-normalizacion-la-delegacion-regional-cgt-villa-mercedes-tendra-cuatro-cabezas\/#breadcrumb","itemListElement":[{"@type":"ListItem","position":1,"name":"Inicio","item":"https:\/\/apuntesdesanluis.com\/"},{"@type":"ListItem","position":2,"name":"TRAS LA NORMALIZACI\u00d3N, UN CUARTETO DIRIGENCIAL CONDUCIR\u00c1 LA CGT REGIONAL VILLA MERCEDES"}]},{"@type":"WebSite","@id":"https:\/\/apuntesdesanluis.com\/#website","url":"https:\/\/apuntesdesanluis.com\/","name":"Apuntes de San Luis","description":"","publisher":{"@id":"https:\/\/apuntesdesanluis.com\/#\/schema\/person\/b55151d52296fcce64d1a72538a70b90"},"potentialAction":[{"@type":"SearchAction","target":{"@type":"EntryPoint","urlTemplate":"https:\/\/apuntesdesanluis.com\/?s={search_term_string}"},"query-input":{"@type":"PropertyValueSpecification","valueRequired":true,"valueName":"search_term_string"}}],"inLanguage":"es-AR"},{"@type":["Person","Organization"],"@id":"https:\/\/apuntesdesanluis.com\/#\/schema\/person\/b55151d52296fcce64d1a72538a70b90","name":"apuntesdesanluis.com","image":{"@type":"ImageObject","inLanguage":"es-AR","@id":"https:\/\/apuntesdesanluis.com\/#\/schema\/person\/image\/","url":"https:\/\/apuntesdesanluis.com\/wp-content\/uploads\/2023\/07\/cropped-apuntesdesanluis.png","contentUrl":"https:\/\/apuntesdesanluis.com\/wp-content\/uploads\/2023\/07\/cropped-apuntesdesanluis.png","width":450,"height":112,"caption":"apuntesdesanluis.com"},"logo":{"@id":"https:\/\/apuntesdesanluis.com\/#\/schema\/person\/image\/"},"sameAs":["https:\/\/apuntesdesanluis.com"],"url":"https:\/\/apuntesdesanluis.com\/index.php\/author\/apuntesdesanluis-com\/"}]}},"featured_image_urls":{"full":["https:\/\/apuntesdesanluis.com\/wp-content\/uploads\/2023\/11\/cuarteto.jpg",623,362,false],"thumbnail":["https:\/\/apuntesdesanluis.com\/wp-content\/uploads\/2023\/11\/cuarteto-150x150.jpg",150,150,true],"medium":["https:\/\/apuntesdesanluis.com\/wp-content\/uploads\/2023\/11\/cuarteto-300x174.jpg",300,174,true],"medium_large":["https:\/\/apuntesdesanluis.com\/wp-content\/uploads\/2023\/11\/cuarteto.jpg",623,362,false],"large":["https:\/\/apuntesdesanluis.com\/wp-content\/uploads\/2023\/11\/cuarteto.jpg",623,362,false],"1536x1536":["https:\/\/apuntesdesanluis.com\/wp-content\/uploads\/2023\/11\/cuarteto.jpg",623,362,false],"2048x2048":["https:\/\/apuntesdesanluis.com\/wp-content\/uploads\/2023\/11\/cuarteto.jpg",623,362,false],"newsever-slider-full":["https:\/\/apuntesdesanluis.com\/wp-content\/uploads\/2023\/11\/cuarteto.jpg",623,362,false],"newsever-featured":["https:\/\/apuntesdesanluis.com\/wp-content\/uploads\/2023\/11\/cuarteto.jpg",623,362,false],"newsever-medium":["https:\/\/apuntesdesanluis.com\/wp-content\/uploads\/2023\/11\/cuarteto.jpg",623,362,false]},"author_info":{"display_name":"apuntesdesanluis.com","author_link":"https:\/\/apuntesdesanluis.com\/index.php\/author\/apuntesdesanluis-com\/"},"category_info":"<a href=\"https:\/\/apuntesdesanluis.com\/index.php\/category\/ciudad-provincia\/\" rel=\"category tag\">Ciudad\/Provincia<\/a>","tag_info":"Ciudad\/Provincia","comment_count":"0","_links":{"self":[{"href":"https:\/\/apuntesdesanluis.com\/index.php\/wp-json\/wp\/v2\/posts\/6590","targetHints":{"allow":["GET"]}}],"collection":[{"href":"https:\/\/apuntesdesanluis.com\/index.php\/wp-json\/wp\/v2\/posts"}],"about":[{"href":"https:\/\/apuntesdesanluis.com\/index.php\/wp-json\/wp\/v2\/types\/post"}],"author":[{"embeddable":true,"href":"https:\/\/apuntesdesanluis.com\/index.php\/wp-json\/wp\/v2\/users\/1"}],"replies":[{"embeddable":true,"href":"https:\/\/apuntesdesanluis.com\/index.php\/wp-json\/wp\/v2\/comments?post=6590"}],"version-history":[{"count":6,"href":"https:\/\/apuntesdesanluis.com\/index.php\/wp-json\/wp\/v2\/posts\/6590\/revisions"}],"predecessor-version":[{"id":6632,"href":"https:\/\/apuntesdesanluis.com\/index.php\/wp-json\/wp\/v2\/posts\/6590\/revisions\/6632"}],"wp:featuredmedia":[{"embeddable":true,"href":"https:\/\/apuntesdesanluis.com\/index.php\/wp-json\/wp\/v2\/media\/6591"}],"wp:attachment":[{"href":"https:\/\/apuntesdesanluis.com\/index.php\/wp-json\/wp\/v2\/media?parent=6590"}],"wp:term":[{"taxonomy":"category","embeddable":true,"href":"https:\/\/apuntesdesanluis.com\/index.php\/wp-json\/wp\/v2\/categories?post=6590"},{"taxonomy":"post_tag","embeddable":true,"href":"https:\/\/apuntesdesanluis.com\/index.php\/wp-json\/wp\/v2\/tags?post=6590"}],"curies":[{"name":"wp","href":"https:\/\/api.w.org\/{rel}","templated":true}]}}