{"id":6598,"date":"2023-11-09T23:49:48","date_gmt":"2023-11-10T02:49:48","guid":{"rendered":"https:\/\/apuntesdesanluis.com\/?p=6598"},"modified":"2023-11-09T23:49:48","modified_gmt":"2023-11-10T02:49:48","slug":"el-periodismo-esta-de-luto-fallecio-edi-zunino","status":"publish","type":"post","link":"https:\/\/apuntesdesanluis.com\/index.php\/2023\/11\/09\/el-periodismo-esta-de-luto-fallecio-edi-zunino\/","title":{"rendered":"EL PERIODISMO EST\u00c1 DE LUTO: FALLECI\u00d3 EDI ZUNINO"},"content":{"rendered":"<h3>El periodista <strong>Edi Zunino<\/strong> muri\u00f3 hoy, seg\u00fan confirm\u00f3 el director de la Editorial Perfil, Jorge Fontevecchia, en un reportaje con Ernesto Tenembaum en Radio con Vos.<\/h3>\n<h3>\u201cEdi era un chico, era el famoso que se puso los cables en el cuerpo para grabar la corrupci\u00f3n de (Armando) Cavalieri en el Sindicato de Comercio, me acuerdo eso perfectamente con veintipocos a\u00f1os\u201d, record\u00f3.<\/h3>\n<h3>Zunino, de 60 a\u00f1os, atravesaba un delicado estado de salud. Durante su carrera, fue redactor y director de la revista Noticias, y se desempe\u00f1\u00f3 como colaborador en los matutinos La Voz, Sur, en el quincenario cooperativista Acci\u00f3n, y como editor de la revista TXT, entre otros medios de gr\u00e1fica, televisi\u00f3n y radio.<\/h3>\n<h3>Especializado en la investigaci\u00f3n period\u00edstica, estuvo al frente del equipo de Noticias que sigui\u00f3 las alternativas posteriores al asesinato del fot\u00f3grafo Jos\u00e9 Luis Cabezas.<\/h3>\n<h3>Tambi\u00e9n public\u00f3 los libros de no ficci\u00f3n period\u00edstica \u201cPatria o medios (2009)\u201d, \u201cPeriodistas en el barro (2013)\u201d y \u201cCerrar la grieta (2015)\u201d. En tanto, \u201cLocos de amor, odio y fracaso\u201d fue su primera novela. En una entrevista con Infobae, en ocasi\u00f3n de la publicaci\u00f3n de este texto, Zunino se\u00f1alaba: \u201cLa gran responsable de que me haya tirado a la ficci\u00f3n es la Argentina, un pa\u00eds donde la realidad supera la ficci\u00f3n. Y como periodista, tratar de ver si la ficci\u00f3n ayuda a la realidad, porque hay cosas bastante similares a casos muy conocidos de los \u00faltimos a\u00f1os en el pa\u00eds, muchos de ellos sin soluci\u00f3n\u201d.<\/h3>\n<h3>Tras conocerse la noticia, varios de sus colegas expresaron su conmoci\u00f3n en redes sociales, entre ellos Mart\u00edn Candalaft, Ram\u00f3n Indart y Javier Calvo. \u201cLamento much\u00edsimo la muerte de Edi Zunino, un periodista siempre dispuesto al debate pol\u00edtico. Mis condolencias a todos sus familiares, amigos y compa\u00f1eros de trabajo\u201d, record\u00f3, por su lado, el exministro de Desarrollo Social Daniel Arroyo.<\/h3>\n<h3>Rodrigo Lloret, integrante del Comit\u00e9 Editorial Grupo Perfil, tambi\u00e9n se expres\u00f3 en las redes. \u201cEn los 90, un funcionario le ofreci\u00f3 a Edi Zunino pagarle 1000 d\u00f3lares por mes. Lo \u00fanico que ten\u00eda que hacer Edi era adelantarle cu\u00e1l iba a ser la tapa de Noticias de cada semana. \u00bfQu\u00e9 hizo? Mandarlo a la mierda y contarlo en Noticias. Eso es periodismo\u201d.<\/h3>\n<h3>\u201cDespido a Edi Zunino con respeto, siempre cultivamos un buen di\u00e1logo. Un abrazo a su familia y a todos sus compa\u00f1eros de trabajo. QEPD\u201d, afirm\u00f3 el diputado nacional radical Rodr\u00edgo De Loredo.<\/h3>\n<h3>En tanto, el secretario general del gobierno porte\u00f1o, Fernando Straface, sostuvo: \u201cProfesional, amable sin ser condescendiente y con enorme oficio period\u00edstico. Mi respeto para Edi Zunino. Mi deseo que siga con su profesi\u00f3n desde donde est\u00e9\u201d. \u201cDespedimos hoy a Edi Zunino, un gran periodista y un enorme ser humano. Mis condolencias y respeto a su familia, compa\u00f1eros y amigos\u201d, lo record\u00f3 el ex gobernador de Salta Juan Manuel Urtubey.<\/h3>\n<h3>A su vez, el secretario de Relaciones con la Sociedad Civil y Desarrollo Comunitario, Fernando \u201cChino\u201d Navarro, tambi\u00e9n lament\u00f3 la muerte del periodista: \u201cLamento profundamente el fallecimiento de Edi Zunino, director de Revista Noticias. Excelente periodista, apasionado de su profesi\u00f3n y mejor persona. Mis condolencias para sus familiares, colegas y amigos\u201d, escribi\u00f3 en su cuenta de X.<\/h3>\n<p>&nbsp;<\/p>\n<p>&nbsp;<\/p>\n<p>&nbsp;<\/p>\n<p>&nbsp;<\/p>\n","protected":false},"excerpt":{"rendered":"<p>El periodista Edi Zunino muri\u00f3 hoy, seg\u00fan confirm\u00f3 el director de la Editorial Perfil, Jorge&#8230;<\/p>\n","protected":false},"author":1,"featured_media":6599,"comment_status":"closed","ping_status":"closed","sticky":false,"template":"","format":"standard","meta":{"footnotes":""},"categories":[5],"tags":[],"class_list":["post-6598","post","type-post","status-publish","format-standard","has-post-thumbnail","hentry","category-nacionales-internacionales"],"yoast_head":"<!-- This site is optimized with the Yoast SEO plugin v26.1.1 - https:\/\/yoast.com\/wordpress\/plugins\/seo\/ -->\n<title>EL PERIODISMO EST\u00c1 DE LUTO: FALLECI\u00d3 EDI ZUNINO - Apuntes de San Luis<\/title>\n<meta name=\"robots\" content=\"index, follow, max-snippet:-1, max-image-preview:large, max-video-preview:-1\" \/>\n<link rel=\"canonical\" href=\"https:\/\/apuntesdesanluis.com\/index.php\/2023\/11\/09\/el-periodismo-esta-de-luto-fallecio-edi-zunino\/\" \/>\n<meta property=\"og:locale\" content=\"es_ES\" \/>\n<meta property=\"og:type\" content=\"article\" \/>\n<meta property=\"og:title\" content=\"EL PERIODISMO EST\u00c1 DE LUTO: FALLECI\u00d3 EDI ZUNINO - Apuntes de San Luis\" \/>\n<meta property=\"og:description\" content=\"El periodista Edi Zunino muri\u00f3 hoy, seg\u00fan confirm\u00f3 el director de la Editorial Perfil, Jorge...\" \/>\n<meta property=\"og:url\" content=\"https:\/\/apuntesdesanluis.com\/index.php\/2023\/11\/09\/el-periodismo-esta-de-luto-fallecio-edi-zunino\/\" \/>\n<meta property=\"og:site_name\" content=\"Apuntes de San Luis\" \/>\n<meta property=\"article:published_time\" content=\"2023-11-10T02:49:48+00:00\" \/>\n<meta property=\"og:image\" content=\"https:\/\/apuntesdesanluis.com\/wp-content\/uploads\/2023\/11\/EDI.png\" \/>\n\t<meta property=\"og:image:width\" content=\"600\" \/>\n\t<meta property=\"og:image:height\" content=\"347\" \/>\n\t<meta property=\"og:image:type\" content=\"image\/png\" \/>\n<meta name=\"author\" content=\"apuntesdesanluis.com\" \/>\n<meta name=\"twitter:card\" content=\"summary_large_image\" \/>\n<meta name=\"twitter:label1\" content=\"Escrito por\" \/>\n\t<meta name=\"twitter:data1\" content=\"apuntesdesanluis.com\" \/>\n\t<meta name=\"twitter:label2\" content=\"Tiempo de lectura\" \/>\n\t<meta name=\"twitter:data2\" content=\"3 minutos\" \/>\n<script type=\"application\/ld+json\" class=\"yoast-schema-graph\">{\"@context\":\"https:\/\/schema.org\",\"@graph\":[{\"@type\":\"Article\",\"@id\":\"https:\/\/apuntesdesanluis.com\/index.php\/2023\/11\/09\/el-periodismo-esta-de-luto-fallecio-edi-zunino\/#article\",\"isPartOf\":{\"@id\":\"https:\/\/apuntesdesanluis.com\/index.php\/2023\/11\/09\/el-periodismo-esta-de-luto-fallecio-edi-zunino\/\"},\"author\":{\"name\":\"apuntesdesanluis.com\",\"@id\":\"https:\/\/apuntesdesanluis.com\/#\/schema\/person\/b55151d52296fcce64d1a72538a70b90\"},\"headline\":\"EL PERIODISMO EST\u00c1 DE LUTO: FALLECI\u00d3 EDI ZUNINO\",\"datePublished\":\"2023-11-10T02:49:48+00:00\",\"mainEntityOfPage\":{\"@id\":\"https:\/\/apuntesdesanluis.com\/index.php\/2023\/11\/09\/el-periodismo-esta-de-luto-fallecio-edi-zunino\/\"},\"wordCount\":569,\"publisher\":{\"@id\":\"https:\/\/apuntesdesanluis.com\/#\/schema\/person\/b55151d52296fcce64d1a72538a70b90\"},\"image\":{\"@id\":\"https:\/\/apuntesdesanluis.com\/index.php\/2023\/11\/09\/el-periodismo-esta-de-luto-fallecio-edi-zunino\/#primaryimage\"},\"thumbnailUrl\":\"https:\/\/apuntesdesanluis.com\/wp-content\/uploads\/2023\/11\/EDI.png\",\"articleSection\":[\"Nacionales\/Internacionales\"],\"inLanguage\":\"es-AR\"},{\"@type\":\"WebPage\",\"@id\":\"https:\/\/apuntesdesanluis.com\/index.php\/2023\/11\/09\/el-periodismo-esta-de-luto-fallecio-edi-zunino\/\",\"url\":\"https:\/\/apuntesdesanluis.com\/index.php\/2023\/11\/09\/el-periodismo-esta-de-luto-fallecio-edi-zunino\/\",\"name\":\"EL PERIODISMO EST\u00c1 DE LUTO: FALLECI\u00d3 EDI ZUNINO - Apuntes de San Luis\",\"isPartOf\":{\"@id\":\"https:\/\/apuntesdesanluis.com\/#website\"},\"primaryImageOfPage\":{\"@id\":\"https:\/\/apuntesdesanluis.com\/index.php\/2023\/11\/09\/el-periodismo-esta-de-luto-fallecio-edi-zunino\/#primaryimage\"},\"image\":{\"@id\":\"https:\/\/apuntesdesanluis.com\/index.php\/2023\/11\/09\/el-periodismo-esta-de-luto-fallecio-edi-zunino\/#primaryimage\"},\"thumbnailUrl\":\"https:\/\/apuntesdesanluis.com\/wp-content\/uploads\/2023\/11\/EDI.png\",\"datePublished\":\"2023-11-10T02:49:48+00:00\",\"breadcrumb\":{\"@id\":\"https:\/\/apuntesdesanluis.com\/index.php\/2023\/11\/09\/el-periodismo-esta-de-luto-fallecio-edi-zunino\/#breadcrumb\"},\"inLanguage\":\"es-AR\",\"potentialAction\":[{\"@type\":\"ReadAction\",\"target\":[\"https:\/\/apuntesdesanluis.com\/index.php\/2023\/11\/09\/el-periodismo-esta-de-luto-fallecio-edi-zunino\/\"]}]},{\"@type\":\"ImageObject\",\"inLanguage\":\"es-AR\",\"@id\":\"https:\/\/apuntesdesanluis.com\/index.php\/2023\/11\/09\/el-periodismo-esta-de-luto-fallecio-edi-zunino\/#primaryimage\",\"url\":\"https:\/\/apuntesdesanluis.com\/wp-content\/uploads\/2023\/11\/EDI.png\",\"contentUrl\":\"https:\/\/apuntesdesanluis.com\/wp-content\/uploads\/2023\/11\/EDI.png\",\"width\":600,\"height\":347},{\"@type\":\"BreadcrumbList\",\"@id\":\"https:\/\/apuntesdesanluis.com\/index.php\/2023\/11\/09\/el-periodismo-esta-de-luto-fallecio-edi-zunino\/#breadcrumb\",\"itemListElement\":[{\"@type\":\"ListItem\",\"position\":1,\"name\":\"Inicio\",\"item\":\"https:\/\/apuntesdesanluis.com\/\"},{\"@type\":\"ListItem\",\"position\":2,\"name\":\"EL PERIODISMO EST\u00c1 DE LUTO: FALLECI\u00d3 EDI ZUNINO\"}]},{\"@type\":\"WebSite\",\"@id\":\"https:\/\/apuntesdesanluis.com\/#website\",\"url\":\"https:\/\/apuntesdesanluis.com\/\",\"name\":\"Apuntes de San Luis\",\"description\":\"\",\"publisher\":{\"@id\":\"https:\/\/apuntesdesanluis.com\/#\/schema\/person\/b55151d52296fcce64d1a72538a70b90\"},\"potentialAction\":[{\"@type\":\"SearchAction\",\"target\":{\"@type\":\"EntryPoint\",\"urlTemplate\":\"https:\/\/apuntesdesanluis.com\/?s={search_term_string}\"},\"query-input\":{\"@type\":\"PropertyValueSpecification\",\"valueRequired\":true,\"valueName\":\"search_term_string\"}}],\"inLanguage\":\"es-AR\"},{\"@type\":[\"Person\",\"Organization\"],\"@id\":\"https:\/\/apuntesdesanluis.com\/#\/schema\/person\/b55151d52296fcce64d1a72538a70b90\",\"name\":\"apuntesdesanluis.com\",\"image\":{\"@type\":\"ImageObject\",\"inLanguage\":\"es-AR\",\"@id\":\"https:\/\/apuntesdesanluis.com\/#\/schema\/person\/image\/\",\"url\":\"https:\/\/apuntesdesanluis.com\/wp-content\/uploads\/2023\/07\/cropped-apuntesdesanluis.png\",\"contentUrl\":\"https:\/\/apuntesdesanluis.com\/wp-content\/uploads\/2023\/07\/cropped-apuntesdesanluis.png\",\"width\":450,\"height\":112,\"caption\":\"apuntesdesanluis.com\"},\"logo\":{\"@id\":\"https:\/\/apuntesdesanluis.com\/#\/schema\/person\/image\/\"},\"sameAs\":[\"https:\/\/apuntesdesanluis.com\"],\"url\":\"https:\/\/apuntesdesanluis.com\/index.php\/author\/apuntesdesanluis-com\/\"}]}<\/script>\n<!-- \/ Yoast SEO plugin. -->","yoast_head_json":{"title":"EL PERIODISMO EST\u00c1 DE LUTO: FALLECI\u00d3 EDI ZUNINO - Apuntes de San Luis","robots":{"index":"index","follow":"follow","max-snippet":"max-snippet:-1","max-image-preview":"max-image-preview:large","max-video-preview":"max-video-preview:-1"},"canonical":"https:\/\/apuntesdesanluis.com\/index.php\/2023\/11\/09\/el-periodismo-esta-de-luto-fallecio-edi-zunino\/","og_locale":"es_ES","og_type":"article","og_title":"EL PERIODISMO EST\u00c1 DE LUTO: FALLECI\u00d3 EDI ZUNINO - Apuntes de San Luis","og_description":"El periodista Edi Zunino muri\u00f3 hoy, seg\u00fan confirm\u00f3 el director de la Editorial Perfil, Jorge...","og_url":"https:\/\/apuntesdesanluis.com\/index.php\/2023\/11\/09\/el-periodismo-esta-de-luto-fallecio-edi-zunino\/","og_site_name":"Apuntes de San Luis","article_published_time":"2023-11-10T02:49:48+00:00","og_image":[{"width":600,"height":347,"url":"https:\/\/apuntesdesanluis.com\/wp-content\/uploads\/2023\/11\/EDI.png","type":"image\/png"}],"author":"apuntesdesanluis.com","twitter_card":"summary_large_image","twitter_misc":{"Escrito por":"apuntesdesanluis.com","Tiempo de lectura":"3 minutos"},"schema":{"@context":"https:\/\/schema.org","@graph":[{"@type":"Article","@id":"https:\/\/apuntesdesanluis.com\/index.php\/2023\/11\/09\/el-periodismo-esta-de-luto-fallecio-edi-zunino\/#article","isPartOf":{"@id":"https:\/\/apuntesdesanluis.com\/index.php\/2023\/11\/09\/el-periodismo-esta-de-luto-fallecio-edi-zunino\/"},"author":{"name":"apuntesdesanluis.com","@id":"https:\/\/apuntesdesanluis.com\/#\/schema\/person\/b55151d52296fcce64d1a72538a70b90"},"headline":"EL PERIODISMO EST\u00c1 DE LUTO: FALLECI\u00d3 EDI ZUNINO","datePublished":"2023-11-10T02:49:48+00:00","mainEntityOfPage":{"@id":"https:\/\/apuntesdesanluis.com\/index.php\/2023\/11\/09\/el-periodismo-esta-de-luto-fallecio-edi-zunino\/"},"wordCount":569,"publisher":{"@id":"https:\/\/apuntesdesanluis.com\/#\/schema\/person\/b55151d52296fcce64d1a72538a70b90"},"image":{"@id":"https:\/\/apuntesdesanluis.com\/index.php\/2023\/11\/09\/el-periodismo-esta-de-luto-fallecio-edi-zunino\/#primaryimage"},"thumbnailUrl":"https:\/\/apuntesdesanluis.com\/wp-content\/uploads\/2023\/11\/EDI.png","articleSection":["Nacionales\/Internacionales"],"inLanguage":"es-AR"},{"@type":"WebPage","@id":"https:\/\/apuntesdesanluis.com\/index.php\/2023\/11\/09\/el-periodismo-esta-de-luto-fallecio-edi-zunino\/","url":"https:\/\/apuntesdesanluis.com\/index.php\/2023\/11\/09\/el-periodismo-esta-de-luto-fallecio-edi-zunino\/","name":"EL PERIODISMO EST\u00c1 DE LUTO: FALLECI\u00d3 EDI ZUNINO - Apuntes de San Luis","isPartOf":{"@id":"https:\/\/apuntesdesanluis.com\/#website"},"primaryImageOfPage":{"@id":"https:\/\/apuntesdesanluis.com\/index.php\/2023\/11\/09\/el-periodismo-esta-de-luto-fallecio-edi-zunino\/#primaryimage"},"image":{"@id":"https:\/\/apuntesdesanluis.com\/index.php\/2023\/11\/09\/el-periodismo-esta-de-luto-fallecio-edi-zunino\/#primaryimage"},"thumbnailUrl":"https:\/\/apuntesdesanluis.com\/wp-content\/uploads\/2023\/11\/EDI.png","datePublished":"2023-11-10T02:49:48+00:00","breadcrumb":{"@id":"https:\/\/apuntesdesanluis.com\/index.php\/2023\/11\/09\/el-periodismo-esta-de-luto-fallecio-edi-zunino\/#breadcrumb"},"inLanguage":"es-AR","potentialAction":[{"@type":"ReadAction","target":["https:\/\/apuntesdesanluis.com\/index.php\/2023\/11\/09\/el-periodismo-esta-de-luto-fallecio-edi-zunino\/"]}]},{"@type":"ImageObject","inLanguage":"es-AR","@id":"https:\/\/apuntesdesanluis.com\/index.php\/2023\/11\/09\/el-periodismo-esta-de-luto-fallecio-edi-zunino\/#primaryimage","url":"https:\/\/apuntesdesanluis.com\/wp-content\/uploads\/2023\/11\/EDI.png","contentUrl":"https:\/\/apuntesdesanluis.com\/wp-content\/uploads\/2023\/11\/EDI.png","width":600,"height":347},{"@type":"BreadcrumbList","@id":"https:\/\/apuntesdesanluis.com\/index.php\/2023\/11\/09\/el-periodismo-esta-de-luto-fallecio-edi-zunino\/#breadcrumb","itemListElement":[{"@type":"ListItem","position":1,"name":"Inicio","item":"https:\/\/apuntesdesanluis.com\/"},{"@type":"ListItem","position":2,"name":"EL PERIODISMO EST\u00c1 DE LUTO: FALLECI\u00d3 EDI ZUNINO"}]},{"@type":"WebSite","@id":"https:\/\/apuntesdesanluis.com\/#website","url":"https:\/\/apuntesdesanluis.com\/","name":"Apuntes de San Luis","description":"","publisher":{"@id":"https:\/\/apuntesdesanluis.com\/#\/schema\/person\/b55151d52296fcce64d1a72538a70b90"},"potentialAction":[{"@type":"SearchAction","target":{"@type":"EntryPoint","urlTemplate":"https:\/\/apuntesdesanluis.com\/?s={search_term_string}"},"query-input":{"@type":"PropertyValueSpecification","valueRequired":true,"valueName":"search_term_string"}}],"inLanguage":"es-AR"},{"@type":["Person","Organization"],"@id":"https:\/\/apuntesdesanluis.com\/#\/schema\/person\/b55151d52296fcce64d1a72538a70b90","name":"apuntesdesanluis.com","image":{"@type":"ImageObject","inLanguage":"es-AR","@id":"https:\/\/apuntesdesanluis.com\/#\/schema\/person\/image\/","url":"https:\/\/apuntesdesanluis.com\/wp-content\/uploads\/2023\/07\/cropped-apuntesdesanluis.png","contentUrl":"https:\/\/apuntesdesanluis.com\/wp-content\/uploads\/2023\/07\/cropped-apuntesdesanluis.png","width":450,"height":112,"caption":"apuntesdesanluis.com"},"logo":{"@id":"https:\/\/apuntesdesanluis.com\/#\/schema\/person\/image\/"},"sameAs":["https:\/\/apuntesdesanluis.com"],"url":"https:\/\/apuntesdesanluis.com\/index.php\/author\/apuntesdesanluis-com\/"}]}},"featured_image_urls":{"full":["https:\/\/apuntesdesanluis.com\/wp-content\/uploads\/2023\/11\/EDI.png",600,347,false],"thumbnail":["https:\/\/apuntesdesanluis.com\/wp-content\/uploads\/2023\/11\/EDI-150x150.png",150,150,true],"medium":["https:\/\/apuntesdesanluis.com\/wp-content\/uploads\/2023\/11\/EDI-300x174.png",300,174,true],"medium_large":["https:\/\/apuntesdesanluis.com\/wp-content\/uploads\/2023\/11\/EDI.png",600,347,false],"large":["https:\/\/apuntesdesanluis.com\/wp-content\/uploads\/2023\/11\/EDI.png",600,347,false],"1536x1536":["https:\/\/apuntesdesanluis.com\/wp-content\/uploads\/2023\/11\/EDI.png",600,347,false],"2048x2048":["https:\/\/apuntesdesanluis.com\/wp-content\/uploads\/2023\/11\/EDI.png",600,347,false],"newsever-slider-full":["https:\/\/apuntesdesanluis.com\/wp-content\/uploads\/2023\/11\/EDI.png",600,347,false],"newsever-featured":["https:\/\/apuntesdesanluis.com\/wp-content\/uploads\/2023\/11\/EDI.png",600,347,false],"newsever-medium":["https:\/\/apuntesdesanluis.com\/wp-content\/uploads\/2023\/11\/EDI.png",600,347,false]},"author_info":{"display_name":"apuntesdesanluis.com","author_link":"https:\/\/apuntesdesanluis.com\/index.php\/author\/apuntesdesanluis-com\/"},"category_info":"<a href=\"https:\/\/apuntesdesanluis.com\/index.php\/category\/nacionales-internacionales\/\" rel=\"category tag\">Nacionales\/Internacionales<\/a>","tag_info":"Nacionales\/Internacionales","comment_count":"0","_links":{"self":[{"href":"https:\/\/apuntesdesanluis.com\/index.php\/wp-json\/wp\/v2\/posts\/6598","targetHints":{"allow":["GET"]}}],"collection":[{"href":"https:\/\/apuntesdesanluis.com\/index.php\/wp-json\/wp\/v2\/posts"}],"about":[{"href":"https:\/\/apuntesdesanluis.com\/index.php\/wp-json\/wp\/v2\/types\/post"}],"author":[{"embeddable":true,"href":"https:\/\/apuntesdesanluis.com\/index.php\/wp-json\/wp\/v2\/users\/1"}],"replies":[{"embeddable":true,"href":"https:\/\/apuntesdesanluis.com\/index.php\/wp-json\/wp\/v2\/comments?post=6598"}],"version-history":[{"count":1,"href":"https:\/\/apuntesdesanluis.com\/index.php\/wp-json\/wp\/v2\/posts\/6598\/revisions"}],"predecessor-version":[{"id":6600,"href":"https:\/\/apuntesdesanluis.com\/index.php\/wp-json\/wp\/v2\/posts\/6598\/revisions\/6600"}],"wp:featuredmedia":[{"embeddable":true,"href":"https:\/\/apuntesdesanluis.com\/index.php\/wp-json\/wp\/v2\/media\/6599"}],"wp:attachment":[{"href":"https:\/\/apuntesdesanluis.com\/index.php\/wp-json\/wp\/v2\/media?parent=6598"}],"wp:term":[{"taxonomy":"category","embeddable":true,"href":"https:\/\/apuntesdesanluis.com\/index.php\/wp-json\/wp\/v2\/categories?post=6598"},{"taxonomy":"post_tag","embeddable":true,"href":"https:\/\/apuntesdesanluis.com\/index.php\/wp-json\/wp\/v2\/tags?post=6598"}],"curies":[{"name":"wp","href":"https:\/\/api.w.org\/{rel}","templated":true}]}}