{"id":6610,"date":"2023-11-10T00:34:44","date_gmt":"2023-11-10T03:34:44","guid":{"rendered":"https:\/\/apuntesdesanluis.com\/?p=6610"},"modified":"2023-11-10T00:34:44","modified_gmt":"2023-11-10T03:34:44","slug":"no-al-voucher-la-federacion-universitaria-se-movilizo-en-rechazo-a-una-propuesta-de-milei","status":"publish","type":"post","link":"https:\/\/apuntesdesanluis.com\/index.php\/2023\/11\/10\/no-al-voucher-la-federacion-universitaria-se-movilizo-en-rechazo-a-una-propuesta-de-milei\/","title":{"rendered":"\u201cNO AL VOUCHER\u201d: LA FEDERACI\u00d3N UNIVERSITARIA SE MOVILIZ\u00d3 EN RECHAZO A UNA PROPUESTA DE MILEI"},"content":{"rendered":"<h3>Dirigentes estudiantiles de todo el pa\u00eds se manifestaron este jueves en la Facultad de Derecho de la UBA en contra de una medida del candidato de La Libertad Avanza para el sistema educativo<\/h3>\n<h3>L\u00edderes de la Federaci\u00f3n Universitaria Argentina (FUA) y agrupaciones estudiantiles de distintos sectores pol\u00edticos se reunieron este jueves en las escalinatas de la Facultad de Derecho de la Universidad de Buenos Aires para expresar su rechazo a las propuestas de arancelamiento y vouchers educativos planteadas durante la campa\u00f1a electoral por Javier Milei. Bajo la consigna \u201cNo al voucher, no al arancel: educaci\u00f3n p\u00fablica en alerta\u201d, los representantes estudiantiles expresaron su oposici\u00f3n a las propuestas de La Libertad Avanza para el sistema educativo.<\/h3>\n<h3>\u201cEl movimiento estudiantil argentino se encuentra en estado de alerta total. La educaci\u00f3n p\u00fablica, pilar fundamental de nuestra sociedad, est\u00e1 bajo un asedio constante. Nos enfrentamos a discursos y propuestas que amenazan con arancelar la universidad, un ataque directo a la educaci\u00f3n p\u00fablica y gratuita en Argentina\u201d, dijo Piera Fern\u00e1ndez De Piccoli, presidenta de la FUA, una organizaci\u00f3n que representa a los alumnos universitarios de todo el pa\u00eds y a 400 centros de estudiantes de nivel superior.<\/h3>\n<h3>Fern\u00e1ndez De Piccoli, estudiante de la carrera de Ciencia Pol\u00edtica en la Universidad de R\u00edo Cuarto, consider\u00f3 que los vouchers son una experiencia que ya fracas\u00f3 otros lugares: \u201cNo han demostrado mejoras en la calidad educativa. Conversamos permanentemente con dirigentes estudiantiles de Chile, donde se aplica, y admiran nuestro modelo, mientras luchan por erradicar el voucher en su pa\u00eds\u201d.<\/h3>\n<h3>\u201cLos estudiantes comprometidos con la educaci\u00f3n como motor de movilidad social ascendente no podemos quedarnos pasivos ante estas amenazas. Estamos decididos a defender el modelo reformista de universidad, tal como lo hemos hecho a lo largo de la historia. La educaci\u00f3n p\u00fablica es un derecho, no un privilegio ni una mercanc\u00eda\u201d, agreg\u00f3 Fern\u00e1ndez De Piccoli.<\/h3>\n<h3>En un comunicado difundido en sus redes, la FUA se\u00f1al\u00f3 que \u201cla plataforma pol\u00edtica de La Libertad Avanza desestima la democracia y desprecia sus instituciones. Propone cerrar el CONICET y promover un sistema de bonos en la educaci\u00f3n superior\u201d. El comunicado agrega que estas medidas conducen a \u201cun sistema educativo arancelado y excluyente\u201d, y compara las propuestas de Javier Milei con las de Jair Bolsonaro, Santiago Abascal, Donald Trump y Marine Le Pen, entre otros.<\/h3>\n<h3>\u201cTodos ellos comparten una ret\u00f3rica que socava el pluralismo pol\u00edtico, desaf\u00eda las instituciones de la democracia liberal, amenaza los derechos de las mujeres y cuestiona la ciencia misma\u201d, describe el texto.<\/h3>\n<h3>El documento de la FUA tambi\u00e9n critica \u201clos retrocesos impuestos por el gobierno nacional en materia educativa\u201d, y reclama mayor presupuesto y m\u00e1s celeridad en el env\u00edo de los recursos: \u201cLos recortes presupuestarios y los constantes retrasos en el env\u00edo de las partidas a las universidades nacionales han dejado a nuestras instituciones acad\u00e9micas luchando por sobrevivir de cara a una inflaci\u00f3n galopante\u201d.<\/h3>\n<h3>Desde la FUA se manifestaron esta semana a favor del proyecto de Ley de Financiamiento Educativo que propone llevar la inversi\u00f3n en educaci\u00f3n al 8% del PBI, cifra que incluye un 1,5% del producto bruto interno para el sistema universitario. Sin embargo, advirtieron tambi\u00e9n por el incumplimiento de la meta legal actual (que establece una inversi\u00f3n del 6% del PBI) y enfatizaron que, para que el financiamiento se cumpla, es necesario garantizar la \u201cdecisi\u00f3n pol\u00edtica\u201d.<\/h3>\n<p>&nbsp;<\/p>\n<p>&nbsp;<\/p>\n<p>&nbsp;<\/p>\n<p>&nbsp;<\/p>\n","protected":false},"excerpt":{"rendered":"<p>Dirigentes estudiantiles de todo el pa\u00eds se manifestaron este jueves en la Facultad de Derecho&#8230;<\/p>\n","protected":false},"author":1,"featured_media":6611,"comment_status":"closed","ping_status":"closed","sticky":false,"template":"","format":"standard","meta":{"footnotes":""},"categories":[5],"tags":[],"class_list":["post-6610","post","type-post","status-publish","format-standard","has-post-thumbnail","hentry","category-nacionales-internacionales"],"yoast_head":"<!-- This site is optimized with the Yoast SEO plugin v26.1.1 - https:\/\/yoast.com\/wordpress\/plugins\/seo\/ -->\n<title>\u201cNO AL VOUCHER\u201d: LA FEDERACI\u00d3N UNIVERSITARIA SE MOVILIZ\u00d3 EN RECHAZO A UNA PROPUESTA DE MILEI - Apuntes de San Luis<\/title>\n<meta name=\"robots\" content=\"index, follow, max-snippet:-1, max-image-preview:large, max-video-preview:-1\" \/>\n<link rel=\"canonical\" href=\"https:\/\/apuntesdesanluis.com\/index.php\/2023\/11\/10\/no-al-voucher-la-federacion-universitaria-se-movilizo-en-rechazo-a-una-propuesta-de-milei\/\" \/>\n<meta property=\"og:locale\" content=\"es_ES\" \/>\n<meta property=\"og:type\" content=\"article\" \/>\n<meta property=\"og:title\" content=\"\u201cNO AL VOUCHER\u201d: LA FEDERACI\u00d3N UNIVERSITARIA SE MOVILIZ\u00d3 EN RECHAZO A UNA PROPUESTA DE MILEI - Apuntes de San Luis\" \/>\n<meta property=\"og:description\" content=\"Dirigentes estudiantiles de todo el pa\u00eds se manifestaron este jueves en la Facultad de Derecho...\" \/>\n<meta property=\"og:url\" content=\"https:\/\/apuntesdesanluis.com\/index.php\/2023\/11\/10\/no-al-voucher-la-federacion-universitaria-se-movilizo-en-rechazo-a-una-propuesta-de-milei\/\" \/>\n<meta property=\"og:site_name\" content=\"Apuntes de San Luis\" \/>\n<meta property=\"article:published_time\" content=\"2023-11-10T03:34:44+00:00\" \/>\n<meta property=\"og:image\" content=\"https:\/\/apuntesdesanluis.com\/wp-content\/uploads\/2023\/11\/federacion.png\" \/>\n\t<meta property=\"og:image:width\" content=\"600\" \/>\n\t<meta property=\"og:image:height\" content=\"342\" \/>\n\t<meta property=\"og:image:type\" content=\"image\/png\" \/>\n<meta name=\"author\" content=\"apuntesdesanluis.com\" \/>\n<meta name=\"twitter:card\" content=\"summary_large_image\" \/>\n<meta name=\"twitter:label1\" content=\"Escrito por\" \/>\n\t<meta name=\"twitter:data1\" content=\"apuntesdesanluis.com\" \/>\n\t<meta name=\"twitter:label2\" content=\"Tiempo de lectura\" \/>\n\t<meta name=\"twitter:data2\" content=\"3 minutos\" \/>\n<script type=\"application\/ld+json\" class=\"yoast-schema-graph\">{\"@context\":\"https:\/\/schema.org\",\"@graph\":[{\"@type\":\"Article\",\"@id\":\"https:\/\/apuntesdesanluis.com\/index.php\/2023\/11\/10\/no-al-voucher-la-federacion-universitaria-se-movilizo-en-rechazo-a-una-propuesta-de-milei\/#article\",\"isPartOf\":{\"@id\":\"https:\/\/apuntesdesanluis.com\/index.php\/2023\/11\/10\/no-al-voucher-la-federacion-universitaria-se-movilizo-en-rechazo-a-una-propuesta-de-milei\/\"},\"author\":{\"name\":\"apuntesdesanluis.com\",\"@id\":\"https:\/\/apuntesdesanluis.com\/#\/schema\/person\/b55151d52296fcce64d1a72538a70b90\"},\"headline\":\"\u201cNO AL VOUCHER\u201d: LA FEDERACI\u00d3N UNIVERSITARIA SE MOVILIZ\u00d3 EN RECHAZO A UNA PROPUESTA DE MILEI\",\"datePublished\":\"2023-11-10T03:34:44+00:00\",\"mainEntityOfPage\":{\"@id\":\"https:\/\/apuntesdesanluis.com\/index.php\/2023\/11\/10\/no-al-voucher-la-federacion-universitaria-se-movilizo-en-rechazo-a-una-propuesta-de-milei\/\"},\"wordCount\":607,\"publisher\":{\"@id\":\"https:\/\/apuntesdesanluis.com\/#\/schema\/person\/b55151d52296fcce64d1a72538a70b90\"},\"image\":{\"@id\":\"https:\/\/apuntesdesanluis.com\/index.php\/2023\/11\/10\/no-al-voucher-la-federacion-universitaria-se-movilizo-en-rechazo-a-una-propuesta-de-milei\/#primaryimage\"},\"thumbnailUrl\":\"https:\/\/apuntesdesanluis.com\/wp-content\/uploads\/2023\/11\/federacion.png\",\"articleSection\":[\"Nacionales\/Internacionales\"],\"inLanguage\":\"es-AR\"},{\"@type\":\"WebPage\",\"@id\":\"https:\/\/apuntesdesanluis.com\/index.php\/2023\/11\/10\/no-al-voucher-la-federacion-universitaria-se-movilizo-en-rechazo-a-una-propuesta-de-milei\/\",\"url\":\"https:\/\/apuntesdesanluis.com\/index.php\/2023\/11\/10\/no-al-voucher-la-federacion-universitaria-se-movilizo-en-rechazo-a-una-propuesta-de-milei\/\",\"name\":\"\u201cNO AL VOUCHER\u201d: LA FEDERACI\u00d3N UNIVERSITARIA SE MOVILIZ\u00d3 EN RECHAZO A UNA PROPUESTA DE MILEI - Apuntes de San Luis\",\"isPartOf\":{\"@id\":\"https:\/\/apuntesdesanluis.com\/#website\"},\"primaryImageOfPage\":{\"@id\":\"https:\/\/apuntesdesanluis.com\/index.php\/2023\/11\/10\/no-al-voucher-la-federacion-universitaria-se-movilizo-en-rechazo-a-una-propuesta-de-milei\/#primaryimage\"},\"image\":{\"@id\":\"https:\/\/apuntesdesanluis.com\/index.php\/2023\/11\/10\/no-al-voucher-la-federacion-universitaria-se-movilizo-en-rechazo-a-una-propuesta-de-milei\/#primaryimage\"},\"thumbnailUrl\":\"https:\/\/apuntesdesanluis.com\/wp-content\/uploads\/2023\/11\/federacion.png\",\"datePublished\":\"2023-11-10T03:34:44+00:00\",\"breadcrumb\":{\"@id\":\"https:\/\/apuntesdesanluis.com\/index.php\/2023\/11\/10\/no-al-voucher-la-federacion-universitaria-se-movilizo-en-rechazo-a-una-propuesta-de-milei\/#breadcrumb\"},\"inLanguage\":\"es-AR\",\"potentialAction\":[{\"@type\":\"ReadAction\",\"target\":[\"https:\/\/apuntesdesanluis.com\/index.php\/2023\/11\/10\/no-al-voucher-la-federacion-universitaria-se-movilizo-en-rechazo-a-una-propuesta-de-milei\/\"]}]},{\"@type\":\"ImageObject\",\"inLanguage\":\"es-AR\",\"@id\":\"https:\/\/apuntesdesanluis.com\/index.php\/2023\/11\/10\/no-al-voucher-la-federacion-universitaria-se-movilizo-en-rechazo-a-una-propuesta-de-milei\/#primaryimage\",\"url\":\"https:\/\/apuntesdesanluis.com\/wp-content\/uploads\/2023\/11\/federacion.png\",\"contentUrl\":\"https:\/\/apuntesdesanluis.com\/wp-content\/uploads\/2023\/11\/federacion.png\",\"width\":600,\"height\":342},{\"@type\":\"BreadcrumbList\",\"@id\":\"https:\/\/apuntesdesanluis.com\/index.php\/2023\/11\/10\/no-al-voucher-la-federacion-universitaria-se-movilizo-en-rechazo-a-una-propuesta-de-milei\/#breadcrumb\",\"itemListElement\":[{\"@type\":\"ListItem\",\"position\":1,\"name\":\"Inicio\",\"item\":\"https:\/\/apuntesdesanluis.com\/\"},{\"@type\":\"ListItem\",\"position\":2,\"name\":\"\u201cNO AL VOUCHER\u201d: LA FEDERACI\u00d3N UNIVERSITARIA SE MOVILIZ\u00d3 EN RECHAZO A UNA PROPUESTA DE MILEI\"}]},{\"@type\":\"WebSite\",\"@id\":\"https:\/\/apuntesdesanluis.com\/#website\",\"url\":\"https:\/\/apuntesdesanluis.com\/\",\"name\":\"Apuntes de San Luis\",\"description\":\"\",\"publisher\":{\"@id\":\"https:\/\/apuntesdesanluis.com\/#\/schema\/person\/b55151d52296fcce64d1a72538a70b90\"},\"potentialAction\":[{\"@type\":\"SearchAction\",\"target\":{\"@type\":\"EntryPoint\",\"urlTemplate\":\"https:\/\/apuntesdesanluis.com\/?s={search_term_string}\"},\"query-input\":{\"@type\":\"PropertyValueSpecification\",\"valueRequired\":true,\"valueName\":\"search_term_string\"}}],\"inLanguage\":\"es-AR\"},{\"@type\":[\"Person\",\"Organization\"],\"@id\":\"https:\/\/apuntesdesanluis.com\/#\/schema\/person\/b55151d52296fcce64d1a72538a70b90\",\"name\":\"apuntesdesanluis.com\",\"image\":{\"@type\":\"ImageObject\",\"inLanguage\":\"es-AR\",\"@id\":\"https:\/\/apuntesdesanluis.com\/#\/schema\/person\/image\/\",\"url\":\"https:\/\/apuntesdesanluis.com\/wp-content\/uploads\/2023\/07\/cropped-apuntesdesanluis.png\",\"contentUrl\":\"https:\/\/apuntesdesanluis.com\/wp-content\/uploads\/2023\/07\/cropped-apuntesdesanluis.png\",\"width\":450,\"height\":112,\"caption\":\"apuntesdesanluis.com\"},\"logo\":{\"@id\":\"https:\/\/apuntesdesanluis.com\/#\/schema\/person\/image\/\"},\"sameAs\":[\"https:\/\/apuntesdesanluis.com\"],\"url\":\"https:\/\/apuntesdesanluis.com\/index.php\/author\/apuntesdesanluis-com\/\"}]}<\/script>\n<!-- \/ Yoast SEO plugin. -->","yoast_head_json":{"title":"\u201cNO AL VOUCHER\u201d: LA FEDERACI\u00d3N UNIVERSITARIA SE MOVILIZ\u00d3 EN RECHAZO A UNA PROPUESTA DE MILEI - Apuntes de San Luis","robots":{"index":"index","follow":"follow","max-snippet":"max-snippet:-1","max-image-preview":"max-image-preview:large","max-video-preview":"max-video-preview:-1"},"canonical":"https:\/\/apuntesdesanluis.com\/index.php\/2023\/11\/10\/no-al-voucher-la-federacion-universitaria-se-movilizo-en-rechazo-a-una-propuesta-de-milei\/","og_locale":"es_ES","og_type":"article","og_title":"\u201cNO AL VOUCHER\u201d: LA FEDERACI\u00d3N UNIVERSITARIA SE MOVILIZ\u00d3 EN RECHAZO A UNA PROPUESTA DE MILEI - Apuntes de San Luis","og_description":"Dirigentes estudiantiles de todo el pa\u00eds se manifestaron este jueves en la Facultad de Derecho...","og_url":"https:\/\/apuntesdesanluis.com\/index.php\/2023\/11\/10\/no-al-voucher-la-federacion-universitaria-se-movilizo-en-rechazo-a-una-propuesta-de-milei\/","og_site_name":"Apuntes de San Luis","article_published_time":"2023-11-10T03:34:44+00:00","og_image":[{"width":600,"height":342,"url":"https:\/\/apuntesdesanluis.com\/wp-content\/uploads\/2023\/11\/federacion.png","type":"image\/png"}],"author":"apuntesdesanluis.com","twitter_card":"summary_large_image","twitter_misc":{"Escrito por":"apuntesdesanluis.com","Tiempo de lectura":"3 minutos"},"schema":{"@context":"https:\/\/schema.org","@graph":[{"@type":"Article","@id":"https:\/\/apuntesdesanluis.com\/index.php\/2023\/11\/10\/no-al-voucher-la-federacion-universitaria-se-movilizo-en-rechazo-a-una-propuesta-de-milei\/#article","isPartOf":{"@id":"https:\/\/apuntesdesanluis.com\/index.php\/2023\/11\/10\/no-al-voucher-la-federacion-universitaria-se-movilizo-en-rechazo-a-una-propuesta-de-milei\/"},"author":{"name":"apuntesdesanluis.com","@id":"https:\/\/apuntesdesanluis.com\/#\/schema\/person\/b55151d52296fcce64d1a72538a70b90"},"headline":"\u201cNO AL VOUCHER\u201d: LA FEDERACI\u00d3N UNIVERSITARIA SE MOVILIZ\u00d3 EN RECHAZO A UNA PROPUESTA DE MILEI","datePublished":"2023-11-10T03:34:44+00:00","mainEntityOfPage":{"@id":"https:\/\/apuntesdesanluis.com\/index.php\/2023\/11\/10\/no-al-voucher-la-federacion-universitaria-se-movilizo-en-rechazo-a-una-propuesta-de-milei\/"},"wordCount":607,"publisher":{"@id":"https:\/\/apuntesdesanluis.com\/#\/schema\/person\/b55151d52296fcce64d1a72538a70b90"},"image":{"@id":"https:\/\/apuntesdesanluis.com\/index.php\/2023\/11\/10\/no-al-voucher-la-federacion-universitaria-se-movilizo-en-rechazo-a-una-propuesta-de-milei\/#primaryimage"},"thumbnailUrl":"https:\/\/apuntesdesanluis.com\/wp-content\/uploads\/2023\/11\/federacion.png","articleSection":["Nacionales\/Internacionales"],"inLanguage":"es-AR"},{"@type":"WebPage","@id":"https:\/\/apuntesdesanluis.com\/index.php\/2023\/11\/10\/no-al-voucher-la-federacion-universitaria-se-movilizo-en-rechazo-a-una-propuesta-de-milei\/","url":"https:\/\/apuntesdesanluis.com\/index.php\/2023\/11\/10\/no-al-voucher-la-federacion-universitaria-se-movilizo-en-rechazo-a-una-propuesta-de-milei\/","name":"\u201cNO AL VOUCHER\u201d: LA FEDERACI\u00d3N UNIVERSITARIA SE MOVILIZ\u00d3 EN RECHAZO A UNA PROPUESTA DE MILEI - Apuntes de San Luis","isPartOf":{"@id":"https:\/\/apuntesdesanluis.com\/#website"},"primaryImageOfPage":{"@id":"https:\/\/apuntesdesanluis.com\/index.php\/2023\/11\/10\/no-al-voucher-la-federacion-universitaria-se-movilizo-en-rechazo-a-una-propuesta-de-milei\/#primaryimage"},"image":{"@id":"https:\/\/apuntesdesanluis.com\/index.php\/2023\/11\/10\/no-al-voucher-la-federacion-universitaria-se-movilizo-en-rechazo-a-una-propuesta-de-milei\/#primaryimage"},"thumbnailUrl":"https:\/\/apuntesdesanluis.com\/wp-content\/uploads\/2023\/11\/federacion.png","datePublished":"2023-11-10T03:34:44+00:00","breadcrumb":{"@id":"https:\/\/apuntesdesanluis.com\/index.php\/2023\/11\/10\/no-al-voucher-la-federacion-universitaria-se-movilizo-en-rechazo-a-una-propuesta-de-milei\/#breadcrumb"},"inLanguage":"es-AR","potentialAction":[{"@type":"ReadAction","target":["https:\/\/apuntesdesanluis.com\/index.php\/2023\/11\/10\/no-al-voucher-la-federacion-universitaria-se-movilizo-en-rechazo-a-una-propuesta-de-milei\/"]}]},{"@type":"ImageObject","inLanguage":"es-AR","@id":"https:\/\/apuntesdesanluis.com\/index.php\/2023\/11\/10\/no-al-voucher-la-federacion-universitaria-se-movilizo-en-rechazo-a-una-propuesta-de-milei\/#primaryimage","url":"https:\/\/apuntesdesanluis.com\/wp-content\/uploads\/2023\/11\/federacion.png","contentUrl":"https:\/\/apuntesdesanluis.com\/wp-content\/uploads\/2023\/11\/federacion.png","width":600,"height":342},{"@type":"BreadcrumbList","@id":"https:\/\/apuntesdesanluis.com\/index.php\/2023\/11\/10\/no-al-voucher-la-federacion-universitaria-se-movilizo-en-rechazo-a-una-propuesta-de-milei\/#breadcrumb","itemListElement":[{"@type":"ListItem","position":1,"name":"Inicio","item":"https:\/\/apuntesdesanluis.com\/"},{"@type":"ListItem","position":2,"name":"\u201cNO AL VOUCHER\u201d: LA FEDERACI\u00d3N UNIVERSITARIA SE MOVILIZ\u00d3 EN RECHAZO A UNA PROPUESTA DE MILEI"}]},{"@type":"WebSite","@id":"https:\/\/apuntesdesanluis.com\/#website","url":"https:\/\/apuntesdesanluis.com\/","name":"Apuntes de San Luis","description":"","publisher":{"@id":"https:\/\/apuntesdesanluis.com\/#\/schema\/person\/b55151d52296fcce64d1a72538a70b90"},"potentialAction":[{"@type":"SearchAction","target":{"@type":"EntryPoint","urlTemplate":"https:\/\/apuntesdesanluis.com\/?s={search_term_string}"},"query-input":{"@type":"PropertyValueSpecification","valueRequired":true,"valueName":"search_term_string"}}],"inLanguage":"es-AR"},{"@type":["Person","Organization"],"@id":"https:\/\/apuntesdesanluis.com\/#\/schema\/person\/b55151d52296fcce64d1a72538a70b90","name":"apuntesdesanluis.com","image":{"@type":"ImageObject","inLanguage":"es-AR","@id":"https:\/\/apuntesdesanluis.com\/#\/schema\/person\/image\/","url":"https:\/\/apuntesdesanluis.com\/wp-content\/uploads\/2023\/07\/cropped-apuntesdesanluis.png","contentUrl":"https:\/\/apuntesdesanluis.com\/wp-content\/uploads\/2023\/07\/cropped-apuntesdesanluis.png","width":450,"height":112,"caption":"apuntesdesanluis.com"},"logo":{"@id":"https:\/\/apuntesdesanluis.com\/#\/schema\/person\/image\/"},"sameAs":["https:\/\/apuntesdesanluis.com"],"url":"https:\/\/apuntesdesanluis.com\/index.php\/author\/apuntesdesanluis-com\/"}]}},"featured_image_urls":{"full":["https:\/\/apuntesdesanluis.com\/wp-content\/uploads\/2023\/11\/federacion.png",600,342,false],"thumbnail":["https:\/\/apuntesdesanluis.com\/wp-content\/uploads\/2023\/11\/federacion-150x150.png",150,150,true],"medium":["https:\/\/apuntesdesanluis.com\/wp-content\/uploads\/2023\/11\/federacion-300x171.png",300,171,true],"medium_large":["https:\/\/apuntesdesanluis.com\/wp-content\/uploads\/2023\/11\/federacion.png",600,342,false],"large":["https:\/\/apuntesdesanluis.com\/wp-content\/uploads\/2023\/11\/federacion.png",600,342,false],"1536x1536":["https:\/\/apuntesdesanluis.com\/wp-content\/uploads\/2023\/11\/federacion.png",600,342,false],"2048x2048":["https:\/\/apuntesdesanluis.com\/wp-content\/uploads\/2023\/11\/federacion.png",600,342,false],"newsever-slider-full":["https:\/\/apuntesdesanluis.com\/wp-content\/uploads\/2023\/11\/federacion.png",600,342,false],"newsever-featured":["https:\/\/apuntesdesanluis.com\/wp-content\/uploads\/2023\/11\/federacion.png",600,342,false],"newsever-medium":["https:\/\/apuntesdesanluis.com\/wp-content\/uploads\/2023\/11\/federacion.png",600,342,false]},"author_info":{"display_name":"apuntesdesanluis.com","author_link":"https:\/\/apuntesdesanluis.com\/index.php\/author\/apuntesdesanluis-com\/"},"category_info":"<a href=\"https:\/\/apuntesdesanluis.com\/index.php\/category\/nacionales-internacionales\/\" rel=\"category tag\">Nacionales\/Internacionales<\/a>","tag_info":"Nacionales\/Internacionales","comment_count":"0","_links":{"self":[{"href":"https:\/\/apuntesdesanluis.com\/index.php\/wp-json\/wp\/v2\/posts\/6610","targetHints":{"allow":["GET"]}}],"collection":[{"href":"https:\/\/apuntesdesanluis.com\/index.php\/wp-json\/wp\/v2\/posts"}],"about":[{"href":"https:\/\/apuntesdesanluis.com\/index.php\/wp-json\/wp\/v2\/types\/post"}],"author":[{"embeddable":true,"href":"https:\/\/apuntesdesanluis.com\/index.php\/wp-json\/wp\/v2\/users\/1"}],"replies":[{"embeddable":true,"href":"https:\/\/apuntesdesanluis.com\/index.php\/wp-json\/wp\/v2\/comments?post=6610"}],"version-history":[{"count":1,"href":"https:\/\/apuntesdesanluis.com\/index.php\/wp-json\/wp\/v2\/posts\/6610\/revisions"}],"predecessor-version":[{"id":6612,"href":"https:\/\/apuntesdesanluis.com\/index.php\/wp-json\/wp\/v2\/posts\/6610\/revisions\/6612"}],"wp:featuredmedia":[{"embeddable":true,"href":"https:\/\/apuntesdesanluis.com\/index.php\/wp-json\/wp\/v2\/media\/6611"}],"wp:attachment":[{"href":"https:\/\/apuntesdesanluis.com\/index.php\/wp-json\/wp\/v2\/media?parent=6610"}],"wp:term":[{"taxonomy":"category","embeddable":true,"href":"https:\/\/apuntesdesanluis.com\/index.php\/wp-json\/wp\/v2\/categories?post=6610"},{"taxonomy":"post_tag","embeddable":true,"href":"https:\/\/apuntesdesanluis.com\/index.php\/wp-json\/wp\/v2\/tags?post=6610"}],"curies":[{"name":"wp","href":"https:\/\/api.w.org\/{rel}","templated":true}]}}