{"id":6613,"date":"2023-11-10T00:39:04","date_gmt":"2023-11-10T03:39:04","guid":{"rendered":"https:\/\/apuntesdesanluis.com\/?p=6613"},"modified":"2023-11-10T00:39:04","modified_gmt":"2023-11-10T03:39:04","slug":"milei-en-mendoza-vayan-y-fiscalicen-porque-los-votos-estan-y-podemos-ganar","status":"publish","type":"post","link":"https:\/\/apuntesdesanluis.com\/index.php\/2023\/11\/10\/milei-en-mendoza-vayan-y-fiscalicen-porque-los-votos-estan-y-podemos-ganar\/","title":{"rendered":"MILEI, EN MENDOZA: &#8220;VAYAN Y FISCALICEN PORQUE LOS VOTOS EST\u00c1N Y PODEMOS GANAR&#8221;"},"content":{"rendered":"<h3>El candidato presidencial de La Libertad Avanza (LLA), <strong>Javier Milei<\/strong>, alent\u00f3 a su militancia a que se comprometa con la fiscalizaci\u00f3n durante un acto que realiz\u00f3 en la ciudad de Mendoza: &#8220;Vayan y fiscalicen porque los votos est\u00e1n y podemos ganar&#8221;, les dijo.<\/h3>\n<h3>El libertario encabez\u00f3 esta tarde un acto antes cientos de simpatizantes de LLA que lo acompa\u00f1aron en la Plaza Independencia, en la capital mendocina. Milei se subi\u00f3 al escenario pocos minutos antes de las 19 horas ante un marco colmado y tras realizar una breve caravana.<\/h3>\n<h3>&#8220;Gracias a todos los que se han convocado en el d\u00eda de hoy ac\u00e1\u00a0 con la importancia hist\u00f3rica que tiene Mendoza en la gesta libertadora de nuestros padres de la patria, el general Jos\u00e9 de San Mart\u00edn&#8221;, inici\u00f3 el economista. Mendoza fue una de las provincias en las que mejor rendimiento obtuvo.<\/h3>\n<h3>En esa l\u00ednea, el diputado continu\u00f3 en referencia al aniversario de la ca\u00edda del Muro de Berl\u00edn: &#8220;Mendoza es un lugar especial para nosotros por la libertad, sino que tambi\u00e9n es un lugar especial para nosotros porque el d\u00eda de hoy se encuentran 34 a\u00f1os de la ca\u00edda del &#8216;muro de la verg\u00fcenza&#8217;, el d\u00eda que se cay\u00f3 el socialismo y que gan\u00f3 el capitalismo&#8221;.<\/h3>\n<h3>Luego de la introducci\u00f3n, Milei, que estuvo acompa\u00f1ado por la ex candidata a la Gobernaci\u00f3n de Buenos Aires de LLA, Carolina P\u00edparo, y Sandra Pettovello, asesora y eventual ministra de Capital Humano, repas\u00f3 los habituales puntos a los que recurre en sus actos.<\/h3>\n<h3>Entre ellos, recitar el concepto de liberalismo de Alberto Benegas Lynch (h) y rememorar la Argentina de la segunda mitad del XIX: &#8220;Este modelo empezamos a aplicarlo a partir de 1860 y, en 35 a\u00f1os, pasamos de de ser un pa\u00eds de pa\u00eds de b\u00e1rbaros y nos convertimos en la primer potencia mundial&#8221;.<\/h3>\n<h3>De cara al balotaje del pr\u00f3ximo 19 de noviembre en el que se enfrentar\u00e1 a Sergio Massa, de Uni\u00f3n por la Patria, indic\u00f3: &#8220;Cerca del 60% de los argentinos dijeron que quieren abrazar las ideas de la libertad, que quieren un cambio de libertad y que quieren una Argentina libre&#8221;.<\/h3>\n<h3>&#8220;Por lo tanto, quiero que sepan que no podemos esperar resultados distintos si seguimos haciendo siempre lo mismo. Una Argentina distinta es imposible con lo mismo de siempre. Por eso, quiero que tengan conciencia. Tenemos los votos, podemos ganar. Hay que ir, vayan y fiscalicen porque los votos est\u00e1n y podemos ganar&#8221;.<\/h3>\n<h3>Al t\u00e9rmino de esa frase, la militancia libertario comenz\u00f3 a vitorear el cl\u00e1sico &#8220;s\u00ed, se puede&#8221; que esboz\u00f3 el macrismo durante la elecciones generales del a\u00f1o 2019.<\/h3>\n<h3>Antes de partir hacia Mendoza, Milei cant\u00f3 y bail\u00f3 en el Aeroparque Jorge Newbery. Esta tarde fue su \u00faltima aparici\u00f3n de campa\u00f1a de la semana antes del debate del pr\u00f3ximo domingo.<\/h3>\n<h3>El cl\u00e1sico que enton\u00f3 Milei y su equipo fue &#8220;Prov\u00f3came&#8221;, de Chayanne, que fue reversionado en el programa Tres Estrellas, del canal de streaming Gelatina. &#8220;Prender fuego el Banco Central, la econom\u00eda liberal. Votalo en agosto, votalo en noviembre&#8230; Porque estoy harto de Per\u00f3n. Vot\u00e1 a Milei, ya fue, vot\u00e1 a Milei&#8221;, enton\u00f3 el libertario y su equipo.<\/h3>\n<h3>Mientras tanto, en el Hotel Libertador de la ciudad de Buenos Aires, su equipo de campa\u00f1a, encabezado por su hermana, Karina Milei, se congreg\u00f3 para afinar detalles de cara a la fiscalizaci\u00f3n que compartir\u00e1n con el ala dura del PRO, tras el apoyo de Mauricio Macri y Patricia Bullrich.<\/h3>\n","protected":false},"excerpt":{"rendered":"<p>El candidato presidencial de La Libertad Avanza (LLA), Javier Milei, alent\u00f3 a su militancia a&#8230;<\/p>\n","protected":false},"author":1,"featured_media":6614,"comment_status":"closed","ping_status":"closed","sticky":false,"template":"","format":"standard","meta":{"footnotes":""},"categories":[5],"tags":[],"class_list":["post-6613","post","type-post","status-publish","format-standard","has-post-thumbnail","hentry","category-nacionales-internacionales"],"yoast_head":"<!-- This site is optimized with the Yoast SEO plugin v26.1.1 - https:\/\/yoast.com\/wordpress\/plugins\/seo\/ -->\n<title>MILEI, EN MENDOZA: &quot;VAYAN Y FISCALICEN PORQUE LOS VOTOS EST\u00c1N Y PODEMOS GANAR&quot; - Apuntes de San Luis<\/title>\n<meta name=\"robots\" content=\"index, follow, max-snippet:-1, max-image-preview:large, max-video-preview:-1\" \/>\n<link rel=\"canonical\" href=\"https:\/\/apuntesdesanluis.com\/index.php\/2023\/11\/10\/milei-en-mendoza-vayan-y-fiscalicen-porque-los-votos-estan-y-podemos-ganar\/\" \/>\n<meta property=\"og:locale\" content=\"es_ES\" \/>\n<meta property=\"og:type\" content=\"article\" \/>\n<meta property=\"og:title\" content=\"MILEI, EN MENDOZA: &quot;VAYAN Y FISCALICEN PORQUE LOS VOTOS EST\u00c1N Y PODEMOS GANAR&quot; - Apuntes de San Luis\" \/>\n<meta property=\"og:description\" content=\"El candidato presidencial de La Libertad Avanza (LLA), Javier Milei, alent\u00f3 a su militancia a...\" \/>\n<meta property=\"og:url\" content=\"https:\/\/apuntesdesanluis.com\/index.php\/2023\/11\/10\/milei-en-mendoza-vayan-y-fiscalicen-porque-los-votos-estan-y-podemos-ganar\/\" \/>\n<meta property=\"og:site_name\" content=\"Apuntes de San Luis\" \/>\n<meta property=\"article:published_time\" content=\"2023-11-10T03:39:04+00:00\" \/>\n<meta property=\"og:image\" content=\"https:\/\/apuntesdesanluis.com\/wp-content\/uploads\/2023\/11\/milei-2.png\" \/>\n\t<meta property=\"og:image:width\" content=\"600\" \/>\n\t<meta property=\"og:image:height\" content=\"373\" \/>\n\t<meta property=\"og:image:type\" content=\"image\/png\" \/>\n<meta name=\"author\" content=\"apuntesdesanluis.com\" \/>\n<meta name=\"twitter:card\" content=\"summary_large_image\" \/>\n<meta name=\"twitter:label1\" content=\"Escrito por\" \/>\n\t<meta name=\"twitter:data1\" content=\"apuntesdesanluis.com\" \/>\n\t<meta name=\"twitter:label2\" content=\"Tiempo de lectura\" \/>\n\t<meta name=\"twitter:data2\" content=\"3 minutos\" \/>\n<script type=\"application\/ld+json\" class=\"yoast-schema-graph\">{\"@context\":\"https:\/\/schema.org\",\"@graph\":[{\"@type\":\"Article\",\"@id\":\"https:\/\/apuntesdesanluis.com\/index.php\/2023\/11\/10\/milei-en-mendoza-vayan-y-fiscalicen-porque-los-votos-estan-y-podemos-ganar\/#article\",\"isPartOf\":{\"@id\":\"https:\/\/apuntesdesanluis.com\/index.php\/2023\/11\/10\/milei-en-mendoza-vayan-y-fiscalicen-porque-los-votos-estan-y-podemos-ganar\/\"},\"author\":{\"name\":\"apuntesdesanluis.com\",\"@id\":\"https:\/\/apuntesdesanluis.com\/#\/schema\/person\/b55151d52296fcce64d1a72538a70b90\"},\"headline\":\"MILEI, EN MENDOZA: &#8220;VAYAN Y FISCALICEN PORQUE LOS VOTOS EST\u00c1N Y PODEMOS GANAR&#8221;\",\"datePublished\":\"2023-11-10T03:39:04+00:00\",\"mainEntityOfPage\":{\"@id\":\"https:\/\/apuntesdesanluis.com\/index.php\/2023\/11\/10\/milei-en-mendoza-vayan-y-fiscalicen-porque-los-votos-estan-y-podemos-ganar\/\"},\"wordCount\":615,\"publisher\":{\"@id\":\"https:\/\/apuntesdesanluis.com\/#\/schema\/person\/b55151d52296fcce64d1a72538a70b90\"},\"image\":{\"@id\":\"https:\/\/apuntesdesanluis.com\/index.php\/2023\/11\/10\/milei-en-mendoza-vayan-y-fiscalicen-porque-los-votos-estan-y-podemos-ganar\/#primaryimage\"},\"thumbnailUrl\":\"https:\/\/apuntesdesanluis.com\/wp-content\/uploads\/2023\/11\/milei-2.png\",\"articleSection\":[\"Nacionales\/Internacionales\"],\"inLanguage\":\"es-AR\"},{\"@type\":\"WebPage\",\"@id\":\"https:\/\/apuntesdesanluis.com\/index.php\/2023\/11\/10\/milei-en-mendoza-vayan-y-fiscalicen-porque-los-votos-estan-y-podemos-ganar\/\",\"url\":\"https:\/\/apuntesdesanluis.com\/index.php\/2023\/11\/10\/milei-en-mendoza-vayan-y-fiscalicen-porque-los-votos-estan-y-podemos-ganar\/\",\"name\":\"MILEI, EN MENDOZA: \\\"VAYAN Y FISCALICEN PORQUE LOS VOTOS EST\u00c1N Y PODEMOS GANAR\\\" - Apuntes de San Luis\",\"isPartOf\":{\"@id\":\"https:\/\/apuntesdesanluis.com\/#website\"},\"primaryImageOfPage\":{\"@id\":\"https:\/\/apuntesdesanluis.com\/index.php\/2023\/11\/10\/milei-en-mendoza-vayan-y-fiscalicen-porque-los-votos-estan-y-podemos-ganar\/#primaryimage\"},\"image\":{\"@id\":\"https:\/\/apuntesdesanluis.com\/index.php\/2023\/11\/10\/milei-en-mendoza-vayan-y-fiscalicen-porque-los-votos-estan-y-podemos-ganar\/#primaryimage\"},\"thumbnailUrl\":\"https:\/\/apuntesdesanluis.com\/wp-content\/uploads\/2023\/11\/milei-2.png\",\"datePublished\":\"2023-11-10T03:39:04+00:00\",\"breadcrumb\":{\"@id\":\"https:\/\/apuntesdesanluis.com\/index.php\/2023\/11\/10\/milei-en-mendoza-vayan-y-fiscalicen-porque-los-votos-estan-y-podemos-ganar\/#breadcrumb\"},\"inLanguage\":\"es-AR\",\"potentialAction\":[{\"@type\":\"ReadAction\",\"target\":[\"https:\/\/apuntesdesanluis.com\/index.php\/2023\/11\/10\/milei-en-mendoza-vayan-y-fiscalicen-porque-los-votos-estan-y-podemos-ganar\/\"]}]},{\"@type\":\"ImageObject\",\"inLanguage\":\"es-AR\",\"@id\":\"https:\/\/apuntesdesanluis.com\/index.php\/2023\/11\/10\/milei-en-mendoza-vayan-y-fiscalicen-porque-los-votos-estan-y-podemos-ganar\/#primaryimage\",\"url\":\"https:\/\/apuntesdesanluis.com\/wp-content\/uploads\/2023\/11\/milei-2.png\",\"contentUrl\":\"https:\/\/apuntesdesanluis.com\/wp-content\/uploads\/2023\/11\/milei-2.png\",\"width\":600,\"height\":373},{\"@type\":\"BreadcrumbList\",\"@id\":\"https:\/\/apuntesdesanluis.com\/index.php\/2023\/11\/10\/milei-en-mendoza-vayan-y-fiscalicen-porque-los-votos-estan-y-podemos-ganar\/#breadcrumb\",\"itemListElement\":[{\"@type\":\"ListItem\",\"position\":1,\"name\":\"Inicio\",\"item\":\"https:\/\/apuntesdesanluis.com\/\"},{\"@type\":\"ListItem\",\"position\":2,\"name\":\"MILEI, EN MENDOZA: &#8220;VAYAN Y FISCALICEN PORQUE LOS VOTOS EST\u00c1N Y PODEMOS GANAR&#8221;\"}]},{\"@type\":\"WebSite\",\"@id\":\"https:\/\/apuntesdesanluis.com\/#website\",\"url\":\"https:\/\/apuntesdesanluis.com\/\",\"name\":\"Apuntes de San Luis\",\"description\":\"\",\"publisher\":{\"@id\":\"https:\/\/apuntesdesanluis.com\/#\/schema\/person\/b55151d52296fcce64d1a72538a70b90\"},\"potentialAction\":[{\"@type\":\"SearchAction\",\"target\":{\"@type\":\"EntryPoint\",\"urlTemplate\":\"https:\/\/apuntesdesanluis.com\/?s={search_term_string}\"},\"query-input\":{\"@type\":\"PropertyValueSpecification\",\"valueRequired\":true,\"valueName\":\"search_term_string\"}}],\"inLanguage\":\"es-AR\"},{\"@type\":[\"Person\",\"Organization\"],\"@id\":\"https:\/\/apuntesdesanluis.com\/#\/schema\/person\/b55151d52296fcce64d1a72538a70b90\",\"name\":\"apuntesdesanluis.com\",\"image\":{\"@type\":\"ImageObject\",\"inLanguage\":\"es-AR\",\"@id\":\"https:\/\/apuntesdesanluis.com\/#\/schema\/person\/image\/\",\"url\":\"https:\/\/apuntesdesanluis.com\/wp-content\/uploads\/2023\/07\/cropped-apuntesdesanluis.png\",\"contentUrl\":\"https:\/\/apuntesdesanluis.com\/wp-content\/uploads\/2023\/07\/cropped-apuntesdesanluis.png\",\"width\":450,\"height\":112,\"caption\":\"apuntesdesanluis.com\"},\"logo\":{\"@id\":\"https:\/\/apuntesdesanluis.com\/#\/schema\/person\/image\/\"},\"sameAs\":[\"https:\/\/apuntesdesanluis.com\"],\"url\":\"https:\/\/apuntesdesanluis.com\/index.php\/author\/apuntesdesanluis-com\/\"}]}<\/script>\n<!-- \/ Yoast SEO plugin. -->","yoast_head_json":{"title":"MILEI, EN MENDOZA: \"VAYAN Y FISCALICEN PORQUE LOS VOTOS EST\u00c1N Y PODEMOS GANAR\" - Apuntes de San Luis","robots":{"index":"index","follow":"follow","max-snippet":"max-snippet:-1","max-image-preview":"max-image-preview:large","max-video-preview":"max-video-preview:-1"},"canonical":"https:\/\/apuntesdesanluis.com\/index.php\/2023\/11\/10\/milei-en-mendoza-vayan-y-fiscalicen-porque-los-votos-estan-y-podemos-ganar\/","og_locale":"es_ES","og_type":"article","og_title":"MILEI, EN MENDOZA: \"VAYAN Y FISCALICEN PORQUE LOS VOTOS EST\u00c1N Y PODEMOS GANAR\" - Apuntes de San Luis","og_description":"El candidato presidencial de La Libertad Avanza (LLA), Javier Milei, alent\u00f3 a su militancia a...","og_url":"https:\/\/apuntesdesanluis.com\/index.php\/2023\/11\/10\/milei-en-mendoza-vayan-y-fiscalicen-porque-los-votos-estan-y-podemos-ganar\/","og_site_name":"Apuntes de San Luis","article_published_time":"2023-11-10T03:39:04+00:00","og_image":[{"width":600,"height":373,"url":"https:\/\/apuntesdesanluis.com\/wp-content\/uploads\/2023\/11\/milei-2.png","type":"image\/png"}],"author":"apuntesdesanluis.com","twitter_card":"summary_large_image","twitter_misc":{"Escrito por":"apuntesdesanluis.com","Tiempo de lectura":"3 minutos"},"schema":{"@context":"https:\/\/schema.org","@graph":[{"@type":"Article","@id":"https:\/\/apuntesdesanluis.com\/index.php\/2023\/11\/10\/milei-en-mendoza-vayan-y-fiscalicen-porque-los-votos-estan-y-podemos-ganar\/#article","isPartOf":{"@id":"https:\/\/apuntesdesanluis.com\/index.php\/2023\/11\/10\/milei-en-mendoza-vayan-y-fiscalicen-porque-los-votos-estan-y-podemos-ganar\/"},"author":{"name":"apuntesdesanluis.com","@id":"https:\/\/apuntesdesanluis.com\/#\/schema\/person\/b55151d52296fcce64d1a72538a70b90"},"headline":"MILEI, EN MENDOZA: &#8220;VAYAN Y FISCALICEN PORQUE LOS VOTOS EST\u00c1N Y PODEMOS GANAR&#8221;","datePublished":"2023-11-10T03:39:04+00:00","mainEntityOfPage":{"@id":"https:\/\/apuntesdesanluis.com\/index.php\/2023\/11\/10\/milei-en-mendoza-vayan-y-fiscalicen-porque-los-votos-estan-y-podemos-ganar\/"},"wordCount":615,"publisher":{"@id":"https:\/\/apuntesdesanluis.com\/#\/schema\/person\/b55151d52296fcce64d1a72538a70b90"},"image":{"@id":"https:\/\/apuntesdesanluis.com\/index.php\/2023\/11\/10\/milei-en-mendoza-vayan-y-fiscalicen-porque-los-votos-estan-y-podemos-ganar\/#primaryimage"},"thumbnailUrl":"https:\/\/apuntesdesanluis.com\/wp-content\/uploads\/2023\/11\/milei-2.png","articleSection":["Nacionales\/Internacionales"],"inLanguage":"es-AR"},{"@type":"WebPage","@id":"https:\/\/apuntesdesanluis.com\/index.php\/2023\/11\/10\/milei-en-mendoza-vayan-y-fiscalicen-porque-los-votos-estan-y-podemos-ganar\/","url":"https:\/\/apuntesdesanluis.com\/index.php\/2023\/11\/10\/milei-en-mendoza-vayan-y-fiscalicen-porque-los-votos-estan-y-podemos-ganar\/","name":"MILEI, EN MENDOZA: \"VAYAN Y FISCALICEN PORQUE LOS VOTOS EST\u00c1N Y PODEMOS GANAR\" - Apuntes de San Luis","isPartOf":{"@id":"https:\/\/apuntesdesanluis.com\/#website"},"primaryImageOfPage":{"@id":"https:\/\/apuntesdesanluis.com\/index.php\/2023\/11\/10\/milei-en-mendoza-vayan-y-fiscalicen-porque-los-votos-estan-y-podemos-ganar\/#primaryimage"},"image":{"@id":"https:\/\/apuntesdesanluis.com\/index.php\/2023\/11\/10\/milei-en-mendoza-vayan-y-fiscalicen-porque-los-votos-estan-y-podemos-ganar\/#primaryimage"},"thumbnailUrl":"https:\/\/apuntesdesanluis.com\/wp-content\/uploads\/2023\/11\/milei-2.png","datePublished":"2023-11-10T03:39:04+00:00","breadcrumb":{"@id":"https:\/\/apuntesdesanluis.com\/index.php\/2023\/11\/10\/milei-en-mendoza-vayan-y-fiscalicen-porque-los-votos-estan-y-podemos-ganar\/#breadcrumb"},"inLanguage":"es-AR","potentialAction":[{"@type":"ReadAction","target":["https:\/\/apuntesdesanluis.com\/index.php\/2023\/11\/10\/milei-en-mendoza-vayan-y-fiscalicen-porque-los-votos-estan-y-podemos-ganar\/"]}]},{"@type":"ImageObject","inLanguage":"es-AR","@id":"https:\/\/apuntesdesanluis.com\/index.php\/2023\/11\/10\/milei-en-mendoza-vayan-y-fiscalicen-porque-los-votos-estan-y-podemos-ganar\/#primaryimage","url":"https:\/\/apuntesdesanluis.com\/wp-content\/uploads\/2023\/11\/milei-2.png","contentUrl":"https:\/\/apuntesdesanluis.com\/wp-content\/uploads\/2023\/11\/milei-2.png","width":600,"height":373},{"@type":"BreadcrumbList","@id":"https:\/\/apuntesdesanluis.com\/index.php\/2023\/11\/10\/milei-en-mendoza-vayan-y-fiscalicen-porque-los-votos-estan-y-podemos-ganar\/#breadcrumb","itemListElement":[{"@type":"ListItem","position":1,"name":"Inicio","item":"https:\/\/apuntesdesanluis.com\/"},{"@type":"ListItem","position":2,"name":"MILEI, EN MENDOZA: &#8220;VAYAN Y FISCALICEN PORQUE LOS VOTOS EST\u00c1N Y PODEMOS GANAR&#8221;"}]},{"@type":"WebSite","@id":"https:\/\/apuntesdesanluis.com\/#website","url":"https:\/\/apuntesdesanluis.com\/","name":"Apuntes de San Luis","description":"","publisher":{"@id":"https:\/\/apuntesdesanluis.com\/#\/schema\/person\/b55151d52296fcce64d1a72538a70b90"},"potentialAction":[{"@type":"SearchAction","target":{"@type":"EntryPoint","urlTemplate":"https:\/\/apuntesdesanluis.com\/?s={search_term_string}"},"query-input":{"@type":"PropertyValueSpecification","valueRequired":true,"valueName":"search_term_string"}}],"inLanguage":"es-AR"},{"@type":["Person","Organization"],"@id":"https:\/\/apuntesdesanluis.com\/#\/schema\/person\/b55151d52296fcce64d1a72538a70b90","name":"apuntesdesanluis.com","image":{"@type":"ImageObject","inLanguage":"es-AR","@id":"https:\/\/apuntesdesanluis.com\/#\/schema\/person\/image\/","url":"https:\/\/apuntesdesanluis.com\/wp-content\/uploads\/2023\/07\/cropped-apuntesdesanluis.png","contentUrl":"https:\/\/apuntesdesanluis.com\/wp-content\/uploads\/2023\/07\/cropped-apuntesdesanluis.png","width":450,"height":112,"caption":"apuntesdesanluis.com"},"logo":{"@id":"https:\/\/apuntesdesanluis.com\/#\/schema\/person\/image\/"},"sameAs":["https:\/\/apuntesdesanluis.com"],"url":"https:\/\/apuntesdesanluis.com\/index.php\/author\/apuntesdesanluis-com\/"}]}},"featured_image_urls":{"full":["https:\/\/apuntesdesanluis.com\/wp-content\/uploads\/2023\/11\/milei-2.png",600,373,false],"thumbnail":["https:\/\/apuntesdesanluis.com\/wp-content\/uploads\/2023\/11\/milei-2-150x150.png",150,150,true],"medium":["https:\/\/apuntesdesanluis.com\/wp-content\/uploads\/2023\/11\/milei-2-300x187.png",300,187,true],"medium_large":["https:\/\/apuntesdesanluis.com\/wp-content\/uploads\/2023\/11\/milei-2.png",600,373,false],"large":["https:\/\/apuntesdesanluis.com\/wp-content\/uploads\/2023\/11\/milei-2.png",600,373,false],"1536x1536":["https:\/\/apuntesdesanluis.com\/wp-content\/uploads\/2023\/11\/milei-2.png",600,373,false],"2048x2048":["https:\/\/apuntesdesanluis.com\/wp-content\/uploads\/2023\/11\/milei-2.png",600,373,false],"newsever-slider-full":["https:\/\/apuntesdesanluis.com\/wp-content\/uploads\/2023\/11\/milei-2.png",600,373,false],"newsever-featured":["https:\/\/apuntesdesanluis.com\/wp-content\/uploads\/2023\/11\/milei-2.png",600,373,false],"newsever-medium":["https:\/\/apuntesdesanluis.com\/wp-content\/uploads\/2023\/11\/milei-2.png",600,373,false]},"author_info":{"display_name":"apuntesdesanluis.com","author_link":"https:\/\/apuntesdesanluis.com\/index.php\/author\/apuntesdesanluis-com\/"},"category_info":"<a href=\"https:\/\/apuntesdesanluis.com\/index.php\/category\/nacionales-internacionales\/\" rel=\"category tag\">Nacionales\/Internacionales<\/a>","tag_info":"Nacionales\/Internacionales","comment_count":"0","_links":{"self":[{"href":"https:\/\/apuntesdesanluis.com\/index.php\/wp-json\/wp\/v2\/posts\/6613","targetHints":{"allow":["GET"]}}],"collection":[{"href":"https:\/\/apuntesdesanluis.com\/index.php\/wp-json\/wp\/v2\/posts"}],"about":[{"href":"https:\/\/apuntesdesanluis.com\/index.php\/wp-json\/wp\/v2\/types\/post"}],"author":[{"embeddable":true,"href":"https:\/\/apuntesdesanluis.com\/index.php\/wp-json\/wp\/v2\/users\/1"}],"replies":[{"embeddable":true,"href":"https:\/\/apuntesdesanluis.com\/index.php\/wp-json\/wp\/v2\/comments?post=6613"}],"version-history":[{"count":1,"href":"https:\/\/apuntesdesanluis.com\/index.php\/wp-json\/wp\/v2\/posts\/6613\/revisions"}],"predecessor-version":[{"id":6615,"href":"https:\/\/apuntesdesanluis.com\/index.php\/wp-json\/wp\/v2\/posts\/6613\/revisions\/6615"}],"wp:featuredmedia":[{"embeddable":true,"href":"https:\/\/apuntesdesanluis.com\/index.php\/wp-json\/wp\/v2\/media\/6614"}],"wp:attachment":[{"href":"https:\/\/apuntesdesanluis.com\/index.php\/wp-json\/wp\/v2\/media?parent=6613"}],"wp:term":[{"taxonomy":"category","embeddable":true,"href":"https:\/\/apuntesdesanluis.com\/index.php\/wp-json\/wp\/v2\/categories?post=6613"},{"taxonomy":"post_tag","embeddable":true,"href":"https:\/\/apuntesdesanluis.com\/index.php\/wp-json\/wp\/v2\/tags?post=6613"}],"curies":[{"name":"wp","href":"https:\/\/api.w.org\/{rel}","templated":true}]}}