{"id":6624,"date":"2023-11-10T01:03:27","date_gmt":"2023-11-10T04:03:27","guid":{"rendered":"https:\/\/apuntesdesanluis.com\/?p=6624"},"modified":"2023-11-10T01:03:27","modified_gmt":"2023-11-10T04:03:27","slug":"viaje-al-sur-diario-de-guerra-de-un-soldado-fue-presentado-en-el-concejo-deliberante","status":"publish","type":"post","link":"https:\/\/apuntesdesanluis.com\/index.php\/2023\/11\/10\/viaje-al-sur-diario-de-guerra-de-un-soldado-fue-presentado-en-el-concejo-deliberante\/","title":{"rendered":"\u201cVIAJE AL SUR, DIARIO DE GUERRA DE UN SOLDADO\u201d, FUE PRESENTADO EN EL CONCEJO DELIBERANTE"},"content":{"rendered":"<h3>Este jueves en el recinto del Concejo Deliberante de Villa Mercedes, el Veterano de Guerra <strong>Oscar Elvio Perroud<\/strong> realiz\u00f3 la presentaci\u00f3n de su libro &#8220;Un viaje al Sur, Diario de Guerra de un Soldado en Santa Cruz\u201d, obra escrita en autor\u00eda con Enrique Rafael Momigliano.<\/h3>\n<h3>Previ\u00f3 a la presentaci\u00f3n del Libro, Perroud comparti\u00f3 un desayuno con la Presidenta y Vicepresidenta Provisional Lucia Lacerda Traversi y Lucrecia Soria, como as\u00ed tambi\u00e9n la Concejal Cecilia Lucero y los Concejales Roberto Mones Ruiz, Marcelo Periale, Jorge Rosales, Hugo Rossi y Luis Zapata.<\/h3>\n<p><img fetchpriority=\"high\" decoding=\"async\" class=\"wp-image-6626 aligncenter\" src=\"https:\/\/apuntesdesanluis.com\/wp-content\/uploads\/2023\/11\/foco-300x186.png\" alt=\"\" width=\"708\" height=\"439\" srcset=\"https:\/\/apuntesdesanluis.com\/wp-content\/uploads\/2023\/11\/foco-300x186.png 300w, https:\/\/apuntesdesanluis.com\/wp-content\/uploads\/2023\/11\/foco.png 573w\" sizes=\"(max-width: 708px) 100vw, 708px\" \/><\/p>\n<h3>Seguidamente en el recinto, el veterano entrerriano brind\u00f3 detalles bajo la atenta mirada de autoridades del HCD, Veteranos de Guerra, medios de comunicaci\u00f3n como as\u00ed tambi\u00e9n estudiantes del Instituto Nacional de Inform\u00e1tica (I.N.D.I).<\/h3>\n<h3>\u00a0El libro est\u00e1 enmarcado en una vieja y pionera libreta clandestina, escrita por aquel entonces joven soldado bajo bandera llamado a defender la patria y que a escondidas de sus jefes, fue relatando diariamente cada secuencia desarrollada en esa temible contienda militar.<\/h3>\n<h3>Con la narraci\u00f3n realizada por el ex combatiente logr\u00f3 cautivar el inter\u00e9s de los presentes con interesantes an\u00e9cdotas cargadas de una profunda emoci\u00f3n, por los acontecimientos vividos en el conflicto b\u00e9lico de 1982.<\/h3>\n<p><img decoding=\"async\" class=\"wp-image-6627 aligncenter\" src=\"https:\/\/apuntesdesanluis.com\/wp-content\/uploads\/2023\/11\/concejales-300x179.png\" alt=\"\" width=\"707\" height=\"422\" srcset=\"https:\/\/apuntesdesanluis.com\/wp-content\/uploads\/2023\/11\/concejales-300x179.png 300w, https:\/\/apuntesdesanluis.com\/wp-content\/uploads\/2023\/11\/concejales.png 530w\" sizes=\"(max-width: 707px) 100vw, 707px\" \/><\/p>\n<h3>La obra\u00a0 es un documento hist\u00f3rico sobre la Guerra de Malvinas, donde hace \u00e9nfasis en aquellos combatientes que perdieron\u00a0 la vida, pero tambi\u00e9n otros soldados que fueron movilizados al Sur y que hoy luchan por conseguir el merecido reconocimiento por parte del Estado.<\/h3>\n<p>&nbsp;<\/p>\n<p>&nbsp;<\/p>\n<p>&nbsp;<\/p>\n<p>&nbsp;<\/p>\n","protected":false},"excerpt":{"rendered":"<p>Este jueves en el recinto del Concejo Deliberante de Villa Mercedes, el Veterano de Guerra&#8230;<\/p>\n","protected":false},"author":1,"featured_media":6625,"comment_status":"closed","ping_status":"closed","sticky":false,"template":"","format":"standard","meta":{"footnotes":""},"categories":[6],"tags":[],"class_list":["post-6624","post","type-post","status-publish","format-standard","has-post-thumbnail","hentry","category-ciudad-provincia"],"yoast_head":"<!-- This site is optimized with the Yoast SEO plugin v26.1.1 - https:\/\/yoast.com\/wordpress\/plugins\/seo\/ -->\n<title>\u201cVIAJE AL SUR, DIARIO DE GUERRA DE UN SOLDADO\u201d, FUE PRESENTADO EN EL CONCEJO DELIBERANTE - Apuntes de San Luis<\/title>\n<meta name=\"robots\" content=\"index, follow, max-snippet:-1, max-image-preview:large, max-video-preview:-1\" \/>\n<link rel=\"canonical\" href=\"https:\/\/apuntesdesanluis.com\/index.php\/2023\/11\/10\/viaje-al-sur-diario-de-guerra-de-un-soldado-fue-presentado-en-el-concejo-deliberante\/\" \/>\n<meta property=\"og:locale\" content=\"es_ES\" \/>\n<meta property=\"og:type\" content=\"article\" \/>\n<meta property=\"og:title\" content=\"\u201cVIAJE AL SUR, DIARIO DE GUERRA DE UN SOLDADO\u201d, FUE PRESENTADO EN EL CONCEJO DELIBERANTE - Apuntes de San Luis\" \/>\n<meta property=\"og:description\" content=\"Este jueves en el recinto del Concejo Deliberante de Villa Mercedes, el Veterano de Guerra...\" \/>\n<meta property=\"og:url\" content=\"https:\/\/apuntesdesanluis.com\/index.php\/2023\/11\/10\/viaje-al-sur-diario-de-guerra-de-un-soldado-fue-presentado-en-el-concejo-deliberante\/\" \/>\n<meta property=\"og:site_name\" content=\"Apuntes de San Luis\" \/>\n<meta property=\"article:published_time\" content=\"2023-11-10T04:03:27+00:00\" \/>\n<meta property=\"og:image\" content=\"https:\/\/apuntesdesanluis.com\/wp-content\/uploads\/2023\/11\/presentacion-libro.png\" \/>\n\t<meta property=\"og:image:width\" content=\"548\" \/>\n\t<meta property=\"og:image:height\" content=\"303\" \/>\n\t<meta property=\"og:image:type\" content=\"image\/png\" \/>\n<meta name=\"author\" content=\"apuntesdesanluis.com\" \/>\n<meta name=\"twitter:card\" content=\"summary_large_image\" \/>\n<meta name=\"twitter:label1\" content=\"Escrito por\" \/>\n\t<meta name=\"twitter:data1\" content=\"apuntesdesanluis.com\" \/>\n\t<meta name=\"twitter:label2\" content=\"Tiempo de lectura\" \/>\n\t<meta name=\"twitter:data2\" content=\"2 minutos\" \/>\n<script type=\"application\/ld+json\" class=\"yoast-schema-graph\">{\"@context\":\"https:\/\/schema.org\",\"@graph\":[{\"@type\":\"Article\",\"@id\":\"https:\/\/apuntesdesanluis.com\/index.php\/2023\/11\/10\/viaje-al-sur-diario-de-guerra-de-un-soldado-fue-presentado-en-el-concejo-deliberante\/#article\",\"isPartOf\":{\"@id\":\"https:\/\/apuntesdesanluis.com\/index.php\/2023\/11\/10\/viaje-al-sur-diario-de-guerra-de-un-soldado-fue-presentado-en-el-concejo-deliberante\/\"},\"author\":{\"name\":\"apuntesdesanluis.com\",\"@id\":\"https:\/\/apuntesdesanluis.com\/#\/schema\/person\/b55151d52296fcce64d1a72538a70b90\"},\"headline\":\"\u201cVIAJE AL SUR, DIARIO DE GUERRA DE UN SOLDADO\u201d, FUE PRESENTADO EN EL CONCEJO DELIBERANTE\",\"datePublished\":\"2023-11-10T04:03:27+00:00\",\"mainEntityOfPage\":{\"@id\":\"https:\/\/apuntesdesanluis.com\/index.php\/2023\/11\/10\/viaje-al-sur-diario-de-guerra-de-un-soldado-fue-presentado-en-el-concejo-deliberante\/\"},\"wordCount\":275,\"publisher\":{\"@id\":\"https:\/\/apuntesdesanluis.com\/#\/schema\/person\/b55151d52296fcce64d1a72538a70b90\"},\"image\":{\"@id\":\"https:\/\/apuntesdesanluis.com\/index.php\/2023\/11\/10\/viaje-al-sur-diario-de-guerra-de-un-soldado-fue-presentado-en-el-concejo-deliberante\/#primaryimage\"},\"thumbnailUrl\":\"https:\/\/apuntesdesanluis.com\/wp-content\/uploads\/2023\/11\/presentacion-libro.png\",\"articleSection\":[\"Ciudad\/Provincia\"],\"inLanguage\":\"es-AR\"},{\"@type\":\"WebPage\",\"@id\":\"https:\/\/apuntesdesanluis.com\/index.php\/2023\/11\/10\/viaje-al-sur-diario-de-guerra-de-un-soldado-fue-presentado-en-el-concejo-deliberante\/\",\"url\":\"https:\/\/apuntesdesanluis.com\/index.php\/2023\/11\/10\/viaje-al-sur-diario-de-guerra-de-un-soldado-fue-presentado-en-el-concejo-deliberante\/\",\"name\":\"\u201cVIAJE AL SUR, DIARIO DE GUERRA DE UN SOLDADO\u201d, FUE PRESENTADO EN EL CONCEJO DELIBERANTE - Apuntes de San Luis\",\"isPartOf\":{\"@id\":\"https:\/\/apuntesdesanluis.com\/#website\"},\"primaryImageOfPage\":{\"@id\":\"https:\/\/apuntesdesanluis.com\/index.php\/2023\/11\/10\/viaje-al-sur-diario-de-guerra-de-un-soldado-fue-presentado-en-el-concejo-deliberante\/#primaryimage\"},\"image\":{\"@id\":\"https:\/\/apuntesdesanluis.com\/index.php\/2023\/11\/10\/viaje-al-sur-diario-de-guerra-de-un-soldado-fue-presentado-en-el-concejo-deliberante\/#primaryimage\"},\"thumbnailUrl\":\"https:\/\/apuntesdesanluis.com\/wp-content\/uploads\/2023\/11\/presentacion-libro.png\",\"datePublished\":\"2023-11-10T04:03:27+00:00\",\"breadcrumb\":{\"@id\":\"https:\/\/apuntesdesanluis.com\/index.php\/2023\/11\/10\/viaje-al-sur-diario-de-guerra-de-un-soldado-fue-presentado-en-el-concejo-deliberante\/#breadcrumb\"},\"inLanguage\":\"es-AR\",\"potentialAction\":[{\"@type\":\"ReadAction\",\"target\":[\"https:\/\/apuntesdesanluis.com\/index.php\/2023\/11\/10\/viaje-al-sur-diario-de-guerra-de-un-soldado-fue-presentado-en-el-concejo-deliberante\/\"]}]},{\"@type\":\"ImageObject\",\"inLanguage\":\"es-AR\",\"@id\":\"https:\/\/apuntesdesanluis.com\/index.php\/2023\/11\/10\/viaje-al-sur-diario-de-guerra-de-un-soldado-fue-presentado-en-el-concejo-deliberante\/#primaryimage\",\"url\":\"https:\/\/apuntesdesanluis.com\/wp-content\/uploads\/2023\/11\/presentacion-libro.png\",\"contentUrl\":\"https:\/\/apuntesdesanluis.com\/wp-content\/uploads\/2023\/11\/presentacion-libro.png\",\"width\":548,\"height\":303},{\"@type\":\"BreadcrumbList\",\"@id\":\"https:\/\/apuntesdesanluis.com\/index.php\/2023\/11\/10\/viaje-al-sur-diario-de-guerra-de-un-soldado-fue-presentado-en-el-concejo-deliberante\/#breadcrumb\",\"itemListElement\":[{\"@type\":\"ListItem\",\"position\":1,\"name\":\"Inicio\",\"item\":\"https:\/\/apuntesdesanluis.com\/\"},{\"@type\":\"ListItem\",\"position\":2,\"name\":\"\u201cVIAJE AL SUR, DIARIO DE GUERRA DE UN SOLDADO\u201d, FUE PRESENTADO EN EL CONCEJO DELIBERANTE\"}]},{\"@type\":\"WebSite\",\"@id\":\"https:\/\/apuntesdesanluis.com\/#website\",\"url\":\"https:\/\/apuntesdesanluis.com\/\",\"name\":\"Apuntes de San Luis\",\"description\":\"\",\"publisher\":{\"@id\":\"https:\/\/apuntesdesanluis.com\/#\/schema\/person\/b55151d52296fcce64d1a72538a70b90\"},\"potentialAction\":[{\"@type\":\"SearchAction\",\"target\":{\"@type\":\"EntryPoint\",\"urlTemplate\":\"https:\/\/apuntesdesanluis.com\/?s={search_term_string}\"},\"query-input\":{\"@type\":\"PropertyValueSpecification\",\"valueRequired\":true,\"valueName\":\"search_term_string\"}}],\"inLanguage\":\"es-AR\"},{\"@type\":[\"Person\",\"Organization\"],\"@id\":\"https:\/\/apuntesdesanluis.com\/#\/schema\/person\/b55151d52296fcce64d1a72538a70b90\",\"name\":\"apuntesdesanluis.com\",\"image\":{\"@type\":\"ImageObject\",\"inLanguage\":\"es-AR\",\"@id\":\"https:\/\/apuntesdesanluis.com\/#\/schema\/person\/image\/\",\"url\":\"https:\/\/apuntesdesanluis.com\/wp-content\/uploads\/2023\/07\/cropped-apuntesdesanluis.png\",\"contentUrl\":\"https:\/\/apuntesdesanluis.com\/wp-content\/uploads\/2023\/07\/cropped-apuntesdesanluis.png\",\"width\":450,\"height\":112,\"caption\":\"apuntesdesanluis.com\"},\"logo\":{\"@id\":\"https:\/\/apuntesdesanluis.com\/#\/schema\/person\/image\/\"},\"sameAs\":[\"https:\/\/apuntesdesanluis.com\"],\"url\":\"https:\/\/apuntesdesanluis.com\/index.php\/author\/apuntesdesanluis-com\/\"}]}<\/script>\n<!-- \/ Yoast SEO plugin. -->","yoast_head_json":{"title":"\u201cVIAJE AL SUR, DIARIO DE GUERRA DE UN SOLDADO\u201d, FUE PRESENTADO EN EL CONCEJO DELIBERANTE - Apuntes de San Luis","robots":{"index":"index","follow":"follow","max-snippet":"max-snippet:-1","max-image-preview":"max-image-preview:large","max-video-preview":"max-video-preview:-1"},"canonical":"https:\/\/apuntesdesanluis.com\/index.php\/2023\/11\/10\/viaje-al-sur-diario-de-guerra-de-un-soldado-fue-presentado-en-el-concejo-deliberante\/","og_locale":"es_ES","og_type":"article","og_title":"\u201cVIAJE AL SUR, DIARIO DE GUERRA DE UN SOLDADO\u201d, FUE PRESENTADO EN EL CONCEJO DELIBERANTE - Apuntes de San Luis","og_description":"Este jueves en el recinto del Concejo Deliberante de Villa Mercedes, el Veterano de Guerra...","og_url":"https:\/\/apuntesdesanluis.com\/index.php\/2023\/11\/10\/viaje-al-sur-diario-de-guerra-de-un-soldado-fue-presentado-en-el-concejo-deliberante\/","og_site_name":"Apuntes de San Luis","article_published_time":"2023-11-10T04:03:27+00:00","og_image":[{"width":548,"height":303,"url":"https:\/\/apuntesdesanluis.com\/wp-content\/uploads\/2023\/11\/presentacion-libro.png","type":"image\/png"}],"author":"apuntesdesanluis.com","twitter_card":"summary_large_image","twitter_misc":{"Escrito por":"apuntesdesanluis.com","Tiempo de lectura":"2 minutos"},"schema":{"@context":"https:\/\/schema.org","@graph":[{"@type":"Article","@id":"https:\/\/apuntesdesanluis.com\/index.php\/2023\/11\/10\/viaje-al-sur-diario-de-guerra-de-un-soldado-fue-presentado-en-el-concejo-deliberante\/#article","isPartOf":{"@id":"https:\/\/apuntesdesanluis.com\/index.php\/2023\/11\/10\/viaje-al-sur-diario-de-guerra-de-un-soldado-fue-presentado-en-el-concejo-deliberante\/"},"author":{"name":"apuntesdesanluis.com","@id":"https:\/\/apuntesdesanluis.com\/#\/schema\/person\/b55151d52296fcce64d1a72538a70b90"},"headline":"\u201cVIAJE AL SUR, DIARIO DE GUERRA DE UN SOLDADO\u201d, FUE PRESENTADO EN EL CONCEJO DELIBERANTE","datePublished":"2023-11-10T04:03:27+00:00","mainEntityOfPage":{"@id":"https:\/\/apuntesdesanluis.com\/index.php\/2023\/11\/10\/viaje-al-sur-diario-de-guerra-de-un-soldado-fue-presentado-en-el-concejo-deliberante\/"},"wordCount":275,"publisher":{"@id":"https:\/\/apuntesdesanluis.com\/#\/schema\/person\/b55151d52296fcce64d1a72538a70b90"},"image":{"@id":"https:\/\/apuntesdesanluis.com\/index.php\/2023\/11\/10\/viaje-al-sur-diario-de-guerra-de-un-soldado-fue-presentado-en-el-concejo-deliberante\/#primaryimage"},"thumbnailUrl":"https:\/\/apuntesdesanluis.com\/wp-content\/uploads\/2023\/11\/presentacion-libro.png","articleSection":["Ciudad\/Provincia"],"inLanguage":"es-AR"},{"@type":"WebPage","@id":"https:\/\/apuntesdesanluis.com\/index.php\/2023\/11\/10\/viaje-al-sur-diario-de-guerra-de-un-soldado-fue-presentado-en-el-concejo-deliberante\/","url":"https:\/\/apuntesdesanluis.com\/index.php\/2023\/11\/10\/viaje-al-sur-diario-de-guerra-de-un-soldado-fue-presentado-en-el-concejo-deliberante\/","name":"\u201cVIAJE AL SUR, DIARIO DE GUERRA DE UN SOLDADO\u201d, FUE PRESENTADO EN EL CONCEJO DELIBERANTE - Apuntes de San Luis","isPartOf":{"@id":"https:\/\/apuntesdesanluis.com\/#website"},"primaryImageOfPage":{"@id":"https:\/\/apuntesdesanluis.com\/index.php\/2023\/11\/10\/viaje-al-sur-diario-de-guerra-de-un-soldado-fue-presentado-en-el-concejo-deliberante\/#primaryimage"},"image":{"@id":"https:\/\/apuntesdesanluis.com\/index.php\/2023\/11\/10\/viaje-al-sur-diario-de-guerra-de-un-soldado-fue-presentado-en-el-concejo-deliberante\/#primaryimage"},"thumbnailUrl":"https:\/\/apuntesdesanluis.com\/wp-content\/uploads\/2023\/11\/presentacion-libro.png","datePublished":"2023-11-10T04:03:27+00:00","breadcrumb":{"@id":"https:\/\/apuntesdesanluis.com\/index.php\/2023\/11\/10\/viaje-al-sur-diario-de-guerra-de-un-soldado-fue-presentado-en-el-concejo-deliberante\/#breadcrumb"},"inLanguage":"es-AR","potentialAction":[{"@type":"ReadAction","target":["https:\/\/apuntesdesanluis.com\/index.php\/2023\/11\/10\/viaje-al-sur-diario-de-guerra-de-un-soldado-fue-presentado-en-el-concejo-deliberante\/"]}]},{"@type":"ImageObject","inLanguage":"es-AR","@id":"https:\/\/apuntesdesanluis.com\/index.php\/2023\/11\/10\/viaje-al-sur-diario-de-guerra-de-un-soldado-fue-presentado-en-el-concejo-deliberante\/#primaryimage","url":"https:\/\/apuntesdesanluis.com\/wp-content\/uploads\/2023\/11\/presentacion-libro.png","contentUrl":"https:\/\/apuntesdesanluis.com\/wp-content\/uploads\/2023\/11\/presentacion-libro.png","width":548,"height":303},{"@type":"BreadcrumbList","@id":"https:\/\/apuntesdesanluis.com\/index.php\/2023\/11\/10\/viaje-al-sur-diario-de-guerra-de-un-soldado-fue-presentado-en-el-concejo-deliberante\/#breadcrumb","itemListElement":[{"@type":"ListItem","position":1,"name":"Inicio","item":"https:\/\/apuntesdesanluis.com\/"},{"@type":"ListItem","position":2,"name":"\u201cVIAJE AL SUR, DIARIO DE GUERRA DE UN SOLDADO\u201d, FUE PRESENTADO EN EL CONCEJO DELIBERANTE"}]},{"@type":"WebSite","@id":"https:\/\/apuntesdesanluis.com\/#website","url":"https:\/\/apuntesdesanluis.com\/","name":"Apuntes de San Luis","description":"","publisher":{"@id":"https:\/\/apuntesdesanluis.com\/#\/schema\/person\/b55151d52296fcce64d1a72538a70b90"},"potentialAction":[{"@type":"SearchAction","target":{"@type":"EntryPoint","urlTemplate":"https:\/\/apuntesdesanluis.com\/?s={search_term_string}"},"query-input":{"@type":"PropertyValueSpecification","valueRequired":true,"valueName":"search_term_string"}}],"inLanguage":"es-AR"},{"@type":["Person","Organization"],"@id":"https:\/\/apuntesdesanluis.com\/#\/schema\/person\/b55151d52296fcce64d1a72538a70b90","name":"apuntesdesanluis.com","image":{"@type":"ImageObject","inLanguage":"es-AR","@id":"https:\/\/apuntesdesanluis.com\/#\/schema\/person\/image\/","url":"https:\/\/apuntesdesanluis.com\/wp-content\/uploads\/2023\/07\/cropped-apuntesdesanluis.png","contentUrl":"https:\/\/apuntesdesanluis.com\/wp-content\/uploads\/2023\/07\/cropped-apuntesdesanluis.png","width":450,"height":112,"caption":"apuntesdesanluis.com"},"logo":{"@id":"https:\/\/apuntesdesanluis.com\/#\/schema\/person\/image\/"},"sameAs":["https:\/\/apuntesdesanluis.com"],"url":"https:\/\/apuntesdesanluis.com\/index.php\/author\/apuntesdesanluis-com\/"}]}},"featured_image_urls":{"full":["https:\/\/apuntesdesanluis.com\/wp-content\/uploads\/2023\/11\/presentacion-libro.png",548,303,false],"thumbnail":["https:\/\/apuntesdesanluis.com\/wp-content\/uploads\/2023\/11\/presentacion-libro-150x150.png",150,150,true],"medium":["https:\/\/apuntesdesanluis.com\/wp-content\/uploads\/2023\/11\/presentacion-libro-300x166.png",300,166,true],"medium_large":["https:\/\/apuntesdesanluis.com\/wp-content\/uploads\/2023\/11\/presentacion-libro.png",548,303,false],"large":["https:\/\/apuntesdesanluis.com\/wp-content\/uploads\/2023\/11\/presentacion-libro.png",548,303,false],"1536x1536":["https:\/\/apuntesdesanluis.com\/wp-content\/uploads\/2023\/11\/presentacion-libro.png",548,303,false],"2048x2048":["https:\/\/apuntesdesanluis.com\/wp-content\/uploads\/2023\/11\/presentacion-libro.png",548,303,false],"newsever-slider-full":["https:\/\/apuntesdesanluis.com\/wp-content\/uploads\/2023\/11\/presentacion-libro.png",548,303,false],"newsever-featured":["https:\/\/apuntesdesanluis.com\/wp-content\/uploads\/2023\/11\/presentacion-libro.png",548,303,false],"newsever-medium":["https:\/\/apuntesdesanluis.com\/wp-content\/uploads\/2023\/11\/presentacion-libro.png",548,303,false]},"author_info":{"display_name":"apuntesdesanluis.com","author_link":"https:\/\/apuntesdesanluis.com\/index.php\/author\/apuntesdesanluis-com\/"},"category_info":"<a href=\"https:\/\/apuntesdesanluis.com\/index.php\/category\/ciudad-provincia\/\" rel=\"category tag\">Ciudad\/Provincia<\/a>","tag_info":"Ciudad\/Provincia","comment_count":"0","_links":{"self":[{"href":"https:\/\/apuntesdesanluis.com\/index.php\/wp-json\/wp\/v2\/posts\/6624","targetHints":{"allow":["GET"]}}],"collection":[{"href":"https:\/\/apuntesdesanluis.com\/index.php\/wp-json\/wp\/v2\/posts"}],"about":[{"href":"https:\/\/apuntesdesanluis.com\/index.php\/wp-json\/wp\/v2\/types\/post"}],"author":[{"embeddable":true,"href":"https:\/\/apuntesdesanluis.com\/index.php\/wp-json\/wp\/v2\/users\/1"}],"replies":[{"embeddable":true,"href":"https:\/\/apuntesdesanluis.com\/index.php\/wp-json\/wp\/v2\/comments?post=6624"}],"version-history":[{"count":1,"href":"https:\/\/apuntesdesanluis.com\/index.php\/wp-json\/wp\/v2\/posts\/6624\/revisions"}],"predecessor-version":[{"id":6628,"href":"https:\/\/apuntesdesanluis.com\/index.php\/wp-json\/wp\/v2\/posts\/6624\/revisions\/6628"}],"wp:featuredmedia":[{"embeddable":true,"href":"https:\/\/apuntesdesanluis.com\/index.php\/wp-json\/wp\/v2\/media\/6625"}],"wp:attachment":[{"href":"https:\/\/apuntesdesanluis.com\/index.php\/wp-json\/wp\/v2\/media?parent=6624"}],"wp:term":[{"taxonomy":"category","embeddable":true,"href":"https:\/\/apuntesdesanluis.com\/index.php\/wp-json\/wp\/v2\/categories?post=6624"},{"taxonomy":"post_tag","embeddable":true,"href":"https:\/\/apuntesdesanluis.com\/index.php\/wp-json\/wp\/v2\/tags?post=6624"}],"curies":[{"name":"wp","href":"https:\/\/api.w.org\/{rel}","templated":true}]}}