{"id":6642,"date":"2023-11-10T21:59:30","date_gmt":"2023-11-11T00:59:30","guid":{"rendered":"https:\/\/apuntesdesanluis.com\/?p=6642"},"modified":"2023-11-10T21:59:30","modified_gmt":"2023-11-11T00:59:30","slug":"estudiantes-tendran-acceso-al-uso-de-computadoras-en-los-nuevos-espacios-progresar","status":"publish","type":"post","link":"https:\/\/apuntesdesanluis.com\/index.php\/2023\/11\/10\/estudiantes-tendran-acceso-al-uso-de-computadoras-en-los-nuevos-espacios-progresar\/","title":{"rendered":"ESTUDIANTES TENDR\u00c1N ACCESO AL USO DE COMPUTADORAS EN LOS NUEVOS ESPACIOS PROGRESAR"},"content":{"rendered":"<h3>En la biblioteca Antonio Esteban Ag\u00fcero se realiz\u00f3 la inauguraci\u00f3n de un nuevo <strong>Espacio Progresar<\/strong> de la Universidad Nacional de San Luis (UNSL). A trav\u00e9s de los mismos, el estudiantado podr\u00e1 utilizar computadoras para estudiar y realizar sus trabajos. Pr\u00f3ximamente, se realizar\u00e1n inauguraciones en los Centros Universitarios de Merlo y Villa Mercedes.<\/h3>\n<h3>El evento comenz\u00f3 con las palabras del secretario de Asuntos Estudiantiles y Bienestar Universitario (Saebu), Lic. <strong>Ra\u00fal Paez,<\/strong> quien explic\u00f3 que estos espacios nacen del Programa Progresar ConCiencia, con el que la UNSL trabaja desde fines del 2021 y este a\u00f1o pudo presentarse la continuidad del mismo.<\/h3>\n<h3>Adem\u00e1s, el funcionario explic\u00f3 que este proyecto tiene tres (3) ejes fundamentales: uno informativo, para aquellos\/as estudiantes que quieran obtener informaci\u00f3n de las becas Manuel Belgrano, Progresar y aquellas que brinda la Secretar\u00eda. Por otro lado, un objetivo formativo, con talleres y cursos y tambi\u00e9n, un fin recreativo.<\/h3>\n<h3>Si bien estos son los primeros espacios en inaugurarse, la idea es que haya un lugar en todos los edificios de la Universidad. \u00abEl viernes se realizar\u00e1 el acto en Merlo y la pr\u00f3xima semana, en el Centro Universitario de Villa Mercedes, las residencias universitarias en San Luis y Villa Mercedes y los Centros de Estudiantes en las ocho (8) facultades\u00bb, explic\u00f3 el Secretario.<\/h3>\n<p><img fetchpriority=\"high\" decoding=\"async\" class=\"wp-image-6644 aligncenter\" src=\"https:\/\/apuntesdesanluis.com\/wp-content\/uploads\/2023\/11\/compus-300x181.png\" alt=\"\" width=\"882\" height=\"532\" srcset=\"https:\/\/apuntesdesanluis.com\/wp-content\/uploads\/2023\/11\/compus-300x181.png 300w, https:\/\/apuntesdesanluis.com\/wp-content\/uploads\/2023\/11\/compus.png 600w\" sizes=\"(max-width: 882px) 100vw, 882px\" \/><\/p>\n<h3>Luego, habl\u00f3 el rector C.P.N. <strong>V\u00edctor Mori\u00f1igo<\/strong>, quien destac\u00f3 que este espacio es producto de un financiamiento del Ministerio de Educaci\u00f3n de la Naci\u00f3n, del Estado argentino que entiende que la educaci\u00f3n p\u00fablica est\u00e1 al lado de la soluci\u00f3n de los problemas del pa\u00eds.<\/h3>\n<h3>Sobre la importancia de estas herramientas que destina el gobierno nacional para la igualdad de oportunidades de los\/as estudiantes, el Rector agreg\u00f3: \u00abOjal\u00e1 que podamos aprovechar, sostener y defender este lugar\u00bb. Finalmente, Mori\u00f1igo agradeci\u00f3 a todas las personas de la UNSL que hicieron posible la inauguraci\u00f3n de este nuevo espacio.<\/h3>\n<h3>dato<\/h3>\n<h3>En el tercer piso del Comedor Universitario, los\/as estudiantes contar\u00e1n con 30 computadoras para poder estudiar y realizar sus trabajos universitarios. Este espacio funcionar\u00e1 de lunes a viernes, de 8:00 a 12:00 y de 14:00 a 18:00 horas.<\/h3>\n<h3>Por su parte, la Biblioteca Antonio Esteban Ag\u00fcero, contar\u00e1 con diez (10) equipos y se podr\u00e1 acceder de lunes a viernes, de 8:00 a 20:00 horas.<\/h3>\n<p>&nbsp;<\/p>\n<p>&nbsp;<\/p>\n","protected":false},"excerpt":{"rendered":"<p>En la biblioteca Antonio Esteban Ag\u00fcero se realiz\u00f3 la inauguraci\u00f3n de un nuevo Espacio Progresar&#8230;<\/p>\n","protected":false},"author":1,"featured_media":6643,"comment_status":"closed","ping_status":"closed","sticky":false,"template":"","format":"standard","meta":{"footnotes":""},"categories":[6],"tags":[],"class_list":["post-6642","post","type-post","status-publish","format-standard","has-post-thumbnail","hentry","category-ciudad-provincia"],"yoast_head":"<!-- This site is optimized with the Yoast SEO plugin v26.1.1 - https:\/\/yoast.com\/wordpress\/plugins\/seo\/ -->\n<title>ESTUDIANTES TENDR\u00c1N ACCESO AL USO DE COMPUTADORAS EN LOS NUEVOS ESPACIOS PROGRESAR - Apuntes de San Luis<\/title>\n<meta name=\"robots\" content=\"index, follow, max-snippet:-1, max-image-preview:large, max-video-preview:-1\" \/>\n<link rel=\"canonical\" href=\"https:\/\/apuntesdesanluis.com\/index.php\/2023\/11\/10\/estudiantes-tendran-acceso-al-uso-de-computadoras-en-los-nuevos-espacios-progresar\/\" \/>\n<meta property=\"og:locale\" content=\"es_ES\" \/>\n<meta property=\"og:type\" content=\"article\" \/>\n<meta property=\"og:title\" content=\"ESTUDIANTES TENDR\u00c1N ACCESO AL USO DE COMPUTADORAS EN LOS NUEVOS ESPACIOS PROGRESAR - Apuntes de San Luis\" \/>\n<meta property=\"og:description\" content=\"En la biblioteca Antonio Esteban Ag\u00fcero se realiz\u00f3 la inauguraci\u00f3n de un nuevo Espacio Progresar...\" \/>\n<meta property=\"og:url\" content=\"https:\/\/apuntesdesanluis.com\/index.php\/2023\/11\/10\/estudiantes-tendran-acceso-al-uso-de-computadoras-en-los-nuevos-espacios-progresar\/\" \/>\n<meta property=\"og:site_name\" content=\"Apuntes de San Luis\" \/>\n<meta property=\"article:published_time\" content=\"2023-11-11T00:59:30+00:00\" \/>\n<meta property=\"og:image\" content=\"https:\/\/apuntesdesanluis.com\/wp-content\/uploads\/2023\/11\/inaguruacion.png\" \/>\n\t<meta property=\"og:image:width\" content=\"600\" \/>\n\t<meta property=\"og:image:height\" content=\"380\" \/>\n\t<meta property=\"og:image:type\" content=\"image\/png\" \/>\n<meta name=\"author\" content=\"apuntesdesanluis.com\" \/>\n<meta name=\"twitter:card\" content=\"summary_large_image\" \/>\n<meta name=\"twitter:label1\" content=\"Escrito por\" \/>\n\t<meta name=\"twitter:data1\" content=\"apuntesdesanluis.com\" \/>\n\t<meta name=\"twitter:label2\" content=\"Tiempo de lectura\" \/>\n\t<meta name=\"twitter:data2\" content=\"2 minutos\" \/>\n<script type=\"application\/ld+json\" class=\"yoast-schema-graph\">{\"@context\":\"https:\/\/schema.org\",\"@graph\":[{\"@type\":\"Article\",\"@id\":\"https:\/\/apuntesdesanluis.com\/index.php\/2023\/11\/10\/estudiantes-tendran-acceso-al-uso-de-computadoras-en-los-nuevos-espacios-progresar\/#article\",\"isPartOf\":{\"@id\":\"https:\/\/apuntesdesanluis.com\/index.php\/2023\/11\/10\/estudiantes-tendran-acceso-al-uso-de-computadoras-en-los-nuevos-espacios-progresar\/\"},\"author\":{\"name\":\"apuntesdesanluis.com\",\"@id\":\"https:\/\/apuntesdesanluis.com\/#\/schema\/person\/b55151d52296fcce64d1a72538a70b90\"},\"headline\":\"ESTUDIANTES TENDR\u00c1N ACCESO AL USO DE COMPUTADORAS EN LOS NUEVOS ESPACIOS PROGRESAR\",\"datePublished\":\"2023-11-11T00:59:30+00:00\",\"mainEntityOfPage\":{\"@id\":\"https:\/\/apuntesdesanluis.com\/index.php\/2023\/11\/10\/estudiantes-tendran-acceso-al-uso-de-computadoras-en-los-nuevos-espacios-progresar\/\"},\"wordCount\":403,\"publisher\":{\"@id\":\"https:\/\/apuntesdesanluis.com\/#\/schema\/person\/b55151d52296fcce64d1a72538a70b90\"},\"image\":{\"@id\":\"https:\/\/apuntesdesanluis.com\/index.php\/2023\/11\/10\/estudiantes-tendran-acceso-al-uso-de-computadoras-en-los-nuevos-espacios-progresar\/#primaryimage\"},\"thumbnailUrl\":\"https:\/\/apuntesdesanluis.com\/wp-content\/uploads\/2023\/11\/inaguruacion.png\",\"articleSection\":[\"Ciudad\/Provincia\"],\"inLanguage\":\"es-AR\"},{\"@type\":\"WebPage\",\"@id\":\"https:\/\/apuntesdesanluis.com\/index.php\/2023\/11\/10\/estudiantes-tendran-acceso-al-uso-de-computadoras-en-los-nuevos-espacios-progresar\/\",\"url\":\"https:\/\/apuntesdesanluis.com\/index.php\/2023\/11\/10\/estudiantes-tendran-acceso-al-uso-de-computadoras-en-los-nuevos-espacios-progresar\/\",\"name\":\"ESTUDIANTES TENDR\u00c1N ACCESO AL USO DE COMPUTADORAS EN LOS NUEVOS ESPACIOS PROGRESAR - Apuntes de San Luis\",\"isPartOf\":{\"@id\":\"https:\/\/apuntesdesanluis.com\/#website\"},\"primaryImageOfPage\":{\"@id\":\"https:\/\/apuntesdesanluis.com\/index.php\/2023\/11\/10\/estudiantes-tendran-acceso-al-uso-de-computadoras-en-los-nuevos-espacios-progresar\/#primaryimage\"},\"image\":{\"@id\":\"https:\/\/apuntesdesanluis.com\/index.php\/2023\/11\/10\/estudiantes-tendran-acceso-al-uso-de-computadoras-en-los-nuevos-espacios-progresar\/#primaryimage\"},\"thumbnailUrl\":\"https:\/\/apuntesdesanluis.com\/wp-content\/uploads\/2023\/11\/inaguruacion.png\",\"datePublished\":\"2023-11-11T00:59:30+00:00\",\"breadcrumb\":{\"@id\":\"https:\/\/apuntesdesanluis.com\/index.php\/2023\/11\/10\/estudiantes-tendran-acceso-al-uso-de-computadoras-en-los-nuevos-espacios-progresar\/#breadcrumb\"},\"inLanguage\":\"es-AR\",\"potentialAction\":[{\"@type\":\"ReadAction\",\"target\":[\"https:\/\/apuntesdesanluis.com\/index.php\/2023\/11\/10\/estudiantes-tendran-acceso-al-uso-de-computadoras-en-los-nuevos-espacios-progresar\/\"]}]},{\"@type\":\"ImageObject\",\"inLanguage\":\"es-AR\",\"@id\":\"https:\/\/apuntesdesanluis.com\/index.php\/2023\/11\/10\/estudiantes-tendran-acceso-al-uso-de-computadoras-en-los-nuevos-espacios-progresar\/#primaryimage\",\"url\":\"https:\/\/apuntesdesanluis.com\/wp-content\/uploads\/2023\/11\/inaguruacion.png\",\"contentUrl\":\"https:\/\/apuntesdesanluis.com\/wp-content\/uploads\/2023\/11\/inaguruacion.png\",\"width\":600,\"height\":380},{\"@type\":\"BreadcrumbList\",\"@id\":\"https:\/\/apuntesdesanluis.com\/index.php\/2023\/11\/10\/estudiantes-tendran-acceso-al-uso-de-computadoras-en-los-nuevos-espacios-progresar\/#breadcrumb\",\"itemListElement\":[{\"@type\":\"ListItem\",\"position\":1,\"name\":\"Inicio\",\"item\":\"https:\/\/apuntesdesanluis.com\/\"},{\"@type\":\"ListItem\",\"position\":2,\"name\":\"ESTUDIANTES TENDR\u00c1N ACCESO AL USO DE COMPUTADORAS EN LOS NUEVOS ESPACIOS PROGRESAR\"}]},{\"@type\":\"WebSite\",\"@id\":\"https:\/\/apuntesdesanluis.com\/#website\",\"url\":\"https:\/\/apuntesdesanluis.com\/\",\"name\":\"Apuntes de San Luis\",\"description\":\"\",\"publisher\":{\"@id\":\"https:\/\/apuntesdesanluis.com\/#\/schema\/person\/b55151d52296fcce64d1a72538a70b90\"},\"potentialAction\":[{\"@type\":\"SearchAction\",\"target\":{\"@type\":\"EntryPoint\",\"urlTemplate\":\"https:\/\/apuntesdesanluis.com\/?s={search_term_string}\"},\"query-input\":{\"@type\":\"PropertyValueSpecification\",\"valueRequired\":true,\"valueName\":\"search_term_string\"}}],\"inLanguage\":\"es-AR\"},{\"@type\":[\"Person\",\"Organization\"],\"@id\":\"https:\/\/apuntesdesanluis.com\/#\/schema\/person\/b55151d52296fcce64d1a72538a70b90\",\"name\":\"apuntesdesanluis.com\",\"image\":{\"@type\":\"ImageObject\",\"inLanguage\":\"es-AR\",\"@id\":\"https:\/\/apuntesdesanluis.com\/#\/schema\/person\/image\/\",\"url\":\"https:\/\/apuntesdesanluis.com\/wp-content\/uploads\/2023\/07\/cropped-apuntesdesanluis.png\",\"contentUrl\":\"https:\/\/apuntesdesanluis.com\/wp-content\/uploads\/2023\/07\/cropped-apuntesdesanluis.png\",\"width\":450,\"height\":112,\"caption\":\"apuntesdesanluis.com\"},\"logo\":{\"@id\":\"https:\/\/apuntesdesanluis.com\/#\/schema\/person\/image\/\"},\"sameAs\":[\"https:\/\/apuntesdesanluis.com\"],\"url\":\"https:\/\/apuntesdesanluis.com\/index.php\/author\/apuntesdesanluis-com\/\"}]}<\/script>\n<!-- \/ Yoast SEO plugin. -->","yoast_head_json":{"title":"ESTUDIANTES TENDR\u00c1N ACCESO AL USO DE COMPUTADORAS EN LOS NUEVOS ESPACIOS PROGRESAR - Apuntes de San Luis","robots":{"index":"index","follow":"follow","max-snippet":"max-snippet:-1","max-image-preview":"max-image-preview:large","max-video-preview":"max-video-preview:-1"},"canonical":"https:\/\/apuntesdesanluis.com\/index.php\/2023\/11\/10\/estudiantes-tendran-acceso-al-uso-de-computadoras-en-los-nuevos-espacios-progresar\/","og_locale":"es_ES","og_type":"article","og_title":"ESTUDIANTES TENDR\u00c1N ACCESO AL USO DE COMPUTADORAS EN LOS NUEVOS ESPACIOS PROGRESAR - Apuntes de San Luis","og_description":"En la biblioteca Antonio Esteban Ag\u00fcero se realiz\u00f3 la inauguraci\u00f3n de un nuevo Espacio Progresar...","og_url":"https:\/\/apuntesdesanluis.com\/index.php\/2023\/11\/10\/estudiantes-tendran-acceso-al-uso-de-computadoras-en-los-nuevos-espacios-progresar\/","og_site_name":"Apuntes de San Luis","article_published_time":"2023-11-11T00:59:30+00:00","og_image":[{"width":600,"height":380,"url":"https:\/\/apuntesdesanluis.com\/wp-content\/uploads\/2023\/11\/inaguruacion.png","type":"image\/png"}],"author":"apuntesdesanluis.com","twitter_card":"summary_large_image","twitter_misc":{"Escrito por":"apuntesdesanluis.com","Tiempo de lectura":"2 minutos"},"schema":{"@context":"https:\/\/schema.org","@graph":[{"@type":"Article","@id":"https:\/\/apuntesdesanluis.com\/index.php\/2023\/11\/10\/estudiantes-tendran-acceso-al-uso-de-computadoras-en-los-nuevos-espacios-progresar\/#article","isPartOf":{"@id":"https:\/\/apuntesdesanluis.com\/index.php\/2023\/11\/10\/estudiantes-tendran-acceso-al-uso-de-computadoras-en-los-nuevos-espacios-progresar\/"},"author":{"name":"apuntesdesanluis.com","@id":"https:\/\/apuntesdesanluis.com\/#\/schema\/person\/b55151d52296fcce64d1a72538a70b90"},"headline":"ESTUDIANTES TENDR\u00c1N ACCESO AL USO DE COMPUTADORAS EN LOS NUEVOS ESPACIOS PROGRESAR","datePublished":"2023-11-11T00:59:30+00:00","mainEntityOfPage":{"@id":"https:\/\/apuntesdesanluis.com\/index.php\/2023\/11\/10\/estudiantes-tendran-acceso-al-uso-de-computadoras-en-los-nuevos-espacios-progresar\/"},"wordCount":403,"publisher":{"@id":"https:\/\/apuntesdesanluis.com\/#\/schema\/person\/b55151d52296fcce64d1a72538a70b90"},"image":{"@id":"https:\/\/apuntesdesanluis.com\/index.php\/2023\/11\/10\/estudiantes-tendran-acceso-al-uso-de-computadoras-en-los-nuevos-espacios-progresar\/#primaryimage"},"thumbnailUrl":"https:\/\/apuntesdesanluis.com\/wp-content\/uploads\/2023\/11\/inaguruacion.png","articleSection":["Ciudad\/Provincia"],"inLanguage":"es-AR"},{"@type":"WebPage","@id":"https:\/\/apuntesdesanluis.com\/index.php\/2023\/11\/10\/estudiantes-tendran-acceso-al-uso-de-computadoras-en-los-nuevos-espacios-progresar\/","url":"https:\/\/apuntesdesanluis.com\/index.php\/2023\/11\/10\/estudiantes-tendran-acceso-al-uso-de-computadoras-en-los-nuevos-espacios-progresar\/","name":"ESTUDIANTES TENDR\u00c1N ACCESO AL USO DE COMPUTADORAS EN LOS NUEVOS ESPACIOS PROGRESAR - Apuntes de San Luis","isPartOf":{"@id":"https:\/\/apuntesdesanluis.com\/#website"},"primaryImageOfPage":{"@id":"https:\/\/apuntesdesanluis.com\/index.php\/2023\/11\/10\/estudiantes-tendran-acceso-al-uso-de-computadoras-en-los-nuevos-espacios-progresar\/#primaryimage"},"image":{"@id":"https:\/\/apuntesdesanluis.com\/index.php\/2023\/11\/10\/estudiantes-tendran-acceso-al-uso-de-computadoras-en-los-nuevos-espacios-progresar\/#primaryimage"},"thumbnailUrl":"https:\/\/apuntesdesanluis.com\/wp-content\/uploads\/2023\/11\/inaguruacion.png","datePublished":"2023-11-11T00:59:30+00:00","breadcrumb":{"@id":"https:\/\/apuntesdesanluis.com\/index.php\/2023\/11\/10\/estudiantes-tendran-acceso-al-uso-de-computadoras-en-los-nuevos-espacios-progresar\/#breadcrumb"},"inLanguage":"es-AR","potentialAction":[{"@type":"ReadAction","target":["https:\/\/apuntesdesanluis.com\/index.php\/2023\/11\/10\/estudiantes-tendran-acceso-al-uso-de-computadoras-en-los-nuevos-espacios-progresar\/"]}]},{"@type":"ImageObject","inLanguage":"es-AR","@id":"https:\/\/apuntesdesanluis.com\/index.php\/2023\/11\/10\/estudiantes-tendran-acceso-al-uso-de-computadoras-en-los-nuevos-espacios-progresar\/#primaryimage","url":"https:\/\/apuntesdesanluis.com\/wp-content\/uploads\/2023\/11\/inaguruacion.png","contentUrl":"https:\/\/apuntesdesanluis.com\/wp-content\/uploads\/2023\/11\/inaguruacion.png","width":600,"height":380},{"@type":"BreadcrumbList","@id":"https:\/\/apuntesdesanluis.com\/index.php\/2023\/11\/10\/estudiantes-tendran-acceso-al-uso-de-computadoras-en-los-nuevos-espacios-progresar\/#breadcrumb","itemListElement":[{"@type":"ListItem","position":1,"name":"Inicio","item":"https:\/\/apuntesdesanluis.com\/"},{"@type":"ListItem","position":2,"name":"ESTUDIANTES TENDR\u00c1N ACCESO AL USO DE COMPUTADORAS EN LOS NUEVOS ESPACIOS PROGRESAR"}]},{"@type":"WebSite","@id":"https:\/\/apuntesdesanluis.com\/#website","url":"https:\/\/apuntesdesanluis.com\/","name":"Apuntes de San Luis","description":"","publisher":{"@id":"https:\/\/apuntesdesanluis.com\/#\/schema\/person\/b55151d52296fcce64d1a72538a70b90"},"potentialAction":[{"@type":"SearchAction","target":{"@type":"EntryPoint","urlTemplate":"https:\/\/apuntesdesanluis.com\/?s={search_term_string}"},"query-input":{"@type":"PropertyValueSpecification","valueRequired":true,"valueName":"search_term_string"}}],"inLanguage":"es-AR"},{"@type":["Person","Organization"],"@id":"https:\/\/apuntesdesanluis.com\/#\/schema\/person\/b55151d52296fcce64d1a72538a70b90","name":"apuntesdesanluis.com","image":{"@type":"ImageObject","inLanguage":"es-AR","@id":"https:\/\/apuntesdesanluis.com\/#\/schema\/person\/image\/","url":"https:\/\/apuntesdesanluis.com\/wp-content\/uploads\/2023\/07\/cropped-apuntesdesanluis.png","contentUrl":"https:\/\/apuntesdesanluis.com\/wp-content\/uploads\/2023\/07\/cropped-apuntesdesanluis.png","width":450,"height":112,"caption":"apuntesdesanluis.com"},"logo":{"@id":"https:\/\/apuntesdesanluis.com\/#\/schema\/person\/image\/"},"sameAs":["https:\/\/apuntesdesanluis.com"],"url":"https:\/\/apuntesdesanluis.com\/index.php\/author\/apuntesdesanluis-com\/"}]}},"featured_image_urls":{"full":["https:\/\/apuntesdesanluis.com\/wp-content\/uploads\/2023\/11\/inaguruacion.png",600,380,false],"thumbnail":["https:\/\/apuntesdesanluis.com\/wp-content\/uploads\/2023\/11\/inaguruacion-150x150.png",150,150,true],"medium":["https:\/\/apuntesdesanluis.com\/wp-content\/uploads\/2023\/11\/inaguruacion-300x190.png",300,190,true],"medium_large":["https:\/\/apuntesdesanluis.com\/wp-content\/uploads\/2023\/11\/inaguruacion.png",600,380,false],"large":["https:\/\/apuntesdesanluis.com\/wp-content\/uploads\/2023\/11\/inaguruacion.png",600,380,false],"1536x1536":["https:\/\/apuntesdesanluis.com\/wp-content\/uploads\/2023\/11\/inaguruacion.png",600,380,false],"2048x2048":["https:\/\/apuntesdesanluis.com\/wp-content\/uploads\/2023\/11\/inaguruacion.png",600,380,false],"newsever-slider-full":["https:\/\/apuntesdesanluis.com\/wp-content\/uploads\/2023\/11\/inaguruacion.png",600,380,false],"newsever-featured":["https:\/\/apuntesdesanluis.com\/wp-content\/uploads\/2023\/11\/inaguruacion.png",600,380,false],"newsever-medium":["https:\/\/apuntesdesanluis.com\/wp-content\/uploads\/2023\/11\/inaguruacion.png",600,380,false]},"author_info":{"display_name":"apuntesdesanluis.com","author_link":"https:\/\/apuntesdesanluis.com\/index.php\/author\/apuntesdesanluis-com\/"},"category_info":"<a href=\"https:\/\/apuntesdesanluis.com\/index.php\/category\/ciudad-provincia\/\" rel=\"category tag\">Ciudad\/Provincia<\/a>","tag_info":"Ciudad\/Provincia","comment_count":"0","_links":{"self":[{"href":"https:\/\/apuntesdesanluis.com\/index.php\/wp-json\/wp\/v2\/posts\/6642","targetHints":{"allow":["GET"]}}],"collection":[{"href":"https:\/\/apuntesdesanluis.com\/index.php\/wp-json\/wp\/v2\/posts"}],"about":[{"href":"https:\/\/apuntesdesanluis.com\/index.php\/wp-json\/wp\/v2\/types\/post"}],"author":[{"embeddable":true,"href":"https:\/\/apuntesdesanluis.com\/index.php\/wp-json\/wp\/v2\/users\/1"}],"replies":[{"embeddable":true,"href":"https:\/\/apuntesdesanluis.com\/index.php\/wp-json\/wp\/v2\/comments?post=6642"}],"version-history":[{"count":1,"href":"https:\/\/apuntesdesanluis.com\/index.php\/wp-json\/wp\/v2\/posts\/6642\/revisions"}],"predecessor-version":[{"id":6645,"href":"https:\/\/apuntesdesanluis.com\/index.php\/wp-json\/wp\/v2\/posts\/6642\/revisions\/6645"}],"wp:featuredmedia":[{"embeddable":true,"href":"https:\/\/apuntesdesanluis.com\/index.php\/wp-json\/wp\/v2\/media\/6643"}],"wp:attachment":[{"href":"https:\/\/apuntesdesanluis.com\/index.php\/wp-json\/wp\/v2\/media?parent=6642"}],"wp:term":[{"taxonomy":"category","embeddable":true,"href":"https:\/\/apuntesdesanluis.com\/index.php\/wp-json\/wp\/v2\/categories?post=6642"},{"taxonomy":"post_tag","embeddable":true,"href":"https:\/\/apuntesdesanluis.com\/index.php\/wp-json\/wp\/v2\/tags?post=6642"}],"curies":[{"name":"wp","href":"https:\/\/api.w.org\/{rel}","templated":true}]}}