{"id":6656,"date":"2023-11-10T22:38:59","date_gmt":"2023-11-11T01:38:59","guid":{"rendered":"https:\/\/apuntesdesanluis.com\/?p=6656"},"modified":"2023-11-10T22:38:59","modified_gmt":"2023-11-11T01:38:59","slug":"expectativa-por-el-ultimo-debate-presidencial-entre-massa-y-milei","status":"publish","type":"post","link":"https:\/\/apuntesdesanluis.com\/index.php\/2023\/11\/10\/expectativa-por-el-ultimo-debate-presidencial-entre-massa-y-milei\/","title":{"rendered":"EXPECTATIVA POR EL \u00daLTIMO DEBATE PRESIDENCIAL ENTRE MASSA Y MILEI"},"content":{"rendered":"<h3>El tercer debate presidencial concentra toda la expectativa y se espera una gran audiencia, teniendo en cuenta que en las anteriores ediciones alcanz\u00f3 los 40 puntos de raiting.<\/h3>\n<h3>El debate presidencial obligatorio previo al balotaje que enfrentar\u00e1 a <strong>Sergio Massa<\/strong> y <strong>Javier Milei<\/strong> se transmitir\u00e1 por todos los medios pertenecientes a Radio y Televisi\u00f3n Argentina Sociedad del Estado (R.T.A.S.E.).<\/h3>\n<h3>Las se\u00f1ales radiof\u00f3nicas y televisivas transmitidas por R.T.A. S.E. ser\u00e1n puestas a disposici\u00f3n de todos los medios p\u00fablicos y privados del pa\u00eds que deseen transmitir el debate de manera simult\u00e1nea, en forma gratuita.<\/h3>\n<h3>Es decir, que podr\u00e1 verse en todos los canales de deseen transmitirlo el domingo a partir de las 21, horario de inicio para el encuentro en la Facultad de Derecho de la Universidad de Buenos Aires.<\/h3>\n<h3>Adem\u00e1s, se realizar\u00e1 una transmisi\u00f3n v\u00eda streaming que estar\u00e1 disponible en el canal de YouTube de la C\u00e1mara Nacional Electoral.<\/h3>\n<h3>El debate contar\u00e1 con lenguaje de se\u00f1as que estar\u00e1 embebido en la pantalla, y por Youtube habr\u00e1 un canal que d\u00e9 prioridad a la Lengua de Se\u00f1as Argentina de manera ampliada.<\/h3>\n<h3>Por otra parte, la C\u00e1mara Nacional Electoral explic\u00f3 que los debates presidenciales &#8220;constituyen una instancia dentro del cronograma electoral para que la ciudadan\u00eda acceda en un mismo momento y en un mismo lugar a las propuestas de quienes se postulan para la presidencia de la Naci\u00f3n en un marco de igualdad&#8221;.<\/h3>\n<h3>A la vez, el tribunal remarc\u00f3 la importancia de esta instancia de cara al balotaje: &#8220;Esta instancia del proceso electoral adquiere mayor relevancia en el caso de la segunda vuelta electoral, ya que por su propia modalidad colabora para que la ciudadan\u00eda pueda profundizar sobre las propuestas de los dos candidatos y as\u00ed contar con mayor informaci\u00f3n para el ejercicio de su derecho al voto informado&#8221;.<\/h3>\n<p>&nbsp;<\/p>\n<p>&nbsp;<\/p>\n<p>&nbsp;<\/p>\n<p>&nbsp;<\/p>\n<p>&nbsp;<\/p>\n<p>&nbsp;<\/p>\n<p>&nbsp;<\/p>\n","protected":false},"excerpt":{"rendered":"<p>El tercer debate presidencial concentra toda la expectativa y se espera una gran audiencia, teniendo&#8230;<\/p>\n","protected":false},"author":1,"featured_media":6657,"comment_status":"closed","ping_status":"closed","sticky":false,"template":"","format":"standard","meta":{"footnotes":""},"categories":[5],"tags":[],"class_list":["post-6656","post","type-post","status-publish","format-standard","has-post-thumbnail","hentry","category-nacionales-internacionales"],"yoast_head":"<!-- This site is optimized with the Yoast SEO plugin v26.1.1 - https:\/\/yoast.com\/wordpress\/plugins\/seo\/ -->\n<title>EXPECTATIVA POR EL \u00daLTIMO DEBATE PRESIDENCIAL ENTRE MASSA Y MILEI - Apuntes de San Luis<\/title>\n<meta name=\"robots\" content=\"index, follow, max-snippet:-1, max-image-preview:large, max-video-preview:-1\" \/>\n<link rel=\"canonical\" href=\"https:\/\/apuntesdesanluis.com\/index.php\/2023\/11\/10\/expectativa-por-el-ultimo-debate-presidencial-entre-massa-y-milei\/\" \/>\n<meta property=\"og:locale\" content=\"es_ES\" \/>\n<meta property=\"og:type\" content=\"article\" \/>\n<meta property=\"og:title\" content=\"EXPECTATIVA POR EL \u00daLTIMO DEBATE PRESIDENCIAL ENTRE MASSA Y MILEI - Apuntes de San Luis\" \/>\n<meta property=\"og:description\" content=\"El tercer debate presidencial concentra toda la expectativa y se espera una gran audiencia, teniendo...\" \/>\n<meta property=\"og:url\" content=\"https:\/\/apuntesdesanluis.com\/index.php\/2023\/11\/10\/expectativa-por-el-ultimo-debate-presidencial-entre-massa-y-milei\/\" \/>\n<meta property=\"og:site_name\" content=\"Apuntes de San Luis\" \/>\n<meta property=\"article:published_time\" content=\"2023-11-11T01:38:59+00:00\" \/>\n<meta property=\"og:image\" content=\"https:\/\/apuntesdesanluis.com\/wp-content\/uploads\/2023\/11\/milei-massa.png\" \/>\n\t<meta property=\"og:image:width\" content=\"600\" \/>\n\t<meta property=\"og:image:height\" content=\"355\" \/>\n\t<meta property=\"og:image:type\" content=\"image\/png\" \/>\n<meta name=\"author\" content=\"apuntesdesanluis.com\" \/>\n<meta name=\"twitter:card\" content=\"summary_large_image\" \/>\n<meta name=\"twitter:label1\" content=\"Escrito por\" \/>\n\t<meta name=\"twitter:data1\" content=\"apuntesdesanluis.com\" \/>\n\t<meta name=\"twitter:label2\" content=\"Tiempo de lectura\" \/>\n\t<meta name=\"twitter:data2\" content=\"2 minutos\" \/>\n<script type=\"application\/ld+json\" class=\"yoast-schema-graph\">{\"@context\":\"https:\/\/schema.org\",\"@graph\":[{\"@type\":\"Article\",\"@id\":\"https:\/\/apuntesdesanluis.com\/index.php\/2023\/11\/10\/expectativa-por-el-ultimo-debate-presidencial-entre-massa-y-milei\/#article\",\"isPartOf\":{\"@id\":\"https:\/\/apuntesdesanluis.com\/index.php\/2023\/11\/10\/expectativa-por-el-ultimo-debate-presidencial-entre-massa-y-milei\/\"},\"author\":{\"name\":\"apuntesdesanluis.com\",\"@id\":\"https:\/\/apuntesdesanluis.com\/#\/schema\/person\/b55151d52296fcce64d1a72538a70b90\"},\"headline\":\"EXPECTATIVA POR EL \u00daLTIMO DEBATE PRESIDENCIAL ENTRE MASSA Y MILEI\",\"datePublished\":\"2023-11-11T01:38:59+00:00\",\"mainEntityOfPage\":{\"@id\":\"https:\/\/apuntesdesanluis.com\/index.php\/2023\/11\/10\/expectativa-por-el-ultimo-debate-presidencial-entre-massa-y-milei\/\"},\"wordCount\":337,\"publisher\":{\"@id\":\"https:\/\/apuntesdesanluis.com\/#\/schema\/person\/b55151d52296fcce64d1a72538a70b90\"},\"image\":{\"@id\":\"https:\/\/apuntesdesanluis.com\/index.php\/2023\/11\/10\/expectativa-por-el-ultimo-debate-presidencial-entre-massa-y-milei\/#primaryimage\"},\"thumbnailUrl\":\"https:\/\/apuntesdesanluis.com\/wp-content\/uploads\/2023\/11\/milei-massa.png\",\"articleSection\":[\"Nacionales\/Internacionales\"],\"inLanguage\":\"es-AR\"},{\"@type\":\"WebPage\",\"@id\":\"https:\/\/apuntesdesanluis.com\/index.php\/2023\/11\/10\/expectativa-por-el-ultimo-debate-presidencial-entre-massa-y-milei\/\",\"url\":\"https:\/\/apuntesdesanluis.com\/index.php\/2023\/11\/10\/expectativa-por-el-ultimo-debate-presidencial-entre-massa-y-milei\/\",\"name\":\"EXPECTATIVA POR EL \u00daLTIMO DEBATE PRESIDENCIAL ENTRE MASSA Y MILEI - Apuntes de San Luis\",\"isPartOf\":{\"@id\":\"https:\/\/apuntesdesanluis.com\/#website\"},\"primaryImageOfPage\":{\"@id\":\"https:\/\/apuntesdesanluis.com\/index.php\/2023\/11\/10\/expectativa-por-el-ultimo-debate-presidencial-entre-massa-y-milei\/#primaryimage\"},\"image\":{\"@id\":\"https:\/\/apuntesdesanluis.com\/index.php\/2023\/11\/10\/expectativa-por-el-ultimo-debate-presidencial-entre-massa-y-milei\/#primaryimage\"},\"thumbnailUrl\":\"https:\/\/apuntesdesanluis.com\/wp-content\/uploads\/2023\/11\/milei-massa.png\",\"datePublished\":\"2023-11-11T01:38:59+00:00\",\"breadcrumb\":{\"@id\":\"https:\/\/apuntesdesanluis.com\/index.php\/2023\/11\/10\/expectativa-por-el-ultimo-debate-presidencial-entre-massa-y-milei\/#breadcrumb\"},\"inLanguage\":\"es-AR\",\"potentialAction\":[{\"@type\":\"ReadAction\",\"target\":[\"https:\/\/apuntesdesanluis.com\/index.php\/2023\/11\/10\/expectativa-por-el-ultimo-debate-presidencial-entre-massa-y-milei\/\"]}]},{\"@type\":\"ImageObject\",\"inLanguage\":\"es-AR\",\"@id\":\"https:\/\/apuntesdesanluis.com\/index.php\/2023\/11\/10\/expectativa-por-el-ultimo-debate-presidencial-entre-massa-y-milei\/#primaryimage\",\"url\":\"https:\/\/apuntesdesanluis.com\/wp-content\/uploads\/2023\/11\/milei-massa.png\",\"contentUrl\":\"https:\/\/apuntesdesanluis.com\/wp-content\/uploads\/2023\/11\/milei-massa.png\",\"width\":600,\"height\":355},{\"@type\":\"BreadcrumbList\",\"@id\":\"https:\/\/apuntesdesanluis.com\/index.php\/2023\/11\/10\/expectativa-por-el-ultimo-debate-presidencial-entre-massa-y-milei\/#breadcrumb\",\"itemListElement\":[{\"@type\":\"ListItem\",\"position\":1,\"name\":\"Inicio\",\"item\":\"https:\/\/apuntesdesanluis.com\/\"},{\"@type\":\"ListItem\",\"position\":2,\"name\":\"EXPECTATIVA POR EL \u00daLTIMO DEBATE PRESIDENCIAL ENTRE MASSA Y MILEI\"}]},{\"@type\":\"WebSite\",\"@id\":\"https:\/\/apuntesdesanluis.com\/#website\",\"url\":\"https:\/\/apuntesdesanluis.com\/\",\"name\":\"Apuntes de San Luis\",\"description\":\"\",\"publisher\":{\"@id\":\"https:\/\/apuntesdesanluis.com\/#\/schema\/person\/b55151d52296fcce64d1a72538a70b90\"},\"potentialAction\":[{\"@type\":\"SearchAction\",\"target\":{\"@type\":\"EntryPoint\",\"urlTemplate\":\"https:\/\/apuntesdesanluis.com\/?s={search_term_string}\"},\"query-input\":{\"@type\":\"PropertyValueSpecification\",\"valueRequired\":true,\"valueName\":\"search_term_string\"}}],\"inLanguage\":\"es-AR\"},{\"@type\":[\"Person\",\"Organization\"],\"@id\":\"https:\/\/apuntesdesanluis.com\/#\/schema\/person\/b55151d52296fcce64d1a72538a70b90\",\"name\":\"apuntesdesanluis.com\",\"image\":{\"@type\":\"ImageObject\",\"inLanguage\":\"es-AR\",\"@id\":\"https:\/\/apuntesdesanluis.com\/#\/schema\/person\/image\/\",\"url\":\"https:\/\/apuntesdesanluis.com\/wp-content\/uploads\/2023\/07\/cropped-apuntesdesanluis.png\",\"contentUrl\":\"https:\/\/apuntesdesanluis.com\/wp-content\/uploads\/2023\/07\/cropped-apuntesdesanluis.png\",\"width\":450,\"height\":112,\"caption\":\"apuntesdesanluis.com\"},\"logo\":{\"@id\":\"https:\/\/apuntesdesanluis.com\/#\/schema\/person\/image\/\"},\"sameAs\":[\"https:\/\/apuntesdesanluis.com\"],\"url\":\"https:\/\/apuntesdesanluis.com\/index.php\/author\/apuntesdesanluis-com\/\"}]}<\/script>\n<!-- \/ Yoast SEO plugin. -->","yoast_head_json":{"title":"EXPECTATIVA POR EL \u00daLTIMO DEBATE PRESIDENCIAL ENTRE MASSA Y MILEI - Apuntes de San Luis","robots":{"index":"index","follow":"follow","max-snippet":"max-snippet:-1","max-image-preview":"max-image-preview:large","max-video-preview":"max-video-preview:-1"},"canonical":"https:\/\/apuntesdesanluis.com\/index.php\/2023\/11\/10\/expectativa-por-el-ultimo-debate-presidencial-entre-massa-y-milei\/","og_locale":"es_ES","og_type":"article","og_title":"EXPECTATIVA POR EL \u00daLTIMO DEBATE PRESIDENCIAL ENTRE MASSA Y MILEI - Apuntes de San Luis","og_description":"El tercer debate presidencial concentra toda la expectativa y se espera una gran audiencia, teniendo...","og_url":"https:\/\/apuntesdesanluis.com\/index.php\/2023\/11\/10\/expectativa-por-el-ultimo-debate-presidencial-entre-massa-y-milei\/","og_site_name":"Apuntes de San Luis","article_published_time":"2023-11-11T01:38:59+00:00","og_image":[{"width":600,"height":355,"url":"https:\/\/apuntesdesanluis.com\/wp-content\/uploads\/2023\/11\/milei-massa.png","type":"image\/png"}],"author":"apuntesdesanluis.com","twitter_card":"summary_large_image","twitter_misc":{"Escrito por":"apuntesdesanluis.com","Tiempo de lectura":"2 minutos"},"schema":{"@context":"https:\/\/schema.org","@graph":[{"@type":"Article","@id":"https:\/\/apuntesdesanluis.com\/index.php\/2023\/11\/10\/expectativa-por-el-ultimo-debate-presidencial-entre-massa-y-milei\/#article","isPartOf":{"@id":"https:\/\/apuntesdesanluis.com\/index.php\/2023\/11\/10\/expectativa-por-el-ultimo-debate-presidencial-entre-massa-y-milei\/"},"author":{"name":"apuntesdesanluis.com","@id":"https:\/\/apuntesdesanluis.com\/#\/schema\/person\/b55151d52296fcce64d1a72538a70b90"},"headline":"EXPECTATIVA POR EL \u00daLTIMO DEBATE PRESIDENCIAL ENTRE MASSA Y MILEI","datePublished":"2023-11-11T01:38:59+00:00","mainEntityOfPage":{"@id":"https:\/\/apuntesdesanluis.com\/index.php\/2023\/11\/10\/expectativa-por-el-ultimo-debate-presidencial-entre-massa-y-milei\/"},"wordCount":337,"publisher":{"@id":"https:\/\/apuntesdesanluis.com\/#\/schema\/person\/b55151d52296fcce64d1a72538a70b90"},"image":{"@id":"https:\/\/apuntesdesanluis.com\/index.php\/2023\/11\/10\/expectativa-por-el-ultimo-debate-presidencial-entre-massa-y-milei\/#primaryimage"},"thumbnailUrl":"https:\/\/apuntesdesanluis.com\/wp-content\/uploads\/2023\/11\/milei-massa.png","articleSection":["Nacionales\/Internacionales"],"inLanguage":"es-AR"},{"@type":"WebPage","@id":"https:\/\/apuntesdesanluis.com\/index.php\/2023\/11\/10\/expectativa-por-el-ultimo-debate-presidencial-entre-massa-y-milei\/","url":"https:\/\/apuntesdesanluis.com\/index.php\/2023\/11\/10\/expectativa-por-el-ultimo-debate-presidencial-entre-massa-y-milei\/","name":"EXPECTATIVA POR EL \u00daLTIMO DEBATE PRESIDENCIAL ENTRE MASSA Y MILEI - Apuntes de San Luis","isPartOf":{"@id":"https:\/\/apuntesdesanluis.com\/#website"},"primaryImageOfPage":{"@id":"https:\/\/apuntesdesanluis.com\/index.php\/2023\/11\/10\/expectativa-por-el-ultimo-debate-presidencial-entre-massa-y-milei\/#primaryimage"},"image":{"@id":"https:\/\/apuntesdesanluis.com\/index.php\/2023\/11\/10\/expectativa-por-el-ultimo-debate-presidencial-entre-massa-y-milei\/#primaryimage"},"thumbnailUrl":"https:\/\/apuntesdesanluis.com\/wp-content\/uploads\/2023\/11\/milei-massa.png","datePublished":"2023-11-11T01:38:59+00:00","breadcrumb":{"@id":"https:\/\/apuntesdesanluis.com\/index.php\/2023\/11\/10\/expectativa-por-el-ultimo-debate-presidencial-entre-massa-y-milei\/#breadcrumb"},"inLanguage":"es-AR","potentialAction":[{"@type":"ReadAction","target":["https:\/\/apuntesdesanluis.com\/index.php\/2023\/11\/10\/expectativa-por-el-ultimo-debate-presidencial-entre-massa-y-milei\/"]}]},{"@type":"ImageObject","inLanguage":"es-AR","@id":"https:\/\/apuntesdesanluis.com\/index.php\/2023\/11\/10\/expectativa-por-el-ultimo-debate-presidencial-entre-massa-y-milei\/#primaryimage","url":"https:\/\/apuntesdesanluis.com\/wp-content\/uploads\/2023\/11\/milei-massa.png","contentUrl":"https:\/\/apuntesdesanluis.com\/wp-content\/uploads\/2023\/11\/milei-massa.png","width":600,"height":355},{"@type":"BreadcrumbList","@id":"https:\/\/apuntesdesanluis.com\/index.php\/2023\/11\/10\/expectativa-por-el-ultimo-debate-presidencial-entre-massa-y-milei\/#breadcrumb","itemListElement":[{"@type":"ListItem","position":1,"name":"Inicio","item":"https:\/\/apuntesdesanluis.com\/"},{"@type":"ListItem","position":2,"name":"EXPECTATIVA POR EL \u00daLTIMO DEBATE PRESIDENCIAL ENTRE MASSA Y MILEI"}]},{"@type":"WebSite","@id":"https:\/\/apuntesdesanluis.com\/#website","url":"https:\/\/apuntesdesanluis.com\/","name":"Apuntes de San Luis","description":"","publisher":{"@id":"https:\/\/apuntesdesanluis.com\/#\/schema\/person\/b55151d52296fcce64d1a72538a70b90"},"potentialAction":[{"@type":"SearchAction","target":{"@type":"EntryPoint","urlTemplate":"https:\/\/apuntesdesanluis.com\/?s={search_term_string}"},"query-input":{"@type":"PropertyValueSpecification","valueRequired":true,"valueName":"search_term_string"}}],"inLanguage":"es-AR"},{"@type":["Person","Organization"],"@id":"https:\/\/apuntesdesanluis.com\/#\/schema\/person\/b55151d52296fcce64d1a72538a70b90","name":"apuntesdesanluis.com","image":{"@type":"ImageObject","inLanguage":"es-AR","@id":"https:\/\/apuntesdesanluis.com\/#\/schema\/person\/image\/","url":"https:\/\/apuntesdesanluis.com\/wp-content\/uploads\/2023\/07\/cropped-apuntesdesanluis.png","contentUrl":"https:\/\/apuntesdesanluis.com\/wp-content\/uploads\/2023\/07\/cropped-apuntesdesanluis.png","width":450,"height":112,"caption":"apuntesdesanluis.com"},"logo":{"@id":"https:\/\/apuntesdesanluis.com\/#\/schema\/person\/image\/"},"sameAs":["https:\/\/apuntesdesanluis.com"],"url":"https:\/\/apuntesdesanluis.com\/index.php\/author\/apuntesdesanluis-com\/"}]}},"featured_image_urls":{"full":["https:\/\/apuntesdesanluis.com\/wp-content\/uploads\/2023\/11\/milei-massa.png",600,355,false],"thumbnail":["https:\/\/apuntesdesanluis.com\/wp-content\/uploads\/2023\/11\/milei-massa-150x150.png",150,150,true],"medium":["https:\/\/apuntesdesanluis.com\/wp-content\/uploads\/2023\/11\/milei-massa-300x178.png",300,178,true],"medium_large":["https:\/\/apuntesdesanluis.com\/wp-content\/uploads\/2023\/11\/milei-massa.png",600,355,false],"large":["https:\/\/apuntesdesanluis.com\/wp-content\/uploads\/2023\/11\/milei-massa.png",600,355,false],"1536x1536":["https:\/\/apuntesdesanluis.com\/wp-content\/uploads\/2023\/11\/milei-massa.png",600,355,false],"2048x2048":["https:\/\/apuntesdesanluis.com\/wp-content\/uploads\/2023\/11\/milei-massa.png",600,355,false],"newsever-slider-full":["https:\/\/apuntesdesanluis.com\/wp-content\/uploads\/2023\/11\/milei-massa.png",600,355,false],"newsever-featured":["https:\/\/apuntesdesanluis.com\/wp-content\/uploads\/2023\/11\/milei-massa.png",600,355,false],"newsever-medium":["https:\/\/apuntesdesanluis.com\/wp-content\/uploads\/2023\/11\/milei-massa.png",600,355,false]},"author_info":{"display_name":"apuntesdesanluis.com","author_link":"https:\/\/apuntesdesanluis.com\/index.php\/author\/apuntesdesanluis-com\/"},"category_info":"<a href=\"https:\/\/apuntesdesanluis.com\/index.php\/category\/nacionales-internacionales\/\" rel=\"category tag\">Nacionales\/Internacionales<\/a>","tag_info":"Nacionales\/Internacionales","comment_count":"0","_links":{"self":[{"href":"https:\/\/apuntesdesanluis.com\/index.php\/wp-json\/wp\/v2\/posts\/6656","targetHints":{"allow":["GET"]}}],"collection":[{"href":"https:\/\/apuntesdesanluis.com\/index.php\/wp-json\/wp\/v2\/posts"}],"about":[{"href":"https:\/\/apuntesdesanluis.com\/index.php\/wp-json\/wp\/v2\/types\/post"}],"author":[{"embeddable":true,"href":"https:\/\/apuntesdesanluis.com\/index.php\/wp-json\/wp\/v2\/users\/1"}],"replies":[{"embeddable":true,"href":"https:\/\/apuntesdesanluis.com\/index.php\/wp-json\/wp\/v2\/comments?post=6656"}],"version-history":[{"count":1,"href":"https:\/\/apuntesdesanluis.com\/index.php\/wp-json\/wp\/v2\/posts\/6656\/revisions"}],"predecessor-version":[{"id":6658,"href":"https:\/\/apuntesdesanluis.com\/index.php\/wp-json\/wp\/v2\/posts\/6656\/revisions\/6658"}],"wp:featuredmedia":[{"embeddable":true,"href":"https:\/\/apuntesdesanluis.com\/index.php\/wp-json\/wp\/v2\/media\/6657"}],"wp:attachment":[{"href":"https:\/\/apuntesdesanluis.com\/index.php\/wp-json\/wp\/v2\/media?parent=6656"}],"wp:term":[{"taxonomy":"category","embeddable":true,"href":"https:\/\/apuntesdesanluis.com\/index.php\/wp-json\/wp\/v2\/categories?post=6656"},{"taxonomy":"post_tag","embeddable":true,"href":"https:\/\/apuntesdesanluis.com\/index.php\/wp-json\/wp\/v2\/tags?post=6656"}],"curies":[{"name":"wp","href":"https:\/\/api.w.org\/{rel}","templated":true}]}}