{"id":669,"date":"2023-07-29T23:41:38","date_gmt":"2023-07-30T02:41:38","guid":{"rendered":"https:\/\/apuntesdesanluis.com\/?p=669"},"modified":"2023-07-30T09:35:07","modified_gmt":"2023-07-30T12:35:07","slug":"de-la-noche-de-los-bastones-largos-a-los-ataques-del-presente","status":"publish","type":"post","link":"https:\/\/apuntesdesanluis.com\/index.php\/2023\/07\/29\/de-la-noche-de-los-bastones-largos-a-los-ataques-del-presente\/","title":{"rendered":"DE \u201cLA NOCHE DE LOS BASTONES LARGOS\u201d A LOS ATAQUES DEL PRESENTE"},"content":{"rendered":"<h3>Por <strong><em>Ing. Arnoldo Domingo Pucci<\/em> *<\/strong><\/h3>\n<h3><img fetchpriority=\"high\" decoding=\"async\" class=\"wp-image-671 aligncenter\" src=\"https:\/\/apuntesdesanluis.com\/wp-content\/uploads\/2023\/07\/pucci.jpg\" alt=\"\" width=\"550\" height=\"320\" \/><\/h3>\n<h3>De un tiempo a esta parte, ciertos sectores pol\u00edticos insisten en sus ataques sistem\u00e1ticos contra la Universidad P\u00fablica, gratuita e inclusiva. Lo vienen diciendo con diferentes palabras, pero con un trasfondo similar. Recordemos algunas de esas expresiones:<\/h3>\n<h3>&#8211; \u201c\u00bfQu\u00e9 es eso de universidades por todos lados?\u201d.<\/h3>\n<h3>&#8211; \u201c\u00bfEs de equidad que durante a\u00f1os hayamos poblado la provincia de Buenos Aires de universidades p\u00fablicas cuando todos los que estamos ac\u00e1 sabemos que nadie que nace en la pobreza en la Argentina hoy llega a la universidad?\u201d.<\/h3>\n<h3>&#8211; \u201cUna terrible inequidad, de aqu\u00e9l que puede ir a la escuela privada versus aqu\u00e9l que tiene que caer en la escuela p\u00fablica\u201d.<\/h3>\n<h3>Hoy m\u00e1s que nunca debemos recordar aquel 29 de julio de 1966, d\u00eda en que las universidades fueron intervenidas y ocupadas militarmente en lo que se conoce como La Noche de los Bastones Largos<strong>,<\/strong> en donde cientos de docentes, no docentes y alumnos que ocupaban edificios de la Universidad de Buenos Aires y salieron en defensa de la universidad p\u00fablica y gratuita y la libertad de c\u00e1tedra, fueron salvajemente golpeados por la infanter\u00eda de la Polic\u00eda Federal, enviados por el entonces presidente de facto Ongan\u00eda, quien hab\u00eda decretado la intervenci\u00f3n a las universidades nacionales y la \u201cdepuraci\u00f3n\u201d acad\u00e9mica, es decir, la expulsi\u00f3n de las casas de altos estudios a los profesores opositores, sin importar su nivel acad\u00e9mico.<\/h3>\n<h3>Este a\u00f1o pareci\u00f3 revivirse aquel episodio del siglo pasado, sucedido en dictadura, pero esta vez quiz\u00e1s m\u00e1s grave, porque estamos en democracia. Sucedi\u00f3 en Jujuy, cuando efectivos de la Polic\u00eda de esa provincia irrumpieron en la Universidad Nacional de Jujuy, en una sesi\u00f3n del Consejo Superior de esa universidad. Ver ese ingreso policial violando la autonom\u00eda universitaria y las leyes, deteniendo docentes, en el marco del a\u00f1o en que se conmemoran los 40 a\u00f1os de democracia que tan caro nos costara a todos y todas los argentinos, provoca indignaci\u00f3n y tristeza.<\/h3>\n<h3>Quienes tuvimos la suerte de \u201ccaer en la educaci\u00f3n p\u00fablica\u201d, nos formamos en la universidad p\u00fablica y gratuita, una gran mayor\u00eda siendo primera generaci\u00f3n de universitarios en nuestras familias y siendo hijos\/as de trabajadores\/es, ratificamos nuestra pertenencia al sistema universitario argentino y debemos recordar y tener m\u00e1s presente que nunca lo ocurrido esa noche de un 29 de julio, <strong>PARA DECIRLES<\/strong> <strong>NUNCA M\u00c1S<\/strong>, y tambi\u00e9n asumir el compromiso con todos los que sufrieron <strong>LA NOCHE DE LOS BASTONES LARGOS<\/strong>, que vamos a defender de todos los embates que sufra o los intentos de desarticulaci\u00f3n que se pretendan realizar a nuestras universidad p\u00fablicas, inclusivas y gratuitas.<\/h3>\n<h3>Para que siga siendo una realidad lo que los constituyentes de 1853 pusieron en el Pre\u00e1mbulo de nuestra Constituci\u00f3n, con una gran visi\u00f3n estrat\u00e9gica: <em>\u201dAsegurar los beneficios de la libertad, para nosotros, para nuestra posteridad y para todos los hombres del mundo que quieran habitar en el suelo argentino\u201d.<\/em><\/h3>\n<h3><strong><em>* Sec. Gral. de ADOI-UNViMe. Director de Seguridad y Salud Laboral CONADU.<\/em><\/strong><\/h3>\n<p><strong><em>\u00a0<\/em><\/strong><\/p>\n<p><strong><em>\u00a0<\/em><\/strong><\/p>\n","protected":false},"excerpt":{"rendered":"<p>Por Ing. Arnoldo Domingo Pucci * De un tiempo a esta parte, ciertos sectores pol\u00edticos&#8230;<\/p>\n","protected":false},"author":1,"featured_media":670,"comment_status":"closed","ping_status":"closed","sticky":false,"template":"","format":"standard","meta":{"footnotes":""},"categories":[9],"tags":[],"class_list":["post-669","post","type-post","status-publish","format-standard","has-post-thumbnail","hentry","category-opinion"],"yoast_head":"<!-- This site is optimized with the Yoast SEO plugin v26.1.1 - https:\/\/yoast.com\/wordpress\/plugins\/seo\/ -->\n<title>DE \u201cLA NOCHE DE LOS BASTONES LARGOS\u201d A LOS ATAQUES DEL PRESENTE - Apuntes de San Luis<\/title>\n<meta name=\"robots\" content=\"index, follow, max-snippet:-1, max-image-preview:large, max-video-preview:-1\" \/>\n<link rel=\"canonical\" href=\"https:\/\/apuntesdesanluis.com\/index.php\/2023\/07\/29\/de-la-noche-de-los-bastones-largos-a-los-ataques-del-presente\/\" \/>\n<meta property=\"og:locale\" content=\"es_ES\" \/>\n<meta property=\"og:type\" content=\"article\" \/>\n<meta property=\"og:title\" content=\"DE \u201cLA NOCHE DE LOS BASTONES LARGOS\u201d A LOS ATAQUES DEL PRESENTE - Apuntes de San Luis\" \/>\n<meta property=\"og:description\" content=\"Por Ing. Arnoldo Domingo Pucci * De un tiempo a esta parte, ciertos sectores pol\u00edticos...\" \/>\n<meta property=\"og:url\" content=\"https:\/\/apuntesdesanluis.com\/index.php\/2023\/07\/29\/de-la-noche-de-los-bastones-largos-a-los-ataques-del-presente\/\" \/>\n<meta property=\"og:site_name\" content=\"Apuntes de San Luis\" \/>\n<meta property=\"article:published_time\" content=\"2023-07-30T02:41:38+00:00\" \/>\n<meta property=\"article:modified_time\" content=\"2023-07-30T12:35:07+00:00\" \/>\n<meta property=\"og:image\" content=\"https:\/\/apuntesdesanluis.com\/wp-content\/uploads\/2023\/07\/dos-1.png\" \/>\n\t<meta property=\"og:image:width\" content=\"515\" \/>\n\t<meta property=\"og:image:height\" content=\"275\" \/>\n\t<meta property=\"og:image:type\" content=\"image\/png\" \/>\n<meta name=\"author\" content=\"apuntesdesanluis.com\" \/>\n<meta name=\"twitter:card\" content=\"summary_large_image\" \/>\n<meta name=\"twitter:label1\" content=\"Escrito por\" \/>\n\t<meta name=\"twitter:data1\" content=\"apuntesdesanluis.com\" \/>\n\t<meta name=\"twitter:label2\" content=\"Tiempo de lectura\" \/>\n\t<meta name=\"twitter:data2\" content=\"3 minutos\" \/>\n<script type=\"application\/ld+json\" class=\"yoast-schema-graph\">{\"@context\":\"https:\/\/schema.org\",\"@graph\":[{\"@type\":\"Article\",\"@id\":\"https:\/\/apuntesdesanluis.com\/index.php\/2023\/07\/29\/de-la-noche-de-los-bastones-largos-a-los-ataques-del-presente\/#article\",\"isPartOf\":{\"@id\":\"https:\/\/apuntesdesanluis.com\/index.php\/2023\/07\/29\/de-la-noche-de-los-bastones-largos-a-los-ataques-del-presente\/\"},\"author\":{\"name\":\"apuntesdesanluis.com\",\"@id\":\"https:\/\/apuntesdesanluis.com\/#\/schema\/person\/b55151d52296fcce64d1a72538a70b90\"},\"headline\":\"DE \u201cLA NOCHE DE LOS BASTONES LARGOS\u201d A LOS ATAQUES DEL PRESENTE\",\"datePublished\":\"2023-07-30T02:41:38+00:00\",\"dateModified\":\"2023-07-30T12:35:07+00:00\",\"mainEntityOfPage\":{\"@id\":\"https:\/\/apuntesdesanluis.com\/index.php\/2023\/07\/29\/de-la-noche-de-los-bastones-largos-a-los-ataques-del-presente\/\"},\"wordCount\":539,\"publisher\":{\"@id\":\"https:\/\/apuntesdesanluis.com\/#\/schema\/person\/b55151d52296fcce64d1a72538a70b90\"},\"image\":{\"@id\":\"https:\/\/apuntesdesanluis.com\/index.php\/2023\/07\/29\/de-la-noche-de-los-bastones-largos-a-los-ataques-del-presente\/#primaryimage\"},\"thumbnailUrl\":\"https:\/\/apuntesdesanluis.com\/wp-content\/uploads\/2023\/07\/dos-1.png\",\"articleSection\":[\"Opini\u00f3n\"],\"inLanguage\":\"es-AR\"},{\"@type\":\"WebPage\",\"@id\":\"https:\/\/apuntesdesanluis.com\/index.php\/2023\/07\/29\/de-la-noche-de-los-bastones-largos-a-los-ataques-del-presente\/\",\"url\":\"https:\/\/apuntesdesanluis.com\/index.php\/2023\/07\/29\/de-la-noche-de-los-bastones-largos-a-los-ataques-del-presente\/\",\"name\":\"DE \u201cLA NOCHE DE LOS BASTONES LARGOS\u201d A LOS ATAQUES DEL PRESENTE - Apuntes de San Luis\",\"isPartOf\":{\"@id\":\"https:\/\/apuntesdesanluis.com\/#website\"},\"primaryImageOfPage\":{\"@id\":\"https:\/\/apuntesdesanluis.com\/index.php\/2023\/07\/29\/de-la-noche-de-los-bastones-largos-a-los-ataques-del-presente\/#primaryimage\"},\"image\":{\"@id\":\"https:\/\/apuntesdesanluis.com\/index.php\/2023\/07\/29\/de-la-noche-de-los-bastones-largos-a-los-ataques-del-presente\/#primaryimage\"},\"thumbnailUrl\":\"https:\/\/apuntesdesanluis.com\/wp-content\/uploads\/2023\/07\/dos-1.png\",\"datePublished\":\"2023-07-30T02:41:38+00:00\",\"dateModified\":\"2023-07-30T12:35:07+00:00\",\"breadcrumb\":{\"@id\":\"https:\/\/apuntesdesanluis.com\/index.php\/2023\/07\/29\/de-la-noche-de-los-bastones-largos-a-los-ataques-del-presente\/#breadcrumb\"},\"inLanguage\":\"es-AR\",\"potentialAction\":[{\"@type\":\"ReadAction\",\"target\":[\"https:\/\/apuntesdesanluis.com\/index.php\/2023\/07\/29\/de-la-noche-de-los-bastones-largos-a-los-ataques-del-presente\/\"]}]},{\"@type\":\"ImageObject\",\"inLanguage\":\"es-AR\",\"@id\":\"https:\/\/apuntesdesanluis.com\/index.php\/2023\/07\/29\/de-la-noche-de-los-bastones-largos-a-los-ataques-del-presente\/#primaryimage\",\"url\":\"https:\/\/apuntesdesanluis.com\/wp-content\/uploads\/2023\/07\/dos-1.png\",\"contentUrl\":\"https:\/\/apuntesdesanluis.com\/wp-content\/uploads\/2023\/07\/dos-1.png\",\"width\":515,\"height\":275},{\"@type\":\"BreadcrumbList\",\"@id\":\"https:\/\/apuntesdesanluis.com\/index.php\/2023\/07\/29\/de-la-noche-de-los-bastones-largos-a-los-ataques-del-presente\/#breadcrumb\",\"itemListElement\":[{\"@type\":\"ListItem\",\"position\":1,\"name\":\"Inicio\",\"item\":\"https:\/\/apuntesdesanluis.com\/\"},{\"@type\":\"ListItem\",\"position\":2,\"name\":\"DE \u201cLA NOCHE DE LOS BASTONES LARGOS\u201d A LOS ATAQUES DEL PRESENTE\"}]},{\"@type\":\"WebSite\",\"@id\":\"https:\/\/apuntesdesanluis.com\/#website\",\"url\":\"https:\/\/apuntesdesanluis.com\/\",\"name\":\"Apuntes de San Luis\",\"description\":\"\",\"publisher\":{\"@id\":\"https:\/\/apuntesdesanluis.com\/#\/schema\/person\/b55151d52296fcce64d1a72538a70b90\"},\"potentialAction\":[{\"@type\":\"SearchAction\",\"target\":{\"@type\":\"EntryPoint\",\"urlTemplate\":\"https:\/\/apuntesdesanluis.com\/?s={search_term_string}\"},\"query-input\":{\"@type\":\"PropertyValueSpecification\",\"valueRequired\":true,\"valueName\":\"search_term_string\"}}],\"inLanguage\":\"es-AR\"},{\"@type\":[\"Person\",\"Organization\"],\"@id\":\"https:\/\/apuntesdesanluis.com\/#\/schema\/person\/b55151d52296fcce64d1a72538a70b90\",\"name\":\"apuntesdesanluis.com\",\"image\":{\"@type\":\"ImageObject\",\"inLanguage\":\"es-AR\",\"@id\":\"https:\/\/apuntesdesanluis.com\/#\/schema\/person\/image\/\",\"url\":\"https:\/\/apuntesdesanluis.com\/wp-content\/uploads\/2023\/07\/cropped-apuntesdesanluis.png\",\"contentUrl\":\"https:\/\/apuntesdesanluis.com\/wp-content\/uploads\/2023\/07\/cropped-apuntesdesanluis.png\",\"width\":450,\"height\":112,\"caption\":\"apuntesdesanluis.com\"},\"logo\":{\"@id\":\"https:\/\/apuntesdesanluis.com\/#\/schema\/person\/image\/\"},\"sameAs\":[\"https:\/\/apuntesdesanluis.com\"],\"url\":\"https:\/\/apuntesdesanluis.com\/index.php\/author\/apuntesdesanluis-com\/\"}]}<\/script>\n<!-- \/ Yoast SEO plugin. -->","yoast_head_json":{"title":"DE \u201cLA NOCHE DE LOS BASTONES LARGOS\u201d A LOS ATAQUES DEL PRESENTE - Apuntes de San Luis","robots":{"index":"index","follow":"follow","max-snippet":"max-snippet:-1","max-image-preview":"max-image-preview:large","max-video-preview":"max-video-preview:-1"},"canonical":"https:\/\/apuntesdesanluis.com\/index.php\/2023\/07\/29\/de-la-noche-de-los-bastones-largos-a-los-ataques-del-presente\/","og_locale":"es_ES","og_type":"article","og_title":"DE \u201cLA NOCHE DE LOS BASTONES LARGOS\u201d A LOS ATAQUES DEL PRESENTE - Apuntes de San Luis","og_description":"Por Ing. Arnoldo Domingo Pucci * De un tiempo a esta parte, ciertos sectores pol\u00edticos...","og_url":"https:\/\/apuntesdesanluis.com\/index.php\/2023\/07\/29\/de-la-noche-de-los-bastones-largos-a-los-ataques-del-presente\/","og_site_name":"Apuntes de San Luis","article_published_time":"2023-07-30T02:41:38+00:00","article_modified_time":"2023-07-30T12:35:07+00:00","og_image":[{"width":515,"height":275,"url":"https:\/\/apuntesdesanluis.com\/wp-content\/uploads\/2023\/07\/dos-1.png","type":"image\/png"}],"author":"apuntesdesanluis.com","twitter_card":"summary_large_image","twitter_misc":{"Escrito por":"apuntesdesanluis.com","Tiempo de lectura":"3 minutos"},"schema":{"@context":"https:\/\/schema.org","@graph":[{"@type":"Article","@id":"https:\/\/apuntesdesanluis.com\/index.php\/2023\/07\/29\/de-la-noche-de-los-bastones-largos-a-los-ataques-del-presente\/#article","isPartOf":{"@id":"https:\/\/apuntesdesanluis.com\/index.php\/2023\/07\/29\/de-la-noche-de-los-bastones-largos-a-los-ataques-del-presente\/"},"author":{"name":"apuntesdesanluis.com","@id":"https:\/\/apuntesdesanluis.com\/#\/schema\/person\/b55151d52296fcce64d1a72538a70b90"},"headline":"DE \u201cLA NOCHE DE LOS BASTONES LARGOS\u201d A LOS ATAQUES DEL PRESENTE","datePublished":"2023-07-30T02:41:38+00:00","dateModified":"2023-07-30T12:35:07+00:00","mainEntityOfPage":{"@id":"https:\/\/apuntesdesanluis.com\/index.php\/2023\/07\/29\/de-la-noche-de-los-bastones-largos-a-los-ataques-del-presente\/"},"wordCount":539,"publisher":{"@id":"https:\/\/apuntesdesanluis.com\/#\/schema\/person\/b55151d52296fcce64d1a72538a70b90"},"image":{"@id":"https:\/\/apuntesdesanluis.com\/index.php\/2023\/07\/29\/de-la-noche-de-los-bastones-largos-a-los-ataques-del-presente\/#primaryimage"},"thumbnailUrl":"https:\/\/apuntesdesanluis.com\/wp-content\/uploads\/2023\/07\/dos-1.png","articleSection":["Opini\u00f3n"],"inLanguage":"es-AR"},{"@type":"WebPage","@id":"https:\/\/apuntesdesanluis.com\/index.php\/2023\/07\/29\/de-la-noche-de-los-bastones-largos-a-los-ataques-del-presente\/","url":"https:\/\/apuntesdesanluis.com\/index.php\/2023\/07\/29\/de-la-noche-de-los-bastones-largos-a-los-ataques-del-presente\/","name":"DE \u201cLA NOCHE DE LOS BASTONES LARGOS\u201d A LOS ATAQUES DEL PRESENTE - Apuntes de San Luis","isPartOf":{"@id":"https:\/\/apuntesdesanluis.com\/#website"},"primaryImageOfPage":{"@id":"https:\/\/apuntesdesanluis.com\/index.php\/2023\/07\/29\/de-la-noche-de-los-bastones-largos-a-los-ataques-del-presente\/#primaryimage"},"image":{"@id":"https:\/\/apuntesdesanluis.com\/index.php\/2023\/07\/29\/de-la-noche-de-los-bastones-largos-a-los-ataques-del-presente\/#primaryimage"},"thumbnailUrl":"https:\/\/apuntesdesanluis.com\/wp-content\/uploads\/2023\/07\/dos-1.png","datePublished":"2023-07-30T02:41:38+00:00","dateModified":"2023-07-30T12:35:07+00:00","breadcrumb":{"@id":"https:\/\/apuntesdesanluis.com\/index.php\/2023\/07\/29\/de-la-noche-de-los-bastones-largos-a-los-ataques-del-presente\/#breadcrumb"},"inLanguage":"es-AR","potentialAction":[{"@type":"ReadAction","target":["https:\/\/apuntesdesanluis.com\/index.php\/2023\/07\/29\/de-la-noche-de-los-bastones-largos-a-los-ataques-del-presente\/"]}]},{"@type":"ImageObject","inLanguage":"es-AR","@id":"https:\/\/apuntesdesanluis.com\/index.php\/2023\/07\/29\/de-la-noche-de-los-bastones-largos-a-los-ataques-del-presente\/#primaryimage","url":"https:\/\/apuntesdesanluis.com\/wp-content\/uploads\/2023\/07\/dos-1.png","contentUrl":"https:\/\/apuntesdesanluis.com\/wp-content\/uploads\/2023\/07\/dos-1.png","width":515,"height":275},{"@type":"BreadcrumbList","@id":"https:\/\/apuntesdesanluis.com\/index.php\/2023\/07\/29\/de-la-noche-de-los-bastones-largos-a-los-ataques-del-presente\/#breadcrumb","itemListElement":[{"@type":"ListItem","position":1,"name":"Inicio","item":"https:\/\/apuntesdesanluis.com\/"},{"@type":"ListItem","position":2,"name":"DE \u201cLA NOCHE DE LOS BASTONES LARGOS\u201d A LOS ATAQUES DEL PRESENTE"}]},{"@type":"WebSite","@id":"https:\/\/apuntesdesanluis.com\/#website","url":"https:\/\/apuntesdesanluis.com\/","name":"Apuntes de San Luis","description":"","publisher":{"@id":"https:\/\/apuntesdesanluis.com\/#\/schema\/person\/b55151d52296fcce64d1a72538a70b90"},"potentialAction":[{"@type":"SearchAction","target":{"@type":"EntryPoint","urlTemplate":"https:\/\/apuntesdesanluis.com\/?s={search_term_string}"},"query-input":{"@type":"PropertyValueSpecification","valueRequired":true,"valueName":"search_term_string"}}],"inLanguage":"es-AR"},{"@type":["Person","Organization"],"@id":"https:\/\/apuntesdesanluis.com\/#\/schema\/person\/b55151d52296fcce64d1a72538a70b90","name":"apuntesdesanluis.com","image":{"@type":"ImageObject","inLanguage":"es-AR","@id":"https:\/\/apuntesdesanluis.com\/#\/schema\/person\/image\/","url":"https:\/\/apuntesdesanluis.com\/wp-content\/uploads\/2023\/07\/cropped-apuntesdesanluis.png","contentUrl":"https:\/\/apuntesdesanluis.com\/wp-content\/uploads\/2023\/07\/cropped-apuntesdesanluis.png","width":450,"height":112,"caption":"apuntesdesanluis.com"},"logo":{"@id":"https:\/\/apuntesdesanluis.com\/#\/schema\/person\/image\/"},"sameAs":["https:\/\/apuntesdesanluis.com"],"url":"https:\/\/apuntesdesanluis.com\/index.php\/author\/apuntesdesanluis-com\/"}]}},"featured_image_urls":{"full":["https:\/\/apuntesdesanluis.com\/wp-content\/uploads\/2023\/07\/dos-1.png",515,275,false],"thumbnail":["https:\/\/apuntesdesanluis.com\/wp-content\/uploads\/2023\/07\/dos-1-150x150.png",150,150,true],"medium":["https:\/\/apuntesdesanluis.com\/wp-content\/uploads\/2023\/07\/dos-1-300x160.png",300,160,true],"medium_large":["https:\/\/apuntesdesanluis.com\/wp-content\/uploads\/2023\/07\/dos-1.png",515,275,false],"large":["https:\/\/apuntesdesanluis.com\/wp-content\/uploads\/2023\/07\/dos-1.png",515,275,false],"1536x1536":["https:\/\/apuntesdesanluis.com\/wp-content\/uploads\/2023\/07\/dos-1.png",515,275,false],"2048x2048":["https:\/\/apuntesdesanluis.com\/wp-content\/uploads\/2023\/07\/dos-1.png",515,275,false],"newsever-slider-full":["https:\/\/apuntesdesanluis.com\/wp-content\/uploads\/2023\/07\/dos-1.png",515,275,false],"newsever-featured":["https:\/\/apuntesdesanluis.com\/wp-content\/uploads\/2023\/07\/dos-1.png",515,275,false],"newsever-medium":["https:\/\/apuntesdesanluis.com\/wp-content\/uploads\/2023\/07\/dos-1.png",515,275,false]},"author_info":{"display_name":"apuntesdesanluis.com","author_link":"https:\/\/apuntesdesanluis.com\/index.php\/author\/apuntesdesanluis-com\/"},"category_info":"<a href=\"https:\/\/apuntesdesanluis.com\/index.php\/category\/opinion\/\" rel=\"category tag\">Opini\u00f3n<\/a>","tag_info":"Opini\u00f3n","comment_count":"0","_links":{"self":[{"href":"https:\/\/apuntesdesanluis.com\/index.php\/wp-json\/wp\/v2\/posts\/669","targetHints":{"allow":["GET"]}}],"collection":[{"href":"https:\/\/apuntesdesanluis.com\/index.php\/wp-json\/wp\/v2\/posts"}],"about":[{"href":"https:\/\/apuntesdesanluis.com\/index.php\/wp-json\/wp\/v2\/types\/post"}],"author":[{"embeddable":true,"href":"https:\/\/apuntesdesanluis.com\/index.php\/wp-json\/wp\/v2\/users\/1"}],"replies":[{"embeddable":true,"href":"https:\/\/apuntesdesanluis.com\/index.php\/wp-json\/wp\/v2\/comments?post=669"}],"version-history":[{"count":9,"href":"https:\/\/apuntesdesanluis.com\/index.php\/wp-json\/wp\/v2\/posts\/669\/revisions"}],"predecessor-version":[{"id":680,"href":"https:\/\/apuntesdesanluis.com\/index.php\/wp-json\/wp\/v2\/posts\/669\/revisions\/680"}],"wp:featuredmedia":[{"embeddable":true,"href":"https:\/\/apuntesdesanluis.com\/index.php\/wp-json\/wp\/v2\/media\/670"}],"wp:attachment":[{"href":"https:\/\/apuntesdesanluis.com\/index.php\/wp-json\/wp\/v2\/media?parent=669"}],"wp:term":[{"taxonomy":"category","embeddable":true,"href":"https:\/\/apuntesdesanluis.com\/index.php\/wp-json\/wp\/v2\/categories?post=669"},{"taxonomy":"post_tag","embeddable":true,"href":"https:\/\/apuntesdesanluis.com\/index.php\/wp-json\/wp\/v2\/tags?post=669"}],"curies":[{"name":"wp","href":"https:\/\/api.w.org\/{rel}","templated":true}]}}