{"id":6706,"date":"2023-11-13T08:21:31","date_gmt":"2023-11-13T11:21:31","guid":{"rendered":"https:\/\/apuntesdesanluis.com\/?p=6706"},"modified":"2023-11-13T08:35:42","modified_gmt":"2023-11-13T11:35:42","slug":"massa-y-milei-cruzaron-golpes-en-un-picante-debate-presidencial","status":"publish","type":"post","link":"https:\/\/apuntesdesanluis.com\/index.php\/2023\/11\/13\/massa-y-milei-cruzaron-golpes-en-un-picante-debate-presidencial\/","title":{"rendered":"MASSA Y MILEI CRUZARON GOLPES EN UN PICANTE DEBATE PRESIDENCIAL"},"content":{"rendered":"<h3>Una semana antes del balotaje, los candidatos buscaron sacarse ventaja para quedar mejor posicionados de cara al pr\u00f3ximo domingo.<\/h3>\n<h3>Los postulantes presidenciales de Uni\u00f3n por la Patria, <strong>Sergio Massa<\/strong>, y de La Libertad Avanza, <strong>Javier Milei<\/strong>, protagonizaron un vibrante debate presidencial repleto de cruces en la Facultad de Derecho de la Universidad de Buenos Aires.<\/h3>\n<h3>Exactamente una semana antes de la segunda vuelta electoral, los postulantes nacionales buscaron sacarse ventaja y quedar mejor posicionados de cara al turno final en las urnas, que definir\u00e1 qui\u00e9n de los dos ser\u00e1 el pr\u00f3ximo presidente de los argentinos.<\/h3>\n<h3>Entre propuestas, discusi\u00f3n y chicanas, Massa tom\u00f3 el control del ritmo del primer tramo del debate, cuando forz\u00f3 a Milei a contestar &#8220;por s\u00ed o por no&#8221; a los principales postulados de su plataforma electoral.<\/h3>\n<p><iframe title=\"Resumen del debate presidencial en Argentina entre Sergio Massa y Javier Milei\" width=\"640\" height=\"360\" src=\"https:\/\/www.youtube.com\/embed\/Y66JWtWxCgk?feature=oembed\" frameborder=\"0\" allow=\"accelerometer; autoplay; clipboard-write; encrypted-media; gyroscope; picture-in-picture; web-share\" referrerpolicy=\"strict-origin-when-cross-origin\" allowfullscreen><\/iframe><\/p>\n<h3>El libertario ratific\u00f3 que dolarizar\u00e1 la econom\u00eda argentina y que su objetivo es cerrar el Banco Central, adem\u00e1s de aclarar que por el momento no tocar\u00e1 las tarifas.<\/h3>\n<h3>Al hablar de econom\u00eda, se dio el primer cruce cuando Milei acus\u00f3 de &#8220;mentir&#8221; al ministro de Econom\u00eda, que a su vez lo tild\u00f3 de &#8220;agresivo&#8221;.<\/h3>\n<h3>&#8220;No te agred\u00ed, no mientas expreso con pasi\u00f3n la indignaci\u00f3n que genera tu gobierno. Si un mentiroso dice que alguien es un mentiroso, el acusado es el que dice la verdad. Si vos fueras Pinocho, ya me hubieras lastimado un ojo&#8221;, le dijo el diputado nacional.<\/h3>\n<h3>&#8220;Estamos ante alguien que o minti\u00f3 toda la campa\u00f1a o est\u00e1 mintiendo esta noche&#8221;, cuestion\u00f3 Massa.<\/h3>\n<h3>Al debatir de Relaciones de Argentina con el mundo, Massa sigui\u00f3 con su rol de interrogador y le pregunt\u00f3 al libertario por el Papa Francisco, Malvinas, Brasil y China.<\/h3>\n<h3>El ministro de Econom\u00eda sostuvo que el libertario hab\u00eda llamado a Francisco como &#8220;representante del maligno&#8221; en la tierra y le pregunt\u00f3 si le iba a pedir perd\u00f3n, algo que tambi\u00e9n hizo en el debate anterior.<\/h3>\n<h3>&#8220;Lo que diga un integrante o un seguidor no quiere decir que sea la posici\u00f3n de La Libertad Avanza&#8221;, afirm\u00f3 Milei, y luego agreg\u00f3: &#8220;No tengo problemas en pedir disculpas cuando uno se equivoca&#8221;.<\/h3>\n<h3>Luego, el l\u00edder del Frente Renovador tambi\u00e9n lo cuestion\u00f3 por haber destacado la figura de la ex primera ministra del Reino Unido Margaret Thatcher, a quien calific\u00f3 como &#8220;enemiga&#8221; de la Argentina.<\/h3>\n<h3>&#8220;Es una enemiga de la Argentina, ayer hoy y siempre y para m\u00ed no es una figura&#8221;, resalt\u00f3 Massa, que invit\u00f3 a la tribuna al ex jefe del Ej\u00e9rcito Mart\u00edn Balza.<\/h3>\n<h3>En el tercer eje, el de Educaci\u00f3n, el l\u00edder del Frente Renovador sigui\u00f3 en el centro del rin, d\u00e1ndose uno de los momentos m\u00e1s calientes, cuando Massa lo desafi\u00f3 a hacerse un psicot\u00e9cnico.<\/h3>\n<h3>El candidato oficialista habl\u00f3 de la &#8220;capacidad y el equilibrio mental&#8221; que debe tener un Presidente y Milei ironiz\u00f3: &#8220;\u00bfY vos lo ten\u00e9s?&#8221;.<\/h3>\n<h3>&#8220;Hagamos el psicot\u00e9cnico los dos, que te negaste&#8221;, resalt\u00f3 Massa, que en ese marco, sac\u00f3 a relucir un dato no conocido hasta el momento sobre que el libertario hab\u00eda trabajado en el Banco Central, a lo que le atribuy\u00f3 sus ganas de &#8220;destruir&#8221; esa entidad.<\/h3>\n<h3>Milei admiti\u00f3 que trabaj\u00f3 como &#8220;pasante&#8221;, y el l\u00edder del Frente Renovador le reclam\u00f3 que diga &#8220;por qu\u00e9 se fue&#8221;.<\/h3>\n<h3>&#8220;\u00bfPor qu\u00e9 no te la renovaron? Contale a la gente, entiendo que est\u00e9s enojado con el Banco Central porque en alg\u00fan momento te sentiste rechazado&#8221;, evalu\u00f3.<\/h3>\n<h3>Al habar de seguridad, Milei tom\u00f3 la posta y tras cuestionar la doctrina &#8220;Zaffaroni&#8221;, afirm\u00f3: &#8220;Reconozco que fue bueno lo que hiciste en Tigre, pero cada vez que fue a las elecciones tu mujer perdi\u00f3 siempre. O te conocen demasiado a vos&#8221;.<\/h3>\n<h3>El debate tuvo un nuevo esquema, adaptado a la din\u00e1mica de dos candidatos, por lo que se dieron intercambios a fondo sobre los temas abordados.<\/h3>\n<h3>Tras la pausa, Massa dej\u00f3 de lado las preguntas &#8220;por s\u00ed o por no&#8221;, y el libertario logr\u00f3 emparejar el protagonismo de la discusi\u00f3n y pudo atacar con datos duros, sobre todo de trabajo y educaci\u00f3n.<\/h3>\n<h3>Los candidatos repartieron invitaciones a sus dirigentes m\u00e1s allegados para que los acompa\u00f1aran en la UBA.<\/h3>\n<h3>En el caso de Massa, se mandaron invitaciones sorpresa como el ex diputado Francisco De Narv\u00e1ez; Carlos Maslat\u00f3n y el ex jefe del Ej\u00e9rcito Mart\u00edn Balza.<\/h3>\n<h3>Adem\u00e1s, estaban presentes los gobernadores de Buenos Aires, Axel Kicillof; de Santa Fe, Omar Perotti; de Entre R\u00edos, Gustavo Bordet; la diputada Natalia de la Sota; el ex gobernador de Salta Juan Manuel Urtubey; la diputada Graciela Cama\u00f1o; y la presidenta de la C\u00e1mara baja, Cecilia Moreau.<\/h3>\n<h3>Tambi\u00e9n el candidato a vicepresidente, Agust\u00edn Rossi; el diputado Alejandro &#8220;Topo&#8221; Rodr\u00edguez; la titular del Partido Socialista, M\u00f3nica Fein; la diputada Paula Penacca; el ministro de Obras P\u00fablicas, Gabriel Katopodis; el embajador en Espa\u00f1a, Ricardo Alfons\u00edn; la ministra de Desarrollo Social, Victoria Tolosa Paz; y el diputado Leopoldo Moreau, entre otros.<\/h3>\n<h3>El ministro de Econom\u00eda lleg\u00f3 acompa\u00f1ado por su esposa y titular de Aysa, Malena Galmarini. En el caso de Milei, no estaba presente su pareja, la humorista F\u00e1tima Florez.<\/h3>\n<h3>S\u00ed estaban su candidata a vicepresidenta, Victoria Virralluel; las diputadas electas Lilia Lemoine y Marcela Pagano; el legislador porte\u00f1o Ramiro Marra; el diputado electo Bertie Benegas Lynch; y los padres de Milei, adem\u00e1s de su hermana y jefa de campa\u00f1a, Karina Milei.<\/h3>\n<h3>Tambi\u00e9n asistieron Guillermo Francos, la diputada nacional Carolina P\u00edparo; la electa Diana Mondino; el riojano Mart\u00edn Menem; Santiago Caputo; Guillermo Ferraro, Carlos Kikuchi y Sandra Pettovello, entre otros.<\/h3>\n<p>&nbsp;<\/p>\n","protected":false},"excerpt":{"rendered":"<p>Una semana antes del balotaje, los candidatos buscaron sacarse ventaja para quedar mejor posicionados de&#8230;<\/p>\n","protected":false},"author":1,"featured_media":6707,"comment_status":"closed","ping_status":"closed","sticky":false,"template":"","format":"standard","meta":{"footnotes":""},"categories":[5],"tags":[],"class_list":["post-6706","post","type-post","status-publish","format-standard","has-post-thumbnail","hentry","category-nacionales-internacionales"],"yoast_head":"<!-- This site is optimized with the Yoast SEO plugin v26.1.1 - https:\/\/yoast.com\/wordpress\/plugins\/seo\/ -->\n<title>MASSA Y MILEI CRUZARON GOLPES EN UN PICANTE DEBATE PRESIDENCIAL - Apuntes de San Luis<\/title>\n<meta name=\"robots\" content=\"index, follow, max-snippet:-1, max-image-preview:large, max-video-preview:-1\" \/>\n<link rel=\"canonical\" href=\"https:\/\/apuntesdesanluis.com\/index.php\/2023\/11\/13\/massa-y-milei-cruzaron-golpes-en-un-picante-debate-presidencial\/\" \/>\n<meta property=\"og:locale\" content=\"es_ES\" \/>\n<meta property=\"og:type\" content=\"article\" \/>\n<meta property=\"og:title\" content=\"MASSA Y MILEI CRUZARON GOLPES EN UN PICANTE DEBATE PRESIDENCIAL - Apuntes de San Luis\" \/>\n<meta property=\"og:description\" content=\"Una semana antes del balotaje, los candidatos buscaron sacarse ventaja para quedar mejor posicionados de...\" \/>\n<meta property=\"og:url\" content=\"https:\/\/apuntesdesanluis.com\/index.php\/2023\/11\/13\/massa-y-milei-cruzaron-golpes-en-un-picante-debate-presidencial\/\" \/>\n<meta property=\"og:site_name\" content=\"Apuntes de San Luis\" \/>\n<meta property=\"article:published_time\" content=\"2023-11-13T11:21:31+00:00\" \/>\n<meta property=\"article:modified_time\" content=\"2023-11-13T11:35:42+00:00\" \/>\n<meta property=\"og:image\" content=\"https:\/\/apuntesdesanluis.com\/wp-content\/uploads\/2023\/11\/debate.png\" \/>\n\t<meta property=\"og:image:width\" content=\"534\" \/>\n\t<meta property=\"og:image:height\" content=\"318\" \/>\n\t<meta property=\"og:image:type\" content=\"image\/png\" \/>\n<meta name=\"author\" content=\"apuntesdesanluis.com\" \/>\n<meta name=\"twitter:card\" content=\"summary_large_image\" \/>\n<meta name=\"twitter:label1\" content=\"Escrito por\" \/>\n\t<meta name=\"twitter:data1\" content=\"apuntesdesanluis.com\" \/>\n\t<meta name=\"twitter:label2\" content=\"Tiempo de lectura\" \/>\n\t<meta name=\"twitter:data2\" content=\"5 minutos\" \/>\n<script type=\"application\/ld+json\" class=\"yoast-schema-graph\">{\"@context\":\"https:\/\/schema.org\",\"@graph\":[{\"@type\":\"Article\",\"@id\":\"https:\/\/apuntesdesanluis.com\/index.php\/2023\/11\/13\/massa-y-milei-cruzaron-golpes-en-un-picante-debate-presidencial\/#article\",\"isPartOf\":{\"@id\":\"https:\/\/apuntesdesanluis.com\/index.php\/2023\/11\/13\/massa-y-milei-cruzaron-golpes-en-un-picante-debate-presidencial\/\"},\"author\":{\"name\":\"apuntesdesanluis.com\",\"@id\":\"https:\/\/apuntesdesanluis.com\/#\/schema\/person\/b55151d52296fcce64d1a72538a70b90\"},\"headline\":\"MASSA Y MILEI CRUZARON GOLPES EN UN PICANTE DEBATE PRESIDENCIAL\",\"datePublished\":\"2023-11-13T11:21:31+00:00\",\"dateModified\":\"2023-11-13T11:35:42+00:00\",\"mainEntityOfPage\":{\"@id\":\"https:\/\/apuntesdesanluis.com\/index.php\/2023\/11\/13\/massa-y-milei-cruzaron-golpes-en-un-picante-debate-presidencial\/\"},\"wordCount\":976,\"publisher\":{\"@id\":\"https:\/\/apuntesdesanluis.com\/#\/schema\/person\/b55151d52296fcce64d1a72538a70b90\"},\"image\":{\"@id\":\"https:\/\/apuntesdesanluis.com\/index.php\/2023\/11\/13\/massa-y-milei-cruzaron-golpes-en-un-picante-debate-presidencial\/#primaryimage\"},\"thumbnailUrl\":\"https:\/\/apuntesdesanluis.com\/wp-content\/uploads\/2023\/11\/debate.png\",\"articleSection\":[\"Nacionales\/Internacionales\"],\"inLanguage\":\"es-AR\"},{\"@type\":\"WebPage\",\"@id\":\"https:\/\/apuntesdesanluis.com\/index.php\/2023\/11\/13\/massa-y-milei-cruzaron-golpes-en-un-picante-debate-presidencial\/\",\"url\":\"https:\/\/apuntesdesanluis.com\/index.php\/2023\/11\/13\/massa-y-milei-cruzaron-golpes-en-un-picante-debate-presidencial\/\",\"name\":\"MASSA Y MILEI CRUZARON GOLPES EN UN PICANTE DEBATE PRESIDENCIAL - Apuntes de San Luis\",\"isPartOf\":{\"@id\":\"https:\/\/apuntesdesanluis.com\/#website\"},\"primaryImageOfPage\":{\"@id\":\"https:\/\/apuntesdesanluis.com\/index.php\/2023\/11\/13\/massa-y-milei-cruzaron-golpes-en-un-picante-debate-presidencial\/#primaryimage\"},\"image\":{\"@id\":\"https:\/\/apuntesdesanluis.com\/index.php\/2023\/11\/13\/massa-y-milei-cruzaron-golpes-en-un-picante-debate-presidencial\/#primaryimage\"},\"thumbnailUrl\":\"https:\/\/apuntesdesanluis.com\/wp-content\/uploads\/2023\/11\/debate.png\",\"datePublished\":\"2023-11-13T11:21:31+00:00\",\"dateModified\":\"2023-11-13T11:35:42+00:00\",\"breadcrumb\":{\"@id\":\"https:\/\/apuntesdesanluis.com\/index.php\/2023\/11\/13\/massa-y-milei-cruzaron-golpes-en-un-picante-debate-presidencial\/#breadcrumb\"},\"inLanguage\":\"es-AR\",\"potentialAction\":[{\"@type\":\"ReadAction\",\"target\":[\"https:\/\/apuntesdesanluis.com\/index.php\/2023\/11\/13\/massa-y-milei-cruzaron-golpes-en-un-picante-debate-presidencial\/\"]}]},{\"@type\":\"ImageObject\",\"inLanguage\":\"es-AR\",\"@id\":\"https:\/\/apuntesdesanluis.com\/index.php\/2023\/11\/13\/massa-y-milei-cruzaron-golpes-en-un-picante-debate-presidencial\/#primaryimage\",\"url\":\"https:\/\/apuntesdesanluis.com\/wp-content\/uploads\/2023\/11\/debate.png\",\"contentUrl\":\"https:\/\/apuntesdesanluis.com\/wp-content\/uploads\/2023\/11\/debate.png\",\"width\":534,\"height\":318},{\"@type\":\"BreadcrumbList\",\"@id\":\"https:\/\/apuntesdesanluis.com\/index.php\/2023\/11\/13\/massa-y-milei-cruzaron-golpes-en-un-picante-debate-presidencial\/#breadcrumb\",\"itemListElement\":[{\"@type\":\"ListItem\",\"position\":1,\"name\":\"Inicio\",\"item\":\"https:\/\/apuntesdesanluis.com\/\"},{\"@type\":\"ListItem\",\"position\":2,\"name\":\"MASSA Y MILEI CRUZARON GOLPES EN UN PICANTE DEBATE PRESIDENCIAL\"}]},{\"@type\":\"WebSite\",\"@id\":\"https:\/\/apuntesdesanluis.com\/#website\",\"url\":\"https:\/\/apuntesdesanluis.com\/\",\"name\":\"Apuntes de San Luis\",\"description\":\"\",\"publisher\":{\"@id\":\"https:\/\/apuntesdesanluis.com\/#\/schema\/person\/b55151d52296fcce64d1a72538a70b90\"},\"potentialAction\":[{\"@type\":\"SearchAction\",\"target\":{\"@type\":\"EntryPoint\",\"urlTemplate\":\"https:\/\/apuntesdesanluis.com\/?s={search_term_string}\"},\"query-input\":{\"@type\":\"PropertyValueSpecification\",\"valueRequired\":true,\"valueName\":\"search_term_string\"}}],\"inLanguage\":\"es-AR\"},{\"@type\":[\"Person\",\"Organization\"],\"@id\":\"https:\/\/apuntesdesanluis.com\/#\/schema\/person\/b55151d52296fcce64d1a72538a70b90\",\"name\":\"apuntesdesanluis.com\",\"image\":{\"@type\":\"ImageObject\",\"inLanguage\":\"es-AR\",\"@id\":\"https:\/\/apuntesdesanluis.com\/#\/schema\/person\/image\/\",\"url\":\"https:\/\/apuntesdesanluis.com\/wp-content\/uploads\/2023\/07\/cropped-apuntesdesanluis.png\",\"contentUrl\":\"https:\/\/apuntesdesanluis.com\/wp-content\/uploads\/2023\/07\/cropped-apuntesdesanluis.png\",\"width\":450,\"height\":112,\"caption\":\"apuntesdesanluis.com\"},\"logo\":{\"@id\":\"https:\/\/apuntesdesanluis.com\/#\/schema\/person\/image\/\"},\"sameAs\":[\"https:\/\/apuntesdesanluis.com\"],\"url\":\"https:\/\/apuntesdesanluis.com\/index.php\/author\/apuntesdesanluis-com\/\"}]}<\/script>\n<!-- \/ Yoast SEO plugin. -->","yoast_head_json":{"title":"MASSA Y MILEI CRUZARON GOLPES EN UN PICANTE DEBATE PRESIDENCIAL - Apuntes de San Luis","robots":{"index":"index","follow":"follow","max-snippet":"max-snippet:-1","max-image-preview":"max-image-preview:large","max-video-preview":"max-video-preview:-1"},"canonical":"https:\/\/apuntesdesanluis.com\/index.php\/2023\/11\/13\/massa-y-milei-cruzaron-golpes-en-un-picante-debate-presidencial\/","og_locale":"es_ES","og_type":"article","og_title":"MASSA Y MILEI CRUZARON GOLPES EN UN PICANTE DEBATE PRESIDENCIAL - Apuntes de San Luis","og_description":"Una semana antes del balotaje, los candidatos buscaron sacarse ventaja para quedar mejor posicionados de...","og_url":"https:\/\/apuntesdesanluis.com\/index.php\/2023\/11\/13\/massa-y-milei-cruzaron-golpes-en-un-picante-debate-presidencial\/","og_site_name":"Apuntes de San Luis","article_published_time":"2023-11-13T11:21:31+00:00","article_modified_time":"2023-11-13T11:35:42+00:00","og_image":[{"width":534,"height":318,"url":"https:\/\/apuntesdesanluis.com\/wp-content\/uploads\/2023\/11\/debate.png","type":"image\/png"}],"author":"apuntesdesanluis.com","twitter_card":"summary_large_image","twitter_misc":{"Escrito por":"apuntesdesanluis.com","Tiempo de lectura":"5 minutos"},"schema":{"@context":"https:\/\/schema.org","@graph":[{"@type":"Article","@id":"https:\/\/apuntesdesanluis.com\/index.php\/2023\/11\/13\/massa-y-milei-cruzaron-golpes-en-un-picante-debate-presidencial\/#article","isPartOf":{"@id":"https:\/\/apuntesdesanluis.com\/index.php\/2023\/11\/13\/massa-y-milei-cruzaron-golpes-en-un-picante-debate-presidencial\/"},"author":{"name":"apuntesdesanluis.com","@id":"https:\/\/apuntesdesanluis.com\/#\/schema\/person\/b55151d52296fcce64d1a72538a70b90"},"headline":"MASSA Y MILEI CRUZARON GOLPES EN UN PICANTE DEBATE PRESIDENCIAL","datePublished":"2023-11-13T11:21:31+00:00","dateModified":"2023-11-13T11:35:42+00:00","mainEntityOfPage":{"@id":"https:\/\/apuntesdesanluis.com\/index.php\/2023\/11\/13\/massa-y-milei-cruzaron-golpes-en-un-picante-debate-presidencial\/"},"wordCount":976,"publisher":{"@id":"https:\/\/apuntesdesanluis.com\/#\/schema\/person\/b55151d52296fcce64d1a72538a70b90"},"image":{"@id":"https:\/\/apuntesdesanluis.com\/index.php\/2023\/11\/13\/massa-y-milei-cruzaron-golpes-en-un-picante-debate-presidencial\/#primaryimage"},"thumbnailUrl":"https:\/\/apuntesdesanluis.com\/wp-content\/uploads\/2023\/11\/debate.png","articleSection":["Nacionales\/Internacionales"],"inLanguage":"es-AR"},{"@type":"WebPage","@id":"https:\/\/apuntesdesanluis.com\/index.php\/2023\/11\/13\/massa-y-milei-cruzaron-golpes-en-un-picante-debate-presidencial\/","url":"https:\/\/apuntesdesanluis.com\/index.php\/2023\/11\/13\/massa-y-milei-cruzaron-golpes-en-un-picante-debate-presidencial\/","name":"MASSA Y MILEI CRUZARON GOLPES EN UN PICANTE DEBATE PRESIDENCIAL - Apuntes de San Luis","isPartOf":{"@id":"https:\/\/apuntesdesanluis.com\/#website"},"primaryImageOfPage":{"@id":"https:\/\/apuntesdesanluis.com\/index.php\/2023\/11\/13\/massa-y-milei-cruzaron-golpes-en-un-picante-debate-presidencial\/#primaryimage"},"image":{"@id":"https:\/\/apuntesdesanluis.com\/index.php\/2023\/11\/13\/massa-y-milei-cruzaron-golpes-en-un-picante-debate-presidencial\/#primaryimage"},"thumbnailUrl":"https:\/\/apuntesdesanluis.com\/wp-content\/uploads\/2023\/11\/debate.png","datePublished":"2023-11-13T11:21:31+00:00","dateModified":"2023-11-13T11:35:42+00:00","breadcrumb":{"@id":"https:\/\/apuntesdesanluis.com\/index.php\/2023\/11\/13\/massa-y-milei-cruzaron-golpes-en-un-picante-debate-presidencial\/#breadcrumb"},"inLanguage":"es-AR","potentialAction":[{"@type":"ReadAction","target":["https:\/\/apuntesdesanluis.com\/index.php\/2023\/11\/13\/massa-y-milei-cruzaron-golpes-en-un-picante-debate-presidencial\/"]}]},{"@type":"ImageObject","inLanguage":"es-AR","@id":"https:\/\/apuntesdesanluis.com\/index.php\/2023\/11\/13\/massa-y-milei-cruzaron-golpes-en-un-picante-debate-presidencial\/#primaryimage","url":"https:\/\/apuntesdesanluis.com\/wp-content\/uploads\/2023\/11\/debate.png","contentUrl":"https:\/\/apuntesdesanluis.com\/wp-content\/uploads\/2023\/11\/debate.png","width":534,"height":318},{"@type":"BreadcrumbList","@id":"https:\/\/apuntesdesanluis.com\/index.php\/2023\/11\/13\/massa-y-milei-cruzaron-golpes-en-un-picante-debate-presidencial\/#breadcrumb","itemListElement":[{"@type":"ListItem","position":1,"name":"Inicio","item":"https:\/\/apuntesdesanluis.com\/"},{"@type":"ListItem","position":2,"name":"MASSA Y MILEI CRUZARON GOLPES EN UN PICANTE DEBATE PRESIDENCIAL"}]},{"@type":"WebSite","@id":"https:\/\/apuntesdesanluis.com\/#website","url":"https:\/\/apuntesdesanluis.com\/","name":"Apuntes de San Luis","description":"","publisher":{"@id":"https:\/\/apuntesdesanluis.com\/#\/schema\/person\/b55151d52296fcce64d1a72538a70b90"},"potentialAction":[{"@type":"SearchAction","target":{"@type":"EntryPoint","urlTemplate":"https:\/\/apuntesdesanluis.com\/?s={search_term_string}"},"query-input":{"@type":"PropertyValueSpecification","valueRequired":true,"valueName":"search_term_string"}}],"inLanguage":"es-AR"},{"@type":["Person","Organization"],"@id":"https:\/\/apuntesdesanluis.com\/#\/schema\/person\/b55151d52296fcce64d1a72538a70b90","name":"apuntesdesanluis.com","image":{"@type":"ImageObject","inLanguage":"es-AR","@id":"https:\/\/apuntesdesanluis.com\/#\/schema\/person\/image\/","url":"https:\/\/apuntesdesanluis.com\/wp-content\/uploads\/2023\/07\/cropped-apuntesdesanluis.png","contentUrl":"https:\/\/apuntesdesanluis.com\/wp-content\/uploads\/2023\/07\/cropped-apuntesdesanluis.png","width":450,"height":112,"caption":"apuntesdesanluis.com"},"logo":{"@id":"https:\/\/apuntesdesanluis.com\/#\/schema\/person\/image\/"},"sameAs":["https:\/\/apuntesdesanluis.com"],"url":"https:\/\/apuntesdesanluis.com\/index.php\/author\/apuntesdesanluis-com\/"}]}},"featured_image_urls":{"full":["https:\/\/apuntesdesanluis.com\/wp-content\/uploads\/2023\/11\/debate.png",534,318,false],"thumbnail":["https:\/\/apuntesdesanluis.com\/wp-content\/uploads\/2023\/11\/debate-150x150.png",150,150,true],"medium":["https:\/\/apuntesdesanluis.com\/wp-content\/uploads\/2023\/11\/debate-300x179.png",300,179,true],"medium_large":["https:\/\/apuntesdesanluis.com\/wp-content\/uploads\/2023\/11\/debate.png",534,318,false],"large":["https:\/\/apuntesdesanluis.com\/wp-content\/uploads\/2023\/11\/debate.png",534,318,false],"1536x1536":["https:\/\/apuntesdesanluis.com\/wp-content\/uploads\/2023\/11\/debate.png",534,318,false],"2048x2048":["https:\/\/apuntesdesanluis.com\/wp-content\/uploads\/2023\/11\/debate.png",534,318,false],"newsever-slider-full":["https:\/\/apuntesdesanluis.com\/wp-content\/uploads\/2023\/11\/debate.png",534,318,false],"newsever-featured":["https:\/\/apuntesdesanluis.com\/wp-content\/uploads\/2023\/11\/debate.png",534,318,false],"newsever-medium":["https:\/\/apuntesdesanluis.com\/wp-content\/uploads\/2023\/11\/debate.png",534,318,false]},"author_info":{"display_name":"apuntesdesanluis.com","author_link":"https:\/\/apuntesdesanluis.com\/index.php\/author\/apuntesdesanluis-com\/"},"category_info":"<a href=\"https:\/\/apuntesdesanluis.com\/index.php\/category\/nacionales-internacionales\/\" rel=\"category tag\">Nacionales\/Internacionales<\/a>","tag_info":"Nacionales\/Internacionales","comment_count":"0","_links":{"self":[{"href":"https:\/\/apuntesdesanluis.com\/index.php\/wp-json\/wp\/v2\/posts\/6706","targetHints":{"allow":["GET"]}}],"collection":[{"href":"https:\/\/apuntesdesanluis.com\/index.php\/wp-json\/wp\/v2\/posts"}],"about":[{"href":"https:\/\/apuntesdesanluis.com\/index.php\/wp-json\/wp\/v2\/types\/post"}],"author":[{"embeddable":true,"href":"https:\/\/apuntesdesanluis.com\/index.php\/wp-json\/wp\/v2\/users\/1"}],"replies":[{"embeddable":true,"href":"https:\/\/apuntesdesanluis.com\/index.php\/wp-json\/wp\/v2\/comments?post=6706"}],"version-history":[{"count":2,"href":"https:\/\/apuntesdesanluis.com\/index.php\/wp-json\/wp\/v2\/posts\/6706\/revisions"}],"predecessor-version":[{"id":6709,"href":"https:\/\/apuntesdesanluis.com\/index.php\/wp-json\/wp\/v2\/posts\/6706\/revisions\/6709"}],"wp:featuredmedia":[{"embeddable":true,"href":"https:\/\/apuntesdesanluis.com\/index.php\/wp-json\/wp\/v2\/media\/6707"}],"wp:attachment":[{"href":"https:\/\/apuntesdesanluis.com\/index.php\/wp-json\/wp\/v2\/media?parent=6706"}],"wp:term":[{"taxonomy":"category","embeddable":true,"href":"https:\/\/apuntesdesanluis.com\/index.php\/wp-json\/wp\/v2\/categories?post=6706"},{"taxonomy":"post_tag","embeddable":true,"href":"https:\/\/apuntesdesanluis.com\/index.php\/wp-json\/wp\/v2\/tags?post=6706"}],"curies":[{"name":"wp","href":"https:\/\/api.w.org\/{rel}","templated":true}]}}