{"id":6710,"date":"2023-11-13T19:53:57","date_gmt":"2023-11-13T22:53:57","guid":{"rendered":"https:\/\/apuntesdesanluis.com\/?p=6710"},"modified":"2023-11-13T19:54:12","modified_gmt":"2023-11-13T22:54:12","slug":"continuaran-detenidos-3-meses-los-2-acusados-de-robarle-a-su-vecina-en-la-ribera","status":"publish","type":"post","link":"https:\/\/apuntesdesanluis.com\/index.php\/2023\/11\/13\/continuaran-detenidos-3-meses-los-2-acusados-de-robarle-a-su-vecina-en-la-ribera\/","title":{"rendered":"CONTINUAR\u00c1N DETENIDOS 3 MESES LOS 2 ACUSADOS DE ROBARLE A SU VECINA EN LA RIBERA"},"content":{"rendered":"<h3>El Tribunal de Impugnaci\u00f3n de la Segunda y Tercera Circunscripci\u00f3n Judicial confirm\u00f3 la medida de coerci\u00f3n de prisi\u00f3n preventiva oportunamente dictada por el Juzgado de Garant\u00edas N\u00ba 3.<\/h3>\n<h3>Dos j\u00f3venes imputados por el delito de robo doblemente calificado por escalamiento y efracci\u00f3n y amenazas agravadas que habr\u00edan participado en un hecho ocurrido el pasado 24 de octubre en el barrio La Ribera de Villa Mercedes, deber\u00e1n cumplir tres meses de prisi\u00f3n efectiva en el Servicio Penitenciario Provincial.<\/h3>\n<h3>As\u00ed lo resolvi\u00f3 este jueves el Tribunal de Impugnaci\u00f3n de la Segunda y Tercera Circunscripci\u00f3n Judicial, integrado por las Dras. Mar\u00eda Monserrath Bocca, Laura Molino y Yanina del Viso.<\/h3>\n<h3>En la audiencia estuvieron presentes en representaci\u00f3n del Ministerio Publico Fiscal, los Dres. Maximiliano Bazla Cassina y el Dr. Marcelo Salda\u00f1o. En representaci\u00f3n de los imputados, quienes participaron en forma remota desde el Servicio Penitenciario Provincial\u00a0 a trav\u00e9s del sistema Cisco Webex, intervino el Dr. Pascual Celdr\u00e1n.<\/h3>\n<h3>Luego de escuchar a las partes, el tribunal resolvi\u00f3 confirmar la medida de coerci\u00f3n de prisi\u00f3n preventiva para los imputados por el t\u00e9rmino de 3 meses.<\/h3>\n<h3><strong>NOTICIA RELACIONADA:<\/strong><\/h3>\n<p><a href=\"https:\/\/apuntesdesanluis.com\/index.php\/2023\/11\/03\/villa-mercedes-seguiran-detenidos-los-dos-imputados-acusados-de-robarle-a-su-vecina\/\"><img fetchpriority=\"high\" decoding=\"async\" class=\"alignnone wp-image-6711\" src=\"https:\/\/apuntesdesanluis.com\/wp-content\/uploads\/2023\/11\/POSTEO-ACUSADOS-300x202.png\" alt=\"\" width=\"539\" height=\"363\" srcset=\"https:\/\/apuntesdesanluis.com\/wp-content\/uploads\/2023\/11\/POSTEO-ACUSADOS-300x202.png 300w, https:\/\/apuntesdesanluis.com\/wp-content\/uploads\/2023\/11\/POSTEO-ACUSADOS.png 500w\" sizes=\"(max-width: 539px) 100vw, 539px\" \/><\/a><\/p>\n<p>&nbsp;<\/p>\n<p>&nbsp;<\/p>\n<p>&nbsp;<\/p>\n<p>&nbsp;<\/p>\n<p>&nbsp;<\/p>\n<p>&nbsp;<\/p>\n<p>&nbsp;<\/p>\n","protected":false},"excerpt":{"rendered":"<p>El Tribunal de Impugnaci\u00f3n de la Segunda y Tercera Circunscripci\u00f3n Judicial confirm\u00f3 la medida de&#8230;<\/p>\n","protected":false},"author":1,"featured_media":6712,"comment_status":"closed","ping_status":"closed","sticky":false,"template":"","format":"standard","meta":{"footnotes":""},"categories":[6],"tags":[],"class_list":["post-6710","post","type-post","status-publish","format-standard","has-post-thumbnail","hentry","category-ciudad-provincia"],"yoast_head":"<!-- This site is optimized with the Yoast SEO plugin v26.1.1 - https:\/\/yoast.com\/wordpress\/plugins\/seo\/ -->\n<title>CONTINUAR\u00c1N DETENIDOS 3 MESES LOS 2 ACUSADOS DE ROBARLE A SU VECINA EN LA RIBERA - Apuntes de San Luis<\/title>\n<meta name=\"robots\" content=\"index, follow, max-snippet:-1, max-image-preview:large, max-video-preview:-1\" \/>\n<link rel=\"canonical\" href=\"https:\/\/apuntesdesanluis.com\/index.php\/2023\/11\/13\/continuaran-detenidos-3-meses-los-2-acusados-de-robarle-a-su-vecina-en-la-ribera\/\" \/>\n<meta property=\"og:locale\" content=\"es_ES\" \/>\n<meta property=\"og:type\" content=\"article\" \/>\n<meta property=\"og:title\" content=\"CONTINUAR\u00c1N DETENIDOS 3 MESES LOS 2 ACUSADOS DE ROBARLE A SU VECINA EN LA RIBERA - Apuntes de San Luis\" \/>\n<meta property=\"og:description\" content=\"El Tribunal de Impugnaci\u00f3n de la Segunda y Tercera Circunscripci\u00f3n Judicial confirm\u00f3 la medida de...\" \/>\n<meta property=\"og:url\" content=\"https:\/\/apuntesdesanluis.com\/index.php\/2023\/11\/13\/continuaran-detenidos-3-meses-los-2-acusados-de-robarle-a-su-vecina-en-la-ribera\/\" \/>\n<meta property=\"og:site_name\" content=\"Apuntes de San Luis\" \/>\n<meta property=\"article:published_time\" content=\"2023-11-13T22:53:57+00:00\" \/>\n<meta property=\"article:modified_time\" content=\"2023-11-13T22:54:12+00:00\" \/>\n<meta property=\"og:image\" content=\"https:\/\/apuntesdesanluis.com\/wp-content\/uploads\/2023\/11\/AUDIENCIA-3.png\" \/>\n\t<meta property=\"og:image:width\" content=\"588\" \/>\n\t<meta property=\"og:image:height\" content=\"324\" \/>\n\t<meta property=\"og:image:type\" content=\"image\/png\" \/>\n<meta name=\"author\" content=\"apuntesdesanluis.com\" \/>\n<meta name=\"twitter:card\" content=\"summary_large_image\" \/>\n<meta name=\"twitter:label1\" content=\"Escrito por\" \/>\n\t<meta name=\"twitter:data1\" content=\"apuntesdesanluis.com\" \/>\n\t<meta name=\"twitter:label2\" content=\"Tiempo de lectura\" \/>\n\t<meta name=\"twitter:data2\" content=\"2 minutos\" \/>\n<script type=\"application\/ld+json\" class=\"yoast-schema-graph\">{\"@context\":\"https:\/\/schema.org\",\"@graph\":[{\"@type\":\"Article\",\"@id\":\"https:\/\/apuntesdesanluis.com\/index.php\/2023\/11\/13\/continuaran-detenidos-3-meses-los-2-acusados-de-robarle-a-su-vecina-en-la-ribera\/#article\",\"isPartOf\":{\"@id\":\"https:\/\/apuntesdesanluis.com\/index.php\/2023\/11\/13\/continuaran-detenidos-3-meses-los-2-acusados-de-robarle-a-su-vecina-en-la-ribera\/\"},\"author\":{\"name\":\"apuntesdesanluis.com\",\"@id\":\"https:\/\/apuntesdesanluis.com\/#\/schema\/person\/b55151d52296fcce64d1a72538a70b90\"},\"headline\":\"CONTINUAR\u00c1N DETENIDOS 3 MESES LOS 2 ACUSADOS DE ROBARLE A SU VECINA EN LA RIBERA\",\"datePublished\":\"2023-11-13T22:53:57+00:00\",\"dateModified\":\"2023-11-13T22:54:12+00:00\",\"mainEntityOfPage\":{\"@id\":\"https:\/\/apuntesdesanluis.com\/index.php\/2023\/11\/13\/continuaran-detenidos-3-meses-los-2-acusados-de-robarle-a-su-vecina-en-la-ribera\/\"},\"wordCount\":220,\"publisher\":{\"@id\":\"https:\/\/apuntesdesanluis.com\/#\/schema\/person\/b55151d52296fcce64d1a72538a70b90\"},\"image\":{\"@id\":\"https:\/\/apuntesdesanluis.com\/index.php\/2023\/11\/13\/continuaran-detenidos-3-meses-los-2-acusados-de-robarle-a-su-vecina-en-la-ribera\/#primaryimage\"},\"thumbnailUrl\":\"https:\/\/apuntesdesanluis.com\/wp-content\/uploads\/2023\/11\/AUDIENCIA-3.png\",\"articleSection\":[\"Ciudad\/Provincia\"],\"inLanguage\":\"es-AR\"},{\"@type\":\"WebPage\",\"@id\":\"https:\/\/apuntesdesanluis.com\/index.php\/2023\/11\/13\/continuaran-detenidos-3-meses-los-2-acusados-de-robarle-a-su-vecina-en-la-ribera\/\",\"url\":\"https:\/\/apuntesdesanluis.com\/index.php\/2023\/11\/13\/continuaran-detenidos-3-meses-los-2-acusados-de-robarle-a-su-vecina-en-la-ribera\/\",\"name\":\"CONTINUAR\u00c1N DETENIDOS 3 MESES LOS 2 ACUSADOS DE ROBARLE A SU VECINA EN LA RIBERA - Apuntes de San Luis\",\"isPartOf\":{\"@id\":\"https:\/\/apuntesdesanluis.com\/#website\"},\"primaryImageOfPage\":{\"@id\":\"https:\/\/apuntesdesanluis.com\/index.php\/2023\/11\/13\/continuaran-detenidos-3-meses-los-2-acusados-de-robarle-a-su-vecina-en-la-ribera\/#primaryimage\"},\"image\":{\"@id\":\"https:\/\/apuntesdesanluis.com\/index.php\/2023\/11\/13\/continuaran-detenidos-3-meses-los-2-acusados-de-robarle-a-su-vecina-en-la-ribera\/#primaryimage\"},\"thumbnailUrl\":\"https:\/\/apuntesdesanluis.com\/wp-content\/uploads\/2023\/11\/AUDIENCIA-3.png\",\"datePublished\":\"2023-11-13T22:53:57+00:00\",\"dateModified\":\"2023-11-13T22:54:12+00:00\",\"breadcrumb\":{\"@id\":\"https:\/\/apuntesdesanluis.com\/index.php\/2023\/11\/13\/continuaran-detenidos-3-meses-los-2-acusados-de-robarle-a-su-vecina-en-la-ribera\/#breadcrumb\"},\"inLanguage\":\"es-AR\",\"potentialAction\":[{\"@type\":\"ReadAction\",\"target\":[\"https:\/\/apuntesdesanluis.com\/index.php\/2023\/11\/13\/continuaran-detenidos-3-meses-los-2-acusados-de-robarle-a-su-vecina-en-la-ribera\/\"]}]},{\"@type\":\"ImageObject\",\"inLanguage\":\"es-AR\",\"@id\":\"https:\/\/apuntesdesanluis.com\/index.php\/2023\/11\/13\/continuaran-detenidos-3-meses-los-2-acusados-de-robarle-a-su-vecina-en-la-ribera\/#primaryimage\",\"url\":\"https:\/\/apuntesdesanluis.com\/wp-content\/uploads\/2023\/11\/AUDIENCIA-3.png\",\"contentUrl\":\"https:\/\/apuntesdesanluis.com\/wp-content\/uploads\/2023\/11\/AUDIENCIA-3.png\",\"width\":588,\"height\":324},{\"@type\":\"BreadcrumbList\",\"@id\":\"https:\/\/apuntesdesanluis.com\/index.php\/2023\/11\/13\/continuaran-detenidos-3-meses-los-2-acusados-de-robarle-a-su-vecina-en-la-ribera\/#breadcrumb\",\"itemListElement\":[{\"@type\":\"ListItem\",\"position\":1,\"name\":\"Inicio\",\"item\":\"https:\/\/apuntesdesanluis.com\/\"},{\"@type\":\"ListItem\",\"position\":2,\"name\":\"CONTINUAR\u00c1N DETENIDOS 3 MESES LOS 2 ACUSADOS DE ROBARLE A SU VECINA EN LA RIBERA\"}]},{\"@type\":\"WebSite\",\"@id\":\"https:\/\/apuntesdesanluis.com\/#website\",\"url\":\"https:\/\/apuntesdesanluis.com\/\",\"name\":\"Apuntes de San Luis\",\"description\":\"\",\"publisher\":{\"@id\":\"https:\/\/apuntesdesanluis.com\/#\/schema\/person\/b55151d52296fcce64d1a72538a70b90\"},\"potentialAction\":[{\"@type\":\"SearchAction\",\"target\":{\"@type\":\"EntryPoint\",\"urlTemplate\":\"https:\/\/apuntesdesanluis.com\/?s={search_term_string}\"},\"query-input\":{\"@type\":\"PropertyValueSpecification\",\"valueRequired\":true,\"valueName\":\"search_term_string\"}}],\"inLanguage\":\"es-AR\"},{\"@type\":[\"Person\",\"Organization\"],\"@id\":\"https:\/\/apuntesdesanluis.com\/#\/schema\/person\/b55151d52296fcce64d1a72538a70b90\",\"name\":\"apuntesdesanluis.com\",\"image\":{\"@type\":\"ImageObject\",\"inLanguage\":\"es-AR\",\"@id\":\"https:\/\/apuntesdesanluis.com\/#\/schema\/person\/image\/\",\"url\":\"https:\/\/apuntesdesanluis.com\/wp-content\/uploads\/2023\/07\/cropped-apuntesdesanluis.png\",\"contentUrl\":\"https:\/\/apuntesdesanluis.com\/wp-content\/uploads\/2023\/07\/cropped-apuntesdesanluis.png\",\"width\":450,\"height\":112,\"caption\":\"apuntesdesanluis.com\"},\"logo\":{\"@id\":\"https:\/\/apuntesdesanluis.com\/#\/schema\/person\/image\/\"},\"sameAs\":[\"https:\/\/apuntesdesanluis.com\"],\"url\":\"https:\/\/apuntesdesanluis.com\/index.php\/author\/apuntesdesanluis-com\/\"}]}<\/script>\n<!-- \/ Yoast SEO plugin. -->","yoast_head_json":{"title":"CONTINUAR\u00c1N DETENIDOS 3 MESES LOS 2 ACUSADOS DE ROBARLE A SU VECINA EN LA RIBERA - Apuntes de San Luis","robots":{"index":"index","follow":"follow","max-snippet":"max-snippet:-1","max-image-preview":"max-image-preview:large","max-video-preview":"max-video-preview:-1"},"canonical":"https:\/\/apuntesdesanluis.com\/index.php\/2023\/11\/13\/continuaran-detenidos-3-meses-los-2-acusados-de-robarle-a-su-vecina-en-la-ribera\/","og_locale":"es_ES","og_type":"article","og_title":"CONTINUAR\u00c1N DETENIDOS 3 MESES LOS 2 ACUSADOS DE ROBARLE A SU VECINA EN LA RIBERA - Apuntes de San Luis","og_description":"El Tribunal de Impugnaci\u00f3n de la Segunda y Tercera Circunscripci\u00f3n Judicial confirm\u00f3 la medida de...","og_url":"https:\/\/apuntesdesanluis.com\/index.php\/2023\/11\/13\/continuaran-detenidos-3-meses-los-2-acusados-de-robarle-a-su-vecina-en-la-ribera\/","og_site_name":"Apuntes de San Luis","article_published_time":"2023-11-13T22:53:57+00:00","article_modified_time":"2023-11-13T22:54:12+00:00","og_image":[{"width":588,"height":324,"url":"https:\/\/apuntesdesanluis.com\/wp-content\/uploads\/2023\/11\/AUDIENCIA-3.png","type":"image\/png"}],"author":"apuntesdesanluis.com","twitter_card":"summary_large_image","twitter_misc":{"Escrito por":"apuntesdesanluis.com","Tiempo de lectura":"2 minutos"},"schema":{"@context":"https:\/\/schema.org","@graph":[{"@type":"Article","@id":"https:\/\/apuntesdesanluis.com\/index.php\/2023\/11\/13\/continuaran-detenidos-3-meses-los-2-acusados-de-robarle-a-su-vecina-en-la-ribera\/#article","isPartOf":{"@id":"https:\/\/apuntesdesanluis.com\/index.php\/2023\/11\/13\/continuaran-detenidos-3-meses-los-2-acusados-de-robarle-a-su-vecina-en-la-ribera\/"},"author":{"name":"apuntesdesanluis.com","@id":"https:\/\/apuntesdesanluis.com\/#\/schema\/person\/b55151d52296fcce64d1a72538a70b90"},"headline":"CONTINUAR\u00c1N DETENIDOS 3 MESES LOS 2 ACUSADOS DE ROBARLE A SU VECINA EN LA RIBERA","datePublished":"2023-11-13T22:53:57+00:00","dateModified":"2023-11-13T22:54:12+00:00","mainEntityOfPage":{"@id":"https:\/\/apuntesdesanluis.com\/index.php\/2023\/11\/13\/continuaran-detenidos-3-meses-los-2-acusados-de-robarle-a-su-vecina-en-la-ribera\/"},"wordCount":220,"publisher":{"@id":"https:\/\/apuntesdesanluis.com\/#\/schema\/person\/b55151d52296fcce64d1a72538a70b90"},"image":{"@id":"https:\/\/apuntesdesanluis.com\/index.php\/2023\/11\/13\/continuaran-detenidos-3-meses-los-2-acusados-de-robarle-a-su-vecina-en-la-ribera\/#primaryimage"},"thumbnailUrl":"https:\/\/apuntesdesanluis.com\/wp-content\/uploads\/2023\/11\/AUDIENCIA-3.png","articleSection":["Ciudad\/Provincia"],"inLanguage":"es-AR"},{"@type":"WebPage","@id":"https:\/\/apuntesdesanluis.com\/index.php\/2023\/11\/13\/continuaran-detenidos-3-meses-los-2-acusados-de-robarle-a-su-vecina-en-la-ribera\/","url":"https:\/\/apuntesdesanluis.com\/index.php\/2023\/11\/13\/continuaran-detenidos-3-meses-los-2-acusados-de-robarle-a-su-vecina-en-la-ribera\/","name":"CONTINUAR\u00c1N DETENIDOS 3 MESES LOS 2 ACUSADOS DE ROBARLE A SU VECINA EN LA RIBERA - Apuntes de San Luis","isPartOf":{"@id":"https:\/\/apuntesdesanluis.com\/#website"},"primaryImageOfPage":{"@id":"https:\/\/apuntesdesanluis.com\/index.php\/2023\/11\/13\/continuaran-detenidos-3-meses-los-2-acusados-de-robarle-a-su-vecina-en-la-ribera\/#primaryimage"},"image":{"@id":"https:\/\/apuntesdesanluis.com\/index.php\/2023\/11\/13\/continuaran-detenidos-3-meses-los-2-acusados-de-robarle-a-su-vecina-en-la-ribera\/#primaryimage"},"thumbnailUrl":"https:\/\/apuntesdesanluis.com\/wp-content\/uploads\/2023\/11\/AUDIENCIA-3.png","datePublished":"2023-11-13T22:53:57+00:00","dateModified":"2023-11-13T22:54:12+00:00","breadcrumb":{"@id":"https:\/\/apuntesdesanluis.com\/index.php\/2023\/11\/13\/continuaran-detenidos-3-meses-los-2-acusados-de-robarle-a-su-vecina-en-la-ribera\/#breadcrumb"},"inLanguage":"es-AR","potentialAction":[{"@type":"ReadAction","target":["https:\/\/apuntesdesanluis.com\/index.php\/2023\/11\/13\/continuaran-detenidos-3-meses-los-2-acusados-de-robarle-a-su-vecina-en-la-ribera\/"]}]},{"@type":"ImageObject","inLanguage":"es-AR","@id":"https:\/\/apuntesdesanluis.com\/index.php\/2023\/11\/13\/continuaran-detenidos-3-meses-los-2-acusados-de-robarle-a-su-vecina-en-la-ribera\/#primaryimage","url":"https:\/\/apuntesdesanluis.com\/wp-content\/uploads\/2023\/11\/AUDIENCIA-3.png","contentUrl":"https:\/\/apuntesdesanluis.com\/wp-content\/uploads\/2023\/11\/AUDIENCIA-3.png","width":588,"height":324},{"@type":"BreadcrumbList","@id":"https:\/\/apuntesdesanluis.com\/index.php\/2023\/11\/13\/continuaran-detenidos-3-meses-los-2-acusados-de-robarle-a-su-vecina-en-la-ribera\/#breadcrumb","itemListElement":[{"@type":"ListItem","position":1,"name":"Inicio","item":"https:\/\/apuntesdesanluis.com\/"},{"@type":"ListItem","position":2,"name":"CONTINUAR\u00c1N DETENIDOS 3 MESES LOS 2 ACUSADOS DE ROBARLE A SU VECINA EN LA RIBERA"}]},{"@type":"WebSite","@id":"https:\/\/apuntesdesanluis.com\/#website","url":"https:\/\/apuntesdesanluis.com\/","name":"Apuntes de San Luis","description":"","publisher":{"@id":"https:\/\/apuntesdesanluis.com\/#\/schema\/person\/b55151d52296fcce64d1a72538a70b90"},"potentialAction":[{"@type":"SearchAction","target":{"@type":"EntryPoint","urlTemplate":"https:\/\/apuntesdesanluis.com\/?s={search_term_string}"},"query-input":{"@type":"PropertyValueSpecification","valueRequired":true,"valueName":"search_term_string"}}],"inLanguage":"es-AR"},{"@type":["Person","Organization"],"@id":"https:\/\/apuntesdesanluis.com\/#\/schema\/person\/b55151d52296fcce64d1a72538a70b90","name":"apuntesdesanluis.com","image":{"@type":"ImageObject","inLanguage":"es-AR","@id":"https:\/\/apuntesdesanluis.com\/#\/schema\/person\/image\/","url":"https:\/\/apuntesdesanluis.com\/wp-content\/uploads\/2023\/07\/cropped-apuntesdesanluis.png","contentUrl":"https:\/\/apuntesdesanluis.com\/wp-content\/uploads\/2023\/07\/cropped-apuntesdesanluis.png","width":450,"height":112,"caption":"apuntesdesanluis.com"},"logo":{"@id":"https:\/\/apuntesdesanluis.com\/#\/schema\/person\/image\/"},"sameAs":["https:\/\/apuntesdesanluis.com"],"url":"https:\/\/apuntesdesanluis.com\/index.php\/author\/apuntesdesanluis-com\/"}]}},"featured_image_urls":{"full":["https:\/\/apuntesdesanluis.com\/wp-content\/uploads\/2023\/11\/AUDIENCIA-3.png",588,324,false],"thumbnail":["https:\/\/apuntesdesanluis.com\/wp-content\/uploads\/2023\/11\/AUDIENCIA-3-150x150.png",150,150,true],"medium":["https:\/\/apuntesdesanluis.com\/wp-content\/uploads\/2023\/11\/AUDIENCIA-3-300x165.png",300,165,true],"medium_large":["https:\/\/apuntesdesanluis.com\/wp-content\/uploads\/2023\/11\/AUDIENCIA-3.png",588,324,false],"large":["https:\/\/apuntesdesanluis.com\/wp-content\/uploads\/2023\/11\/AUDIENCIA-3.png",588,324,false],"1536x1536":["https:\/\/apuntesdesanluis.com\/wp-content\/uploads\/2023\/11\/AUDIENCIA-3.png",588,324,false],"2048x2048":["https:\/\/apuntesdesanluis.com\/wp-content\/uploads\/2023\/11\/AUDIENCIA-3.png",588,324,false],"newsever-slider-full":["https:\/\/apuntesdesanluis.com\/wp-content\/uploads\/2023\/11\/AUDIENCIA-3.png",588,324,false],"newsever-featured":["https:\/\/apuntesdesanluis.com\/wp-content\/uploads\/2023\/11\/AUDIENCIA-3.png",588,324,false],"newsever-medium":["https:\/\/apuntesdesanluis.com\/wp-content\/uploads\/2023\/11\/AUDIENCIA-3.png",588,324,false]},"author_info":{"display_name":"apuntesdesanluis.com","author_link":"https:\/\/apuntesdesanluis.com\/index.php\/author\/apuntesdesanluis-com\/"},"category_info":"<a href=\"https:\/\/apuntesdesanluis.com\/index.php\/category\/ciudad-provincia\/\" rel=\"category tag\">Ciudad\/Provincia<\/a>","tag_info":"Ciudad\/Provincia","comment_count":"0","_links":{"self":[{"href":"https:\/\/apuntesdesanluis.com\/index.php\/wp-json\/wp\/v2\/posts\/6710","targetHints":{"allow":["GET"]}}],"collection":[{"href":"https:\/\/apuntesdesanluis.com\/index.php\/wp-json\/wp\/v2\/posts"}],"about":[{"href":"https:\/\/apuntesdesanluis.com\/index.php\/wp-json\/wp\/v2\/types\/post"}],"author":[{"embeddable":true,"href":"https:\/\/apuntesdesanluis.com\/index.php\/wp-json\/wp\/v2\/users\/1"}],"replies":[{"embeddable":true,"href":"https:\/\/apuntesdesanluis.com\/index.php\/wp-json\/wp\/v2\/comments?post=6710"}],"version-history":[{"count":2,"href":"https:\/\/apuntesdesanluis.com\/index.php\/wp-json\/wp\/v2\/posts\/6710\/revisions"}],"predecessor-version":[{"id":6714,"href":"https:\/\/apuntesdesanluis.com\/index.php\/wp-json\/wp\/v2\/posts\/6710\/revisions\/6714"}],"wp:featuredmedia":[{"embeddable":true,"href":"https:\/\/apuntesdesanluis.com\/index.php\/wp-json\/wp\/v2\/media\/6712"}],"wp:attachment":[{"href":"https:\/\/apuntesdesanluis.com\/index.php\/wp-json\/wp\/v2\/media?parent=6710"}],"wp:term":[{"taxonomy":"category","embeddable":true,"href":"https:\/\/apuntesdesanluis.com\/index.php\/wp-json\/wp\/v2\/categories?post=6710"},{"taxonomy":"post_tag","embeddable":true,"href":"https:\/\/apuntesdesanluis.com\/index.php\/wp-json\/wp\/v2\/tags?post=6710"}],"curies":[{"name":"wp","href":"https:\/\/api.w.org\/{rel}","templated":true}]}}