{"id":6741,"date":"2023-11-13T21:02:53","date_gmt":"2023-11-14T00:02:53","guid":{"rendered":"https:\/\/apuntesdesanluis.com\/?p=6741"},"modified":"2023-11-13T21:02:53","modified_gmt":"2023-11-14T00:02:53","slug":"milei-cierra-su-campana-este-martes-en-santa-fe-y-el-jueves-en-cordoba","status":"publish","type":"post","link":"https:\/\/apuntesdesanluis.com\/index.php\/2023\/11\/13\/milei-cierra-su-campana-este-martes-en-santa-fe-y-el-jueves-en-cordoba\/","title":{"rendered":"MILEI CIERRA SU CAMPA\u00d1A ESTE MARTES EN SANTA FE Y EL JUEVES EN C\u00d3RDOBA"},"content":{"rendered":"<h3>El candidato presidencial de La Libertad Avanza, Javier Milei, prepara dos grandes cierres de campa\u00f1a: el primero, este martes en la ciudad de Rosario, provincia de Santa Fe y la frutilla del postre, el jueves en C\u00f3rdoba, camino a la segunda vuelta que protagonizar\u00e1 con el ministro de Econom\u00eda y aspirante presidencial, Sergio Massa, el pr\u00f3ximo domingo.<\/h3>\n<h3>El d\u00eda despu\u00e9s del tercer y \u00faltimo debate presidencial, desde el entorno del libertario brindaron detalles respecto a su \u00faltima actividad de campa\u00f1a que, a pesar de las localidades, tendr\u00e1n la misma din\u00e1mica: caravana y acto de cierre.<\/h3>\n<h3>Este martes, Milei visitar\u00e1 la ciudad de Rosario, provincia de Santa Fe, donde se mostrar\u00e1 en cercan\u00eda con los vecinos de la zona y encabezar\u00e1 un acto luego de denunciar la connivencia de la Polic\u00eda y funcionarios con el narcotr\u00e1fico en el marco del tercer y \u00faltimo debate presidencial.<\/h3>\n<p><img fetchpriority=\"high\" decoding=\"async\" class=\"wp-image-6743 aligncenter\" src=\"https:\/\/apuntesdesanluis.com\/wp-content\/uploads\/2023\/11\/ACTO-EN-ROSARIO-297x300.png\" alt=\"\" width=\"701\" height=\"708\" srcset=\"https:\/\/apuntesdesanluis.com\/wp-content\/uploads\/2023\/11\/ACTO-EN-ROSARIO-297x300.png 297w, https:\/\/apuntesdesanluis.com\/wp-content\/uploads\/2023\/11\/ACTO-EN-ROSARIO-150x150.png 150w, https:\/\/apuntesdesanluis.com\/wp-content\/uploads\/2023\/11\/ACTO-EN-ROSARIO.png 557w\" sizes=\"(max-width: 701px) 100vw, 701px\" \/><\/p>\n<h3>La gran apuesta de La Libertad Avanza es la actividad en C\u00f3rdoba, provincia clave en la que el diputado cosech\u00f3 una buena elecci\u00f3n tanto en las PASO (688.684 votos) como en las generales (769.847 votos), ubic\u00e1ndose como el candidato m\u00e1s votado por sobre la magra performance del oficialista, que acumul\u00f3 177.528 votos en agosto y aument\u00f3 a 308.016 votos en octubre, pero que a\u00fan as\u00ed qued\u00f3 en el cuarto puesto.<\/h3>\n<h3>La del jueves ser\u00e1 su segunda visita a la ciudad en lo que va del a\u00f1o, uno de los bastiones de sus socios del PRO, territorio que le permiti\u00f3 al expresidente Mauricio Macri hacerse de la presidencia en 2015. Los deseos del equipo de La Libertad Avanza es consolidar un triunfo categ\u00f3rico en la provincia que le garantice la posibilidad de dar vuelta la elecci\u00f3n y aventajar al ministro de Econom\u00eda.<\/h3>\n<h3>&#8220;Cambio o continuidad&#8221;, es la premisa que Milei utiliza para hacer campa\u00f1a, la que busca resaltar en sus \u00faltimos discursos de cara al balotaje en el que se definir\u00e1 el futuro del pa\u00eds.<\/h3>\n<h3>A pesar del fuerte hermetismo respecto a los detalles, se prev\u00e9 que el diputado y fundador de La Libertad Avanza encabece una caravana por la ciudad con acto incluido para las 19.<\/h3>\n<h3>Desde la fuerza libertaria local, revelaron adem\u00e1s que el desfile tendr\u00e1 su s\u00edntesis en el punto neur\u00e1lgico de la ciudad ubicado en la intersecci\u00f3n de calles V\u00e9lez Sarsfield, Yrigoyen y San Juan. All\u00ed, est\u00e1 el emplazamiento del shopping Patio Olmos.<\/h3>\n<h3>El libertario se mostrar\u00e1 rodeado de sus principales referentes: su hermana Karina Milei; la aspirante a vicepresidenta, Victoria Villarruel; la diputada Carolina Piparo y el legislador Ramiro Marra, entre otros. Junto referentes locales recorrer\u00e1 distintos sitios hasta llegar a Nueva C\u00f3rdoba, donde se ubica el local partidario de la fuerza.<\/h3>\n<h3><\/h3>\n","protected":false},"excerpt":{"rendered":"<p>El candidato presidencial de La Libertad Avanza, Javier Milei, prepara dos grandes cierres de campa\u00f1a:&#8230;<\/p>\n","protected":false},"author":1,"featured_media":6742,"comment_status":"closed","ping_status":"closed","sticky":false,"template":"","format":"standard","meta":{"footnotes":""},"categories":[5],"tags":[],"class_list":["post-6741","post","type-post","status-publish","format-standard","has-post-thumbnail","hentry","category-nacionales-internacionales"],"yoast_head":"<!-- This site is optimized with the Yoast SEO plugin v26.1.1 - https:\/\/yoast.com\/wordpress\/plugins\/seo\/ -->\n<title>MILEI CIERRA SU CAMPA\u00d1A ESTE MARTES EN SANTA FE Y EL JUEVES EN C\u00d3RDOBA - Apuntes de San Luis<\/title>\n<meta name=\"robots\" content=\"index, follow, max-snippet:-1, max-image-preview:large, max-video-preview:-1\" \/>\n<link rel=\"canonical\" href=\"https:\/\/apuntesdesanluis.com\/index.php\/2023\/11\/13\/milei-cierra-su-campana-este-martes-en-santa-fe-y-el-jueves-en-cordoba\/\" \/>\n<meta property=\"og:locale\" content=\"es_ES\" \/>\n<meta property=\"og:type\" content=\"article\" \/>\n<meta property=\"og:title\" content=\"MILEI CIERRA SU CAMPA\u00d1A ESTE MARTES EN SANTA FE Y EL JUEVES EN C\u00d3RDOBA - Apuntes de San Luis\" \/>\n<meta property=\"og:description\" content=\"El candidato presidencial de La Libertad Avanza, Javier Milei, prepara dos grandes cierres de campa\u00f1a:...\" \/>\n<meta property=\"og:url\" content=\"https:\/\/apuntesdesanluis.com\/index.php\/2023\/11\/13\/milei-cierra-su-campana-este-martes-en-santa-fe-y-el-jueves-en-cordoba\/\" \/>\n<meta property=\"og:site_name\" content=\"Apuntes de San Luis\" \/>\n<meta property=\"article:published_time\" content=\"2023-11-14T00:02:53+00:00\" \/>\n<meta property=\"og:image\" content=\"https:\/\/apuntesdesanluis.com\/wp-content\/uploads\/2023\/11\/MILEI-3.png\" \/>\n\t<meta property=\"og:image:width\" content=\"600\" \/>\n\t<meta property=\"og:image:height\" content=\"396\" \/>\n\t<meta property=\"og:image:type\" content=\"image\/png\" \/>\n<meta name=\"author\" content=\"apuntesdesanluis.com\" \/>\n<meta name=\"twitter:card\" content=\"summary_large_image\" \/>\n<meta name=\"twitter:label1\" content=\"Escrito por\" \/>\n\t<meta name=\"twitter:data1\" content=\"apuntesdesanluis.com\" \/>\n\t<meta name=\"twitter:label2\" content=\"Tiempo de lectura\" \/>\n\t<meta name=\"twitter:data2\" content=\"3 minutos\" \/>\n<script type=\"application\/ld+json\" class=\"yoast-schema-graph\">{\"@context\":\"https:\/\/schema.org\",\"@graph\":[{\"@type\":\"Article\",\"@id\":\"https:\/\/apuntesdesanluis.com\/index.php\/2023\/11\/13\/milei-cierra-su-campana-este-martes-en-santa-fe-y-el-jueves-en-cordoba\/#article\",\"isPartOf\":{\"@id\":\"https:\/\/apuntesdesanluis.com\/index.php\/2023\/11\/13\/milei-cierra-su-campana-este-martes-en-santa-fe-y-el-jueves-en-cordoba\/\"},\"author\":{\"name\":\"apuntesdesanluis.com\",\"@id\":\"https:\/\/apuntesdesanluis.com\/#\/schema\/person\/b55151d52296fcce64d1a72538a70b90\"},\"headline\":\"MILEI CIERRA SU CAMPA\u00d1A ESTE MARTES EN SANTA FE Y EL JUEVES EN C\u00d3RDOBA\",\"datePublished\":\"2023-11-14T00:02:53+00:00\",\"mainEntityOfPage\":{\"@id\":\"https:\/\/apuntesdesanluis.com\/index.php\/2023\/11\/13\/milei-cierra-su-campana-este-martes-en-santa-fe-y-el-jueves-en-cordoba\/\"},\"wordCount\":479,\"publisher\":{\"@id\":\"https:\/\/apuntesdesanluis.com\/#\/schema\/person\/b55151d52296fcce64d1a72538a70b90\"},\"image\":{\"@id\":\"https:\/\/apuntesdesanluis.com\/index.php\/2023\/11\/13\/milei-cierra-su-campana-este-martes-en-santa-fe-y-el-jueves-en-cordoba\/#primaryimage\"},\"thumbnailUrl\":\"https:\/\/apuntesdesanluis.com\/wp-content\/uploads\/2023\/11\/MILEI-3.png\",\"articleSection\":[\"Nacionales\/Internacionales\"],\"inLanguage\":\"es-AR\"},{\"@type\":\"WebPage\",\"@id\":\"https:\/\/apuntesdesanluis.com\/index.php\/2023\/11\/13\/milei-cierra-su-campana-este-martes-en-santa-fe-y-el-jueves-en-cordoba\/\",\"url\":\"https:\/\/apuntesdesanluis.com\/index.php\/2023\/11\/13\/milei-cierra-su-campana-este-martes-en-santa-fe-y-el-jueves-en-cordoba\/\",\"name\":\"MILEI CIERRA SU CAMPA\u00d1A ESTE MARTES EN SANTA FE Y EL JUEVES EN C\u00d3RDOBA - Apuntes de San Luis\",\"isPartOf\":{\"@id\":\"https:\/\/apuntesdesanluis.com\/#website\"},\"primaryImageOfPage\":{\"@id\":\"https:\/\/apuntesdesanluis.com\/index.php\/2023\/11\/13\/milei-cierra-su-campana-este-martes-en-santa-fe-y-el-jueves-en-cordoba\/#primaryimage\"},\"image\":{\"@id\":\"https:\/\/apuntesdesanluis.com\/index.php\/2023\/11\/13\/milei-cierra-su-campana-este-martes-en-santa-fe-y-el-jueves-en-cordoba\/#primaryimage\"},\"thumbnailUrl\":\"https:\/\/apuntesdesanluis.com\/wp-content\/uploads\/2023\/11\/MILEI-3.png\",\"datePublished\":\"2023-11-14T00:02:53+00:00\",\"breadcrumb\":{\"@id\":\"https:\/\/apuntesdesanluis.com\/index.php\/2023\/11\/13\/milei-cierra-su-campana-este-martes-en-santa-fe-y-el-jueves-en-cordoba\/#breadcrumb\"},\"inLanguage\":\"es-AR\",\"potentialAction\":[{\"@type\":\"ReadAction\",\"target\":[\"https:\/\/apuntesdesanluis.com\/index.php\/2023\/11\/13\/milei-cierra-su-campana-este-martes-en-santa-fe-y-el-jueves-en-cordoba\/\"]}]},{\"@type\":\"ImageObject\",\"inLanguage\":\"es-AR\",\"@id\":\"https:\/\/apuntesdesanluis.com\/index.php\/2023\/11\/13\/milei-cierra-su-campana-este-martes-en-santa-fe-y-el-jueves-en-cordoba\/#primaryimage\",\"url\":\"https:\/\/apuntesdesanluis.com\/wp-content\/uploads\/2023\/11\/MILEI-3.png\",\"contentUrl\":\"https:\/\/apuntesdesanluis.com\/wp-content\/uploads\/2023\/11\/MILEI-3.png\",\"width\":600,\"height\":396},{\"@type\":\"BreadcrumbList\",\"@id\":\"https:\/\/apuntesdesanluis.com\/index.php\/2023\/11\/13\/milei-cierra-su-campana-este-martes-en-santa-fe-y-el-jueves-en-cordoba\/#breadcrumb\",\"itemListElement\":[{\"@type\":\"ListItem\",\"position\":1,\"name\":\"Inicio\",\"item\":\"https:\/\/apuntesdesanluis.com\/\"},{\"@type\":\"ListItem\",\"position\":2,\"name\":\"MILEI CIERRA SU CAMPA\u00d1A ESTE MARTES EN SANTA FE Y EL JUEVES EN C\u00d3RDOBA\"}]},{\"@type\":\"WebSite\",\"@id\":\"https:\/\/apuntesdesanluis.com\/#website\",\"url\":\"https:\/\/apuntesdesanluis.com\/\",\"name\":\"Apuntes de San Luis\",\"description\":\"\",\"publisher\":{\"@id\":\"https:\/\/apuntesdesanluis.com\/#\/schema\/person\/b55151d52296fcce64d1a72538a70b90\"},\"potentialAction\":[{\"@type\":\"SearchAction\",\"target\":{\"@type\":\"EntryPoint\",\"urlTemplate\":\"https:\/\/apuntesdesanluis.com\/?s={search_term_string}\"},\"query-input\":{\"@type\":\"PropertyValueSpecification\",\"valueRequired\":true,\"valueName\":\"search_term_string\"}}],\"inLanguage\":\"es-AR\"},{\"@type\":[\"Person\",\"Organization\"],\"@id\":\"https:\/\/apuntesdesanluis.com\/#\/schema\/person\/b55151d52296fcce64d1a72538a70b90\",\"name\":\"apuntesdesanluis.com\",\"image\":{\"@type\":\"ImageObject\",\"inLanguage\":\"es-AR\",\"@id\":\"https:\/\/apuntesdesanluis.com\/#\/schema\/person\/image\/\",\"url\":\"https:\/\/apuntesdesanluis.com\/wp-content\/uploads\/2023\/07\/cropped-apuntesdesanluis.png\",\"contentUrl\":\"https:\/\/apuntesdesanluis.com\/wp-content\/uploads\/2023\/07\/cropped-apuntesdesanluis.png\",\"width\":450,\"height\":112,\"caption\":\"apuntesdesanluis.com\"},\"logo\":{\"@id\":\"https:\/\/apuntesdesanluis.com\/#\/schema\/person\/image\/\"},\"sameAs\":[\"https:\/\/apuntesdesanluis.com\"],\"url\":\"https:\/\/apuntesdesanluis.com\/index.php\/author\/apuntesdesanluis-com\/\"}]}<\/script>\n<!-- \/ Yoast SEO plugin. -->","yoast_head_json":{"title":"MILEI CIERRA SU CAMPA\u00d1A ESTE MARTES EN SANTA FE Y EL JUEVES EN C\u00d3RDOBA - Apuntes de San Luis","robots":{"index":"index","follow":"follow","max-snippet":"max-snippet:-1","max-image-preview":"max-image-preview:large","max-video-preview":"max-video-preview:-1"},"canonical":"https:\/\/apuntesdesanluis.com\/index.php\/2023\/11\/13\/milei-cierra-su-campana-este-martes-en-santa-fe-y-el-jueves-en-cordoba\/","og_locale":"es_ES","og_type":"article","og_title":"MILEI CIERRA SU CAMPA\u00d1A ESTE MARTES EN SANTA FE Y EL JUEVES EN C\u00d3RDOBA - Apuntes de San Luis","og_description":"El candidato presidencial de La Libertad Avanza, Javier Milei, prepara dos grandes cierres de campa\u00f1a:...","og_url":"https:\/\/apuntesdesanluis.com\/index.php\/2023\/11\/13\/milei-cierra-su-campana-este-martes-en-santa-fe-y-el-jueves-en-cordoba\/","og_site_name":"Apuntes de San Luis","article_published_time":"2023-11-14T00:02:53+00:00","og_image":[{"width":600,"height":396,"url":"https:\/\/apuntesdesanluis.com\/wp-content\/uploads\/2023\/11\/MILEI-3.png","type":"image\/png"}],"author":"apuntesdesanluis.com","twitter_card":"summary_large_image","twitter_misc":{"Escrito por":"apuntesdesanluis.com","Tiempo de lectura":"3 minutos"},"schema":{"@context":"https:\/\/schema.org","@graph":[{"@type":"Article","@id":"https:\/\/apuntesdesanluis.com\/index.php\/2023\/11\/13\/milei-cierra-su-campana-este-martes-en-santa-fe-y-el-jueves-en-cordoba\/#article","isPartOf":{"@id":"https:\/\/apuntesdesanluis.com\/index.php\/2023\/11\/13\/milei-cierra-su-campana-este-martes-en-santa-fe-y-el-jueves-en-cordoba\/"},"author":{"name":"apuntesdesanluis.com","@id":"https:\/\/apuntesdesanluis.com\/#\/schema\/person\/b55151d52296fcce64d1a72538a70b90"},"headline":"MILEI CIERRA SU CAMPA\u00d1A ESTE MARTES EN SANTA FE Y EL JUEVES EN C\u00d3RDOBA","datePublished":"2023-11-14T00:02:53+00:00","mainEntityOfPage":{"@id":"https:\/\/apuntesdesanluis.com\/index.php\/2023\/11\/13\/milei-cierra-su-campana-este-martes-en-santa-fe-y-el-jueves-en-cordoba\/"},"wordCount":479,"publisher":{"@id":"https:\/\/apuntesdesanluis.com\/#\/schema\/person\/b55151d52296fcce64d1a72538a70b90"},"image":{"@id":"https:\/\/apuntesdesanluis.com\/index.php\/2023\/11\/13\/milei-cierra-su-campana-este-martes-en-santa-fe-y-el-jueves-en-cordoba\/#primaryimage"},"thumbnailUrl":"https:\/\/apuntesdesanluis.com\/wp-content\/uploads\/2023\/11\/MILEI-3.png","articleSection":["Nacionales\/Internacionales"],"inLanguage":"es-AR"},{"@type":"WebPage","@id":"https:\/\/apuntesdesanluis.com\/index.php\/2023\/11\/13\/milei-cierra-su-campana-este-martes-en-santa-fe-y-el-jueves-en-cordoba\/","url":"https:\/\/apuntesdesanluis.com\/index.php\/2023\/11\/13\/milei-cierra-su-campana-este-martes-en-santa-fe-y-el-jueves-en-cordoba\/","name":"MILEI CIERRA SU CAMPA\u00d1A ESTE MARTES EN SANTA FE Y EL JUEVES EN C\u00d3RDOBA - Apuntes de San Luis","isPartOf":{"@id":"https:\/\/apuntesdesanluis.com\/#website"},"primaryImageOfPage":{"@id":"https:\/\/apuntesdesanluis.com\/index.php\/2023\/11\/13\/milei-cierra-su-campana-este-martes-en-santa-fe-y-el-jueves-en-cordoba\/#primaryimage"},"image":{"@id":"https:\/\/apuntesdesanluis.com\/index.php\/2023\/11\/13\/milei-cierra-su-campana-este-martes-en-santa-fe-y-el-jueves-en-cordoba\/#primaryimage"},"thumbnailUrl":"https:\/\/apuntesdesanluis.com\/wp-content\/uploads\/2023\/11\/MILEI-3.png","datePublished":"2023-11-14T00:02:53+00:00","breadcrumb":{"@id":"https:\/\/apuntesdesanluis.com\/index.php\/2023\/11\/13\/milei-cierra-su-campana-este-martes-en-santa-fe-y-el-jueves-en-cordoba\/#breadcrumb"},"inLanguage":"es-AR","potentialAction":[{"@type":"ReadAction","target":["https:\/\/apuntesdesanluis.com\/index.php\/2023\/11\/13\/milei-cierra-su-campana-este-martes-en-santa-fe-y-el-jueves-en-cordoba\/"]}]},{"@type":"ImageObject","inLanguage":"es-AR","@id":"https:\/\/apuntesdesanluis.com\/index.php\/2023\/11\/13\/milei-cierra-su-campana-este-martes-en-santa-fe-y-el-jueves-en-cordoba\/#primaryimage","url":"https:\/\/apuntesdesanluis.com\/wp-content\/uploads\/2023\/11\/MILEI-3.png","contentUrl":"https:\/\/apuntesdesanluis.com\/wp-content\/uploads\/2023\/11\/MILEI-3.png","width":600,"height":396},{"@type":"BreadcrumbList","@id":"https:\/\/apuntesdesanluis.com\/index.php\/2023\/11\/13\/milei-cierra-su-campana-este-martes-en-santa-fe-y-el-jueves-en-cordoba\/#breadcrumb","itemListElement":[{"@type":"ListItem","position":1,"name":"Inicio","item":"https:\/\/apuntesdesanluis.com\/"},{"@type":"ListItem","position":2,"name":"MILEI CIERRA SU CAMPA\u00d1A ESTE MARTES EN SANTA FE Y EL JUEVES EN C\u00d3RDOBA"}]},{"@type":"WebSite","@id":"https:\/\/apuntesdesanluis.com\/#website","url":"https:\/\/apuntesdesanluis.com\/","name":"Apuntes de San Luis","description":"","publisher":{"@id":"https:\/\/apuntesdesanluis.com\/#\/schema\/person\/b55151d52296fcce64d1a72538a70b90"},"potentialAction":[{"@type":"SearchAction","target":{"@type":"EntryPoint","urlTemplate":"https:\/\/apuntesdesanluis.com\/?s={search_term_string}"},"query-input":{"@type":"PropertyValueSpecification","valueRequired":true,"valueName":"search_term_string"}}],"inLanguage":"es-AR"},{"@type":["Person","Organization"],"@id":"https:\/\/apuntesdesanluis.com\/#\/schema\/person\/b55151d52296fcce64d1a72538a70b90","name":"apuntesdesanluis.com","image":{"@type":"ImageObject","inLanguage":"es-AR","@id":"https:\/\/apuntesdesanluis.com\/#\/schema\/person\/image\/","url":"https:\/\/apuntesdesanluis.com\/wp-content\/uploads\/2023\/07\/cropped-apuntesdesanluis.png","contentUrl":"https:\/\/apuntesdesanluis.com\/wp-content\/uploads\/2023\/07\/cropped-apuntesdesanluis.png","width":450,"height":112,"caption":"apuntesdesanluis.com"},"logo":{"@id":"https:\/\/apuntesdesanluis.com\/#\/schema\/person\/image\/"},"sameAs":["https:\/\/apuntesdesanluis.com"],"url":"https:\/\/apuntesdesanluis.com\/index.php\/author\/apuntesdesanluis-com\/"}]}},"featured_image_urls":{"full":["https:\/\/apuntesdesanluis.com\/wp-content\/uploads\/2023\/11\/MILEI-3.png",600,396,false],"thumbnail":["https:\/\/apuntesdesanluis.com\/wp-content\/uploads\/2023\/11\/MILEI-3-150x150.png",150,150,true],"medium":["https:\/\/apuntesdesanluis.com\/wp-content\/uploads\/2023\/11\/MILEI-3-300x198.png",300,198,true],"medium_large":["https:\/\/apuntesdesanluis.com\/wp-content\/uploads\/2023\/11\/MILEI-3.png",600,396,false],"large":["https:\/\/apuntesdesanluis.com\/wp-content\/uploads\/2023\/11\/MILEI-3.png",600,396,false],"1536x1536":["https:\/\/apuntesdesanluis.com\/wp-content\/uploads\/2023\/11\/MILEI-3.png",600,396,false],"2048x2048":["https:\/\/apuntesdesanluis.com\/wp-content\/uploads\/2023\/11\/MILEI-3.png",600,396,false],"newsever-slider-full":["https:\/\/apuntesdesanluis.com\/wp-content\/uploads\/2023\/11\/MILEI-3.png",600,396,false],"newsever-featured":["https:\/\/apuntesdesanluis.com\/wp-content\/uploads\/2023\/11\/MILEI-3.png",600,396,false],"newsever-medium":["https:\/\/apuntesdesanluis.com\/wp-content\/uploads\/2023\/11\/MILEI-3.png",600,396,false]},"author_info":{"display_name":"apuntesdesanluis.com","author_link":"https:\/\/apuntesdesanluis.com\/index.php\/author\/apuntesdesanluis-com\/"},"category_info":"<a href=\"https:\/\/apuntesdesanluis.com\/index.php\/category\/nacionales-internacionales\/\" rel=\"category tag\">Nacionales\/Internacionales<\/a>","tag_info":"Nacionales\/Internacionales","comment_count":"0","_links":{"self":[{"href":"https:\/\/apuntesdesanluis.com\/index.php\/wp-json\/wp\/v2\/posts\/6741","targetHints":{"allow":["GET"]}}],"collection":[{"href":"https:\/\/apuntesdesanluis.com\/index.php\/wp-json\/wp\/v2\/posts"}],"about":[{"href":"https:\/\/apuntesdesanluis.com\/index.php\/wp-json\/wp\/v2\/types\/post"}],"author":[{"embeddable":true,"href":"https:\/\/apuntesdesanluis.com\/index.php\/wp-json\/wp\/v2\/users\/1"}],"replies":[{"embeddable":true,"href":"https:\/\/apuntesdesanluis.com\/index.php\/wp-json\/wp\/v2\/comments?post=6741"}],"version-history":[{"count":1,"href":"https:\/\/apuntesdesanluis.com\/index.php\/wp-json\/wp\/v2\/posts\/6741\/revisions"}],"predecessor-version":[{"id":6744,"href":"https:\/\/apuntesdesanluis.com\/index.php\/wp-json\/wp\/v2\/posts\/6741\/revisions\/6744"}],"wp:featuredmedia":[{"embeddable":true,"href":"https:\/\/apuntesdesanluis.com\/index.php\/wp-json\/wp\/v2\/media\/6742"}],"wp:attachment":[{"href":"https:\/\/apuntesdesanluis.com\/index.php\/wp-json\/wp\/v2\/media?parent=6741"}],"wp:term":[{"taxonomy":"category","embeddable":true,"href":"https:\/\/apuntesdesanluis.com\/index.php\/wp-json\/wp\/v2\/categories?post=6741"},{"taxonomy":"post_tag","embeddable":true,"href":"https:\/\/apuntesdesanluis.com\/index.php\/wp-json\/wp\/v2\/tags?post=6741"}],"curies":[{"name":"wp","href":"https:\/\/api.w.org\/{rel}","templated":true}]}}