{"id":6745,"date":"2023-11-13T21:06:11","date_gmt":"2023-11-14T00:06:11","guid":{"rendered":"https:\/\/apuntesdesanluis.com\/?p=6745"},"modified":"2023-11-13T21:06:11","modified_gmt":"2023-11-14T00:06:11","slug":"el-dolar-blue-opero-en-baja-el-dia-despues-del-debate-entre-milei-y-massa","status":"publish","type":"post","link":"https:\/\/apuntesdesanluis.com\/index.php\/2023\/11\/13\/el-dolar-blue-opero-en-baja-el-dia-despues-del-debate-entre-milei-y-massa\/","title":{"rendered":"EL D\u00d3LAR BLUE OPER\u00d3 EN BAJA EL D\u00cdA DESPU\u00c9S DEL DEBATE ENTRE MILEI Y MASSA"},"content":{"rendered":"<h3>El d\u00f3lar blue cort\u00f3 la racha alcista, cedi\u00f3 por primera vez en cuatro jornadas y cerr\u00f3 en baja a $875 para la compra y a $925 para la venta, mientras que las cotizaciones financieras cotizaron dispares, seg\u00fan los principales indicadores del mercado.<\/h3>\n<h3>La divisa informal retrocedi\u00f3 $30 a $925, luego de que este tipo de cambio paralelo trepara $70 entre jueves y viernes pasados y la brecha con el d\u00f3lar oficial se ubica en el 164,2%.<\/h3>\n<h3>Tras el balotaje, los economistas prev\u00e9n que esta semana haya una mayor demanda de cobertura al aproximarse los comicios.<\/h3>\n<h3>En lo que va de 2023, el d\u00f3lar blue acumula una suba de $581 despu\u00e9s de cerrar 2022 en $346.<\/h3>\n<h3>En la Bolsa porte\u00f1a, los tipos de cambio financieros operan dispares y el d\u00f3lar MEP o Bolsa baja hasta los $ 875,17 con lo que la brecha con el oficial alcanza el 154,28%.<\/h3>\n<h3>El d\u00f3lar Contado con Liquidaci\u00f3n sube hasta los $ 879,16 y el spread con el oficial se ubica en 154,97%.<\/h3>\n<h3>Ambos cotizaciones operan casi estables respecto del viernes pasado.<\/h3>\n<h3>El d\u00f3lar turista o tarjeta, y el ahorro (o solidario), que incluye los impuestos PA\u00cdS, la percepci\u00f3n de Ganancias e Ingresos Brutos, cotizan a $ 736,11.<\/h3>\n<h3>El d\u00f3lar mayorista cerr\u00f3 a $ 349,95 por unidad, los mismos valores que en el viernes pasado y el d\u00f3lar cripto o Bitcoin cae 0,64% y opera en los $ 917,35 seg\u00fan el promedio del mercado.<\/h3>\n<h3>El tipo de cambio oficial, sin impuestos cotiza estable en el Banco Naci\u00f3n a $ 365,5 y a $ 367,9, en el promedio de los principales bancos privados.<\/h3>\n","protected":false},"excerpt":{"rendered":"<p>El d\u00f3lar blue cort\u00f3 la racha alcista, cedi\u00f3 por primera vez en cuatro jornadas y&#8230;<\/p>\n","protected":false},"author":1,"featured_media":497,"comment_status":"closed","ping_status":"closed","sticky":false,"template":"","format":"standard","meta":{"footnotes":""},"categories":[5],"tags":[],"class_list":["post-6745","post","type-post","status-publish","format-standard","has-post-thumbnail","hentry","category-nacionales-internacionales"],"yoast_head":"<!-- This site is optimized with the Yoast SEO plugin v26.1.1 - https:\/\/yoast.com\/wordpress\/plugins\/seo\/ -->\n<title>EL D\u00d3LAR BLUE OPER\u00d3 EN BAJA EL D\u00cdA DESPU\u00c9S DEL DEBATE ENTRE MILEI Y MASSA - Apuntes de San Luis<\/title>\n<meta name=\"robots\" content=\"index, follow, max-snippet:-1, max-image-preview:large, max-video-preview:-1\" \/>\n<link rel=\"canonical\" href=\"https:\/\/apuntesdesanluis.com\/index.php\/2023\/11\/13\/el-dolar-blue-opero-en-baja-el-dia-despues-del-debate-entre-milei-y-massa\/\" \/>\n<meta property=\"og:locale\" content=\"es_ES\" \/>\n<meta property=\"og:type\" content=\"article\" \/>\n<meta property=\"og:title\" content=\"EL D\u00d3LAR BLUE OPER\u00d3 EN BAJA EL D\u00cdA DESPU\u00c9S DEL DEBATE ENTRE MILEI Y MASSA - Apuntes de San Luis\" \/>\n<meta property=\"og:description\" content=\"El d\u00f3lar blue cort\u00f3 la racha alcista, cedi\u00f3 por primera vez en cuatro jornadas y...\" \/>\n<meta property=\"og:url\" content=\"https:\/\/apuntesdesanluis.com\/index.php\/2023\/11\/13\/el-dolar-blue-opero-en-baja-el-dia-despues-del-debate-entre-milei-y-massa\/\" \/>\n<meta property=\"og:site_name\" content=\"Apuntes de San Luis\" \/>\n<meta property=\"article:published_time\" content=\"2023-11-14T00:06:11+00:00\" \/>\n<meta property=\"og:image\" content=\"https:\/\/apuntesdesanluis.com\/wp-content\/uploads\/2023\/07\/dolar-2.png\" \/>\n\t<meta property=\"og:image:width\" content=\"600\" \/>\n\t<meta property=\"og:image:height\" content=\"355\" \/>\n\t<meta property=\"og:image:type\" content=\"image\/png\" \/>\n<meta name=\"author\" content=\"apuntesdesanluis.com\" \/>\n<meta name=\"twitter:card\" content=\"summary_large_image\" \/>\n<meta name=\"twitter:label1\" content=\"Escrito por\" \/>\n\t<meta name=\"twitter:data1\" content=\"apuntesdesanluis.com\" \/>\n\t<meta name=\"twitter:label2\" content=\"Tiempo de lectura\" \/>\n\t<meta name=\"twitter:data2\" content=\"2 minutos\" \/>\n<script type=\"application\/ld+json\" class=\"yoast-schema-graph\">{\"@context\":\"https:\/\/schema.org\",\"@graph\":[{\"@type\":\"Article\",\"@id\":\"https:\/\/apuntesdesanluis.com\/index.php\/2023\/11\/13\/el-dolar-blue-opero-en-baja-el-dia-despues-del-debate-entre-milei-y-massa\/#article\",\"isPartOf\":{\"@id\":\"https:\/\/apuntesdesanluis.com\/index.php\/2023\/11\/13\/el-dolar-blue-opero-en-baja-el-dia-despues-del-debate-entre-milei-y-massa\/\"},\"author\":{\"name\":\"apuntesdesanluis.com\",\"@id\":\"https:\/\/apuntesdesanluis.com\/#\/schema\/person\/b55151d52296fcce64d1a72538a70b90\"},\"headline\":\"EL D\u00d3LAR BLUE OPER\u00d3 EN BAJA EL D\u00cdA DESPU\u00c9S DEL DEBATE ENTRE MILEI Y MASSA\",\"datePublished\":\"2023-11-14T00:06:11+00:00\",\"mainEntityOfPage\":{\"@id\":\"https:\/\/apuntesdesanluis.com\/index.php\/2023\/11\/13\/el-dolar-blue-opero-en-baja-el-dia-despues-del-debate-entre-milei-y-massa\/\"},\"wordCount\":275,\"publisher\":{\"@id\":\"https:\/\/apuntesdesanluis.com\/#\/schema\/person\/b55151d52296fcce64d1a72538a70b90\"},\"image\":{\"@id\":\"https:\/\/apuntesdesanluis.com\/index.php\/2023\/11\/13\/el-dolar-blue-opero-en-baja-el-dia-despues-del-debate-entre-milei-y-massa\/#primaryimage\"},\"thumbnailUrl\":\"https:\/\/apuntesdesanluis.com\/wp-content\/uploads\/2023\/07\/dolar-2.png\",\"articleSection\":[\"Nacionales\/Internacionales\"],\"inLanguage\":\"es-AR\"},{\"@type\":\"WebPage\",\"@id\":\"https:\/\/apuntesdesanluis.com\/index.php\/2023\/11\/13\/el-dolar-blue-opero-en-baja-el-dia-despues-del-debate-entre-milei-y-massa\/\",\"url\":\"https:\/\/apuntesdesanluis.com\/index.php\/2023\/11\/13\/el-dolar-blue-opero-en-baja-el-dia-despues-del-debate-entre-milei-y-massa\/\",\"name\":\"EL D\u00d3LAR BLUE OPER\u00d3 EN BAJA EL D\u00cdA DESPU\u00c9S DEL DEBATE ENTRE MILEI Y MASSA - Apuntes de San Luis\",\"isPartOf\":{\"@id\":\"https:\/\/apuntesdesanluis.com\/#website\"},\"primaryImageOfPage\":{\"@id\":\"https:\/\/apuntesdesanluis.com\/index.php\/2023\/11\/13\/el-dolar-blue-opero-en-baja-el-dia-despues-del-debate-entre-milei-y-massa\/#primaryimage\"},\"image\":{\"@id\":\"https:\/\/apuntesdesanluis.com\/index.php\/2023\/11\/13\/el-dolar-blue-opero-en-baja-el-dia-despues-del-debate-entre-milei-y-massa\/#primaryimage\"},\"thumbnailUrl\":\"https:\/\/apuntesdesanluis.com\/wp-content\/uploads\/2023\/07\/dolar-2.png\",\"datePublished\":\"2023-11-14T00:06:11+00:00\",\"breadcrumb\":{\"@id\":\"https:\/\/apuntesdesanluis.com\/index.php\/2023\/11\/13\/el-dolar-blue-opero-en-baja-el-dia-despues-del-debate-entre-milei-y-massa\/#breadcrumb\"},\"inLanguage\":\"es-AR\",\"potentialAction\":[{\"@type\":\"ReadAction\",\"target\":[\"https:\/\/apuntesdesanluis.com\/index.php\/2023\/11\/13\/el-dolar-blue-opero-en-baja-el-dia-despues-del-debate-entre-milei-y-massa\/\"]}]},{\"@type\":\"ImageObject\",\"inLanguage\":\"es-AR\",\"@id\":\"https:\/\/apuntesdesanluis.com\/index.php\/2023\/11\/13\/el-dolar-blue-opero-en-baja-el-dia-despues-del-debate-entre-milei-y-massa\/#primaryimage\",\"url\":\"https:\/\/apuntesdesanluis.com\/wp-content\/uploads\/2023\/07\/dolar-2.png\",\"contentUrl\":\"https:\/\/apuntesdesanluis.com\/wp-content\/uploads\/2023\/07\/dolar-2.png\",\"width\":600,\"height\":355},{\"@type\":\"BreadcrumbList\",\"@id\":\"https:\/\/apuntesdesanluis.com\/index.php\/2023\/11\/13\/el-dolar-blue-opero-en-baja-el-dia-despues-del-debate-entre-milei-y-massa\/#breadcrumb\",\"itemListElement\":[{\"@type\":\"ListItem\",\"position\":1,\"name\":\"Inicio\",\"item\":\"https:\/\/apuntesdesanluis.com\/\"},{\"@type\":\"ListItem\",\"position\":2,\"name\":\"EL D\u00d3LAR BLUE OPER\u00d3 EN BAJA EL D\u00cdA DESPU\u00c9S DEL DEBATE ENTRE MILEI Y MASSA\"}]},{\"@type\":\"WebSite\",\"@id\":\"https:\/\/apuntesdesanluis.com\/#website\",\"url\":\"https:\/\/apuntesdesanluis.com\/\",\"name\":\"Apuntes de San Luis\",\"description\":\"\",\"publisher\":{\"@id\":\"https:\/\/apuntesdesanluis.com\/#\/schema\/person\/b55151d52296fcce64d1a72538a70b90\"},\"potentialAction\":[{\"@type\":\"SearchAction\",\"target\":{\"@type\":\"EntryPoint\",\"urlTemplate\":\"https:\/\/apuntesdesanluis.com\/?s={search_term_string}\"},\"query-input\":{\"@type\":\"PropertyValueSpecification\",\"valueRequired\":true,\"valueName\":\"search_term_string\"}}],\"inLanguage\":\"es-AR\"},{\"@type\":[\"Person\",\"Organization\"],\"@id\":\"https:\/\/apuntesdesanluis.com\/#\/schema\/person\/b55151d52296fcce64d1a72538a70b90\",\"name\":\"apuntesdesanluis.com\",\"image\":{\"@type\":\"ImageObject\",\"inLanguage\":\"es-AR\",\"@id\":\"https:\/\/apuntesdesanluis.com\/#\/schema\/person\/image\/\",\"url\":\"https:\/\/apuntesdesanluis.com\/wp-content\/uploads\/2023\/07\/cropped-apuntesdesanluis.png\",\"contentUrl\":\"https:\/\/apuntesdesanluis.com\/wp-content\/uploads\/2023\/07\/cropped-apuntesdesanluis.png\",\"width\":450,\"height\":112,\"caption\":\"apuntesdesanluis.com\"},\"logo\":{\"@id\":\"https:\/\/apuntesdesanluis.com\/#\/schema\/person\/image\/\"},\"sameAs\":[\"https:\/\/apuntesdesanluis.com\"],\"url\":\"https:\/\/apuntesdesanluis.com\/index.php\/author\/apuntesdesanluis-com\/\"}]}<\/script>\n<!-- \/ Yoast SEO plugin. -->","yoast_head_json":{"title":"EL D\u00d3LAR BLUE OPER\u00d3 EN BAJA EL D\u00cdA DESPU\u00c9S DEL DEBATE ENTRE MILEI Y MASSA - Apuntes de San Luis","robots":{"index":"index","follow":"follow","max-snippet":"max-snippet:-1","max-image-preview":"max-image-preview:large","max-video-preview":"max-video-preview:-1"},"canonical":"https:\/\/apuntesdesanluis.com\/index.php\/2023\/11\/13\/el-dolar-blue-opero-en-baja-el-dia-despues-del-debate-entre-milei-y-massa\/","og_locale":"es_ES","og_type":"article","og_title":"EL D\u00d3LAR BLUE OPER\u00d3 EN BAJA EL D\u00cdA DESPU\u00c9S DEL DEBATE ENTRE MILEI Y MASSA - Apuntes de San Luis","og_description":"El d\u00f3lar blue cort\u00f3 la racha alcista, cedi\u00f3 por primera vez en cuatro jornadas y...","og_url":"https:\/\/apuntesdesanluis.com\/index.php\/2023\/11\/13\/el-dolar-blue-opero-en-baja-el-dia-despues-del-debate-entre-milei-y-massa\/","og_site_name":"Apuntes de San Luis","article_published_time":"2023-11-14T00:06:11+00:00","og_image":[{"width":600,"height":355,"url":"https:\/\/apuntesdesanluis.com\/wp-content\/uploads\/2023\/07\/dolar-2.png","type":"image\/png"}],"author":"apuntesdesanluis.com","twitter_card":"summary_large_image","twitter_misc":{"Escrito por":"apuntesdesanluis.com","Tiempo de lectura":"2 minutos"},"schema":{"@context":"https:\/\/schema.org","@graph":[{"@type":"Article","@id":"https:\/\/apuntesdesanluis.com\/index.php\/2023\/11\/13\/el-dolar-blue-opero-en-baja-el-dia-despues-del-debate-entre-milei-y-massa\/#article","isPartOf":{"@id":"https:\/\/apuntesdesanluis.com\/index.php\/2023\/11\/13\/el-dolar-blue-opero-en-baja-el-dia-despues-del-debate-entre-milei-y-massa\/"},"author":{"name":"apuntesdesanluis.com","@id":"https:\/\/apuntesdesanluis.com\/#\/schema\/person\/b55151d52296fcce64d1a72538a70b90"},"headline":"EL D\u00d3LAR BLUE OPER\u00d3 EN BAJA EL D\u00cdA DESPU\u00c9S DEL DEBATE ENTRE MILEI Y MASSA","datePublished":"2023-11-14T00:06:11+00:00","mainEntityOfPage":{"@id":"https:\/\/apuntesdesanluis.com\/index.php\/2023\/11\/13\/el-dolar-blue-opero-en-baja-el-dia-despues-del-debate-entre-milei-y-massa\/"},"wordCount":275,"publisher":{"@id":"https:\/\/apuntesdesanluis.com\/#\/schema\/person\/b55151d52296fcce64d1a72538a70b90"},"image":{"@id":"https:\/\/apuntesdesanluis.com\/index.php\/2023\/11\/13\/el-dolar-blue-opero-en-baja-el-dia-despues-del-debate-entre-milei-y-massa\/#primaryimage"},"thumbnailUrl":"https:\/\/apuntesdesanluis.com\/wp-content\/uploads\/2023\/07\/dolar-2.png","articleSection":["Nacionales\/Internacionales"],"inLanguage":"es-AR"},{"@type":"WebPage","@id":"https:\/\/apuntesdesanluis.com\/index.php\/2023\/11\/13\/el-dolar-blue-opero-en-baja-el-dia-despues-del-debate-entre-milei-y-massa\/","url":"https:\/\/apuntesdesanluis.com\/index.php\/2023\/11\/13\/el-dolar-blue-opero-en-baja-el-dia-despues-del-debate-entre-milei-y-massa\/","name":"EL D\u00d3LAR BLUE OPER\u00d3 EN BAJA EL D\u00cdA DESPU\u00c9S DEL DEBATE ENTRE MILEI Y MASSA - Apuntes de San Luis","isPartOf":{"@id":"https:\/\/apuntesdesanluis.com\/#website"},"primaryImageOfPage":{"@id":"https:\/\/apuntesdesanluis.com\/index.php\/2023\/11\/13\/el-dolar-blue-opero-en-baja-el-dia-despues-del-debate-entre-milei-y-massa\/#primaryimage"},"image":{"@id":"https:\/\/apuntesdesanluis.com\/index.php\/2023\/11\/13\/el-dolar-blue-opero-en-baja-el-dia-despues-del-debate-entre-milei-y-massa\/#primaryimage"},"thumbnailUrl":"https:\/\/apuntesdesanluis.com\/wp-content\/uploads\/2023\/07\/dolar-2.png","datePublished":"2023-11-14T00:06:11+00:00","breadcrumb":{"@id":"https:\/\/apuntesdesanluis.com\/index.php\/2023\/11\/13\/el-dolar-blue-opero-en-baja-el-dia-despues-del-debate-entre-milei-y-massa\/#breadcrumb"},"inLanguage":"es-AR","potentialAction":[{"@type":"ReadAction","target":["https:\/\/apuntesdesanluis.com\/index.php\/2023\/11\/13\/el-dolar-blue-opero-en-baja-el-dia-despues-del-debate-entre-milei-y-massa\/"]}]},{"@type":"ImageObject","inLanguage":"es-AR","@id":"https:\/\/apuntesdesanluis.com\/index.php\/2023\/11\/13\/el-dolar-blue-opero-en-baja-el-dia-despues-del-debate-entre-milei-y-massa\/#primaryimage","url":"https:\/\/apuntesdesanluis.com\/wp-content\/uploads\/2023\/07\/dolar-2.png","contentUrl":"https:\/\/apuntesdesanluis.com\/wp-content\/uploads\/2023\/07\/dolar-2.png","width":600,"height":355},{"@type":"BreadcrumbList","@id":"https:\/\/apuntesdesanluis.com\/index.php\/2023\/11\/13\/el-dolar-blue-opero-en-baja-el-dia-despues-del-debate-entre-milei-y-massa\/#breadcrumb","itemListElement":[{"@type":"ListItem","position":1,"name":"Inicio","item":"https:\/\/apuntesdesanluis.com\/"},{"@type":"ListItem","position":2,"name":"EL D\u00d3LAR BLUE OPER\u00d3 EN BAJA EL D\u00cdA DESPU\u00c9S DEL DEBATE ENTRE MILEI Y MASSA"}]},{"@type":"WebSite","@id":"https:\/\/apuntesdesanluis.com\/#website","url":"https:\/\/apuntesdesanluis.com\/","name":"Apuntes de San Luis","description":"","publisher":{"@id":"https:\/\/apuntesdesanluis.com\/#\/schema\/person\/b55151d52296fcce64d1a72538a70b90"},"potentialAction":[{"@type":"SearchAction","target":{"@type":"EntryPoint","urlTemplate":"https:\/\/apuntesdesanluis.com\/?s={search_term_string}"},"query-input":{"@type":"PropertyValueSpecification","valueRequired":true,"valueName":"search_term_string"}}],"inLanguage":"es-AR"},{"@type":["Person","Organization"],"@id":"https:\/\/apuntesdesanluis.com\/#\/schema\/person\/b55151d52296fcce64d1a72538a70b90","name":"apuntesdesanluis.com","image":{"@type":"ImageObject","inLanguage":"es-AR","@id":"https:\/\/apuntesdesanluis.com\/#\/schema\/person\/image\/","url":"https:\/\/apuntesdesanluis.com\/wp-content\/uploads\/2023\/07\/cropped-apuntesdesanluis.png","contentUrl":"https:\/\/apuntesdesanluis.com\/wp-content\/uploads\/2023\/07\/cropped-apuntesdesanluis.png","width":450,"height":112,"caption":"apuntesdesanluis.com"},"logo":{"@id":"https:\/\/apuntesdesanluis.com\/#\/schema\/person\/image\/"},"sameAs":["https:\/\/apuntesdesanluis.com"],"url":"https:\/\/apuntesdesanluis.com\/index.php\/author\/apuntesdesanluis-com\/"}]}},"featured_image_urls":{"full":["https:\/\/apuntesdesanluis.com\/wp-content\/uploads\/2023\/07\/dolar-2.png",600,355,false],"thumbnail":["https:\/\/apuntesdesanluis.com\/wp-content\/uploads\/2023\/07\/dolar-2-150x150.png",150,150,true],"medium":["https:\/\/apuntesdesanluis.com\/wp-content\/uploads\/2023\/07\/dolar-2-300x178.png",300,178,true],"medium_large":["https:\/\/apuntesdesanluis.com\/wp-content\/uploads\/2023\/07\/dolar-2.png",600,355,false],"large":["https:\/\/apuntesdesanluis.com\/wp-content\/uploads\/2023\/07\/dolar-2.png",600,355,false],"1536x1536":["https:\/\/apuntesdesanluis.com\/wp-content\/uploads\/2023\/07\/dolar-2.png",600,355,false],"2048x2048":["https:\/\/apuntesdesanluis.com\/wp-content\/uploads\/2023\/07\/dolar-2.png",600,355,false],"newsever-slider-full":["https:\/\/apuntesdesanluis.com\/wp-content\/uploads\/2023\/07\/dolar-2.png",600,355,false],"newsever-featured":["https:\/\/apuntesdesanluis.com\/wp-content\/uploads\/2023\/07\/dolar-2.png",600,355,false],"newsever-medium":["https:\/\/apuntesdesanluis.com\/wp-content\/uploads\/2023\/07\/dolar-2.png",600,355,false]},"author_info":{"display_name":"apuntesdesanluis.com","author_link":"https:\/\/apuntesdesanluis.com\/index.php\/author\/apuntesdesanluis-com\/"},"category_info":"<a href=\"https:\/\/apuntesdesanluis.com\/index.php\/category\/nacionales-internacionales\/\" rel=\"category tag\">Nacionales\/Internacionales<\/a>","tag_info":"Nacionales\/Internacionales","comment_count":"0","_links":{"self":[{"href":"https:\/\/apuntesdesanluis.com\/index.php\/wp-json\/wp\/v2\/posts\/6745","targetHints":{"allow":["GET"]}}],"collection":[{"href":"https:\/\/apuntesdesanluis.com\/index.php\/wp-json\/wp\/v2\/posts"}],"about":[{"href":"https:\/\/apuntesdesanluis.com\/index.php\/wp-json\/wp\/v2\/types\/post"}],"author":[{"embeddable":true,"href":"https:\/\/apuntesdesanluis.com\/index.php\/wp-json\/wp\/v2\/users\/1"}],"replies":[{"embeddable":true,"href":"https:\/\/apuntesdesanluis.com\/index.php\/wp-json\/wp\/v2\/comments?post=6745"}],"version-history":[{"count":1,"href":"https:\/\/apuntesdesanluis.com\/index.php\/wp-json\/wp\/v2\/posts\/6745\/revisions"}],"predecessor-version":[{"id":6746,"href":"https:\/\/apuntesdesanluis.com\/index.php\/wp-json\/wp\/v2\/posts\/6745\/revisions\/6746"}],"wp:featuredmedia":[{"embeddable":true,"href":"https:\/\/apuntesdesanluis.com\/index.php\/wp-json\/wp\/v2\/media\/497"}],"wp:attachment":[{"href":"https:\/\/apuntesdesanluis.com\/index.php\/wp-json\/wp\/v2\/media?parent=6745"}],"wp:term":[{"taxonomy":"category","embeddable":true,"href":"https:\/\/apuntesdesanluis.com\/index.php\/wp-json\/wp\/v2\/categories?post=6745"},{"taxonomy":"post_tag","embeddable":true,"href":"https:\/\/apuntesdesanluis.com\/index.php\/wp-json\/wp\/v2\/tags?post=6745"}],"curies":[{"name":"wp","href":"https:\/\/api.w.org\/{rel}","templated":true}]}}