{"id":6751,"date":"2023-11-13T21:34:59","date_gmt":"2023-11-14T00:34:59","guid":{"rendered":"https:\/\/apuntesdesanluis.com\/?p=6751"},"modified":"2023-11-13T21:34:59","modified_gmt":"2023-11-14T00:34:59","slug":"presentan-el-libro-digital-50-anos-junta-de-historia-de-san-luis","status":"publish","type":"post","link":"https:\/\/apuntesdesanluis.com\/index.php\/2023\/11\/13\/presentan-el-libro-digital-50-anos-junta-de-historia-de-san-luis\/","title":{"rendered":"PRESENTAN EL LIBRO DIGITAL \u201c50 A\u00d1OS: JUNTA DE HISTORIA DE SAN LUIS\u201d"},"content":{"rendered":"<h3>El ejemplar rescata y suma nuevos aportes que exhiben la fortaleza del futuro en difundir la historia de San Luis y acrecentar la memoria colectiva. La actividad ser\u00e1 este 15 de noviembre, a las 19:00, en el MUHSAL, en San Mart\u00edn 611.<\/h3>\n<h3>\u201cEste libro, que tendr\u00e1 dos tomos, se suma a los 25 Boletines de la Primera \u00c9poca de la Junta de Historia de San Luis y es posible por la resoluci\u00f3n de la Secretar\u00eda de Cultura de San Luis y la inestimable y valiosa colaboraci\u00f3n de Gustavo Romero Borri qui\u00e9n, a nuestro pedido agradecido, nos ofrece un trabajo de su autor\u00eda sobre Berta Vidal de Battini\u201d, versa el pr\u00f3logo escrito por el presidente de la Junta de Historia de San Luis, Prof. Ra\u00fal Alberto Fourcade.<\/h3>\n<h3>La Junta de Historia de San Luis fue fundada en diciembre de 1969 en el Templo de Santo Domingo, sede en ese momento del Archivo Hist\u00f3rico de la provincia de San Luis, fueron sus primeros miembros el Prof. V\u00edctor Sa\u00e1, las profesoras Dora Ochoa de Masram\u00f3n y Olga Zavala Jurado de Barbeiro, los Prof. Urbano Joaqu\u00edn N\u00fa\u00f1ez, H\u00e9ctor Bert\u00edn, Hugo Arnaldo Fourcade, Hip\u00f3lito Sa\u00e1 y Juan Miguel Otero Alric.<\/h3>\n<h3>La instituci\u00f3n tiene en su haber la edici\u00f3n de 25 Boletines de Difusi\u00f3n e Investigaci\u00f3n con m\u00e1s de 350 trabajos de diversos temas de la Historia de San Luis y las Provincias Argentinas, ha participado en la provincia, el pa\u00eds y en el exterior en infinidad de eventos, jornadas, cursos y congresos.<\/h3>\n<h3>\u201cEstuvimos diez a\u00f1os casi sin actividad por diversos motivos, por eso hoy la necesidad y demandas crecientes de investigaciones, monograf\u00edas, ensayos y trabajos hist\u00f3ricos tienen que llenar esa pausa en el tiempo. Advierto de la necesidad de ser profundamente respetuosos de este gran legado para nuestra posteridad y en promover persistentemente la investigaci\u00f3n e indagaci\u00f3n de nuestro pasado, ahora con la asistencia eficaz de los mecanismos tecnol\u00f3gicos casi a nuestras manos\u201d, sostiene Fourcade.<\/h3>\n<h3>Actualmente, la Junta de Historia de San Luis que fue reconocida por Personas Jur\u00eddicas seg\u00fan RES.2000-GyE- (Seg.) 1978, cuenta con la siguiente Comisi\u00f3n Directiva: Presidente Honorario Dr. Jes\u00fas Liberato Tobares, Presidente Dr. Ra\u00fal\u00a0 Alberto Fourcade, vicepresidenta Prof. Nora Lilian Costamagna, Secretaria Prof. Elisa Canciani, Pro Secretario Dr. Jos\u00e9 Guillermo L\u2019Huillier, Tesorero Ing. Gabriel Guti\u00e9rrez y Pro Tesorero Dr. Carlos Guillermo Maqueda, Vocales Prof. Jos\u00e9 Mario Costamagna, Prof. Graciela Santamar\u00eda, Magister Richard Ulises Miranda . Miembros de N\u00famero Dr. Alberto Rodr\u00edguez Sa\u00e1, Dr. Jes\u00fas Liberato Tobares y Dr. Hip\u00f3lito Sa\u00e1.<\/h3>\n<p>&nbsp;<\/p>\n<p>&nbsp;<\/p>\n<p>&nbsp;<\/p>\n<p>&nbsp;<\/p>\n","protected":false},"excerpt":{"rendered":"<p>El ejemplar rescata y suma nuevos aportes que exhiben la fortaleza del futuro en difundir&#8230;<\/p>\n","protected":false},"author":1,"featured_media":6752,"comment_status":"closed","ping_status":"closed","sticky":false,"template":"","format":"standard","meta":{"footnotes":""},"categories":[6],"tags":[],"class_list":["post-6751","post","type-post","status-publish","format-standard","has-post-thumbnail","hentry","category-ciudad-provincia"],"yoast_head":"<!-- This site is optimized with the Yoast SEO plugin v26.1.1 - https:\/\/yoast.com\/wordpress\/plugins\/seo\/ -->\n<title>PRESENTAN EL LIBRO DIGITAL \u201c50 A\u00d1OS: JUNTA DE HISTORIA DE SAN LUIS\u201d - Apuntes de San Luis<\/title>\n<meta name=\"robots\" content=\"index, follow, max-snippet:-1, max-image-preview:large, max-video-preview:-1\" \/>\n<link rel=\"canonical\" href=\"https:\/\/apuntesdesanluis.com\/index.php\/2023\/11\/13\/presentan-el-libro-digital-50-anos-junta-de-historia-de-san-luis\/\" \/>\n<meta property=\"og:locale\" content=\"es_ES\" \/>\n<meta property=\"og:type\" content=\"article\" \/>\n<meta property=\"og:title\" content=\"PRESENTAN EL LIBRO DIGITAL \u201c50 A\u00d1OS: JUNTA DE HISTORIA DE SAN LUIS\u201d - Apuntes de San Luis\" \/>\n<meta property=\"og:description\" content=\"El ejemplar rescata y suma nuevos aportes que exhiben la fortaleza del futuro en difundir...\" \/>\n<meta property=\"og:url\" content=\"https:\/\/apuntesdesanluis.com\/index.php\/2023\/11\/13\/presentan-el-libro-digital-50-anos-junta-de-historia-de-san-luis\/\" \/>\n<meta property=\"og:site_name\" content=\"Apuntes de San Luis\" \/>\n<meta property=\"article:published_time\" content=\"2023-11-14T00:34:59+00:00\" \/>\n<meta property=\"og:image\" content=\"https:\/\/apuntesdesanluis.com\/wp-content\/uploads\/2023\/11\/libro.png\" \/>\n\t<meta property=\"og:image:width\" content=\"723\" \/>\n\t<meta property=\"og:image:height\" content=\"406\" \/>\n\t<meta property=\"og:image:type\" content=\"image\/png\" \/>\n<meta name=\"author\" content=\"apuntesdesanluis.com\" \/>\n<meta name=\"twitter:card\" content=\"summary_large_image\" \/>\n<meta name=\"twitter:label1\" content=\"Escrito por\" \/>\n\t<meta name=\"twitter:data1\" content=\"apuntesdesanluis.com\" \/>\n\t<meta name=\"twitter:label2\" content=\"Tiempo de lectura\" \/>\n\t<meta name=\"twitter:data2\" content=\"2 minutos\" \/>\n<script type=\"application\/ld+json\" class=\"yoast-schema-graph\">{\"@context\":\"https:\/\/schema.org\",\"@graph\":[{\"@type\":\"Article\",\"@id\":\"https:\/\/apuntesdesanluis.com\/index.php\/2023\/11\/13\/presentan-el-libro-digital-50-anos-junta-de-historia-de-san-luis\/#article\",\"isPartOf\":{\"@id\":\"https:\/\/apuntesdesanluis.com\/index.php\/2023\/11\/13\/presentan-el-libro-digital-50-anos-junta-de-historia-de-san-luis\/\"},\"author\":{\"name\":\"apuntesdesanluis.com\",\"@id\":\"https:\/\/apuntesdesanluis.com\/#\/schema\/person\/b55151d52296fcce64d1a72538a70b90\"},\"headline\":\"PRESENTAN EL LIBRO DIGITAL \u201c50 A\u00d1OS: JUNTA DE HISTORIA DE SAN LUIS\u201d\",\"datePublished\":\"2023-11-14T00:34:59+00:00\",\"mainEntityOfPage\":{\"@id\":\"https:\/\/apuntesdesanluis.com\/index.php\/2023\/11\/13\/presentan-el-libro-digital-50-anos-junta-de-historia-de-san-luis\/\"},\"wordCount\":457,\"publisher\":{\"@id\":\"https:\/\/apuntesdesanluis.com\/#\/schema\/person\/b55151d52296fcce64d1a72538a70b90\"},\"image\":{\"@id\":\"https:\/\/apuntesdesanluis.com\/index.php\/2023\/11\/13\/presentan-el-libro-digital-50-anos-junta-de-historia-de-san-luis\/#primaryimage\"},\"thumbnailUrl\":\"https:\/\/apuntesdesanluis.com\/wp-content\/uploads\/2023\/11\/libro.png\",\"articleSection\":[\"Ciudad\/Provincia\"],\"inLanguage\":\"es-AR\"},{\"@type\":\"WebPage\",\"@id\":\"https:\/\/apuntesdesanluis.com\/index.php\/2023\/11\/13\/presentan-el-libro-digital-50-anos-junta-de-historia-de-san-luis\/\",\"url\":\"https:\/\/apuntesdesanluis.com\/index.php\/2023\/11\/13\/presentan-el-libro-digital-50-anos-junta-de-historia-de-san-luis\/\",\"name\":\"PRESENTAN EL LIBRO DIGITAL \u201c50 A\u00d1OS: JUNTA DE HISTORIA DE SAN LUIS\u201d - Apuntes de San Luis\",\"isPartOf\":{\"@id\":\"https:\/\/apuntesdesanluis.com\/#website\"},\"primaryImageOfPage\":{\"@id\":\"https:\/\/apuntesdesanluis.com\/index.php\/2023\/11\/13\/presentan-el-libro-digital-50-anos-junta-de-historia-de-san-luis\/#primaryimage\"},\"image\":{\"@id\":\"https:\/\/apuntesdesanluis.com\/index.php\/2023\/11\/13\/presentan-el-libro-digital-50-anos-junta-de-historia-de-san-luis\/#primaryimage\"},\"thumbnailUrl\":\"https:\/\/apuntesdesanluis.com\/wp-content\/uploads\/2023\/11\/libro.png\",\"datePublished\":\"2023-11-14T00:34:59+00:00\",\"breadcrumb\":{\"@id\":\"https:\/\/apuntesdesanluis.com\/index.php\/2023\/11\/13\/presentan-el-libro-digital-50-anos-junta-de-historia-de-san-luis\/#breadcrumb\"},\"inLanguage\":\"es-AR\",\"potentialAction\":[{\"@type\":\"ReadAction\",\"target\":[\"https:\/\/apuntesdesanluis.com\/index.php\/2023\/11\/13\/presentan-el-libro-digital-50-anos-junta-de-historia-de-san-luis\/\"]}]},{\"@type\":\"ImageObject\",\"inLanguage\":\"es-AR\",\"@id\":\"https:\/\/apuntesdesanluis.com\/index.php\/2023\/11\/13\/presentan-el-libro-digital-50-anos-junta-de-historia-de-san-luis\/#primaryimage\",\"url\":\"https:\/\/apuntesdesanluis.com\/wp-content\/uploads\/2023\/11\/libro.png\",\"contentUrl\":\"https:\/\/apuntesdesanluis.com\/wp-content\/uploads\/2023\/11\/libro.png\",\"width\":723,\"height\":406},{\"@type\":\"BreadcrumbList\",\"@id\":\"https:\/\/apuntesdesanluis.com\/index.php\/2023\/11\/13\/presentan-el-libro-digital-50-anos-junta-de-historia-de-san-luis\/#breadcrumb\",\"itemListElement\":[{\"@type\":\"ListItem\",\"position\":1,\"name\":\"Inicio\",\"item\":\"https:\/\/apuntesdesanluis.com\/\"},{\"@type\":\"ListItem\",\"position\":2,\"name\":\"PRESENTAN EL LIBRO DIGITAL \u201c50 A\u00d1OS: JUNTA DE HISTORIA DE SAN LUIS\u201d\"}]},{\"@type\":\"WebSite\",\"@id\":\"https:\/\/apuntesdesanluis.com\/#website\",\"url\":\"https:\/\/apuntesdesanluis.com\/\",\"name\":\"Apuntes de San Luis\",\"description\":\"\",\"publisher\":{\"@id\":\"https:\/\/apuntesdesanluis.com\/#\/schema\/person\/b55151d52296fcce64d1a72538a70b90\"},\"potentialAction\":[{\"@type\":\"SearchAction\",\"target\":{\"@type\":\"EntryPoint\",\"urlTemplate\":\"https:\/\/apuntesdesanluis.com\/?s={search_term_string}\"},\"query-input\":{\"@type\":\"PropertyValueSpecification\",\"valueRequired\":true,\"valueName\":\"search_term_string\"}}],\"inLanguage\":\"es-AR\"},{\"@type\":[\"Person\",\"Organization\"],\"@id\":\"https:\/\/apuntesdesanluis.com\/#\/schema\/person\/b55151d52296fcce64d1a72538a70b90\",\"name\":\"apuntesdesanluis.com\",\"image\":{\"@type\":\"ImageObject\",\"inLanguage\":\"es-AR\",\"@id\":\"https:\/\/apuntesdesanluis.com\/#\/schema\/person\/image\/\",\"url\":\"https:\/\/apuntesdesanluis.com\/wp-content\/uploads\/2023\/07\/cropped-apuntesdesanluis.png\",\"contentUrl\":\"https:\/\/apuntesdesanluis.com\/wp-content\/uploads\/2023\/07\/cropped-apuntesdesanluis.png\",\"width\":450,\"height\":112,\"caption\":\"apuntesdesanluis.com\"},\"logo\":{\"@id\":\"https:\/\/apuntesdesanluis.com\/#\/schema\/person\/image\/\"},\"sameAs\":[\"https:\/\/apuntesdesanluis.com\"],\"url\":\"https:\/\/apuntesdesanluis.com\/index.php\/author\/apuntesdesanluis-com\/\"}]}<\/script>\n<!-- \/ Yoast SEO plugin. -->","yoast_head_json":{"title":"PRESENTAN EL LIBRO DIGITAL \u201c50 A\u00d1OS: JUNTA DE HISTORIA DE SAN LUIS\u201d - Apuntes de San Luis","robots":{"index":"index","follow":"follow","max-snippet":"max-snippet:-1","max-image-preview":"max-image-preview:large","max-video-preview":"max-video-preview:-1"},"canonical":"https:\/\/apuntesdesanluis.com\/index.php\/2023\/11\/13\/presentan-el-libro-digital-50-anos-junta-de-historia-de-san-luis\/","og_locale":"es_ES","og_type":"article","og_title":"PRESENTAN EL LIBRO DIGITAL \u201c50 A\u00d1OS: JUNTA DE HISTORIA DE SAN LUIS\u201d - Apuntes de San Luis","og_description":"El ejemplar rescata y suma nuevos aportes que exhiben la fortaleza del futuro en difundir...","og_url":"https:\/\/apuntesdesanluis.com\/index.php\/2023\/11\/13\/presentan-el-libro-digital-50-anos-junta-de-historia-de-san-luis\/","og_site_name":"Apuntes de San Luis","article_published_time":"2023-11-14T00:34:59+00:00","og_image":[{"width":723,"height":406,"url":"https:\/\/apuntesdesanluis.com\/wp-content\/uploads\/2023\/11\/libro.png","type":"image\/png"}],"author":"apuntesdesanluis.com","twitter_card":"summary_large_image","twitter_misc":{"Escrito por":"apuntesdesanluis.com","Tiempo de lectura":"2 minutos"},"schema":{"@context":"https:\/\/schema.org","@graph":[{"@type":"Article","@id":"https:\/\/apuntesdesanluis.com\/index.php\/2023\/11\/13\/presentan-el-libro-digital-50-anos-junta-de-historia-de-san-luis\/#article","isPartOf":{"@id":"https:\/\/apuntesdesanluis.com\/index.php\/2023\/11\/13\/presentan-el-libro-digital-50-anos-junta-de-historia-de-san-luis\/"},"author":{"name":"apuntesdesanluis.com","@id":"https:\/\/apuntesdesanluis.com\/#\/schema\/person\/b55151d52296fcce64d1a72538a70b90"},"headline":"PRESENTAN EL LIBRO DIGITAL \u201c50 A\u00d1OS: JUNTA DE HISTORIA DE SAN LUIS\u201d","datePublished":"2023-11-14T00:34:59+00:00","mainEntityOfPage":{"@id":"https:\/\/apuntesdesanluis.com\/index.php\/2023\/11\/13\/presentan-el-libro-digital-50-anos-junta-de-historia-de-san-luis\/"},"wordCount":457,"publisher":{"@id":"https:\/\/apuntesdesanluis.com\/#\/schema\/person\/b55151d52296fcce64d1a72538a70b90"},"image":{"@id":"https:\/\/apuntesdesanluis.com\/index.php\/2023\/11\/13\/presentan-el-libro-digital-50-anos-junta-de-historia-de-san-luis\/#primaryimage"},"thumbnailUrl":"https:\/\/apuntesdesanluis.com\/wp-content\/uploads\/2023\/11\/libro.png","articleSection":["Ciudad\/Provincia"],"inLanguage":"es-AR"},{"@type":"WebPage","@id":"https:\/\/apuntesdesanluis.com\/index.php\/2023\/11\/13\/presentan-el-libro-digital-50-anos-junta-de-historia-de-san-luis\/","url":"https:\/\/apuntesdesanluis.com\/index.php\/2023\/11\/13\/presentan-el-libro-digital-50-anos-junta-de-historia-de-san-luis\/","name":"PRESENTAN EL LIBRO DIGITAL \u201c50 A\u00d1OS: JUNTA DE HISTORIA DE SAN LUIS\u201d - Apuntes de San Luis","isPartOf":{"@id":"https:\/\/apuntesdesanluis.com\/#website"},"primaryImageOfPage":{"@id":"https:\/\/apuntesdesanluis.com\/index.php\/2023\/11\/13\/presentan-el-libro-digital-50-anos-junta-de-historia-de-san-luis\/#primaryimage"},"image":{"@id":"https:\/\/apuntesdesanluis.com\/index.php\/2023\/11\/13\/presentan-el-libro-digital-50-anos-junta-de-historia-de-san-luis\/#primaryimage"},"thumbnailUrl":"https:\/\/apuntesdesanluis.com\/wp-content\/uploads\/2023\/11\/libro.png","datePublished":"2023-11-14T00:34:59+00:00","breadcrumb":{"@id":"https:\/\/apuntesdesanluis.com\/index.php\/2023\/11\/13\/presentan-el-libro-digital-50-anos-junta-de-historia-de-san-luis\/#breadcrumb"},"inLanguage":"es-AR","potentialAction":[{"@type":"ReadAction","target":["https:\/\/apuntesdesanluis.com\/index.php\/2023\/11\/13\/presentan-el-libro-digital-50-anos-junta-de-historia-de-san-luis\/"]}]},{"@type":"ImageObject","inLanguage":"es-AR","@id":"https:\/\/apuntesdesanluis.com\/index.php\/2023\/11\/13\/presentan-el-libro-digital-50-anos-junta-de-historia-de-san-luis\/#primaryimage","url":"https:\/\/apuntesdesanluis.com\/wp-content\/uploads\/2023\/11\/libro.png","contentUrl":"https:\/\/apuntesdesanluis.com\/wp-content\/uploads\/2023\/11\/libro.png","width":723,"height":406},{"@type":"BreadcrumbList","@id":"https:\/\/apuntesdesanluis.com\/index.php\/2023\/11\/13\/presentan-el-libro-digital-50-anos-junta-de-historia-de-san-luis\/#breadcrumb","itemListElement":[{"@type":"ListItem","position":1,"name":"Inicio","item":"https:\/\/apuntesdesanluis.com\/"},{"@type":"ListItem","position":2,"name":"PRESENTAN EL LIBRO DIGITAL \u201c50 A\u00d1OS: JUNTA DE HISTORIA DE SAN LUIS\u201d"}]},{"@type":"WebSite","@id":"https:\/\/apuntesdesanluis.com\/#website","url":"https:\/\/apuntesdesanluis.com\/","name":"Apuntes de San Luis","description":"","publisher":{"@id":"https:\/\/apuntesdesanluis.com\/#\/schema\/person\/b55151d52296fcce64d1a72538a70b90"},"potentialAction":[{"@type":"SearchAction","target":{"@type":"EntryPoint","urlTemplate":"https:\/\/apuntesdesanluis.com\/?s={search_term_string}"},"query-input":{"@type":"PropertyValueSpecification","valueRequired":true,"valueName":"search_term_string"}}],"inLanguage":"es-AR"},{"@type":["Person","Organization"],"@id":"https:\/\/apuntesdesanluis.com\/#\/schema\/person\/b55151d52296fcce64d1a72538a70b90","name":"apuntesdesanluis.com","image":{"@type":"ImageObject","inLanguage":"es-AR","@id":"https:\/\/apuntesdesanluis.com\/#\/schema\/person\/image\/","url":"https:\/\/apuntesdesanluis.com\/wp-content\/uploads\/2023\/07\/cropped-apuntesdesanluis.png","contentUrl":"https:\/\/apuntesdesanluis.com\/wp-content\/uploads\/2023\/07\/cropped-apuntesdesanluis.png","width":450,"height":112,"caption":"apuntesdesanluis.com"},"logo":{"@id":"https:\/\/apuntesdesanluis.com\/#\/schema\/person\/image\/"},"sameAs":["https:\/\/apuntesdesanluis.com"],"url":"https:\/\/apuntesdesanluis.com\/index.php\/author\/apuntesdesanluis-com\/"}]}},"featured_image_urls":{"full":["https:\/\/apuntesdesanluis.com\/wp-content\/uploads\/2023\/11\/libro.png",723,406,false],"thumbnail":["https:\/\/apuntesdesanluis.com\/wp-content\/uploads\/2023\/11\/libro-150x150.png",150,150,true],"medium":["https:\/\/apuntesdesanluis.com\/wp-content\/uploads\/2023\/11\/libro-300x168.png",300,168,true],"medium_large":["https:\/\/apuntesdesanluis.com\/wp-content\/uploads\/2023\/11\/libro.png",640,359,false],"large":["https:\/\/apuntesdesanluis.com\/wp-content\/uploads\/2023\/11\/libro.png",640,359,false],"1536x1536":["https:\/\/apuntesdesanluis.com\/wp-content\/uploads\/2023\/11\/libro.png",723,406,false],"2048x2048":["https:\/\/apuntesdesanluis.com\/wp-content\/uploads\/2023\/11\/libro.png",723,406,false],"newsever-slider-full":["https:\/\/apuntesdesanluis.com\/wp-content\/uploads\/2023\/11\/libro.png",723,406,false],"newsever-featured":["https:\/\/apuntesdesanluis.com\/wp-content\/uploads\/2023\/11\/libro.png",723,406,false],"newsever-medium":["https:\/\/apuntesdesanluis.com\/wp-content\/uploads\/2023\/11\/libro-720x406.png",720,406,true]},"author_info":{"display_name":"apuntesdesanluis.com","author_link":"https:\/\/apuntesdesanluis.com\/index.php\/author\/apuntesdesanluis-com\/"},"category_info":"<a href=\"https:\/\/apuntesdesanluis.com\/index.php\/category\/ciudad-provincia\/\" rel=\"category tag\">Ciudad\/Provincia<\/a>","tag_info":"Ciudad\/Provincia","comment_count":"0","_links":{"self":[{"href":"https:\/\/apuntesdesanluis.com\/index.php\/wp-json\/wp\/v2\/posts\/6751","targetHints":{"allow":["GET"]}}],"collection":[{"href":"https:\/\/apuntesdesanluis.com\/index.php\/wp-json\/wp\/v2\/posts"}],"about":[{"href":"https:\/\/apuntesdesanluis.com\/index.php\/wp-json\/wp\/v2\/types\/post"}],"author":[{"embeddable":true,"href":"https:\/\/apuntesdesanluis.com\/index.php\/wp-json\/wp\/v2\/users\/1"}],"replies":[{"embeddable":true,"href":"https:\/\/apuntesdesanluis.com\/index.php\/wp-json\/wp\/v2\/comments?post=6751"}],"version-history":[{"count":1,"href":"https:\/\/apuntesdesanluis.com\/index.php\/wp-json\/wp\/v2\/posts\/6751\/revisions"}],"predecessor-version":[{"id":6753,"href":"https:\/\/apuntesdesanluis.com\/index.php\/wp-json\/wp\/v2\/posts\/6751\/revisions\/6753"}],"wp:featuredmedia":[{"embeddable":true,"href":"https:\/\/apuntesdesanluis.com\/index.php\/wp-json\/wp\/v2\/media\/6752"}],"wp:attachment":[{"href":"https:\/\/apuntesdesanluis.com\/index.php\/wp-json\/wp\/v2\/media?parent=6751"}],"wp:term":[{"taxonomy":"category","embeddable":true,"href":"https:\/\/apuntesdesanluis.com\/index.php\/wp-json\/wp\/v2\/categories?post=6751"},{"taxonomy":"post_tag","embeddable":true,"href":"https:\/\/apuntesdesanluis.com\/index.php\/wp-json\/wp\/v2\/tags?post=6751"}],"curies":[{"name":"wp","href":"https:\/\/api.w.org\/{rel}","templated":true}]}}