{"id":6754,"date":"2023-11-13T22:17:19","date_gmt":"2023-11-14T01:17:19","guid":{"rendered":"https:\/\/apuntesdesanluis.com\/?p=6754"},"modified":"2023-11-13T22:17:19","modified_gmt":"2023-11-14T01:17:19","slug":"el-concejo-deliberante-trata-presupuestos-de-la-municipalidad-y-de-osm","status":"publish","type":"post","link":"https:\/\/apuntesdesanluis.com\/index.php\/2023\/11\/13\/el-concejo-deliberante-trata-presupuestos-de-la-municipalidad-y-de-osm\/","title":{"rendered":"EL CONCEJO DELIBERANTE TRATA PRESUPUESTOS DE LA MUNICIPALIDAD Y DE OSM"},"content":{"rendered":"<h3>Ser\u00e1 este martes a las 10:00 h en la sesi\u00f3n ordinaria del cuerpo deliberativo de Villa Mercedes, en la que los diferentes bloques tambi\u00e9n han presentado proyectos de sumo inter\u00e9s y tratar\u00e1n otros despachos de proyectos que han emitido las distintas comisiones de trabajo.<\/h3>\n<h3>Sin dudas los temas que van a demandar mayor debate son los despachos de la Comisi\u00f3n de Hacienda y Presupuesto, referidos a los proyectos de ordenanza de Presupuesto General de Gastos y C\u00e1lculo de Recursos de la Municipalidad y de Obras Sanitarias Mercedes, como tambi\u00e9n las normas que regulan el sistema tributario de ambos.<\/h3>\n<h3><img fetchpriority=\"high\" decoding=\"async\" class=\"wp-image-6755 aligncenter\" src=\"https:\/\/apuntesdesanluis.com\/wp-content\/uploads\/2023\/11\/despachos-de-comision-de-hacienda-y-presupuesto-300x192.png\" alt=\"\" width=\"705\" height=\"451\" srcset=\"https:\/\/apuntesdesanluis.com\/wp-content\/uploads\/2023\/11\/despachos-de-comision-de-hacienda-y-presupuesto-300x192.png 300w, https:\/\/apuntesdesanluis.com\/wp-content\/uploads\/2023\/11\/despachos-de-comision-de-hacienda-y-presupuesto.png 641w\" sizes=\"(max-width: 705px) 100vw, 705px\" \/><\/h3>\n<h3>Por otro lado, tambi\u00e9n se tratar\u00e1 el despacho emitido por las Comisiones de Movilidad Urbana y de Hacienda, que declara la Emergencia en la prestaci\u00f3n del Servicio de Transporte para el a\u00f1o pr\u00f3ximo.<\/h3>\n<h3><img decoding=\"async\" class=\"wp-image-6756 aligncenter\" src=\"https:\/\/apuntesdesanluis.com\/wp-content\/uploads\/2023\/11\/emergencia-en-el-transporte-300x74.png\" alt=\"\" width=\"709\" height=\"175\" srcset=\"https:\/\/apuntesdesanluis.com\/wp-content\/uploads\/2023\/11\/emergencia-en-el-transporte-300x74.png 300w, https:\/\/apuntesdesanluis.com\/wp-content\/uploads\/2023\/11\/emergencia-en-el-transporte.png 637w\" sizes=\"(max-width: 709px) 100vw, 709px\" \/><\/h3>\n<h3>Tambi\u00e9n resulta importante un despacho que emite la Comisi\u00f3n de Obras y Servicios P\u00fablicos, originado en los propios vecinos, quienes solicitan la construcci\u00f3n de una pasarela peatonal con rampa sobre nivel, en Ruta 2B, a a altura del barrio 300 Viviendas, a efectos de poder cruzar sin riesgo la barrio la Ribera.<\/h3>\n<h3><img decoding=\"async\" class=\"wp-image-6757 aligncenter\" src=\"https:\/\/apuntesdesanluis.com\/wp-content\/uploads\/2023\/11\/rampa-300x46.png\" alt=\"\" width=\"717\" height=\"110\" srcset=\"https:\/\/apuntesdesanluis.com\/wp-content\/uploads\/2023\/11\/rampa-300x46.png 300w, https:\/\/apuntesdesanluis.com\/wp-content\/uploads\/2023\/11\/rampa.png 592w\" sizes=\"(max-width: 717px) 100vw, 717px\" \/><\/h3>\n<h3>En cuanto a los temas que ingresan en la sesi\u00f3n de este martes se destacan, entre otros, los siguientes:<\/h3>\n<h3>&#8211; <strong>Bloque Todos Unidos<\/strong>. Proyecto de Ordenanza para \u201cEstablecer en el \u00e1mbito de la ciudad de Villa Mercedes, la capacitaci\u00f3n obligatoria y anual en tem\u00e1ticas de \u00e9tica p\u00fablica, dirigida a todas las personas que se desempe\u00f1en en la funci\u00f3n p\u00fablica municipal, pertenecientes a todos los niveles y jerarqu\u00edas\u201d.<\/h3>\n<h3>&#8211; <strong>Bloque Frente de Unidad Justicialista<\/strong>. Proyecto de Ordenanza para la \u201ccreaci\u00f3n y Reglamentaci\u00f3n del Banco Municipal de Tierras, compuesto por terrenos fiscales pertenecientes al Municipio, con el objeto de enriquecer la pol\u00edtica habitacional en la ciudad de Villa Mercedes\u201d.<\/h3>\n<p>&nbsp;<\/p>\n<p>&nbsp;<\/p>\n<p>&nbsp;<\/p>\n<p>&nbsp;<\/p>\n<p>&nbsp;<\/p>\n","protected":false},"excerpt":{"rendered":"<p>Ser\u00e1 este martes a las 10:00 h en la sesi\u00f3n ordinaria del cuerpo deliberativo de&#8230;<\/p>\n","protected":false},"author":1,"featured_media":344,"comment_status":"closed","ping_status":"closed","sticky":false,"template":"","format":"standard","meta":{"footnotes":""},"categories":[6],"tags":[],"class_list":["post-6754","post","type-post","status-publish","format-standard","has-post-thumbnail","hentry","category-ciudad-provincia"],"yoast_head":"<!-- This site is optimized with the Yoast SEO plugin v26.1.1 - https:\/\/yoast.com\/wordpress\/plugins\/seo\/ -->\n<title>EL CONCEJO DELIBERANTE TRATA PRESUPUESTOS DE LA MUNICIPALIDAD Y DE OSM - Apuntes de San Luis<\/title>\n<meta name=\"robots\" content=\"index, follow, max-snippet:-1, max-image-preview:large, max-video-preview:-1\" \/>\n<link rel=\"canonical\" href=\"https:\/\/apuntesdesanluis.com\/index.php\/2023\/11\/13\/el-concejo-deliberante-trata-presupuestos-de-la-municipalidad-y-de-osm\/\" \/>\n<meta property=\"og:locale\" content=\"es_ES\" \/>\n<meta property=\"og:type\" content=\"article\" \/>\n<meta property=\"og:title\" content=\"EL CONCEJO DELIBERANTE TRATA PRESUPUESTOS DE LA MUNICIPALIDAD Y DE OSM - Apuntes de San Luis\" \/>\n<meta property=\"og:description\" content=\"Ser\u00e1 este martes a las 10:00 h en la sesi\u00f3n ordinaria del cuerpo deliberativo de...\" \/>\n<meta property=\"og:url\" content=\"https:\/\/apuntesdesanluis.com\/index.php\/2023\/11\/13\/el-concejo-deliberante-trata-presupuestos-de-la-municipalidad-y-de-osm\/\" \/>\n<meta property=\"og:site_name\" content=\"Apuntes de San Luis\" \/>\n<meta property=\"article:published_time\" content=\"2023-11-14T01:17:19+00:00\" \/>\n<meta property=\"og:image\" content=\"https:\/\/apuntesdesanluis.com\/wp-content\/uploads\/2023\/07\/concejo-deliberante.png\" \/>\n\t<meta property=\"og:image:width\" content=\"600\" \/>\n\t<meta property=\"og:image:height\" content=\"364\" \/>\n\t<meta property=\"og:image:type\" content=\"image\/png\" \/>\n<meta name=\"author\" content=\"apuntesdesanluis.com\" \/>\n<meta name=\"twitter:card\" content=\"summary_large_image\" \/>\n<meta name=\"twitter:label1\" content=\"Escrito por\" \/>\n\t<meta name=\"twitter:data1\" content=\"apuntesdesanluis.com\" \/>\n\t<meta name=\"twitter:label2\" content=\"Tiempo de lectura\" \/>\n\t<meta name=\"twitter:data2\" content=\"2 minutos\" \/>\n<script type=\"application\/ld+json\" class=\"yoast-schema-graph\">{\"@context\":\"https:\/\/schema.org\",\"@graph\":[{\"@type\":\"Article\",\"@id\":\"https:\/\/apuntesdesanluis.com\/index.php\/2023\/11\/13\/el-concejo-deliberante-trata-presupuestos-de-la-municipalidad-y-de-osm\/#article\",\"isPartOf\":{\"@id\":\"https:\/\/apuntesdesanluis.com\/index.php\/2023\/11\/13\/el-concejo-deliberante-trata-presupuestos-de-la-municipalidad-y-de-osm\/\"},\"author\":{\"name\":\"apuntesdesanluis.com\",\"@id\":\"https:\/\/apuntesdesanluis.com\/#\/schema\/person\/b55151d52296fcce64d1a72538a70b90\"},\"headline\":\"EL CONCEJO DELIBERANTE TRATA PRESUPUESTOS DE LA MUNICIPALIDAD Y DE OSM\",\"datePublished\":\"2023-11-14T01:17:19+00:00\",\"mainEntityOfPage\":{\"@id\":\"https:\/\/apuntesdesanluis.com\/index.php\/2023\/11\/13\/el-concejo-deliberante-trata-presupuestos-de-la-municipalidad-y-de-osm\/\"},\"wordCount\":330,\"publisher\":{\"@id\":\"https:\/\/apuntesdesanluis.com\/#\/schema\/person\/b55151d52296fcce64d1a72538a70b90\"},\"image\":{\"@id\":\"https:\/\/apuntesdesanluis.com\/index.php\/2023\/11\/13\/el-concejo-deliberante-trata-presupuestos-de-la-municipalidad-y-de-osm\/#primaryimage\"},\"thumbnailUrl\":\"https:\/\/apuntesdesanluis.com\/wp-content\/uploads\/2023\/07\/concejo-deliberante.png\",\"articleSection\":[\"Ciudad\/Provincia\"],\"inLanguage\":\"es-AR\"},{\"@type\":\"WebPage\",\"@id\":\"https:\/\/apuntesdesanluis.com\/index.php\/2023\/11\/13\/el-concejo-deliberante-trata-presupuestos-de-la-municipalidad-y-de-osm\/\",\"url\":\"https:\/\/apuntesdesanluis.com\/index.php\/2023\/11\/13\/el-concejo-deliberante-trata-presupuestos-de-la-municipalidad-y-de-osm\/\",\"name\":\"EL CONCEJO DELIBERANTE TRATA PRESUPUESTOS DE LA MUNICIPALIDAD Y DE OSM - Apuntes de San Luis\",\"isPartOf\":{\"@id\":\"https:\/\/apuntesdesanluis.com\/#website\"},\"primaryImageOfPage\":{\"@id\":\"https:\/\/apuntesdesanluis.com\/index.php\/2023\/11\/13\/el-concejo-deliberante-trata-presupuestos-de-la-municipalidad-y-de-osm\/#primaryimage\"},\"image\":{\"@id\":\"https:\/\/apuntesdesanluis.com\/index.php\/2023\/11\/13\/el-concejo-deliberante-trata-presupuestos-de-la-municipalidad-y-de-osm\/#primaryimage\"},\"thumbnailUrl\":\"https:\/\/apuntesdesanluis.com\/wp-content\/uploads\/2023\/07\/concejo-deliberante.png\",\"datePublished\":\"2023-11-14T01:17:19+00:00\",\"breadcrumb\":{\"@id\":\"https:\/\/apuntesdesanluis.com\/index.php\/2023\/11\/13\/el-concejo-deliberante-trata-presupuestos-de-la-municipalidad-y-de-osm\/#breadcrumb\"},\"inLanguage\":\"es-AR\",\"potentialAction\":[{\"@type\":\"ReadAction\",\"target\":[\"https:\/\/apuntesdesanluis.com\/index.php\/2023\/11\/13\/el-concejo-deliberante-trata-presupuestos-de-la-municipalidad-y-de-osm\/\"]}]},{\"@type\":\"ImageObject\",\"inLanguage\":\"es-AR\",\"@id\":\"https:\/\/apuntesdesanluis.com\/index.php\/2023\/11\/13\/el-concejo-deliberante-trata-presupuestos-de-la-municipalidad-y-de-osm\/#primaryimage\",\"url\":\"https:\/\/apuntesdesanluis.com\/wp-content\/uploads\/2023\/07\/concejo-deliberante.png\",\"contentUrl\":\"https:\/\/apuntesdesanluis.com\/wp-content\/uploads\/2023\/07\/concejo-deliberante.png\",\"width\":600,\"height\":364},{\"@type\":\"BreadcrumbList\",\"@id\":\"https:\/\/apuntesdesanluis.com\/index.php\/2023\/11\/13\/el-concejo-deliberante-trata-presupuestos-de-la-municipalidad-y-de-osm\/#breadcrumb\",\"itemListElement\":[{\"@type\":\"ListItem\",\"position\":1,\"name\":\"Inicio\",\"item\":\"https:\/\/apuntesdesanluis.com\/\"},{\"@type\":\"ListItem\",\"position\":2,\"name\":\"EL CONCEJO DELIBERANTE TRATA PRESUPUESTOS DE LA MUNICIPALIDAD Y DE OSM\"}]},{\"@type\":\"WebSite\",\"@id\":\"https:\/\/apuntesdesanluis.com\/#website\",\"url\":\"https:\/\/apuntesdesanluis.com\/\",\"name\":\"Apuntes de San Luis\",\"description\":\"\",\"publisher\":{\"@id\":\"https:\/\/apuntesdesanluis.com\/#\/schema\/person\/b55151d52296fcce64d1a72538a70b90\"},\"potentialAction\":[{\"@type\":\"SearchAction\",\"target\":{\"@type\":\"EntryPoint\",\"urlTemplate\":\"https:\/\/apuntesdesanluis.com\/?s={search_term_string}\"},\"query-input\":{\"@type\":\"PropertyValueSpecification\",\"valueRequired\":true,\"valueName\":\"search_term_string\"}}],\"inLanguage\":\"es-AR\"},{\"@type\":[\"Person\",\"Organization\"],\"@id\":\"https:\/\/apuntesdesanluis.com\/#\/schema\/person\/b55151d52296fcce64d1a72538a70b90\",\"name\":\"apuntesdesanluis.com\",\"image\":{\"@type\":\"ImageObject\",\"inLanguage\":\"es-AR\",\"@id\":\"https:\/\/apuntesdesanluis.com\/#\/schema\/person\/image\/\",\"url\":\"https:\/\/apuntesdesanluis.com\/wp-content\/uploads\/2023\/07\/cropped-apuntesdesanluis.png\",\"contentUrl\":\"https:\/\/apuntesdesanluis.com\/wp-content\/uploads\/2023\/07\/cropped-apuntesdesanluis.png\",\"width\":450,\"height\":112,\"caption\":\"apuntesdesanluis.com\"},\"logo\":{\"@id\":\"https:\/\/apuntesdesanluis.com\/#\/schema\/person\/image\/\"},\"sameAs\":[\"https:\/\/apuntesdesanluis.com\"],\"url\":\"https:\/\/apuntesdesanluis.com\/index.php\/author\/apuntesdesanluis-com\/\"}]}<\/script>\n<!-- \/ Yoast SEO plugin. -->","yoast_head_json":{"title":"EL CONCEJO DELIBERANTE TRATA PRESUPUESTOS DE LA MUNICIPALIDAD Y DE OSM - Apuntes de San Luis","robots":{"index":"index","follow":"follow","max-snippet":"max-snippet:-1","max-image-preview":"max-image-preview:large","max-video-preview":"max-video-preview:-1"},"canonical":"https:\/\/apuntesdesanluis.com\/index.php\/2023\/11\/13\/el-concejo-deliberante-trata-presupuestos-de-la-municipalidad-y-de-osm\/","og_locale":"es_ES","og_type":"article","og_title":"EL CONCEJO DELIBERANTE TRATA PRESUPUESTOS DE LA MUNICIPALIDAD Y DE OSM - Apuntes de San Luis","og_description":"Ser\u00e1 este martes a las 10:00 h en la sesi\u00f3n ordinaria del cuerpo deliberativo de...","og_url":"https:\/\/apuntesdesanluis.com\/index.php\/2023\/11\/13\/el-concejo-deliberante-trata-presupuestos-de-la-municipalidad-y-de-osm\/","og_site_name":"Apuntes de San Luis","article_published_time":"2023-11-14T01:17:19+00:00","og_image":[{"width":600,"height":364,"url":"https:\/\/apuntesdesanluis.com\/wp-content\/uploads\/2023\/07\/concejo-deliberante.png","type":"image\/png"}],"author":"apuntesdesanluis.com","twitter_card":"summary_large_image","twitter_misc":{"Escrito por":"apuntesdesanluis.com","Tiempo de lectura":"2 minutos"},"schema":{"@context":"https:\/\/schema.org","@graph":[{"@type":"Article","@id":"https:\/\/apuntesdesanluis.com\/index.php\/2023\/11\/13\/el-concejo-deliberante-trata-presupuestos-de-la-municipalidad-y-de-osm\/#article","isPartOf":{"@id":"https:\/\/apuntesdesanluis.com\/index.php\/2023\/11\/13\/el-concejo-deliberante-trata-presupuestos-de-la-municipalidad-y-de-osm\/"},"author":{"name":"apuntesdesanluis.com","@id":"https:\/\/apuntesdesanluis.com\/#\/schema\/person\/b55151d52296fcce64d1a72538a70b90"},"headline":"EL CONCEJO DELIBERANTE TRATA PRESUPUESTOS DE LA MUNICIPALIDAD Y DE OSM","datePublished":"2023-11-14T01:17:19+00:00","mainEntityOfPage":{"@id":"https:\/\/apuntesdesanluis.com\/index.php\/2023\/11\/13\/el-concejo-deliberante-trata-presupuestos-de-la-municipalidad-y-de-osm\/"},"wordCount":330,"publisher":{"@id":"https:\/\/apuntesdesanluis.com\/#\/schema\/person\/b55151d52296fcce64d1a72538a70b90"},"image":{"@id":"https:\/\/apuntesdesanluis.com\/index.php\/2023\/11\/13\/el-concejo-deliberante-trata-presupuestos-de-la-municipalidad-y-de-osm\/#primaryimage"},"thumbnailUrl":"https:\/\/apuntesdesanluis.com\/wp-content\/uploads\/2023\/07\/concejo-deliberante.png","articleSection":["Ciudad\/Provincia"],"inLanguage":"es-AR"},{"@type":"WebPage","@id":"https:\/\/apuntesdesanluis.com\/index.php\/2023\/11\/13\/el-concejo-deliberante-trata-presupuestos-de-la-municipalidad-y-de-osm\/","url":"https:\/\/apuntesdesanluis.com\/index.php\/2023\/11\/13\/el-concejo-deliberante-trata-presupuestos-de-la-municipalidad-y-de-osm\/","name":"EL CONCEJO DELIBERANTE TRATA PRESUPUESTOS DE LA MUNICIPALIDAD Y DE OSM - Apuntes de San Luis","isPartOf":{"@id":"https:\/\/apuntesdesanluis.com\/#website"},"primaryImageOfPage":{"@id":"https:\/\/apuntesdesanluis.com\/index.php\/2023\/11\/13\/el-concejo-deliberante-trata-presupuestos-de-la-municipalidad-y-de-osm\/#primaryimage"},"image":{"@id":"https:\/\/apuntesdesanluis.com\/index.php\/2023\/11\/13\/el-concejo-deliberante-trata-presupuestos-de-la-municipalidad-y-de-osm\/#primaryimage"},"thumbnailUrl":"https:\/\/apuntesdesanluis.com\/wp-content\/uploads\/2023\/07\/concejo-deliberante.png","datePublished":"2023-11-14T01:17:19+00:00","breadcrumb":{"@id":"https:\/\/apuntesdesanluis.com\/index.php\/2023\/11\/13\/el-concejo-deliberante-trata-presupuestos-de-la-municipalidad-y-de-osm\/#breadcrumb"},"inLanguage":"es-AR","potentialAction":[{"@type":"ReadAction","target":["https:\/\/apuntesdesanluis.com\/index.php\/2023\/11\/13\/el-concejo-deliberante-trata-presupuestos-de-la-municipalidad-y-de-osm\/"]}]},{"@type":"ImageObject","inLanguage":"es-AR","@id":"https:\/\/apuntesdesanluis.com\/index.php\/2023\/11\/13\/el-concejo-deliberante-trata-presupuestos-de-la-municipalidad-y-de-osm\/#primaryimage","url":"https:\/\/apuntesdesanluis.com\/wp-content\/uploads\/2023\/07\/concejo-deliberante.png","contentUrl":"https:\/\/apuntesdesanluis.com\/wp-content\/uploads\/2023\/07\/concejo-deliberante.png","width":600,"height":364},{"@type":"BreadcrumbList","@id":"https:\/\/apuntesdesanluis.com\/index.php\/2023\/11\/13\/el-concejo-deliberante-trata-presupuestos-de-la-municipalidad-y-de-osm\/#breadcrumb","itemListElement":[{"@type":"ListItem","position":1,"name":"Inicio","item":"https:\/\/apuntesdesanluis.com\/"},{"@type":"ListItem","position":2,"name":"EL CONCEJO DELIBERANTE TRATA PRESUPUESTOS DE LA MUNICIPALIDAD Y DE OSM"}]},{"@type":"WebSite","@id":"https:\/\/apuntesdesanluis.com\/#website","url":"https:\/\/apuntesdesanluis.com\/","name":"Apuntes de San Luis","description":"","publisher":{"@id":"https:\/\/apuntesdesanluis.com\/#\/schema\/person\/b55151d52296fcce64d1a72538a70b90"},"potentialAction":[{"@type":"SearchAction","target":{"@type":"EntryPoint","urlTemplate":"https:\/\/apuntesdesanluis.com\/?s={search_term_string}"},"query-input":{"@type":"PropertyValueSpecification","valueRequired":true,"valueName":"search_term_string"}}],"inLanguage":"es-AR"},{"@type":["Person","Organization"],"@id":"https:\/\/apuntesdesanluis.com\/#\/schema\/person\/b55151d52296fcce64d1a72538a70b90","name":"apuntesdesanluis.com","image":{"@type":"ImageObject","inLanguage":"es-AR","@id":"https:\/\/apuntesdesanluis.com\/#\/schema\/person\/image\/","url":"https:\/\/apuntesdesanluis.com\/wp-content\/uploads\/2023\/07\/cropped-apuntesdesanluis.png","contentUrl":"https:\/\/apuntesdesanluis.com\/wp-content\/uploads\/2023\/07\/cropped-apuntesdesanluis.png","width":450,"height":112,"caption":"apuntesdesanluis.com"},"logo":{"@id":"https:\/\/apuntesdesanluis.com\/#\/schema\/person\/image\/"},"sameAs":["https:\/\/apuntesdesanluis.com"],"url":"https:\/\/apuntesdesanluis.com\/index.php\/author\/apuntesdesanluis-com\/"}]}},"featured_image_urls":{"full":["https:\/\/apuntesdesanluis.com\/wp-content\/uploads\/2023\/07\/concejo-deliberante.png",600,364,false],"thumbnail":["https:\/\/apuntesdesanluis.com\/wp-content\/uploads\/2023\/07\/concejo-deliberante-150x150.png",150,150,true],"medium":["https:\/\/apuntesdesanluis.com\/wp-content\/uploads\/2023\/07\/concejo-deliberante-300x182.png",300,182,true],"medium_large":["https:\/\/apuntesdesanluis.com\/wp-content\/uploads\/2023\/07\/concejo-deliberante.png",600,364,false],"large":["https:\/\/apuntesdesanluis.com\/wp-content\/uploads\/2023\/07\/concejo-deliberante.png",600,364,false],"1536x1536":["https:\/\/apuntesdesanluis.com\/wp-content\/uploads\/2023\/07\/concejo-deliberante.png",600,364,false],"2048x2048":["https:\/\/apuntesdesanluis.com\/wp-content\/uploads\/2023\/07\/concejo-deliberante.png",600,364,false],"newsever-slider-full":["https:\/\/apuntesdesanluis.com\/wp-content\/uploads\/2023\/07\/concejo-deliberante.png",600,364,false],"newsever-featured":["https:\/\/apuntesdesanluis.com\/wp-content\/uploads\/2023\/07\/concejo-deliberante.png",600,364,false],"newsever-medium":["https:\/\/apuntesdesanluis.com\/wp-content\/uploads\/2023\/07\/concejo-deliberante.png",600,364,false]},"author_info":{"display_name":"apuntesdesanluis.com","author_link":"https:\/\/apuntesdesanluis.com\/index.php\/author\/apuntesdesanluis-com\/"},"category_info":"<a href=\"https:\/\/apuntesdesanluis.com\/index.php\/category\/ciudad-provincia\/\" rel=\"category tag\">Ciudad\/Provincia<\/a>","tag_info":"Ciudad\/Provincia","comment_count":"0","_links":{"self":[{"href":"https:\/\/apuntesdesanluis.com\/index.php\/wp-json\/wp\/v2\/posts\/6754","targetHints":{"allow":["GET"]}}],"collection":[{"href":"https:\/\/apuntesdesanluis.com\/index.php\/wp-json\/wp\/v2\/posts"}],"about":[{"href":"https:\/\/apuntesdesanluis.com\/index.php\/wp-json\/wp\/v2\/types\/post"}],"author":[{"embeddable":true,"href":"https:\/\/apuntesdesanluis.com\/index.php\/wp-json\/wp\/v2\/users\/1"}],"replies":[{"embeddable":true,"href":"https:\/\/apuntesdesanluis.com\/index.php\/wp-json\/wp\/v2\/comments?post=6754"}],"version-history":[{"count":1,"href":"https:\/\/apuntesdesanluis.com\/index.php\/wp-json\/wp\/v2\/posts\/6754\/revisions"}],"predecessor-version":[{"id":6758,"href":"https:\/\/apuntesdesanluis.com\/index.php\/wp-json\/wp\/v2\/posts\/6754\/revisions\/6758"}],"wp:featuredmedia":[{"embeddable":true,"href":"https:\/\/apuntesdesanluis.com\/index.php\/wp-json\/wp\/v2\/media\/344"}],"wp:attachment":[{"href":"https:\/\/apuntesdesanluis.com\/index.php\/wp-json\/wp\/v2\/media?parent=6754"}],"wp:term":[{"taxonomy":"category","embeddable":true,"href":"https:\/\/apuntesdesanluis.com\/index.php\/wp-json\/wp\/v2\/categories?post=6754"},{"taxonomy":"post_tag","embeddable":true,"href":"https:\/\/apuntesdesanluis.com\/index.php\/wp-json\/wp\/v2\/tags?post=6754"}],"curies":[{"name":"wp","href":"https:\/\/api.w.org\/{rel}","templated":true}]}}