{"id":6762,"date":"2023-11-13T23:20:55","date_gmt":"2023-11-14T02:20:55","guid":{"rendered":"https:\/\/apuntesdesanluis.com\/?p=6762"},"modified":"2023-11-13T23:20:55","modified_gmt":"2023-11-14T02:20:55","slug":"massa-llamo-a-tener-fuerzas-de-seguridad-mejor-pagas-y-que-la-justicia-haga-su-tarea","status":"publish","type":"post","link":"https:\/\/apuntesdesanluis.com\/index.php\/2023\/11\/13\/massa-llamo-a-tener-fuerzas-de-seguridad-mejor-pagas-y-que-la-justicia-haga-su-tarea\/","title":{"rendered":"MASSA LLAM\u00d3 A TENER FUERZAS DE SEGURIDAD &#8220;MEJOR PAGAS&#8221; Y QUE LA JUSTICIA &#8220;HAGA SU TAREA&#8221;"},"content":{"rendered":"<h3>El ministro de Econom\u00eda y candidato presidencial de Uni\u00f3n por la Patria (UxP), <strong>Sergio Massa<\/strong>, destac\u00f3 este lunes la importancia de &#8220;prevenir y tener fuerzas de seguridad lo m\u00e1s profesionales y mejor pagas posibles&#8221; y pidi\u00f3 que la justicia &#8220;haga su tarea&#8221;, al participar de un acto en el Centro Operativo de Prevenci\u00f3n de San Vicente.<\/h3>\n<h3>De esta manera, Massa se diferenci\u00f3 del candidato presidencial de La Libertad Avanza (LLA), Javier Milei, que -dijo- &#8220;se qued\u00f3 sin palabras&#8221; a la hora de presentar sus propuestas en materia de seguridad en el debate presidencial de este domingo.<\/h3>\n<h3>El ministro particip\u00f3 de un acto junto al intendente municipal, Nicol\u00e1s Mantegazza, en el Centro Operativo de Prevenci\u00f3n de San Vicente, provincia de Buenos Aires, donde se\u00f1al\u00f3 la importancia de &#8220;prevenir y tener fuerzas de seguridad lo m\u00e1s profesionales y mejor pagas posibles&#8221;, y pidi\u00f3 que la justicia &#8220;haga su tarea&#8221;.<\/h3>\n<h3>&#8220;De nada sirve si la polic\u00eda o la gendarmer\u00eda detiene y la justicia libera. Eso termina generando esa idea de impunidad&#8221;, indic\u00f3.<\/h3>\n<h3>En esa misma l\u00ednea, el candidato de UxP propuso la creaci\u00f3n de barrios para integrantes de las fuerzas de seguridad, que &#8220;sirve para fortalecer a nuestra fuerza de seguridad para que tenga un h\u00e1bitat com\u00fan con sus camaradas y para que tenga un ecosistema familiar. Eso tambi\u00e9n hace la jerarquizaci\u00f3n de nuestras fuerzas de seguridad&#8221;.<\/h3>\n<p><iframe title=\"Massa: &quot;S\u00f3lo aquellos que van a escucharse a s\u00ed mismos les molesta la tos&quot;\" width=\"640\" height=\"360\" src=\"https:\/\/www.youtube.com\/embed\/yRIfKA4kypI?feature=oembed\" frameborder=\"0\" allow=\"accelerometer; autoplay; clipboard-write; encrypted-media; gyroscope; picture-in-picture; web-share\" referrerpolicy=\"strict-origin-when-cross-origin\" allowfullscreen><\/iframe><\/p>\n<h3>Massa destac\u00f3 la importancia del &#8220;acceso a la vivienda&#8221; para &#8220;devolver el respeto a nuestras fuerzas de seguridad&#8221; y marc\u00f3 que &#8220;cada una de las fuerzas de seguridad tiene que tener su planificaci\u00f3n para su personal&#8221;.<\/h3>\n<h3>&#8220;Desde San Vicente lo hemos podido poner en marcha para personal de la polic\u00eda de la provincia y personal de servicio penitenciario, y lo extendemos ahora al personal de gendarmer\u00eda, ese tiene que ser el trabajo que en cada ciudad hagamos&#8221;, expres\u00f3.<\/h3>\n<h3>Cuestion\u00f3 adem\u00e1s las denuncias de Milei sobre supuestos &#8220;tosedores&#8221; durante el debate y plante\u00f3: &#8220;A m\u00ed no me incomoda. Cuando uno est\u00e1 concentrado en hablar con los que tiene que hablar no hay tos, no hay ruido, solo aquellos que se escuchan asimismo se molestan&#8221;.<\/h3>\n<h3>El ministro de Econom\u00eda destac\u00f3 tambi\u00e9n la implementaci\u00f3n del programa de Seguridad Ciudadana y enfatiz\u00f3 que se invertir\u00e1n m\u00e1s de 40 mil millones de pesos para reforzar el &#8220;sistema de c\u00e1maras de seguridad&#8221;.<\/h3>\n<h3>&#8220;Es necesario que el programa de prevenci\u00f3n est\u00e9 en cada vecino. Para colaborar con la polic\u00eda y la justicia. Prevenir, tener un equipo de seguridad lo m\u00e1s profesional posible y tener una justicia que tenga su tarea&#8221;, complet\u00f3 Massa.<\/h3>\n","protected":false},"excerpt":{"rendered":"<p>El ministro de Econom\u00eda y candidato presidencial de Uni\u00f3n por la Patria (UxP), Sergio Massa,&#8230;<\/p>\n","protected":false},"author":1,"featured_media":6763,"comment_status":"closed","ping_status":"closed","sticky":false,"template":"","format":"standard","meta":{"footnotes":""},"categories":[5],"tags":[],"class_list":["post-6762","post","type-post","status-publish","format-standard","has-post-thumbnail","hentry","category-nacionales-internacionales"],"yoast_head":"<!-- This site is optimized with the Yoast SEO plugin v26.1.1 - https:\/\/yoast.com\/wordpress\/plugins\/seo\/ -->\n<title>MASSA LLAM\u00d3 A TENER FUERZAS DE SEGURIDAD &quot;MEJOR PAGAS&quot; Y QUE LA JUSTICIA &quot;HAGA SU TAREA&quot; - Apuntes de San Luis<\/title>\n<meta name=\"robots\" content=\"index, follow, max-snippet:-1, max-image-preview:large, max-video-preview:-1\" \/>\n<link rel=\"canonical\" href=\"https:\/\/apuntesdesanluis.com\/index.php\/2023\/11\/13\/massa-llamo-a-tener-fuerzas-de-seguridad-mejor-pagas-y-que-la-justicia-haga-su-tarea\/\" \/>\n<meta property=\"og:locale\" content=\"es_ES\" \/>\n<meta property=\"og:type\" content=\"article\" \/>\n<meta property=\"og:title\" content=\"MASSA LLAM\u00d3 A TENER FUERZAS DE SEGURIDAD &quot;MEJOR PAGAS&quot; Y QUE LA JUSTICIA &quot;HAGA SU TAREA&quot; - Apuntes de San Luis\" \/>\n<meta property=\"og:description\" content=\"El ministro de Econom\u00eda y candidato presidencial de Uni\u00f3n por la Patria (UxP), Sergio Massa,...\" \/>\n<meta property=\"og:url\" content=\"https:\/\/apuntesdesanluis.com\/index.php\/2023\/11\/13\/massa-llamo-a-tener-fuerzas-de-seguridad-mejor-pagas-y-que-la-justicia-haga-su-tarea\/\" \/>\n<meta property=\"og:site_name\" content=\"Apuntes de San Luis\" \/>\n<meta property=\"article:published_time\" content=\"2023-11-14T02:20:55+00:00\" \/>\n<meta property=\"og:image\" content=\"https:\/\/apuntesdesanluis.com\/wp-content\/uploads\/2023\/11\/massa-2.png\" \/>\n\t<meta property=\"og:image:width\" content=\"721\" \/>\n\t<meta property=\"og:image:height\" content=\"389\" \/>\n\t<meta property=\"og:image:type\" content=\"image\/png\" \/>\n<meta name=\"author\" content=\"apuntesdesanluis.com\" \/>\n<meta name=\"twitter:card\" content=\"summary_large_image\" \/>\n<meta name=\"twitter:label1\" content=\"Escrito por\" \/>\n\t<meta name=\"twitter:data1\" content=\"apuntesdesanluis.com\" \/>\n\t<meta name=\"twitter:label2\" content=\"Tiempo de lectura\" \/>\n\t<meta name=\"twitter:data2\" content=\"2 minutos\" \/>\n<script type=\"application\/ld+json\" class=\"yoast-schema-graph\">{\"@context\":\"https:\/\/schema.org\",\"@graph\":[{\"@type\":\"Article\",\"@id\":\"https:\/\/apuntesdesanluis.com\/index.php\/2023\/11\/13\/massa-llamo-a-tener-fuerzas-de-seguridad-mejor-pagas-y-que-la-justicia-haga-su-tarea\/#article\",\"isPartOf\":{\"@id\":\"https:\/\/apuntesdesanluis.com\/index.php\/2023\/11\/13\/massa-llamo-a-tener-fuerzas-de-seguridad-mejor-pagas-y-que-la-justicia-haga-su-tarea\/\"},\"author\":{\"name\":\"apuntesdesanluis.com\",\"@id\":\"https:\/\/apuntesdesanluis.com\/#\/schema\/person\/b55151d52296fcce64d1a72538a70b90\"},\"headline\":\"MASSA LLAM\u00d3 A TENER FUERZAS DE SEGURIDAD &#8220;MEJOR PAGAS&#8221; Y QUE LA JUSTICIA &#8220;HAGA SU TAREA&#8221;\",\"datePublished\":\"2023-11-14T02:20:55+00:00\",\"mainEntityOfPage\":{\"@id\":\"https:\/\/apuntesdesanluis.com\/index.php\/2023\/11\/13\/massa-llamo-a-tener-fuerzas-de-seguridad-mejor-pagas-y-que-la-justicia-haga-su-tarea\/\"},\"wordCount\":470,\"publisher\":{\"@id\":\"https:\/\/apuntesdesanluis.com\/#\/schema\/person\/b55151d52296fcce64d1a72538a70b90\"},\"image\":{\"@id\":\"https:\/\/apuntesdesanluis.com\/index.php\/2023\/11\/13\/massa-llamo-a-tener-fuerzas-de-seguridad-mejor-pagas-y-que-la-justicia-haga-su-tarea\/#primaryimage\"},\"thumbnailUrl\":\"https:\/\/apuntesdesanluis.com\/wp-content\/uploads\/2023\/11\/massa-2.png\",\"articleSection\":[\"Nacionales\/Internacionales\"],\"inLanguage\":\"es-AR\"},{\"@type\":\"WebPage\",\"@id\":\"https:\/\/apuntesdesanluis.com\/index.php\/2023\/11\/13\/massa-llamo-a-tener-fuerzas-de-seguridad-mejor-pagas-y-que-la-justicia-haga-su-tarea\/\",\"url\":\"https:\/\/apuntesdesanluis.com\/index.php\/2023\/11\/13\/massa-llamo-a-tener-fuerzas-de-seguridad-mejor-pagas-y-que-la-justicia-haga-su-tarea\/\",\"name\":\"MASSA LLAM\u00d3 A TENER FUERZAS DE SEGURIDAD \\\"MEJOR PAGAS\\\" Y QUE LA JUSTICIA \\\"HAGA SU TAREA\\\" - Apuntes de San Luis\",\"isPartOf\":{\"@id\":\"https:\/\/apuntesdesanluis.com\/#website\"},\"primaryImageOfPage\":{\"@id\":\"https:\/\/apuntesdesanluis.com\/index.php\/2023\/11\/13\/massa-llamo-a-tener-fuerzas-de-seguridad-mejor-pagas-y-que-la-justicia-haga-su-tarea\/#primaryimage\"},\"image\":{\"@id\":\"https:\/\/apuntesdesanluis.com\/index.php\/2023\/11\/13\/massa-llamo-a-tener-fuerzas-de-seguridad-mejor-pagas-y-que-la-justicia-haga-su-tarea\/#primaryimage\"},\"thumbnailUrl\":\"https:\/\/apuntesdesanluis.com\/wp-content\/uploads\/2023\/11\/massa-2.png\",\"datePublished\":\"2023-11-14T02:20:55+00:00\",\"breadcrumb\":{\"@id\":\"https:\/\/apuntesdesanluis.com\/index.php\/2023\/11\/13\/massa-llamo-a-tener-fuerzas-de-seguridad-mejor-pagas-y-que-la-justicia-haga-su-tarea\/#breadcrumb\"},\"inLanguage\":\"es-AR\",\"potentialAction\":[{\"@type\":\"ReadAction\",\"target\":[\"https:\/\/apuntesdesanluis.com\/index.php\/2023\/11\/13\/massa-llamo-a-tener-fuerzas-de-seguridad-mejor-pagas-y-que-la-justicia-haga-su-tarea\/\"]}]},{\"@type\":\"ImageObject\",\"inLanguage\":\"es-AR\",\"@id\":\"https:\/\/apuntesdesanluis.com\/index.php\/2023\/11\/13\/massa-llamo-a-tener-fuerzas-de-seguridad-mejor-pagas-y-que-la-justicia-haga-su-tarea\/#primaryimage\",\"url\":\"https:\/\/apuntesdesanluis.com\/wp-content\/uploads\/2023\/11\/massa-2.png\",\"contentUrl\":\"https:\/\/apuntesdesanluis.com\/wp-content\/uploads\/2023\/11\/massa-2.png\",\"width\":721,\"height\":389},{\"@type\":\"BreadcrumbList\",\"@id\":\"https:\/\/apuntesdesanluis.com\/index.php\/2023\/11\/13\/massa-llamo-a-tener-fuerzas-de-seguridad-mejor-pagas-y-que-la-justicia-haga-su-tarea\/#breadcrumb\",\"itemListElement\":[{\"@type\":\"ListItem\",\"position\":1,\"name\":\"Inicio\",\"item\":\"https:\/\/apuntesdesanluis.com\/\"},{\"@type\":\"ListItem\",\"position\":2,\"name\":\"MASSA LLAM\u00d3 A TENER FUERZAS DE SEGURIDAD &#8220;MEJOR PAGAS&#8221; Y QUE LA JUSTICIA &#8220;HAGA SU TAREA&#8221;\"}]},{\"@type\":\"WebSite\",\"@id\":\"https:\/\/apuntesdesanluis.com\/#website\",\"url\":\"https:\/\/apuntesdesanluis.com\/\",\"name\":\"Apuntes de San Luis\",\"description\":\"\",\"publisher\":{\"@id\":\"https:\/\/apuntesdesanluis.com\/#\/schema\/person\/b55151d52296fcce64d1a72538a70b90\"},\"potentialAction\":[{\"@type\":\"SearchAction\",\"target\":{\"@type\":\"EntryPoint\",\"urlTemplate\":\"https:\/\/apuntesdesanluis.com\/?s={search_term_string}\"},\"query-input\":{\"@type\":\"PropertyValueSpecification\",\"valueRequired\":true,\"valueName\":\"search_term_string\"}}],\"inLanguage\":\"es-AR\"},{\"@type\":[\"Person\",\"Organization\"],\"@id\":\"https:\/\/apuntesdesanluis.com\/#\/schema\/person\/b55151d52296fcce64d1a72538a70b90\",\"name\":\"apuntesdesanluis.com\",\"image\":{\"@type\":\"ImageObject\",\"inLanguage\":\"es-AR\",\"@id\":\"https:\/\/apuntesdesanluis.com\/#\/schema\/person\/image\/\",\"url\":\"https:\/\/apuntesdesanluis.com\/wp-content\/uploads\/2023\/07\/cropped-apuntesdesanluis.png\",\"contentUrl\":\"https:\/\/apuntesdesanluis.com\/wp-content\/uploads\/2023\/07\/cropped-apuntesdesanluis.png\",\"width\":450,\"height\":112,\"caption\":\"apuntesdesanluis.com\"},\"logo\":{\"@id\":\"https:\/\/apuntesdesanluis.com\/#\/schema\/person\/image\/\"},\"sameAs\":[\"https:\/\/apuntesdesanluis.com\"],\"url\":\"https:\/\/apuntesdesanluis.com\/index.php\/author\/apuntesdesanluis-com\/\"}]}<\/script>\n<!-- \/ Yoast SEO plugin. -->","yoast_head_json":{"title":"MASSA LLAM\u00d3 A TENER FUERZAS DE SEGURIDAD \"MEJOR PAGAS\" Y QUE LA JUSTICIA \"HAGA SU TAREA\" - Apuntes de San Luis","robots":{"index":"index","follow":"follow","max-snippet":"max-snippet:-1","max-image-preview":"max-image-preview:large","max-video-preview":"max-video-preview:-1"},"canonical":"https:\/\/apuntesdesanluis.com\/index.php\/2023\/11\/13\/massa-llamo-a-tener-fuerzas-de-seguridad-mejor-pagas-y-que-la-justicia-haga-su-tarea\/","og_locale":"es_ES","og_type":"article","og_title":"MASSA LLAM\u00d3 A TENER FUERZAS DE SEGURIDAD \"MEJOR PAGAS\" Y QUE LA JUSTICIA \"HAGA SU TAREA\" - Apuntes de San Luis","og_description":"El ministro de Econom\u00eda y candidato presidencial de Uni\u00f3n por la Patria (UxP), Sergio Massa,...","og_url":"https:\/\/apuntesdesanluis.com\/index.php\/2023\/11\/13\/massa-llamo-a-tener-fuerzas-de-seguridad-mejor-pagas-y-que-la-justicia-haga-su-tarea\/","og_site_name":"Apuntes de San Luis","article_published_time":"2023-11-14T02:20:55+00:00","og_image":[{"width":721,"height":389,"url":"https:\/\/apuntesdesanluis.com\/wp-content\/uploads\/2023\/11\/massa-2.png","type":"image\/png"}],"author":"apuntesdesanluis.com","twitter_card":"summary_large_image","twitter_misc":{"Escrito por":"apuntesdesanluis.com","Tiempo de lectura":"2 minutos"},"schema":{"@context":"https:\/\/schema.org","@graph":[{"@type":"Article","@id":"https:\/\/apuntesdesanluis.com\/index.php\/2023\/11\/13\/massa-llamo-a-tener-fuerzas-de-seguridad-mejor-pagas-y-que-la-justicia-haga-su-tarea\/#article","isPartOf":{"@id":"https:\/\/apuntesdesanluis.com\/index.php\/2023\/11\/13\/massa-llamo-a-tener-fuerzas-de-seguridad-mejor-pagas-y-que-la-justicia-haga-su-tarea\/"},"author":{"name":"apuntesdesanluis.com","@id":"https:\/\/apuntesdesanluis.com\/#\/schema\/person\/b55151d52296fcce64d1a72538a70b90"},"headline":"MASSA LLAM\u00d3 A TENER FUERZAS DE SEGURIDAD &#8220;MEJOR PAGAS&#8221; Y QUE LA JUSTICIA &#8220;HAGA SU TAREA&#8221;","datePublished":"2023-11-14T02:20:55+00:00","mainEntityOfPage":{"@id":"https:\/\/apuntesdesanluis.com\/index.php\/2023\/11\/13\/massa-llamo-a-tener-fuerzas-de-seguridad-mejor-pagas-y-que-la-justicia-haga-su-tarea\/"},"wordCount":470,"publisher":{"@id":"https:\/\/apuntesdesanluis.com\/#\/schema\/person\/b55151d52296fcce64d1a72538a70b90"},"image":{"@id":"https:\/\/apuntesdesanluis.com\/index.php\/2023\/11\/13\/massa-llamo-a-tener-fuerzas-de-seguridad-mejor-pagas-y-que-la-justicia-haga-su-tarea\/#primaryimage"},"thumbnailUrl":"https:\/\/apuntesdesanluis.com\/wp-content\/uploads\/2023\/11\/massa-2.png","articleSection":["Nacionales\/Internacionales"],"inLanguage":"es-AR"},{"@type":"WebPage","@id":"https:\/\/apuntesdesanluis.com\/index.php\/2023\/11\/13\/massa-llamo-a-tener-fuerzas-de-seguridad-mejor-pagas-y-que-la-justicia-haga-su-tarea\/","url":"https:\/\/apuntesdesanluis.com\/index.php\/2023\/11\/13\/massa-llamo-a-tener-fuerzas-de-seguridad-mejor-pagas-y-que-la-justicia-haga-su-tarea\/","name":"MASSA LLAM\u00d3 A TENER FUERZAS DE SEGURIDAD \"MEJOR PAGAS\" Y QUE LA JUSTICIA \"HAGA SU TAREA\" - Apuntes de San Luis","isPartOf":{"@id":"https:\/\/apuntesdesanluis.com\/#website"},"primaryImageOfPage":{"@id":"https:\/\/apuntesdesanluis.com\/index.php\/2023\/11\/13\/massa-llamo-a-tener-fuerzas-de-seguridad-mejor-pagas-y-que-la-justicia-haga-su-tarea\/#primaryimage"},"image":{"@id":"https:\/\/apuntesdesanluis.com\/index.php\/2023\/11\/13\/massa-llamo-a-tener-fuerzas-de-seguridad-mejor-pagas-y-que-la-justicia-haga-su-tarea\/#primaryimage"},"thumbnailUrl":"https:\/\/apuntesdesanluis.com\/wp-content\/uploads\/2023\/11\/massa-2.png","datePublished":"2023-11-14T02:20:55+00:00","breadcrumb":{"@id":"https:\/\/apuntesdesanluis.com\/index.php\/2023\/11\/13\/massa-llamo-a-tener-fuerzas-de-seguridad-mejor-pagas-y-que-la-justicia-haga-su-tarea\/#breadcrumb"},"inLanguage":"es-AR","potentialAction":[{"@type":"ReadAction","target":["https:\/\/apuntesdesanluis.com\/index.php\/2023\/11\/13\/massa-llamo-a-tener-fuerzas-de-seguridad-mejor-pagas-y-que-la-justicia-haga-su-tarea\/"]}]},{"@type":"ImageObject","inLanguage":"es-AR","@id":"https:\/\/apuntesdesanluis.com\/index.php\/2023\/11\/13\/massa-llamo-a-tener-fuerzas-de-seguridad-mejor-pagas-y-que-la-justicia-haga-su-tarea\/#primaryimage","url":"https:\/\/apuntesdesanluis.com\/wp-content\/uploads\/2023\/11\/massa-2.png","contentUrl":"https:\/\/apuntesdesanluis.com\/wp-content\/uploads\/2023\/11\/massa-2.png","width":721,"height":389},{"@type":"BreadcrumbList","@id":"https:\/\/apuntesdesanluis.com\/index.php\/2023\/11\/13\/massa-llamo-a-tener-fuerzas-de-seguridad-mejor-pagas-y-que-la-justicia-haga-su-tarea\/#breadcrumb","itemListElement":[{"@type":"ListItem","position":1,"name":"Inicio","item":"https:\/\/apuntesdesanluis.com\/"},{"@type":"ListItem","position":2,"name":"MASSA LLAM\u00d3 A TENER FUERZAS DE SEGURIDAD &#8220;MEJOR PAGAS&#8221; Y QUE LA JUSTICIA &#8220;HAGA SU TAREA&#8221;"}]},{"@type":"WebSite","@id":"https:\/\/apuntesdesanluis.com\/#website","url":"https:\/\/apuntesdesanluis.com\/","name":"Apuntes de San Luis","description":"","publisher":{"@id":"https:\/\/apuntesdesanluis.com\/#\/schema\/person\/b55151d52296fcce64d1a72538a70b90"},"potentialAction":[{"@type":"SearchAction","target":{"@type":"EntryPoint","urlTemplate":"https:\/\/apuntesdesanluis.com\/?s={search_term_string}"},"query-input":{"@type":"PropertyValueSpecification","valueRequired":true,"valueName":"search_term_string"}}],"inLanguage":"es-AR"},{"@type":["Person","Organization"],"@id":"https:\/\/apuntesdesanluis.com\/#\/schema\/person\/b55151d52296fcce64d1a72538a70b90","name":"apuntesdesanluis.com","image":{"@type":"ImageObject","inLanguage":"es-AR","@id":"https:\/\/apuntesdesanluis.com\/#\/schema\/person\/image\/","url":"https:\/\/apuntesdesanluis.com\/wp-content\/uploads\/2023\/07\/cropped-apuntesdesanluis.png","contentUrl":"https:\/\/apuntesdesanluis.com\/wp-content\/uploads\/2023\/07\/cropped-apuntesdesanluis.png","width":450,"height":112,"caption":"apuntesdesanluis.com"},"logo":{"@id":"https:\/\/apuntesdesanluis.com\/#\/schema\/person\/image\/"},"sameAs":["https:\/\/apuntesdesanluis.com"],"url":"https:\/\/apuntesdesanluis.com\/index.php\/author\/apuntesdesanluis-com\/"}]}},"featured_image_urls":{"full":["https:\/\/apuntesdesanluis.com\/wp-content\/uploads\/2023\/11\/massa-2.png",721,389,false],"thumbnail":["https:\/\/apuntesdesanluis.com\/wp-content\/uploads\/2023\/11\/massa-2-150x150.png",150,150,true],"medium":["https:\/\/apuntesdesanluis.com\/wp-content\/uploads\/2023\/11\/massa-2-300x162.png",300,162,true],"medium_large":["https:\/\/apuntesdesanluis.com\/wp-content\/uploads\/2023\/11\/massa-2.png",640,345,false],"large":["https:\/\/apuntesdesanluis.com\/wp-content\/uploads\/2023\/11\/massa-2.png",640,345,false],"1536x1536":["https:\/\/apuntesdesanluis.com\/wp-content\/uploads\/2023\/11\/massa-2.png",721,389,false],"2048x2048":["https:\/\/apuntesdesanluis.com\/wp-content\/uploads\/2023\/11\/massa-2.png",721,389,false],"newsever-slider-full":["https:\/\/apuntesdesanluis.com\/wp-content\/uploads\/2023\/11\/massa-2.png",721,389,false],"newsever-featured":["https:\/\/apuntesdesanluis.com\/wp-content\/uploads\/2023\/11\/massa-2.png",721,389,false],"newsever-medium":["https:\/\/apuntesdesanluis.com\/wp-content\/uploads\/2023\/11\/massa-2.png",720,388,false]},"author_info":{"display_name":"apuntesdesanluis.com","author_link":"https:\/\/apuntesdesanluis.com\/index.php\/author\/apuntesdesanluis-com\/"},"category_info":"<a href=\"https:\/\/apuntesdesanluis.com\/index.php\/category\/nacionales-internacionales\/\" rel=\"category tag\">Nacionales\/Internacionales<\/a>","tag_info":"Nacionales\/Internacionales","comment_count":"0","_links":{"self":[{"href":"https:\/\/apuntesdesanluis.com\/index.php\/wp-json\/wp\/v2\/posts\/6762","targetHints":{"allow":["GET"]}}],"collection":[{"href":"https:\/\/apuntesdesanluis.com\/index.php\/wp-json\/wp\/v2\/posts"}],"about":[{"href":"https:\/\/apuntesdesanluis.com\/index.php\/wp-json\/wp\/v2\/types\/post"}],"author":[{"embeddable":true,"href":"https:\/\/apuntesdesanluis.com\/index.php\/wp-json\/wp\/v2\/users\/1"}],"replies":[{"embeddable":true,"href":"https:\/\/apuntesdesanluis.com\/index.php\/wp-json\/wp\/v2\/comments?post=6762"}],"version-history":[{"count":1,"href":"https:\/\/apuntesdesanluis.com\/index.php\/wp-json\/wp\/v2\/posts\/6762\/revisions"}],"predecessor-version":[{"id":6764,"href":"https:\/\/apuntesdesanluis.com\/index.php\/wp-json\/wp\/v2\/posts\/6762\/revisions\/6764"}],"wp:featuredmedia":[{"embeddable":true,"href":"https:\/\/apuntesdesanluis.com\/index.php\/wp-json\/wp\/v2\/media\/6763"}],"wp:attachment":[{"href":"https:\/\/apuntesdesanluis.com\/index.php\/wp-json\/wp\/v2\/media?parent=6762"}],"wp:term":[{"taxonomy":"category","embeddable":true,"href":"https:\/\/apuntesdesanluis.com\/index.php\/wp-json\/wp\/v2\/categories?post=6762"},{"taxonomy":"post_tag","embeddable":true,"href":"https:\/\/apuntesdesanluis.com\/index.php\/wp-json\/wp\/v2\/tags?post=6762"}],"curies":[{"name":"wp","href":"https:\/\/api.w.org\/{rel}","templated":true}]}}