{"id":6765,"date":"2023-11-13T23:29:58","date_gmt":"2023-11-14T02:29:58","guid":{"rendered":"https:\/\/apuntesdesanluis.com\/?p=6765"},"modified":"2023-11-13T23:32:38","modified_gmt":"2023-11-14T02:32:38","slug":"carga-de-la-prueba-en-casos-de-discriminacion-y-violencia-en-mundo-del-trabajo","status":"publish","type":"post","link":"https:\/\/apuntesdesanluis.com\/index.php\/2023\/11\/13\/carga-de-la-prueba-en-casos-de-discriminacion-y-violencia-en-mundo-del-trabajo\/","title":{"rendered":"\u201cCARGA DE LA PRUEBA EN CASOS DE DISCRIMINACI\u00d3N Y VIOLENCIA EN EL MUNDO DEL TRABAJO\u201d"},"content":{"rendered":"<h3>La Secretar\u00eda de Investigaci\u00f3n y Posgrado de la <strong>Facultad de Ciencias Econ\u00f3micas, Jur\u00eddicas y Sociales de la UNSL<\/strong> inform\u00f3 que el martes 28 de noviembre, se realizar\u00e1 la Jornada en Derecho Laboral \u201cCarga de la prueba en casos de discriminaci\u00f3n y violencia en mundo del trabajo\u201d, en la que disertar\u00e1n el Dr. <strong>Sebasti\u00e1n Coppoletta<\/strong>, la Esp. <strong>Adela del Valle P\u00e9rez del Viso<\/strong> y el Mgtr. <strong>Gustavo Pereira<\/strong>.<\/h3>\n<h3>Este encuentro arancelado, se desarrollar\u00e1 de forma presencial a partir de las 17 horas en el Aula de Posgrado del Campus Universitario. Moderar\u00e1n las Especialistas Mar\u00eda Laura Estrada y Silvina Marrau. Organizan el Colegio de Abogados y Procuradores de Villa Mercedes y el Departamento de Ciencias Jur\u00eddicas y Pol\u00edticas de FCEJS.<\/h3>\n<h3>En esta jornada de capacitaci\u00f3n se realizar\u00e1 una revisi\u00f3n y debate sobre las \u00faltimas tendencias nacionales y provinciales sobre carga de la prueba en casos de discriminaci\u00f3n y violencia en el mundo del trabajo, haciendo un an\u00e1lisis de los Convenios 111 y 190 de OIT. Se abordar\u00e1 los ejes tem\u00e1ticos relacionados a la conceptualizaci\u00f3n de carga de la prueba y est\u00e1ndar probatorio; diferencia entre cargas din\u00e1micas e inversi\u00f3n probatoria; carga de la prueba y est\u00e1ndar probatorio en materia de discriminaci\u00f3n; carga de la prueba en materia de violencia laboral y efectos.<\/h3>\n<h3><strong>S\u00cdNTESIS CURRICULAR DE LOS DISERTANTES:<\/strong><\/h3>\n<h3>Dr. Sebasti\u00e1n Coppoletta: Doctor en derecho (UNL). Mgter. en Derecho (Austral). Master of Laws (Kent \u2013 E.E.U.U.). Abogado (UNL). Curs\u00f3 International LabourStandardsforJudges, Lawyers and Legal Educators (OIT). Curs\u00f3 para expertos latinoamericanos en relaciones laborales en la Universidad de Castilla-La Mancha, Espa\u00f1a. Juez de C\u00e1mara \u2013 Poder Judicial de Santa Fe. Ex Secretario de redacci\u00f3n de la Revista de Derecho laboral, Editorial RubinzalCulzoni. Profesor de grado y posgrado de diversas universidades nacionales.<\/h3>\n<h3>Esp. Adela P\u00e9rez del Viso: Abogada (UNL 1986) Notaria (UNL 1988), Profesora de ingl\u00e9s (IFDC San Luis 2014), Especialista en Educaci\u00f3n en entornos virtuales (U.N. Quilmes 2023), Especialista en Educaci\u00f3n y DDHH\u00a0 y en Educaci\u00f3n y TIC (IFDC San Luis 2017 y 2018), Diplomada en Derecho de las familias (2017 UCCUYO San Luis), Maestranda en Derecho del trabajo y relaciones internacionales con tesis ya aceptada y faltando su defensa (UNTREF), Juez Civil y Laboral en Concar\u00e1n, San Luis (2021 a 2022), Juez de C\u00e1mara, Sala Laboral, en San Luis (2022 a 2023) y actualmente desde mayo 2023\u00a0 Juez Laboral n\u00famero uno de San Luis (provisoria); profesora de Derecho laboral y de Oratoria y an\u00e1lisis de textos jur\u00eddicos y razonamiento jur\u00eddico aplicado, en la UCCUYO San Luis y San Juan. En Curso, Diplomatura en Filosof\u00eda y Derecho, en el Centro de Formaci\u00f3n judicial del Consejo de la Magistratura de C.A.B.A., Miembro de la Asociaci\u00f3n Mujeres juezas de Argentina (AMJA) y miembro de la AIDTSS (asociaci\u00f3n internacional de derecho del trabajo y seguridad social Guillermo Cabanellas).<\/h3>\n<h3>Mgtr. Gustavo Alfredo Pereira: Magister en Derecho del Trabajo y Relaciones Laborales (Austral). Diplomado en Derecho del Trabajo y Relaciones Laborales (Autral). Docente de grado y posgrado (UNSL). Abogado litigante en la Provincia de San Luis. Miembro de la Asociaci\u00f3n Argentina de Derecho del Trabajo y Seguridad Social.<\/h3>\n<h3><span style=\"color: #000000;\"><strong>Inscripciones v\u00eda WhatsApp: 2657 -602053<\/strong><\/span><\/h3>\n","protected":false},"excerpt":{"rendered":"<p>La Secretar\u00eda de Investigaci\u00f3n y Posgrado de la Facultad de Ciencias Econ\u00f3micas, Jur\u00eddicas y Sociales&#8230;<\/p>\n","protected":false},"author":1,"featured_media":6766,"comment_status":"closed","ping_status":"closed","sticky":false,"template":"","format":"standard","meta":{"footnotes":""},"categories":[6],"tags":[],"class_list":["post-6765","post","type-post","status-publish","format-standard","has-post-thumbnail","hentry","category-ciudad-provincia"],"yoast_head":"<!-- This site is optimized with the Yoast SEO plugin v26.1.1 - https:\/\/yoast.com\/wordpress\/plugins\/seo\/ -->\n<title>\u201cCARGA DE LA PRUEBA EN CASOS DE DISCRIMINACI\u00d3N Y VIOLENCIA EN EL MUNDO DEL TRABAJO\u201d - Apuntes de San Luis<\/title>\n<meta name=\"robots\" content=\"index, follow, max-snippet:-1, max-image-preview:large, max-video-preview:-1\" \/>\n<link rel=\"canonical\" href=\"https:\/\/apuntesdesanluis.com\/index.php\/2023\/11\/13\/carga-de-la-prueba-en-casos-de-discriminacion-y-violencia-en-mundo-del-trabajo\/\" \/>\n<meta property=\"og:locale\" content=\"es_ES\" \/>\n<meta property=\"og:type\" content=\"article\" \/>\n<meta property=\"og:title\" content=\"\u201cCARGA DE LA PRUEBA EN CASOS DE DISCRIMINACI\u00d3N Y VIOLENCIA EN EL MUNDO DEL TRABAJO\u201d - Apuntes de San Luis\" \/>\n<meta property=\"og:description\" content=\"La Secretar\u00eda de Investigaci\u00f3n y Posgrado de la Facultad de Ciencias Econ\u00f3micas, Jur\u00eddicas y Sociales...\" \/>\n<meta property=\"og:url\" content=\"https:\/\/apuntesdesanluis.com\/index.php\/2023\/11\/13\/carga-de-la-prueba-en-casos-de-discriminacion-y-violencia-en-mundo-del-trabajo\/\" \/>\n<meta property=\"og:site_name\" content=\"Apuntes de San Luis\" \/>\n<meta property=\"article:published_time\" content=\"2023-11-14T02:29:58+00:00\" \/>\n<meta property=\"article:modified_time\" content=\"2023-11-14T02:32:38+00:00\" \/>\n<meta property=\"og:image\" content=\"https:\/\/apuntesdesanluis.com\/wp-content\/uploads\/2023\/11\/carga-de-la-prueba.png\" \/>\n\t<meta property=\"og:image:width\" content=\"600\" \/>\n\t<meta property=\"og:image:height\" content=\"365\" \/>\n\t<meta property=\"og:image:type\" content=\"image\/png\" \/>\n<meta name=\"author\" content=\"apuntesdesanluis.com\" \/>\n<meta name=\"twitter:card\" content=\"summary_large_image\" \/>\n<meta name=\"twitter:label1\" content=\"Escrito por\" \/>\n\t<meta name=\"twitter:data1\" content=\"apuntesdesanluis.com\" \/>\n\t<meta name=\"twitter:label2\" content=\"Tiempo de lectura\" \/>\n\t<meta name=\"twitter:data2\" content=\"3 minutos\" \/>\n<script type=\"application\/ld+json\" class=\"yoast-schema-graph\">{\"@context\":\"https:\/\/schema.org\",\"@graph\":[{\"@type\":\"Article\",\"@id\":\"https:\/\/apuntesdesanluis.com\/index.php\/2023\/11\/13\/carga-de-la-prueba-en-casos-de-discriminacion-y-violencia-en-mundo-del-trabajo\/#article\",\"isPartOf\":{\"@id\":\"https:\/\/apuntesdesanluis.com\/index.php\/2023\/11\/13\/carga-de-la-prueba-en-casos-de-discriminacion-y-violencia-en-mundo-del-trabajo\/\"},\"author\":{\"name\":\"apuntesdesanluis.com\",\"@id\":\"https:\/\/apuntesdesanluis.com\/#\/schema\/person\/b55151d52296fcce64d1a72538a70b90\"},\"headline\":\"\u201cCARGA DE LA PRUEBA EN CASOS DE DISCRIMINACI\u00d3N Y VIOLENCIA EN EL MUNDO DEL TRABAJO\u201d\",\"datePublished\":\"2023-11-14T02:29:58+00:00\",\"dateModified\":\"2023-11-14T02:32:38+00:00\",\"mainEntityOfPage\":{\"@id\":\"https:\/\/apuntesdesanluis.com\/index.php\/2023\/11\/13\/carga-de-la-prueba-en-casos-de-discriminacion-y-violencia-en-mundo-del-trabajo\/\"},\"wordCount\":561,\"publisher\":{\"@id\":\"https:\/\/apuntesdesanluis.com\/#\/schema\/person\/b55151d52296fcce64d1a72538a70b90\"},\"image\":{\"@id\":\"https:\/\/apuntesdesanluis.com\/index.php\/2023\/11\/13\/carga-de-la-prueba-en-casos-de-discriminacion-y-violencia-en-mundo-del-trabajo\/#primaryimage\"},\"thumbnailUrl\":\"https:\/\/apuntesdesanluis.com\/wp-content\/uploads\/2023\/11\/carga-de-la-prueba.png\",\"articleSection\":[\"Ciudad\/Provincia\"],\"inLanguage\":\"es-AR\"},{\"@type\":\"WebPage\",\"@id\":\"https:\/\/apuntesdesanluis.com\/index.php\/2023\/11\/13\/carga-de-la-prueba-en-casos-de-discriminacion-y-violencia-en-mundo-del-trabajo\/\",\"url\":\"https:\/\/apuntesdesanluis.com\/index.php\/2023\/11\/13\/carga-de-la-prueba-en-casos-de-discriminacion-y-violencia-en-mundo-del-trabajo\/\",\"name\":\"\u201cCARGA DE LA PRUEBA EN CASOS DE DISCRIMINACI\u00d3N Y VIOLENCIA EN EL MUNDO DEL TRABAJO\u201d - Apuntes de San Luis\",\"isPartOf\":{\"@id\":\"https:\/\/apuntesdesanluis.com\/#website\"},\"primaryImageOfPage\":{\"@id\":\"https:\/\/apuntesdesanluis.com\/index.php\/2023\/11\/13\/carga-de-la-prueba-en-casos-de-discriminacion-y-violencia-en-mundo-del-trabajo\/#primaryimage\"},\"image\":{\"@id\":\"https:\/\/apuntesdesanluis.com\/index.php\/2023\/11\/13\/carga-de-la-prueba-en-casos-de-discriminacion-y-violencia-en-mundo-del-trabajo\/#primaryimage\"},\"thumbnailUrl\":\"https:\/\/apuntesdesanluis.com\/wp-content\/uploads\/2023\/11\/carga-de-la-prueba.png\",\"datePublished\":\"2023-11-14T02:29:58+00:00\",\"dateModified\":\"2023-11-14T02:32:38+00:00\",\"breadcrumb\":{\"@id\":\"https:\/\/apuntesdesanluis.com\/index.php\/2023\/11\/13\/carga-de-la-prueba-en-casos-de-discriminacion-y-violencia-en-mundo-del-trabajo\/#breadcrumb\"},\"inLanguage\":\"es-AR\",\"potentialAction\":[{\"@type\":\"ReadAction\",\"target\":[\"https:\/\/apuntesdesanluis.com\/index.php\/2023\/11\/13\/carga-de-la-prueba-en-casos-de-discriminacion-y-violencia-en-mundo-del-trabajo\/\"]}]},{\"@type\":\"ImageObject\",\"inLanguage\":\"es-AR\",\"@id\":\"https:\/\/apuntesdesanluis.com\/index.php\/2023\/11\/13\/carga-de-la-prueba-en-casos-de-discriminacion-y-violencia-en-mundo-del-trabajo\/#primaryimage\",\"url\":\"https:\/\/apuntesdesanluis.com\/wp-content\/uploads\/2023\/11\/carga-de-la-prueba.png\",\"contentUrl\":\"https:\/\/apuntesdesanluis.com\/wp-content\/uploads\/2023\/11\/carga-de-la-prueba.png\",\"width\":600,\"height\":365},{\"@type\":\"BreadcrumbList\",\"@id\":\"https:\/\/apuntesdesanluis.com\/index.php\/2023\/11\/13\/carga-de-la-prueba-en-casos-de-discriminacion-y-violencia-en-mundo-del-trabajo\/#breadcrumb\",\"itemListElement\":[{\"@type\":\"ListItem\",\"position\":1,\"name\":\"Inicio\",\"item\":\"https:\/\/apuntesdesanluis.com\/\"},{\"@type\":\"ListItem\",\"position\":2,\"name\":\"\u201cCARGA DE LA PRUEBA EN CASOS DE DISCRIMINACI\u00d3N Y VIOLENCIA EN EL MUNDO DEL TRABAJO\u201d\"}]},{\"@type\":\"WebSite\",\"@id\":\"https:\/\/apuntesdesanluis.com\/#website\",\"url\":\"https:\/\/apuntesdesanluis.com\/\",\"name\":\"Apuntes de San Luis\",\"description\":\"\",\"publisher\":{\"@id\":\"https:\/\/apuntesdesanluis.com\/#\/schema\/person\/b55151d52296fcce64d1a72538a70b90\"},\"potentialAction\":[{\"@type\":\"SearchAction\",\"target\":{\"@type\":\"EntryPoint\",\"urlTemplate\":\"https:\/\/apuntesdesanluis.com\/?s={search_term_string}\"},\"query-input\":{\"@type\":\"PropertyValueSpecification\",\"valueRequired\":true,\"valueName\":\"search_term_string\"}}],\"inLanguage\":\"es-AR\"},{\"@type\":[\"Person\",\"Organization\"],\"@id\":\"https:\/\/apuntesdesanluis.com\/#\/schema\/person\/b55151d52296fcce64d1a72538a70b90\",\"name\":\"apuntesdesanluis.com\",\"image\":{\"@type\":\"ImageObject\",\"inLanguage\":\"es-AR\",\"@id\":\"https:\/\/apuntesdesanluis.com\/#\/schema\/person\/image\/\",\"url\":\"https:\/\/apuntesdesanluis.com\/wp-content\/uploads\/2023\/07\/cropped-apuntesdesanluis.png\",\"contentUrl\":\"https:\/\/apuntesdesanluis.com\/wp-content\/uploads\/2023\/07\/cropped-apuntesdesanluis.png\",\"width\":450,\"height\":112,\"caption\":\"apuntesdesanluis.com\"},\"logo\":{\"@id\":\"https:\/\/apuntesdesanluis.com\/#\/schema\/person\/image\/\"},\"sameAs\":[\"https:\/\/apuntesdesanluis.com\"],\"url\":\"https:\/\/apuntesdesanluis.com\/index.php\/author\/apuntesdesanluis-com\/\"}]}<\/script>\n<!-- \/ Yoast SEO plugin. -->","yoast_head_json":{"title":"\u201cCARGA DE LA PRUEBA EN CASOS DE DISCRIMINACI\u00d3N Y VIOLENCIA EN EL MUNDO DEL TRABAJO\u201d - Apuntes de San Luis","robots":{"index":"index","follow":"follow","max-snippet":"max-snippet:-1","max-image-preview":"max-image-preview:large","max-video-preview":"max-video-preview:-1"},"canonical":"https:\/\/apuntesdesanluis.com\/index.php\/2023\/11\/13\/carga-de-la-prueba-en-casos-de-discriminacion-y-violencia-en-mundo-del-trabajo\/","og_locale":"es_ES","og_type":"article","og_title":"\u201cCARGA DE LA PRUEBA EN CASOS DE DISCRIMINACI\u00d3N Y VIOLENCIA EN EL MUNDO DEL TRABAJO\u201d - Apuntes de San Luis","og_description":"La Secretar\u00eda de Investigaci\u00f3n y Posgrado de la Facultad de Ciencias Econ\u00f3micas, Jur\u00eddicas y Sociales...","og_url":"https:\/\/apuntesdesanluis.com\/index.php\/2023\/11\/13\/carga-de-la-prueba-en-casos-de-discriminacion-y-violencia-en-mundo-del-trabajo\/","og_site_name":"Apuntes de San Luis","article_published_time":"2023-11-14T02:29:58+00:00","article_modified_time":"2023-11-14T02:32:38+00:00","og_image":[{"width":600,"height":365,"url":"https:\/\/apuntesdesanluis.com\/wp-content\/uploads\/2023\/11\/carga-de-la-prueba.png","type":"image\/png"}],"author":"apuntesdesanluis.com","twitter_card":"summary_large_image","twitter_misc":{"Escrito por":"apuntesdesanluis.com","Tiempo de lectura":"3 minutos"},"schema":{"@context":"https:\/\/schema.org","@graph":[{"@type":"Article","@id":"https:\/\/apuntesdesanluis.com\/index.php\/2023\/11\/13\/carga-de-la-prueba-en-casos-de-discriminacion-y-violencia-en-mundo-del-trabajo\/#article","isPartOf":{"@id":"https:\/\/apuntesdesanluis.com\/index.php\/2023\/11\/13\/carga-de-la-prueba-en-casos-de-discriminacion-y-violencia-en-mundo-del-trabajo\/"},"author":{"name":"apuntesdesanluis.com","@id":"https:\/\/apuntesdesanluis.com\/#\/schema\/person\/b55151d52296fcce64d1a72538a70b90"},"headline":"\u201cCARGA DE LA PRUEBA EN CASOS DE DISCRIMINACI\u00d3N Y VIOLENCIA EN EL MUNDO DEL TRABAJO\u201d","datePublished":"2023-11-14T02:29:58+00:00","dateModified":"2023-11-14T02:32:38+00:00","mainEntityOfPage":{"@id":"https:\/\/apuntesdesanluis.com\/index.php\/2023\/11\/13\/carga-de-la-prueba-en-casos-de-discriminacion-y-violencia-en-mundo-del-trabajo\/"},"wordCount":561,"publisher":{"@id":"https:\/\/apuntesdesanluis.com\/#\/schema\/person\/b55151d52296fcce64d1a72538a70b90"},"image":{"@id":"https:\/\/apuntesdesanluis.com\/index.php\/2023\/11\/13\/carga-de-la-prueba-en-casos-de-discriminacion-y-violencia-en-mundo-del-trabajo\/#primaryimage"},"thumbnailUrl":"https:\/\/apuntesdesanluis.com\/wp-content\/uploads\/2023\/11\/carga-de-la-prueba.png","articleSection":["Ciudad\/Provincia"],"inLanguage":"es-AR"},{"@type":"WebPage","@id":"https:\/\/apuntesdesanluis.com\/index.php\/2023\/11\/13\/carga-de-la-prueba-en-casos-de-discriminacion-y-violencia-en-mundo-del-trabajo\/","url":"https:\/\/apuntesdesanluis.com\/index.php\/2023\/11\/13\/carga-de-la-prueba-en-casos-de-discriminacion-y-violencia-en-mundo-del-trabajo\/","name":"\u201cCARGA DE LA PRUEBA EN CASOS DE DISCRIMINACI\u00d3N Y VIOLENCIA EN EL MUNDO DEL TRABAJO\u201d - Apuntes de San Luis","isPartOf":{"@id":"https:\/\/apuntesdesanluis.com\/#website"},"primaryImageOfPage":{"@id":"https:\/\/apuntesdesanluis.com\/index.php\/2023\/11\/13\/carga-de-la-prueba-en-casos-de-discriminacion-y-violencia-en-mundo-del-trabajo\/#primaryimage"},"image":{"@id":"https:\/\/apuntesdesanluis.com\/index.php\/2023\/11\/13\/carga-de-la-prueba-en-casos-de-discriminacion-y-violencia-en-mundo-del-trabajo\/#primaryimage"},"thumbnailUrl":"https:\/\/apuntesdesanluis.com\/wp-content\/uploads\/2023\/11\/carga-de-la-prueba.png","datePublished":"2023-11-14T02:29:58+00:00","dateModified":"2023-11-14T02:32:38+00:00","breadcrumb":{"@id":"https:\/\/apuntesdesanluis.com\/index.php\/2023\/11\/13\/carga-de-la-prueba-en-casos-de-discriminacion-y-violencia-en-mundo-del-trabajo\/#breadcrumb"},"inLanguage":"es-AR","potentialAction":[{"@type":"ReadAction","target":["https:\/\/apuntesdesanluis.com\/index.php\/2023\/11\/13\/carga-de-la-prueba-en-casos-de-discriminacion-y-violencia-en-mundo-del-trabajo\/"]}]},{"@type":"ImageObject","inLanguage":"es-AR","@id":"https:\/\/apuntesdesanluis.com\/index.php\/2023\/11\/13\/carga-de-la-prueba-en-casos-de-discriminacion-y-violencia-en-mundo-del-trabajo\/#primaryimage","url":"https:\/\/apuntesdesanluis.com\/wp-content\/uploads\/2023\/11\/carga-de-la-prueba.png","contentUrl":"https:\/\/apuntesdesanluis.com\/wp-content\/uploads\/2023\/11\/carga-de-la-prueba.png","width":600,"height":365},{"@type":"BreadcrumbList","@id":"https:\/\/apuntesdesanluis.com\/index.php\/2023\/11\/13\/carga-de-la-prueba-en-casos-de-discriminacion-y-violencia-en-mundo-del-trabajo\/#breadcrumb","itemListElement":[{"@type":"ListItem","position":1,"name":"Inicio","item":"https:\/\/apuntesdesanluis.com\/"},{"@type":"ListItem","position":2,"name":"\u201cCARGA DE LA PRUEBA EN CASOS DE DISCRIMINACI\u00d3N Y VIOLENCIA EN EL MUNDO DEL TRABAJO\u201d"}]},{"@type":"WebSite","@id":"https:\/\/apuntesdesanluis.com\/#website","url":"https:\/\/apuntesdesanluis.com\/","name":"Apuntes de San Luis","description":"","publisher":{"@id":"https:\/\/apuntesdesanluis.com\/#\/schema\/person\/b55151d52296fcce64d1a72538a70b90"},"potentialAction":[{"@type":"SearchAction","target":{"@type":"EntryPoint","urlTemplate":"https:\/\/apuntesdesanluis.com\/?s={search_term_string}"},"query-input":{"@type":"PropertyValueSpecification","valueRequired":true,"valueName":"search_term_string"}}],"inLanguage":"es-AR"},{"@type":["Person","Organization"],"@id":"https:\/\/apuntesdesanluis.com\/#\/schema\/person\/b55151d52296fcce64d1a72538a70b90","name":"apuntesdesanluis.com","image":{"@type":"ImageObject","inLanguage":"es-AR","@id":"https:\/\/apuntesdesanluis.com\/#\/schema\/person\/image\/","url":"https:\/\/apuntesdesanluis.com\/wp-content\/uploads\/2023\/07\/cropped-apuntesdesanluis.png","contentUrl":"https:\/\/apuntesdesanluis.com\/wp-content\/uploads\/2023\/07\/cropped-apuntesdesanluis.png","width":450,"height":112,"caption":"apuntesdesanluis.com"},"logo":{"@id":"https:\/\/apuntesdesanluis.com\/#\/schema\/person\/image\/"},"sameAs":["https:\/\/apuntesdesanluis.com"],"url":"https:\/\/apuntesdesanluis.com\/index.php\/author\/apuntesdesanluis-com\/"}]}},"featured_image_urls":{"full":["https:\/\/apuntesdesanluis.com\/wp-content\/uploads\/2023\/11\/carga-de-la-prueba.png",600,365,false],"thumbnail":["https:\/\/apuntesdesanluis.com\/wp-content\/uploads\/2023\/11\/carga-de-la-prueba-150x150.png",150,150,true],"medium":["https:\/\/apuntesdesanluis.com\/wp-content\/uploads\/2023\/11\/carga-de-la-prueba-300x183.png",300,183,true],"medium_large":["https:\/\/apuntesdesanluis.com\/wp-content\/uploads\/2023\/11\/carga-de-la-prueba.png",600,365,false],"large":["https:\/\/apuntesdesanluis.com\/wp-content\/uploads\/2023\/11\/carga-de-la-prueba.png",600,365,false],"1536x1536":["https:\/\/apuntesdesanluis.com\/wp-content\/uploads\/2023\/11\/carga-de-la-prueba.png",600,365,false],"2048x2048":["https:\/\/apuntesdesanluis.com\/wp-content\/uploads\/2023\/11\/carga-de-la-prueba.png",600,365,false],"newsever-slider-full":["https:\/\/apuntesdesanluis.com\/wp-content\/uploads\/2023\/11\/carga-de-la-prueba.png",600,365,false],"newsever-featured":["https:\/\/apuntesdesanluis.com\/wp-content\/uploads\/2023\/11\/carga-de-la-prueba.png",600,365,false],"newsever-medium":["https:\/\/apuntesdesanluis.com\/wp-content\/uploads\/2023\/11\/carga-de-la-prueba.png",600,365,false]},"author_info":{"display_name":"apuntesdesanluis.com","author_link":"https:\/\/apuntesdesanluis.com\/index.php\/author\/apuntesdesanluis-com\/"},"category_info":"<a href=\"https:\/\/apuntesdesanluis.com\/index.php\/category\/ciudad-provincia\/\" rel=\"category tag\">Ciudad\/Provincia<\/a>","tag_info":"Ciudad\/Provincia","comment_count":"0","_links":{"self":[{"href":"https:\/\/apuntesdesanluis.com\/index.php\/wp-json\/wp\/v2\/posts\/6765","targetHints":{"allow":["GET"]}}],"collection":[{"href":"https:\/\/apuntesdesanluis.com\/index.php\/wp-json\/wp\/v2\/posts"}],"about":[{"href":"https:\/\/apuntesdesanluis.com\/index.php\/wp-json\/wp\/v2\/types\/post"}],"author":[{"embeddable":true,"href":"https:\/\/apuntesdesanluis.com\/index.php\/wp-json\/wp\/v2\/users\/1"}],"replies":[{"embeddable":true,"href":"https:\/\/apuntesdesanluis.com\/index.php\/wp-json\/wp\/v2\/comments?post=6765"}],"version-history":[{"count":4,"href":"https:\/\/apuntesdesanluis.com\/index.php\/wp-json\/wp\/v2\/posts\/6765\/revisions"}],"predecessor-version":[{"id":6770,"href":"https:\/\/apuntesdesanluis.com\/index.php\/wp-json\/wp\/v2\/posts\/6765\/revisions\/6770"}],"wp:featuredmedia":[{"embeddable":true,"href":"https:\/\/apuntesdesanluis.com\/index.php\/wp-json\/wp\/v2\/media\/6766"}],"wp:attachment":[{"href":"https:\/\/apuntesdesanluis.com\/index.php\/wp-json\/wp\/v2\/media?parent=6765"}],"wp:term":[{"taxonomy":"category","embeddable":true,"href":"https:\/\/apuntesdesanluis.com\/index.php\/wp-json\/wp\/v2\/categories?post=6765"},{"taxonomy":"post_tag","embeddable":true,"href":"https:\/\/apuntesdesanluis.com\/index.php\/wp-json\/wp\/v2\/tags?post=6765"}],"curies":[{"name":"wp","href":"https:\/\/api.w.org\/{rel}","templated":true}]}}