{"id":6805,"date":"2023-11-14T20:52:15","date_gmt":"2023-11-14T23:52:15","guid":{"rendered":"https:\/\/apuntesdesanluis.com\/?p=6805"},"modified":"2023-11-14T20:53:56","modified_gmt":"2023-11-14T23:53:56","slug":"cierre-de-danica-democratas-demandan-politicas-publicas-para-preservar-las-fuentes-laborales","status":"publish","type":"post","link":"https:\/\/apuntesdesanluis.com\/index.php\/2023\/11\/14\/cierre-de-danica-democratas-demandan-politicas-publicas-para-preservar-las-fuentes-laborales\/","title":{"rendered":"CIERRE DE D\u00c1NICA: DEM\u00d3CRATAS DEMANDAN POL\u00cdTICAS P\u00daBLICAS PARA PRESERVAR LAS FUENTES LABORALES"},"content":{"rendered":"<h3>\u201cLa p\u00e9rdida de fuentes de trabajo es un hecho dram\u00e1tico para los trabajadores, y repercute en toda la comunidad. Por ello es muy importante implementar pol\u00edticas p\u00fablicas para mantener e incrementar las fuentes de trabajo\u201d, indic\u00f3 un comunicado emitido por el Partido Dem\u00f3crata San Luis.<\/h3>\n<h3>Agrega en este sentido que \u201cdebe superarse la l\u00f3gica antag\u00f3nica entre empresarios y trabajadores. Se necesita un cambio de paradigma acorde a los tiempos modernos, al mundo globalizado y el cambio permanente, m\u00e1s aun con la irrupci\u00f3n de la inteligencia artificial, que llega para provocar una nueva revoluci\u00f3n\u201d.<\/h3>\n<h3>\u201cLa provincia de San Luis tiene la gracia de contar con un importante parque industrial distribuido en todo su territorio. El gobierno de la provincia en conjunto con los trabajadores y los empresarios deben acordar ecuaciones beneficiosas para todos\u201d, sostiene el pronunciamiento firmado por Federico Quiroga, Mar\u00eda Ester Baz\u00e1n, Alicia Lorenzo de Romer y Mart\u00edn Andr\u00e9, entre otros.<\/h3>\n<h3>El comunicado a\u00f1ade en forma textual:<\/h3>\n<h3>\u201cAsistimos al lamentable cierre de una planta industrial en Villa Mercedes: D\u00c1NICA, ubicada en el parque industrial Sur.<\/h3>\n<h3>Sin tomar partido por alguno de los involucrados en la disputa, el Partido Dem\u00f3crata de San Luis entiende que deben buscarse soluciones a un conflicto que perjudica a toda la ciudad y a la provincia.<\/h3>\n<h3>Se avecinan cambios importantes en la provincia de San Luis, y el nuevo gobierno de Claudio Javier Poggi seguramente tendr\u00e1 un rol m\u00e1s activo en la defensa de las fuentes de trabajo, y tal vez en un cambio de paradigma en las relaciones laborales, hoy te\u00f1idas con la l\u00f3gica del conflicto antag\u00f3nico entre trabajadores y empleadores, hacia una l\u00f3gica de colaboraci\u00f3n y beneficios mutuos, que permitan superar las desventajas competitivas que tienen las empresas locales alejadas de los centros de consumo y de los puertos.<\/h3>\n<h3>Entre todos se puede aportar para mantener e incrementar las fuentes de trabajo genuino y productivo\u201d.<\/h3>\n<h3 style=\"text-align: right;\"><strong>PARTIDO DEM\u00d3CRATA DE SAN LUIS<\/strong><\/h3>\n<p>&nbsp;<\/p>\n<p>&nbsp;<\/p>\n<p>&nbsp;<\/p>\n<p>&nbsp;<\/p>\n","protected":false},"excerpt":{"rendered":"<p>\u201cLa p\u00e9rdida de fuentes de trabajo es un hecho dram\u00e1tico para los trabajadores, y repercute&#8230;<\/p>\n","protected":false},"author":1,"featured_media":6807,"comment_status":"closed","ping_status":"closed","sticky":false,"template":"","format":"standard","meta":{"footnotes":""},"categories":[6],"tags":[],"class_list":["post-6805","post","type-post","status-publish","format-standard","has-post-thumbnail","hentry","category-ciudad-provincia"],"yoast_head":"<!-- This site is optimized with the Yoast SEO plugin v26.1.1 - https:\/\/yoast.com\/wordpress\/plugins\/seo\/ -->\n<title>CIERRE DE D\u00c1NICA: DEM\u00d3CRATAS DEMANDAN POL\u00cdTICAS P\u00daBLICAS PARA PRESERVAR LAS FUENTES LABORALES - Apuntes de San Luis<\/title>\n<meta name=\"robots\" content=\"index, follow, max-snippet:-1, max-image-preview:large, max-video-preview:-1\" \/>\n<link rel=\"canonical\" href=\"https:\/\/apuntesdesanluis.com\/index.php\/2023\/11\/14\/cierre-de-danica-democratas-demandan-politicas-publicas-para-preservar-las-fuentes-laborales\/\" \/>\n<meta property=\"og:locale\" content=\"es_ES\" \/>\n<meta property=\"og:type\" content=\"article\" \/>\n<meta property=\"og:title\" content=\"CIERRE DE D\u00c1NICA: DEM\u00d3CRATAS DEMANDAN POL\u00cdTICAS P\u00daBLICAS PARA PRESERVAR LAS FUENTES LABORALES - Apuntes de San Luis\" \/>\n<meta property=\"og:description\" content=\"\u201cLa p\u00e9rdida de fuentes de trabajo es un hecho dram\u00e1tico para los trabajadores, y repercute...\" \/>\n<meta property=\"og:url\" content=\"https:\/\/apuntesdesanluis.com\/index.php\/2023\/11\/14\/cierre-de-danica-democratas-demandan-politicas-publicas-para-preservar-las-fuentes-laborales\/\" \/>\n<meta property=\"og:site_name\" content=\"Apuntes de San Luis\" \/>\n<meta property=\"article:published_time\" content=\"2023-11-14T23:52:15+00:00\" \/>\n<meta property=\"article:modified_time\" content=\"2023-11-14T23:53:56+00:00\" \/>\n<meta property=\"og:image\" content=\"https:\/\/apuntesdesanluis.com\/wp-content\/uploads\/2023\/11\/danica-1.png\" \/>\n\t<meta property=\"og:image:width\" content=\"611\" \/>\n\t<meta property=\"og:image:height\" content=\"381\" \/>\n\t<meta property=\"og:image:type\" content=\"image\/png\" \/>\n<meta name=\"author\" content=\"apuntesdesanluis.com\" \/>\n<meta name=\"twitter:card\" content=\"summary_large_image\" \/>\n<meta name=\"twitter:label1\" content=\"Escrito por\" \/>\n\t<meta name=\"twitter:data1\" content=\"apuntesdesanluis.com\" \/>\n\t<meta name=\"twitter:label2\" content=\"Tiempo de lectura\" \/>\n\t<meta name=\"twitter:data2\" content=\"2 minutos\" \/>\n<script type=\"application\/ld+json\" class=\"yoast-schema-graph\">{\"@context\":\"https:\/\/schema.org\",\"@graph\":[{\"@type\":\"Article\",\"@id\":\"https:\/\/apuntesdesanluis.com\/index.php\/2023\/11\/14\/cierre-de-danica-democratas-demandan-politicas-publicas-para-preservar-las-fuentes-laborales\/#article\",\"isPartOf\":{\"@id\":\"https:\/\/apuntesdesanluis.com\/index.php\/2023\/11\/14\/cierre-de-danica-democratas-demandan-politicas-publicas-para-preservar-las-fuentes-laborales\/\"},\"author\":{\"name\":\"apuntesdesanluis.com\",\"@id\":\"https:\/\/apuntesdesanluis.com\/#\/schema\/person\/b55151d52296fcce64d1a72538a70b90\"},\"headline\":\"CIERRE DE D\u00c1NICA: DEM\u00d3CRATAS DEMANDAN POL\u00cdTICAS P\u00daBLICAS PARA PRESERVAR LAS FUENTES LABORALES\",\"datePublished\":\"2023-11-14T23:52:15+00:00\",\"dateModified\":\"2023-11-14T23:53:56+00:00\",\"mainEntityOfPage\":{\"@id\":\"https:\/\/apuntesdesanluis.com\/index.php\/2023\/11\/14\/cierre-de-danica-democratas-demandan-politicas-publicas-para-preservar-las-fuentes-laborales\/\"},\"wordCount\":359,\"publisher\":{\"@id\":\"https:\/\/apuntesdesanluis.com\/#\/schema\/person\/b55151d52296fcce64d1a72538a70b90\"},\"image\":{\"@id\":\"https:\/\/apuntesdesanluis.com\/index.php\/2023\/11\/14\/cierre-de-danica-democratas-demandan-politicas-publicas-para-preservar-las-fuentes-laborales\/#primaryimage\"},\"thumbnailUrl\":\"https:\/\/apuntesdesanluis.com\/wp-content\/uploads\/2023\/11\/danica-1.png\",\"articleSection\":[\"Ciudad\/Provincia\"],\"inLanguage\":\"es-AR\"},{\"@type\":\"WebPage\",\"@id\":\"https:\/\/apuntesdesanluis.com\/index.php\/2023\/11\/14\/cierre-de-danica-democratas-demandan-politicas-publicas-para-preservar-las-fuentes-laborales\/\",\"url\":\"https:\/\/apuntesdesanluis.com\/index.php\/2023\/11\/14\/cierre-de-danica-democratas-demandan-politicas-publicas-para-preservar-las-fuentes-laborales\/\",\"name\":\"CIERRE DE D\u00c1NICA: DEM\u00d3CRATAS DEMANDAN POL\u00cdTICAS P\u00daBLICAS PARA PRESERVAR LAS FUENTES LABORALES - Apuntes de San Luis\",\"isPartOf\":{\"@id\":\"https:\/\/apuntesdesanluis.com\/#website\"},\"primaryImageOfPage\":{\"@id\":\"https:\/\/apuntesdesanluis.com\/index.php\/2023\/11\/14\/cierre-de-danica-democratas-demandan-politicas-publicas-para-preservar-las-fuentes-laborales\/#primaryimage\"},\"image\":{\"@id\":\"https:\/\/apuntesdesanluis.com\/index.php\/2023\/11\/14\/cierre-de-danica-democratas-demandan-politicas-publicas-para-preservar-las-fuentes-laborales\/#primaryimage\"},\"thumbnailUrl\":\"https:\/\/apuntesdesanluis.com\/wp-content\/uploads\/2023\/11\/danica-1.png\",\"datePublished\":\"2023-11-14T23:52:15+00:00\",\"dateModified\":\"2023-11-14T23:53:56+00:00\",\"breadcrumb\":{\"@id\":\"https:\/\/apuntesdesanluis.com\/index.php\/2023\/11\/14\/cierre-de-danica-democratas-demandan-politicas-publicas-para-preservar-las-fuentes-laborales\/#breadcrumb\"},\"inLanguage\":\"es-AR\",\"potentialAction\":[{\"@type\":\"ReadAction\",\"target\":[\"https:\/\/apuntesdesanluis.com\/index.php\/2023\/11\/14\/cierre-de-danica-democratas-demandan-politicas-publicas-para-preservar-las-fuentes-laborales\/\"]}]},{\"@type\":\"ImageObject\",\"inLanguage\":\"es-AR\",\"@id\":\"https:\/\/apuntesdesanluis.com\/index.php\/2023\/11\/14\/cierre-de-danica-democratas-demandan-politicas-publicas-para-preservar-las-fuentes-laborales\/#primaryimage\",\"url\":\"https:\/\/apuntesdesanluis.com\/wp-content\/uploads\/2023\/11\/danica-1.png\",\"contentUrl\":\"https:\/\/apuntesdesanluis.com\/wp-content\/uploads\/2023\/11\/danica-1.png\",\"width\":611,\"height\":381},{\"@type\":\"BreadcrumbList\",\"@id\":\"https:\/\/apuntesdesanluis.com\/index.php\/2023\/11\/14\/cierre-de-danica-democratas-demandan-politicas-publicas-para-preservar-las-fuentes-laborales\/#breadcrumb\",\"itemListElement\":[{\"@type\":\"ListItem\",\"position\":1,\"name\":\"Inicio\",\"item\":\"https:\/\/apuntesdesanluis.com\/\"},{\"@type\":\"ListItem\",\"position\":2,\"name\":\"CIERRE DE D\u00c1NICA: DEM\u00d3CRATAS DEMANDAN POL\u00cdTICAS P\u00daBLICAS PARA PRESERVAR LAS FUENTES LABORALES\"}]},{\"@type\":\"WebSite\",\"@id\":\"https:\/\/apuntesdesanluis.com\/#website\",\"url\":\"https:\/\/apuntesdesanluis.com\/\",\"name\":\"Apuntes de San Luis\",\"description\":\"\",\"publisher\":{\"@id\":\"https:\/\/apuntesdesanluis.com\/#\/schema\/person\/b55151d52296fcce64d1a72538a70b90\"},\"potentialAction\":[{\"@type\":\"SearchAction\",\"target\":{\"@type\":\"EntryPoint\",\"urlTemplate\":\"https:\/\/apuntesdesanluis.com\/?s={search_term_string}\"},\"query-input\":{\"@type\":\"PropertyValueSpecification\",\"valueRequired\":true,\"valueName\":\"search_term_string\"}}],\"inLanguage\":\"es-AR\"},{\"@type\":[\"Person\",\"Organization\"],\"@id\":\"https:\/\/apuntesdesanluis.com\/#\/schema\/person\/b55151d52296fcce64d1a72538a70b90\",\"name\":\"apuntesdesanluis.com\",\"image\":{\"@type\":\"ImageObject\",\"inLanguage\":\"es-AR\",\"@id\":\"https:\/\/apuntesdesanluis.com\/#\/schema\/person\/image\/\",\"url\":\"https:\/\/apuntesdesanluis.com\/wp-content\/uploads\/2023\/07\/cropped-apuntesdesanluis.png\",\"contentUrl\":\"https:\/\/apuntesdesanluis.com\/wp-content\/uploads\/2023\/07\/cropped-apuntesdesanluis.png\",\"width\":450,\"height\":112,\"caption\":\"apuntesdesanluis.com\"},\"logo\":{\"@id\":\"https:\/\/apuntesdesanluis.com\/#\/schema\/person\/image\/\"},\"sameAs\":[\"https:\/\/apuntesdesanluis.com\"],\"url\":\"https:\/\/apuntesdesanluis.com\/index.php\/author\/apuntesdesanluis-com\/\"}]}<\/script>\n<!-- \/ Yoast SEO plugin. -->","yoast_head_json":{"title":"CIERRE DE D\u00c1NICA: DEM\u00d3CRATAS DEMANDAN POL\u00cdTICAS P\u00daBLICAS PARA PRESERVAR LAS FUENTES LABORALES - Apuntes de San Luis","robots":{"index":"index","follow":"follow","max-snippet":"max-snippet:-1","max-image-preview":"max-image-preview:large","max-video-preview":"max-video-preview:-1"},"canonical":"https:\/\/apuntesdesanluis.com\/index.php\/2023\/11\/14\/cierre-de-danica-democratas-demandan-politicas-publicas-para-preservar-las-fuentes-laborales\/","og_locale":"es_ES","og_type":"article","og_title":"CIERRE DE D\u00c1NICA: DEM\u00d3CRATAS DEMANDAN POL\u00cdTICAS P\u00daBLICAS PARA PRESERVAR LAS FUENTES LABORALES - Apuntes de San Luis","og_description":"\u201cLa p\u00e9rdida de fuentes de trabajo es un hecho dram\u00e1tico para los trabajadores, y repercute...","og_url":"https:\/\/apuntesdesanluis.com\/index.php\/2023\/11\/14\/cierre-de-danica-democratas-demandan-politicas-publicas-para-preservar-las-fuentes-laborales\/","og_site_name":"Apuntes de San Luis","article_published_time":"2023-11-14T23:52:15+00:00","article_modified_time":"2023-11-14T23:53:56+00:00","og_image":[{"width":611,"height":381,"url":"https:\/\/apuntesdesanluis.com\/wp-content\/uploads\/2023\/11\/danica-1.png","type":"image\/png"}],"author":"apuntesdesanluis.com","twitter_card":"summary_large_image","twitter_misc":{"Escrito por":"apuntesdesanluis.com","Tiempo de lectura":"2 minutos"},"schema":{"@context":"https:\/\/schema.org","@graph":[{"@type":"Article","@id":"https:\/\/apuntesdesanluis.com\/index.php\/2023\/11\/14\/cierre-de-danica-democratas-demandan-politicas-publicas-para-preservar-las-fuentes-laborales\/#article","isPartOf":{"@id":"https:\/\/apuntesdesanluis.com\/index.php\/2023\/11\/14\/cierre-de-danica-democratas-demandan-politicas-publicas-para-preservar-las-fuentes-laborales\/"},"author":{"name":"apuntesdesanluis.com","@id":"https:\/\/apuntesdesanluis.com\/#\/schema\/person\/b55151d52296fcce64d1a72538a70b90"},"headline":"CIERRE DE D\u00c1NICA: DEM\u00d3CRATAS DEMANDAN POL\u00cdTICAS P\u00daBLICAS PARA PRESERVAR LAS FUENTES LABORALES","datePublished":"2023-11-14T23:52:15+00:00","dateModified":"2023-11-14T23:53:56+00:00","mainEntityOfPage":{"@id":"https:\/\/apuntesdesanluis.com\/index.php\/2023\/11\/14\/cierre-de-danica-democratas-demandan-politicas-publicas-para-preservar-las-fuentes-laborales\/"},"wordCount":359,"publisher":{"@id":"https:\/\/apuntesdesanluis.com\/#\/schema\/person\/b55151d52296fcce64d1a72538a70b90"},"image":{"@id":"https:\/\/apuntesdesanluis.com\/index.php\/2023\/11\/14\/cierre-de-danica-democratas-demandan-politicas-publicas-para-preservar-las-fuentes-laborales\/#primaryimage"},"thumbnailUrl":"https:\/\/apuntesdesanluis.com\/wp-content\/uploads\/2023\/11\/danica-1.png","articleSection":["Ciudad\/Provincia"],"inLanguage":"es-AR"},{"@type":"WebPage","@id":"https:\/\/apuntesdesanluis.com\/index.php\/2023\/11\/14\/cierre-de-danica-democratas-demandan-politicas-publicas-para-preservar-las-fuentes-laborales\/","url":"https:\/\/apuntesdesanluis.com\/index.php\/2023\/11\/14\/cierre-de-danica-democratas-demandan-politicas-publicas-para-preservar-las-fuentes-laborales\/","name":"CIERRE DE D\u00c1NICA: DEM\u00d3CRATAS DEMANDAN POL\u00cdTICAS P\u00daBLICAS PARA PRESERVAR LAS FUENTES LABORALES - Apuntes de San Luis","isPartOf":{"@id":"https:\/\/apuntesdesanluis.com\/#website"},"primaryImageOfPage":{"@id":"https:\/\/apuntesdesanluis.com\/index.php\/2023\/11\/14\/cierre-de-danica-democratas-demandan-politicas-publicas-para-preservar-las-fuentes-laborales\/#primaryimage"},"image":{"@id":"https:\/\/apuntesdesanluis.com\/index.php\/2023\/11\/14\/cierre-de-danica-democratas-demandan-politicas-publicas-para-preservar-las-fuentes-laborales\/#primaryimage"},"thumbnailUrl":"https:\/\/apuntesdesanluis.com\/wp-content\/uploads\/2023\/11\/danica-1.png","datePublished":"2023-11-14T23:52:15+00:00","dateModified":"2023-11-14T23:53:56+00:00","breadcrumb":{"@id":"https:\/\/apuntesdesanluis.com\/index.php\/2023\/11\/14\/cierre-de-danica-democratas-demandan-politicas-publicas-para-preservar-las-fuentes-laborales\/#breadcrumb"},"inLanguage":"es-AR","potentialAction":[{"@type":"ReadAction","target":["https:\/\/apuntesdesanluis.com\/index.php\/2023\/11\/14\/cierre-de-danica-democratas-demandan-politicas-publicas-para-preservar-las-fuentes-laborales\/"]}]},{"@type":"ImageObject","inLanguage":"es-AR","@id":"https:\/\/apuntesdesanluis.com\/index.php\/2023\/11\/14\/cierre-de-danica-democratas-demandan-politicas-publicas-para-preservar-las-fuentes-laborales\/#primaryimage","url":"https:\/\/apuntesdesanluis.com\/wp-content\/uploads\/2023\/11\/danica-1.png","contentUrl":"https:\/\/apuntesdesanluis.com\/wp-content\/uploads\/2023\/11\/danica-1.png","width":611,"height":381},{"@type":"BreadcrumbList","@id":"https:\/\/apuntesdesanluis.com\/index.php\/2023\/11\/14\/cierre-de-danica-democratas-demandan-politicas-publicas-para-preservar-las-fuentes-laborales\/#breadcrumb","itemListElement":[{"@type":"ListItem","position":1,"name":"Inicio","item":"https:\/\/apuntesdesanluis.com\/"},{"@type":"ListItem","position":2,"name":"CIERRE DE D\u00c1NICA: DEM\u00d3CRATAS DEMANDAN POL\u00cdTICAS P\u00daBLICAS PARA PRESERVAR LAS FUENTES LABORALES"}]},{"@type":"WebSite","@id":"https:\/\/apuntesdesanluis.com\/#website","url":"https:\/\/apuntesdesanluis.com\/","name":"Apuntes de San Luis","description":"","publisher":{"@id":"https:\/\/apuntesdesanluis.com\/#\/schema\/person\/b55151d52296fcce64d1a72538a70b90"},"potentialAction":[{"@type":"SearchAction","target":{"@type":"EntryPoint","urlTemplate":"https:\/\/apuntesdesanluis.com\/?s={search_term_string}"},"query-input":{"@type":"PropertyValueSpecification","valueRequired":true,"valueName":"search_term_string"}}],"inLanguage":"es-AR"},{"@type":["Person","Organization"],"@id":"https:\/\/apuntesdesanluis.com\/#\/schema\/person\/b55151d52296fcce64d1a72538a70b90","name":"apuntesdesanluis.com","image":{"@type":"ImageObject","inLanguage":"es-AR","@id":"https:\/\/apuntesdesanluis.com\/#\/schema\/person\/image\/","url":"https:\/\/apuntesdesanluis.com\/wp-content\/uploads\/2023\/07\/cropped-apuntesdesanluis.png","contentUrl":"https:\/\/apuntesdesanluis.com\/wp-content\/uploads\/2023\/07\/cropped-apuntesdesanluis.png","width":450,"height":112,"caption":"apuntesdesanluis.com"},"logo":{"@id":"https:\/\/apuntesdesanluis.com\/#\/schema\/person\/image\/"},"sameAs":["https:\/\/apuntesdesanluis.com"],"url":"https:\/\/apuntesdesanluis.com\/index.php\/author\/apuntesdesanluis-com\/"}]}},"featured_image_urls":{"full":["https:\/\/apuntesdesanluis.com\/wp-content\/uploads\/2023\/11\/danica-1.png",611,381,false],"thumbnail":["https:\/\/apuntesdesanluis.com\/wp-content\/uploads\/2023\/11\/danica-1-150x150.png",150,150,true],"medium":["https:\/\/apuntesdesanluis.com\/wp-content\/uploads\/2023\/11\/danica-1-300x187.png",300,187,true],"medium_large":["https:\/\/apuntesdesanluis.com\/wp-content\/uploads\/2023\/11\/danica-1.png",611,381,false],"large":["https:\/\/apuntesdesanluis.com\/wp-content\/uploads\/2023\/11\/danica-1.png",611,381,false],"1536x1536":["https:\/\/apuntesdesanluis.com\/wp-content\/uploads\/2023\/11\/danica-1.png",611,381,false],"2048x2048":["https:\/\/apuntesdesanluis.com\/wp-content\/uploads\/2023\/11\/danica-1.png",611,381,false],"newsever-slider-full":["https:\/\/apuntesdesanluis.com\/wp-content\/uploads\/2023\/11\/danica-1.png",611,381,false],"newsever-featured":["https:\/\/apuntesdesanluis.com\/wp-content\/uploads\/2023\/11\/danica-1.png",611,381,false],"newsever-medium":["https:\/\/apuntesdesanluis.com\/wp-content\/uploads\/2023\/11\/danica-1.png",611,381,false]},"author_info":{"display_name":"apuntesdesanluis.com","author_link":"https:\/\/apuntesdesanluis.com\/index.php\/author\/apuntesdesanluis-com\/"},"category_info":"<a href=\"https:\/\/apuntesdesanluis.com\/index.php\/category\/ciudad-provincia\/\" rel=\"category tag\">Ciudad\/Provincia<\/a>","tag_info":"Ciudad\/Provincia","comment_count":"0","_links":{"self":[{"href":"https:\/\/apuntesdesanluis.com\/index.php\/wp-json\/wp\/v2\/posts\/6805","targetHints":{"allow":["GET"]}}],"collection":[{"href":"https:\/\/apuntesdesanluis.com\/index.php\/wp-json\/wp\/v2\/posts"}],"about":[{"href":"https:\/\/apuntesdesanluis.com\/index.php\/wp-json\/wp\/v2\/types\/post"}],"author":[{"embeddable":true,"href":"https:\/\/apuntesdesanluis.com\/index.php\/wp-json\/wp\/v2\/users\/1"}],"replies":[{"embeddable":true,"href":"https:\/\/apuntesdesanluis.com\/index.php\/wp-json\/wp\/v2\/comments?post=6805"}],"version-history":[{"count":2,"href":"https:\/\/apuntesdesanluis.com\/index.php\/wp-json\/wp\/v2\/posts\/6805\/revisions"}],"predecessor-version":[{"id":6808,"href":"https:\/\/apuntesdesanluis.com\/index.php\/wp-json\/wp\/v2\/posts\/6805\/revisions\/6808"}],"wp:featuredmedia":[{"embeddable":true,"href":"https:\/\/apuntesdesanluis.com\/index.php\/wp-json\/wp\/v2\/media\/6807"}],"wp:attachment":[{"href":"https:\/\/apuntesdesanluis.com\/index.php\/wp-json\/wp\/v2\/media?parent=6805"}],"wp:term":[{"taxonomy":"category","embeddable":true,"href":"https:\/\/apuntesdesanluis.com\/index.php\/wp-json\/wp\/v2\/categories?post=6805"},{"taxonomy":"post_tag","embeddable":true,"href":"https:\/\/apuntesdesanluis.com\/index.php\/wp-json\/wp\/v2\/tags?post=6805"}],"curies":[{"name":"wp","href":"https:\/\/api.w.org\/{rel}","templated":true}]}}