{"id":6813,"date":"2023-11-14T21:39:41","date_gmt":"2023-11-15T00:39:41","guid":{"rendered":"https:\/\/apuntesdesanluis.com\/?p=6813"},"modified":"2023-11-14T23:07:16","modified_gmt":"2023-11-15T02:07:16","slug":"chau-ruta-el-jurado-de-enjuiciamiento-lo-destituyo-e-inhabilito-por-10-anos","status":"publish","type":"post","link":"https:\/\/apuntesdesanluis.com\/index.php\/2023\/11\/14\/chau-ruta-el-jurado-de-enjuiciamiento-lo-destituyo-e-inhabilito-por-10-anos\/","title":{"rendered":"CHAU RUTA: EL JURADO DE ENJUICIAMIENTO LO DESTITUY\u00d3 E INHABILIT\u00d3 POR 10 A\u00d1OS"},"content":{"rendered":"<h3>Como era previsible, este martes el Jurado de Enjuiciamiento de Magistrados y Funcionarios de la Provincia de San Luis dispuso la destituci\u00f3n del <span style=\"color: #000000;\"><strong>Dr. Jos\u00e9 Agust\u00edn Ruta<\/strong><\/span> como Juez Civil, Comercial y Ambiental N\u00ba 4 de la Primera Circunscripci\u00f3n Judicial.<\/h3>\n<h3>Asimismo, el Jury resolvi\u00f3 inhabilitar al magistrado para ocupar cargos p\u00fablicos por el t\u00e9rmino de 10 a\u00f1os.<\/h3>\n<h3>El Jurado estuvo integrado por:<\/h3>\n<h3>Dr. Jorge Alberto Levingston (Presidente), Dr. Fernando Alberto Pascuet, Dr. Javier Solano Ayala, Dr. Alfonso Hern\u00e1n Verg\u00e9s, Dra. Valeria Lorena Imberti, Dra. Gimena Ram\u00edrez Couto, Dip. Ver\u00f3nica Garro, Dip. Gustavo Daniel Morales, Dip. Marisa Noem\u00ed Patafio, Secretaria: Dra. Paola S. Giannini.<\/h3>\n<h3>La parte resolutiva de la sentencia emitida este martes es la siguiente:<\/h3>\n<p><img fetchpriority=\"high\" decoding=\"async\" class=\"wp-image-6815 aligncenter\" src=\"https:\/\/apuntesdesanluis.com\/wp-content\/uploads\/2023\/11\/resolucion-216x300.png\" alt=\"\" width=\"736\" height=\"1022\" srcset=\"https:\/\/apuntesdesanluis.com\/wp-content\/uploads\/2023\/11\/resolucion-216x300.png 216w, https:\/\/apuntesdesanluis.com\/wp-content\/uploads\/2023\/11\/resolucion.png 543w\" sizes=\"(max-width: 736px) 100vw, 736px\" \/><\/p>\n<h3>Acceda a la <a href=\"https:\/\/www.periodicojudicial.gov.ar\/wp-content\/uploads\/2023\/11\/JUR058_23562351_23_con-firmas-digitales.pdf\"><span style=\"color: #3366ff;\"><strong>SENTENCIA COMPLETA<\/strong><\/span><\/a><\/h3>\n<h3 style=\"text-align: center;\">&#8230;&#8230;&#8230;&#8230;&#8230;&#8230;&#8230;..<\/h3>\n<h3>La colega <strong>Lilian Olgu\u00edn<\/strong>, corresponsal de Radio L<strong>a Red Villa Mercedes<\/strong>, entrevist\u00f3 al Procurador <strong>Luis Mart\u00ednez<\/strong>, quien fundament\u00f3 la decisi\u00f3n adoptada, y al juez <strong>Agust\u00edn Ruta<\/strong>, el cual adelant\u00f3 que apelar\u00e1 la medida ante la Corte Suprema de Justicia de la Naci\u00f3n.<\/h3>\n<p><img decoding=\"async\" class=\"wp-image-6817 aligncenter\" src=\"https:\/\/apuntesdesanluis.com\/wp-content\/uploads\/2023\/11\/procurador-300x191.png\" alt=\"\" width=\"686\" height=\"437\" srcset=\"https:\/\/apuntesdesanluis.com\/wp-content\/uploads\/2023\/11\/procurador-300x191.png 300w, https:\/\/apuntesdesanluis.com\/wp-content\/uploads\/2023\/11\/procurador.png 482w\" sizes=\"(max-width: 686px) 100vw, 686px\" \/><\/p>\n<!--[if lt IE 9]><script>document.createElement('audio');<\/script><![endif]-->\n<audio class=\"wp-audio-shortcode\" id=\"audio-6813-1\" preload=\"none\" style=\"width: 100%;\" controls=\"controls\"><source type=\"audio\/mpeg\" src=\"https:\/\/apuntesdesanluis.com\/wp-content\/uploads\/2023\/11\/Procurador-Martinez.mp3?_=1\" \/><a href=\"https:\/\/apuntesdesanluis.com\/wp-content\/uploads\/2023\/11\/Procurador-Martinez.mp3\">https:\/\/apuntesdesanluis.com\/wp-content\/uploads\/2023\/11\/Procurador-Martinez.mp3<\/a><\/audio>\n<p>&nbsp;<\/p>\n<p><img decoding=\"async\" class=\"wp-image-6818 aligncenter\" src=\"https:\/\/apuntesdesanluis.com\/wp-content\/uploads\/2023\/11\/agustin-300x202.png\" alt=\"\" width=\"685\" height=\"461\" srcset=\"https:\/\/apuntesdesanluis.com\/wp-content\/uploads\/2023\/11\/agustin-300x202.png 300w, https:\/\/apuntesdesanluis.com\/wp-content\/uploads\/2023\/11\/agustin.png 521w\" sizes=\"(max-width: 685px) 100vw, 685px\" \/><\/p>\n<audio class=\"wp-audio-shortcode\" id=\"audio-6813-2\" preload=\"none\" style=\"width: 100%;\" controls=\"controls\"><source type=\"audio\/ogg\" src=\"https:\/\/apuntesdesanluis.com\/wp-content\/uploads\/2023\/11\/agustin-ruta.ogg?_=2\" \/><a href=\"https:\/\/apuntesdesanluis.com\/wp-content\/uploads\/2023\/11\/agustin-ruta.ogg\">https:\/\/apuntesdesanluis.com\/wp-content\/uploads\/2023\/11\/agustin-ruta.ogg<\/a><\/audio>\n<p>&nbsp;<\/p>\n<h4><strong>Agradecimiento entrevistas:<\/strong> Periodista Daniel Arce, conductor del programa &#8220;El Show de la Ma\u00f1ana&#8221;.<\/h4>\n<p>&nbsp;<\/p>\n<p>&nbsp;<\/p>\n<p>&nbsp;<\/p>\n<p>&nbsp;<\/p>\n<p>&nbsp;<\/p>\n","protected":false},"excerpt":{"rendered":"<p>Como era previsible, este martes el Jurado de Enjuiciamiento de Magistrados y Funcionarios de la&#8230;<\/p>\n","protected":false},"author":1,"featured_media":6820,"comment_status":"closed","ping_status":"closed","sticky":false,"template":"","format":"standard","meta":{"footnotes":""},"categories":[6],"tags":[],"class_list":["post-6813","post","type-post","status-publish","format-standard","has-post-thumbnail","hentry","category-ciudad-provincia"],"yoast_head":"<!-- This site is optimized with the Yoast SEO plugin v26.1.1 - https:\/\/yoast.com\/wordpress\/plugins\/seo\/ -->\n<title>CHAU RUTA: EL JURADO DE ENJUICIAMIENTO LO DESTITUY\u00d3 E INHABILIT\u00d3 POR 10 A\u00d1OS - Apuntes de San Luis<\/title>\n<meta name=\"robots\" content=\"index, follow, max-snippet:-1, max-image-preview:large, max-video-preview:-1\" \/>\n<link rel=\"canonical\" href=\"https:\/\/apuntesdesanluis.com\/index.php\/2023\/11\/14\/chau-ruta-el-jurado-de-enjuiciamiento-lo-destituyo-e-inhabilito-por-10-anos\/\" \/>\n<meta property=\"og:locale\" content=\"es_ES\" \/>\n<meta property=\"og:type\" content=\"article\" \/>\n<meta property=\"og:title\" content=\"CHAU RUTA: EL JURADO DE ENJUICIAMIENTO LO DESTITUY\u00d3 E INHABILIT\u00d3 POR 10 A\u00d1OS - Apuntes de San Luis\" \/>\n<meta property=\"og:description\" content=\"Como era previsible, este martes el Jurado de Enjuiciamiento de Magistrados y Funcionarios de la...\" \/>\n<meta property=\"og:url\" content=\"https:\/\/apuntesdesanluis.com\/index.php\/2023\/11\/14\/chau-ruta-el-jurado-de-enjuiciamiento-lo-destituyo-e-inhabilito-por-10-anos\/\" \/>\n<meta property=\"og:site_name\" content=\"Apuntes de San Luis\" \/>\n<meta property=\"article:published_time\" content=\"2023-11-15T00:39:41+00:00\" \/>\n<meta property=\"article:modified_time\" content=\"2023-11-15T02:07:16+00:00\" \/>\n<meta property=\"og:image\" content=\"https:\/\/apuntesdesanluis.com\/wp-content\/uploads\/2023\/11\/jury-tapa.png\" \/>\n\t<meta property=\"og:image:width\" content=\"600\" \/>\n\t<meta property=\"og:image:height\" content=\"338\" \/>\n\t<meta property=\"og:image:type\" content=\"image\/png\" \/>\n<meta name=\"author\" content=\"apuntesdesanluis.com\" \/>\n<meta name=\"twitter:card\" content=\"summary_large_image\" \/>\n<meta name=\"twitter:label1\" content=\"Escrito por\" \/>\n\t<meta name=\"twitter:data1\" content=\"apuntesdesanluis.com\" \/>\n\t<meta name=\"twitter:label2\" content=\"Tiempo de lectura\" \/>\n\t<meta name=\"twitter:data2\" content=\"2 minutos\" \/>\n<script type=\"application\/ld+json\" class=\"yoast-schema-graph\">{\"@context\":\"https:\/\/schema.org\",\"@graph\":[{\"@type\":\"Article\",\"@id\":\"https:\/\/apuntesdesanluis.com\/index.php\/2023\/11\/14\/chau-ruta-el-jurado-de-enjuiciamiento-lo-destituyo-e-inhabilito-por-10-anos\/#article\",\"isPartOf\":{\"@id\":\"https:\/\/apuntesdesanluis.com\/index.php\/2023\/11\/14\/chau-ruta-el-jurado-de-enjuiciamiento-lo-destituyo-e-inhabilito-por-10-anos\/\"},\"author\":{\"name\":\"apuntesdesanluis.com\",\"@id\":\"https:\/\/apuntesdesanluis.com\/#\/schema\/person\/b55151d52296fcce64d1a72538a70b90\"},\"headline\":\"CHAU RUTA: EL JURADO DE ENJUICIAMIENTO LO DESTITUY\u00d3 E INHABILIT\u00d3 POR 10 A\u00d1OS\",\"datePublished\":\"2023-11-15T00:39:41+00:00\",\"dateModified\":\"2023-11-15T02:07:16+00:00\",\"mainEntityOfPage\":{\"@id\":\"https:\/\/apuntesdesanluis.com\/index.php\/2023\/11\/14\/chau-ruta-el-jurado-de-enjuiciamiento-lo-destituyo-e-inhabilito-por-10-anos\/\"},\"wordCount\":229,\"publisher\":{\"@id\":\"https:\/\/apuntesdesanluis.com\/#\/schema\/person\/b55151d52296fcce64d1a72538a70b90\"},\"image\":{\"@id\":\"https:\/\/apuntesdesanluis.com\/index.php\/2023\/11\/14\/chau-ruta-el-jurado-de-enjuiciamiento-lo-destituyo-e-inhabilito-por-10-anos\/#primaryimage\"},\"thumbnailUrl\":\"https:\/\/apuntesdesanluis.com\/wp-content\/uploads\/2023\/11\/jury-tapa.png\",\"articleSection\":[\"Ciudad\/Provincia\"],\"inLanguage\":\"es-AR\"},{\"@type\":\"WebPage\",\"@id\":\"https:\/\/apuntesdesanluis.com\/index.php\/2023\/11\/14\/chau-ruta-el-jurado-de-enjuiciamiento-lo-destituyo-e-inhabilito-por-10-anos\/\",\"url\":\"https:\/\/apuntesdesanluis.com\/index.php\/2023\/11\/14\/chau-ruta-el-jurado-de-enjuiciamiento-lo-destituyo-e-inhabilito-por-10-anos\/\",\"name\":\"CHAU RUTA: EL JURADO DE ENJUICIAMIENTO LO DESTITUY\u00d3 E INHABILIT\u00d3 POR 10 A\u00d1OS - Apuntes de San Luis\",\"isPartOf\":{\"@id\":\"https:\/\/apuntesdesanluis.com\/#website\"},\"primaryImageOfPage\":{\"@id\":\"https:\/\/apuntesdesanluis.com\/index.php\/2023\/11\/14\/chau-ruta-el-jurado-de-enjuiciamiento-lo-destituyo-e-inhabilito-por-10-anos\/#primaryimage\"},\"image\":{\"@id\":\"https:\/\/apuntesdesanluis.com\/index.php\/2023\/11\/14\/chau-ruta-el-jurado-de-enjuiciamiento-lo-destituyo-e-inhabilito-por-10-anos\/#primaryimage\"},\"thumbnailUrl\":\"https:\/\/apuntesdesanluis.com\/wp-content\/uploads\/2023\/11\/jury-tapa.png\",\"datePublished\":\"2023-11-15T00:39:41+00:00\",\"dateModified\":\"2023-11-15T02:07:16+00:00\",\"breadcrumb\":{\"@id\":\"https:\/\/apuntesdesanluis.com\/index.php\/2023\/11\/14\/chau-ruta-el-jurado-de-enjuiciamiento-lo-destituyo-e-inhabilito-por-10-anos\/#breadcrumb\"},\"inLanguage\":\"es-AR\",\"potentialAction\":[{\"@type\":\"ReadAction\",\"target\":[\"https:\/\/apuntesdesanluis.com\/index.php\/2023\/11\/14\/chau-ruta-el-jurado-de-enjuiciamiento-lo-destituyo-e-inhabilito-por-10-anos\/\"]}]},{\"@type\":\"ImageObject\",\"inLanguage\":\"es-AR\",\"@id\":\"https:\/\/apuntesdesanluis.com\/index.php\/2023\/11\/14\/chau-ruta-el-jurado-de-enjuiciamiento-lo-destituyo-e-inhabilito-por-10-anos\/#primaryimage\",\"url\":\"https:\/\/apuntesdesanluis.com\/wp-content\/uploads\/2023\/11\/jury-tapa.png\",\"contentUrl\":\"https:\/\/apuntesdesanluis.com\/wp-content\/uploads\/2023\/11\/jury-tapa.png\",\"width\":600,\"height\":338},{\"@type\":\"BreadcrumbList\",\"@id\":\"https:\/\/apuntesdesanluis.com\/index.php\/2023\/11\/14\/chau-ruta-el-jurado-de-enjuiciamiento-lo-destituyo-e-inhabilito-por-10-anos\/#breadcrumb\",\"itemListElement\":[{\"@type\":\"ListItem\",\"position\":1,\"name\":\"Inicio\",\"item\":\"https:\/\/apuntesdesanluis.com\/\"},{\"@type\":\"ListItem\",\"position\":2,\"name\":\"CHAU RUTA: EL JURADO DE ENJUICIAMIENTO LO DESTITUY\u00d3 E INHABILIT\u00d3 POR 10 A\u00d1OS\"}]},{\"@type\":\"WebSite\",\"@id\":\"https:\/\/apuntesdesanluis.com\/#website\",\"url\":\"https:\/\/apuntesdesanluis.com\/\",\"name\":\"Apuntes de San Luis\",\"description\":\"\",\"publisher\":{\"@id\":\"https:\/\/apuntesdesanluis.com\/#\/schema\/person\/b55151d52296fcce64d1a72538a70b90\"},\"potentialAction\":[{\"@type\":\"SearchAction\",\"target\":{\"@type\":\"EntryPoint\",\"urlTemplate\":\"https:\/\/apuntesdesanluis.com\/?s={search_term_string}\"},\"query-input\":{\"@type\":\"PropertyValueSpecification\",\"valueRequired\":true,\"valueName\":\"search_term_string\"}}],\"inLanguage\":\"es-AR\"},{\"@type\":[\"Person\",\"Organization\"],\"@id\":\"https:\/\/apuntesdesanluis.com\/#\/schema\/person\/b55151d52296fcce64d1a72538a70b90\",\"name\":\"apuntesdesanluis.com\",\"image\":{\"@type\":\"ImageObject\",\"inLanguage\":\"es-AR\",\"@id\":\"https:\/\/apuntesdesanluis.com\/#\/schema\/person\/image\/\",\"url\":\"https:\/\/apuntesdesanluis.com\/wp-content\/uploads\/2023\/07\/cropped-apuntesdesanluis.png\",\"contentUrl\":\"https:\/\/apuntesdesanluis.com\/wp-content\/uploads\/2023\/07\/cropped-apuntesdesanluis.png\",\"width\":450,\"height\":112,\"caption\":\"apuntesdesanluis.com\"},\"logo\":{\"@id\":\"https:\/\/apuntesdesanluis.com\/#\/schema\/person\/image\/\"},\"sameAs\":[\"https:\/\/apuntesdesanluis.com\"],\"url\":\"https:\/\/apuntesdesanluis.com\/index.php\/author\/apuntesdesanluis-com\/\"}]}<\/script>\n<!-- \/ Yoast SEO plugin. -->","yoast_head_json":{"title":"CHAU RUTA: EL JURADO DE ENJUICIAMIENTO LO DESTITUY\u00d3 E INHABILIT\u00d3 POR 10 A\u00d1OS - Apuntes de San Luis","robots":{"index":"index","follow":"follow","max-snippet":"max-snippet:-1","max-image-preview":"max-image-preview:large","max-video-preview":"max-video-preview:-1"},"canonical":"https:\/\/apuntesdesanluis.com\/index.php\/2023\/11\/14\/chau-ruta-el-jurado-de-enjuiciamiento-lo-destituyo-e-inhabilito-por-10-anos\/","og_locale":"es_ES","og_type":"article","og_title":"CHAU RUTA: EL JURADO DE ENJUICIAMIENTO LO DESTITUY\u00d3 E INHABILIT\u00d3 POR 10 A\u00d1OS - Apuntes de San Luis","og_description":"Como era previsible, este martes el Jurado de Enjuiciamiento de Magistrados y Funcionarios de la...","og_url":"https:\/\/apuntesdesanluis.com\/index.php\/2023\/11\/14\/chau-ruta-el-jurado-de-enjuiciamiento-lo-destituyo-e-inhabilito-por-10-anos\/","og_site_name":"Apuntes de San Luis","article_published_time":"2023-11-15T00:39:41+00:00","article_modified_time":"2023-11-15T02:07:16+00:00","og_image":[{"width":600,"height":338,"url":"https:\/\/apuntesdesanluis.com\/wp-content\/uploads\/2023\/11\/jury-tapa.png","type":"image\/png"}],"author":"apuntesdesanluis.com","twitter_card":"summary_large_image","twitter_misc":{"Escrito por":"apuntesdesanluis.com","Tiempo de lectura":"2 minutos"},"schema":{"@context":"https:\/\/schema.org","@graph":[{"@type":"Article","@id":"https:\/\/apuntesdesanluis.com\/index.php\/2023\/11\/14\/chau-ruta-el-jurado-de-enjuiciamiento-lo-destituyo-e-inhabilito-por-10-anos\/#article","isPartOf":{"@id":"https:\/\/apuntesdesanluis.com\/index.php\/2023\/11\/14\/chau-ruta-el-jurado-de-enjuiciamiento-lo-destituyo-e-inhabilito-por-10-anos\/"},"author":{"name":"apuntesdesanluis.com","@id":"https:\/\/apuntesdesanluis.com\/#\/schema\/person\/b55151d52296fcce64d1a72538a70b90"},"headline":"CHAU RUTA: EL JURADO DE ENJUICIAMIENTO LO DESTITUY\u00d3 E INHABILIT\u00d3 POR 10 A\u00d1OS","datePublished":"2023-11-15T00:39:41+00:00","dateModified":"2023-11-15T02:07:16+00:00","mainEntityOfPage":{"@id":"https:\/\/apuntesdesanluis.com\/index.php\/2023\/11\/14\/chau-ruta-el-jurado-de-enjuiciamiento-lo-destituyo-e-inhabilito-por-10-anos\/"},"wordCount":229,"publisher":{"@id":"https:\/\/apuntesdesanluis.com\/#\/schema\/person\/b55151d52296fcce64d1a72538a70b90"},"image":{"@id":"https:\/\/apuntesdesanluis.com\/index.php\/2023\/11\/14\/chau-ruta-el-jurado-de-enjuiciamiento-lo-destituyo-e-inhabilito-por-10-anos\/#primaryimage"},"thumbnailUrl":"https:\/\/apuntesdesanluis.com\/wp-content\/uploads\/2023\/11\/jury-tapa.png","articleSection":["Ciudad\/Provincia"],"inLanguage":"es-AR"},{"@type":"WebPage","@id":"https:\/\/apuntesdesanluis.com\/index.php\/2023\/11\/14\/chau-ruta-el-jurado-de-enjuiciamiento-lo-destituyo-e-inhabilito-por-10-anos\/","url":"https:\/\/apuntesdesanluis.com\/index.php\/2023\/11\/14\/chau-ruta-el-jurado-de-enjuiciamiento-lo-destituyo-e-inhabilito-por-10-anos\/","name":"CHAU RUTA: EL JURADO DE ENJUICIAMIENTO LO DESTITUY\u00d3 E INHABILIT\u00d3 POR 10 A\u00d1OS - Apuntes de San Luis","isPartOf":{"@id":"https:\/\/apuntesdesanluis.com\/#website"},"primaryImageOfPage":{"@id":"https:\/\/apuntesdesanluis.com\/index.php\/2023\/11\/14\/chau-ruta-el-jurado-de-enjuiciamiento-lo-destituyo-e-inhabilito-por-10-anos\/#primaryimage"},"image":{"@id":"https:\/\/apuntesdesanluis.com\/index.php\/2023\/11\/14\/chau-ruta-el-jurado-de-enjuiciamiento-lo-destituyo-e-inhabilito-por-10-anos\/#primaryimage"},"thumbnailUrl":"https:\/\/apuntesdesanluis.com\/wp-content\/uploads\/2023\/11\/jury-tapa.png","datePublished":"2023-11-15T00:39:41+00:00","dateModified":"2023-11-15T02:07:16+00:00","breadcrumb":{"@id":"https:\/\/apuntesdesanluis.com\/index.php\/2023\/11\/14\/chau-ruta-el-jurado-de-enjuiciamiento-lo-destituyo-e-inhabilito-por-10-anos\/#breadcrumb"},"inLanguage":"es-AR","potentialAction":[{"@type":"ReadAction","target":["https:\/\/apuntesdesanluis.com\/index.php\/2023\/11\/14\/chau-ruta-el-jurado-de-enjuiciamiento-lo-destituyo-e-inhabilito-por-10-anos\/"]}]},{"@type":"ImageObject","inLanguage":"es-AR","@id":"https:\/\/apuntesdesanluis.com\/index.php\/2023\/11\/14\/chau-ruta-el-jurado-de-enjuiciamiento-lo-destituyo-e-inhabilito-por-10-anos\/#primaryimage","url":"https:\/\/apuntesdesanluis.com\/wp-content\/uploads\/2023\/11\/jury-tapa.png","contentUrl":"https:\/\/apuntesdesanluis.com\/wp-content\/uploads\/2023\/11\/jury-tapa.png","width":600,"height":338},{"@type":"BreadcrumbList","@id":"https:\/\/apuntesdesanluis.com\/index.php\/2023\/11\/14\/chau-ruta-el-jurado-de-enjuiciamiento-lo-destituyo-e-inhabilito-por-10-anos\/#breadcrumb","itemListElement":[{"@type":"ListItem","position":1,"name":"Inicio","item":"https:\/\/apuntesdesanluis.com\/"},{"@type":"ListItem","position":2,"name":"CHAU RUTA: EL JURADO DE ENJUICIAMIENTO LO DESTITUY\u00d3 E INHABILIT\u00d3 POR 10 A\u00d1OS"}]},{"@type":"WebSite","@id":"https:\/\/apuntesdesanluis.com\/#website","url":"https:\/\/apuntesdesanluis.com\/","name":"Apuntes de San Luis","description":"","publisher":{"@id":"https:\/\/apuntesdesanluis.com\/#\/schema\/person\/b55151d52296fcce64d1a72538a70b90"},"potentialAction":[{"@type":"SearchAction","target":{"@type":"EntryPoint","urlTemplate":"https:\/\/apuntesdesanluis.com\/?s={search_term_string}"},"query-input":{"@type":"PropertyValueSpecification","valueRequired":true,"valueName":"search_term_string"}}],"inLanguage":"es-AR"},{"@type":["Person","Organization"],"@id":"https:\/\/apuntesdesanluis.com\/#\/schema\/person\/b55151d52296fcce64d1a72538a70b90","name":"apuntesdesanluis.com","image":{"@type":"ImageObject","inLanguage":"es-AR","@id":"https:\/\/apuntesdesanluis.com\/#\/schema\/person\/image\/","url":"https:\/\/apuntesdesanluis.com\/wp-content\/uploads\/2023\/07\/cropped-apuntesdesanluis.png","contentUrl":"https:\/\/apuntesdesanluis.com\/wp-content\/uploads\/2023\/07\/cropped-apuntesdesanluis.png","width":450,"height":112,"caption":"apuntesdesanluis.com"},"logo":{"@id":"https:\/\/apuntesdesanluis.com\/#\/schema\/person\/image\/"},"sameAs":["https:\/\/apuntesdesanluis.com"],"url":"https:\/\/apuntesdesanluis.com\/index.php\/author\/apuntesdesanluis-com\/"}]}},"featured_image_urls":{"full":["https:\/\/apuntesdesanluis.com\/wp-content\/uploads\/2023\/11\/jury-tapa.png",600,338,false],"thumbnail":["https:\/\/apuntesdesanluis.com\/wp-content\/uploads\/2023\/11\/jury-tapa-150x150.png",150,150,true],"medium":["https:\/\/apuntesdesanluis.com\/wp-content\/uploads\/2023\/11\/jury-tapa-300x169.png",300,169,true],"medium_large":["https:\/\/apuntesdesanluis.com\/wp-content\/uploads\/2023\/11\/jury-tapa.png",600,338,false],"large":["https:\/\/apuntesdesanluis.com\/wp-content\/uploads\/2023\/11\/jury-tapa.png",600,338,false],"1536x1536":["https:\/\/apuntesdesanluis.com\/wp-content\/uploads\/2023\/11\/jury-tapa.png",600,338,false],"2048x2048":["https:\/\/apuntesdesanluis.com\/wp-content\/uploads\/2023\/11\/jury-tapa.png",600,338,false],"newsever-slider-full":["https:\/\/apuntesdesanluis.com\/wp-content\/uploads\/2023\/11\/jury-tapa.png",600,338,false],"newsever-featured":["https:\/\/apuntesdesanluis.com\/wp-content\/uploads\/2023\/11\/jury-tapa.png",600,338,false],"newsever-medium":["https:\/\/apuntesdesanluis.com\/wp-content\/uploads\/2023\/11\/jury-tapa.png",600,338,false]},"author_info":{"display_name":"apuntesdesanluis.com","author_link":"https:\/\/apuntesdesanluis.com\/index.php\/author\/apuntesdesanluis-com\/"},"category_info":"<a href=\"https:\/\/apuntesdesanluis.com\/index.php\/category\/ciudad-provincia\/\" rel=\"category tag\">Ciudad\/Provincia<\/a>","tag_info":"Ciudad\/Provincia","comment_count":"0","_links":{"self":[{"href":"https:\/\/apuntesdesanluis.com\/index.php\/wp-json\/wp\/v2\/posts\/6813","targetHints":{"allow":["GET"]}}],"collection":[{"href":"https:\/\/apuntesdesanluis.com\/index.php\/wp-json\/wp\/v2\/posts"}],"about":[{"href":"https:\/\/apuntesdesanluis.com\/index.php\/wp-json\/wp\/v2\/types\/post"}],"author":[{"embeddable":true,"href":"https:\/\/apuntesdesanluis.com\/index.php\/wp-json\/wp\/v2\/users\/1"}],"replies":[{"embeddable":true,"href":"https:\/\/apuntesdesanluis.com\/index.php\/wp-json\/wp\/v2\/comments?post=6813"}],"version-history":[{"count":9,"href":"https:\/\/apuntesdesanluis.com\/index.php\/wp-json\/wp\/v2\/posts\/6813\/revisions"}],"predecessor-version":[{"id":6845,"href":"https:\/\/apuntesdesanluis.com\/index.php\/wp-json\/wp\/v2\/posts\/6813\/revisions\/6845"}],"wp:featuredmedia":[{"embeddable":true,"href":"https:\/\/apuntesdesanluis.com\/index.php\/wp-json\/wp\/v2\/media\/6820"}],"wp:attachment":[{"href":"https:\/\/apuntesdesanluis.com\/index.php\/wp-json\/wp\/v2\/media?parent=6813"}],"wp:term":[{"taxonomy":"category","embeddable":true,"href":"https:\/\/apuntesdesanluis.com\/index.php\/wp-json\/wp\/v2\/categories?post=6813"},{"taxonomy":"post_tag","embeddable":true,"href":"https:\/\/apuntesdesanluis.com\/index.php\/wp-json\/wp\/v2\/tags?post=6813"}],"curies":[{"name":"wp","href":"https:\/\/api.w.org\/{rel}","templated":true}]}}