{"id":6840,"date":"2023-11-14T18:04:44","date_gmt":"2023-11-14T21:04:44","guid":{"rendered":"https:\/\/apuntesdesanluis.com\/?p=6840"},"modified":"2023-11-15T00:43:14","modified_gmt":"2023-11-15T03:43:14","slug":"arneli-winter-se-suma-a-la-legion-sanluisena-de-los-parapanamericanos","status":"publish","type":"post","link":"https:\/\/apuntesdesanluis.com\/index.php\/2023\/11\/14\/arneli-winter-se-suma-a-la-legion-sanluisena-de-los-parapanamericanos\/","title":{"rendered":"ARNELI WINTER SE SUMA A LA LEGI\u00d3N SANLUISE\u00d1A DE LOS PARAPANAMERICANOS"},"content":{"rendered":"<h3>La villamercedina <strong>Arneli Winter<\/strong> ser\u00e1 la 3\u00b0 representante de la provincia de San Luis en los Juegos Parapanamericanos que se realizar\u00e1n en la capital chilena. Competir\u00e1 en la categor\u00eda H3 de para ciclismo en las pruebas contrarreloj y 54 km. Se suma al tambi\u00e9n mercedino Sebasti\u00e1n Robledo y a la puntana Albina Torres.<\/h3>\n<h3>Despu\u00e9s de una memorable participaci\u00f3n en la Marat\u00f3n de Buenos Aires, siendo la primera mujer en categor\u00eda adaptada en cruzar la l\u00ednea de meta, la villamercedina Arneli Winter sumar\u00e1 una nueva participaci\u00f3n hist\u00f3rica a su laureada carrera deportiva.<\/h3>\n<h3><img fetchpriority=\"high\" decoding=\"async\" class=\"wp-image-6842 aligncenter\" src=\"https:\/\/apuntesdesanluis.com\/wp-content\/uploads\/2023\/11\/arneli-interior-300x164.png\" alt=\"\" width=\"721\" height=\"394\" srcset=\"https:\/\/apuntesdesanluis.com\/wp-content\/uploads\/2023\/11\/arneli-interior-300x164.png 300w, https:\/\/apuntesdesanluis.com\/wp-content\/uploads\/2023\/11\/arneli-interior.png 600w\" sizes=\"(max-width: 721px) 100vw, 721px\" \/><\/h3>\n<h3>Este martes, la destacada deportista fue agasajada por el director del Parque La Pedrera, Sergio Dacu\u00f1a, y las Escuelas Deportivas del Parque, con las cuales realiza su preparaci\u00f3n deportiva.<\/h3>\n<h3>La mercedina ser\u00e1 parte de la delegaci\u00f3n nacional, compitiendo en la categor\u00eda H3 de para ciclismo en los Juegos Para Panamericanos Santiago 2023. En dicha rama tendr\u00e1 participaci\u00f3n en dos pruebas, la contrarreloj de 10 km el 19 de noviembre y los 54 km el d\u00eda 26. Arneli viajar\u00e1 este mi\u00e9rcoles por la noche a Buenos Aires para concentrarse en el CeNARD y el d\u00eda jueves partir\u00e1 rumbo a Chile.<\/h3>\n<h3>Winter es la 3\u00b0 sanluise\u00f1a en la prestigiosa competencia que otorga plazas a los Juegos Paral\u00edmpicos Paris 2024. Junto a ella estar\u00e1n el villamercedino <strong>Sebasti\u00e1n Robledo<\/strong> y la puntana <strong>Albina Torres<\/strong> en tiro con arco. La provincia tendr\u00e1 un n\u00famero r\u00e9cord de participantes en la prestigiosa competencia panamericana.<\/h3>\n<p>&nbsp;<\/p>\n<p>&nbsp;<\/p>\n<p>&nbsp;<\/p>\n<p>&nbsp;<\/p>\n","protected":false},"excerpt":{"rendered":"<p>La villamercedina Arneli Winter ser\u00e1 la 3\u00b0 representante de la provincia de San Luis en&#8230;<\/p>\n","protected":false},"author":1,"featured_media":6841,"comment_status":"closed","ping_status":"closed","sticky":false,"template":"","format":"standard","meta":{"footnotes":""},"categories":[6],"tags":[],"class_list":["post-6840","post","type-post","status-publish","format-standard","has-post-thumbnail","hentry","category-ciudad-provincia"],"yoast_head":"<!-- This site is optimized with the Yoast SEO plugin v26.1.1 - https:\/\/yoast.com\/wordpress\/plugins\/seo\/ -->\n<title>ARNELI WINTER SE SUMA A LA LEGI\u00d3N SANLUISE\u00d1A DE LOS PARAPANAMERICANOS - Apuntes de San Luis<\/title>\n<meta name=\"robots\" content=\"index, follow, max-snippet:-1, max-image-preview:large, max-video-preview:-1\" \/>\n<link rel=\"canonical\" href=\"https:\/\/apuntesdesanluis.com\/index.php\/2023\/11\/14\/arneli-winter-se-suma-a-la-legion-sanluisena-de-los-parapanamericanos\/\" \/>\n<meta property=\"og:locale\" content=\"es_ES\" \/>\n<meta property=\"og:type\" content=\"article\" \/>\n<meta property=\"og:title\" content=\"ARNELI WINTER SE SUMA A LA LEGI\u00d3N SANLUISE\u00d1A DE LOS PARAPANAMERICANOS - Apuntes de San Luis\" \/>\n<meta property=\"og:description\" content=\"La villamercedina Arneli Winter ser\u00e1 la 3\u00b0 representante de la provincia de San Luis en...\" \/>\n<meta property=\"og:url\" content=\"https:\/\/apuntesdesanluis.com\/index.php\/2023\/11\/14\/arneli-winter-se-suma-a-la-legion-sanluisena-de-los-parapanamericanos\/\" \/>\n<meta property=\"og:site_name\" content=\"Apuntes de San Luis\" \/>\n<meta property=\"article:published_time\" content=\"2023-11-14T21:04:44+00:00\" \/>\n<meta property=\"article:modified_time\" content=\"2023-11-15T03:43:14+00:00\" \/>\n<meta property=\"og:image\" content=\"https:\/\/apuntesdesanluis.com\/wp-content\/uploads\/2023\/11\/arneli-tapa.png\" \/>\n\t<meta property=\"og:image:width\" content=\"600\" \/>\n\t<meta property=\"og:image:height\" content=\"350\" \/>\n\t<meta property=\"og:image:type\" content=\"image\/png\" \/>\n<meta name=\"author\" content=\"apuntesdesanluis.com\" \/>\n<meta name=\"twitter:card\" content=\"summary_large_image\" \/>\n<meta name=\"twitter:label1\" content=\"Escrito por\" \/>\n\t<meta name=\"twitter:data1\" content=\"apuntesdesanluis.com\" \/>\n\t<meta name=\"twitter:label2\" content=\"Tiempo de lectura\" \/>\n\t<meta name=\"twitter:data2\" content=\"2 minutos\" \/>\n<script type=\"application\/ld+json\" class=\"yoast-schema-graph\">{\"@context\":\"https:\/\/schema.org\",\"@graph\":[{\"@type\":\"Article\",\"@id\":\"https:\/\/apuntesdesanluis.com\/index.php\/2023\/11\/14\/arneli-winter-se-suma-a-la-legion-sanluisena-de-los-parapanamericanos\/#article\",\"isPartOf\":{\"@id\":\"https:\/\/apuntesdesanluis.com\/index.php\/2023\/11\/14\/arneli-winter-se-suma-a-la-legion-sanluisena-de-los-parapanamericanos\/\"},\"author\":{\"name\":\"apuntesdesanluis.com\",\"@id\":\"https:\/\/apuntesdesanluis.com\/#\/schema\/person\/b55151d52296fcce64d1a72538a70b90\"},\"headline\":\"ARNELI WINTER SE SUMA A LA LEGI\u00d3N SANLUISE\u00d1A DE LOS PARAPANAMERICANOS\",\"datePublished\":\"2023-11-14T21:04:44+00:00\",\"dateModified\":\"2023-11-15T03:43:14+00:00\",\"mainEntityOfPage\":{\"@id\":\"https:\/\/apuntesdesanluis.com\/index.php\/2023\/11\/14\/arneli-winter-se-suma-a-la-legion-sanluisena-de-los-parapanamericanos\/\"},\"wordCount\":271,\"publisher\":{\"@id\":\"https:\/\/apuntesdesanluis.com\/#\/schema\/person\/b55151d52296fcce64d1a72538a70b90\"},\"image\":{\"@id\":\"https:\/\/apuntesdesanluis.com\/index.php\/2023\/11\/14\/arneli-winter-se-suma-a-la-legion-sanluisena-de-los-parapanamericanos\/#primaryimage\"},\"thumbnailUrl\":\"https:\/\/apuntesdesanluis.com\/wp-content\/uploads\/2023\/11\/arneli-tapa.png\",\"articleSection\":[\"Ciudad\/Provincia\"],\"inLanguage\":\"es-AR\"},{\"@type\":\"WebPage\",\"@id\":\"https:\/\/apuntesdesanluis.com\/index.php\/2023\/11\/14\/arneli-winter-se-suma-a-la-legion-sanluisena-de-los-parapanamericanos\/\",\"url\":\"https:\/\/apuntesdesanluis.com\/index.php\/2023\/11\/14\/arneli-winter-se-suma-a-la-legion-sanluisena-de-los-parapanamericanos\/\",\"name\":\"ARNELI WINTER SE SUMA A LA LEGI\u00d3N SANLUISE\u00d1A DE LOS PARAPANAMERICANOS - Apuntes de San Luis\",\"isPartOf\":{\"@id\":\"https:\/\/apuntesdesanluis.com\/#website\"},\"primaryImageOfPage\":{\"@id\":\"https:\/\/apuntesdesanluis.com\/index.php\/2023\/11\/14\/arneli-winter-se-suma-a-la-legion-sanluisena-de-los-parapanamericanos\/#primaryimage\"},\"image\":{\"@id\":\"https:\/\/apuntesdesanluis.com\/index.php\/2023\/11\/14\/arneli-winter-se-suma-a-la-legion-sanluisena-de-los-parapanamericanos\/#primaryimage\"},\"thumbnailUrl\":\"https:\/\/apuntesdesanluis.com\/wp-content\/uploads\/2023\/11\/arneli-tapa.png\",\"datePublished\":\"2023-11-14T21:04:44+00:00\",\"dateModified\":\"2023-11-15T03:43:14+00:00\",\"breadcrumb\":{\"@id\":\"https:\/\/apuntesdesanluis.com\/index.php\/2023\/11\/14\/arneli-winter-se-suma-a-la-legion-sanluisena-de-los-parapanamericanos\/#breadcrumb\"},\"inLanguage\":\"es-AR\",\"potentialAction\":[{\"@type\":\"ReadAction\",\"target\":[\"https:\/\/apuntesdesanluis.com\/index.php\/2023\/11\/14\/arneli-winter-se-suma-a-la-legion-sanluisena-de-los-parapanamericanos\/\"]}]},{\"@type\":\"ImageObject\",\"inLanguage\":\"es-AR\",\"@id\":\"https:\/\/apuntesdesanluis.com\/index.php\/2023\/11\/14\/arneli-winter-se-suma-a-la-legion-sanluisena-de-los-parapanamericanos\/#primaryimage\",\"url\":\"https:\/\/apuntesdesanluis.com\/wp-content\/uploads\/2023\/11\/arneli-tapa.png\",\"contentUrl\":\"https:\/\/apuntesdesanluis.com\/wp-content\/uploads\/2023\/11\/arneli-tapa.png\",\"width\":600,\"height\":350},{\"@type\":\"BreadcrumbList\",\"@id\":\"https:\/\/apuntesdesanluis.com\/index.php\/2023\/11\/14\/arneli-winter-se-suma-a-la-legion-sanluisena-de-los-parapanamericanos\/#breadcrumb\",\"itemListElement\":[{\"@type\":\"ListItem\",\"position\":1,\"name\":\"Inicio\",\"item\":\"https:\/\/apuntesdesanluis.com\/\"},{\"@type\":\"ListItem\",\"position\":2,\"name\":\"ARNELI WINTER SE SUMA A LA LEGI\u00d3N SANLUISE\u00d1A DE LOS PARAPANAMERICANOS\"}]},{\"@type\":\"WebSite\",\"@id\":\"https:\/\/apuntesdesanluis.com\/#website\",\"url\":\"https:\/\/apuntesdesanluis.com\/\",\"name\":\"Apuntes de San Luis\",\"description\":\"\",\"publisher\":{\"@id\":\"https:\/\/apuntesdesanluis.com\/#\/schema\/person\/b55151d52296fcce64d1a72538a70b90\"},\"potentialAction\":[{\"@type\":\"SearchAction\",\"target\":{\"@type\":\"EntryPoint\",\"urlTemplate\":\"https:\/\/apuntesdesanluis.com\/?s={search_term_string}\"},\"query-input\":{\"@type\":\"PropertyValueSpecification\",\"valueRequired\":true,\"valueName\":\"search_term_string\"}}],\"inLanguage\":\"es-AR\"},{\"@type\":[\"Person\",\"Organization\"],\"@id\":\"https:\/\/apuntesdesanluis.com\/#\/schema\/person\/b55151d52296fcce64d1a72538a70b90\",\"name\":\"apuntesdesanluis.com\",\"image\":{\"@type\":\"ImageObject\",\"inLanguage\":\"es-AR\",\"@id\":\"https:\/\/apuntesdesanluis.com\/#\/schema\/person\/image\/\",\"url\":\"https:\/\/apuntesdesanluis.com\/wp-content\/uploads\/2023\/07\/cropped-apuntesdesanluis.png\",\"contentUrl\":\"https:\/\/apuntesdesanluis.com\/wp-content\/uploads\/2023\/07\/cropped-apuntesdesanluis.png\",\"width\":450,\"height\":112,\"caption\":\"apuntesdesanluis.com\"},\"logo\":{\"@id\":\"https:\/\/apuntesdesanluis.com\/#\/schema\/person\/image\/\"},\"sameAs\":[\"https:\/\/apuntesdesanluis.com\"],\"url\":\"https:\/\/apuntesdesanluis.com\/index.php\/author\/apuntesdesanluis-com\/\"}]}<\/script>\n<!-- \/ Yoast SEO plugin. -->","yoast_head_json":{"title":"ARNELI WINTER SE SUMA A LA LEGI\u00d3N SANLUISE\u00d1A DE LOS PARAPANAMERICANOS - Apuntes de San Luis","robots":{"index":"index","follow":"follow","max-snippet":"max-snippet:-1","max-image-preview":"max-image-preview:large","max-video-preview":"max-video-preview:-1"},"canonical":"https:\/\/apuntesdesanluis.com\/index.php\/2023\/11\/14\/arneli-winter-se-suma-a-la-legion-sanluisena-de-los-parapanamericanos\/","og_locale":"es_ES","og_type":"article","og_title":"ARNELI WINTER SE SUMA A LA LEGI\u00d3N SANLUISE\u00d1A DE LOS PARAPANAMERICANOS - Apuntes de San Luis","og_description":"La villamercedina Arneli Winter ser\u00e1 la 3\u00b0 representante de la provincia de San Luis en...","og_url":"https:\/\/apuntesdesanluis.com\/index.php\/2023\/11\/14\/arneli-winter-se-suma-a-la-legion-sanluisena-de-los-parapanamericanos\/","og_site_name":"Apuntes de San Luis","article_published_time":"2023-11-14T21:04:44+00:00","article_modified_time":"2023-11-15T03:43:14+00:00","og_image":[{"width":600,"height":350,"url":"https:\/\/apuntesdesanluis.com\/wp-content\/uploads\/2023\/11\/arneli-tapa.png","type":"image\/png"}],"author":"apuntesdesanluis.com","twitter_card":"summary_large_image","twitter_misc":{"Escrito por":"apuntesdesanluis.com","Tiempo de lectura":"2 minutos"},"schema":{"@context":"https:\/\/schema.org","@graph":[{"@type":"Article","@id":"https:\/\/apuntesdesanluis.com\/index.php\/2023\/11\/14\/arneli-winter-se-suma-a-la-legion-sanluisena-de-los-parapanamericanos\/#article","isPartOf":{"@id":"https:\/\/apuntesdesanluis.com\/index.php\/2023\/11\/14\/arneli-winter-se-suma-a-la-legion-sanluisena-de-los-parapanamericanos\/"},"author":{"name":"apuntesdesanluis.com","@id":"https:\/\/apuntesdesanluis.com\/#\/schema\/person\/b55151d52296fcce64d1a72538a70b90"},"headline":"ARNELI WINTER SE SUMA A LA LEGI\u00d3N SANLUISE\u00d1A DE LOS PARAPANAMERICANOS","datePublished":"2023-11-14T21:04:44+00:00","dateModified":"2023-11-15T03:43:14+00:00","mainEntityOfPage":{"@id":"https:\/\/apuntesdesanluis.com\/index.php\/2023\/11\/14\/arneli-winter-se-suma-a-la-legion-sanluisena-de-los-parapanamericanos\/"},"wordCount":271,"publisher":{"@id":"https:\/\/apuntesdesanluis.com\/#\/schema\/person\/b55151d52296fcce64d1a72538a70b90"},"image":{"@id":"https:\/\/apuntesdesanluis.com\/index.php\/2023\/11\/14\/arneli-winter-se-suma-a-la-legion-sanluisena-de-los-parapanamericanos\/#primaryimage"},"thumbnailUrl":"https:\/\/apuntesdesanluis.com\/wp-content\/uploads\/2023\/11\/arneli-tapa.png","articleSection":["Ciudad\/Provincia"],"inLanguage":"es-AR"},{"@type":"WebPage","@id":"https:\/\/apuntesdesanluis.com\/index.php\/2023\/11\/14\/arneli-winter-se-suma-a-la-legion-sanluisena-de-los-parapanamericanos\/","url":"https:\/\/apuntesdesanluis.com\/index.php\/2023\/11\/14\/arneli-winter-se-suma-a-la-legion-sanluisena-de-los-parapanamericanos\/","name":"ARNELI WINTER SE SUMA A LA LEGI\u00d3N SANLUISE\u00d1A DE LOS PARAPANAMERICANOS - Apuntes de San Luis","isPartOf":{"@id":"https:\/\/apuntesdesanluis.com\/#website"},"primaryImageOfPage":{"@id":"https:\/\/apuntesdesanluis.com\/index.php\/2023\/11\/14\/arneli-winter-se-suma-a-la-legion-sanluisena-de-los-parapanamericanos\/#primaryimage"},"image":{"@id":"https:\/\/apuntesdesanluis.com\/index.php\/2023\/11\/14\/arneli-winter-se-suma-a-la-legion-sanluisena-de-los-parapanamericanos\/#primaryimage"},"thumbnailUrl":"https:\/\/apuntesdesanluis.com\/wp-content\/uploads\/2023\/11\/arneli-tapa.png","datePublished":"2023-11-14T21:04:44+00:00","dateModified":"2023-11-15T03:43:14+00:00","breadcrumb":{"@id":"https:\/\/apuntesdesanluis.com\/index.php\/2023\/11\/14\/arneli-winter-se-suma-a-la-legion-sanluisena-de-los-parapanamericanos\/#breadcrumb"},"inLanguage":"es-AR","potentialAction":[{"@type":"ReadAction","target":["https:\/\/apuntesdesanluis.com\/index.php\/2023\/11\/14\/arneli-winter-se-suma-a-la-legion-sanluisena-de-los-parapanamericanos\/"]}]},{"@type":"ImageObject","inLanguage":"es-AR","@id":"https:\/\/apuntesdesanluis.com\/index.php\/2023\/11\/14\/arneli-winter-se-suma-a-la-legion-sanluisena-de-los-parapanamericanos\/#primaryimage","url":"https:\/\/apuntesdesanluis.com\/wp-content\/uploads\/2023\/11\/arneli-tapa.png","contentUrl":"https:\/\/apuntesdesanluis.com\/wp-content\/uploads\/2023\/11\/arneli-tapa.png","width":600,"height":350},{"@type":"BreadcrumbList","@id":"https:\/\/apuntesdesanluis.com\/index.php\/2023\/11\/14\/arneli-winter-se-suma-a-la-legion-sanluisena-de-los-parapanamericanos\/#breadcrumb","itemListElement":[{"@type":"ListItem","position":1,"name":"Inicio","item":"https:\/\/apuntesdesanluis.com\/"},{"@type":"ListItem","position":2,"name":"ARNELI WINTER SE SUMA A LA LEGI\u00d3N SANLUISE\u00d1A DE LOS PARAPANAMERICANOS"}]},{"@type":"WebSite","@id":"https:\/\/apuntesdesanluis.com\/#website","url":"https:\/\/apuntesdesanluis.com\/","name":"Apuntes de San Luis","description":"","publisher":{"@id":"https:\/\/apuntesdesanluis.com\/#\/schema\/person\/b55151d52296fcce64d1a72538a70b90"},"potentialAction":[{"@type":"SearchAction","target":{"@type":"EntryPoint","urlTemplate":"https:\/\/apuntesdesanluis.com\/?s={search_term_string}"},"query-input":{"@type":"PropertyValueSpecification","valueRequired":true,"valueName":"search_term_string"}}],"inLanguage":"es-AR"},{"@type":["Person","Organization"],"@id":"https:\/\/apuntesdesanluis.com\/#\/schema\/person\/b55151d52296fcce64d1a72538a70b90","name":"apuntesdesanluis.com","image":{"@type":"ImageObject","inLanguage":"es-AR","@id":"https:\/\/apuntesdesanluis.com\/#\/schema\/person\/image\/","url":"https:\/\/apuntesdesanluis.com\/wp-content\/uploads\/2023\/07\/cropped-apuntesdesanluis.png","contentUrl":"https:\/\/apuntesdesanluis.com\/wp-content\/uploads\/2023\/07\/cropped-apuntesdesanluis.png","width":450,"height":112,"caption":"apuntesdesanluis.com"},"logo":{"@id":"https:\/\/apuntesdesanluis.com\/#\/schema\/person\/image\/"},"sameAs":["https:\/\/apuntesdesanluis.com"],"url":"https:\/\/apuntesdesanluis.com\/index.php\/author\/apuntesdesanluis-com\/"}]}},"featured_image_urls":{"full":["https:\/\/apuntesdesanluis.com\/wp-content\/uploads\/2023\/11\/arneli-tapa.png",600,350,false],"thumbnail":["https:\/\/apuntesdesanluis.com\/wp-content\/uploads\/2023\/11\/arneli-tapa-150x150.png",150,150,true],"medium":["https:\/\/apuntesdesanluis.com\/wp-content\/uploads\/2023\/11\/arneli-tapa-300x175.png",300,175,true],"medium_large":["https:\/\/apuntesdesanluis.com\/wp-content\/uploads\/2023\/11\/arneli-tapa.png",600,350,false],"large":["https:\/\/apuntesdesanluis.com\/wp-content\/uploads\/2023\/11\/arneli-tapa.png",600,350,false],"1536x1536":["https:\/\/apuntesdesanluis.com\/wp-content\/uploads\/2023\/11\/arneli-tapa.png",600,350,false],"2048x2048":["https:\/\/apuntesdesanluis.com\/wp-content\/uploads\/2023\/11\/arneli-tapa.png",600,350,false],"newsever-slider-full":["https:\/\/apuntesdesanluis.com\/wp-content\/uploads\/2023\/11\/arneli-tapa.png",600,350,false],"newsever-featured":["https:\/\/apuntesdesanluis.com\/wp-content\/uploads\/2023\/11\/arneli-tapa.png",600,350,false],"newsever-medium":["https:\/\/apuntesdesanluis.com\/wp-content\/uploads\/2023\/11\/arneli-tapa.png",600,350,false]},"author_info":{"display_name":"apuntesdesanluis.com","author_link":"https:\/\/apuntesdesanluis.com\/index.php\/author\/apuntesdesanluis-com\/"},"category_info":"<a href=\"https:\/\/apuntesdesanluis.com\/index.php\/category\/ciudad-provincia\/\" rel=\"category tag\">Ciudad\/Provincia<\/a>","tag_info":"Ciudad\/Provincia","comment_count":"0","_links":{"self":[{"href":"https:\/\/apuntesdesanluis.com\/index.php\/wp-json\/wp\/v2\/posts\/6840","targetHints":{"allow":["GET"]}}],"collection":[{"href":"https:\/\/apuntesdesanluis.com\/index.php\/wp-json\/wp\/v2\/posts"}],"about":[{"href":"https:\/\/apuntesdesanluis.com\/index.php\/wp-json\/wp\/v2\/types\/post"}],"author":[{"embeddable":true,"href":"https:\/\/apuntesdesanluis.com\/index.php\/wp-json\/wp\/v2\/users\/1"}],"replies":[{"embeddable":true,"href":"https:\/\/apuntesdesanluis.com\/index.php\/wp-json\/wp\/v2\/comments?post=6840"}],"version-history":[{"count":2,"href":"https:\/\/apuntesdesanluis.com\/index.php\/wp-json\/wp\/v2\/posts\/6840\/revisions"}],"predecessor-version":[{"id":6844,"href":"https:\/\/apuntesdesanluis.com\/index.php\/wp-json\/wp\/v2\/posts\/6840\/revisions\/6844"}],"wp:featuredmedia":[{"embeddable":true,"href":"https:\/\/apuntesdesanluis.com\/index.php\/wp-json\/wp\/v2\/media\/6841"}],"wp:attachment":[{"href":"https:\/\/apuntesdesanluis.com\/index.php\/wp-json\/wp\/v2\/media?parent=6840"}],"wp:term":[{"taxonomy":"category","embeddable":true,"href":"https:\/\/apuntesdesanluis.com\/index.php\/wp-json\/wp\/v2\/categories?post=6840"},{"taxonomy":"post_tag","embeddable":true,"href":"https:\/\/apuntesdesanluis.com\/index.php\/wp-json\/wp\/v2\/tags?post=6840"}],"curies":[{"name":"wp","href":"https:\/\/api.w.org\/{rel}","templated":true}]}}