{"id":6850,"date":"2023-11-14T23:30:14","date_gmt":"2023-11-15T02:30:14","guid":{"rendered":"https:\/\/apuntesdesanluis.com\/?p=6850"},"modified":"2023-11-14T23:30:14","modified_gmt":"2023-11-15T02:30:14","slug":"milei-extrema-la-polarizacion-tenemos-que-elegir-entre-populismo-o-republica","status":"publish","type":"post","link":"https:\/\/apuntesdesanluis.com\/index.php\/2023\/11\/14\/milei-extrema-la-polarizacion-tenemos-que-elegir-entre-populismo-o-republica\/","title":{"rendered":"MILEI EXTREMA LA POLARIZACI\u00d3N: &#8220;TENEMOS QUE ELEGIR ENTRE POPULISMO O REP\u00daBLICA&#8221;"},"content":{"rendered":"<h3>El candidato presidencial de La Libertad Avanza, Javier Milei, asegur\u00f3 que en el balotaje del pr\u00f3ximo domingo los argentinos deber\u00e1n elegir entre &#8220;populismo&#8221; o &#8220;rep\u00fablica&#8221;. Lo dijo durante un acto en la ciudad de Rosario, Santa Fe, ante cientos de simpatizantes libertarios.<\/h3>\n<h3>&#8220;Este domingo lo que tenemos que elegir es si queremos el populismo o queremos la rep\u00fablica. En el fondo tenemos que saber que es imposible conseguir resultados distintos si seguimos haciendo las mismas cosas de los \u00faltimos 100 a\u00f1os&#8221;, lanz\u00f3 Milei desde el Monumento de la Bandera.<\/h3>\n<h3>Milei inici\u00f3 su breve discurso con su canci\u00f3n insignia, Panic Show, de La Renga, ante una militancia en\u00e9rgica por la visita del economista a la segunda ciudad m\u00e1s importante en t\u00e9rminos electorales que tiene el territorio santafesino, en donde cosech\u00f3 un gran rendimiento tanto en las PASO como en la primera vuelta.<\/h3>\n<h3>En ese contexto, hizo una referencia hist\u00f3rica a Manuel Belgrano y tendi\u00f3 un puente con el padre del liberalismo econ\u00f3mico, Adam Smith: &#8220;(Belgrano) estudi\u00f3 en Salamanca, donde tuvo inicio la escuela escol\u00e1stica que es la cuna del liberalismo&#8221;.<\/h3>\n<p><iframe title=\"Campa\u00f1a rumbo al balotaje: caravana de Milei en Rosario\" width=\"640\" height=\"360\" src=\"https:\/\/www.youtube.com\/embed\/3e6_IX8eoL4?start=2&#038;feature=oembed\" frameborder=\"0\" allow=\"accelerometer; autoplay; clipboard-write; encrypted-media; gyroscope; picture-in-picture; web-share\" referrerpolicy=\"strict-origin-when-cross-origin\" allowfullscreen><\/iframe><\/p>\n<h3>&#8220;Por eso cuando ustedes leen las obras de Belgrano, no solo se respira libertad, sino tambi\u00e9n se nota la influencia liberal del padre del liberalismo, Adam Smith. Por lo tanto, nuestra Revoluci\u00f3n de Mayo tiene en Belgrano a un liberal&#8221;, agreg\u00f3.<\/h3>\n<h3>En esa l\u00ednea, reflot\u00f3 frases de otros discursos y record\u00f3: &#8220;Es importante recordar a los padres de la patria que son los que nos llevaron a abrazar las ideas de la libertad, porque Argentina, abrazado a las ideas de la libertad, a fines del siglo XIX, fuimos la primera potencia mundial&#8221;.<\/h3>\n<h3>&#8220;Cuando fuimos dejando las ideas de la libertad y abrazando las ideas socialistas, empezamos la decadencia. Hoy somos 130 a nivel mundial y en ca\u00edda&#8230; 45% de pobres, 10% de indigentes, 300% de inflaci\u00f3n en la punta. Al borde de una hiperinflaci\u00f3n y la peor crisis de la historia. \u00a1Queremos de nuevo vivir la libertad!&#8221;, exclam\u00f3.<\/h3>\n<h3>Para Milei, que estuvo acompa\u00f1ado por su hermana, Karina, y la ex candidata a la Gobernaci\u00f3n de Buenos Aires, Carolina Piparo, los argentinos est\u00e1n &#8220;frente a la elecci\u00f3n m\u00e1s importante de los \u00faltimos 100 a\u00f1os. &#8220;Es el momento para dar un punto de inflexi\u00f3n, salir de estar de rodillas y volver a ponernos de pie para hacer potencia&#8221;, agreg\u00f3.<\/h3>\n<h3>&#8220;Tenemos que elegir si queremos esta plaga inflacionaria o vivir en estabilidad. Tenemos que elegir si los que ganan son los corruptos de la casta pol\u00edtica o los que ganan son los argentinos de bien&#8221;, sintetiz\u00f3.<\/h3>\n<h3>De cara al balotaje contra Sergio Massa, de Uni\u00f3n por la Patria, sostuvo: &#8220;Este domingo, cuando entren al cuarto oscuro vean con claridad&#8230; Van a tener dos boletas: de un lado, van a ver una figurita repetida cientos de veces en los \u00faltimos 30 a\u00f1os, y del otro, van tener la boleta del cambio, la boleta de la libertad, la boleta de la prosperidad&#8221;.<\/h3>\n<p>&nbsp;<\/p>\n","protected":false},"excerpt":{"rendered":"<p>El candidato presidencial de La Libertad Avanza, Javier Milei, asegur\u00f3 que en el balotaje del&#8230;<\/p>\n","protected":false},"author":1,"featured_media":6851,"comment_status":"closed","ping_status":"closed","sticky":false,"template":"","format":"standard","meta":{"footnotes":""},"categories":[5],"tags":[],"class_list":["post-6850","post","type-post","status-publish","format-standard","has-post-thumbnail","hentry","category-nacionales-internacionales"],"yoast_head":"<!-- This site is optimized with the Yoast SEO plugin v26.1.1 - https:\/\/yoast.com\/wordpress\/plugins\/seo\/ -->\n<title>MILEI EXTREMA LA POLARIZACI\u00d3N: &quot;TENEMOS QUE ELEGIR ENTRE POPULISMO O REP\u00daBLICA&quot; - Apuntes de San Luis<\/title>\n<meta name=\"robots\" content=\"index, follow, max-snippet:-1, max-image-preview:large, max-video-preview:-1\" \/>\n<link rel=\"canonical\" href=\"https:\/\/apuntesdesanluis.com\/index.php\/2023\/11\/14\/milei-extrema-la-polarizacion-tenemos-que-elegir-entre-populismo-o-republica\/\" \/>\n<meta property=\"og:locale\" content=\"es_ES\" \/>\n<meta property=\"og:type\" content=\"article\" \/>\n<meta property=\"og:title\" content=\"MILEI EXTREMA LA POLARIZACI\u00d3N: &quot;TENEMOS QUE ELEGIR ENTRE POPULISMO O REP\u00daBLICA&quot; - Apuntes de San Luis\" \/>\n<meta property=\"og:description\" content=\"El candidato presidencial de La Libertad Avanza, Javier Milei, asegur\u00f3 que en el balotaje del...\" \/>\n<meta property=\"og:url\" content=\"https:\/\/apuntesdesanluis.com\/index.php\/2023\/11\/14\/milei-extrema-la-polarizacion-tenemos-que-elegir-entre-populismo-o-republica\/\" \/>\n<meta property=\"og:site_name\" content=\"Apuntes de San Luis\" \/>\n<meta property=\"article:published_time\" content=\"2023-11-15T02:30:14+00:00\" \/>\n<meta property=\"og:image\" content=\"https:\/\/apuntesdesanluis.com\/wp-content\/uploads\/2023\/11\/milei-4.png\" \/>\n\t<meta property=\"og:image:width\" content=\"742\" \/>\n\t<meta property=\"og:image:height\" content=\"453\" \/>\n\t<meta property=\"og:image:type\" content=\"image\/png\" \/>\n<meta name=\"author\" content=\"apuntesdesanluis.com\" \/>\n<meta name=\"twitter:card\" content=\"summary_large_image\" \/>\n<meta name=\"twitter:label1\" content=\"Escrito por\" \/>\n\t<meta name=\"twitter:data1\" content=\"apuntesdesanluis.com\" \/>\n\t<meta name=\"twitter:label2\" content=\"Tiempo de lectura\" \/>\n\t<meta name=\"twitter:data2\" content=\"3 minutos\" \/>\n<script type=\"application\/ld+json\" class=\"yoast-schema-graph\">{\"@context\":\"https:\/\/schema.org\",\"@graph\":[{\"@type\":\"Article\",\"@id\":\"https:\/\/apuntesdesanluis.com\/index.php\/2023\/11\/14\/milei-extrema-la-polarizacion-tenemos-que-elegir-entre-populismo-o-republica\/#article\",\"isPartOf\":{\"@id\":\"https:\/\/apuntesdesanluis.com\/index.php\/2023\/11\/14\/milei-extrema-la-polarizacion-tenemos-que-elegir-entre-populismo-o-republica\/\"},\"author\":{\"name\":\"apuntesdesanluis.com\",\"@id\":\"https:\/\/apuntesdesanluis.com\/#\/schema\/person\/b55151d52296fcce64d1a72538a70b90\"},\"headline\":\"MILEI EXTREMA LA POLARIZACI\u00d3N: &#8220;TENEMOS QUE ELEGIR ENTRE POPULISMO O REP\u00daBLICA&#8221;\",\"datePublished\":\"2023-11-15T02:30:14+00:00\",\"mainEntityOfPage\":{\"@id\":\"https:\/\/apuntesdesanluis.com\/index.php\/2023\/11\/14\/milei-extrema-la-polarizacion-tenemos-que-elegir-entre-populismo-o-republica\/\"},\"wordCount\":530,\"publisher\":{\"@id\":\"https:\/\/apuntesdesanluis.com\/#\/schema\/person\/b55151d52296fcce64d1a72538a70b90\"},\"image\":{\"@id\":\"https:\/\/apuntesdesanluis.com\/index.php\/2023\/11\/14\/milei-extrema-la-polarizacion-tenemos-que-elegir-entre-populismo-o-republica\/#primaryimage\"},\"thumbnailUrl\":\"https:\/\/apuntesdesanluis.com\/wp-content\/uploads\/2023\/11\/milei-4.png\",\"articleSection\":[\"Nacionales\/Internacionales\"],\"inLanguage\":\"es-AR\"},{\"@type\":\"WebPage\",\"@id\":\"https:\/\/apuntesdesanluis.com\/index.php\/2023\/11\/14\/milei-extrema-la-polarizacion-tenemos-que-elegir-entre-populismo-o-republica\/\",\"url\":\"https:\/\/apuntesdesanluis.com\/index.php\/2023\/11\/14\/milei-extrema-la-polarizacion-tenemos-que-elegir-entre-populismo-o-republica\/\",\"name\":\"MILEI EXTREMA LA POLARIZACI\u00d3N: \\\"TENEMOS QUE ELEGIR ENTRE POPULISMO O REP\u00daBLICA\\\" - Apuntes de San Luis\",\"isPartOf\":{\"@id\":\"https:\/\/apuntesdesanluis.com\/#website\"},\"primaryImageOfPage\":{\"@id\":\"https:\/\/apuntesdesanluis.com\/index.php\/2023\/11\/14\/milei-extrema-la-polarizacion-tenemos-que-elegir-entre-populismo-o-republica\/#primaryimage\"},\"image\":{\"@id\":\"https:\/\/apuntesdesanluis.com\/index.php\/2023\/11\/14\/milei-extrema-la-polarizacion-tenemos-que-elegir-entre-populismo-o-republica\/#primaryimage\"},\"thumbnailUrl\":\"https:\/\/apuntesdesanluis.com\/wp-content\/uploads\/2023\/11\/milei-4.png\",\"datePublished\":\"2023-11-15T02:30:14+00:00\",\"breadcrumb\":{\"@id\":\"https:\/\/apuntesdesanluis.com\/index.php\/2023\/11\/14\/milei-extrema-la-polarizacion-tenemos-que-elegir-entre-populismo-o-republica\/#breadcrumb\"},\"inLanguage\":\"es-AR\",\"potentialAction\":[{\"@type\":\"ReadAction\",\"target\":[\"https:\/\/apuntesdesanluis.com\/index.php\/2023\/11\/14\/milei-extrema-la-polarizacion-tenemos-que-elegir-entre-populismo-o-republica\/\"]}]},{\"@type\":\"ImageObject\",\"inLanguage\":\"es-AR\",\"@id\":\"https:\/\/apuntesdesanluis.com\/index.php\/2023\/11\/14\/milei-extrema-la-polarizacion-tenemos-que-elegir-entre-populismo-o-republica\/#primaryimage\",\"url\":\"https:\/\/apuntesdesanluis.com\/wp-content\/uploads\/2023\/11\/milei-4.png\",\"contentUrl\":\"https:\/\/apuntesdesanluis.com\/wp-content\/uploads\/2023\/11\/milei-4.png\",\"width\":742,\"height\":453},{\"@type\":\"BreadcrumbList\",\"@id\":\"https:\/\/apuntesdesanluis.com\/index.php\/2023\/11\/14\/milei-extrema-la-polarizacion-tenemos-que-elegir-entre-populismo-o-republica\/#breadcrumb\",\"itemListElement\":[{\"@type\":\"ListItem\",\"position\":1,\"name\":\"Inicio\",\"item\":\"https:\/\/apuntesdesanluis.com\/\"},{\"@type\":\"ListItem\",\"position\":2,\"name\":\"MILEI EXTREMA LA POLARIZACI\u00d3N: &#8220;TENEMOS QUE ELEGIR ENTRE POPULISMO O REP\u00daBLICA&#8221;\"}]},{\"@type\":\"WebSite\",\"@id\":\"https:\/\/apuntesdesanluis.com\/#website\",\"url\":\"https:\/\/apuntesdesanluis.com\/\",\"name\":\"Apuntes de San Luis\",\"description\":\"\",\"publisher\":{\"@id\":\"https:\/\/apuntesdesanluis.com\/#\/schema\/person\/b55151d52296fcce64d1a72538a70b90\"},\"potentialAction\":[{\"@type\":\"SearchAction\",\"target\":{\"@type\":\"EntryPoint\",\"urlTemplate\":\"https:\/\/apuntesdesanluis.com\/?s={search_term_string}\"},\"query-input\":{\"@type\":\"PropertyValueSpecification\",\"valueRequired\":true,\"valueName\":\"search_term_string\"}}],\"inLanguage\":\"es-AR\"},{\"@type\":[\"Person\",\"Organization\"],\"@id\":\"https:\/\/apuntesdesanluis.com\/#\/schema\/person\/b55151d52296fcce64d1a72538a70b90\",\"name\":\"apuntesdesanluis.com\",\"image\":{\"@type\":\"ImageObject\",\"inLanguage\":\"es-AR\",\"@id\":\"https:\/\/apuntesdesanluis.com\/#\/schema\/person\/image\/\",\"url\":\"https:\/\/apuntesdesanluis.com\/wp-content\/uploads\/2023\/07\/cropped-apuntesdesanluis.png\",\"contentUrl\":\"https:\/\/apuntesdesanluis.com\/wp-content\/uploads\/2023\/07\/cropped-apuntesdesanluis.png\",\"width\":450,\"height\":112,\"caption\":\"apuntesdesanluis.com\"},\"logo\":{\"@id\":\"https:\/\/apuntesdesanluis.com\/#\/schema\/person\/image\/\"},\"sameAs\":[\"https:\/\/apuntesdesanluis.com\"],\"url\":\"https:\/\/apuntesdesanluis.com\/index.php\/author\/apuntesdesanluis-com\/\"}]}<\/script>\n<!-- \/ Yoast SEO plugin. -->","yoast_head_json":{"title":"MILEI EXTREMA LA POLARIZACI\u00d3N: \"TENEMOS QUE ELEGIR ENTRE POPULISMO O REP\u00daBLICA\" - Apuntes de San Luis","robots":{"index":"index","follow":"follow","max-snippet":"max-snippet:-1","max-image-preview":"max-image-preview:large","max-video-preview":"max-video-preview:-1"},"canonical":"https:\/\/apuntesdesanluis.com\/index.php\/2023\/11\/14\/milei-extrema-la-polarizacion-tenemos-que-elegir-entre-populismo-o-republica\/","og_locale":"es_ES","og_type":"article","og_title":"MILEI EXTREMA LA POLARIZACI\u00d3N: \"TENEMOS QUE ELEGIR ENTRE POPULISMO O REP\u00daBLICA\" - Apuntes de San Luis","og_description":"El candidato presidencial de La Libertad Avanza, Javier Milei, asegur\u00f3 que en el balotaje del...","og_url":"https:\/\/apuntesdesanluis.com\/index.php\/2023\/11\/14\/milei-extrema-la-polarizacion-tenemos-que-elegir-entre-populismo-o-republica\/","og_site_name":"Apuntes de San Luis","article_published_time":"2023-11-15T02:30:14+00:00","og_image":[{"width":742,"height":453,"url":"https:\/\/apuntesdesanluis.com\/wp-content\/uploads\/2023\/11\/milei-4.png","type":"image\/png"}],"author":"apuntesdesanluis.com","twitter_card":"summary_large_image","twitter_misc":{"Escrito por":"apuntesdesanluis.com","Tiempo de lectura":"3 minutos"},"schema":{"@context":"https:\/\/schema.org","@graph":[{"@type":"Article","@id":"https:\/\/apuntesdesanluis.com\/index.php\/2023\/11\/14\/milei-extrema-la-polarizacion-tenemos-que-elegir-entre-populismo-o-republica\/#article","isPartOf":{"@id":"https:\/\/apuntesdesanluis.com\/index.php\/2023\/11\/14\/milei-extrema-la-polarizacion-tenemos-que-elegir-entre-populismo-o-republica\/"},"author":{"name":"apuntesdesanluis.com","@id":"https:\/\/apuntesdesanluis.com\/#\/schema\/person\/b55151d52296fcce64d1a72538a70b90"},"headline":"MILEI EXTREMA LA POLARIZACI\u00d3N: &#8220;TENEMOS QUE ELEGIR ENTRE POPULISMO O REP\u00daBLICA&#8221;","datePublished":"2023-11-15T02:30:14+00:00","mainEntityOfPage":{"@id":"https:\/\/apuntesdesanluis.com\/index.php\/2023\/11\/14\/milei-extrema-la-polarizacion-tenemos-que-elegir-entre-populismo-o-republica\/"},"wordCount":530,"publisher":{"@id":"https:\/\/apuntesdesanluis.com\/#\/schema\/person\/b55151d52296fcce64d1a72538a70b90"},"image":{"@id":"https:\/\/apuntesdesanluis.com\/index.php\/2023\/11\/14\/milei-extrema-la-polarizacion-tenemos-que-elegir-entre-populismo-o-republica\/#primaryimage"},"thumbnailUrl":"https:\/\/apuntesdesanluis.com\/wp-content\/uploads\/2023\/11\/milei-4.png","articleSection":["Nacionales\/Internacionales"],"inLanguage":"es-AR"},{"@type":"WebPage","@id":"https:\/\/apuntesdesanluis.com\/index.php\/2023\/11\/14\/milei-extrema-la-polarizacion-tenemos-que-elegir-entre-populismo-o-republica\/","url":"https:\/\/apuntesdesanluis.com\/index.php\/2023\/11\/14\/milei-extrema-la-polarizacion-tenemos-que-elegir-entre-populismo-o-republica\/","name":"MILEI EXTREMA LA POLARIZACI\u00d3N: \"TENEMOS QUE ELEGIR ENTRE POPULISMO O REP\u00daBLICA\" - Apuntes de San Luis","isPartOf":{"@id":"https:\/\/apuntesdesanluis.com\/#website"},"primaryImageOfPage":{"@id":"https:\/\/apuntesdesanluis.com\/index.php\/2023\/11\/14\/milei-extrema-la-polarizacion-tenemos-que-elegir-entre-populismo-o-republica\/#primaryimage"},"image":{"@id":"https:\/\/apuntesdesanluis.com\/index.php\/2023\/11\/14\/milei-extrema-la-polarizacion-tenemos-que-elegir-entre-populismo-o-republica\/#primaryimage"},"thumbnailUrl":"https:\/\/apuntesdesanluis.com\/wp-content\/uploads\/2023\/11\/milei-4.png","datePublished":"2023-11-15T02:30:14+00:00","breadcrumb":{"@id":"https:\/\/apuntesdesanluis.com\/index.php\/2023\/11\/14\/milei-extrema-la-polarizacion-tenemos-que-elegir-entre-populismo-o-republica\/#breadcrumb"},"inLanguage":"es-AR","potentialAction":[{"@type":"ReadAction","target":["https:\/\/apuntesdesanluis.com\/index.php\/2023\/11\/14\/milei-extrema-la-polarizacion-tenemos-que-elegir-entre-populismo-o-republica\/"]}]},{"@type":"ImageObject","inLanguage":"es-AR","@id":"https:\/\/apuntesdesanluis.com\/index.php\/2023\/11\/14\/milei-extrema-la-polarizacion-tenemos-que-elegir-entre-populismo-o-republica\/#primaryimage","url":"https:\/\/apuntesdesanluis.com\/wp-content\/uploads\/2023\/11\/milei-4.png","contentUrl":"https:\/\/apuntesdesanluis.com\/wp-content\/uploads\/2023\/11\/milei-4.png","width":742,"height":453},{"@type":"BreadcrumbList","@id":"https:\/\/apuntesdesanluis.com\/index.php\/2023\/11\/14\/milei-extrema-la-polarizacion-tenemos-que-elegir-entre-populismo-o-republica\/#breadcrumb","itemListElement":[{"@type":"ListItem","position":1,"name":"Inicio","item":"https:\/\/apuntesdesanluis.com\/"},{"@type":"ListItem","position":2,"name":"MILEI EXTREMA LA POLARIZACI\u00d3N: &#8220;TENEMOS QUE ELEGIR ENTRE POPULISMO O REP\u00daBLICA&#8221;"}]},{"@type":"WebSite","@id":"https:\/\/apuntesdesanluis.com\/#website","url":"https:\/\/apuntesdesanluis.com\/","name":"Apuntes de San Luis","description":"","publisher":{"@id":"https:\/\/apuntesdesanluis.com\/#\/schema\/person\/b55151d52296fcce64d1a72538a70b90"},"potentialAction":[{"@type":"SearchAction","target":{"@type":"EntryPoint","urlTemplate":"https:\/\/apuntesdesanluis.com\/?s={search_term_string}"},"query-input":{"@type":"PropertyValueSpecification","valueRequired":true,"valueName":"search_term_string"}}],"inLanguage":"es-AR"},{"@type":["Person","Organization"],"@id":"https:\/\/apuntesdesanluis.com\/#\/schema\/person\/b55151d52296fcce64d1a72538a70b90","name":"apuntesdesanluis.com","image":{"@type":"ImageObject","inLanguage":"es-AR","@id":"https:\/\/apuntesdesanluis.com\/#\/schema\/person\/image\/","url":"https:\/\/apuntesdesanluis.com\/wp-content\/uploads\/2023\/07\/cropped-apuntesdesanluis.png","contentUrl":"https:\/\/apuntesdesanluis.com\/wp-content\/uploads\/2023\/07\/cropped-apuntesdesanluis.png","width":450,"height":112,"caption":"apuntesdesanluis.com"},"logo":{"@id":"https:\/\/apuntesdesanluis.com\/#\/schema\/person\/image\/"},"sameAs":["https:\/\/apuntesdesanluis.com"],"url":"https:\/\/apuntesdesanluis.com\/index.php\/author\/apuntesdesanluis-com\/"}]}},"featured_image_urls":{"full":["https:\/\/apuntesdesanluis.com\/wp-content\/uploads\/2023\/11\/milei-4.png",742,453,false],"thumbnail":["https:\/\/apuntesdesanluis.com\/wp-content\/uploads\/2023\/11\/milei-4-150x150.png",150,150,true],"medium":["https:\/\/apuntesdesanluis.com\/wp-content\/uploads\/2023\/11\/milei-4-300x183.png",300,183,true],"medium_large":["https:\/\/apuntesdesanluis.com\/wp-content\/uploads\/2023\/11\/milei-4.png",640,391,false],"large":["https:\/\/apuntesdesanluis.com\/wp-content\/uploads\/2023\/11\/milei-4.png",640,391,false],"1536x1536":["https:\/\/apuntesdesanluis.com\/wp-content\/uploads\/2023\/11\/milei-4.png",742,453,false],"2048x2048":["https:\/\/apuntesdesanluis.com\/wp-content\/uploads\/2023\/11\/milei-4.png",742,453,false],"newsever-slider-full":["https:\/\/apuntesdesanluis.com\/wp-content\/uploads\/2023\/11\/milei-4.png",742,453,false],"newsever-featured":["https:\/\/apuntesdesanluis.com\/wp-content\/uploads\/2023\/11\/milei-4.png",742,453,false],"newsever-medium":["https:\/\/apuntesdesanluis.com\/wp-content\/uploads\/2023\/11\/milei-4-720x453.png",720,453,true]},"author_info":{"display_name":"apuntesdesanluis.com","author_link":"https:\/\/apuntesdesanluis.com\/index.php\/author\/apuntesdesanluis-com\/"},"category_info":"<a href=\"https:\/\/apuntesdesanluis.com\/index.php\/category\/nacionales-internacionales\/\" rel=\"category tag\">Nacionales\/Internacionales<\/a>","tag_info":"Nacionales\/Internacionales","comment_count":"0","_links":{"self":[{"href":"https:\/\/apuntesdesanluis.com\/index.php\/wp-json\/wp\/v2\/posts\/6850","targetHints":{"allow":["GET"]}}],"collection":[{"href":"https:\/\/apuntesdesanluis.com\/index.php\/wp-json\/wp\/v2\/posts"}],"about":[{"href":"https:\/\/apuntesdesanluis.com\/index.php\/wp-json\/wp\/v2\/types\/post"}],"author":[{"embeddable":true,"href":"https:\/\/apuntesdesanluis.com\/index.php\/wp-json\/wp\/v2\/users\/1"}],"replies":[{"embeddable":true,"href":"https:\/\/apuntesdesanluis.com\/index.php\/wp-json\/wp\/v2\/comments?post=6850"}],"version-history":[{"count":1,"href":"https:\/\/apuntesdesanluis.com\/index.php\/wp-json\/wp\/v2\/posts\/6850\/revisions"}],"predecessor-version":[{"id":6852,"href":"https:\/\/apuntesdesanluis.com\/index.php\/wp-json\/wp\/v2\/posts\/6850\/revisions\/6852"}],"wp:featuredmedia":[{"embeddable":true,"href":"https:\/\/apuntesdesanluis.com\/index.php\/wp-json\/wp\/v2\/media\/6851"}],"wp:attachment":[{"href":"https:\/\/apuntesdesanluis.com\/index.php\/wp-json\/wp\/v2\/media?parent=6850"}],"wp:term":[{"taxonomy":"category","embeddable":true,"href":"https:\/\/apuntesdesanluis.com\/index.php\/wp-json\/wp\/v2\/categories?post=6850"},{"taxonomy":"post_tag","embeddable":true,"href":"https:\/\/apuntesdesanluis.com\/index.php\/wp-json\/wp\/v2\/tags?post=6850"}],"curies":[{"name":"wp","href":"https:\/\/api.w.org\/{rel}","templated":true}]}}