{"id":6853,"date":"2023-11-14T23:40:45","date_gmt":"2023-11-15T02:40:45","guid":{"rendered":"https:\/\/apuntesdesanluis.com\/?p=6853"},"modified":"2023-11-14T23:40:45","modified_gmt":"2023-11-15T02:40:45","slug":"cordoba-sergio-massa-suma-el-apoyo-de-intendentes-de-la-ucr-y-cosecha-goteo-del-pj","status":"publish","type":"post","link":"https:\/\/apuntesdesanluis.com\/index.php\/2023\/11\/14\/cordoba-sergio-massa-suma-el-apoyo-de-intendentes-de-la-ucr-y-cosecha-goteo-del-pj\/","title":{"rendered":"C\u00d3RDOBA: SERGIO MASSA SUMA EL APOYO DE INTENDENTES DE LA UCR Y COSECHA GOTEO DEL PJ"},"content":{"rendered":"<h3>Un grupo de 25 alcaldes de JxC se manifest\u00f3 a favor del candidato de Uni\u00f3n por la Patria, <strong>Sergio Massa<\/strong>, a partir de gestiones del gobernador de Santiago del Estero, <strong>Gerardo Zamora<\/strong>, de origen radical.<\/h3>\n<h3>Con el reloj entrando en tiempo de descuento, buena parte de las miradas se posan en C\u00f3rdoba, una de las llaves del balotaje del domingo.<\/h3>\n<h3>Mientras que Sergio Massa ya realiz\u00f3 su propio rally por la provincia de Juan Schiaretti, Javier Milei se apresta a cerrar este jueves su campa\u00f1a all\u00ed buscando engrosar el caudal de votos antikirchnerista y obtener un triunfo contundente en tierras mediterr\u00e1neas.<\/h3>\n<h3>As\u00ed las cosas cada movimiento es mirado por lupa tanto en el campamento de Uni\u00f3n por la Patria (UP) como desde las filas de La Libertad Avanza (LLA).<\/h3>\n<h3>Sin pronunciamientos de fuste respecto a los dos postulantes pero s\u00ed con gestos repartidos, el peronista no K Schiaretti hace equilibrio. En paralelo su tropa se inclina cada vez m\u00e1s por la postulaci\u00f3n de Massa.<\/h3>\n<h3>A las declaraciones de distintos dirigentes del &#8220;cordobesismo&#8221; a favor del tigrense, se le sum\u00f3 el lunes el pronunciamiento de 25 intendentes de la Uni\u00f3n C\u00edvica Radical (UCR) del norte cordob\u00e9s en respaldo de la candidatura del ministro de Econom\u00eda.<\/h3>\n<h3>RESPALDO DE INTENDENTES DE LA UCR<\/h3>\n<h3>El in\u00e9dito alineamiento con Massa se cocin\u00f3 a partir de la intervenci\u00f3n del gobernador de Santiago del Estero, <strong>Gerardo Zamora<\/strong>, de origen radical.<\/h3>\n<p><img fetchpriority=\"high\" decoding=\"async\" class=\"wp-image-6855 aligncenter\" src=\"https:\/\/apuntesdesanluis.com\/wp-content\/uploads\/2023\/11\/massa-y-zamora-300x183.png\" alt=\"\" width=\"752\" height=\"459\" srcset=\"https:\/\/apuntesdesanluis.com\/wp-content\/uploads\/2023\/11\/massa-y-zamora-300x183.png 300w, https:\/\/apuntesdesanluis.com\/wp-content\/uploads\/2023\/11\/massa-y-zamora.png 600w\" sizes=\"(max-width: 752px) 100vw, 752px\" \/><\/p>\n<h3>Reunido en la localidad santiague\u00f1a de Ojo de Agua, el pelot\u00f3n de alcaldes cordobeses que apost\u00f3 a Juntos por el Cambio (JxC) tanto en las PASO como en las elecciones generales hizo p\u00fablica su posici\u00f3n con una foto junto al presidente del poderoso Consejo del Norte Grande.<\/h3>\n<h3>&#8220;Es muy importante que en esta instancia, por encima de cualquier pertenencia partidaria, podamos coincidir en defender el federalismo, la producci\u00f3n, el trabajo, la industria nacional, la salud y la educaci\u00f3n p\u00fablica, en una Argentina que no excluya a nadie&#8221;, coment\u00f3 Zamora en las redes sociales al exhibir la postal del encuentro.<\/h3>\n<h3>Aunque se trata de localidades de poco peso en el padr\u00f3n, el gesto busca generar un golpe de efecto tanto a nivel provincial como en la dispersa tropa de JxC, que incluye a un sector importante del radicalismo furioso contra el pacto de Mauricio Macri y Patricia Bullrich con Milei.<\/h3>\n<h3>En los \u00faltimos d\u00edas, adem\u00e1s, el candidato oficialista recibi\u00f3 el apoyo de los Partidos Justicialistas de diversas localidades cordobesas. El m\u00e1s importante fue el de San Francisco, municipio de donde es oriundo el gobernador electo de la provincia, Mart\u00edn Llaryora, cuyos movimientos rumbo al 19-N son m\u00e1s subterr\u00e1neos que los del actual mandatario.<\/h3>\n<h3>Durante su visita, Massa les pidi\u00f3 &#8220;perd\u00f3n&#8221; a los cordobeses y sum\u00f3 a su equipo a la diputada del Peronismo Federal Natalia de la Sota, e hija del fallecido mandatario Jos\u00e9 de la Sota.<\/h3>\n<h3>LOS MOVIMIENTOS DE JUAN SCHIARETTI<\/h3>\n<h3>Schiaretti, en tanto, evita pronunciarse y atiende su propio juego. El lunes el &#8220;Gringo&#8221; recibi\u00f3 a la titular de Abuelas de Plaza de Mayo, Estela de Carlotto, en un gesto que, de m\u00ednima, fungi\u00f3 como l\u00edmite a los discursos negacionistas agitados por Milei y Victoria Villarruel. M\u00e1s tarde el l\u00edder de Hacemos Unidos por C\u00f3rdoba (HUxC) volvi\u00f3 a cargar las tintas sobre la administraci\u00f3n nacional.<\/h3>\n<h3>&#8220;Hoy sali\u00f3 el \u00edndice de inflaci\u00f3n de octubre y ya estamos en 143% anual de inflaci\u00f3n. Es una verg\u00fcenza que los argentinos tengamos que sufrir tama\u00f1o aumento de precios. En estos \u00faltimos tiempos, fruto de la inflaci\u00f3n desbocada del gobierno kirchnerista, cada vez la plata alcanza menos&#8221;, lanz\u00f3 durante un acto de entrega de cr\u00e9ditos.<\/h3>\n<h3>A la vez consign\u00f3: &#8220;A C\u00f3rdoba no la van a callar. Yo siempre voy a seguir reclamando que haya federalismo en serio y no de jarabe de pico. Queremos que nuestra patria sea federal y los cordobeses somos y seguiremos siendo la voz del interior profundo de nuestra Argentina. No nos vengan con el cuento del federalismo a pocos d\u00edas de una elecci\u00f3n. Queremos federalismo ya y federalismo para siempre para la patria argentina. Y vamos a continuar con este planteo\u201d.<\/h3>\n<h3>En las elecciones generales Massa cosech\u00f3 un magro 13,4% en C\u00f3rdoba, ubic\u00e1ndose en el cuarto lugar. El primer puesto fue para Milei, con el 33,5%, relegando al mandatario local a la segunda ubicaci\u00f3n con el 29%. Tercera se ubic\u00f3 Patricia Bullrich, con 22,6%.<\/h3>\n<h3>Dentro de ese escenario complejo, el interrogante pende sobre c\u00f3mo se comportar\u00e1n los votantes de Schiaretti y Bullrich y s\u00ed el robustecimiento del volumen pol\u00edtico de UP alcanza para recortar una amplia diferencia a nivel local.<\/h3>\n<p>&nbsp;<\/p>\n","protected":false},"excerpt":{"rendered":"<p>Un grupo de 25 alcaldes de JxC se manifest\u00f3 a favor del candidato de Uni\u00f3n&#8230;<\/p>\n","protected":false},"author":1,"featured_media":6854,"comment_status":"closed","ping_status":"closed","sticky":false,"template":"","format":"standard","meta":{"footnotes":""},"categories":[5],"tags":[],"class_list":["post-6853","post","type-post","status-publish","format-standard","has-post-thumbnail","hentry","category-nacionales-internacionales"],"yoast_head":"<!-- This site is optimized with the Yoast SEO plugin v26.1.1 - https:\/\/yoast.com\/wordpress\/plugins\/seo\/ -->\n<title>C\u00d3RDOBA: SERGIO MASSA SUMA EL APOYO DE INTENDENTES DE LA UCR Y COSECHA GOTEO DEL PJ - Apuntes de San Luis<\/title>\n<meta name=\"robots\" content=\"index, follow, max-snippet:-1, max-image-preview:large, max-video-preview:-1\" \/>\n<link rel=\"canonical\" href=\"https:\/\/apuntesdesanluis.com\/index.php\/2023\/11\/14\/cordoba-sergio-massa-suma-el-apoyo-de-intendentes-de-la-ucr-y-cosecha-goteo-del-pj\/\" \/>\n<meta property=\"og:locale\" content=\"es_ES\" \/>\n<meta property=\"og:type\" content=\"article\" \/>\n<meta property=\"og:title\" content=\"C\u00d3RDOBA: SERGIO MASSA SUMA EL APOYO DE INTENDENTES DE LA UCR Y COSECHA GOTEO DEL PJ - Apuntes de San Luis\" \/>\n<meta property=\"og:description\" content=\"Un grupo de 25 alcaldes de JxC se manifest\u00f3 a favor del candidato de Uni\u00f3n...\" \/>\n<meta property=\"og:url\" content=\"https:\/\/apuntesdesanluis.com\/index.php\/2023\/11\/14\/cordoba-sergio-massa-suma-el-apoyo-de-intendentes-de-la-ucr-y-cosecha-goteo-del-pj\/\" \/>\n<meta property=\"og:site_name\" content=\"Apuntes de San Luis\" \/>\n<meta property=\"article:published_time\" content=\"2023-11-15T02:40:45+00:00\" \/>\n<meta property=\"og:image\" content=\"https:\/\/apuntesdesanluis.com\/wp-content\/uploads\/2023\/11\/intendentes.png\" \/>\n\t<meta property=\"og:image:width\" content=\"600\" \/>\n\t<meta property=\"og:image:height\" content=\"341\" \/>\n\t<meta property=\"og:image:type\" content=\"image\/png\" \/>\n<meta name=\"author\" content=\"apuntesdesanluis.com\" \/>\n<meta name=\"twitter:card\" content=\"summary_large_image\" \/>\n<meta name=\"twitter:label1\" content=\"Escrito por\" \/>\n\t<meta name=\"twitter:data1\" content=\"apuntesdesanluis.com\" \/>\n\t<meta name=\"twitter:label2\" content=\"Tiempo de lectura\" \/>\n\t<meta name=\"twitter:data2\" content=\"4 minutos\" \/>\n<script type=\"application\/ld+json\" class=\"yoast-schema-graph\">{\"@context\":\"https:\/\/schema.org\",\"@graph\":[{\"@type\":\"Article\",\"@id\":\"https:\/\/apuntesdesanluis.com\/index.php\/2023\/11\/14\/cordoba-sergio-massa-suma-el-apoyo-de-intendentes-de-la-ucr-y-cosecha-goteo-del-pj\/#article\",\"isPartOf\":{\"@id\":\"https:\/\/apuntesdesanluis.com\/index.php\/2023\/11\/14\/cordoba-sergio-massa-suma-el-apoyo-de-intendentes-de-la-ucr-y-cosecha-goteo-del-pj\/\"},\"author\":{\"name\":\"apuntesdesanluis.com\",\"@id\":\"https:\/\/apuntesdesanluis.com\/#\/schema\/person\/b55151d52296fcce64d1a72538a70b90\"},\"headline\":\"C\u00d3RDOBA: SERGIO MASSA SUMA EL APOYO DE INTENDENTES DE LA UCR Y COSECHA GOTEO DEL PJ\",\"datePublished\":\"2023-11-15T02:40:45+00:00\",\"mainEntityOfPage\":{\"@id\":\"https:\/\/apuntesdesanluis.com\/index.php\/2023\/11\/14\/cordoba-sergio-massa-suma-el-apoyo-de-intendentes-de-la-ucr-y-cosecha-goteo-del-pj\/\"},\"wordCount\":814,\"publisher\":{\"@id\":\"https:\/\/apuntesdesanluis.com\/#\/schema\/person\/b55151d52296fcce64d1a72538a70b90\"},\"image\":{\"@id\":\"https:\/\/apuntesdesanluis.com\/index.php\/2023\/11\/14\/cordoba-sergio-massa-suma-el-apoyo-de-intendentes-de-la-ucr-y-cosecha-goteo-del-pj\/#primaryimage\"},\"thumbnailUrl\":\"https:\/\/apuntesdesanluis.com\/wp-content\/uploads\/2023\/11\/intendentes.png\",\"articleSection\":[\"Nacionales\/Internacionales\"],\"inLanguage\":\"es-AR\"},{\"@type\":\"WebPage\",\"@id\":\"https:\/\/apuntesdesanluis.com\/index.php\/2023\/11\/14\/cordoba-sergio-massa-suma-el-apoyo-de-intendentes-de-la-ucr-y-cosecha-goteo-del-pj\/\",\"url\":\"https:\/\/apuntesdesanluis.com\/index.php\/2023\/11\/14\/cordoba-sergio-massa-suma-el-apoyo-de-intendentes-de-la-ucr-y-cosecha-goteo-del-pj\/\",\"name\":\"C\u00d3RDOBA: SERGIO MASSA SUMA EL APOYO DE INTENDENTES DE LA UCR Y COSECHA GOTEO DEL PJ - Apuntes de San Luis\",\"isPartOf\":{\"@id\":\"https:\/\/apuntesdesanluis.com\/#website\"},\"primaryImageOfPage\":{\"@id\":\"https:\/\/apuntesdesanluis.com\/index.php\/2023\/11\/14\/cordoba-sergio-massa-suma-el-apoyo-de-intendentes-de-la-ucr-y-cosecha-goteo-del-pj\/#primaryimage\"},\"image\":{\"@id\":\"https:\/\/apuntesdesanluis.com\/index.php\/2023\/11\/14\/cordoba-sergio-massa-suma-el-apoyo-de-intendentes-de-la-ucr-y-cosecha-goteo-del-pj\/#primaryimage\"},\"thumbnailUrl\":\"https:\/\/apuntesdesanluis.com\/wp-content\/uploads\/2023\/11\/intendentes.png\",\"datePublished\":\"2023-11-15T02:40:45+00:00\",\"breadcrumb\":{\"@id\":\"https:\/\/apuntesdesanluis.com\/index.php\/2023\/11\/14\/cordoba-sergio-massa-suma-el-apoyo-de-intendentes-de-la-ucr-y-cosecha-goteo-del-pj\/#breadcrumb\"},\"inLanguage\":\"es-AR\",\"potentialAction\":[{\"@type\":\"ReadAction\",\"target\":[\"https:\/\/apuntesdesanluis.com\/index.php\/2023\/11\/14\/cordoba-sergio-massa-suma-el-apoyo-de-intendentes-de-la-ucr-y-cosecha-goteo-del-pj\/\"]}]},{\"@type\":\"ImageObject\",\"inLanguage\":\"es-AR\",\"@id\":\"https:\/\/apuntesdesanluis.com\/index.php\/2023\/11\/14\/cordoba-sergio-massa-suma-el-apoyo-de-intendentes-de-la-ucr-y-cosecha-goteo-del-pj\/#primaryimage\",\"url\":\"https:\/\/apuntesdesanluis.com\/wp-content\/uploads\/2023\/11\/intendentes.png\",\"contentUrl\":\"https:\/\/apuntesdesanluis.com\/wp-content\/uploads\/2023\/11\/intendentes.png\",\"width\":600,\"height\":341},{\"@type\":\"BreadcrumbList\",\"@id\":\"https:\/\/apuntesdesanluis.com\/index.php\/2023\/11\/14\/cordoba-sergio-massa-suma-el-apoyo-de-intendentes-de-la-ucr-y-cosecha-goteo-del-pj\/#breadcrumb\",\"itemListElement\":[{\"@type\":\"ListItem\",\"position\":1,\"name\":\"Inicio\",\"item\":\"https:\/\/apuntesdesanluis.com\/\"},{\"@type\":\"ListItem\",\"position\":2,\"name\":\"C\u00d3RDOBA: SERGIO MASSA SUMA EL APOYO DE INTENDENTES DE LA UCR Y COSECHA GOTEO DEL PJ\"}]},{\"@type\":\"WebSite\",\"@id\":\"https:\/\/apuntesdesanluis.com\/#website\",\"url\":\"https:\/\/apuntesdesanluis.com\/\",\"name\":\"Apuntes de San Luis\",\"description\":\"\",\"publisher\":{\"@id\":\"https:\/\/apuntesdesanluis.com\/#\/schema\/person\/b55151d52296fcce64d1a72538a70b90\"},\"potentialAction\":[{\"@type\":\"SearchAction\",\"target\":{\"@type\":\"EntryPoint\",\"urlTemplate\":\"https:\/\/apuntesdesanluis.com\/?s={search_term_string}\"},\"query-input\":{\"@type\":\"PropertyValueSpecification\",\"valueRequired\":true,\"valueName\":\"search_term_string\"}}],\"inLanguage\":\"es-AR\"},{\"@type\":[\"Person\",\"Organization\"],\"@id\":\"https:\/\/apuntesdesanluis.com\/#\/schema\/person\/b55151d52296fcce64d1a72538a70b90\",\"name\":\"apuntesdesanluis.com\",\"image\":{\"@type\":\"ImageObject\",\"inLanguage\":\"es-AR\",\"@id\":\"https:\/\/apuntesdesanluis.com\/#\/schema\/person\/image\/\",\"url\":\"https:\/\/apuntesdesanluis.com\/wp-content\/uploads\/2023\/07\/cropped-apuntesdesanluis.png\",\"contentUrl\":\"https:\/\/apuntesdesanluis.com\/wp-content\/uploads\/2023\/07\/cropped-apuntesdesanluis.png\",\"width\":450,\"height\":112,\"caption\":\"apuntesdesanluis.com\"},\"logo\":{\"@id\":\"https:\/\/apuntesdesanluis.com\/#\/schema\/person\/image\/\"},\"sameAs\":[\"https:\/\/apuntesdesanluis.com\"],\"url\":\"https:\/\/apuntesdesanluis.com\/index.php\/author\/apuntesdesanluis-com\/\"}]}<\/script>\n<!-- \/ Yoast SEO plugin. -->","yoast_head_json":{"title":"C\u00d3RDOBA: SERGIO MASSA SUMA EL APOYO DE INTENDENTES DE LA UCR Y COSECHA GOTEO DEL PJ - Apuntes de San Luis","robots":{"index":"index","follow":"follow","max-snippet":"max-snippet:-1","max-image-preview":"max-image-preview:large","max-video-preview":"max-video-preview:-1"},"canonical":"https:\/\/apuntesdesanluis.com\/index.php\/2023\/11\/14\/cordoba-sergio-massa-suma-el-apoyo-de-intendentes-de-la-ucr-y-cosecha-goteo-del-pj\/","og_locale":"es_ES","og_type":"article","og_title":"C\u00d3RDOBA: SERGIO MASSA SUMA EL APOYO DE INTENDENTES DE LA UCR Y COSECHA GOTEO DEL PJ - Apuntes de San Luis","og_description":"Un grupo de 25 alcaldes de JxC se manifest\u00f3 a favor del candidato de Uni\u00f3n...","og_url":"https:\/\/apuntesdesanluis.com\/index.php\/2023\/11\/14\/cordoba-sergio-massa-suma-el-apoyo-de-intendentes-de-la-ucr-y-cosecha-goteo-del-pj\/","og_site_name":"Apuntes de San Luis","article_published_time":"2023-11-15T02:40:45+00:00","og_image":[{"width":600,"height":341,"url":"https:\/\/apuntesdesanluis.com\/wp-content\/uploads\/2023\/11\/intendentes.png","type":"image\/png"}],"author":"apuntesdesanluis.com","twitter_card":"summary_large_image","twitter_misc":{"Escrito por":"apuntesdesanluis.com","Tiempo de lectura":"4 minutos"},"schema":{"@context":"https:\/\/schema.org","@graph":[{"@type":"Article","@id":"https:\/\/apuntesdesanluis.com\/index.php\/2023\/11\/14\/cordoba-sergio-massa-suma-el-apoyo-de-intendentes-de-la-ucr-y-cosecha-goteo-del-pj\/#article","isPartOf":{"@id":"https:\/\/apuntesdesanluis.com\/index.php\/2023\/11\/14\/cordoba-sergio-massa-suma-el-apoyo-de-intendentes-de-la-ucr-y-cosecha-goteo-del-pj\/"},"author":{"name":"apuntesdesanluis.com","@id":"https:\/\/apuntesdesanluis.com\/#\/schema\/person\/b55151d52296fcce64d1a72538a70b90"},"headline":"C\u00d3RDOBA: SERGIO MASSA SUMA EL APOYO DE INTENDENTES DE LA UCR Y COSECHA GOTEO DEL PJ","datePublished":"2023-11-15T02:40:45+00:00","mainEntityOfPage":{"@id":"https:\/\/apuntesdesanluis.com\/index.php\/2023\/11\/14\/cordoba-sergio-massa-suma-el-apoyo-de-intendentes-de-la-ucr-y-cosecha-goteo-del-pj\/"},"wordCount":814,"publisher":{"@id":"https:\/\/apuntesdesanluis.com\/#\/schema\/person\/b55151d52296fcce64d1a72538a70b90"},"image":{"@id":"https:\/\/apuntesdesanluis.com\/index.php\/2023\/11\/14\/cordoba-sergio-massa-suma-el-apoyo-de-intendentes-de-la-ucr-y-cosecha-goteo-del-pj\/#primaryimage"},"thumbnailUrl":"https:\/\/apuntesdesanluis.com\/wp-content\/uploads\/2023\/11\/intendentes.png","articleSection":["Nacionales\/Internacionales"],"inLanguage":"es-AR"},{"@type":"WebPage","@id":"https:\/\/apuntesdesanluis.com\/index.php\/2023\/11\/14\/cordoba-sergio-massa-suma-el-apoyo-de-intendentes-de-la-ucr-y-cosecha-goteo-del-pj\/","url":"https:\/\/apuntesdesanluis.com\/index.php\/2023\/11\/14\/cordoba-sergio-massa-suma-el-apoyo-de-intendentes-de-la-ucr-y-cosecha-goteo-del-pj\/","name":"C\u00d3RDOBA: SERGIO MASSA SUMA EL APOYO DE INTENDENTES DE LA UCR Y COSECHA GOTEO DEL PJ - Apuntes de San Luis","isPartOf":{"@id":"https:\/\/apuntesdesanluis.com\/#website"},"primaryImageOfPage":{"@id":"https:\/\/apuntesdesanluis.com\/index.php\/2023\/11\/14\/cordoba-sergio-massa-suma-el-apoyo-de-intendentes-de-la-ucr-y-cosecha-goteo-del-pj\/#primaryimage"},"image":{"@id":"https:\/\/apuntesdesanluis.com\/index.php\/2023\/11\/14\/cordoba-sergio-massa-suma-el-apoyo-de-intendentes-de-la-ucr-y-cosecha-goteo-del-pj\/#primaryimage"},"thumbnailUrl":"https:\/\/apuntesdesanluis.com\/wp-content\/uploads\/2023\/11\/intendentes.png","datePublished":"2023-11-15T02:40:45+00:00","breadcrumb":{"@id":"https:\/\/apuntesdesanluis.com\/index.php\/2023\/11\/14\/cordoba-sergio-massa-suma-el-apoyo-de-intendentes-de-la-ucr-y-cosecha-goteo-del-pj\/#breadcrumb"},"inLanguage":"es-AR","potentialAction":[{"@type":"ReadAction","target":["https:\/\/apuntesdesanluis.com\/index.php\/2023\/11\/14\/cordoba-sergio-massa-suma-el-apoyo-de-intendentes-de-la-ucr-y-cosecha-goteo-del-pj\/"]}]},{"@type":"ImageObject","inLanguage":"es-AR","@id":"https:\/\/apuntesdesanluis.com\/index.php\/2023\/11\/14\/cordoba-sergio-massa-suma-el-apoyo-de-intendentes-de-la-ucr-y-cosecha-goteo-del-pj\/#primaryimage","url":"https:\/\/apuntesdesanluis.com\/wp-content\/uploads\/2023\/11\/intendentes.png","contentUrl":"https:\/\/apuntesdesanluis.com\/wp-content\/uploads\/2023\/11\/intendentes.png","width":600,"height":341},{"@type":"BreadcrumbList","@id":"https:\/\/apuntesdesanluis.com\/index.php\/2023\/11\/14\/cordoba-sergio-massa-suma-el-apoyo-de-intendentes-de-la-ucr-y-cosecha-goteo-del-pj\/#breadcrumb","itemListElement":[{"@type":"ListItem","position":1,"name":"Inicio","item":"https:\/\/apuntesdesanluis.com\/"},{"@type":"ListItem","position":2,"name":"C\u00d3RDOBA: SERGIO MASSA SUMA EL APOYO DE INTENDENTES DE LA UCR Y COSECHA GOTEO DEL PJ"}]},{"@type":"WebSite","@id":"https:\/\/apuntesdesanluis.com\/#website","url":"https:\/\/apuntesdesanluis.com\/","name":"Apuntes de San Luis","description":"","publisher":{"@id":"https:\/\/apuntesdesanluis.com\/#\/schema\/person\/b55151d52296fcce64d1a72538a70b90"},"potentialAction":[{"@type":"SearchAction","target":{"@type":"EntryPoint","urlTemplate":"https:\/\/apuntesdesanluis.com\/?s={search_term_string}"},"query-input":{"@type":"PropertyValueSpecification","valueRequired":true,"valueName":"search_term_string"}}],"inLanguage":"es-AR"},{"@type":["Person","Organization"],"@id":"https:\/\/apuntesdesanluis.com\/#\/schema\/person\/b55151d52296fcce64d1a72538a70b90","name":"apuntesdesanluis.com","image":{"@type":"ImageObject","inLanguage":"es-AR","@id":"https:\/\/apuntesdesanluis.com\/#\/schema\/person\/image\/","url":"https:\/\/apuntesdesanluis.com\/wp-content\/uploads\/2023\/07\/cropped-apuntesdesanluis.png","contentUrl":"https:\/\/apuntesdesanluis.com\/wp-content\/uploads\/2023\/07\/cropped-apuntesdesanluis.png","width":450,"height":112,"caption":"apuntesdesanluis.com"},"logo":{"@id":"https:\/\/apuntesdesanluis.com\/#\/schema\/person\/image\/"},"sameAs":["https:\/\/apuntesdesanluis.com"],"url":"https:\/\/apuntesdesanluis.com\/index.php\/author\/apuntesdesanluis-com\/"}]}},"featured_image_urls":{"full":["https:\/\/apuntesdesanluis.com\/wp-content\/uploads\/2023\/11\/intendentes.png",600,341,false],"thumbnail":["https:\/\/apuntesdesanluis.com\/wp-content\/uploads\/2023\/11\/intendentes-150x150.png",150,150,true],"medium":["https:\/\/apuntesdesanluis.com\/wp-content\/uploads\/2023\/11\/intendentes-300x171.png",300,171,true],"medium_large":["https:\/\/apuntesdesanluis.com\/wp-content\/uploads\/2023\/11\/intendentes.png",600,341,false],"large":["https:\/\/apuntesdesanluis.com\/wp-content\/uploads\/2023\/11\/intendentes.png",600,341,false],"1536x1536":["https:\/\/apuntesdesanluis.com\/wp-content\/uploads\/2023\/11\/intendentes.png",600,341,false],"2048x2048":["https:\/\/apuntesdesanluis.com\/wp-content\/uploads\/2023\/11\/intendentes.png",600,341,false],"newsever-slider-full":["https:\/\/apuntesdesanluis.com\/wp-content\/uploads\/2023\/11\/intendentes.png",600,341,false],"newsever-featured":["https:\/\/apuntesdesanluis.com\/wp-content\/uploads\/2023\/11\/intendentes.png",600,341,false],"newsever-medium":["https:\/\/apuntesdesanluis.com\/wp-content\/uploads\/2023\/11\/intendentes.png",600,341,false]},"author_info":{"display_name":"apuntesdesanluis.com","author_link":"https:\/\/apuntesdesanluis.com\/index.php\/author\/apuntesdesanluis-com\/"},"category_info":"<a href=\"https:\/\/apuntesdesanluis.com\/index.php\/category\/nacionales-internacionales\/\" rel=\"category tag\">Nacionales\/Internacionales<\/a>","tag_info":"Nacionales\/Internacionales","comment_count":"0","_links":{"self":[{"href":"https:\/\/apuntesdesanluis.com\/index.php\/wp-json\/wp\/v2\/posts\/6853","targetHints":{"allow":["GET"]}}],"collection":[{"href":"https:\/\/apuntesdesanluis.com\/index.php\/wp-json\/wp\/v2\/posts"}],"about":[{"href":"https:\/\/apuntesdesanluis.com\/index.php\/wp-json\/wp\/v2\/types\/post"}],"author":[{"embeddable":true,"href":"https:\/\/apuntesdesanluis.com\/index.php\/wp-json\/wp\/v2\/users\/1"}],"replies":[{"embeddable":true,"href":"https:\/\/apuntesdesanluis.com\/index.php\/wp-json\/wp\/v2\/comments?post=6853"}],"version-history":[{"count":1,"href":"https:\/\/apuntesdesanluis.com\/index.php\/wp-json\/wp\/v2\/posts\/6853\/revisions"}],"predecessor-version":[{"id":6856,"href":"https:\/\/apuntesdesanluis.com\/index.php\/wp-json\/wp\/v2\/posts\/6853\/revisions\/6856"}],"wp:featuredmedia":[{"embeddable":true,"href":"https:\/\/apuntesdesanluis.com\/index.php\/wp-json\/wp\/v2\/media\/6854"}],"wp:attachment":[{"href":"https:\/\/apuntesdesanluis.com\/index.php\/wp-json\/wp\/v2\/media?parent=6853"}],"wp:term":[{"taxonomy":"category","embeddable":true,"href":"https:\/\/apuntesdesanluis.com\/index.php\/wp-json\/wp\/v2\/categories?post=6853"},{"taxonomy":"post_tag","embeddable":true,"href":"https:\/\/apuntesdesanluis.com\/index.php\/wp-json\/wp\/v2\/tags?post=6853"}],"curies":[{"name":"wp","href":"https:\/\/api.w.org\/{rel}","templated":true}]}}