{"id":6857,"date":"2023-11-14T23:45:20","date_gmt":"2023-11-15T02:45:20","guid":{"rendered":"https:\/\/apuntesdesanluis.com\/?p=6857"},"modified":"2023-11-14T23:45:20","modified_gmt":"2023-11-15T02:45:20","slug":"la-iglesia-convoca-a-una-jornada-de-oracion-por-la-patria-dos-dias-antes-del-balotaje","status":"publish","type":"post","link":"https:\/\/apuntesdesanluis.com\/index.php\/2023\/11\/14\/la-iglesia-convoca-a-una-jornada-de-oracion-por-la-patria-dos-dias-antes-del-balotaje\/","title":{"rendered":"LA IGLESIA CONVOCA A UNA &#8220;JORNADA DE ORACI\u00d3N POR LA PATRIA&#8221;, DOS D\u00cdAS ANTES DEL BALOTAJE"},"content":{"rendered":"<h3>El presidente de la Conferencia Episcopal Argentina, <strong>Oscar Ojea<\/strong>, convoc\u00f3 a todas las comunidades y parroquias a participar el pr\u00f3ximo jueves de &#8220;una jornada de oraci\u00f3n por la Patria&#8221;, dos d\u00edas antes del balotaje presidencial.<\/h3>\n<h3>Oficialmente, la Iglesia no se pronunci\u00f3 sobre la coyuntura electoral, aunque muchos integrantes de la instituci\u00f3n rechazaron las cr\u00edticas del libertario <strong>Javier Milei<\/strong> al papa Francisco, a quien catalog\u00f3 como el &#8220;representante del Maligno en la Tierra&#8221; y acus\u00f3 de &#8220;estar del lado de dictaduras comunistas asesinas&#8221;.<\/h3>\n<h3>D\u00edas atr\u00e1s, el grupo de Curas en la Opci\u00f3n por las y los Pobres (COPP), que desde siempre se mostr\u00f3 cercano al kirchnerismo, dio a conocer un mensaje en el que denunci\u00f3 el &#8220;clima de violencia alarmante&#8221; y las &#8220;negaciones de lo evidente&#8221;, al mismo tiempo que hizo una &#8220;invitaci\u00f3n a la sensatez&#8221;, a &#8220;la verdad y la justicia&#8221;, reclamando &#8220;una democracia con justicia social&#8221; y &#8220;una patria independiente&#8221;.<\/h3>\n<h3>Este colectivo de curas villeros tercermundistas es el mismo que realiz\u00f3 en septiembre pasado una misa en la parroquia Virgen de Caacup\u00e9, en la Villa 21-24 del barrio porte\u00f1o de Barracas, para desagraviar al Papa Francisco por los insultos del libertario.<\/h3>\n<h3>Tambi\u00e9n se expresaron otras voces de las propias filas eclesiales, que se juntaron para firmar una &#8220;Carta a todas las personas de fe&#8221; para decirles &#8220;no al proyecto no cristiano, individualista, ego\u00edsta e impiadoso que encabeza Javier Milei\u201d.<\/h3>\n<h3>A la declaraci\u00f3n, inicialmente impulsada por Cristianos para el Tercer Milenio (CTM), se sumaron once organizaciones cat\u00f3licas: el Colectivo Kevin O&#8217;Neill por Memoria, Verdad y Justicia para los M\u00e1rtires Palotinos, Colectivo de Teolog\u00eda de la Liberaci\u00f3n Pichi Meisegeier, Fraternidad Laica Carlos de Foucauld, Amerindia Argentina, Familiares y Compa\u00f1eros de los 12 de la Santa Cruz, Espacio Interreligioso Patrick Rice, la Comisi\u00f3n de la Memoria del Barrio La Manuelita, Fundaci\u00f3n Gente Nueva, Grupo por la Memoria de Orlando Yorio y el Archivo Emilio Ferm\u00edn Mignone.<\/h3>\n<h3>Este martes de conoci\u00f3 la convocatoria de los obispos encabezados por Ojea a rezar una &#8220;oraci\u00f3n por la Patria&#8221; este jueves, apenas dos d\u00edas antes de la trascendental votaci\u00f3n.<\/h3>\n<h3>El titular de la Di\u00f3cesis de San Isidro hab\u00eda salido en nombre de la Iglesia argentina a contestar los &#8220;insultos irreproducibles y falsedades&#8221; vertidas por Milei contra el Sumo Pont\u00edfice.<\/h3>\n<h3>Ojea advirti\u00f3 que &#8220;le &#8220;preocupa mucho que haya aparecido un clima de autodestrucci\u00f3n, un deseo de que todo se desborde para caer en el vac\u00edo&#8221;.<\/h3>\n<h3>En la misma entrevista, el l\u00edder religioso consider\u00f3 que &#8220;es imposible construir un pa\u00eds sin di\u00e1logo y con insultos, gritos y descalificaciones&#8221;, en alusi\u00f3n al estilo de Milei, y resalt\u00f3 que &#8220;el clima de violencia en las expresiones de los candidatos no ayuda a la paz social&#8221;.<\/h3>\n<h3>Tambi\u00e9n pidi\u00f3 que el compromiso a sostener &#8220;un Estado presente&#8221;, una premisa que el libertario defenestra cada vez que tiene la oportunidad.<\/h3>\n<h3>&#8220;En estos \u00faltimos a\u00f1os le hemos pedido a todos los gobiernos un Estado presente, tanto brindando seguridad como garantizando la provisi\u00f3n de bienes primarios para la vida humana, en particular en los barrios m\u00e1s humildes, el respeto por las econom\u00edas solidarias, y la creaci\u00f3n de trabajo genuino y digno, ya que el trabajo es un aut\u00e9ntico ordenador de la vida&#8221;, indic\u00f3.<\/h3>\n<h3>En este marco, Ojea aclar\u00f3 que eso &#8220;no es hacer &#8216;pobrismo'&#8221;, y destac\u00f3 a su vez que es &#8220;irrenunciable el compromiso con el cuidado de la casa com\u00fan&#8221;.<\/h3>\n<h3>En sus intervenciones, Milei despotrica contra la &#8220;agenda verde&#8221; vinculada al medio ambiente, ya que a su entender atenta contra el libre mercado de bienes y servicios.<\/h3>\n<h3>La discusi\u00f3n electoral se da en momentos en que la Iglesia busca que el Papa Francisco visite la Argentina el pr\u00f3ximo a\u00f1o.<\/h3>\n<h3>El v\u00ednculo con el Santo Padre se col\u00f3 en la agenda de discusi\u00f3n electoral por motivaci\u00f3n de Massa, quien durante el debate presidencial del domingo le pregunt\u00f3 a su adversario si le iba a &#8220;pedir perd\u00f3n&#8221; al Papa por sus numerosas descalificaciones recientes.<\/h3>\n<h3>&#8220;Lo voy a respetar como jefe de Estado y l\u00edder de la Iglesia&#8221;, respondi\u00f3 Milei, quien reconoci\u00f3 que fue un &#8220;error&#8221; confrontar con la m\u00e1xima figura del culto cat\u00f3lico, que en Argentina sigue siendo mayoritario.<\/h3>\n<h3>No solamente el diputado nacional libertario lo defini\u00f3 como un &#8220;jesuita que promueve el comunismo&#8221;, &#8220;representante del Maligno en la Tierra&#8221; y un &#8220;personaje impresentable y nefasto&#8221;, sino que su m\u00e1ximo referente econ\u00f3mico, Alberto Benegas Lynch hijo, propuso cortar relaciones diplom\u00e1ticas con El Vaticano.<\/h3>\n<h3>Por su parte, Massa le hizo llegar al Papa su deseo de que visite prontamente el pa\u00eds durante el 2024, una invitaci\u00f3n que podr\u00eda aceptar si se tiene en cuenta que en una entrevista reciente, Bergoglio hab\u00eda comentado que su regreso a la Argentina era una cuenta pendiente y que le &#8220;gustar\u00eda ir&#8221;.<\/h3>\n<p>&nbsp;<\/p>\n<p>&nbsp;<\/p>\n<p>&nbsp;<\/p>\n<p>&nbsp;<\/p>\n<p>&nbsp;<\/p>\n","protected":false},"excerpt":{"rendered":"<p>El presidente de la Conferencia Episcopal Argentina, Oscar Ojea, convoc\u00f3 a todas las comunidades y&#8230;<\/p>\n","protected":false},"author":1,"featured_media":6858,"comment_status":"closed","ping_status":"closed","sticky":false,"template":"","format":"standard","meta":{"footnotes":""},"categories":[5],"tags":[],"class_list":["post-6857","post","type-post","status-publish","format-standard","has-post-thumbnail","hentry","category-nacionales-internacionales"],"yoast_head":"<!-- This site is optimized with the Yoast SEO plugin v26.1.1 - https:\/\/yoast.com\/wordpress\/plugins\/seo\/ -->\n<title>LA IGLESIA CONVOCA A UNA &quot;JORNADA DE ORACI\u00d3N POR LA PATRIA&quot;, DOS D\u00cdAS ANTES DEL BALOTAJE - Apuntes de San Luis<\/title>\n<meta name=\"robots\" content=\"index, follow, max-snippet:-1, max-image-preview:large, max-video-preview:-1\" \/>\n<link rel=\"canonical\" href=\"https:\/\/apuntesdesanluis.com\/index.php\/2023\/11\/14\/la-iglesia-convoca-a-una-jornada-de-oracion-por-la-patria-dos-dias-antes-del-balotaje\/\" \/>\n<meta property=\"og:locale\" content=\"es_ES\" \/>\n<meta property=\"og:type\" content=\"article\" \/>\n<meta property=\"og:title\" content=\"LA IGLESIA CONVOCA A UNA &quot;JORNADA DE ORACI\u00d3N POR LA PATRIA&quot;, DOS D\u00cdAS ANTES DEL BALOTAJE - Apuntes de San Luis\" \/>\n<meta property=\"og:description\" content=\"El presidente de la Conferencia Episcopal Argentina, Oscar Ojea, convoc\u00f3 a todas las comunidades y...\" \/>\n<meta property=\"og:url\" content=\"https:\/\/apuntesdesanluis.com\/index.php\/2023\/11\/14\/la-iglesia-convoca-a-una-jornada-de-oracion-por-la-patria-dos-dias-antes-del-balotaje\/\" \/>\n<meta property=\"og:site_name\" content=\"Apuntes de San Luis\" \/>\n<meta property=\"article:published_time\" content=\"2023-11-15T02:45:20+00:00\" \/>\n<meta property=\"og:image\" content=\"https:\/\/apuntesdesanluis.com\/wp-content\/uploads\/2023\/11\/obispos.png\" \/>\n\t<meta property=\"og:image:width\" content=\"600\" \/>\n\t<meta property=\"og:image:height\" content=\"373\" \/>\n\t<meta property=\"og:image:type\" content=\"image\/png\" \/>\n<meta name=\"author\" content=\"apuntesdesanluis.com\" \/>\n<meta name=\"twitter:card\" content=\"summary_large_image\" \/>\n<meta name=\"twitter:label1\" content=\"Escrito por\" \/>\n\t<meta name=\"twitter:data1\" content=\"apuntesdesanluis.com\" \/>\n\t<meta name=\"twitter:label2\" content=\"Tiempo de lectura\" \/>\n\t<meta name=\"twitter:data2\" content=\"4 minutos\" \/>\n<script type=\"application\/ld+json\" class=\"yoast-schema-graph\">{\"@context\":\"https:\/\/schema.org\",\"@graph\":[{\"@type\":\"Article\",\"@id\":\"https:\/\/apuntesdesanluis.com\/index.php\/2023\/11\/14\/la-iglesia-convoca-a-una-jornada-de-oracion-por-la-patria-dos-dias-antes-del-balotaje\/#article\",\"isPartOf\":{\"@id\":\"https:\/\/apuntesdesanluis.com\/index.php\/2023\/11\/14\/la-iglesia-convoca-a-una-jornada-de-oracion-por-la-patria-dos-dias-antes-del-balotaje\/\"},\"author\":{\"name\":\"apuntesdesanluis.com\",\"@id\":\"https:\/\/apuntesdesanluis.com\/#\/schema\/person\/b55151d52296fcce64d1a72538a70b90\"},\"headline\":\"LA IGLESIA CONVOCA A UNA &#8220;JORNADA DE ORACI\u00d3N POR LA PATRIA&#8221;, DOS D\u00cdAS ANTES DEL BALOTAJE\",\"datePublished\":\"2023-11-15T02:45:20+00:00\",\"mainEntityOfPage\":{\"@id\":\"https:\/\/apuntesdesanluis.com\/index.php\/2023\/11\/14\/la-iglesia-convoca-a-una-jornada-de-oracion-por-la-patria-dos-dias-antes-del-balotaje\/\"},\"wordCount\":860,\"publisher\":{\"@id\":\"https:\/\/apuntesdesanluis.com\/#\/schema\/person\/b55151d52296fcce64d1a72538a70b90\"},\"image\":{\"@id\":\"https:\/\/apuntesdesanluis.com\/index.php\/2023\/11\/14\/la-iglesia-convoca-a-una-jornada-de-oracion-por-la-patria-dos-dias-antes-del-balotaje\/#primaryimage\"},\"thumbnailUrl\":\"https:\/\/apuntesdesanluis.com\/wp-content\/uploads\/2023\/11\/obispos.png\",\"articleSection\":[\"Nacionales\/Internacionales\"],\"inLanguage\":\"es-AR\"},{\"@type\":\"WebPage\",\"@id\":\"https:\/\/apuntesdesanluis.com\/index.php\/2023\/11\/14\/la-iglesia-convoca-a-una-jornada-de-oracion-por-la-patria-dos-dias-antes-del-balotaje\/\",\"url\":\"https:\/\/apuntesdesanluis.com\/index.php\/2023\/11\/14\/la-iglesia-convoca-a-una-jornada-de-oracion-por-la-patria-dos-dias-antes-del-balotaje\/\",\"name\":\"LA IGLESIA CONVOCA A UNA \\\"JORNADA DE ORACI\u00d3N POR LA PATRIA\\\", DOS D\u00cdAS ANTES DEL BALOTAJE - Apuntes de San Luis\",\"isPartOf\":{\"@id\":\"https:\/\/apuntesdesanluis.com\/#website\"},\"primaryImageOfPage\":{\"@id\":\"https:\/\/apuntesdesanluis.com\/index.php\/2023\/11\/14\/la-iglesia-convoca-a-una-jornada-de-oracion-por-la-patria-dos-dias-antes-del-balotaje\/#primaryimage\"},\"image\":{\"@id\":\"https:\/\/apuntesdesanluis.com\/index.php\/2023\/11\/14\/la-iglesia-convoca-a-una-jornada-de-oracion-por-la-patria-dos-dias-antes-del-balotaje\/#primaryimage\"},\"thumbnailUrl\":\"https:\/\/apuntesdesanluis.com\/wp-content\/uploads\/2023\/11\/obispos.png\",\"datePublished\":\"2023-11-15T02:45:20+00:00\",\"breadcrumb\":{\"@id\":\"https:\/\/apuntesdesanluis.com\/index.php\/2023\/11\/14\/la-iglesia-convoca-a-una-jornada-de-oracion-por-la-patria-dos-dias-antes-del-balotaje\/#breadcrumb\"},\"inLanguage\":\"es-AR\",\"potentialAction\":[{\"@type\":\"ReadAction\",\"target\":[\"https:\/\/apuntesdesanluis.com\/index.php\/2023\/11\/14\/la-iglesia-convoca-a-una-jornada-de-oracion-por-la-patria-dos-dias-antes-del-balotaje\/\"]}]},{\"@type\":\"ImageObject\",\"inLanguage\":\"es-AR\",\"@id\":\"https:\/\/apuntesdesanluis.com\/index.php\/2023\/11\/14\/la-iglesia-convoca-a-una-jornada-de-oracion-por-la-patria-dos-dias-antes-del-balotaje\/#primaryimage\",\"url\":\"https:\/\/apuntesdesanluis.com\/wp-content\/uploads\/2023\/11\/obispos.png\",\"contentUrl\":\"https:\/\/apuntesdesanluis.com\/wp-content\/uploads\/2023\/11\/obispos.png\",\"width\":600,\"height\":373},{\"@type\":\"BreadcrumbList\",\"@id\":\"https:\/\/apuntesdesanluis.com\/index.php\/2023\/11\/14\/la-iglesia-convoca-a-una-jornada-de-oracion-por-la-patria-dos-dias-antes-del-balotaje\/#breadcrumb\",\"itemListElement\":[{\"@type\":\"ListItem\",\"position\":1,\"name\":\"Inicio\",\"item\":\"https:\/\/apuntesdesanluis.com\/\"},{\"@type\":\"ListItem\",\"position\":2,\"name\":\"LA IGLESIA CONVOCA A UNA &#8220;JORNADA DE ORACI\u00d3N POR LA PATRIA&#8221;, DOS D\u00cdAS ANTES DEL BALOTAJE\"}]},{\"@type\":\"WebSite\",\"@id\":\"https:\/\/apuntesdesanluis.com\/#website\",\"url\":\"https:\/\/apuntesdesanluis.com\/\",\"name\":\"Apuntes de San Luis\",\"description\":\"\",\"publisher\":{\"@id\":\"https:\/\/apuntesdesanluis.com\/#\/schema\/person\/b55151d52296fcce64d1a72538a70b90\"},\"potentialAction\":[{\"@type\":\"SearchAction\",\"target\":{\"@type\":\"EntryPoint\",\"urlTemplate\":\"https:\/\/apuntesdesanluis.com\/?s={search_term_string}\"},\"query-input\":{\"@type\":\"PropertyValueSpecification\",\"valueRequired\":true,\"valueName\":\"search_term_string\"}}],\"inLanguage\":\"es-AR\"},{\"@type\":[\"Person\",\"Organization\"],\"@id\":\"https:\/\/apuntesdesanluis.com\/#\/schema\/person\/b55151d52296fcce64d1a72538a70b90\",\"name\":\"apuntesdesanluis.com\",\"image\":{\"@type\":\"ImageObject\",\"inLanguage\":\"es-AR\",\"@id\":\"https:\/\/apuntesdesanluis.com\/#\/schema\/person\/image\/\",\"url\":\"https:\/\/apuntesdesanluis.com\/wp-content\/uploads\/2023\/07\/cropped-apuntesdesanluis.png\",\"contentUrl\":\"https:\/\/apuntesdesanluis.com\/wp-content\/uploads\/2023\/07\/cropped-apuntesdesanluis.png\",\"width\":450,\"height\":112,\"caption\":\"apuntesdesanluis.com\"},\"logo\":{\"@id\":\"https:\/\/apuntesdesanluis.com\/#\/schema\/person\/image\/\"},\"sameAs\":[\"https:\/\/apuntesdesanluis.com\"],\"url\":\"https:\/\/apuntesdesanluis.com\/index.php\/author\/apuntesdesanluis-com\/\"}]}<\/script>\n<!-- \/ Yoast SEO plugin. -->","yoast_head_json":{"title":"LA IGLESIA CONVOCA A UNA \"JORNADA DE ORACI\u00d3N POR LA PATRIA\", DOS D\u00cdAS ANTES DEL BALOTAJE - Apuntes de San Luis","robots":{"index":"index","follow":"follow","max-snippet":"max-snippet:-1","max-image-preview":"max-image-preview:large","max-video-preview":"max-video-preview:-1"},"canonical":"https:\/\/apuntesdesanluis.com\/index.php\/2023\/11\/14\/la-iglesia-convoca-a-una-jornada-de-oracion-por-la-patria-dos-dias-antes-del-balotaje\/","og_locale":"es_ES","og_type":"article","og_title":"LA IGLESIA CONVOCA A UNA \"JORNADA DE ORACI\u00d3N POR LA PATRIA\", DOS D\u00cdAS ANTES DEL BALOTAJE - Apuntes de San Luis","og_description":"El presidente de la Conferencia Episcopal Argentina, Oscar Ojea, convoc\u00f3 a todas las comunidades y...","og_url":"https:\/\/apuntesdesanluis.com\/index.php\/2023\/11\/14\/la-iglesia-convoca-a-una-jornada-de-oracion-por-la-patria-dos-dias-antes-del-balotaje\/","og_site_name":"Apuntes de San Luis","article_published_time":"2023-11-15T02:45:20+00:00","og_image":[{"width":600,"height":373,"url":"https:\/\/apuntesdesanluis.com\/wp-content\/uploads\/2023\/11\/obispos.png","type":"image\/png"}],"author":"apuntesdesanluis.com","twitter_card":"summary_large_image","twitter_misc":{"Escrito por":"apuntesdesanluis.com","Tiempo de lectura":"4 minutos"},"schema":{"@context":"https:\/\/schema.org","@graph":[{"@type":"Article","@id":"https:\/\/apuntesdesanluis.com\/index.php\/2023\/11\/14\/la-iglesia-convoca-a-una-jornada-de-oracion-por-la-patria-dos-dias-antes-del-balotaje\/#article","isPartOf":{"@id":"https:\/\/apuntesdesanluis.com\/index.php\/2023\/11\/14\/la-iglesia-convoca-a-una-jornada-de-oracion-por-la-patria-dos-dias-antes-del-balotaje\/"},"author":{"name":"apuntesdesanluis.com","@id":"https:\/\/apuntesdesanluis.com\/#\/schema\/person\/b55151d52296fcce64d1a72538a70b90"},"headline":"LA IGLESIA CONVOCA A UNA &#8220;JORNADA DE ORACI\u00d3N POR LA PATRIA&#8221;, DOS D\u00cdAS ANTES DEL BALOTAJE","datePublished":"2023-11-15T02:45:20+00:00","mainEntityOfPage":{"@id":"https:\/\/apuntesdesanluis.com\/index.php\/2023\/11\/14\/la-iglesia-convoca-a-una-jornada-de-oracion-por-la-patria-dos-dias-antes-del-balotaje\/"},"wordCount":860,"publisher":{"@id":"https:\/\/apuntesdesanluis.com\/#\/schema\/person\/b55151d52296fcce64d1a72538a70b90"},"image":{"@id":"https:\/\/apuntesdesanluis.com\/index.php\/2023\/11\/14\/la-iglesia-convoca-a-una-jornada-de-oracion-por-la-patria-dos-dias-antes-del-balotaje\/#primaryimage"},"thumbnailUrl":"https:\/\/apuntesdesanluis.com\/wp-content\/uploads\/2023\/11\/obispos.png","articleSection":["Nacionales\/Internacionales"],"inLanguage":"es-AR"},{"@type":"WebPage","@id":"https:\/\/apuntesdesanluis.com\/index.php\/2023\/11\/14\/la-iglesia-convoca-a-una-jornada-de-oracion-por-la-patria-dos-dias-antes-del-balotaje\/","url":"https:\/\/apuntesdesanluis.com\/index.php\/2023\/11\/14\/la-iglesia-convoca-a-una-jornada-de-oracion-por-la-patria-dos-dias-antes-del-balotaje\/","name":"LA IGLESIA CONVOCA A UNA \"JORNADA DE ORACI\u00d3N POR LA PATRIA\", DOS D\u00cdAS ANTES DEL BALOTAJE - Apuntes de San Luis","isPartOf":{"@id":"https:\/\/apuntesdesanluis.com\/#website"},"primaryImageOfPage":{"@id":"https:\/\/apuntesdesanluis.com\/index.php\/2023\/11\/14\/la-iglesia-convoca-a-una-jornada-de-oracion-por-la-patria-dos-dias-antes-del-balotaje\/#primaryimage"},"image":{"@id":"https:\/\/apuntesdesanluis.com\/index.php\/2023\/11\/14\/la-iglesia-convoca-a-una-jornada-de-oracion-por-la-patria-dos-dias-antes-del-balotaje\/#primaryimage"},"thumbnailUrl":"https:\/\/apuntesdesanluis.com\/wp-content\/uploads\/2023\/11\/obispos.png","datePublished":"2023-11-15T02:45:20+00:00","breadcrumb":{"@id":"https:\/\/apuntesdesanluis.com\/index.php\/2023\/11\/14\/la-iglesia-convoca-a-una-jornada-de-oracion-por-la-patria-dos-dias-antes-del-balotaje\/#breadcrumb"},"inLanguage":"es-AR","potentialAction":[{"@type":"ReadAction","target":["https:\/\/apuntesdesanluis.com\/index.php\/2023\/11\/14\/la-iglesia-convoca-a-una-jornada-de-oracion-por-la-patria-dos-dias-antes-del-balotaje\/"]}]},{"@type":"ImageObject","inLanguage":"es-AR","@id":"https:\/\/apuntesdesanluis.com\/index.php\/2023\/11\/14\/la-iglesia-convoca-a-una-jornada-de-oracion-por-la-patria-dos-dias-antes-del-balotaje\/#primaryimage","url":"https:\/\/apuntesdesanluis.com\/wp-content\/uploads\/2023\/11\/obispos.png","contentUrl":"https:\/\/apuntesdesanluis.com\/wp-content\/uploads\/2023\/11\/obispos.png","width":600,"height":373},{"@type":"BreadcrumbList","@id":"https:\/\/apuntesdesanluis.com\/index.php\/2023\/11\/14\/la-iglesia-convoca-a-una-jornada-de-oracion-por-la-patria-dos-dias-antes-del-balotaje\/#breadcrumb","itemListElement":[{"@type":"ListItem","position":1,"name":"Inicio","item":"https:\/\/apuntesdesanluis.com\/"},{"@type":"ListItem","position":2,"name":"LA IGLESIA CONVOCA A UNA &#8220;JORNADA DE ORACI\u00d3N POR LA PATRIA&#8221;, DOS D\u00cdAS ANTES DEL BALOTAJE"}]},{"@type":"WebSite","@id":"https:\/\/apuntesdesanluis.com\/#website","url":"https:\/\/apuntesdesanluis.com\/","name":"Apuntes de San Luis","description":"","publisher":{"@id":"https:\/\/apuntesdesanluis.com\/#\/schema\/person\/b55151d52296fcce64d1a72538a70b90"},"potentialAction":[{"@type":"SearchAction","target":{"@type":"EntryPoint","urlTemplate":"https:\/\/apuntesdesanluis.com\/?s={search_term_string}"},"query-input":{"@type":"PropertyValueSpecification","valueRequired":true,"valueName":"search_term_string"}}],"inLanguage":"es-AR"},{"@type":["Person","Organization"],"@id":"https:\/\/apuntesdesanluis.com\/#\/schema\/person\/b55151d52296fcce64d1a72538a70b90","name":"apuntesdesanluis.com","image":{"@type":"ImageObject","inLanguage":"es-AR","@id":"https:\/\/apuntesdesanluis.com\/#\/schema\/person\/image\/","url":"https:\/\/apuntesdesanluis.com\/wp-content\/uploads\/2023\/07\/cropped-apuntesdesanluis.png","contentUrl":"https:\/\/apuntesdesanluis.com\/wp-content\/uploads\/2023\/07\/cropped-apuntesdesanluis.png","width":450,"height":112,"caption":"apuntesdesanluis.com"},"logo":{"@id":"https:\/\/apuntesdesanluis.com\/#\/schema\/person\/image\/"},"sameAs":["https:\/\/apuntesdesanluis.com"],"url":"https:\/\/apuntesdesanluis.com\/index.php\/author\/apuntesdesanluis-com\/"}]}},"featured_image_urls":{"full":["https:\/\/apuntesdesanluis.com\/wp-content\/uploads\/2023\/11\/obispos.png",600,373,false],"thumbnail":["https:\/\/apuntesdesanluis.com\/wp-content\/uploads\/2023\/11\/obispos-150x150.png",150,150,true],"medium":["https:\/\/apuntesdesanluis.com\/wp-content\/uploads\/2023\/11\/obispos-300x187.png",300,187,true],"medium_large":["https:\/\/apuntesdesanluis.com\/wp-content\/uploads\/2023\/11\/obispos.png",600,373,false],"large":["https:\/\/apuntesdesanluis.com\/wp-content\/uploads\/2023\/11\/obispos.png",600,373,false],"1536x1536":["https:\/\/apuntesdesanluis.com\/wp-content\/uploads\/2023\/11\/obispos.png",600,373,false],"2048x2048":["https:\/\/apuntesdesanluis.com\/wp-content\/uploads\/2023\/11\/obispos.png",600,373,false],"newsever-slider-full":["https:\/\/apuntesdesanluis.com\/wp-content\/uploads\/2023\/11\/obispos.png",600,373,false],"newsever-featured":["https:\/\/apuntesdesanluis.com\/wp-content\/uploads\/2023\/11\/obispos.png",600,373,false],"newsever-medium":["https:\/\/apuntesdesanluis.com\/wp-content\/uploads\/2023\/11\/obispos.png",600,373,false]},"author_info":{"display_name":"apuntesdesanluis.com","author_link":"https:\/\/apuntesdesanluis.com\/index.php\/author\/apuntesdesanluis-com\/"},"category_info":"<a href=\"https:\/\/apuntesdesanluis.com\/index.php\/category\/nacionales-internacionales\/\" rel=\"category tag\">Nacionales\/Internacionales<\/a>","tag_info":"Nacionales\/Internacionales","comment_count":"0","_links":{"self":[{"href":"https:\/\/apuntesdesanluis.com\/index.php\/wp-json\/wp\/v2\/posts\/6857","targetHints":{"allow":["GET"]}}],"collection":[{"href":"https:\/\/apuntesdesanluis.com\/index.php\/wp-json\/wp\/v2\/posts"}],"about":[{"href":"https:\/\/apuntesdesanluis.com\/index.php\/wp-json\/wp\/v2\/types\/post"}],"author":[{"embeddable":true,"href":"https:\/\/apuntesdesanluis.com\/index.php\/wp-json\/wp\/v2\/users\/1"}],"replies":[{"embeddable":true,"href":"https:\/\/apuntesdesanluis.com\/index.php\/wp-json\/wp\/v2\/comments?post=6857"}],"version-history":[{"count":1,"href":"https:\/\/apuntesdesanluis.com\/index.php\/wp-json\/wp\/v2\/posts\/6857\/revisions"}],"predecessor-version":[{"id":6859,"href":"https:\/\/apuntesdesanluis.com\/index.php\/wp-json\/wp\/v2\/posts\/6857\/revisions\/6859"}],"wp:featuredmedia":[{"embeddable":true,"href":"https:\/\/apuntesdesanluis.com\/index.php\/wp-json\/wp\/v2\/media\/6858"}],"wp:attachment":[{"href":"https:\/\/apuntesdesanluis.com\/index.php\/wp-json\/wp\/v2\/media?parent=6857"}],"wp:term":[{"taxonomy":"category","embeddable":true,"href":"https:\/\/apuntesdesanluis.com\/index.php\/wp-json\/wp\/v2\/categories?post=6857"},{"taxonomy":"post_tag","embeddable":true,"href":"https:\/\/apuntesdesanluis.com\/index.php\/wp-json\/wp\/v2\/tags?post=6857"}],"curies":[{"name":"wp","href":"https:\/\/api.w.org\/{rel}","templated":true}]}}