{"id":6865,"date":"2023-11-15T00:25:56","date_gmt":"2023-11-15T03:25:56","guid":{"rendered":"https:\/\/apuntesdesanluis.com\/?p=6865"},"modified":"2023-11-15T00:25:56","modified_gmt":"2023-11-15T03:25:56","slug":"el-concejo-deliberante-aprobo-los-presupuestos-del-municipio-y-de-osm","status":"publish","type":"post","link":"https:\/\/apuntesdesanluis.com\/index.php\/2023\/11\/15\/el-concejo-deliberante-aprobo-los-presupuestos-del-municipio-y-de-osm\/","title":{"rendered":"EL CONCEJO DELIBERANTE APROB\u00d3 LOS PRESUPUESTOS DEL MUNICIPIO Y DE OSM"},"content":{"rendered":"<h3>Por mayor\u00eda, el Concejo Deliberante de Villa Mercedes tambi\u00e9n dio tratamiento y aprobaci\u00f3n a las ordenanzas impositivas municipal y de Obras Sanitarias Mercedes.<\/h3>\n<h3>La sesi\u00f3n de este martes 14 estuvo presidida por la Presidenta Provisional Srta. <strong>Lucia Lacerda Traversi<\/strong>, acompa\u00f1ada por la Secretaria Legislativa Pamela Periale y el Secretario Administrativo Sr. Mariano Pochetti.<\/h3>\n<h3>En el momento de ingresar proyectos al orden del d\u00eda y\/o realizar homenajes, la Concejal <strong>Cecilia Lucero<\/strong> cuestion\u00f3 las distintas medidas de gobierno impulsadas por el Gobernador de la Provincia a un mes de cumplir su mandato.<\/h3>\n<h3>El Concejal <strong>Roberto Mones Ruiz<\/strong>, por su lado, sostuvo que las cr\u00edticas hacia al actual gobernador no tienen asidero, ya que el primer mandatario est\u00e1\u00a0 ejerciendo y dando cumplimiento dentro de un marco constitucional vigente, concedida por mandato del pueblo que lo avala hasta el 10 diciembre.<\/h3>\n<h3>En cuanto a los tres Expedientes Interno del Departamento Ejecutivo Municipal que a trav\u00e9s del cual se tramita autorizaci\u00f3n para la extracci\u00f3n de \u00e1rboles, fueron remitidos a la Comisi\u00f3n de Ecolog\u00eda y Medio Ambiente.<\/h3>\n<h3><span style=\"font-size: 18.72px;\">Posteriormente se trataron los despachos de las distintas comisiones.<\/span><\/h3>\n<h3><strong>HACIENDA Y PRESUPUESTO<\/strong><\/h3>\n<h3>El Expte. N\u00b0 21789-o\/23- Expediente Interno N\u00b0 11876-2023- Departamento Ejecutivo Municipal Proyecto de Ordenanza referido a Ordenanza Impositiva Anual, correspondiente al ejercicio 2024, perteneciente a la Administraci\u00f3n Municipal, fundamentado por el Concejal Marcelo Periale ley\u00f3 el dictamen con algunas modificaciones.<\/h3>\n<h3>En tanto el Concejal Hugo Rossi fundament\u00f3 el no acompa\u00f1amiento del proyecto de ordenanza.<\/h3>\n<h3>La Edil Lucrecia Soria acompa\u00f1\u00f3 el proyecto y reflexion\u00f3\u00a0 sobre un contexto\u00a0 de una situaci\u00f3n socioecon\u00f3mica que atraviesa la sociedad\u00a0 a nivel pa\u00eds; E hizo \u00e9nfasis en que\u00a0 el pago de los impuestos pasa por una cuesti\u00f3n de actitud y\u00a0 de sentido com\u00fan.\u00a0 El despacho fue aprobado por mayor\u00eda con la modificaci\u00f3n realizada.<\/h3>\n<h3>El Expte. N\u00b0 21790-o\/23- Expediente Interno N\u00b0 11801-2023- Departamento Ejecutivo Municipal- Proyecto de Ordenanza referido a Presupuesto General de Gastos y C\u00e1lculos de Recursos, correspondiente al ejercicio 2024, perteneciente a la Administraci\u00f3n Municipal, el Concejal Marcelo Periale ley\u00f3 el dictamen.<\/h3>\n<h3>Por otro lado, el Concejal Luis Zapata solicit\u00f3 que la votaci\u00f3n se realice de forma nominal, a\u00a0 los efectos\u00a0 de debatir en los despachos de otras comisiones\u00a0 que est\u00e1n relacionadas\u00a0 directamente con el presupuesto tratado en\u00a0 el d\u00eda de la fecha.<\/h3>\n<h3>El Concejal Hugo Rossi argument\u00f3 y disinti\u00f3 totalmente con el presupuesto presentado por el DEM, oportunidad en que solicit\u00f3 la votaci\u00f3n se haga de forma nominal.<\/h3>\n<h3>La Concejal Lucrecia Soria verti\u00f3 sus observaciones sobre el presupuesto, quien adem\u00e1s propuso una modificaci\u00f3n en alguno de su articulado.<\/h3>\n<h3>Por el cual el despacho cont\u00f3 con la aprobaci\u00f3n por mayor\u00eda.<\/h3>\n<h3>El Expte. N\u00b0 21791-o\/23- Expediente Interno N\u00b0 898-2023- Departamento Ejecutivo Municipal- Obras Sanitarias Mercedes Proyecto de Ordenanza referido a Ordenanza Impositiva Anual, correspondiente al ejercicio 2024, perteneciente a la Empresa Obras Sanitarias Mercedes, el Concejal Marcelo Periale ley\u00f3 el dictamen con las modificaciones apuntadas.<\/h3>\n<h3>El Edil Hugo Rossi enumer\u00f3 las distintas falencias que tiene la empresa OSM y admiti\u00f3 que durante esta gesti\u00f3n no se haya realizado ninguna\u00a0 mejora de en la prestaci\u00f3n de servicio.<\/h3>\n<h3>El mencionado\u00a0 proyecto de la Impositiva de OSM fue aprobado por mayor\u00eda.<\/h3>\n<h3>El Expte. N\u00b0 21792-o\/23- Expediente Interno N\u00b0 899-2023- Departamento Ejecutivo Municipal- Obras Sanitarias Mercedes- Proyecto de Ordenanza- referido a Presupuesto General de Gastos y C\u00e1lculos de Recursos, correspondiente al ejercicio 2024, perteneciente a la Empresa Obras Sanitarias Mercedes, argumentado por el Concejal Marcelo Periale y aprobado por mayor\u00eda.<\/h3>\n<h3><strong>OBRAS Y SERVICIOS P\u00daBLICOS<\/strong><\/h3>\n<h3>Los Exptes. N\u00b0 20651-c\/22 y N\u00b0 21005-c\/22 Proyecto de Comunicaci\u00f3n referido a solicitar al Departamento Ejecutivo Municipal analice la factibilidad de proceder a la apertura de calle proyectada al margen sur del canal de la D\u00e1rsena en el tramo comprendido entre Avenida Pte. Juan Domingo Per\u00f3n y Leandro N. Alem y apertura de calle Lisandro de la Torre, en el tramo comprendido entre calles Guido y Amaro Gal\u00e1n, argumentado por el Concejal Hugo Rossi y aprobado por unanimidad.<\/h3>\n<h3>El Expte. N\u00b0 21580-c\/23 Proyecto de Comunicaci\u00f3n referido a solicitar al Departamento Ejecutivo Municipal, proceda al reacondicionamiento en intersecci\u00f3n de calles Tallaferro y Ardiles, en virtud de que, al tratarse de una calle de tierra, se inunda cada vez que llueve, de s\u00edmil manera que el despacho anterior cont\u00f3 con la aprobaci\u00f3n de forma un\u00e1nime.<\/h3>\n<h3>El Expte. N\u00b0 21919-i\/23 Departamento Ejecutivo Municipal- Expte. Interno N\u00b0 8777- 2023 referido a respuesta a Comunicaci\u00f3n N\u00b0 4488-c\/2023 sobre solicitud de estudio t\u00e9cnico para determinar las causas del hundimiento del adoquinado de calle Pedernera, entre Jun\u00edn y Pescadores, del CCCA, remisi\u00f3n al HCD e inmediata reparaci\u00f3n. (Archivo) El Edil Rossi ley\u00f3 el dictamen y previa a la aprobaci\u00f3n por unanimidad, la Concejal Lucrecia Soria solicit\u00f3 que se vea nuevamente ese trabajo porque hay indicios de nuevas roturas.<\/h3>\n<h3>El Expte. N\u00b0 21924-n\/23 Vecinos Miembros &#8220;Proyecto Ciudadano&#8221;- Nota 50\/23 referido a solicitar la construcci\u00f3n de una pasarela peatonal con rampa sobre nivel, en Ruta 2 B, a la altura del barrio 300 Viviendas, a efectos de poder cruzar sin riesgo al barrio La Ribera, argumentado por el Concejal Hugo Rossi y aprobado de forma un\u00e1nime.<\/h3>\n<h3><strong>OBRAS Y SERVICIOS P\u00daBLICOS &#8211; HACIENDA Y PRESUPUESTO<\/strong><\/h3>\n<h3>Los Exptes. N\u00b0 20383-o\/21 y N\u00b0 20483-o\/21 referidos a Tem\u00e1ticas varias. (Archivo) el Concejal Rossi ley\u00f3 el dictamen el cual fue aprobado por todo el cuerpo.<\/h3>\n<h3>OBRAS Y SERVICIOS P\u00daBLICOS &#8211; MOVILIDAD URBANA &#8211; ACCI\u00d3N SOCIAL, CULTURA Y EDUCACI\u00d3N<\/h3>\n<h3>El Expte. N\u00b0 20286-c\/21 Proyecto de Comunicaci\u00f3n referido a requerir al Ministerio\u00a0 de Justicia, Gobierno y Culto del gobierno provincial, disponga de un operativo\u00a0 m\u00f3vil de documentaci\u00f3n del Registro Civil y al Departamento Ejecutivo Municipal\u00a0 incorpore al Plan de Obras, conforme Convenio y Adenda firmado con el Gobierno\u00a0 de San Luis, asfaltado de calle Asia e instalaci\u00f3n de sistema cloaca con conexi\u00f3n a\u00a0 la red, como as\u00ed tambi\u00e9n regularizaci\u00f3n de frecuencias del Transporte Urbano de\u00a0 Pasajeros, en barrio identificado como 70 Viviendas. (Archivo), fundamentado por el Concejal Hugo Rossi el cual fue aprobado por unanimidad.<\/h3>\n<h3><strong>OBRAS Y SERVICIOS P\u00daBLICOS &#8211; ACCI\u00d3N SOCIAL, CULTURA Y EDUCACI\u00d3N<\/strong><\/h3>\n<h3>El Expte. N\u00b0 20370-o\/21 Proyecto de Ordenanza referido a Instar al Departamento Ejecutivo Municipal a dar cumplimiento a las disposiciones establecidas por Ordenanza N\u00b0 215-HyP\/0\/2008, a trav\u00e9s de la cual se design\u00f3 &#8220;Plazoleta de la Memoria, la Democracia y el Pueblo Argentino&#8221; a parcela ubicada en el cuadrante de Avda. Aviador Origone; calle General Paz; Avda. Mitre y v\u00edas del ferrocarril y se dispuso la construcci\u00f3n de un monumento en forma de pir\u00e1mide. (Archivo), el Concejal Rossi dio lectura al dictamen, donde el mismo fue aprobado de forma un\u00e1nime.<\/h3>\n<h3><strong>OBRAS Y SERVICIOS P\u00daBLICOS &#8211; ECOLOG\u00cdA, MEDIO AMBIENTE E HIGIENE<\/strong><\/h3>\n<h3>El Expte. N\u00b0 20427-o\/21 Proyecto de Ordenanza referido a Creaci\u00f3n de Programa Municipal &#8220;Terrazas Verdes&#8221; tendiente al acceso a beneficios y oportunidades constructivas y registros de edificaciones incorporadas al mismo. (Archivo), el Concejal Hugo ley\u00f3 el dictamen el cual tuvo la aprobaci\u00f3n por mayor\u00eda.<\/h3>\n<h3><strong>ACCI\u00d3N SOCIAL, CULTURA Y EDUCACI\u00d3N<\/strong><\/h3>\n<h3>El Expte. N\u00b0 21846-d\/23 Proyecto de Declaraci\u00f3n referido a El Honorable Concejo Deliberante entrega Reconocimiento al M\u00e9rito Empresario en la ciudad de Villa Mercedes, a la pujante empresa \u201cMawan Aromas&#8221; con distinci\u00f3n a la T\u00e9cnica Qu\u00edmica Industrial Karina Rondoletto por su esfuerzo, talento e innovaci\u00f3n empresarial, fundamentado por la Concejal Gabriela L\u00f3pez y aprobado por el cuerpo.<\/h3>\n<h3>El Expte. N\u00b0 21904-d\/23 Proyecto de Declaraci\u00f3n referido a El Honorable Concejo Deliberante Reconoce y Distingue al joven \u00c1lvaro Matricardi, por su destacada trayectoria en la disciplina de levantamiento de pesas, siendo el primer villamercedino en conseguir la medalla de oro en los Juegos Evita 2023, el despacho en cuesti\u00f3n fue fundamentado por la Concejal Gabriela L\u00f3pez y cont\u00f3 con la aprobaci\u00f3n por unanimidad.<\/h3>\n<h3><strong>MOVILIDAD URBANA<\/strong><\/h3>\n<h3>El Expte. N\u00b0 21828-i\/23- Departamento Ejecutivo Municipal- Expte. Interno N\u00b0 11589-2023 referido a Respuesta a Comunicaci\u00f3n N\u00b0 4509-c\/2023 sobre solicitud de correcta sincronizaci\u00f3n &#8220;Onda Verde&#8221;, de los sem\u00e1foros ubicados en Avenida Pringles, en el tramo comprendido entre calles Amaro Gal\u00e1n y Pedernera. (Archivo), el Concejal Jorge Rosales argument\u00f3 el despacho el cual fue aprobado por unanimidad.<\/h3>\n<h3>El Expte. N\u00b0 21918-i\/23- Departamento Ejecutivo Municipal- Expte. Interno N\u00b0 8140- 2023 referido a respuesta a Comunicaci\u00f3n N\u00b0 4486-c\/2023 sobre solicitud de colocaci\u00f3n de reductor de velocidad en intersecci\u00f3n de calles Teniente Turrado y Lamadrid.\u00a0 (Archivo), el siguiente despacho fue le\u00eddo por el Edil Rosales y aprobado de forma un\u00e1nime.<\/h3>\n<h3>El Expte. N\u00b0 21930-i\/23- Departamento Ejecutivo Municipal- Expte. Interno N\u00b0 11588-2023 referido a respuesta a Comunicaci\u00f3n N\u00b0 4508-c\/2023 sobre solicitud de medidas de seguridad preventivas de tr\u00e1nsito en intersecci\u00f3n de calles Espa\u00f1a y Balcarce. (Archivo) el Concejal Jorge Rosales fundament\u00f3 el mismo el cual cont\u00f3 con su aprobaci\u00f3n de todo el cuerpo.<\/h3>\n<h3><strong>MOVILIDAD URBANA &#8211; HACIENDA Y PRESUPUESTO<\/strong><\/h3>\n<h3>El Expte. N\u00b0 21936-o\/23- Departamento Ejecutivo Municipal- Expte. Interno N\u00b0 14332-2023 Proyecto de Ordenanza referido a Declarar la Emergencia en la prestaci\u00f3n del Servicio de Transporte Urbano de Pasajero de la ciudad de Villa Mercedes, en el periodo comprendido entre el 01 de enero al 31 de diciembre de 2024, el mismo fue argumentado por los Ediles Jorge Rosales y Lucrecia Soria quien esta \u00faltima\u00a0 propuso\u00a0 modificaciones en la mencionada ordenanza.<\/h3>\n<h3>En tanto el Concejal Hugo Rossi verti\u00f3 su observaci\u00f3n y fundament\u00f3 el acompa\u00f1amiento de este proyecto por ser un servicio esencial y social y resalt\u00f3 el enorme esfuerzo que se hace para mantener el transporte de pasajeros.<\/h3>\n<h3>El Concejal Luis Zapata celebr\u00f3 el acompa\u00f1amiento de este verdadero acto de justicia social, como tambi\u00e9n critic\u00f3 la ambig\u00fcedad que existe en el Edil Rossi a la hora de votar y en este caso del transporte p\u00fablico de pasajeros.<\/h3>\n<h3>El mismo fue aprobado por unanimidad.<\/h3>\n","protected":false},"excerpt":{"rendered":"<p>Por mayor\u00eda, el Concejo Deliberante de Villa Mercedes tambi\u00e9n dio tratamiento y aprobaci\u00f3n a las&#8230;<\/p>\n","protected":false},"author":1,"featured_media":6866,"comment_status":"closed","ping_status":"closed","sticky":false,"template":"","format":"standard","meta":{"footnotes":""},"categories":[6],"tags":[],"class_list":["post-6865","post","type-post","status-publish","format-standard","has-post-thumbnail","hentry","category-ciudad-provincia"],"yoast_head":"<!-- This site is optimized with the Yoast SEO plugin v26.1.1 - https:\/\/yoast.com\/wordpress\/plugins\/seo\/ -->\n<title>EL CONCEJO DELIBERANTE APROB\u00d3 LOS PRESUPUESTOS DEL MUNICIPIO Y DE OSM - Apuntes de San Luis<\/title>\n<meta name=\"robots\" content=\"index, follow, max-snippet:-1, max-image-preview:large, max-video-preview:-1\" \/>\n<link rel=\"canonical\" href=\"https:\/\/apuntesdesanluis.com\/index.php\/2023\/11\/15\/el-concejo-deliberante-aprobo-los-presupuestos-del-municipio-y-de-osm\/\" \/>\n<meta property=\"og:locale\" content=\"es_ES\" \/>\n<meta property=\"og:type\" content=\"article\" \/>\n<meta property=\"og:title\" content=\"EL CONCEJO DELIBERANTE APROB\u00d3 LOS PRESUPUESTOS DEL MUNICIPIO Y DE OSM - Apuntes de San Luis\" \/>\n<meta property=\"og:description\" content=\"Por mayor\u00eda, el Concejo Deliberante de Villa Mercedes tambi\u00e9n dio tratamiento y aprobaci\u00f3n a las...\" \/>\n<meta property=\"og:url\" content=\"https:\/\/apuntesdesanluis.com\/index.php\/2023\/11\/15\/el-concejo-deliberante-aprobo-los-presupuestos-del-municipio-y-de-osm\/\" \/>\n<meta property=\"og:site_name\" content=\"Apuntes de San Luis\" \/>\n<meta property=\"article:published_time\" content=\"2023-11-15T03:25:56+00:00\" \/>\n<meta property=\"og:image\" content=\"https:\/\/apuntesdesanluis.com\/wp-content\/uploads\/2023\/11\/SESION.png\" \/>\n\t<meta property=\"og:image:width\" content=\"600\" \/>\n\t<meta property=\"og:image:height\" content=\"306\" \/>\n\t<meta property=\"og:image:type\" content=\"image\/png\" \/>\n<meta name=\"author\" content=\"apuntesdesanluis.com\" \/>\n<meta name=\"twitter:card\" content=\"summary_large_image\" \/>\n<meta name=\"twitter:label1\" content=\"Escrito por\" \/>\n\t<meta name=\"twitter:data1\" content=\"apuntesdesanluis.com\" \/>\n\t<meta name=\"twitter:label2\" content=\"Tiempo de lectura\" \/>\n\t<meta name=\"twitter:data2\" content=\"8 minutos\" \/>\n<script type=\"application\/ld+json\" class=\"yoast-schema-graph\">{\"@context\":\"https:\/\/schema.org\",\"@graph\":[{\"@type\":\"Article\",\"@id\":\"https:\/\/apuntesdesanluis.com\/index.php\/2023\/11\/15\/el-concejo-deliberante-aprobo-los-presupuestos-del-municipio-y-de-osm\/#article\",\"isPartOf\":{\"@id\":\"https:\/\/apuntesdesanluis.com\/index.php\/2023\/11\/15\/el-concejo-deliberante-aprobo-los-presupuestos-del-municipio-y-de-osm\/\"},\"author\":{\"name\":\"apuntesdesanluis.com\",\"@id\":\"https:\/\/apuntesdesanluis.com\/#\/schema\/person\/b55151d52296fcce64d1a72538a70b90\"},\"headline\":\"EL CONCEJO DELIBERANTE APROB\u00d3 LOS PRESUPUESTOS DEL MUNICIPIO Y DE OSM\",\"datePublished\":\"2023-11-15T03:25:56+00:00\",\"mainEntityOfPage\":{\"@id\":\"https:\/\/apuntesdesanluis.com\/index.php\/2023\/11\/15\/el-concejo-deliberante-aprobo-los-presupuestos-del-municipio-y-de-osm\/\"},\"wordCount\":1696,\"publisher\":{\"@id\":\"https:\/\/apuntesdesanluis.com\/#\/schema\/person\/b55151d52296fcce64d1a72538a70b90\"},\"image\":{\"@id\":\"https:\/\/apuntesdesanluis.com\/index.php\/2023\/11\/15\/el-concejo-deliberante-aprobo-los-presupuestos-del-municipio-y-de-osm\/#primaryimage\"},\"thumbnailUrl\":\"https:\/\/apuntesdesanluis.com\/wp-content\/uploads\/2023\/11\/SESION.png\",\"articleSection\":[\"Ciudad\/Provincia\"],\"inLanguage\":\"es-AR\"},{\"@type\":\"WebPage\",\"@id\":\"https:\/\/apuntesdesanluis.com\/index.php\/2023\/11\/15\/el-concejo-deliberante-aprobo-los-presupuestos-del-municipio-y-de-osm\/\",\"url\":\"https:\/\/apuntesdesanluis.com\/index.php\/2023\/11\/15\/el-concejo-deliberante-aprobo-los-presupuestos-del-municipio-y-de-osm\/\",\"name\":\"EL CONCEJO DELIBERANTE APROB\u00d3 LOS PRESUPUESTOS DEL MUNICIPIO Y DE OSM - Apuntes de San Luis\",\"isPartOf\":{\"@id\":\"https:\/\/apuntesdesanluis.com\/#website\"},\"primaryImageOfPage\":{\"@id\":\"https:\/\/apuntesdesanluis.com\/index.php\/2023\/11\/15\/el-concejo-deliberante-aprobo-los-presupuestos-del-municipio-y-de-osm\/#primaryimage\"},\"image\":{\"@id\":\"https:\/\/apuntesdesanluis.com\/index.php\/2023\/11\/15\/el-concejo-deliberante-aprobo-los-presupuestos-del-municipio-y-de-osm\/#primaryimage\"},\"thumbnailUrl\":\"https:\/\/apuntesdesanluis.com\/wp-content\/uploads\/2023\/11\/SESION.png\",\"datePublished\":\"2023-11-15T03:25:56+00:00\",\"breadcrumb\":{\"@id\":\"https:\/\/apuntesdesanluis.com\/index.php\/2023\/11\/15\/el-concejo-deliberante-aprobo-los-presupuestos-del-municipio-y-de-osm\/#breadcrumb\"},\"inLanguage\":\"es-AR\",\"potentialAction\":[{\"@type\":\"ReadAction\",\"target\":[\"https:\/\/apuntesdesanluis.com\/index.php\/2023\/11\/15\/el-concejo-deliberante-aprobo-los-presupuestos-del-municipio-y-de-osm\/\"]}]},{\"@type\":\"ImageObject\",\"inLanguage\":\"es-AR\",\"@id\":\"https:\/\/apuntesdesanluis.com\/index.php\/2023\/11\/15\/el-concejo-deliberante-aprobo-los-presupuestos-del-municipio-y-de-osm\/#primaryimage\",\"url\":\"https:\/\/apuntesdesanluis.com\/wp-content\/uploads\/2023\/11\/SESION.png\",\"contentUrl\":\"https:\/\/apuntesdesanluis.com\/wp-content\/uploads\/2023\/11\/SESION.png\",\"width\":600,\"height\":306},{\"@type\":\"BreadcrumbList\",\"@id\":\"https:\/\/apuntesdesanluis.com\/index.php\/2023\/11\/15\/el-concejo-deliberante-aprobo-los-presupuestos-del-municipio-y-de-osm\/#breadcrumb\",\"itemListElement\":[{\"@type\":\"ListItem\",\"position\":1,\"name\":\"Inicio\",\"item\":\"https:\/\/apuntesdesanluis.com\/\"},{\"@type\":\"ListItem\",\"position\":2,\"name\":\"EL CONCEJO DELIBERANTE APROB\u00d3 LOS PRESUPUESTOS DEL MUNICIPIO Y DE OSM\"}]},{\"@type\":\"WebSite\",\"@id\":\"https:\/\/apuntesdesanluis.com\/#website\",\"url\":\"https:\/\/apuntesdesanluis.com\/\",\"name\":\"Apuntes de San Luis\",\"description\":\"\",\"publisher\":{\"@id\":\"https:\/\/apuntesdesanluis.com\/#\/schema\/person\/b55151d52296fcce64d1a72538a70b90\"},\"potentialAction\":[{\"@type\":\"SearchAction\",\"target\":{\"@type\":\"EntryPoint\",\"urlTemplate\":\"https:\/\/apuntesdesanluis.com\/?s={search_term_string}\"},\"query-input\":{\"@type\":\"PropertyValueSpecification\",\"valueRequired\":true,\"valueName\":\"search_term_string\"}}],\"inLanguage\":\"es-AR\"},{\"@type\":[\"Person\",\"Organization\"],\"@id\":\"https:\/\/apuntesdesanluis.com\/#\/schema\/person\/b55151d52296fcce64d1a72538a70b90\",\"name\":\"apuntesdesanluis.com\",\"image\":{\"@type\":\"ImageObject\",\"inLanguage\":\"es-AR\",\"@id\":\"https:\/\/apuntesdesanluis.com\/#\/schema\/person\/image\/\",\"url\":\"https:\/\/apuntesdesanluis.com\/wp-content\/uploads\/2023\/07\/cropped-apuntesdesanluis.png\",\"contentUrl\":\"https:\/\/apuntesdesanluis.com\/wp-content\/uploads\/2023\/07\/cropped-apuntesdesanluis.png\",\"width\":450,\"height\":112,\"caption\":\"apuntesdesanluis.com\"},\"logo\":{\"@id\":\"https:\/\/apuntesdesanluis.com\/#\/schema\/person\/image\/\"},\"sameAs\":[\"https:\/\/apuntesdesanluis.com\"],\"url\":\"https:\/\/apuntesdesanluis.com\/index.php\/author\/apuntesdesanluis-com\/\"}]}<\/script>\n<!-- \/ Yoast SEO plugin. -->","yoast_head_json":{"title":"EL CONCEJO DELIBERANTE APROB\u00d3 LOS PRESUPUESTOS DEL MUNICIPIO Y DE OSM - Apuntes de San Luis","robots":{"index":"index","follow":"follow","max-snippet":"max-snippet:-1","max-image-preview":"max-image-preview:large","max-video-preview":"max-video-preview:-1"},"canonical":"https:\/\/apuntesdesanluis.com\/index.php\/2023\/11\/15\/el-concejo-deliberante-aprobo-los-presupuestos-del-municipio-y-de-osm\/","og_locale":"es_ES","og_type":"article","og_title":"EL CONCEJO DELIBERANTE APROB\u00d3 LOS PRESUPUESTOS DEL MUNICIPIO Y DE OSM - Apuntes de San Luis","og_description":"Por mayor\u00eda, el Concejo Deliberante de Villa Mercedes tambi\u00e9n dio tratamiento y aprobaci\u00f3n a las...","og_url":"https:\/\/apuntesdesanluis.com\/index.php\/2023\/11\/15\/el-concejo-deliberante-aprobo-los-presupuestos-del-municipio-y-de-osm\/","og_site_name":"Apuntes de San Luis","article_published_time":"2023-11-15T03:25:56+00:00","og_image":[{"width":600,"height":306,"url":"https:\/\/apuntesdesanluis.com\/wp-content\/uploads\/2023\/11\/SESION.png","type":"image\/png"}],"author":"apuntesdesanluis.com","twitter_card":"summary_large_image","twitter_misc":{"Escrito por":"apuntesdesanluis.com","Tiempo de lectura":"8 minutos"},"schema":{"@context":"https:\/\/schema.org","@graph":[{"@type":"Article","@id":"https:\/\/apuntesdesanluis.com\/index.php\/2023\/11\/15\/el-concejo-deliberante-aprobo-los-presupuestos-del-municipio-y-de-osm\/#article","isPartOf":{"@id":"https:\/\/apuntesdesanluis.com\/index.php\/2023\/11\/15\/el-concejo-deliberante-aprobo-los-presupuestos-del-municipio-y-de-osm\/"},"author":{"name":"apuntesdesanluis.com","@id":"https:\/\/apuntesdesanluis.com\/#\/schema\/person\/b55151d52296fcce64d1a72538a70b90"},"headline":"EL CONCEJO DELIBERANTE APROB\u00d3 LOS PRESUPUESTOS DEL MUNICIPIO Y DE OSM","datePublished":"2023-11-15T03:25:56+00:00","mainEntityOfPage":{"@id":"https:\/\/apuntesdesanluis.com\/index.php\/2023\/11\/15\/el-concejo-deliberante-aprobo-los-presupuestos-del-municipio-y-de-osm\/"},"wordCount":1696,"publisher":{"@id":"https:\/\/apuntesdesanluis.com\/#\/schema\/person\/b55151d52296fcce64d1a72538a70b90"},"image":{"@id":"https:\/\/apuntesdesanluis.com\/index.php\/2023\/11\/15\/el-concejo-deliberante-aprobo-los-presupuestos-del-municipio-y-de-osm\/#primaryimage"},"thumbnailUrl":"https:\/\/apuntesdesanluis.com\/wp-content\/uploads\/2023\/11\/SESION.png","articleSection":["Ciudad\/Provincia"],"inLanguage":"es-AR"},{"@type":"WebPage","@id":"https:\/\/apuntesdesanluis.com\/index.php\/2023\/11\/15\/el-concejo-deliberante-aprobo-los-presupuestos-del-municipio-y-de-osm\/","url":"https:\/\/apuntesdesanluis.com\/index.php\/2023\/11\/15\/el-concejo-deliberante-aprobo-los-presupuestos-del-municipio-y-de-osm\/","name":"EL CONCEJO DELIBERANTE APROB\u00d3 LOS PRESUPUESTOS DEL MUNICIPIO Y DE OSM - Apuntes de San Luis","isPartOf":{"@id":"https:\/\/apuntesdesanluis.com\/#website"},"primaryImageOfPage":{"@id":"https:\/\/apuntesdesanluis.com\/index.php\/2023\/11\/15\/el-concejo-deliberante-aprobo-los-presupuestos-del-municipio-y-de-osm\/#primaryimage"},"image":{"@id":"https:\/\/apuntesdesanluis.com\/index.php\/2023\/11\/15\/el-concejo-deliberante-aprobo-los-presupuestos-del-municipio-y-de-osm\/#primaryimage"},"thumbnailUrl":"https:\/\/apuntesdesanluis.com\/wp-content\/uploads\/2023\/11\/SESION.png","datePublished":"2023-11-15T03:25:56+00:00","breadcrumb":{"@id":"https:\/\/apuntesdesanluis.com\/index.php\/2023\/11\/15\/el-concejo-deliberante-aprobo-los-presupuestos-del-municipio-y-de-osm\/#breadcrumb"},"inLanguage":"es-AR","potentialAction":[{"@type":"ReadAction","target":["https:\/\/apuntesdesanluis.com\/index.php\/2023\/11\/15\/el-concejo-deliberante-aprobo-los-presupuestos-del-municipio-y-de-osm\/"]}]},{"@type":"ImageObject","inLanguage":"es-AR","@id":"https:\/\/apuntesdesanluis.com\/index.php\/2023\/11\/15\/el-concejo-deliberante-aprobo-los-presupuestos-del-municipio-y-de-osm\/#primaryimage","url":"https:\/\/apuntesdesanluis.com\/wp-content\/uploads\/2023\/11\/SESION.png","contentUrl":"https:\/\/apuntesdesanluis.com\/wp-content\/uploads\/2023\/11\/SESION.png","width":600,"height":306},{"@type":"BreadcrumbList","@id":"https:\/\/apuntesdesanluis.com\/index.php\/2023\/11\/15\/el-concejo-deliberante-aprobo-los-presupuestos-del-municipio-y-de-osm\/#breadcrumb","itemListElement":[{"@type":"ListItem","position":1,"name":"Inicio","item":"https:\/\/apuntesdesanluis.com\/"},{"@type":"ListItem","position":2,"name":"EL CONCEJO DELIBERANTE APROB\u00d3 LOS PRESUPUESTOS DEL MUNICIPIO Y DE OSM"}]},{"@type":"WebSite","@id":"https:\/\/apuntesdesanluis.com\/#website","url":"https:\/\/apuntesdesanluis.com\/","name":"Apuntes de San Luis","description":"","publisher":{"@id":"https:\/\/apuntesdesanluis.com\/#\/schema\/person\/b55151d52296fcce64d1a72538a70b90"},"potentialAction":[{"@type":"SearchAction","target":{"@type":"EntryPoint","urlTemplate":"https:\/\/apuntesdesanluis.com\/?s={search_term_string}"},"query-input":{"@type":"PropertyValueSpecification","valueRequired":true,"valueName":"search_term_string"}}],"inLanguage":"es-AR"},{"@type":["Person","Organization"],"@id":"https:\/\/apuntesdesanluis.com\/#\/schema\/person\/b55151d52296fcce64d1a72538a70b90","name":"apuntesdesanluis.com","image":{"@type":"ImageObject","inLanguage":"es-AR","@id":"https:\/\/apuntesdesanluis.com\/#\/schema\/person\/image\/","url":"https:\/\/apuntesdesanluis.com\/wp-content\/uploads\/2023\/07\/cropped-apuntesdesanluis.png","contentUrl":"https:\/\/apuntesdesanluis.com\/wp-content\/uploads\/2023\/07\/cropped-apuntesdesanluis.png","width":450,"height":112,"caption":"apuntesdesanluis.com"},"logo":{"@id":"https:\/\/apuntesdesanluis.com\/#\/schema\/person\/image\/"},"sameAs":["https:\/\/apuntesdesanluis.com"],"url":"https:\/\/apuntesdesanluis.com\/index.php\/author\/apuntesdesanluis-com\/"}]}},"featured_image_urls":{"full":["https:\/\/apuntesdesanluis.com\/wp-content\/uploads\/2023\/11\/SESION.png",600,306,false],"thumbnail":["https:\/\/apuntesdesanluis.com\/wp-content\/uploads\/2023\/11\/SESION-150x150.png",150,150,true],"medium":["https:\/\/apuntesdesanluis.com\/wp-content\/uploads\/2023\/11\/SESION-300x153.png",300,153,true],"medium_large":["https:\/\/apuntesdesanluis.com\/wp-content\/uploads\/2023\/11\/SESION.png",600,306,false],"large":["https:\/\/apuntesdesanluis.com\/wp-content\/uploads\/2023\/11\/SESION.png",600,306,false],"1536x1536":["https:\/\/apuntesdesanluis.com\/wp-content\/uploads\/2023\/11\/SESION.png",600,306,false],"2048x2048":["https:\/\/apuntesdesanluis.com\/wp-content\/uploads\/2023\/11\/SESION.png",600,306,false],"newsever-slider-full":["https:\/\/apuntesdesanluis.com\/wp-content\/uploads\/2023\/11\/SESION.png",600,306,false],"newsever-featured":["https:\/\/apuntesdesanluis.com\/wp-content\/uploads\/2023\/11\/SESION.png",600,306,false],"newsever-medium":["https:\/\/apuntesdesanluis.com\/wp-content\/uploads\/2023\/11\/SESION.png",600,306,false]},"author_info":{"display_name":"apuntesdesanluis.com","author_link":"https:\/\/apuntesdesanluis.com\/index.php\/author\/apuntesdesanluis-com\/"},"category_info":"<a href=\"https:\/\/apuntesdesanluis.com\/index.php\/category\/ciudad-provincia\/\" rel=\"category tag\">Ciudad\/Provincia<\/a>","tag_info":"Ciudad\/Provincia","comment_count":"0","_links":{"self":[{"href":"https:\/\/apuntesdesanluis.com\/index.php\/wp-json\/wp\/v2\/posts\/6865","targetHints":{"allow":["GET"]}}],"collection":[{"href":"https:\/\/apuntesdesanluis.com\/index.php\/wp-json\/wp\/v2\/posts"}],"about":[{"href":"https:\/\/apuntesdesanluis.com\/index.php\/wp-json\/wp\/v2\/types\/post"}],"author":[{"embeddable":true,"href":"https:\/\/apuntesdesanluis.com\/index.php\/wp-json\/wp\/v2\/users\/1"}],"replies":[{"embeddable":true,"href":"https:\/\/apuntesdesanluis.com\/index.php\/wp-json\/wp\/v2\/comments?post=6865"}],"version-history":[{"count":1,"href":"https:\/\/apuntesdesanluis.com\/index.php\/wp-json\/wp\/v2\/posts\/6865\/revisions"}],"predecessor-version":[{"id":6867,"href":"https:\/\/apuntesdesanluis.com\/index.php\/wp-json\/wp\/v2\/posts\/6865\/revisions\/6867"}],"wp:featuredmedia":[{"embeddable":true,"href":"https:\/\/apuntesdesanluis.com\/index.php\/wp-json\/wp\/v2\/media\/6866"}],"wp:attachment":[{"href":"https:\/\/apuntesdesanluis.com\/index.php\/wp-json\/wp\/v2\/media?parent=6865"}],"wp:term":[{"taxonomy":"category","embeddable":true,"href":"https:\/\/apuntesdesanluis.com\/index.php\/wp-json\/wp\/v2\/categories?post=6865"},{"taxonomy":"post_tag","embeddable":true,"href":"https:\/\/apuntesdesanluis.com\/index.php\/wp-json\/wp\/v2\/tags?post=6865"}],"curies":[{"name":"wp","href":"https:\/\/api.w.org\/{rel}","templated":true}]}}