{"id":6868,"date":"2023-11-14T21:33:50","date_gmt":"2023-11-15T00:33:50","guid":{"rendered":"https:\/\/apuntesdesanluis.com\/?p=6868"},"modified":"2023-11-15T00:41:43","modified_gmt":"2023-11-15T03:41:43","slug":"en-el-tramo-final-de-la-puesta-en-valor-de-avenida-25-de-mayo-el-intendente-recorrio-la-obra","status":"publish","type":"post","link":"https:\/\/apuntesdesanluis.com\/index.php\/2023\/11\/14\/en-el-tramo-final-de-la-puesta-en-valor-de-avenida-25-de-mayo-el-intendente-recorrio-la-obra\/","title":{"rendered":"EN EL TRAMO FINAL DE LA PUESTA EN VALOR DE AVENIDA 25 DE MAYO, EL INTENDENTE RECORRI\u00d3 LA OBRA"},"content":{"rendered":"<h3>Este martes por la ma\u00f1ana el intendente <strong>Maximiliano Frontera<\/strong> encabez\u00f3 el recorrido de obra que realiz\u00f3 junto con el equipo de Inspecci\u00f3n de San Luis, integrantes de Obras P\u00fablicas y el Administrador de Obras Sanitarias, Arq. <strong>Sebasti\u00e1n Estrada<\/strong>.<\/h3>\n<h3>La transformaci\u00f3n de esta arteria principal ya es un hecho y se encuentra en su \u00faltima etapa, que consiste en ajustar detalles. A\u00fan restan realizar trabajos de demarcaci\u00f3n y la instalaci\u00f3n de una bomba de riego que brindar\u00e1 el servicio a las plazas que se ubican frente a la Terminal de \u00d3mnibus.<\/h3>\n<h3>En l\u00edneas generales, la ejecuci\u00f3n incluy\u00f3 la repavimentaci\u00f3n completa de la avenida desde el puente 25 de Mayo hasta la rotonda del Bicentenario que tambi\u00e9n fue mejorada. Se reconstruyeron y mejoraron los tres espacios verdes que se encuentran en esa zona y se cre\u00f3 uno nuevo.<\/h3>\n<p><img fetchpriority=\"high\" decoding=\"async\" class=\"wp-image-6870 aligncenter\" src=\"https:\/\/apuntesdesanluis.com\/wp-content\/uploads\/2023\/11\/AVENIDA-25-DE-MAYO-300x176.png\" alt=\"\" width=\"743\" height=\"436\" srcset=\"https:\/\/apuntesdesanluis.com\/wp-content\/uploads\/2023\/11\/AVENIDA-25-DE-MAYO-300x176.png 300w, https:\/\/apuntesdesanluis.com\/wp-content\/uploads\/2023\/11\/AVENIDA-25-DE-MAYO.png 600w\" sizes=\"(max-width: 743px) 100vw, 743px\" \/><\/p>\n<h3>Adem\u00e1s, la concreci\u00f3n del acueducto que atraviesa la avenida 25 de Mayo y que ofrecer\u00e1 un mejor servicio a cientos de vecinos y vecinas.<\/h3>\n<h3>Otro de los trabajos es el desag\u00fce pluvial que se sum\u00f3 en el sector de la avenida Origone\/Hilario Cuadros, que se hizo \u00edntegramente desde el Municipio y que evitar\u00e1 inundaciones en la zona.<\/h3>\n<h3>El jefe comunal durante la recorrida dialog\u00f3 con los medios de prensa y respondi\u00f3 distintas consultas.<\/h3>\n<div style=\"width: 640px;\" class=\"wp-video\"><!--[if lt IE 9]><script>document.createElement('video');<\/script><![endif]-->\n<video class=\"wp-video-shortcode\" id=\"video-6868-1\" width=\"640\" height=\"360\" preload=\"metadata\" controls=\"controls\"><source type=\"video\/mp4\" src=\"https:\/\/apuntesdesanluis.com\/wp-content\/uploads\/2023\/11\/10000000_1191832741734463_2182314524882096740_n.mp4?_=1\" \/><a href=\"https:\/\/apuntesdesanluis.com\/wp-content\/uploads\/2023\/11\/10000000_1191832741734463_2182314524882096740_n.mp4\">https:\/\/apuntesdesanluis.com\/wp-content\/uploads\/2023\/11\/10000000_1191832741734463_2182314524882096740_n.mp4<\/a><\/video><\/div>\n<p>&nbsp;<\/p>\n","protected":false},"excerpt":{"rendered":"<p>Este martes por la ma\u00f1ana el intendente Maximiliano Frontera encabez\u00f3 el recorrido de obra que&#8230;<\/p>\n","protected":false},"author":1,"featured_media":6869,"comment_status":"closed","ping_status":"closed","sticky":false,"template":"","format":"standard","meta":{"footnotes":""},"categories":[6],"tags":[],"class_list":["post-6868","post","type-post","status-publish","format-standard","has-post-thumbnail","hentry","category-ciudad-provincia"],"yoast_head":"<!-- This site is optimized with the Yoast SEO plugin v26.1.1 - https:\/\/yoast.com\/wordpress\/plugins\/seo\/ -->\n<title>EN EL TRAMO FINAL DE LA PUESTA EN VALOR DE AVENIDA 25 DE MAYO, EL INTENDENTE RECORRI\u00d3 LA OBRA - Apuntes de San Luis<\/title>\n<meta name=\"robots\" content=\"index, follow, max-snippet:-1, max-image-preview:large, max-video-preview:-1\" \/>\n<link rel=\"canonical\" href=\"https:\/\/apuntesdesanluis.com\/index.php\/2023\/11\/14\/en-el-tramo-final-de-la-puesta-en-valor-de-avenida-25-de-mayo-el-intendente-recorrio-la-obra\/\" \/>\n<meta property=\"og:locale\" content=\"es_ES\" \/>\n<meta property=\"og:type\" content=\"article\" \/>\n<meta property=\"og:title\" content=\"EN EL TRAMO FINAL DE LA PUESTA EN VALOR DE AVENIDA 25 DE MAYO, EL INTENDENTE RECORRI\u00d3 LA OBRA - Apuntes de San Luis\" \/>\n<meta property=\"og:description\" content=\"Este martes por la ma\u00f1ana el intendente Maximiliano Frontera encabez\u00f3 el recorrido de obra que...\" \/>\n<meta property=\"og:url\" content=\"https:\/\/apuntesdesanluis.com\/index.php\/2023\/11\/14\/en-el-tramo-final-de-la-puesta-en-valor-de-avenida-25-de-mayo-el-intendente-recorrio-la-obra\/\" \/>\n<meta property=\"og:site_name\" content=\"Apuntes de San Luis\" \/>\n<meta property=\"article:published_time\" content=\"2023-11-15T00:33:50+00:00\" \/>\n<meta property=\"article:modified_time\" content=\"2023-11-15T03:41:43+00:00\" \/>\n<meta property=\"og:image\" content=\"https:\/\/apuntesdesanluis.com\/wp-content\/uploads\/2023\/11\/RECORRIDA.png\" \/>\n\t<meta property=\"og:image:width\" content=\"600\" \/>\n\t<meta property=\"og:image:height\" content=\"356\" \/>\n\t<meta property=\"og:image:type\" content=\"image\/png\" \/>\n<meta name=\"author\" content=\"apuntesdesanluis.com\" \/>\n<meta name=\"twitter:card\" content=\"summary_large_image\" \/>\n<meta name=\"twitter:label1\" content=\"Escrito por\" \/>\n\t<meta name=\"twitter:data1\" content=\"apuntesdesanluis.com\" \/>\n\t<meta name=\"twitter:label2\" content=\"Tiempo de lectura\" \/>\n\t<meta name=\"twitter:data2\" content=\"2 minutos\" \/>\n<script type=\"application\/ld+json\" class=\"yoast-schema-graph\">{\"@context\":\"https:\/\/schema.org\",\"@graph\":[{\"@type\":\"Article\",\"@id\":\"https:\/\/apuntesdesanluis.com\/index.php\/2023\/11\/14\/en-el-tramo-final-de-la-puesta-en-valor-de-avenida-25-de-mayo-el-intendente-recorrio-la-obra\/#article\",\"isPartOf\":{\"@id\":\"https:\/\/apuntesdesanluis.com\/index.php\/2023\/11\/14\/en-el-tramo-final-de-la-puesta-en-valor-de-avenida-25-de-mayo-el-intendente-recorrio-la-obra\/\"},\"author\":{\"name\":\"apuntesdesanluis.com\",\"@id\":\"https:\/\/apuntesdesanluis.com\/#\/schema\/person\/b55151d52296fcce64d1a72538a70b90\"},\"headline\":\"EN EL TRAMO FINAL DE LA PUESTA EN VALOR DE AVENIDA 25 DE MAYO, EL INTENDENTE RECORRI\u00d3 LA OBRA\",\"datePublished\":\"2023-11-15T00:33:50+00:00\",\"dateModified\":\"2023-11-15T03:41:43+00:00\",\"mainEntityOfPage\":{\"@id\":\"https:\/\/apuntesdesanluis.com\/index.php\/2023\/11\/14\/en-el-tramo-final-de-la-puesta-en-valor-de-avenida-25-de-mayo-el-intendente-recorrio-la-obra\/\"},\"wordCount\":254,\"publisher\":{\"@id\":\"https:\/\/apuntesdesanluis.com\/#\/schema\/person\/b55151d52296fcce64d1a72538a70b90\"},\"image\":{\"@id\":\"https:\/\/apuntesdesanluis.com\/index.php\/2023\/11\/14\/en-el-tramo-final-de-la-puesta-en-valor-de-avenida-25-de-mayo-el-intendente-recorrio-la-obra\/#primaryimage\"},\"thumbnailUrl\":\"https:\/\/apuntesdesanluis.com\/wp-content\/uploads\/2023\/11\/RECORRIDA.png\",\"articleSection\":[\"Ciudad\/Provincia\"],\"inLanguage\":\"es-AR\"},{\"@type\":\"WebPage\",\"@id\":\"https:\/\/apuntesdesanluis.com\/index.php\/2023\/11\/14\/en-el-tramo-final-de-la-puesta-en-valor-de-avenida-25-de-mayo-el-intendente-recorrio-la-obra\/\",\"url\":\"https:\/\/apuntesdesanluis.com\/index.php\/2023\/11\/14\/en-el-tramo-final-de-la-puesta-en-valor-de-avenida-25-de-mayo-el-intendente-recorrio-la-obra\/\",\"name\":\"EN EL TRAMO FINAL DE LA PUESTA EN VALOR DE AVENIDA 25 DE MAYO, EL INTENDENTE RECORRI\u00d3 LA OBRA - Apuntes de San Luis\",\"isPartOf\":{\"@id\":\"https:\/\/apuntesdesanluis.com\/#website\"},\"primaryImageOfPage\":{\"@id\":\"https:\/\/apuntesdesanluis.com\/index.php\/2023\/11\/14\/en-el-tramo-final-de-la-puesta-en-valor-de-avenida-25-de-mayo-el-intendente-recorrio-la-obra\/#primaryimage\"},\"image\":{\"@id\":\"https:\/\/apuntesdesanluis.com\/index.php\/2023\/11\/14\/en-el-tramo-final-de-la-puesta-en-valor-de-avenida-25-de-mayo-el-intendente-recorrio-la-obra\/#primaryimage\"},\"thumbnailUrl\":\"https:\/\/apuntesdesanluis.com\/wp-content\/uploads\/2023\/11\/RECORRIDA.png\",\"datePublished\":\"2023-11-15T00:33:50+00:00\",\"dateModified\":\"2023-11-15T03:41:43+00:00\",\"breadcrumb\":{\"@id\":\"https:\/\/apuntesdesanluis.com\/index.php\/2023\/11\/14\/en-el-tramo-final-de-la-puesta-en-valor-de-avenida-25-de-mayo-el-intendente-recorrio-la-obra\/#breadcrumb\"},\"inLanguage\":\"es-AR\",\"potentialAction\":[{\"@type\":\"ReadAction\",\"target\":[\"https:\/\/apuntesdesanluis.com\/index.php\/2023\/11\/14\/en-el-tramo-final-de-la-puesta-en-valor-de-avenida-25-de-mayo-el-intendente-recorrio-la-obra\/\"]}]},{\"@type\":\"ImageObject\",\"inLanguage\":\"es-AR\",\"@id\":\"https:\/\/apuntesdesanluis.com\/index.php\/2023\/11\/14\/en-el-tramo-final-de-la-puesta-en-valor-de-avenida-25-de-mayo-el-intendente-recorrio-la-obra\/#primaryimage\",\"url\":\"https:\/\/apuntesdesanluis.com\/wp-content\/uploads\/2023\/11\/RECORRIDA.png\",\"contentUrl\":\"https:\/\/apuntesdesanluis.com\/wp-content\/uploads\/2023\/11\/RECORRIDA.png\",\"width\":600,\"height\":356},{\"@type\":\"BreadcrumbList\",\"@id\":\"https:\/\/apuntesdesanluis.com\/index.php\/2023\/11\/14\/en-el-tramo-final-de-la-puesta-en-valor-de-avenida-25-de-mayo-el-intendente-recorrio-la-obra\/#breadcrumb\",\"itemListElement\":[{\"@type\":\"ListItem\",\"position\":1,\"name\":\"Inicio\",\"item\":\"https:\/\/apuntesdesanluis.com\/\"},{\"@type\":\"ListItem\",\"position\":2,\"name\":\"EN EL TRAMO FINAL DE LA PUESTA EN VALOR DE AVENIDA 25 DE MAYO, EL INTENDENTE RECORRI\u00d3 LA OBRA\"}]},{\"@type\":\"WebSite\",\"@id\":\"https:\/\/apuntesdesanluis.com\/#website\",\"url\":\"https:\/\/apuntesdesanluis.com\/\",\"name\":\"Apuntes de San Luis\",\"description\":\"\",\"publisher\":{\"@id\":\"https:\/\/apuntesdesanluis.com\/#\/schema\/person\/b55151d52296fcce64d1a72538a70b90\"},\"potentialAction\":[{\"@type\":\"SearchAction\",\"target\":{\"@type\":\"EntryPoint\",\"urlTemplate\":\"https:\/\/apuntesdesanluis.com\/?s={search_term_string}\"},\"query-input\":{\"@type\":\"PropertyValueSpecification\",\"valueRequired\":true,\"valueName\":\"search_term_string\"}}],\"inLanguage\":\"es-AR\"},{\"@type\":[\"Person\",\"Organization\"],\"@id\":\"https:\/\/apuntesdesanluis.com\/#\/schema\/person\/b55151d52296fcce64d1a72538a70b90\",\"name\":\"apuntesdesanluis.com\",\"image\":{\"@type\":\"ImageObject\",\"inLanguage\":\"es-AR\",\"@id\":\"https:\/\/apuntesdesanluis.com\/#\/schema\/person\/image\/\",\"url\":\"https:\/\/apuntesdesanluis.com\/wp-content\/uploads\/2023\/07\/cropped-apuntesdesanluis.png\",\"contentUrl\":\"https:\/\/apuntesdesanluis.com\/wp-content\/uploads\/2023\/07\/cropped-apuntesdesanluis.png\",\"width\":450,\"height\":112,\"caption\":\"apuntesdesanluis.com\"},\"logo\":{\"@id\":\"https:\/\/apuntesdesanluis.com\/#\/schema\/person\/image\/\"},\"sameAs\":[\"https:\/\/apuntesdesanluis.com\"],\"url\":\"https:\/\/apuntesdesanluis.com\/index.php\/author\/apuntesdesanluis-com\/\"}]}<\/script>\n<!-- \/ Yoast SEO plugin. -->","yoast_head_json":{"title":"EN EL TRAMO FINAL DE LA PUESTA EN VALOR DE AVENIDA 25 DE MAYO, EL INTENDENTE RECORRI\u00d3 LA OBRA - Apuntes de San Luis","robots":{"index":"index","follow":"follow","max-snippet":"max-snippet:-1","max-image-preview":"max-image-preview:large","max-video-preview":"max-video-preview:-1"},"canonical":"https:\/\/apuntesdesanluis.com\/index.php\/2023\/11\/14\/en-el-tramo-final-de-la-puesta-en-valor-de-avenida-25-de-mayo-el-intendente-recorrio-la-obra\/","og_locale":"es_ES","og_type":"article","og_title":"EN EL TRAMO FINAL DE LA PUESTA EN VALOR DE AVENIDA 25 DE MAYO, EL INTENDENTE RECORRI\u00d3 LA OBRA - Apuntes de San Luis","og_description":"Este martes por la ma\u00f1ana el intendente Maximiliano Frontera encabez\u00f3 el recorrido de obra que...","og_url":"https:\/\/apuntesdesanluis.com\/index.php\/2023\/11\/14\/en-el-tramo-final-de-la-puesta-en-valor-de-avenida-25-de-mayo-el-intendente-recorrio-la-obra\/","og_site_name":"Apuntes de San Luis","article_published_time":"2023-11-15T00:33:50+00:00","article_modified_time":"2023-11-15T03:41:43+00:00","og_image":[{"width":600,"height":356,"url":"https:\/\/apuntesdesanluis.com\/wp-content\/uploads\/2023\/11\/RECORRIDA.png","type":"image\/png"}],"author":"apuntesdesanluis.com","twitter_card":"summary_large_image","twitter_misc":{"Escrito por":"apuntesdesanluis.com","Tiempo de lectura":"2 minutos"},"schema":{"@context":"https:\/\/schema.org","@graph":[{"@type":"Article","@id":"https:\/\/apuntesdesanluis.com\/index.php\/2023\/11\/14\/en-el-tramo-final-de-la-puesta-en-valor-de-avenida-25-de-mayo-el-intendente-recorrio-la-obra\/#article","isPartOf":{"@id":"https:\/\/apuntesdesanluis.com\/index.php\/2023\/11\/14\/en-el-tramo-final-de-la-puesta-en-valor-de-avenida-25-de-mayo-el-intendente-recorrio-la-obra\/"},"author":{"name":"apuntesdesanluis.com","@id":"https:\/\/apuntesdesanluis.com\/#\/schema\/person\/b55151d52296fcce64d1a72538a70b90"},"headline":"EN EL TRAMO FINAL DE LA PUESTA EN VALOR DE AVENIDA 25 DE MAYO, EL INTENDENTE RECORRI\u00d3 LA OBRA","datePublished":"2023-11-15T00:33:50+00:00","dateModified":"2023-11-15T03:41:43+00:00","mainEntityOfPage":{"@id":"https:\/\/apuntesdesanluis.com\/index.php\/2023\/11\/14\/en-el-tramo-final-de-la-puesta-en-valor-de-avenida-25-de-mayo-el-intendente-recorrio-la-obra\/"},"wordCount":254,"publisher":{"@id":"https:\/\/apuntesdesanluis.com\/#\/schema\/person\/b55151d52296fcce64d1a72538a70b90"},"image":{"@id":"https:\/\/apuntesdesanluis.com\/index.php\/2023\/11\/14\/en-el-tramo-final-de-la-puesta-en-valor-de-avenida-25-de-mayo-el-intendente-recorrio-la-obra\/#primaryimage"},"thumbnailUrl":"https:\/\/apuntesdesanluis.com\/wp-content\/uploads\/2023\/11\/RECORRIDA.png","articleSection":["Ciudad\/Provincia"],"inLanguage":"es-AR"},{"@type":"WebPage","@id":"https:\/\/apuntesdesanluis.com\/index.php\/2023\/11\/14\/en-el-tramo-final-de-la-puesta-en-valor-de-avenida-25-de-mayo-el-intendente-recorrio-la-obra\/","url":"https:\/\/apuntesdesanluis.com\/index.php\/2023\/11\/14\/en-el-tramo-final-de-la-puesta-en-valor-de-avenida-25-de-mayo-el-intendente-recorrio-la-obra\/","name":"EN EL TRAMO FINAL DE LA PUESTA EN VALOR DE AVENIDA 25 DE MAYO, EL INTENDENTE RECORRI\u00d3 LA OBRA - Apuntes de San Luis","isPartOf":{"@id":"https:\/\/apuntesdesanluis.com\/#website"},"primaryImageOfPage":{"@id":"https:\/\/apuntesdesanluis.com\/index.php\/2023\/11\/14\/en-el-tramo-final-de-la-puesta-en-valor-de-avenida-25-de-mayo-el-intendente-recorrio-la-obra\/#primaryimage"},"image":{"@id":"https:\/\/apuntesdesanluis.com\/index.php\/2023\/11\/14\/en-el-tramo-final-de-la-puesta-en-valor-de-avenida-25-de-mayo-el-intendente-recorrio-la-obra\/#primaryimage"},"thumbnailUrl":"https:\/\/apuntesdesanluis.com\/wp-content\/uploads\/2023\/11\/RECORRIDA.png","datePublished":"2023-11-15T00:33:50+00:00","dateModified":"2023-11-15T03:41:43+00:00","breadcrumb":{"@id":"https:\/\/apuntesdesanluis.com\/index.php\/2023\/11\/14\/en-el-tramo-final-de-la-puesta-en-valor-de-avenida-25-de-mayo-el-intendente-recorrio-la-obra\/#breadcrumb"},"inLanguage":"es-AR","potentialAction":[{"@type":"ReadAction","target":["https:\/\/apuntesdesanluis.com\/index.php\/2023\/11\/14\/en-el-tramo-final-de-la-puesta-en-valor-de-avenida-25-de-mayo-el-intendente-recorrio-la-obra\/"]}]},{"@type":"ImageObject","inLanguage":"es-AR","@id":"https:\/\/apuntesdesanluis.com\/index.php\/2023\/11\/14\/en-el-tramo-final-de-la-puesta-en-valor-de-avenida-25-de-mayo-el-intendente-recorrio-la-obra\/#primaryimage","url":"https:\/\/apuntesdesanluis.com\/wp-content\/uploads\/2023\/11\/RECORRIDA.png","contentUrl":"https:\/\/apuntesdesanluis.com\/wp-content\/uploads\/2023\/11\/RECORRIDA.png","width":600,"height":356},{"@type":"BreadcrumbList","@id":"https:\/\/apuntesdesanluis.com\/index.php\/2023\/11\/14\/en-el-tramo-final-de-la-puesta-en-valor-de-avenida-25-de-mayo-el-intendente-recorrio-la-obra\/#breadcrumb","itemListElement":[{"@type":"ListItem","position":1,"name":"Inicio","item":"https:\/\/apuntesdesanluis.com\/"},{"@type":"ListItem","position":2,"name":"EN EL TRAMO FINAL DE LA PUESTA EN VALOR DE AVENIDA 25 DE MAYO, EL INTENDENTE RECORRI\u00d3 LA OBRA"}]},{"@type":"WebSite","@id":"https:\/\/apuntesdesanluis.com\/#website","url":"https:\/\/apuntesdesanluis.com\/","name":"Apuntes de San Luis","description":"","publisher":{"@id":"https:\/\/apuntesdesanluis.com\/#\/schema\/person\/b55151d52296fcce64d1a72538a70b90"},"potentialAction":[{"@type":"SearchAction","target":{"@type":"EntryPoint","urlTemplate":"https:\/\/apuntesdesanluis.com\/?s={search_term_string}"},"query-input":{"@type":"PropertyValueSpecification","valueRequired":true,"valueName":"search_term_string"}}],"inLanguage":"es-AR"},{"@type":["Person","Organization"],"@id":"https:\/\/apuntesdesanluis.com\/#\/schema\/person\/b55151d52296fcce64d1a72538a70b90","name":"apuntesdesanluis.com","image":{"@type":"ImageObject","inLanguage":"es-AR","@id":"https:\/\/apuntesdesanluis.com\/#\/schema\/person\/image\/","url":"https:\/\/apuntesdesanluis.com\/wp-content\/uploads\/2023\/07\/cropped-apuntesdesanluis.png","contentUrl":"https:\/\/apuntesdesanluis.com\/wp-content\/uploads\/2023\/07\/cropped-apuntesdesanluis.png","width":450,"height":112,"caption":"apuntesdesanluis.com"},"logo":{"@id":"https:\/\/apuntesdesanluis.com\/#\/schema\/person\/image\/"},"sameAs":["https:\/\/apuntesdesanluis.com"],"url":"https:\/\/apuntesdesanluis.com\/index.php\/author\/apuntesdesanluis-com\/"}]}},"featured_image_urls":{"full":["https:\/\/apuntesdesanluis.com\/wp-content\/uploads\/2023\/11\/RECORRIDA.png",600,356,false],"thumbnail":["https:\/\/apuntesdesanluis.com\/wp-content\/uploads\/2023\/11\/RECORRIDA-150x150.png",150,150,true],"medium":["https:\/\/apuntesdesanluis.com\/wp-content\/uploads\/2023\/11\/RECORRIDA-300x178.png",300,178,true],"medium_large":["https:\/\/apuntesdesanluis.com\/wp-content\/uploads\/2023\/11\/RECORRIDA.png",600,356,false],"large":["https:\/\/apuntesdesanluis.com\/wp-content\/uploads\/2023\/11\/RECORRIDA.png",600,356,false],"1536x1536":["https:\/\/apuntesdesanluis.com\/wp-content\/uploads\/2023\/11\/RECORRIDA.png",600,356,false],"2048x2048":["https:\/\/apuntesdesanluis.com\/wp-content\/uploads\/2023\/11\/RECORRIDA.png",600,356,false],"newsever-slider-full":["https:\/\/apuntesdesanluis.com\/wp-content\/uploads\/2023\/11\/RECORRIDA.png",600,356,false],"newsever-featured":["https:\/\/apuntesdesanluis.com\/wp-content\/uploads\/2023\/11\/RECORRIDA.png",600,356,false],"newsever-medium":["https:\/\/apuntesdesanluis.com\/wp-content\/uploads\/2023\/11\/RECORRIDA.png",600,356,false]},"author_info":{"display_name":"apuntesdesanluis.com","author_link":"https:\/\/apuntesdesanluis.com\/index.php\/author\/apuntesdesanluis-com\/"},"category_info":"<a href=\"https:\/\/apuntesdesanluis.com\/index.php\/category\/ciudad-provincia\/\" rel=\"category tag\">Ciudad\/Provincia<\/a>","tag_info":"Ciudad\/Provincia","comment_count":"0","_links":{"self":[{"href":"https:\/\/apuntesdesanluis.com\/index.php\/wp-json\/wp\/v2\/posts\/6868","targetHints":{"allow":["GET"]}}],"collection":[{"href":"https:\/\/apuntesdesanluis.com\/index.php\/wp-json\/wp\/v2\/posts"}],"about":[{"href":"https:\/\/apuntesdesanluis.com\/index.php\/wp-json\/wp\/v2\/types\/post"}],"author":[{"embeddable":true,"href":"https:\/\/apuntesdesanluis.com\/index.php\/wp-json\/wp\/v2\/users\/1"}],"replies":[{"embeddable":true,"href":"https:\/\/apuntesdesanluis.com\/index.php\/wp-json\/wp\/v2\/comments?post=6868"}],"version-history":[{"count":1,"href":"https:\/\/apuntesdesanluis.com\/index.php\/wp-json\/wp\/v2\/posts\/6868\/revisions"}],"predecessor-version":[{"id":6872,"href":"https:\/\/apuntesdesanluis.com\/index.php\/wp-json\/wp\/v2\/posts\/6868\/revisions\/6872"}],"wp:featuredmedia":[{"embeddable":true,"href":"https:\/\/apuntesdesanluis.com\/index.php\/wp-json\/wp\/v2\/media\/6869"}],"wp:attachment":[{"href":"https:\/\/apuntesdesanluis.com\/index.php\/wp-json\/wp\/v2\/media?parent=6868"}],"wp:term":[{"taxonomy":"category","embeddable":true,"href":"https:\/\/apuntesdesanluis.com\/index.php\/wp-json\/wp\/v2\/categories?post=6868"},{"taxonomy":"post_tag","embeddable":true,"href":"https:\/\/apuntesdesanluis.com\/index.php\/wp-json\/wp\/v2\/tags?post=6868"}],"curies":[{"name":"wp","href":"https:\/\/api.w.org\/{rel}","templated":true}]}}