{"id":6873,"date":"2023-11-15T18:36:36","date_gmt":"2023-11-15T21:36:36","guid":{"rendered":"https:\/\/apuntesdesanluis.com\/?p=6873"},"modified":"2023-11-15T18:58:19","modified_gmt":"2023-11-15T21:58:19","slug":"el-rector-marcelo-sosa-visito-la-obra-del-modulo-1-de-aulas-del-campus-universitario","status":"publish","type":"post","link":"https:\/\/apuntesdesanluis.com\/index.php\/2023\/11\/15\/el-rector-marcelo-sosa-visito-la-obra-del-modulo-1-de-aulas-del-campus-universitario\/","title":{"rendered":"EL RECTOR MARCELO SOSA VISIT\u00d3 LA OBRA DEL M\u00d3DULO 1 DE AULAS DEL CAMPUS UNIVERSITARIO"},"content":{"rendered":"<h3>Lo hizo acompa\u00f1ado por funcionarios del \u00e1rea de Infraestructura y periodistas locales, para mostrar el estado de abandono en que lo encontr\u00f3 y las caracter\u00edsticas generales que tendr\u00e1 el nuevo complejo.<\/h3>\n<h3>Junto al Rector Dr. Marcelo Sosa asistieron el Secretario General, T\u00e9c. Santiago Tell; el Secretario de Infraestructura, Abog. Jorge Abdala, y las arquitectas Diana C\u00e1mara Guillet y Catalina Ferro.<\/h3>\n<p><img fetchpriority=\"high\" decoding=\"async\" class=\"wp-image-6876 aligncenter\" src=\"https:\/\/apuntesdesanluis.com\/wp-content\/uploads\/2023\/11\/rector-sosa-caminando-300x244.png\" alt=\"\" width=\"724\" height=\"589\" srcset=\"https:\/\/apuntesdesanluis.com\/wp-content\/uploads\/2023\/11\/rector-sosa-caminando-300x244.png 300w, https:\/\/apuntesdesanluis.com\/wp-content\/uploads\/2023\/11\/rector-sosa-caminando.png 650w\" sizes=\"(max-width: 724px) 100vw, 724px\" \/><\/p>\n<h3>El Campus de la UNViMe ocupa un terreno de 70 Ha ubicado en la zona norte de Villa Mercedes con entrada por Ruta 55, que se conecta con la colectora, y sobre la Avenida de las Universidades.<\/h3>\n<h3>Durante la recorrida los funcionarios explicaron que la obra se encuentra en un estado de ejecuci\u00f3n cercano al 60%. La empresa constructora se declar\u00f3 en quiebra y desde 2018 la obra se encuentra abandonada, por lo que ha sufrido un marcado deterioro.<\/h3>\n<p><img decoding=\"async\" class=\"wp-image-6875 aligncenter\" src=\"https:\/\/apuntesdesanluis.com\/wp-content\/uploads\/2023\/11\/modulo-abandono-300x187.png\" alt=\"\" width=\"727\" height=\"453\" srcset=\"https:\/\/apuntesdesanluis.com\/wp-content\/uploads\/2023\/11\/modulo-abandono-300x187.png 300w, https:\/\/apuntesdesanluis.com\/wp-content\/uploads\/2023\/11\/modulo-abandono.png 738w\" sizes=\"(max-width: 727px) 100vw, 727px\" \/><\/p>\n<h3>Actualmente est\u00e1 en curso el llamado a licitaci\u00f3n para adjudicar la continuidad de los trabajos, con un Presupuesto Oficial de $ 578.494.388,21. El Plazo de Ejecuci\u00f3n es de 270 (doscientos setenta) d\u00edas corridos y la Recepci\u00f3n de Ofertas es hasta el 27\/11\/2023 a las 12:00 hs. En tanto que la Apertura de Ofertas es el mismo d\u00eda 27 a las 12:30 hs.<\/h3>\n<h3>Las arquitectas de Infraestructura explicaron durante la visita las caracter\u00edsticas de los diferentes espacios que estar\u00e1n destinados a aulas, oficinas, buffet, sanitarios y esparcimiento, entre otros.<\/h3>\n<h3>En una primera etapa, este m\u00f3dulo estar\u00e1 destinado a las carreras que se dictan en la Escuela de Ciencias de la Salud y probablemente de Ingenier\u00eda y Ciencias Ambientales, pero eso se determinar\u00e1 cuando se efect\u00fae la refuncionalizaci\u00f3n de algunas aulas que, por sus dimensiones, podr\u00edan subdividirse.<\/h3>\n<h3>El Rector Marcelo Sosa pidi\u00f3 \u201cperd\u00f3n a la comunidad universitaria por el estado de abandono en que se encuentra este inmueble. Me da tristeza y verg\u00fcenza ver que se hayan destinado tantos recursos para habilitar un edificio de oficinas administrativas, donde se encontraba Ribeiro, en lugar de haber invertido en este complejo \u00e1ulico para los alumnos, que desde hace a\u00f1os deambulan en instituciones que prestan espacios, de un lado para otro, para poder asistir a clases\u201d.<\/h3>\n<h3>\u201cLa anterior gesti\u00f3n estuvo seis a\u00f1os y abandon\u00f3 este edificio. Yo no ment\u00eda cuando dec\u00eda que estaba abandonado, ustedes lo pueden ver\u201d, les dijo a los periodistas.<\/h3>\n<p><img decoding=\"async\" class=\"wp-image-6877 aligncenter\" src=\"https:\/\/apuntesdesanluis.com\/wp-content\/uploads\/2023\/11\/rector-periodistas-300x154.png\" alt=\"\" width=\"736\" height=\"378\" srcset=\"https:\/\/apuntesdesanluis.com\/wp-content\/uploads\/2023\/11\/rector-periodistas-300x154.png 300w, https:\/\/apuntesdesanluis.com\/wp-content\/uploads\/2023\/11\/rector-periodistas.png 728w\" sizes=\"(max-width: 736px) 100vw, 736px\" \/><\/p>\n<h3>No obstante, apunt\u00f3: \u201cAhora comienza una nueva etapa, mirando para adelante, con esperanza y optimismo. Si no surgen imprevistos, el a\u00f1o pr\u00f3ximo estaremos inaugurando este hermoso edificio destinado a los alumnos, que gozar\u00e1n de c\u00f3modos espacios, con fotocopiadora, buffet, \u00e1reas deportivas, el transporte que llegar\u00e1 hasta aqu\u00ed, el Laboratorio que ya existe. Vamos a hacer realidad el sue\u00f1o de contar con nuestra propia casa. Va a ser un d\u00eda de celebraci\u00f3n\u201d, prometi\u00f3.<\/h3>\n<h3>El Rector anunci\u00f3 finalmente que el \u00e1rea de Infraestructura se encuentra concluyendo la documentaci\u00f3n requerida para gestionar la construcci\u00f3n del M\u00f3dulo 2 de Aulas y proyectar de ese modo el traslado del resto de las escuelas y su personal.<\/h3>\n<p><img loading=\"lazy\" decoding=\"async\" class=\"wp-image-6883 aligncenter\" src=\"https:\/\/apuntesdesanluis.com\/wp-content\/uploads\/2023\/11\/rector-marcelo-sosa-300x222.png\" alt=\"\" width=\"635\" height=\"470\" srcset=\"https:\/\/apuntesdesanluis.com\/wp-content\/uploads\/2023\/11\/rector-marcelo-sosa-300x222.png 300w, https:\/\/apuntesdesanluis.com\/wp-content\/uploads\/2023\/11\/rector-marcelo-sosa.png 600w\" sizes=\"(max-width: 635px) 100vw, 635px\" \/><\/p>\n<p>&nbsp;<\/p>\n<!--[if lt IE 9]><script>document.createElement('audio');<\/script><![endif]-->\n<audio class=\"wp-audio-shortcode\" id=\"audio-6873-1\" preload=\"none\" style=\"width: 100%;\" controls=\"controls\"><source type=\"audio\/mpeg\" src=\"https:\/\/apuntesdesanluis.com\/wp-content\/uploads\/2023\/11\/Visita-al-campus.mp3?_=1\" \/><a href=\"https:\/\/apuntesdesanluis.com\/wp-content\/uploads\/2023\/11\/Visita-al-campus.mp3\">https:\/\/apuntesdesanluis.com\/wp-content\/uploads\/2023\/11\/Visita-al-campus.mp3<\/a><\/audio>\n<p>&nbsp;<\/p>\n<p>&nbsp;<\/p>\n<p>&nbsp;<\/p>\n<h3><\/h3>\n","protected":false},"excerpt":{"rendered":"<p>Lo hizo acompa\u00f1ado por funcionarios del \u00e1rea de Infraestructura y periodistas locales, para mostrar el&#8230;<\/p>\n","protected":false},"author":1,"featured_media":6874,"comment_status":"closed","ping_status":"closed","sticky":false,"template":"","format":"standard","meta":{"footnotes":""},"categories":[6],"tags":[],"class_list":["post-6873","post","type-post","status-publish","format-standard","has-post-thumbnail","hentry","category-ciudad-provincia"],"yoast_head":"<!-- This site is optimized with the Yoast SEO plugin v26.1.1 - https:\/\/yoast.com\/wordpress\/plugins\/seo\/ -->\n<title>EL RECTOR MARCELO SOSA VISIT\u00d3 LA OBRA DEL M\u00d3DULO 1 DE AULAS DEL CAMPUS UNIVERSITARIO - Apuntes de San Luis<\/title>\n<meta name=\"robots\" content=\"index, follow, max-snippet:-1, max-image-preview:large, max-video-preview:-1\" \/>\n<link rel=\"canonical\" href=\"https:\/\/apuntesdesanluis.com\/index.php\/2023\/11\/15\/el-rector-marcelo-sosa-visito-la-obra-del-modulo-1-de-aulas-del-campus-universitario\/\" \/>\n<meta property=\"og:locale\" content=\"es_ES\" \/>\n<meta property=\"og:type\" content=\"article\" \/>\n<meta property=\"og:title\" content=\"EL RECTOR MARCELO SOSA VISIT\u00d3 LA OBRA DEL M\u00d3DULO 1 DE AULAS DEL CAMPUS UNIVERSITARIO - Apuntes de San Luis\" \/>\n<meta property=\"og:description\" content=\"Lo hizo acompa\u00f1ado por funcionarios del \u00e1rea de Infraestructura y periodistas locales, para mostrar el...\" \/>\n<meta property=\"og:url\" content=\"https:\/\/apuntesdesanluis.com\/index.php\/2023\/11\/15\/el-rector-marcelo-sosa-visito-la-obra-del-modulo-1-de-aulas-del-campus-universitario\/\" \/>\n<meta property=\"og:site_name\" content=\"Apuntes de San Luis\" \/>\n<meta property=\"article:published_time\" content=\"2023-11-15T21:36:36+00:00\" \/>\n<meta property=\"article:modified_time\" content=\"2023-11-15T21:58:19+00:00\" \/>\n<meta property=\"og:image\" content=\"https:\/\/apuntesdesanluis.com\/wp-content\/uploads\/2023\/11\/rector-visita-portada.png\" \/>\n\t<meta property=\"og:image:width\" content=\"693\" \/>\n\t<meta property=\"og:image:height\" content=\"446\" \/>\n\t<meta property=\"og:image:type\" content=\"image\/png\" \/>\n<meta name=\"author\" content=\"apuntesdesanluis.com\" \/>\n<meta name=\"twitter:card\" content=\"summary_large_image\" \/>\n<meta name=\"twitter:label1\" content=\"Escrito por\" \/>\n\t<meta name=\"twitter:data1\" content=\"apuntesdesanluis.com\" \/>\n\t<meta name=\"twitter:label2\" content=\"Tiempo de lectura\" \/>\n\t<meta name=\"twitter:data2\" content=\"4 minutos\" \/>\n<script type=\"application\/ld+json\" class=\"yoast-schema-graph\">{\"@context\":\"https:\/\/schema.org\",\"@graph\":[{\"@type\":\"Article\",\"@id\":\"https:\/\/apuntesdesanluis.com\/index.php\/2023\/11\/15\/el-rector-marcelo-sosa-visito-la-obra-del-modulo-1-de-aulas-del-campus-universitario\/#article\",\"isPartOf\":{\"@id\":\"https:\/\/apuntesdesanluis.com\/index.php\/2023\/11\/15\/el-rector-marcelo-sosa-visito-la-obra-del-modulo-1-de-aulas-del-campus-universitario\/\"},\"author\":{\"name\":\"apuntesdesanluis.com\",\"@id\":\"https:\/\/apuntesdesanluis.com\/#\/schema\/person\/b55151d52296fcce64d1a72538a70b90\"},\"headline\":\"EL RECTOR MARCELO SOSA VISIT\u00d3 LA OBRA DEL M\u00d3DULO 1 DE AULAS DEL CAMPUS UNIVERSITARIO\",\"datePublished\":\"2023-11-15T21:36:36+00:00\",\"dateModified\":\"2023-11-15T21:58:19+00:00\",\"mainEntityOfPage\":{\"@id\":\"https:\/\/apuntesdesanluis.com\/index.php\/2023\/11\/15\/el-rector-marcelo-sosa-visito-la-obra-del-modulo-1-de-aulas-del-campus-universitario\/\"},\"wordCount\":539,\"publisher\":{\"@id\":\"https:\/\/apuntesdesanluis.com\/#\/schema\/person\/b55151d52296fcce64d1a72538a70b90\"},\"image\":{\"@id\":\"https:\/\/apuntesdesanluis.com\/index.php\/2023\/11\/15\/el-rector-marcelo-sosa-visito-la-obra-del-modulo-1-de-aulas-del-campus-universitario\/#primaryimage\"},\"thumbnailUrl\":\"https:\/\/apuntesdesanluis.com\/wp-content\/uploads\/2023\/11\/rector-visita-portada.png\",\"articleSection\":[\"Ciudad\/Provincia\"],\"inLanguage\":\"es-AR\"},{\"@type\":\"WebPage\",\"@id\":\"https:\/\/apuntesdesanluis.com\/index.php\/2023\/11\/15\/el-rector-marcelo-sosa-visito-la-obra-del-modulo-1-de-aulas-del-campus-universitario\/\",\"url\":\"https:\/\/apuntesdesanluis.com\/index.php\/2023\/11\/15\/el-rector-marcelo-sosa-visito-la-obra-del-modulo-1-de-aulas-del-campus-universitario\/\",\"name\":\"EL RECTOR MARCELO SOSA VISIT\u00d3 LA OBRA DEL M\u00d3DULO 1 DE AULAS DEL CAMPUS UNIVERSITARIO - Apuntes de San Luis\",\"isPartOf\":{\"@id\":\"https:\/\/apuntesdesanluis.com\/#website\"},\"primaryImageOfPage\":{\"@id\":\"https:\/\/apuntesdesanluis.com\/index.php\/2023\/11\/15\/el-rector-marcelo-sosa-visito-la-obra-del-modulo-1-de-aulas-del-campus-universitario\/#primaryimage\"},\"image\":{\"@id\":\"https:\/\/apuntesdesanluis.com\/index.php\/2023\/11\/15\/el-rector-marcelo-sosa-visito-la-obra-del-modulo-1-de-aulas-del-campus-universitario\/#primaryimage\"},\"thumbnailUrl\":\"https:\/\/apuntesdesanluis.com\/wp-content\/uploads\/2023\/11\/rector-visita-portada.png\",\"datePublished\":\"2023-11-15T21:36:36+00:00\",\"dateModified\":\"2023-11-15T21:58:19+00:00\",\"breadcrumb\":{\"@id\":\"https:\/\/apuntesdesanluis.com\/index.php\/2023\/11\/15\/el-rector-marcelo-sosa-visito-la-obra-del-modulo-1-de-aulas-del-campus-universitario\/#breadcrumb\"},\"inLanguage\":\"es-AR\",\"potentialAction\":[{\"@type\":\"ReadAction\",\"target\":[\"https:\/\/apuntesdesanluis.com\/index.php\/2023\/11\/15\/el-rector-marcelo-sosa-visito-la-obra-del-modulo-1-de-aulas-del-campus-universitario\/\"]}]},{\"@type\":\"ImageObject\",\"inLanguage\":\"es-AR\",\"@id\":\"https:\/\/apuntesdesanluis.com\/index.php\/2023\/11\/15\/el-rector-marcelo-sosa-visito-la-obra-del-modulo-1-de-aulas-del-campus-universitario\/#primaryimage\",\"url\":\"https:\/\/apuntesdesanluis.com\/wp-content\/uploads\/2023\/11\/rector-visita-portada.png\",\"contentUrl\":\"https:\/\/apuntesdesanluis.com\/wp-content\/uploads\/2023\/11\/rector-visita-portada.png\",\"width\":693,\"height\":446},{\"@type\":\"BreadcrumbList\",\"@id\":\"https:\/\/apuntesdesanluis.com\/index.php\/2023\/11\/15\/el-rector-marcelo-sosa-visito-la-obra-del-modulo-1-de-aulas-del-campus-universitario\/#breadcrumb\",\"itemListElement\":[{\"@type\":\"ListItem\",\"position\":1,\"name\":\"Inicio\",\"item\":\"https:\/\/apuntesdesanluis.com\/\"},{\"@type\":\"ListItem\",\"position\":2,\"name\":\"EL RECTOR MARCELO SOSA VISIT\u00d3 LA OBRA DEL M\u00d3DULO 1 DE AULAS DEL CAMPUS UNIVERSITARIO\"}]},{\"@type\":\"WebSite\",\"@id\":\"https:\/\/apuntesdesanluis.com\/#website\",\"url\":\"https:\/\/apuntesdesanluis.com\/\",\"name\":\"Apuntes de San Luis\",\"description\":\"\",\"publisher\":{\"@id\":\"https:\/\/apuntesdesanluis.com\/#\/schema\/person\/b55151d52296fcce64d1a72538a70b90\"},\"potentialAction\":[{\"@type\":\"SearchAction\",\"target\":{\"@type\":\"EntryPoint\",\"urlTemplate\":\"https:\/\/apuntesdesanluis.com\/?s={search_term_string}\"},\"query-input\":{\"@type\":\"PropertyValueSpecification\",\"valueRequired\":true,\"valueName\":\"search_term_string\"}}],\"inLanguage\":\"es-AR\"},{\"@type\":[\"Person\",\"Organization\"],\"@id\":\"https:\/\/apuntesdesanluis.com\/#\/schema\/person\/b55151d52296fcce64d1a72538a70b90\",\"name\":\"apuntesdesanluis.com\",\"image\":{\"@type\":\"ImageObject\",\"inLanguage\":\"es-AR\",\"@id\":\"https:\/\/apuntesdesanluis.com\/#\/schema\/person\/image\/\",\"url\":\"https:\/\/apuntesdesanluis.com\/wp-content\/uploads\/2023\/07\/cropped-apuntesdesanluis.png\",\"contentUrl\":\"https:\/\/apuntesdesanluis.com\/wp-content\/uploads\/2023\/07\/cropped-apuntesdesanluis.png\",\"width\":450,\"height\":112,\"caption\":\"apuntesdesanluis.com\"},\"logo\":{\"@id\":\"https:\/\/apuntesdesanluis.com\/#\/schema\/person\/image\/\"},\"sameAs\":[\"https:\/\/apuntesdesanluis.com\"],\"url\":\"https:\/\/apuntesdesanluis.com\/index.php\/author\/apuntesdesanluis-com\/\"}]}<\/script>\n<!-- \/ Yoast SEO plugin. -->","yoast_head_json":{"title":"EL RECTOR MARCELO SOSA VISIT\u00d3 LA OBRA DEL M\u00d3DULO 1 DE AULAS DEL CAMPUS UNIVERSITARIO - Apuntes de San Luis","robots":{"index":"index","follow":"follow","max-snippet":"max-snippet:-1","max-image-preview":"max-image-preview:large","max-video-preview":"max-video-preview:-1"},"canonical":"https:\/\/apuntesdesanluis.com\/index.php\/2023\/11\/15\/el-rector-marcelo-sosa-visito-la-obra-del-modulo-1-de-aulas-del-campus-universitario\/","og_locale":"es_ES","og_type":"article","og_title":"EL RECTOR MARCELO SOSA VISIT\u00d3 LA OBRA DEL M\u00d3DULO 1 DE AULAS DEL CAMPUS UNIVERSITARIO - Apuntes de San Luis","og_description":"Lo hizo acompa\u00f1ado por funcionarios del \u00e1rea de Infraestructura y periodistas locales, para mostrar el...","og_url":"https:\/\/apuntesdesanluis.com\/index.php\/2023\/11\/15\/el-rector-marcelo-sosa-visito-la-obra-del-modulo-1-de-aulas-del-campus-universitario\/","og_site_name":"Apuntes de San Luis","article_published_time":"2023-11-15T21:36:36+00:00","article_modified_time":"2023-11-15T21:58:19+00:00","og_image":[{"width":693,"height":446,"url":"https:\/\/apuntesdesanluis.com\/wp-content\/uploads\/2023\/11\/rector-visita-portada.png","type":"image\/png"}],"author":"apuntesdesanluis.com","twitter_card":"summary_large_image","twitter_misc":{"Escrito por":"apuntesdesanluis.com","Tiempo de lectura":"4 minutos"},"schema":{"@context":"https:\/\/schema.org","@graph":[{"@type":"Article","@id":"https:\/\/apuntesdesanluis.com\/index.php\/2023\/11\/15\/el-rector-marcelo-sosa-visito-la-obra-del-modulo-1-de-aulas-del-campus-universitario\/#article","isPartOf":{"@id":"https:\/\/apuntesdesanluis.com\/index.php\/2023\/11\/15\/el-rector-marcelo-sosa-visito-la-obra-del-modulo-1-de-aulas-del-campus-universitario\/"},"author":{"name":"apuntesdesanluis.com","@id":"https:\/\/apuntesdesanluis.com\/#\/schema\/person\/b55151d52296fcce64d1a72538a70b90"},"headline":"EL RECTOR MARCELO SOSA VISIT\u00d3 LA OBRA DEL M\u00d3DULO 1 DE AULAS DEL CAMPUS UNIVERSITARIO","datePublished":"2023-11-15T21:36:36+00:00","dateModified":"2023-11-15T21:58:19+00:00","mainEntityOfPage":{"@id":"https:\/\/apuntesdesanluis.com\/index.php\/2023\/11\/15\/el-rector-marcelo-sosa-visito-la-obra-del-modulo-1-de-aulas-del-campus-universitario\/"},"wordCount":539,"publisher":{"@id":"https:\/\/apuntesdesanluis.com\/#\/schema\/person\/b55151d52296fcce64d1a72538a70b90"},"image":{"@id":"https:\/\/apuntesdesanluis.com\/index.php\/2023\/11\/15\/el-rector-marcelo-sosa-visito-la-obra-del-modulo-1-de-aulas-del-campus-universitario\/#primaryimage"},"thumbnailUrl":"https:\/\/apuntesdesanluis.com\/wp-content\/uploads\/2023\/11\/rector-visita-portada.png","articleSection":["Ciudad\/Provincia"],"inLanguage":"es-AR"},{"@type":"WebPage","@id":"https:\/\/apuntesdesanluis.com\/index.php\/2023\/11\/15\/el-rector-marcelo-sosa-visito-la-obra-del-modulo-1-de-aulas-del-campus-universitario\/","url":"https:\/\/apuntesdesanluis.com\/index.php\/2023\/11\/15\/el-rector-marcelo-sosa-visito-la-obra-del-modulo-1-de-aulas-del-campus-universitario\/","name":"EL RECTOR MARCELO SOSA VISIT\u00d3 LA OBRA DEL M\u00d3DULO 1 DE AULAS DEL CAMPUS UNIVERSITARIO - Apuntes de San Luis","isPartOf":{"@id":"https:\/\/apuntesdesanluis.com\/#website"},"primaryImageOfPage":{"@id":"https:\/\/apuntesdesanluis.com\/index.php\/2023\/11\/15\/el-rector-marcelo-sosa-visito-la-obra-del-modulo-1-de-aulas-del-campus-universitario\/#primaryimage"},"image":{"@id":"https:\/\/apuntesdesanluis.com\/index.php\/2023\/11\/15\/el-rector-marcelo-sosa-visito-la-obra-del-modulo-1-de-aulas-del-campus-universitario\/#primaryimage"},"thumbnailUrl":"https:\/\/apuntesdesanluis.com\/wp-content\/uploads\/2023\/11\/rector-visita-portada.png","datePublished":"2023-11-15T21:36:36+00:00","dateModified":"2023-11-15T21:58:19+00:00","breadcrumb":{"@id":"https:\/\/apuntesdesanluis.com\/index.php\/2023\/11\/15\/el-rector-marcelo-sosa-visito-la-obra-del-modulo-1-de-aulas-del-campus-universitario\/#breadcrumb"},"inLanguage":"es-AR","potentialAction":[{"@type":"ReadAction","target":["https:\/\/apuntesdesanluis.com\/index.php\/2023\/11\/15\/el-rector-marcelo-sosa-visito-la-obra-del-modulo-1-de-aulas-del-campus-universitario\/"]}]},{"@type":"ImageObject","inLanguage":"es-AR","@id":"https:\/\/apuntesdesanluis.com\/index.php\/2023\/11\/15\/el-rector-marcelo-sosa-visito-la-obra-del-modulo-1-de-aulas-del-campus-universitario\/#primaryimage","url":"https:\/\/apuntesdesanluis.com\/wp-content\/uploads\/2023\/11\/rector-visita-portada.png","contentUrl":"https:\/\/apuntesdesanluis.com\/wp-content\/uploads\/2023\/11\/rector-visita-portada.png","width":693,"height":446},{"@type":"BreadcrumbList","@id":"https:\/\/apuntesdesanluis.com\/index.php\/2023\/11\/15\/el-rector-marcelo-sosa-visito-la-obra-del-modulo-1-de-aulas-del-campus-universitario\/#breadcrumb","itemListElement":[{"@type":"ListItem","position":1,"name":"Inicio","item":"https:\/\/apuntesdesanluis.com\/"},{"@type":"ListItem","position":2,"name":"EL RECTOR MARCELO SOSA VISIT\u00d3 LA OBRA DEL M\u00d3DULO 1 DE AULAS DEL CAMPUS UNIVERSITARIO"}]},{"@type":"WebSite","@id":"https:\/\/apuntesdesanluis.com\/#website","url":"https:\/\/apuntesdesanluis.com\/","name":"Apuntes de San Luis","description":"","publisher":{"@id":"https:\/\/apuntesdesanluis.com\/#\/schema\/person\/b55151d52296fcce64d1a72538a70b90"},"potentialAction":[{"@type":"SearchAction","target":{"@type":"EntryPoint","urlTemplate":"https:\/\/apuntesdesanluis.com\/?s={search_term_string}"},"query-input":{"@type":"PropertyValueSpecification","valueRequired":true,"valueName":"search_term_string"}}],"inLanguage":"es-AR"},{"@type":["Person","Organization"],"@id":"https:\/\/apuntesdesanluis.com\/#\/schema\/person\/b55151d52296fcce64d1a72538a70b90","name":"apuntesdesanluis.com","image":{"@type":"ImageObject","inLanguage":"es-AR","@id":"https:\/\/apuntesdesanluis.com\/#\/schema\/person\/image\/","url":"https:\/\/apuntesdesanluis.com\/wp-content\/uploads\/2023\/07\/cropped-apuntesdesanluis.png","contentUrl":"https:\/\/apuntesdesanluis.com\/wp-content\/uploads\/2023\/07\/cropped-apuntesdesanluis.png","width":450,"height":112,"caption":"apuntesdesanluis.com"},"logo":{"@id":"https:\/\/apuntesdesanluis.com\/#\/schema\/person\/image\/"},"sameAs":["https:\/\/apuntesdesanluis.com"],"url":"https:\/\/apuntesdesanluis.com\/index.php\/author\/apuntesdesanluis-com\/"}]}},"featured_image_urls":{"full":["https:\/\/apuntesdesanluis.com\/wp-content\/uploads\/2023\/11\/rector-visita-portada.png",693,446,false],"thumbnail":["https:\/\/apuntesdesanluis.com\/wp-content\/uploads\/2023\/11\/rector-visita-portada-150x150.png",150,150,true],"medium":["https:\/\/apuntesdesanluis.com\/wp-content\/uploads\/2023\/11\/rector-visita-portada-300x193.png",300,193,true],"medium_large":["https:\/\/apuntesdesanluis.com\/wp-content\/uploads\/2023\/11\/rector-visita-portada.png",640,412,false],"large":["https:\/\/apuntesdesanluis.com\/wp-content\/uploads\/2023\/11\/rector-visita-portada.png",640,412,false],"1536x1536":["https:\/\/apuntesdesanluis.com\/wp-content\/uploads\/2023\/11\/rector-visita-portada.png",693,446,false],"2048x2048":["https:\/\/apuntesdesanluis.com\/wp-content\/uploads\/2023\/11\/rector-visita-portada.png",693,446,false],"newsever-slider-full":["https:\/\/apuntesdesanluis.com\/wp-content\/uploads\/2023\/11\/rector-visita-portada.png",693,446,false],"newsever-featured":["https:\/\/apuntesdesanluis.com\/wp-content\/uploads\/2023\/11\/rector-visita-portada.png",693,446,false],"newsever-medium":["https:\/\/apuntesdesanluis.com\/wp-content\/uploads\/2023\/11\/rector-visita-portada.png",693,446,false]},"author_info":{"display_name":"apuntesdesanluis.com","author_link":"https:\/\/apuntesdesanluis.com\/index.php\/author\/apuntesdesanluis-com\/"},"category_info":"<a href=\"https:\/\/apuntesdesanluis.com\/index.php\/category\/ciudad-provincia\/\" rel=\"category tag\">Ciudad\/Provincia<\/a>","tag_info":"Ciudad\/Provincia","comment_count":"0","_links":{"self":[{"href":"https:\/\/apuntesdesanluis.com\/index.php\/wp-json\/wp\/v2\/posts\/6873","targetHints":{"allow":["GET"]}}],"collection":[{"href":"https:\/\/apuntesdesanluis.com\/index.php\/wp-json\/wp\/v2\/posts"}],"about":[{"href":"https:\/\/apuntesdesanluis.com\/index.php\/wp-json\/wp\/v2\/types\/post"}],"author":[{"embeddable":true,"href":"https:\/\/apuntesdesanluis.com\/index.php\/wp-json\/wp\/v2\/users\/1"}],"replies":[{"embeddable":true,"href":"https:\/\/apuntesdesanluis.com\/index.php\/wp-json\/wp\/v2\/comments?post=6873"}],"version-history":[{"count":4,"href":"https:\/\/apuntesdesanluis.com\/index.php\/wp-json\/wp\/v2\/posts\/6873\/revisions"}],"predecessor-version":[{"id":6886,"href":"https:\/\/apuntesdesanluis.com\/index.php\/wp-json\/wp\/v2\/posts\/6873\/revisions\/6886"}],"wp:featuredmedia":[{"embeddable":true,"href":"https:\/\/apuntesdesanluis.com\/index.php\/wp-json\/wp\/v2\/media\/6874"}],"wp:attachment":[{"href":"https:\/\/apuntesdesanluis.com\/index.php\/wp-json\/wp\/v2\/media?parent=6873"}],"wp:term":[{"taxonomy":"category","embeddable":true,"href":"https:\/\/apuntesdesanluis.com\/index.php\/wp-json\/wp\/v2\/categories?post=6873"},{"taxonomy":"post_tag","embeddable":true,"href":"https:\/\/apuntesdesanluis.com\/index.php\/wp-json\/wp\/v2\/tags?post=6873"}],"curies":[{"name":"wp","href":"https:\/\/api.w.org\/{rel}","templated":true}]}}