{"id":6887,"date":"2023-11-15T19:06:22","date_gmt":"2023-11-15T22:06:22","guid":{"rendered":"https:\/\/apuntesdesanluis.com\/?p=6887"},"modified":"2023-11-15T19:06:22","modified_gmt":"2023-11-15T22:06:22","slug":"san-luis-se-sumo-al-garrahan-federal-para-fortalecer-la-red-nacional-de-salud-pediatrica","status":"publish","type":"post","link":"https:\/\/apuntesdesanluis.com\/index.php\/2023\/11\/15\/san-luis-se-sumo-al-garrahan-federal-para-fortalecer-la-red-nacional-de-salud-pediatrica\/","title":{"rendered":"SAN LUIS SE SUM\u00d3 AL GARRAHAN FEDERAL, PARA FORTALECER LA RED NACIONAL DE SALUD PEDI\u00c1TRICA"},"content":{"rendered":"<h3>Mediante la firma de un convenio entre el Ministerio de Salud de San Luis y autoridades del Garrahan, la Provincia ratific\u00f3 su compromiso para el fortalecimiento de las redes de atenci\u00f3n de ni\u00f1os, ni\u00f1as y adolescentes con eje en la telesalud y la capacitaci\u00f3n del talento humano.<\/h3>\n<h3>Desde hoy, San Luis forma parte del Programa Garrahan Federal, una l\u00ednea de trabajo que busca fortalecer la red nacional de salud pedi\u00e1trica a partir de la telesalud y la capacitaci\u00f3n del talento humano.<\/h3>\n<h3>El compromiso fue asumido a trav\u00e9s de la firma de un convenio entre la presidenta del Consejo de Administraci\u00f3n del Garrahan, Gabriela Bauer, y el ministro de Salud de San Luis, Cristian Ni\u00f1o, que estuvo acompa\u00f1ado por el director del Hospital San Luis Pedi\u00e1trico, Guillermo Monarde.<\/h3>\n<h3>Las autoridades recorrieron el hall de ingreso y las salas de los resonadores, cuya ambientaci\u00f3n fue realizada en el marco del Programa de Comunicaci\u00f3n Visual del Entorno, y es una de las l\u00edneas de trabajo que actualmente se est\u00e1 replicando en el Hospital de San Luis, dado que una de las l\u00edneas espec\u00edficas de cooperaci\u00f3n entre las partes es el asesoramiento en ambientaci\u00f3n y se\u00f1al\u00e9tica centrada en los pacientes.<\/h3>\n<h3>El Programa tiene por objetivo se\u00f1alizar y ambientar los espacios donde se brindan servicios, haci\u00e9ndolos comprensibles, mensurables y abordables de manera aut\u00f3noma, dot\u00e1ndolos de sentidos que tengan arraigo con la cultura y el lugar donde est\u00e1n ubicados para mejorar las experiencias de las familias.<\/h3>\n<h3>\u201cHace tiempo que venimos trabajando en un hospital de pediatr\u00eda de jerarqu\u00eda en San Luis, esta es una gran oportunidad para fortalecer el talento humano y los servicios de nuestro hospital\u201d, expres\u00f3 el ministro Ni\u00f1o.<\/h3>\n<h3><img fetchpriority=\"high\" decoding=\"async\" class=\"wp-image-6889 aligncenter\" src=\"https:\/\/apuntesdesanluis.com\/wp-content\/uploads\/2023\/11\/telered-2-300x183.png\" alt=\"\" width=\"677\" height=\"413\" srcset=\"https:\/\/apuntesdesanluis.com\/wp-content\/uploads\/2023\/11\/telered-2-300x183.png 300w, https:\/\/apuntesdesanluis.com\/wp-content\/uploads\/2023\/11\/telered-2.png 600w\" sizes=\"(max-width: 677px) 100vw, 677px\" \/><\/h3>\n<h3>\u201cLo federal es lo que le da sentido al Garrahan, siempre decimos que nos debemos a los ni\u00f1os, ni\u00f1as y adolescentes de la Argentina y que necesitamos extender los brazos a todos lo que requieran atenci\u00f3n de alta complejidad, por eso este Programa es una iniciativa del Garrahan con los efectores pedi\u00e1tricos del pa\u00eds porque las redes son la mejor manera de abordar el cuidado de la salud integral\u201d, destac\u00f3 Bauer, presidenta del Consejo de Administraci\u00f3n del Garrahan.<\/h3>\n<h3>\u201cEl convenio firmado es de cooperaci\u00f3n en todas las \u00e1reas: infraestructura, log\u00edstica acad\u00e9mica para el personal m\u00e9dico y no m\u00e9dico. Adem\u00e1s en limpieza- mantenimiento \u2013 ingenier\u00eda \u2013 lavander\u00eda y administraci\u00f3n, todas \u00e1reas fundamentales para nuestro Hospital Pedi\u00e1trico\u201d, detall\u00f3 Monarde.<\/h3>\n<h3>El Programa Garrahan Federal tiene el objetivo de promover la cooperaci\u00f3n entre efectores de todas las jurisdicciones del pa\u00eds, en coordinaci\u00f3n con los ministerios de salud y los hospitales de mayor complejidad de referencia pedi\u00e1trica, para facilitar el acceso a la salud de forma equitativa, garantizando el cumplimiento de derechos de las ni\u00f1eces y adolescencias.<\/h3>\n<h3>El convenio busca establecer una cooperaci\u00f3n estrat\u00e9gica para fortalecer las capacidades de ambas instituciones mediante la integraci\u00f3n del trabajo en red, telesalud y las acciones en terreno. Adem\u00e1s, dise\u00f1ar e implementar proyectos y programas para la asistencia cient\u00edfico-t\u00e9cnica orientados a la organizaci\u00f3n y gesti\u00f3n hospitalaria, a la capacitaci\u00f3n y desarrollo del talento humano en salud y a la promoci\u00f3n de la participaci\u00f3n comunitaria, entre otras.<\/h3>\n","protected":false},"excerpt":{"rendered":"<p>Mediante la firma de un convenio entre el Ministerio de Salud de San Luis y&#8230;<\/p>\n","protected":false},"author":1,"featured_media":6888,"comment_status":"closed","ping_status":"closed","sticky":false,"template":"","format":"standard","meta":{"footnotes":""},"categories":[6],"tags":[],"class_list":["post-6887","post","type-post","status-publish","format-standard","has-post-thumbnail","hentry","category-ciudad-provincia"],"yoast_head":"<!-- This site is optimized with the Yoast SEO plugin v26.1.1 - https:\/\/yoast.com\/wordpress\/plugins\/seo\/ -->\n<title>SAN LUIS SE SUM\u00d3 AL GARRAHAN FEDERAL, PARA FORTALECER LA RED NACIONAL DE SALUD PEDI\u00c1TRICA - Apuntes de San Luis<\/title>\n<meta name=\"robots\" content=\"index, follow, max-snippet:-1, max-image-preview:large, max-video-preview:-1\" \/>\n<link rel=\"canonical\" href=\"https:\/\/apuntesdesanluis.com\/index.php\/2023\/11\/15\/san-luis-se-sumo-al-garrahan-federal-para-fortalecer-la-red-nacional-de-salud-pediatrica\/\" \/>\n<meta property=\"og:locale\" content=\"es_ES\" \/>\n<meta property=\"og:type\" content=\"article\" \/>\n<meta property=\"og:title\" content=\"SAN LUIS SE SUM\u00d3 AL GARRAHAN FEDERAL, PARA FORTALECER LA RED NACIONAL DE SALUD PEDI\u00c1TRICA - Apuntes de San Luis\" \/>\n<meta property=\"og:description\" content=\"Mediante la firma de un convenio entre el Ministerio de Salud de San Luis y...\" \/>\n<meta property=\"og:url\" content=\"https:\/\/apuntesdesanluis.com\/index.php\/2023\/11\/15\/san-luis-se-sumo-al-garrahan-federal-para-fortalecer-la-red-nacional-de-salud-pediatrica\/\" \/>\n<meta property=\"og:site_name\" content=\"Apuntes de San Luis\" \/>\n<meta property=\"article:published_time\" content=\"2023-11-15T22:06:22+00:00\" \/>\n<meta property=\"og:image\" content=\"https:\/\/apuntesdesanluis.com\/wp-content\/uploads\/2023\/11\/telered.png\" \/>\n\t<meta property=\"og:image:width\" content=\"577\" \/>\n\t<meta property=\"og:image:height\" content=\"330\" \/>\n\t<meta property=\"og:image:type\" content=\"image\/png\" \/>\n<meta name=\"author\" content=\"apuntesdesanluis.com\" \/>\n<meta name=\"twitter:card\" content=\"summary_large_image\" \/>\n<meta name=\"twitter:label1\" content=\"Escrito por\" \/>\n\t<meta name=\"twitter:data1\" content=\"apuntesdesanluis.com\" \/>\n\t<meta name=\"twitter:label2\" content=\"Tiempo de lectura\" \/>\n\t<meta name=\"twitter:data2\" content=\"3 minutos\" \/>\n<script type=\"application\/ld+json\" class=\"yoast-schema-graph\">{\"@context\":\"https:\/\/schema.org\",\"@graph\":[{\"@type\":\"Article\",\"@id\":\"https:\/\/apuntesdesanluis.com\/index.php\/2023\/11\/15\/san-luis-se-sumo-al-garrahan-federal-para-fortalecer-la-red-nacional-de-salud-pediatrica\/#article\",\"isPartOf\":{\"@id\":\"https:\/\/apuntesdesanluis.com\/index.php\/2023\/11\/15\/san-luis-se-sumo-al-garrahan-federal-para-fortalecer-la-red-nacional-de-salud-pediatrica\/\"},\"author\":{\"name\":\"apuntesdesanluis.com\",\"@id\":\"https:\/\/apuntesdesanluis.com\/#\/schema\/person\/b55151d52296fcce64d1a72538a70b90\"},\"headline\":\"SAN LUIS SE SUM\u00d3 AL GARRAHAN FEDERAL, PARA FORTALECER LA RED NACIONAL DE SALUD PEDI\u00c1TRICA\",\"datePublished\":\"2023-11-15T22:06:22+00:00\",\"mainEntityOfPage\":{\"@id\":\"https:\/\/apuntesdesanluis.com\/index.php\/2023\/11\/15\/san-luis-se-sumo-al-garrahan-federal-para-fortalecer-la-red-nacional-de-salud-pediatrica\/\"},\"wordCount\":588,\"publisher\":{\"@id\":\"https:\/\/apuntesdesanluis.com\/#\/schema\/person\/b55151d52296fcce64d1a72538a70b90\"},\"image\":{\"@id\":\"https:\/\/apuntesdesanluis.com\/index.php\/2023\/11\/15\/san-luis-se-sumo-al-garrahan-federal-para-fortalecer-la-red-nacional-de-salud-pediatrica\/#primaryimage\"},\"thumbnailUrl\":\"https:\/\/apuntesdesanluis.com\/wp-content\/uploads\/2023\/11\/telered.png\",\"articleSection\":[\"Ciudad\/Provincia\"],\"inLanguage\":\"es-AR\"},{\"@type\":\"WebPage\",\"@id\":\"https:\/\/apuntesdesanluis.com\/index.php\/2023\/11\/15\/san-luis-se-sumo-al-garrahan-federal-para-fortalecer-la-red-nacional-de-salud-pediatrica\/\",\"url\":\"https:\/\/apuntesdesanluis.com\/index.php\/2023\/11\/15\/san-luis-se-sumo-al-garrahan-federal-para-fortalecer-la-red-nacional-de-salud-pediatrica\/\",\"name\":\"SAN LUIS SE SUM\u00d3 AL GARRAHAN FEDERAL, PARA FORTALECER LA RED NACIONAL DE SALUD PEDI\u00c1TRICA - Apuntes de San Luis\",\"isPartOf\":{\"@id\":\"https:\/\/apuntesdesanluis.com\/#website\"},\"primaryImageOfPage\":{\"@id\":\"https:\/\/apuntesdesanluis.com\/index.php\/2023\/11\/15\/san-luis-se-sumo-al-garrahan-federal-para-fortalecer-la-red-nacional-de-salud-pediatrica\/#primaryimage\"},\"image\":{\"@id\":\"https:\/\/apuntesdesanluis.com\/index.php\/2023\/11\/15\/san-luis-se-sumo-al-garrahan-federal-para-fortalecer-la-red-nacional-de-salud-pediatrica\/#primaryimage\"},\"thumbnailUrl\":\"https:\/\/apuntesdesanluis.com\/wp-content\/uploads\/2023\/11\/telered.png\",\"datePublished\":\"2023-11-15T22:06:22+00:00\",\"breadcrumb\":{\"@id\":\"https:\/\/apuntesdesanluis.com\/index.php\/2023\/11\/15\/san-luis-se-sumo-al-garrahan-federal-para-fortalecer-la-red-nacional-de-salud-pediatrica\/#breadcrumb\"},\"inLanguage\":\"es-AR\",\"potentialAction\":[{\"@type\":\"ReadAction\",\"target\":[\"https:\/\/apuntesdesanluis.com\/index.php\/2023\/11\/15\/san-luis-se-sumo-al-garrahan-federal-para-fortalecer-la-red-nacional-de-salud-pediatrica\/\"]}]},{\"@type\":\"ImageObject\",\"inLanguage\":\"es-AR\",\"@id\":\"https:\/\/apuntesdesanluis.com\/index.php\/2023\/11\/15\/san-luis-se-sumo-al-garrahan-federal-para-fortalecer-la-red-nacional-de-salud-pediatrica\/#primaryimage\",\"url\":\"https:\/\/apuntesdesanluis.com\/wp-content\/uploads\/2023\/11\/telered.png\",\"contentUrl\":\"https:\/\/apuntesdesanluis.com\/wp-content\/uploads\/2023\/11\/telered.png\",\"width\":577,\"height\":330},{\"@type\":\"BreadcrumbList\",\"@id\":\"https:\/\/apuntesdesanluis.com\/index.php\/2023\/11\/15\/san-luis-se-sumo-al-garrahan-federal-para-fortalecer-la-red-nacional-de-salud-pediatrica\/#breadcrumb\",\"itemListElement\":[{\"@type\":\"ListItem\",\"position\":1,\"name\":\"Inicio\",\"item\":\"https:\/\/apuntesdesanluis.com\/\"},{\"@type\":\"ListItem\",\"position\":2,\"name\":\"SAN LUIS SE SUM\u00d3 AL GARRAHAN FEDERAL, PARA FORTALECER LA RED NACIONAL DE SALUD PEDI\u00c1TRICA\"}]},{\"@type\":\"WebSite\",\"@id\":\"https:\/\/apuntesdesanluis.com\/#website\",\"url\":\"https:\/\/apuntesdesanluis.com\/\",\"name\":\"Apuntes de San Luis\",\"description\":\"\",\"publisher\":{\"@id\":\"https:\/\/apuntesdesanluis.com\/#\/schema\/person\/b55151d52296fcce64d1a72538a70b90\"},\"potentialAction\":[{\"@type\":\"SearchAction\",\"target\":{\"@type\":\"EntryPoint\",\"urlTemplate\":\"https:\/\/apuntesdesanluis.com\/?s={search_term_string}\"},\"query-input\":{\"@type\":\"PropertyValueSpecification\",\"valueRequired\":true,\"valueName\":\"search_term_string\"}}],\"inLanguage\":\"es-AR\"},{\"@type\":[\"Person\",\"Organization\"],\"@id\":\"https:\/\/apuntesdesanluis.com\/#\/schema\/person\/b55151d52296fcce64d1a72538a70b90\",\"name\":\"apuntesdesanluis.com\",\"image\":{\"@type\":\"ImageObject\",\"inLanguage\":\"es-AR\",\"@id\":\"https:\/\/apuntesdesanluis.com\/#\/schema\/person\/image\/\",\"url\":\"https:\/\/apuntesdesanluis.com\/wp-content\/uploads\/2023\/07\/cropped-apuntesdesanluis.png\",\"contentUrl\":\"https:\/\/apuntesdesanluis.com\/wp-content\/uploads\/2023\/07\/cropped-apuntesdesanluis.png\",\"width\":450,\"height\":112,\"caption\":\"apuntesdesanluis.com\"},\"logo\":{\"@id\":\"https:\/\/apuntesdesanluis.com\/#\/schema\/person\/image\/\"},\"sameAs\":[\"https:\/\/apuntesdesanluis.com\"],\"url\":\"https:\/\/apuntesdesanluis.com\/index.php\/author\/apuntesdesanluis-com\/\"}]}<\/script>\n<!-- \/ Yoast SEO plugin. -->","yoast_head_json":{"title":"SAN LUIS SE SUM\u00d3 AL GARRAHAN FEDERAL, PARA FORTALECER LA RED NACIONAL DE SALUD PEDI\u00c1TRICA - Apuntes de San Luis","robots":{"index":"index","follow":"follow","max-snippet":"max-snippet:-1","max-image-preview":"max-image-preview:large","max-video-preview":"max-video-preview:-1"},"canonical":"https:\/\/apuntesdesanluis.com\/index.php\/2023\/11\/15\/san-luis-se-sumo-al-garrahan-federal-para-fortalecer-la-red-nacional-de-salud-pediatrica\/","og_locale":"es_ES","og_type":"article","og_title":"SAN LUIS SE SUM\u00d3 AL GARRAHAN FEDERAL, PARA FORTALECER LA RED NACIONAL DE SALUD PEDI\u00c1TRICA - Apuntes de San Luis","og_description":"Mediante la firma de un convenio entre el Ministerio de Salud de San Luis y...","og_url":"https:\/\/apuntesdesanluis.com\/index.php\/2023\/11\/15\/san-luis-se-sumo-al-garrahan-federal-para-fortalecer-la-red-nacional-de-salud-pediatrica\/","og_site_name":"Apuntes de San Luis","article_published_time":"2023-11-15T22:06:22+00:00","og_image":[{"width":577,"height":330,"url":"https:\/\/apuntesdesanluis.com\/wp-content\/uploads\/2023\/11\/telered.png","type":"image\/png"}],"author":"apuntesdesanluis.com","twitter_card":"summary_large_image","twitter_misc":{"Escrito por":"apuntesdesanluis.com","Tiempo de lectura":"3 minutos"},"schema":{"@context":"https:\/\/schema.org","@graph":[{"@type":"Article","@id":"https:\/\/apuntesdesanluis.com\/index.php\/2023\/11\/15\/san-luis-se-sumo-al-garrahan-federal-para-fortalecer-la-red-nacional-de-salud-pediatrica\/#article","isPartOf":{"@id":"https:\/\/apuntesdesanluis.com\/index.php\/2023\/11\/15\/san-luis-se-sumo-al-garrahan-federal-para-fortalecer-la-red-nacional-de-salud-pediatrica\/"},"author":{"name":"apuntesdesanluis.com","@id":"https:\/\/apuntesdesanluis.com\/#\/schema\/person\/b55151d52296fcce64d1a72538a70b90"},"headline":"SAN LUIS SE SUM\u00d3 AL GARRAHAN FEDERAL, PARA FORTALECER LA RED NACIONAL DE SALUD PEDI\u00c1TRICA","datePublished":"2023-11-15T22:06:22+00:00","mainEntityOfPage":{"@id":"https:\/\/apuntesdesanluis.com\/index.php\/2023\/11\/15\/san-luis-se-sumo-al-garrahan-federal-para-fortalecer-la-red-nacional-de-salud-pediatrica\/"},"wordCount":588,"publisher":{"@id":"https:\/\/apuntesdesanluis.com\/#\/schema\/person\/b55151d52296fcce64d1a72538a70b90"},"image":{"@id":"https:\/\/apuntesdesanluis.com\/index.php\/2023\/11\/15\/san-luis-se-sumo-al-garrahan-federal-para-fortalecer-la-red-nacional-de-salud-pediatrica\/#primaryimage"},"thumbnailUrl":"https:\/\/apuntesdesanluis.com\/wp-content\/uploads\/2023\/11\/telered.png","articleSection":["Ciudad\/Provincia"],"inLanguage":"es-AR"},{"@type":"WebPage","@id":"https:\/\/apuntesdesanluis.com\/index.php\/2023\/11\/15\/san-luis-se-sumo-al-garrahan-federal-para-fortalecer-la-red-nacional-de-salud-pediatrica\/","url":"https:\/\/apuntesdesanluis.com\/index.php\/2023\/11\/15\/san-luis-se-sumo-al-garrahan-federal-para-fortalecer-la-red-nacional-de-salud-pediatrica\/","name":"SAN LUIS SE SUM\u00d3 AL GARRAHAN FEDERAL, PARA FORTALECER LA RED NACIONAL DE SALUD PEDI\u00c1TRICA - Apuntes de San Luis","isPartOf":{"@id":"https:\/\/apuntesdesanluis.com\/#website"},"primaryImageOfPage":{"@id":"https:\/\/apuntesdesanluis.com\/index.php\/2023\/11\/15\/san-luis-se-sumo-al-garrahan-federal-para-fortalecer-la-red-nacional-de-salud-pediatrica\/#primaryimage"},"image":{"@id":"https:\/\/apuntesdesanluis.com\/index.php\/2023\/11\/15\/san-luis-se-sumo-al-garrahan-federal-para-fortalecer-la-red-nacional-de-salud-pediatrica\/#primaryimage"},"thumbnailUrl":"https:\/\/apuntesdesanluis.com\/wp-content\/uploads\/2023\/11\/telered.png","datePublished":"2023-11-15T22:06:22+00:00","breadcrumb":{"@id":"https:\/\/apuntesdesanluis.com\/index.php\/2023\/11\/15\/san-luis-se-sumo-al-garrahan-federal-para-fortalecer-la-red-nacional-de-salud-pediatrica\/#breadcrumb"},"inLanguage":"es-AR","potentialAction":[{"@type":"ReadAction","target":["https:\/\/apuntesdesanluis.com\/index.php\/2023\/11\/15\/san-luis-se-sumo-al-garrahan-federal-para-fortalecer-la-red-nacional-de-salud-pediatrica\/"]}]},{"@type":"ImageObject","inLanguage":"es-AR","@id":"https:\/\/apuntesdesanluis.com\/index.php\/2023\/11\/15\/san-luis-se-sumo-al-garrahan-federal-para-fortalecer-la-red-nacional-de-salud-pediatrica\/#primaryimage","url":"https:\/\/apuntesdesanluis.com\/wp-content\/uploads\/2023\/11\/telered.png","contentUrl":"https:\/\/apuntesdesanluis.com\/wp-content\/uploads\/2023\/11\/telered.png","width":577,"height":330},{"@type":"BreadcrumbList","@id":"https:\/\/apuntesdesanluis.com\/index.php\/2023\/11\/15\/san-luis-se-sumo-al-garrahan-federal-para-fortalecer-la-red-nacional-de-salud-pediatrica\/#breadcrumb","itemListElement":[{"@type":"ListItem","position":1,"name":"Inicio","item":"https:\/\/apuntesdesanluis.com\/"},{"@type":"ListItem","position":2,"name":"SAN LUIS SE SUM\u00d3 AL GARRAHAN FEDERAL, PARA FORTALECER LA RED NACIONAL DE SALUD PEDI\u00c1TRICA"}]},{"@type":"WebSite","@id":"https:\/\/apuntesdesanluis.com\/#website","url":"https:\/\/apuntesdesanluis.com\/","name":"Apuntes de San Luis","description":"","publisher":{"@id":"https:\/\/apuntesdesanluis.com\/#\/schema\/person\/b55151d52296fcce64d1a72538a70b90"},"potentialAction":[{"@type":"SearchAction","target":{"@type":"EntryPoint","urlTemplate":"https:\/\/apuntesdesanluis.com\/?s={search_term_string}"},"query-input":{"@type":"PropertyValueSpecification","valueRequired":true,"valueName":"search_term_string"}}],"inLanguage":"es-AR"},{"@type":["Person","Organization"],"@id":"https:\/\/apuntesdesanluis.com\/#\/schema\/person\/b55151d52296fcce64d1a72538a70b90","name":"apuntesdesanluis.com","image":{"@type":"ImageObject","inLanguage":"es-AR","@id":"https:\/\/apuntesdesanluis.com\/#\/schema\/person\/image\/","url":"https:\/\/apuntesdesanluis.com\/wp-content\/uploads\/2023\/07\/cropped-apuntesdesanluis.png","contentUrl":"https:\/\/apuntesdesanluis.com\/wp-content\/uploads\/2023\/07\/cropped-apuntesdesanluis.png","width":450,"height":112,"caption":"apuntesdesanluis.com"},"logo":{"@id":"https:\/\/apuntesdesanluis.com\/#\/schema\/person\/image\/"},"sameAs":["https:\/\/apuntesdesanluis.com"],"url":"https:\/\/apuntesdesanluis.com\/index.php\/author\/apuntesdesanluis-com\/"}]}},"featured_image_urls":{"full":["https:\/\/apuntesdesanluis.com\/wp-content\/uploads\/2023\/11\/telered.png",577,330,false],"thumbnail":["https:\/\/apuntesdesanluis.com\/wp-content\/uploads\/2023\/11\/telered-150x150.png",150,150,true],"medium":["https:\/\/apuntesdesanluis.com\/wp-content\/uploads\/2023\/11\/telered-300x172.png",300,172,true],"medium_large":["https:\/\/apuntesdesanluis.com\/wp-content\/uploads\/2023\/11\/telered.png",577,330,false],"large":["https:\/\/apuntesdesanluis.com\/wp-content\/uploads\/2023\/11\/telered.png",577,330,false],"1536x1536":["https:\/\/apuntesdesanluis.com\/wp-content\/uploads\/2023\/11\/telered.png",577,330,false],"2048x2048":["https:\/\/apuntesdesanluis.com\/wp-content\/uploads\/2023\/11\/telered.png",577,330,false],"newsever-slider-full":["https:\/\/apuntesdesanluis.com\/wp-content\/uploads\/2023\/11\/telered.png",577,330,false],"newsever-featured":["https:\/\/apuntesdesanluis.com\/wp-content\/uploads\/2023\/11\/telered.png",577,330,false],"newsever-medium":["https:\/\/apuntesdesanluis.com\/wp-content\/uploads\/2023\/11\/telered.png",577,330,false]},"author_info":{"display_name":"apuntesdesanluis.com","author_link":"https:\/\/apuntesdesanluis.com\/index.php\/author\/apuntesdesanluis-com\/"},"category_info":"<a href=\"https:\/\/apuntesdesanluis.com\/index.php\/category\/ciudad-provincia\/\" rel=\"category tag\">Ciudad\/Provincia<\/a>","tag_info":"Ciudad\/Provincia","comment_count":"0","_links":{"self":[{"href":"https:\/\/apuntesdesanluis.com\/index.php\/wp-json\/wp\/v2\/posts\/6887","targetHints":{"allow":["GET"]}}],"collection":[{"href":"https:\/\/apuntesdesanluis.com\/index.php\/wp-json\/wp\/v2\/posts"}],"about":[{"href":"https:\/\/apuntesdesanluis.com\/index.php\/wp-json\/wp\/v2\/types\/post"}],"author":[{"embeddable":true,"href":"https:\/\/apuntesdesanluis.com\/index.php\/wp-json\/wp\/v2\/users\/1"}],"replies":[{"embeddable":true,"href":"https:\/\/apuntesdesanluis.com\/index.php\/wp-json\/wp\/v2\/comments?post=6887"}],"version-history":[{"count":1,"href":"https:\/\/apuntesdesanluis.com\/index.php\/wp-json\/wp\/v2\/posts\/6887\/revisions"}],"predecessor-version":[{"id":6890,"href":"https:\/\/apuntesdesanluis.com\/index.php\/wp-json\/wp\/v2\/posts\/6887\/revisions\/6890"}],"wp:featuredmedia":[{"embeddable":true,"href":"https:\/\/apuntesdesanluis.com\/index.php\/wp-json\/wp\/v2\/media\/6888"}],"wp:attachment":[{"href":"https:\/\/apuntesdesanluis.com\/index.php\/wp-json\/wp\/v2\/media?parent=6887"}],"wp:term":[{"taxonomy":"category","embeddable":true,"href":"https:\/\/apuntesdesanluis.com\/index.php\/wp-json\/wp\/v2\/categories?post=6887"},{"taxonomy":"post_tag","embeddable":true,"href":"https:\/\/apuntesdesanluis.com\/index.php\/wp-json\/wp\/v2\/tags?post=6887"}],"curies":[{"name":"wp","href":"https:\/\/api.w.org\/{rel}","templated":true}]}}