{"id":6911,"date":"2023-11-16T02:10:49","date_gmt":"2023-11-16T05:10:49","guid":{"rendered":"https:\/\/apuntesdesanluis.com\/?p=6911"},"modified":"2023-11-16T02:27:10","modified_gmt":"2023-11-16T05:27:10","slug":"jose-giraudo-del-frente-nuevo-hizo-explicito-su-apoyo-a-sergio-massa","status":"publish","type":"post","link":"https:\/\/apuntesdesanluis.com\/index.php\/2023\/11\/16\/jose-giraudo-del-frente-nuevo-hizo-explicito-su-apoyo-a-sergio-massa\/","title":{"rendered":"JOS\u00c9 GIRAUDO DEL \u201cFRENTE NUEVO\u201d HIZO EXPL\u00cdCITO SU APOYO A SERGIO MASSA"},"content":{"rendered":"<h3>El dirigente villamercedino se diferenci\u00f3 as\u00ed de la postura adoptada por el Senador Nacional Adolfo Adolfo Rodr\u00edguez Sa\u00e1, quien en las \u00faltimas horas dej\u00f3 \u201cen libertad de acci\u00f3n a su fuerza pol\u00edtica \u201cTodos Unidos\u201d. \u201cNo es momento para tibiezas\u201d, argument\u00f3 el ex diputado provincial.<\/h3>\n<h3><strong>Jos\u00e9 Giraudo<\/strong>, el principal referente pol\u00edtico del \u201cFrente Nuevo\u201d, fuerza que obtuvo el segundo lugar en Villa Mercedes en las pasadas elecciones provinciales y que acompa\u00f1aron a Claudio Poggi como gobernador, manifest\u00f3 que una importante cantidad de dirigentes y legisladores de su espacio \u201capoyamos expl\u00edcitamente la candidatura de Sergio Massa a presidente\u201d.<\/h3>\n<h3>\u201cEs evidente y palpable la enorme diferencia, no s\u00f3lo ideol\u00f3gica, sino tambi\u00e9n en preparaci\u00f3n como hombre de estado entre Massa y Milei\u201d. \u201cNo podemos estar con personas que quieren dar vouchers para la educaci\u00f3n p\u00fablica, que hablan de la venta de \u00f3rganos como un mercado y que proponen la motosierra para los subsidios del estado sin explicarle bien a la gente que esa motosierra, en rigor, se aplicar\u00e1 a la salud p\u00fablica, a los jubilados, a la tarifa de gas, electricidad, transporte, etc. De alguna manera Milei est\u00e1 enga\u00f1ando a la sociedad, porque no le est\u00e1 explicando las consecuencias sociales de las medidas y a qui\u00e9nes va a afectar\u201d, enfatiz\u00f3.<\/h3>\n<h3>Entre quienes respaldan la decisi\u00f3n de acompa\u00f1ar expl\u00edcitamente a Massa mencion\u00f3 a <strong>Miguel Ferrero, Maia Loredo, Ver\u00f3nica Causi<\/strong>, entre algunos de los legisladores que asumir\u00e1n el pr\u00f3ximo 10 de diciembre.<\/h3>\n<h3>Asimismo, el dirigente mencion\u00f3 que acompa\u00f1an, militan y participan activamente de la campa\u00f1a a los dirigentes <strong>Ignacio Montero, Daniel Vilchez, Ver\u00f3nica Herrera, Guillermo Carmona, Orlando Funes, Germ\u00e1n Dom\u00ednguez, N\u00e9stor Marchisonne<\/strong>, entre otros.<\/h3>\n<h3>Consultado sobre si su decisi\u00f3n podr\u00eda afectar las relaciones con Claudio Poggi manifest\u00f3: \u201cDe ninguna manera. Lo he hablado personalmente con el Gobernador electo y no s\u00f3lo ha comprendido la decisi\u00f3n que hemos adoptado, sino que adem\u00e1s no nos ha formulado ninguna objeci\u00f3n. Tenemos que tener presente que el Gobernador Poggi es una persona muy abierta, propensa al di\u00e1logo y al respeto de las diferentes ideas. Todo lo contrario a Alberto Rodr\u00edguez Sa\u00e1.\u201d<\/h3>\n<h3>\u201cLo cierto, es que el pr\u00f3ximo domingo, no es momentos para tibiezas\u2026\u201d, concluy\u00f3.<\/h3>\n<p>&nbsp;<\/p>\n<p>&nbsp;<\/p>\n<p>&nbsp;<\/p>\n<p>&nbsp;<\/p>\n","protected":false},"excerpt":{"rendered":"<p>El dirigente villamercedino se diferenci\u00f3 as\u00ed de la postura adoptada por el Senador Nacional Adolfo&#8230;<\/p>\n","protected":false},"author":1,"featured_media":6912,"comment_status":"closed","ping_status":"closed","sticky":false,"template":"","format":"standard","meta":{"footnotes":""},"categories":[6],"tags":[],"class_list":["post-6911","post","type-post","status-publish","format-standard","has-post-thumbnail","hentry","category-ciudad-provincia"],"yoast_head":"<!-- This site is optimized with the Yoast SEO plugin v26.1.1 - https:\/\/yoast.com\/wordpress\/plugins\/seo\/ -->\n<title>JOS\u00c9 GIRAUDO DEL \u201cFRENTE NUEVO\u201d HIZO EXPL\u00cdCITO SU APOYO A SERGIO MASSA - Apuntes de San Luis<\/title>\n<meta name=\"robots\" content=\"index, follow, max-snippet:-1, max-image-preview:large, max-video-preview:-1\" \/>\n<link rel=\"canonical\" href=\"https:\/\/apuntesdesanluis.com\/index.php\/2023\/11\/16\/jose-giraudo-del-frente-nuevo-hizo-explicito-su-apoyo-a-sergio-massa\/\" \/>\n<meta property=\"og:locale\" content=\"es_ES\" \/>\n<meta property=\"og:type\" content=\"article\" \/>\n<meta property=\"og:title\" content=\"JOS\u00c9 GIRAUDO DEL \u201cFRENTE NUEVO\u201d HIZO EXPL\u00cdCITO SU APOYO A SERGIO MASSA - Apuntes de San Luis\" \/>\n<meta property=\"og:description\" content=\"El dirigente villamercedino se diferenci\u00f3 as\u00ed de la postura adoptada por el Senador Nacional Adolfo...\" \/>\n<meta property=\"og:url\" content=\"https:\/\/apuntesdesanluis.com\/index.php\/2023\/11\/16\/jose-giraudo-del-frente-nuevo-hizo-explicito-su-apoyo-a-sergio-massa\/\" \/>\n<meta property=\"og:site_name\" content=\"Apuntes de San Luis\" \/>\n<meta property=\"article:published_time\" content=\"2023-11-16T05:10:49+00:00\" \/>\n<meta property=\"article:modified_time\" content=\"2023-11-16T05:27:10+00:00\" \/>\n<meta property=\"og:image\" content=\"https:\/\/apuntesdesanluis.com\/wp-content\/uploads\/2023\/11\/GIRAUDO-MASSA.png\" \/>\n\t<meta property=\"og:image:width\" content=\"546\" \/>\n\t<meta property=\"og:image:height\" content=\"342\" \/>\n\t<meta property=\"og:image:type\" content=\"image\/png\" \/>\n<meta name=\"author\" content=\"apuntesdesanluis.com\" \/>\n<meta name=\"twitter:card\" content=\"summary_large_image\" \/>\n<meta name=\"twitter:label1\" content=\"Escrito por\" \/>\n\t<meta name=\"twitter:data1\" content=\"apuntesdesanluis.com\" \/>\n\t<meta name=\"twitter:label2\" content=\"Tiempo de lectura\" \/>\n\t<meta name=\"twitter:data2\" content=\"2 minutos\" \/>\n<script type=\"application\/ld+json\" class=\"yoast-schema-graph\">{\"@context\":\"https:\/\/schema.org\",\"@graph\":[{\"@type\":\"Article\",\"@id\":\"https:\/\/apuntesdesanluis.com\/index.php\/2023\/11\/16\/jose-giraudo-del-frente-nuevo-hizo-explicito-su-apoyo-a-sergio-massa\/#article\",\"isPartOf\":{\"@id\":\"https:\/\/apuntesdesanluis.com\/index.php\/2023\/11\/16\/jose-giraudo-del-frente-nuevo-hizo-explicito-su-apoyo-a-sergio-massa\/\"},\"author\":{\"name\":\"apuntesdesanluis.com\",\"@id\":\"https:\/\/apuntesdesanluis.com\/#\/schema\/person\/b55151d52296fcce64d1a72538a70b90\"},\"headline\":\"JOS\u00c9 GIRAUDO DEL \u201cFRENTE NUEVO\u201d HIZO EXPL\u00cdCITO SU APOYO A SERGIO MASSA\",\"datePublished\":\"2023-11-16T05:10:49+00:00\",\"dateModified\":\"2023-11-16T05:27:10+00:00\",\"mainEntityOfPage\":{\"@id\":\"https:\/\/apuntesdesanluis.com\/index.php\/2023\/11\/16\/jose-giraudo-del-frente-nuevo-hizo-explicito-su-apoyo-a-sergio-massa\/\"},\"wordCount\":406,\"publisher\":{\"@id\":\"https:\/\/apuntesdesanluis.com\/#\/schema\/person\/b55151d52296fcce64d1a72538a70b90\"},\"image\":{\"@id\":\"https:\/\/apuntesdesanluis.com\/index.php\/2023\/11\/16\/jose-giraudo-del-frente-nuevo-hizo-explicito-su-apoyo-a-sergio-massa\/#primaryimage\"},\"thumbnailUrl\":\"https:\/\/apuntesdesanluis.com\/wp-content\/uploads\/2023\/11\/GIRAUDO-MASSA.png\",\"articleSection\":[\"Ciudad\/Provincia\"],\"inLanguage\":\"es-AR\"},{\"@type\":\"WebPage\",\"@id\":\"https:\/\/apuntesdesanluis.com\/index.php\/2023\/11\/16\/jose-giraudo-del-frente-nuevo-hizo-explicito-su-apoyo-a-sergio-massa\/\",\"url\":\"https:\/\/apuntesdesanluis.com\/index.php\/2023\/11\/16\/jose-giraudo-del-frente-nuevo-hizo-explicito-su-apoyo-a-sergio-massa\/\",\"name\":\"JOS\u00c9 GIRAUDO DEL \u201cFRENTE NUEVO\u201d HIZO EXPL\u00cdCITO SU APOYO A SERGIO MASSA - Apuntes de San Luis\",\"isPartOf\":{\"@id\":\"https:\/\/apuntesdesanluis.com\/#website\"},\"primaryImageOfPage\":{\"@id\":\"https:\/\/apuntesdesanluis.com\/index.php\/2023\/11\/16\/jose-giraudo-del-frente-nuevo-hizo-explicito-su-apoyo-a-sergio-massa\/#primaryimage\"},\"image\":{\"@id\":\"https:\/\/apuntesdesanluis.com\/index.php\/2023\/11\/16\/jose-giraudo-del-frente-nuevo-hizo-explicito-su-apoyo-a-sergio-massa\/#primaryimage\"},\"thumbnailUrl\":\"https:\/\/apuntesdesanluis.com\/wp-content\/uploads\/2023\/11\/GIRAUDO-MASSA.png\",\"datePublished\":\"2023-11-16T05:10:49+00:00\",\"dateModified\":\"2023-11-16T05:27:10+00:00\",\"breadcrumb\":{\"@id\":\"https:\/\/apuntesdesanluis.com\/index.php\/2023\/11\/16\/jose-giraudo-del-frente-nuevo-hizo-explicito-su-apoyo-a-sergio-massa\/#breadcrumb\"},\"inLanguage\":\"es-AR\",\"potentialAction\":[{\"@type\":\"ReadAction\",\"target\":[\"https:\/\/apuntesdesanluis.com\/index.php\/2023\/11\/16\/jose-giraudo-del-frente-nuevo-hizo-explicito-su-apoyo-a-sergio-massa\/\"]}]},{\"@type\":\"ImageObject\",\"inLanguage\":\"es-AR\",\"@id\":\"https:\/\/apuntesdesanluis.com\/index.php\/2023\/11\/16\/jose-giraudo-del-frente-nuevo-hizo-explicito-su-apoyo-a-sergio-massa\/#primaryimage\",\"url\":\"https:\/\/apuntesdesanluis.com\/wp-content\/uploads\/2023\/11\/GIRAUDO-MASSA.png\",\"contentUrl\":\"https:\/\/apuntesdesanluis.com\/wp-content\/uploads\/2023\/11\/GIRAUDO-MASSA.png\",\"width\":546,\"height\":342},{\"@type\":\"BreadcrumbList\",\"@id\":\"https:\/\/apuntesdesanluis.com\/index.php\/2023\/11\/16\/jose-giraudo-del-frente-nuevo-hizo-explicito-su-apoyo-a-sergio-massa\/#breadcrumb\",\"itemListElement\":[{\"@type\":\"ListItem\",\"position\":1,\"name\":\"Inicio\",\"item\":\"https:\/\/apuntesdesanluis.com\/\"},{\"@type\":\"ListItem\",\"position\":2,\"name\":\"JOS\u00c9 GIRAUDO DEL \u201cFRENTE NUEVO\u201d HIZO EXPL\u00cdCITO SU APOYO A SERGIO MASSA\"}]},{\"@type\":\"WebSite\",\"@id\":\"https:\/\/apuntesdesanluis.com\/#website\",\"url\":\"https:\/\/apuntesdesanluis.com\/\",\"name\":\"Apuntes de San Luis\",\"description\":\"\",\"publisher\":{\"@id\":\"https:\/\/apuntesdesanluis.com\/#\/schema\/person\/b55151d52296fcce64d1a72538a70b90\"},\"potentialAction\":[{\"@type\":\"SearchAction\",\"target\":{\"@type\":\"EntryPoint\",\"urlTemplate\":\"https:\/\/apuntesdesanluis.com\/?s={search_term_string}\"},\"query-input\":{\"@type\":\"PropertyValueSpecification\",\"valueRequired\":true,\"valueName\":\"search_term_string\"}}],\"inLanguage\":\"es-AR\"},{\"@type\":[\"Person\",\"Organization\"],\"@id\":\"https:\/\/apuntesdesanluis.com\/#\/schema\/person\/b55151d52296fcce64d1a72538a70b90\",\"name\":\"apuntesdesanluis.com\",\"image\":{\"@type\":\"ImageObject\",\"inLanguage\":\"es-AR\",\"@id\":\"https:\/\/apuntesdesanluis.com\/#\/schema\/person\/image\/\",\"url\":\"https:\/\/apuntesdesanluis.com\/wp-content\/uploads\/2023\/07\/cropped-apuntesdesanluis.png\",\"contentUrl\":\"https:\/\/apuntesdesanluis.com\/wp-content\/uploads\/2023\/07\/cropped-apuntesdesanluis.png\",\"width\":450,\"height\":112,\"caption\":\"apuntesdesanluis.com\"},\"logo\":{\"@id\":\"https:\/\/apuntesdesanluis.com\/#\/schema\/person\/image\/\"},\"sameAs\":[\"https:\/\/apuntesdesanluis.com\"],\"url\":\"https:\/\/apuntesdesanluis.com\/index.php\/author\/apuntesdesanluis-com\/\"}]}<\/script>\n<!-- \/ Yoast SEO plugin. -->","yoast_head_json":{"title":"JOS\u00c9 GIRAUDO DEL \u201cFRENTE NUEVO\u201d HIZO EXPL\u00cdCITO SU APOYO A SERGIO MASSA - Apuntes de San Luis","robots":{"index":"index","follow":"follow","max-snippet":"max-snippet:-1","max-image-preview":"max-image-preview:large","max-video-preview":"max-video-preview:-1"},"canonical":"https:\/\/apuntesdesanluis.com\/index.php\/2023\/11\/16\/jose-giraudo-del-frente-nuevo-hizo-explicito-su-apoyo-a-sergio-massa\/","og_locale":"es_ES","og_type":"article","og_title":"JOS\u00c9 GIRAUDO DEL \u201cFRENTE NUEVO\u201d HIZO EXPL\u00cdCITO SU APOYO A SERGIO MASSA - Apuntes de San Luis","og_description":"El dirigente villamercedino se diferenci\u00f3 as\u00ed de la postura adoptada por el Senador Nacional Adolfo...","og_url":"https:\/\/apuntesdesanluis.com\/index.php\/2023\/11\/16\/jose-giraudo-del-frente-nuevo-hizo-explicito-su-apoyo-a-sergio-massa\/","og_site_name":"Apuntes de San Luis","article_published_time":"2023-11-16T05:10:49+00:00","article_modified_time":"2023-11-16T05:27:10+00:00","og_image":[{"width":546,"height":342,"url":"https:\/\/apuntesdesanluis.com\/wp-content\/uploads\/2023\/11\/GIRAUDO-MASSA.png","type":"image\/png"}],"author":"apuntesdesanluis.com","twitter_card":"summary_large_image","twitter_misc":{"Escrito por":"apuntesdesanluis.com","Tiempo de lectura":"2 minutos"},"schema":{"@context":"https:\/\/schema.org","@graph":[{"@type":"Article","@id":"https:\/\/apuntesdesanluis.com\/index.php\/2023\/11\/16\/jose-giraudo-del-frente-nuevo-hizo-explicito-su-apoyo-a-sergio-massa\/#article","isPartOf":{"@id":"https:\/\/apuntesdesanluis.com\/index.php\/2023\/11\/16\/jose-giraudo-del-frente-nuevo-hizo-explicito-su-apoyo-a-sergio-massa\/"},"author":{"name":"apuntesdesanluis.com","@id":"https:\/\/apuntesdesanluis.com\/#\/schema\/person\/b55151d52296fcce64d1a72538a70b90"},"headline":"JOS\u00c9 GIRAUDO DEL \u201cFRENTE NUEVO\u201d HIZO EXPL\u00cdCITO SU APOYO A SERGIO MASSA","datePublished":"2023-11-16T05:10:49+00:00","dateModified":"2023-11-16T05:27:10+00:00","mainEntityOfPage":{"@id":"https:\/\/apuntesdesanluis.com\/index.php\/2023\/11\/16\/jose-giraudo-del-frente-nuevo-hizo-explicito-su-apoyo-a-sergio-massa\/"},"wordCount":406,"publisher":{"@id":"https:\/\/apuntesdesanluis.com\/#\/schema\/person\/b55151d52296fcce64d1a72538a70b90"},"image":{"@id":"https:\/\/apuntesdesanluis.com\/index.php\/2023\/11\/16\/jose-giraudo-del-frente-nuevo-hizo-explicito-su-apoyo-a-sergio-massa\/#primaryimage"},"thumbnailUrl":"https:\/\/apuntesdesanluis.com\/wp-content\/uploads\/2023\/11\/GIRAUDO-MASSA.png","articleSection":["Ciudad\/Provincia"],"inLanguage":"es-AR"},{"@type":"WebPage","@id":"https:\/\/apuntesdesanluis.com\/index.php\/2023\/11\/16\/jose-giraudo-del-frente-nuevo-hizo-explicito-su-apoyo-a-sergio-massa\/","url":"https:\/\/apuntesdesanluis.com\/index.php\/2023\/11\/16\/jose-giraudo-del-frente-nuevo-hizo-explicito-su-apoyo-a-sergio-massa\/","name":"JOS\u00c9 GIRAUDO DEL \u201cFRENTE NUEVO\u201d HIZO EXPL\u00cdCITO SU APOYO A SERGIO MASSA - Apuntes de San Luis","isPartOf":{"@id":"https:\/\/apuntesdesanluis.com\/#website"},"primaryImageOfPage":{"@id":"https:\/\/apuntesdesanluis.com\/index.php\/2023\/11\/16\/jose-giraudo-del-frente-nuevo-hizo-explicito-su-apoyo-a-sergio-massa\/#primaryimage"},"image":{"@id":"https:\/\/apuntesdesanluis.com\/index.php\/2023\/11\/16\/jose-giraudo-del-frente-nuevo-hizo-explicito-su-apoyo-a-sergio-massa\/#primaryimage"},"thumbnailUrl":"https:\/\/apuntesdesanluis.com\/wp-content\/uploads\/2023\/11\/GIRAUDO-MASSA.png","datePublished":"2023-11-16T05:10:49+00:00","dateModified":"2023-11-16T05:27:10+00:00","breadcrumb":{"@id":"https:\/\/apuntesdesanluis.com\/index.php\/2023\/11\/16\/jose-giraudo-del-frente-nuevo-hizo-explicito-su-apoyo-a-sergio-massa\/#breadcrumb"},"inLanguage":"es-AR","potentialAction":[{"@type":"ReadAction","target":["https:\/\/apuntesdesanluis.com\/index.php\/2023\/11\/16\/jose-giraudo-del-frente-nuevo-hizo-explicito-su-apoyo-a-sergio-massa\/"]}]},{"@type":"ImageObject","inLanguage":"es-AR","@id":"https:\/\/apuntesdesanluis.com\/index.php\/2023\/11\/16\/jose-giraudo-del-frente-nuevo-hizo-explicito-su-apoyo-a-sergio-massa\/#primaryimage","url":"https:\/\/apuntesdesanluis.com\/wp-content\/uploads\/2023\/11\/GIRAUDO-MASSA.png","contentUrl":"https:\/\/apuntesdesanluis.com\/wp-content\/uploads\/2023\/11\/GIRAUDO-MASSA.png","width":546,"height":342},{"@type":"BreadcrumbList","@id":"https:\/\/apuntesdesanluis.com\/index.php\/2023\/11\/16\/jose-giraudo-del-frente-nuevo-hizo-explicito-su-apoyo-a-sergio-massa\/#breadcrumb","itemListElement":[{"@type":"ListItem","position":1,"name":"Inicio","item":"https:\/\/apuntesdesanluis.com\/"},{"@type":"ListItem","position":2,"name":"JOS\u00c9 GIRAUDO DEL \u201cFRENTE NUEVO\u201d HIZO EXPL\u00cdCITO SU APOYO A SERGIO MASSA"}]},{"@type":"WebSite","@id":"https:\/\/apuntesdesanluis.com\/#website","url":"https:\/\/apuntesdesanluis.com\/","name":"Apuntes de San Luis","description":"","publisher":{"@id":"https:\/\/apuntesdesanluis.com\/#\/schema\/person\/b55151d52296fcce64d1a72538a70b90"},"potentialAction":[{"@type":"SearchAction","target":{"@type":"EntryPoint","urlTemplate":"https:\/\/apuntesdesanluis.com\/?s={search_term_string}"},"query-input":{"@type":"PropertyValueSpecification","valueRequired":true,"valueName":"search_term_string"}}],"inLanguage":"es-AR"},{"@type":["Person","Organization"],"@id":"https:\/\/apuntesdesanluis.com\/#\/schema\/person\/b55151d52296fcce64d1a72538a70b90","name":"apuntesdesanluis.com","image":{"@type":"ImageObject","inLanguage":"es-AR","@id":"https:\/\/apuntesdesanluis.com\/#\/schema\/person\/image\/","url":"https:\/\/apuntesdesanluis.com\/wp-content\/uploads\/2023\/07\/cropped-apuntesdesanluis.png","contentUrl":"https:\/\/apuntesdesanluis.com\/wp-content\/uploads\/2023\/07\/cropped-apuntesdesanluis.png","width":450,"height":112,"caption":"apuntesdesanluis.com"},"logo":{"@id":"https:\/\/apuntesdesanluis.com\/#\/schema\/person\/image\/"},"sameAs":["https:\/\/apuntesdesanluis.com"],"url":"https:\/\/apuntesdesanluis.com\/index.php\/author\/apuntesdesanluis-com\/"}]}},"featured_image_urls":{"full":["https:\/\/apuntesdesanluis.com\/wp-content\/uploads\/2023\/11\/GIRAUDO-MASSA.png",546,342,false],"thumbnail":["https:\/\/apuntesdesanluis.com\/wp-content\/uploads\/2023\/11\/GIRAUDO-MASSA-150x150.png",150,150,true],"medium":["https:\/\/apuntesdesanluis.com\/wp-content\/uploads\/2023\/11\/GIRAUDO-MASSA-300x188.png",300,188,true],"medium_large":["https:\/\/apuntesdesanluis.com\/wp-content\/uploads\/2023\/11\/GIRAUDO-MASSA.png",546,342,false],"large":["https:\/\/apuntesdesanluis.com\/wp-content\/uploads\/2023\/11\/GIRAUDO-MASSA.png",546,342,false],"1536x1536":["https:\/\/apuntesdesanluis.com\/wp-content\/uploads\/2023\/11\/GIRAUDO-MASSA.png",546,342,false],"2048x2048":["https:\/\/apuntesdesanluis.com\/wp-content\/uploads\/2023\/11\/GIRAUDO-MASSA.png",546,342,false],"newsever-slider-full":["https:\/\/apuntesdesanluis.com\/wp-content\/uploads\/2023\/11\/GIRAUDO-MASSA.png",546,342,false],"newsever-featured":["https:\/\/apuntesdesanluis.com\/wp-content\/uploads\/2023\/11\/GIRAUDO-MASSA.png",546,342,false],"newsever-medium":["https:\/\/apuntesdesanluis.com\/wp-content\/uploads\/2023\/11\/GIRAUDO-MASSA.png",546,342,false]},"author_info":{"display_name":"apuntesdesanluis.com","author_link":"https:\/\/apuntesdesanluis.com\/index.php\/author\/apuntesdesanluis-com\/"},"category_info":"<a href=\"https:\/\/apuntesdesanluis.com\/index.php\/category\/ciudad-provincia\/\" rel=\"category tag\">Ciudad\/Provincia<\/a>","tag_info":"Ciudad\/Provincia","comment_count":"0","_links":{"self":[{"href":"https:\/\/apuntesdesanluis.com\/index.php\/wp-json\/wp\/v2\/posts\/6911","targetHints":{"allow":["GET"]}}],"collection":[{"href":"https:\/\/apuntesdesanluis.com\/index.php\/wp-json\/wp\/v2\/posts"}],"about":[{"href":"https:\/\/apuntesdesanluis.com\/index.php\/wp-json\/wp\/v2\/types\/post"}],"author":[{"embeddable":true,"href":"https:\/\/apuntesdesanluis.com\/index.php\/wp-json\/wp\/v2\/users\/1"}],"replies":[{"embeddable":true,"href":"https:\/\/apuntesdesanluis.com\/index.php\/wp-json\/wp\/v2\/comments?post=6911"}],"version-history":[{"count":3,"href":"https:\/\/apuntesdesanluis.com\/index.php\/wp-json\/wp\/v2\/posts\/6911\/revisions"}],"predecessor-version":[{"id":6922,"href":"https:\/\/apuntesdesanluis.com\/index.php\/wp-json\/wp\/v2\/posts\/6911\/revisions\/6922"}],"wp:featuredmedia":[{"embeddable":true,"href":"https:\/\/apuntesdesanluis.com\/index.php\/wp-json\/wp\/v2\/media\/6912"}],"wp:attachment":[{"href":"https:\/\/apuntesdesanluis.com\/index.php\/wp-json\/wp\/v2\/media?parent=6911"}],"wp:term":[{"taxonomy":"category","embeddable":true,"href":"https:\/\/apuntesdesanluis.com\/index.php\/wp-json\/wp\/v2\/categories?post=6911"},{"taxonomy":"post_tag","embeddable":true,"href":"https:\/\/apuntesdesanluis.com\/index.php\/wp-json\/wp\/v2\/tags?post=6911"}],"curies":[{"name":"wp","href":"https:\/\/api.w.org\/{rel}","templated":true}]}}