{"id":6934,"date":"2023-11-16T02:44:54","date_gmt":"2023-11-16T05:44:54","guid":{"rendered":"https:\/\/apuntesdesanluis.com\/?p=6934"},"modified":"2023-11-16T02:44:54","modified_gmt":"2023-11-16T05:44:54","slug":"sergio-massa-mi-convocatoria-plantea-construir-alternancia-y-bipartidismo","status":"publish","type":"post","link":"https:\/\/apuntesdesanluis.com\/index.php\/2023\/11\/16\/sergio-massa-mi-convocatoria-plantea-construir-alternancia-y-bipartidismo\/","title":{"rendered":"SERGIO MASSA: \u201cMI CONVOCATORIA PLANTEA CONSTRUIR ALTERNANCIA Y BIPARTIDISMO\u201d"},"content":{"rendered":"<h3>El candidato presidencial de Uni\u00f3n por la Patria, <strong>Sergio Massa<\/strong>, volvi\u00f3 a marcar sus diferencias con el aspirante presidencial de La Libertad Avanza (LLA), <strong>Javier Milei<\/strong>, tras volver a insistir con la construcci\u00f3n de un gobierno de unidad nacional en caso de que sea elegido como el pr\u00f3ximo mandatario: \u201cMi convocatoria plantea construir alternancia y bipartidismo\u201d, con el objetivo de fortalecer la creaci\u00f3n de pol\u00edticas de Estado.<\/h3>\n<h3>\u201cMi convocatoria al Gobierno lo que plantea es construir alternancia y bipartidismo\u201d, explic\u00f3 el referente pol\u00edtico al destacar que el trabajo conjunto entre el oficialismo y la oposici\u00f3n lograr\u00eda una mejor gesti\u00f3n de las pol\u00edticas estatales. \u201cLa Argentina de enemigo o no, se muere el 10 de diciembre, porque mi vocaci\u00f3n es convocar a todos\u201d, adelant\u00f3, al desmentir que tuviera problemas personales con Javier Milei o Mauricio Macri.<\/h3>\n<h3>\u201cVamos a un cambio muy profundo en el funcionamiento de la administraci\u00f3n p\u00fablica, unificaci\u00f3n de empresas p\u00fablicas, un esquema donde tengamos la oportunidad de achicar el gasto y ser m\u00e1s eficientes en las contrataciones del estado\u201d, propuso.<\/h3>\n<p><iframe title=\"JAVIER MILEI Y SERGIO MASSA EN A DOS VOCES ( Programa completo 16\/11\/2023)\" width=\"640\" height=\"360\" src=\"https:\/\/www.youtube.com\/embed\/hczWeDKsj74?start=2072&#038;feature=oembed\" frameborder=\"0\" allow=\"accelerometer; autoplay; clipboard-write; encrypted-media; gyroscope; picture-in-picture; web-share\" referrerpolicy=\"strict-origin-when-cross-origin\" allowfullscreen><\/iframe><\/p>\n<h3>Luego de que el funcionario p\u00fablico anticipara que la Oficina de Anticorrupci\u00f3n ser\u00e1 administrada por la oposici\u00f3n, Massa confirm\u00f3 que el Ministerio de Econom\u00eda quedar\u00e1 en manos de una persona que no pertenecer\u00eda a su espacio pol\u00edtico. \u201cLa pol\u00edtica econ\u00f3mica la va a dirigir alguien a quien no voy a exponer hasta despu\u00e9s de la elecci\u00f3n\u201d, mencion\u00f3 sobre el anuncio que realizar\u00eda entre el lunes y martes, si el resultado del balotaje lo convierte en el sucesor de Alberto Fern\u00e1ndez.<\/h3>\n<h3>A pesar de la negativa a revelar el nombre de su elegido, el ex intendente de Tigre brind\u00f3 algunas caracter\u00edsticas claves del perfil del candidato. \u201cNo est\u00e1 en mi fuerza pol\u00edtica, tiene una enorme capacidad de gesti\u00f3n y ser\u00e1 una de las primeras muestras de que tengo intenci\u00f3n de unidad\u201d, describi\u00f3 al recordar que su idea de uni\u00f3n entre las fuerzas nacionales la plante\u00f3 desde 2014, cuando form\u00f3 una alianza con el ex gobernador de C\u00f3rdoba, Jos\u00e9 Manuel De la Sota.<\/h3>\n<h3>\u201cEl que va a gobernar el 10 de diciembre soy yo y la garant\u00eda para usted es mi conducta de 30 a\u00f1os\u201d, sostuvo Massa, despu\u00e9s de que aceptara que hay \u201calgunos que no creen\u201d. Por otra parte, subray\u00f3 que \u201cel compromiso que asumo fue con las mujeres y jubilados\u201d, tras enumerar los objetivos principales de su eventual gesti\u00f3n. \u201cEl Massa presidente tiene tres objetivos, uno vinculado a la mejora del ingreso, mejora de jubilaciones y la superaci\u00f3n del d\u00e9ficit fiscal al super\u00e1vit fiscal y competitividad cambiaria\u201d, indic\u00f3 al recordar que fueron los pasos que sigui\u00f3 el ex Presidente N\u00e9stor Kirchner al asumir el gobierno post crisis del 2001.<\/h3>\n<h3>En tanto, el ministro de Econom\u00eda critic\u00f3 la idea de cerrar el Banco Central de la Rep\u00fablica Argentina (BCRA) que propuso el aspirante presidencial libertario al se\u00f1alar que \u201cno tiene nada que ver con la realidad de Argentina\u201d.<\/h3>\n<h3>El representante de Uni\u00f3n por la Patria (UP) desacredit\u00f3 uno de los pilares econ\u00f3micos del plan econ\u00f3mico sostenido por la oposici\u00f3n, luego de que indicara la falta de coherencia que habr\u00eda entre una presunta eliminaci\u00f3n del BCRA y la dolarizaci\u00f3n que pretender\u00eda reemplazar al peso argentino. \u201c\u00bfD\u00edganme 3 pa\u00edses con dolarizaci\u00f3n? Ecuador, El Salvador y Zimbabwe que, a pesar de eso, tienen el Banco Central\u201d, apunt\u00f3.<\/h3>\n<h3>\u201cSolo tres pa\u00edses no tienen Banco Central. El m\u00e1s conocido es Micronesia pero, \u00bfson todos tontos?\u201d, plante\u00f3 Massa, para despu\u00e9s remarcar que el pa\u00eds oce\u00e1nico \u201ces una guarida fiscal, donde llevan la plata del narcotr\u00e1fico\u201d. De esta manera, el candidato del oficialismo vaticin\u00f3 que -de llevarse a cabo la medida- \u201cviviremos en una sociedad donde en lugar de una notebook, los pibes llevan un arma\u201d.<\/h3>\n<h3>En medio de una transmisi\u00f3n especial para el programa \u201cA Dos Voces\u201d, por TN, el l\u00edder pol\u00edtico del Frente Renovador explic\u00f3 que la falta de una moneda nacional podr\u00eda ahuyentar a los inversores al plantear que \u201cun pa\u00eds sin moneda para un empresario es un pa\u00eds sin cr\u00e9dito porque la tasa de inter\u00e9s la define otro pa\u00eds\u201d. Despu\u00e9s de que expusiera la no renovaci\u00f3n de la pasant\u00eda de Milei en la instituci\u00f3n, consider\u00f3: \u201cEsta idea de eliminar el Banco Central creo que obedece m\u00e1s a una idea de \u00e9l y no a una pol\u00edtica\u201d.<\/h3>\n<h3>En di\u00e1logo directo hacia los ciudadanos que podr\u00edan inclinarse a elegir a la fuerza opositora en el balotaje que se celebrar\u00e1 el pr\u00f3ximo domingo, el candidato de Uni\u00f3n por la Patria reconoci\u00f3 que \u201cla gente siente que venimos de frustraci\u00f3n en frustraci\u00f3n y por eso tenemos que hacernos cargo y pedir disculpas\u201d. Con respecto a la simpat\u00eda que el economista liberal despert\u00f3 en gran parte de la poblaci\u00f3n en los \u00faltimos tres a\u00f1os, interpret\u00f3: \u201cLa gente estaba enojada porque venimos muchos a\u00f1os sin crecimiento\u201d.<\/h3>\n<h3>De esta manera, Massa denunci\u00f3 que la \u201cdolarizaci\u00f3n es una mega devaluaci\u00f3n, apertura de la econom\u00eda es cierre de pymes, romper el Mercosur es que 1560 mil trabajadores cordobeses se queden sin mercado\u201d, y agreg\u00f3 que \u00e9stas medidas econ\u00f3micas solamente lograr\u00edan \u201ccastigar a los sectores m\u00e1s vulnerables\u201d. Frente a \u00e9ste panorama, remarc\u00f3 que \u201cun gobierno de unidad nacional\u201d ser\u00eda clave para afrontar la deuda con el Fondo Monetario Internacional (FMI), al cual se\u00f1al\u00f3 como el causante de \u201cun problema de origen macro\u201d.<\/h3>\n<h3>\u201cEn el debate la deuda del FMI no se discuti\u00f3\u201d, expuso el ministro de Econom\u00eda al indicar que \u201cArgentina tiene la deuda m\u00e1s grande de la historia del FMI y es un tema que necesita un acuerdo de pol\u00edticas\u201d. En este sentido, subray\u00f3: \u201cQueremos rediscutir el programa con el fondo para salir del mecanismo inflacionario, lo charlamos y entienden que le hacen un da\u00f1o al bolsillo argentino\u201d.<\/h3>\n<h3>Por otro lado, ante las cr\u00edticas que recibi\u00f3 por su gesti\u00f3n, el ex Presidente de la C\u00e1mara de Diputados consider\u00f3: \u201cMe parece que Massa lo que hizo fue dar un paso al frente y tratar de poner sus mejores actitudes y fuerza personal para que Argentina tuviera carriles adecuados\u201d, tras acusar a los detractores que pronosticaban el regreso de los helic\u00f3pteros a la Casa Rosada. Asimismo, manifest\u00f3 que el reciente episodio ocasionado por el desabastecimiento de nafta en el pa\u00eds fue producto de \u201clos ataques especulativos\u201d, debido a que la naci\u00f3n tuvo un r\u00e9cord hist\u00f3rico en producci\u00f3n de nafta y gas.<\/h3>\n","protected":false},"excerpt":{"rendered":"<p>El candidato presidencial de Uni\u00f3n por la Patria, Sergio Massa, volvi\u00f3 a marcar sus diferencias&#8230;<\/p>\n","protected":false},"author":1,"featured_media":6935,"comment_status":"closed","ping_status":"closed","sticky":false,"template":"","format":"standard","meta":{"footnotes":""},"categories":[5],"tags":[],"class_list":["post-6934","post","type-post","status-publish","format-standard","has-post-thumbnail","hentry","category-nacionales-internacionales"],"yoast_head":"<!-- This site is optimized with the Yoast SEO plugin v26.1.1 - https:\/\/yoast.com\/wordpress\/plugins\/seo\/ -->\n<title>SERGIO MASSA: \u201cMI CONVOCATORIA PLANTEA CONSTRUIR ALTERNANCIA Y BIPARTIDISMO\u201d - Apuntes de San Luis<\/title>\n<meta name=\"robots\" content=\"index, follow, max-snippet:-1, max-image-preview:large, max-video-preview:-1\" \/>\n<link rel=\"canonical\" href=\"https:\/\/apuntesdesanluis.com\/index.php\/2023\/11\/16\/sergio-massa-mi-convocatoria-plantea-construir-alternancia-y-bipartidismo\/\" \/>\n<meta property=\"og:locale\" content=\"es_ES\" \/>\n<meta property=\"og:type\" content=\"article\" \/>\n<meta property=\"og:title\" content=\"SERGIO MASSA: \u201cMI CONVOCATORIA PLANTEA CONSTRUIR ALTERNANCIA Y BIPARTIDISMO\u201d - Apuntes de San Luis\" \/>\n<meta property=\"og:description\" content=\"El candidato presidencial de Uni\u00f3n por la Patria, Sergio Massa, volvi\u00f3 a marcar sus diferencias...\" \/>\n<meta property=\"og:url\" content=\"https:\/\/apuntesdesanluis.com\/index.php\/2023\/11\/16\/sergio-massa-mi-convocatoria-plantea-construir-alternancia-y-bipartidismo\/\" \/>\n<meta property=\"og:site_name\" content=\"Apuntes de San Luis\" \/>\n<meta property=\"article:published_time\" content=\"2023-11-16T05:44:54+00:00\" \/>\n<meta property=\"og:image\" content=\"https:\/\/apuntesdesanluis.com\/wp-content\/uploads\/2023\/11\/massa-3.png\" \/>\n\t<meta property=\"og:image:width\" content=\"871\" \/>\n\t<meta property=\"og:image:height\" content=\"489\" \/>\n\t<meta property=\"og:image:type\" content=\"image\/png\" \/>\n<meta name=\"author\" content=\"apuntesdesanluis.com\" \/>\n<meta name=\"twitter:card\" content=\"summary_large_image\" \/>\n<meta name=\"twitter:label1\" content=\"Escrito por\" \/>\n\t<meta name=\"twitter:data1\" content=\"apuntesdesanluis.com\" \/>\n\t<meta name=\"twitter:label2\" content=\"Tiempo de lectura\" \/>\n\t<meta name=\"twitter:data2\" content=\"5 minutos\" \/>\n<script type=\"application\/ld+json\" class=\"yoast-schema-graph\">{\"@context\":\"https:\/\/schema.org\",\"@graph\":[{\"@type\":\"Article\",\"@id\":\"https:\/\/apuntesdesanluis.com\/index.php\/2023\/11\/16\/sergio-massa-mi-convocatoria-plantea-construir-alternancia-y-bipartidismo\/#article\",\"isPartOf\":{\"@id\":\"https:\/\/apuntesdesanluis.com\/index.php\/2023\/11\/16\/sergio-massa-mi-convocatoria-plantea-construir-alternancia-y-bipartidismo\/\"},\"author\":{\"name\":\"apuntesdesanluis.com\",\"@id\":\"https:\/\/apuntesdesanluis.com\/#\/schema\/person\/b55151d52296fcce64d1a72538a70b90\"},\"headline\":\"SERGIO MASSA: \u201cMI CONVOCATORIA PLANTEA CONSTRUIR ALTERNANCIA Y BIPARTIDISMO\u201d\",\"datePublished\":\"2023-11-16T05:44:54+00:00\",\"mainEntityOfPage\":{\"@id\":\"https:\/\/apuntesdesanluis.com\/index.php\/2023\/11\/16\/sergio-massa-mi-convocatoria-plantea-construir-alternancia-y-bipartidismo\/\"},\"wordCount\":1155,\"publisher\":{\"@id\":\"https:\/\/apuntesdesanluis.com\/#\/schema\/person\/b55151d52296fcce64d1a72538a70b90\"},\"image\":{\"@id\":\"https:\/\/apuntesdesanluis.com\/index.php\/2023\/11\/16\/sergio-massa-mi-convocatoria-plantea-construir-alternancia-y-bipartidismo\/#primaryimage\"},\"thumbnailUrl\":\"https:\/\/apuntesdesanluis.com\/wp-content\/uploads\/2023\/11\/massa-3.png\",\"articleSection\":[\"Nacionales\/Internacionales\"],\"inLanguage\":\"es-AR\"},{\"@type\":\"WebPage\",\"@id\":\"https:\/\/apuntesdesanluis.com\/index.php\/2023\/11\/16\/sergio-massa-mi-convocatoria-plantea-construir-alternancia-y-bipartidismo\/\",\"url\":\"https:\/\/apuntesdesanluis.com\/index.php\/2023\/11\/16\/sergio-massa-mi-convocatoria-plantea-construir-alternancia-y-bipartidismo\/\",\"name\":\"SERGIO MASSA: \u201cMI CONVOCATORIA PLANTEA CONSTRUIR ALTERNANCIA Y BIPARTIDISMO\u201d - Apuntes de San Luis\",\"isPartOf\":{\"@id\":\"https:\/\/apuntesdesanluis.com\/#website\"},\"primaryImageOfPage\":{\"@id\":\"https:\/\/apuntesdesanluis.com\/index.php\/2023\/11\/16\/sergio-massa-mi-convocatoria-plantea-construir-alternancia-y-bipartidismo\/#primaryimage\"},\"image\":{\"@id\":\"https:\/\/apuntesdesanluis.com\/index.php\/2023\/11\/16\/sergio-massa-mi-convocatoria-plantea-construir-alternancia-y-bipartidismo\/#primaryimage\"},\"thumbnailUrl\":\"https:\/\/apuntesdesanluis.com\/wp-content\/uploads\/2023\/11\/massa-3.png\",\"datePublished\":\"2023-11-16T05:44:54+00:00\",\"breadcrumb\":{\"@id\":\"https:\/\/apuntesdesanluis.com\/index.php\/2023\/11\/16\/sergio-massa-mi-convocatoria-plantea-construir-alternancia-y-bipartidismo\/#breadcrumb\"},\"inLanguage\":\"es-AR\",\"potentialAction\":[{\"@type\":\"ReadAction\",\"target\":[\"https:\/\/apuntesdesanluis.com\/index.php\/2023\/11\/16\/sergio-massa-mi-convocatoria-plantea-construir-alternancia-y-bipartidismo\/\"]}]},{\"@type\":\"ImageObject\",\"inLanguage\":\"es-AR\",\"@id\":\"https:\/\/apuntesdesanluis.com\/index.php\/2023\/11\/16\/sergio-massa-mi-convocatoria-plantea-construir-alternancia-y-bipartidismo\/#primaryimage\",\"url\":\"https:\/\/apuntesdesanluis.com\/wp-content\/uploads\/2023\/11\/massa-3.png\",\"contentUrl\":\"https:\/\/apuntesdesanluis.com\/wp-content\/uploads\/2023\/11\/massa-3.png\",\"width\":871,\"height\":489},{\"@type\":\"BreadcrumbList\",\"@id\":\"https:\/\/apuntesdesanluis.com\/index.php\/2023\/11\/16\/sergio-massa-mi-convocatoria-plantea-construir-alternancia-y-bipartidismo\/#breadcrumb\",\"itemListElement\":[{\"@type\":\"ListItem\",\"position\":1,\"name\":\"Inicio\",\"item\":\"https:\/\/apuntesdesanluis.com\/\"},{\"@type\":\"ListItem\",\"position\":2,\"name\":\"SERGIO MASSA: \u201cMI CONVOCATORIA PLANTEA CONSTRUIR ALTERNANCIA Y BIPARTIDISMO\u201d\"}]},{\"@type\":\"WebSite\",\"@id\":\"https:\/\/apuntesdesanluis.com\/#website\",\"url\":\"https:\/\/apuntesdesanluis.com\/\",\"name\":\"Apuntes de San Luis\",\"description\":\"\",\"publisher\":{\"@id\":\"https:\/\/apuntesdesanluis.com\/#\/schema\/person\/b55151d52296fcce64d1a72538a70b90\"},\"potentialAction\":[{\"@type\":\"SearchAction\",\"target\":{\"@type\":\"EntryPoint\",\"urlTemplate\":\"https:\/\/apuntesdesanluis.com\/?s={search_term_string}\"},\"query-input\":{\"@type\":\"PropertyValueSpecification\",\"valueRequired\":true,\"valueName\":\"search_term_string\"}}],\"inLanguage\":\"es-AR\"},{\"@type\":[\"Person\",\"Organization\"],\"@id\":\"https:\/\/apuntesdesanluis.com\/#\/schema\/person\/b55151d52296fcce64d1a72538a70b90\",\"name\":\"apuntesdesanluis.com\",\"image\":{\"@type\":\"ImageObject\",\"inLanguage\":\"es-AR\",\"@id\":\"https:\/\/apuntesdesanluis.com\/#\/schema\/person\/image\/\",\"url\":\"https:\/\/apuntesdesanluis.com\/wp-content\/uploads\/2023\/07\/cropped-apuntesdesanluis.png\",\"contentUrl\":\"https:\/\/apuntesdesanluis.com\/wp-content\/uploads\/2023\/07\/cropped-apuntesdesanluis.png\",\"width\":450,\"height\":112,\"caption\":\"apuntesdesanluis.com\"},\"logo\":{\"@id\":\"https:\/\/apuntesdesanluis.com\/#\/schema\/person\/image\/\"},\"sameAs\":[\"https:\/\/apuntesdesanluis.com\"],\"url\":\"https:\/\/apuntesdesanluis.com\/index.php\/author\/apuntesdesanluis-com\/\"}]}<\/script>\n<!-- \/ Yoast SEO plugin. -->","yoast_head_json":{"title":"SERGIO MASSA: \u201cMI CONVOCATORIA PLANTEA CONSTRUIR ALTERNANCIA Y BIPARTIDISMO\u201d - Apuntes de San Luis","robots":{"index":"index","follow":"follow","max-snippet":"max-snippet:-1","max-image-preview":"max-image-preview:large","max-video-preview":"max-video-preview:-1"},"canonical":"https:\/\/apuntesdesanluis.com\/index.php\/2023\/11\/16\/sergio-massa-mi-convocatoria-plantea-construir-alternancia-y-bipartidismo\/","og_locale":"es_ES","og_type":"article","og_title":"SERGIO MASSA: \u201cMI CONVOCATORIA PLANTEA CONSTRUIR ALTERNANCIA Y BIPARTIDISMO\u201d - Apuntes de San Luis","og_description":"El candidato presidencial de Uni\u00f3n por la Patria, Sergio Massa, volvi\u00f3 a marcar sus diferencias...","og_url":"https:\/\/apuntesdesanluis.com\/index.php\/2023\/11\/16\/sergio-massa-mi-convocatoria-plantea-construir-alternancia-y-bipartidismo\/","og_site_name":"Apuntes de San Luis","article_published_time":"2023-11-16T05:44:54+00:00","og_image":[{"width":871,"height":489,"url":"https:\/\/apuntesdesanluis.com\/wp-content\/uploads\/2023\/11\/massa-3.png","type":"image\/png"}],"author":"apuntesdesanluis.com","twitter_card":"summary_large_image","twitter_misc":{"Escrito por":"apuntesdesanluis.com","Tiempo de lectura":"5 minutos"},"schema":{"@context":"https:\/\/schema.org","@graph":[{"@type":"Article","@id":"https:\/\/apuntesdesanluis.com\/index.php\/2023\/11\/16\/sergio-massa-mi-convocatoria-plantea-construir-alternancia-y-bipartidismo\/#article","isPartOf":{"@id":"https:\/\/apuntesdesanluis.com\/index.php\/2023\/11\/16\/sergio-massa-mi-convocatoria-plantea-construir-alternancia-y-bipartidismo\/"},"author":{"name":"apuntesdesanluis.com","@id":"https:\/\/apuntesdesanluis.com\/#\/schema\/person\/b55151d52296fcce64d1a72538a70b90"},"headline":"SERGIO MASSA: \u201cMI CONVOCATORIA PLANTEA CONSTRUIR ALTERNANCIA Y BIPARTIDISMO\u201d","datePublished":"2023-11-16T05:44:54+00:00","mainEntityOfPage":{"@id":"https:\/\/apuntesdesanluis.com\/index.php\/2023\/11\/16\/sergio-massa-mi-convocatoria-plantea-construir-alternancia-y-bipartidismo\/"},"wordCount":1155,"publisher":{"@id":"https:\/\/apuntesdesanluis.com\/#\/schema\/person\/b55151d52296fcce64d1a72538a70b90"},"image":{"@id":"https:\/\/apuntesdesanluis.com\/index.php\/2023\/11\/16\/sergio-massa-mi-convocatoria-plantea-construir-alternancia-y-bipartidismo\/#primaryimage"},"thumbnailUrl":"https:\/\/apuntesdesanluis.com\/wp-content\/uploads\/2023\/11\/massa-3.png","articleSection":["Nacionales\/Internacionales"],"inLanguage":"es-AR"},{"@type":"WebPage","@id":"https:\/\/apuntesdesanluis.com\/index.php\/2023\/11\/16\/sergio-massa-mi-convocatoria-plantea-construir-alternancia-y-bipartidismo\/","url":"https:\/\/apuntesdesanluis.com\/index.php\/2023\/11\/16\/sergio-massa-mi-convocatoria-plantea-construir-alternancia-y-bipartidismo\/","name":"SERGIO MASSA: \u201cMI CONVOCATORIA PLANTEA CONSTRUIR ALTERNANCIA Y BIPARTIDISMO\u201d - Apuntes de San Luis","isPartOf":{"@id":"https:\/\/apuntesdesanluis.com\/#website"},"primaryImageOfPage":{"@id":"https:\/\/apuntesdesanluis.com\/index.php\/2023\/11\/16\/sergio-massa-mi-convocatoria-plantea-construir-alternancia-y-bipartidismo\/#primaryimage"},"image":{"@id":"https:\/\/apuntesdesanluis.com\/index.php\/2023\/11\/16\/sergio-massa-mi-convocatoria-plantea-construir-alternancia-y-bipartidismo\/#primaryimage"},"thumbnailUrl":"https:\/\/apuntesdesanluis.com\/wp-content\/uploads\/2023\/11\/massa-3.png","datePublished":"2023-11-16T05:44:54+00:00","breadcrumb":{"@id":"https:\/\/apuntesdesanluis.com\/index.php\/2023\/11\/16\/sergio-massa-mi-convocatoria-plantea-construir-alternancia-y-bipartidismo\/#breadcrumb"},"inLanguage":"es-AR","potentialAction":[{"@type":"ReadAction","target":["https:\/\/apuntesdesanluis.com\/index.php\/2023\/11\/16\/sergio-massa-mi-convocatoria-plantea-construir-alternancia-y-bipartidismo\/"]}]},{"@type":"ImageObject","inLanguage":"es-AR","@id":"https:\/\/apuntesdesanluis.com\/index.php\/2023\/11\/16\/sergio-massa-mi-convocatoria-plantea-construir-alternancia-y-bipartidismo\/#primaryimage","url":"https:\/\/apuntesdesanluis.com\/wp-content\/uploads\/2023\/11\/massa-3.png","contentUrl":"https:\/\/apuntesdesanluis.com\/wp-content\/uploads\/2023\/11\/massa-3.png","width":871,"height":489},{"@type":"BreadcrumbList","@id":"https:\/\/apuntesdesanluis.com\/index.php\/2023\/11\/16\/sergio-massa-mi-convocatoria-plantea-construir-alternancia-y-bipartidismo\/#breadcrumb","itemListElement":[{"@type":"ListItem","position":1,"name":"Inicio","item":"https:\/\/apuntesdesanluis.com\/"},{"@type":"ListItem","position":2,"name":"SERGIO MASSA: \u201cMI CONVOCATORIA PLANTEA CONSTRUIR ALTERNANCIA Y BIPARTIDISMO\u201d"}]},{"@type":"WebSite","@id":"https:\/\/apuntesdesanluis.com\/#website","url":"https:\/\/apuntesdesanluis.com\/","name":"Apuntes de San Luis","description":"","publisher":{"@id":"https:\/\/apuntesdesanluis.com\/#\/schema\/person\/b55151d52296fcce64d1a72538a70b90"},"potentialAction":[{"@type":"SearchAction","target":{"@type":"EntryPoint","urlTemplate":"https:\/\/apuntesdesanluis.com\/?s={search_term_string}"},"query-input":{"@type":"PropertyValueSpecification","valueRequired":true,"valueName":"search_term_string"}}],"inLanguage":"es-AR"},{"@type":["Person","Organization"],"@id":"https:\/\/apuntesdesanluis.com\/#\/schema\/person\/b55151d52296fcce64d1a72538a70b90","name":"apuntesdesanluis.com","image":{"@type":"ImageObject","inLanguage":"es-AR","@id":"https:\/\/apuntesdesanluis.com\/#\/schema\/person\/image\/","url":"https:\/\/apuntesdesanluis.com\/wp-content\/uploads\/2023\/07\/cropped-apuntesdesanluis.png","contentUrl":"https:\/\/apuntesdesanluis.com\/wp-content\/uploads\/2023\/07\/cropped-apuntesdesanluis.png","width":450,"height":112,"caption":"apuntesdesanluis.com"},"logo":{"@id":"https:\/\/apuntesdesanluis.com\/#\/schema\/person\/image\/"},"sameAs":["https:\/\/apuntesdesanluis.com"],"url":"https:\/\/apuntesdesanluis.com\/index.php\/author\/apuntesdesanluis-com\/"}]}},"featured_image_urls":{"full":["https:\/\/apuntesdesanluis.com\/wp-content\/uploads\/2023\/11\/massa-3.png",871,489,false],"thumbnail":["https:\/\/apuntesdesanluis.com\/wp-content\/uploads\/2023\/11\/massa-3-150x150.png",150,150,true],"medium":["https:\/\/apuntesdesanluis.com\/wp-content\/uploads\/2023\/11\/massa-3-300x168.png",300,168,true],"medium_large":["https:\/\/apuntesdesanluis.com\/wp-content\/uploads\/2023\/11\/massa-3-768x431.png",640,359,true],"large":["https:\/\/apuntesdesanluis.com\/wp-content\/uploads\/2023\/11\/massa-3.png",640,359,false],"1536x1536":["https:\/\/apuntesdesanluis.com\/wp-content\/uploads\/2023\/11\/massa-3.png",871,489,false],"2048x2048":["https:\/\/apuntesdesanluis.com\/wp-content\/uploads\/2023\/11\/massa-3.png",871,489,false],"newsever-slider-full":["https:\/\/apuntesdesanluis.com\/wp-content\/uploads\/2023\/11\/massa-3.png",871,489,false],"newsever-featured":["https:\/\/apuntesdesanluis.com\/wp-content\/uploads\/2023\/11\/massa-3.png",871,489,false],"newsever-medium":["https:\/\/apuntesdesanluis.com\/wp-content\/uploads\/2023\/11\/massa-3-720x475.png",720,475,true]},"author_info":{"display_name":"apuntesdesanluis.com","author_link":"https:\/\/apuntesdesanluis.com\/index.php\/author\/apuntesdesanluis-com\/"},"category_info":"<a href=\"https:\/\/apuntesdesanluis.com\/index.php\/category\/nacionales-internacionales\/\" rel=\"category tag\">Nacionales\/Internacionales<\/a>","tag_info":"Nacionales\/Internacionales","comment_count":"0","_links":{"self":[{"href":"https:\/\/apuntesdesanluis.com\/index.php\/wp-json\/wp\/v2\/posts\/6934","targetHints":{"allow":["GET"]}}],"collection":[{"href":"https:\/\/apuntesdesanluis.com\/index.php\/wp-json\/wp\/v2\/posts"}],"about":[{"href":"https:\/\/apuntesdesanluis.com\/index.php\/wp-json\/wp\/v2\/types\/post"}],"author":[{"embeddable":true,"href":"https:\/\/apuntesdesanluis.com\/index.php\/wp-json\/wp\/v2\/users\/1"}],"replies":[{"embeddable":true,"href":"https:\/\/apuntesdesanluis.com\/index.php\/wp-json\/wp\/v2\/comments?post=6934"}],"version-history":[{"count":1,"href":"https:\/\/apuntesdesanluis.com\/index.php\/wp-json\/wp\/v2\/posts\/6934\/revisions"}],"predecessor-version":[{"id":6936,"href":"https:\/\/apuntesdesanluis.com\/index.php\/wp-json\/wp\/v2\/posts\/6934\/revisions\/6936"}],"wp:featuredmedia":[{"embeddable":true,"href":"https:\/\/apuntesdesanluis.com\/index.php\/wp-json\/wp\/v2\/media\/6935"}],"wp:attachment":[{"href":"https:\/\/apuntesdesanluis.com\/index.php\/wp-json\/wp\/v2\/media?parent=6934"}],"wp:term":[{"taxonomy":"category","embeddable":true,"href":"https:\/\/apuntesdesanluis.com\/index.php\/wp-json\/wp\/v2\/categories?post=6934"},{"taxonomy":"post_tag","embeddable":true,"href":"https:\/\/apuntesdesanluis.com\/index.php\/wp-json\/wp\/v2\/tags?post=6934"}],"curies":[{"name":"wp","href":"https:\/\/api.w.org\/{rel}","templated":true}]}}