{"id":6937,"date":"2023-11-16T02:52:34","date_gmt":"2023-11-16T05:52:34","guid":{"rendered":"https:\/\/apuntesdesanluis.com\/?p=6937"},"modified":"2023-11-16T02:52:34","modified_gmt":"2023-11-16T05:52:34","slug":"repudio-a-diputada-electa-de-milei-por-amenazar-a-una-periodista-al-anunciar-privatizacion-de-medios-publicos","status":"publish","type":"post","link":"https:\/\/apuntesdesanluis.com\/index.php\/2023\/11\/16\/repudio-a-diputada-electa-de-milei-por-amenazar-a-una-periodista-al-anunciar-privatizacion-de-medios-publicos\/","title":{"rendered":"REPUDIO A DIPUTADA ELECTA DE MILEI POR AMENAZAR A UNA PERIODISTA AL ANUNCIAR PRIVATIZACI\u00d3N DE MEDIOS P\u00daBLICOS"},"content":{"rendered":"<h3>La diputada electa de La Libertad Avanza Lilia Lemoine se cruz\u00f3 con una periodista de la TV p\u00fablica y asegur\u00f3 que el frente pol\u00edtico que lidera Javier Milei va a \u201cprivatizar\u201d los medios estatales en caso de que el libertario gane las elecciones del pr\u00f3ximo domingo.<\/h3>\n<h3>\u201cVamos a cerrar la televisi\u00f3n p\u00fablica, la vamos a privatizar. Los medios p\u00fablicos se van a privatizar, as\u00ed que procur\u00e1 ser una buena trabajadora&#8221;, advirti\u00f3 Lemoine durante una recorrida de campa\u00f1a en la estaci\u00f3n Constituci\u00f3n.<\/h3>\n<h3>La cronista le hab\u00eda consultado anteriormente a la legisladora electa si utiliza el transporte p\u00fablico, pero Lemoine se mostr\u00f3 molesta y asegur\u00f3: \u201cTen\u00e9s mala intenci\u00f3n, no quiero hablar con vos\u201d.<\/h3>\n<p><iframe title=\"Lilia Lemoine amenaz\u00f3 a una periodista de la Televisi\u00f3n P\u00fablica\" width=\"640\" height=\"360\" src=\"https:\/\/www.youtube.com\/embed\/buaAGkirye0?feature=oembed\" frameborder=\"0\" allow=\"accelerometer; autoplay; clipboard-write; encrypted-media; gyroscope; picture-in-picture; web-share\" referrerpolicy=\"strict-origin-when-cross-origin\" allowfullscreen><\/iframe><\/p>\n<h3>A pesar de la evidente incomodidad de la diputada electa, la periodista le pregunt\u00f3 si el candidato libertario avanzar\u00eda sobre los subsidios en caso de ganar las elecciones. \u201cSe quitan los impuestos y se quitan los subsidios. Ya lo explic\u00f3 Javier (Milei)\u201d, afirm\u00f3 Lemoine y consider\u00f3 que el candidato de LLA tuvo un &#8220;excelente&#8221; desempe\u00f1o en el debate del pasado domingo.<\/h3>\n<h3>En este sentido, la diputada electa aseguro que el postulante liberal estuvo \u201cpropositivo, tranquilo y realista contra un sujeto autoritario que adem\u00e1s tiene una reputaci\u00f3n muy dudosa&#8221;, en referencia al candidato de Uni\u00f3n por la Patria, Sergio Massa.<\/h3>\n<h3>Los dichos de la legisladora electa de LLA generaron repudio entre los trabajadores de prensa de la TV p\u00fablica, quienes se expresaron a trav\u00e9s de la red social X con un mensaje acompa\u00f1ado del video donde se pueden ver las expresiones de Lemoine durante el reportaje.<\/h3>\n<p><a href=\"https:\/\/twitter.com\/i\/status\/1724818321214751159\"><img fetchpriority=\"high\" decoding=\"async\" class=\"wp-image-6938 aligncenter\" src=\"https:\/\/apuntesdesanluis.com\/wp-content\/uploads\/2023\/11\/POSTEO-1-278x300.png\" alt=\"\" width=\"641\" height=\"692\" srcset=\"https:\/\/apuntesdesanluis.com\/wp-content\/uploads\/2023\/11\/POSTEO-1-278x300.png 278w, https:\/\/apuntesdesanluis.com\/wp-content\/uploads\/2023\/11\/POSTEO-1.png 562w\" sizes=\"(max-width: 641px) 100vw, 641px\" \/><\/a><\/p>\n","protected":false},"excerpt":{"rendered":"<p>La diputada electa de La Libertad Avanza Lilia Lemoine se cruz\u00f3 con una periodista de&#8230;<\/p>\n","protected":false},"author":1,"featured_media":6939,"comment_status":"closed","ping_status":"closed","sticky":false,"template":"","format":"standard","meta":{"footnotes":""},"categories":[5],"tags":[],"class_list":["post-6937","post","type-post","status-publish","format-standard","has-post-thumbnail","hentry","category-nacionales-internacionales"],"yoast_head":"<!-- This site is optimized with the Yoast SEO plugin v26.1.1 - https:\/\/yoast.com\/wordpress\/plugins\/seo\/ -->\n<title>REPUDIO A DIPUTADA ELECTA DE MILEI POR AMENAZAR A UNA PERIODISTA AL ANUNCIAR PRIVATIZACI\u00d3N DE MEDIOS P\u00daBLICOS - Apuntes de San Luis<\/title>\n<meta name=\"robots\" content=\"index, follow, max-snippet:-1, max-image-preview:large, max-video-preview:-1\" \/>\n<link rel=\"canonical\" href=\"https:\/\/apuntesdesanluis.com\/index.php\/2023\/11\/16\/repudio-a-diputada-electa-de-milei-por-amenazar-a-una-periodista-al-anunciar-privatizacion-de-medios-publicos\/\" \/>\n<meta property=\"og:locale\" content=\"es_ES\" \/>\n<meta property=\"og:type\" content=\"article\" \/>\n<meta property=\"og:title\" content=\"REPUDIO A DIPUTADA ELECTA DE MILEI POR AMENAZAR A UNA PERIODISTA AL ANUNCIAR PRIVATIZACI\u00d3N DE MEDIOS P\u00daBLICOS - Apuntes de San Luis\" \/>\n<meta property=\"og:description\" content=\"La diputada electa de La Libertad Avanza Lilia Lemoine se cruz\u00f3 con una periodista de...\" \/>\n<meta property=\"og:url\" content=\"https:\/\/apuntesdesanluis.com\/index.php\/2023\/11\/16\/repudio-a-diputada-electa-de-milei-por-amenazar-a-una-periodista-al-anunciar-privatizacion-de-medios-publicos\/\" \/>\n<meta property=\"og:site_name\" content=\"Apuntes de San Luis\" \/>\n<meta property=\"article:published_time\" content=\"2023-11-16T05:52:34+00:00\" \/>\n<meta property=\"og:image\" content=\"https:\/\/apuntesdesanluis.com\/wp-content\/uploads\/2023\/11\/LEMOINE.png\" \/>\n\t<meta property=\"og:image:width\" content=\"589\" \/>\n\t<meta property=\"og:image:height\" content=\"307\" \/>\n\t<meta property=\"og:image:type\" content=\"image\/png\" \/>\n<meta name=\"author\" content=\"apuntesdesanluis.com\" \/>\n<meta name=\"twitter:card\" content=\"summary_large_image\" \/>\n<meta name=\"twitter:label1\" content=\"Escrito por\" \/>\n\t<meta name=\"twitter:data1\" content=\"apuntesdesanluis.com\" \/>\n\t<meta name=\"twitter:label2\" content=\"Tiempo de lectura\" \/>\n\t<meta name=\"twitter:data2\" content=\"2 minutos\" \/>\n<script type=\"application\/ld+json\" class=\"yoast-schema-graph\">{\"@context\":\"https:\/\/schema.org\",\"@graph\":[{\"@type\":\"Article\",\"@id\":\"https:\/\/apuntesdesanluis.com\/index.php\/2023\/11\/16\/repudio-a-diputada-electa-de-milei-por-amenazar-a-una-periodista-al-anunciar-privatizacion-de-medios-publicos\/#article\",\"isPartOf\":{\"@id\":\"https:\/\/apuntesdesanluis.com\/index.php\/2023\/11\/16\/repudio-a-diputada-electa-de-milei-por-amenazar-a-una-periodista-al-anunciar-privatizacion-de-medios-publicos\/\"},\"author\":{\"name\":\"apuntesdesanluis.com\",\"@id\":\"https:\/\/apuntesdesanluis.com\/#\/schema\/person\/b55151d52296fcce64d1a72538a70b90\"},\"headline\":\"REPUDIO A DIPUTADA ELECTA DE MILEI POR AMENAZAR A UNA PERIODISTA AL ANUNCIAR PRIVATIZACI\u00d3N DE MEDIOS P\u00daBLICOS\",\"datePublished\":\"2023-11-16T05:52:34+00:00\",\"mainEntityOfPage\":{\"@id\":\"https:\/\/apuntesdesanluis.com\/index.php\/2023\/11\/16\/repudio-a-diputada-electa-de-milei-por-amenazar-a-una-periodista-al-anunciar-privatizacion-de-medios-publicos\/\"},\"wordCount\":305,\"publisher\":{\"@id\":\"https:\/\/apuntesdesanluis.com\/#\/schema\/person\/b55151d52296fcce64d1a72538a70b90\"},\"image\":{\"@id\":\"https:\/\/apuntesdesanluis.com\/index.php\/2023\/11\/16\/repudio-a-diputada-electa-de-milei-por-amenazar-a-una-periodista-al-anunciar-privatizacion-de-medios-publicos\/#primaryimage\"},\"thumbnailUrl\":\"https:\/\/apuntesdesanluis.com\/wp-content\/uploads\/2023\/11\/LEMOINE.png\",\"articleSection\":[\"Nacionales\/Internacionales\"],\"inLanguage\":\"es-AR\"},{\"@type\":\"WebPage\",\"@id\":\"https:\/\/apuntesdesanluis.com\/index.php\/2023\/11\/16\/repudio-a-diputada-electa-de-milei-por-amenazar-a-una-periodista-al-anunciar-privatizacion-de-medios-publicos\/\",\"url\":\"https:\/\/apuntesdesanluis.com\/index.php\/2023\/11\/16\/repudio-a-diputada-electa-de-milei-por-amenazar-a-una-periodista-al-anunciar-privatizacion-de-medios-publicos\/\",\"name\":\"REPUDIO A DIPUTADA ELECTA DE MILEI POR AMENAZAR A UNA PERIODISTA AL ANUNCIAR PRIVATIZACI\u00d3N DE MEDIOS P\u00daBLICOS - Apuntes de San Luis\",\"isPartOf\":{\"@id\":\"https:\/\/apuntesdesanluis.com\/#website\"},\"primaryImageOfPage\":{\"@id\":\"https:\/\/apuntesdesanluis.com\/index.php\/2023\/11\/16\/repudio-a-diputada-electa-de-milei-por-amenazar-a-una-periodista-al-anunciar-privatizacion-de-medios-publicos\/#primaryimage\"},\"image\":{\"@id\":\"https:\/\/apuntesdesanluis.com\/index.php\/2023\/11\/16\/repudio-a-diputada-electa-de-milei-por-amenazar-a-una-periodista-al-anunciar-privatizacion-de-medios-publicos\/#primaryimage\"},\"thumbnailUrl\":\"https:\/\/apuntesdesanluis.com\/wp-content\/uploads\/2023\/11\/LEMOINE.png\",\"datePublished\":\"2023-11-16T05:52:34+00:00\",\"breadcrumb\":{\"@id\":\"https:\/\/apuntesdesanluis.com\/index.php\/2023\/11\/16\/repudio-a-diputada-electa-de-milei-por-amenazar-a-una-periodista-al-anunciar-privatizacion-de-medios-publicos\/#breadcrumb\"},\"inLanguage\":\"es-AR\",\"potentialAction\":[{\"@type\":\"ReadAction\",\"target\":[\"https:\/\/apuntesdesanluis.com\/index.php\/2023\/11\/16\/repudio-a-diputada-electa-de-milei-por-amenazar-a-una-periodista-al-anunciar-privatizacion-de-medios-publicos\/\"]}]},{\"@type\":\"ImageObject\",\"inLanguage\":\"es-AR\",\"@id\":\"https:\/\/apuntesdesanluis.com\/index.php\/2023\/11\/16\/repudio-a-diputada-electa-de-milei-por-amenazar-a-una-periodista-al-anunciar-privatizacion-de-medios-publicos\/#primaryimage\",\"url\":\"https:\/\/apuntesdesanluis.com\/wp-content\/uploads\/2023\/11\/LEMOINE.png\",\"contentUrl\":\"https:\/\/apuntesdesanluis.com\/wp-content\/uploads\/2023\/11\/LEMOINE.png\",\"width\":589,\"height\":307},{\"@type\":\"BreadcrumbList\",\"@id\":\"https:\/\/apuntesdesanluis.com\/index.php\/2023\/11\/16\/repudio-a-diputada-electa-de-milei-por-amenazar-a-una-periodista-al-anunciar-privatizacion-de-medios-publicos\/#breadcrumb\",\"itemListElement\":[{\"@type\":\"ListItem\",\"position\":1,\"name\":\"Inicio\",\"item\":\"https:\/\/apuntesdesanluis.com\/\"},{\"@type\":\"ListItem\",\"position\":2,\"name\":\"REPUDIO A DIPUTADA ELECTA DE MILEI POR AMENAZAR A UNA PERIODISTA AL ANUNCIAR PRIVATIZACI\u00d3N DE MEDIOS P\u00daBLICOS\"}]},{\"@type\":\"WebSite\",\"@id\":\"https:\/\/apuntesdesanluis.com\/#website\",\"url\":\"https:\/\/apuntesdesanluis.com\/\",\"name\":\"Apuntes de San Luis\",\"description\":\"\",\"publisher\":{\"@id\":\"https:\/\/apuntesdesanluis.com\/#\/schema\/person\/b55151d52296fcce64d1a72538a70b90\"},\"potentialAction\":[{\"@type\":\"SearchAction\",\"target\":{\"@type\":\"EntryPoint\",\"urlTemplate\":\"https:\/\/apuntesdesanluis.com\/?s={search_term_string}\"},\"query-input\":{\"@type\":\"PropertyValueSpecification\",\"valueRequired\":true,\"valueName\":\"search_term_string\"}}],\"inLanguage\":\"es-AR\"},{\"@type\":[\"Person\",\"Organization\"],\"@id\":\"https:\/\/apuntesdesanluis.com\/#\/schema\/person\/b55151d52296fcce64d1a72538a70b90\",\"name\":\"apuntesdesanluis.com\",\"image\":{\"@type\":\"ImageObject\",\"inLanguage\":\"es-AR\",\"@id\":\"https:\/\/apuntesdesanluis.com\/#\/schema\/person\/image\/\",\"url\":\"https:\/\/apuntesdesanluis.com\/wp-content\/uploads\/2023\/07\/cropped-apuntesdesanluis.png\",\"contentUrl\":\"https:\/\/apuntesdesanluis.com\/wp-content\/uploads\/2023\/07\/cropped-apuntesdesanluis.png\",\"width\":450,\"height\":112,\"caption\":\"apuntesdesanluis.com\"},\"logo\":{\"@id\":\"https:\/\/apuntesdesanluis.com\/#\/schema\/person\/image\/\"},\"sameAs\":[\"https:\/\/apuntesdesanluis.com\"],\"url\":\"https:\/\/apuntesdesanluis.com\/index.php\/author\/apuntesdesanluis-com\/\"}]}<\/script>\n<!-- \/ Yoast SEO plugin. -->","yoast_head_json":{"title":"REPUDIO A DIPUTADA ELECTA DE MILEI POR AMENAZAR A UNA PERIODISTA AL ANUNCIAR PRIVATIZACI\u00d3N DE MEDIOS P\u00daBLICOS - Apuntes de San Luis","robots":{"index":"index","follow":"follow","max-snippet":"max-snippet:-1","max-image-preview":"max-image-preview:large","max-video-preview":"max-video-preview:-1"},"canonical":"https:\/\/apuntesdesanluis.com\/index.php\/2023\/11\/16\/repudio-a-diputada-electa-de-milei-por-amenazar-a-una-periodista-al-anunciar-privatizacion-de-medios-publicos\/","og_locale":"es_ES","og_type":"article","og_title":"REPUDIO A DIPUTADA ELECTA DE MILEI POR AMENAZAR A UNA PERIODISTA AL ANUNCIAR PRIVATIZACI\u00d3N DE MEDIOS P\u00daBLICOS - Apuntes de San Luis","og_description":"La diputada electa de La Libertad Avanza Lilia Lemoine se cruz\u00f3 con una periodista de...","og_url":"https:\/\/apuntesdesanluis.com\/index.php\/2023\/11\/16\/repudio-a-diputada-electa-de-milei-por-amenazar-a-una-periodista-al-anunciar-privatizacion-de-medios-publicos\/","og_site_name":"Apuntes de San Luis","article_published_time":"2023-11-16T05:52:34+00:00","og_image":[{"width":589,"height":307,"url":"https:\/\/apuntesdesanluis.com\/wp-content\/uploads\/2023\/11\/LEMOINE.png","type":"image\/png"}],"author":"apuntesdesanluis.com","twitter_card":"summary_large_image","twitter_misc":{"Escrito por":"apuntesdesanluis.com","Tiempo de lectura":"2 minutos"},"schema":{"@context":"https:\/\/schema.org","@graph":[{"@type":"Article","@id":"https:\/\/apuntesdesanluis.com\/index.php\/2023\/11\/16\/repudio-a-diputada-electa-de-milei-por-amenazar-a-una-periodista-al-anunciar-privatizacion-de-medios-publicos\/#article","isPartOf":{"@id":"https:\/\/apuntesdesanluis.com\/index.php\/2023\/11\/16\/repudio-a-diputada-electa-de-milei-por-amenazar-a-una-periodista-al-anunciar-privatizacion-de-medios-publicos\/"},"author":{"name":"apuntesdesanluis.com","@id":"https:\/\/apuntesdesanluis.com\/#\/schema\/person\/b55151d52296fcce64d1a72538a70b90"},"headline":"REPUDIO A DIPUTADA ELECTA DE MILEI POR AMENAZAR A UNA PERIODISTA AL ANUNCIAR PRIVATIZACI\u00d3N DE MEDIOS P\u00daBLICOS","datePublished":"2023-11-16T05:52:34+00:00","mainEntityOfPage":{"@id":"https:\/\/apuntesdesanluis.com\/index.php\/2023\/11\/16\/repudio-a-diputada-electa-de-milei-por-amenazar-a-una-periodista-al-anunciar-privatizacion-de-medios-publicos\/"},"wordCount":305,"publisher":{"@id":"https:\/\/apuntesdesanluis.com\/#\/schema\/person\/b55151d52296fcce64d1a72538a70b90"},"image":{"@id":"https:\/\/apuntesdesanluis.com\/index.php\/2023\/11\/16\/repudio-a-diputada-electa-de-milei-por-amenazar-a-una-periodista-al-anunciar-privatizacion-de-medios-publicos\/#primaryimage"},"thumbnailUrl":"https:\/\/apuntesdesanluis.com\/wp-content\/uploads\/2023\/11\/LEMOINE.png","articleSection":["Nacionales\/Internacionales"],"inLanguage":"es-AR"},{"@type":"WebPage","@id":"https:\/\/apuntesdesanluis.com\/index.php\/2023\/11\/16\/repudio-a-diputada-electa-de-milei-por-amenazar-a-una-periodista-al-anunciar-privatizacion-de-medios-publicos\/","url":"https:\/\/apuntesdesanluis.com\/index.php\/2023\/11\/16\/repudio-a-diputada-electa-de-milei-por-amenazar-a-una-periodista-al-anunciar-privatizacion-de-medios-publicos\/","name":"REPUDIO A DIPUTADA ELECTA DE MILEI POR AMENAZAR A UNA PERIODISTA AL ANUNCIAR PRIVATIZACI\u00d3N DE MEDIOS P\u00daBLICOS - Apuntes de San Luis","isPartOf":{"@id":"https:\/\/apuntesdesanluis.com\/#website"},"primaryImageOfPage":{"@id":"https:\/\/apuntesdesanluis.com\/index.php\/2023\/11\/16\/repudio-a-diputada-electa-de-milei-por-amenazar-a-una-periodista-al-anunciar-privatizacion-de-medios-publicos\/#primaryimage"},"image":{"@id":"https:\/\/apuntesdesanluis.com\/index.php\/2023\/11\/16\/repudio-a-diputada-electa-de-milei-por-amenazar-a-una-periodista-al-anunciar-privatizacion-de-medios-publicos\/#primaryimage"},"thumbnailUrl":"https:\/\/apuntesdesanluis.com\/wp-content\/uploads\/2023\/11\/LEMOINE.png","datePublished":"2023-11-16T05:52:34+00:00","breadcrumb":{"@id":"https:\/\/apuntesdesanluis.com\/index.php\/2023\/11\/16\/repudio-a-diputada-electa-de-milei-por-amenazar-a-una-periodista-al-anunciar-privatizacion-de-medios-publicos\/#breadcrumb"},"inLanguage":"es-AR","potentialAction":[{"@type":"ReadAction","target":["https:\/\/apuntesdesanluis.com\/index.php\/2023\/11\/16\/repudio-a-diputada-electa-de-milei-por-amenazar-a-una-periodista-al-anunciar-privatizacion-de-medios-publicos\/"]}]},{"@type":"ImageObject","inLanguage":"es-AR","@id":"https:\/\/apuntesdesanluis.com\/index.php\/2023\/11\/16\/repudio-a-diputada-electa-de-milei-por-amenazar-a-una-periodista-al-anunciar-privatizacion-de-medios-publicos\/#primaryimage","url":"https:\/\/apuntesdesanluis.com\/wp-content\/uploads\/2023\/11\/LEMOINE.png","contentUrl":"https:\/\/apuntesdesanluis.com\/wp-content\/uploads\/2023\/11\/LEMOINE.png","width":589,"height":307},{"@type":"BreadcrumbList","@id":"https:\/\/apuntesdesanluis.com\/index.php\/2023\/11\/16\/repudio-a-diputada-electa-de-milei-por-amenazar-a-una-periodista-al-anunciar-privatizacion-de-medios-publicos\/#breadcrumb","itemListElement":[{"@type":"ListItem","position":1,"name":"Inicio","item":"https:\/\/apuntesdesanluis.com\/"},{"@type":"ListItem","position":2,"name":"REPUDIO A DIPUTADA ELECTA DE MILEI POR AMENAZAR A UNA PERIODISTA AL ANUNCIAR PRIVATIZACI\u00d3N DE MEDIOS P\u00daBLICOS"}]},{"@type":"WebSite","@id":"https:\/\/apuntesdesanluis.com\/#website","url":"https:\/\/apuntesdesanluis.com\/","name":"Apuntes de San Luis","description":"","publisher":{"@id":"https:\/\/apuntesdesanluis.com\/#\/schema\/person\/b55151d52296fcce64d1a72538a70b90"},"potentialAction":[{"@type":"SearchAction","target":{"@type":"EntryPoint","urlTemplate":"https:\/\/apuntesdesanluis.com\/?s={search_term_string}"},"query-input":{"@type":"PropertyValueSpecification","valueRequired":true,"valueName":"search_term_string"}}],"inLanguage":"es-AR"},{"@type":["Person","Organization"],"@id":"https:\/\/apuntesdesanluis.com\/#\/schema\/person\/b55151d52296fcce64d1a72538a70b90","name":"apuntesdesanluis.com","image":{"@type":"ImageObject","inLanguage":"es-AR","@id":"https:\/\/apuntesdesanluis.com\/#\/schema\/person\/image\/","url":"https:\/\/apuntesdesanluis.com\/wp-content\/uploads\/2023\/07\/cropped-apuntesdesanluis.png","contentUrl":"https:\/\/apuntesdesanluis.com\/wp-content\/uploads\/2023\/07\/cropped-apuntesdesanluis.png","width":450,"height":112,"caption":"apuntesdesanluis.com"},"logo":{"@id":"https:\/\/apuntesdesanluis.com\/#\/schema\/person\/image\/"},"sameAs":["https:\/\/apuntesdesanluis.com"],"url":"https:\/\/apuntesdesanluis.com\/index.php\/author\/apuntesdesanluis-com\/"}]}},"featured_image_urls":{"full":["https:\/\/apuntesdesanluis.com\/wp-content\/uploads\/2023\/11\/LEMOINE.png",589,307,false],"thumbnail":["https:\/\/apuntesdesanluis.com\/wp-content\/uploads\/2023\/11\/LEMOINE-150x150.png",150,150,true],"medium":["https:\/\/apuntesdesanluis.com\/wp-content\/uploads\/2023\/11\/LEMOINE-300x156.png",300,156,true],"medium_large":["https:\/\/apuntesdesanluis.com\/wp-content\/uploads\/2023\/11\/LEMOINE.png",589,307,false],"large":["https:\/\/apuntesdesanluis.com\/wp-content\/uploads\/2023\/11\/LEMOINE.png",589,307,false],"1536x1536":["https:\/\/apuntesdesanluis.com\/wp-content\/uploads\/2023\/11\/LEMOINE.png",589,307,false],"2048x2048":["https:\/\/apuntesdesanluis.com\/wp-content\/uploads\/2023\/11\/LEMOINE.png",589,307,false],"newsever-slider-full":["https:\/\/apuntesdesanluis.com\/wp-content\/uploads\/2023\/11\/LEMOINE.png",589,307,false],"newsever-featured":["https:\/\/apuntesdesanluis.com\/wp-content\/uploads\/2023\/11\/LEMOINE.png",589,307,false],"newsever-medium":["https:\/\/apuntesdesanluis.com\/wp-content\/uploads\/2023\/11\/LEMOINE.png",589,307,false]},"author_info":{"display_name":"apuntesdesanluis.com","author_link":"https:\/\/apuntesdesanluis.com\/index.php\/author\/apuntesdesanluis-com\/"},"category_info":"<a href=\"https:\/\/apuntesdesanluis.com\/index.php\/category\/nacionales-internacionales\/\" rel=\"category tag\">Nacionales\/Internacionales<\/a>","tag_info":"Nacionales\/Internacionales","comment_count":"0","_links":{"self":[{"href":"https:\/\/apuntesdesanluis.com\/index.php\/wp-json\/wp\/v2\/posts\/6937","targetHints":{"allow":["GET"]}}],"collection":[{"href":"https:\/\/apuntesdesanluis.com\/index.php\/wp-json\/wp\/v2\/posts"}],"about":[{"href":"https:\/\/apuntesdesanluis.com\/index.php\/wp-json\/wp\/v2\/types\/post"}],"author":[{"embeddable":true,"href":"https:\/\/apuntesdesanluis.com\/index.php\/wp-json\/wp\/v2\/users\/1"}],"replies":[{"embeddable":true,"href":"https:\/\/apuntesdesanluis.com\/index.php\/wp-json\/wp\/v2\/comments?post=6937"}],"version-history":[{"count":1,"href":"https:\/\/apuntesdesanluis.com\/index.php\/wp-json\/wp\/v2\/posts\/6937\/revisions"}],"predecessor-version":[{"id":6940,"href":"https:\/\/apuntesdesanluis.com\/index.php\/wp-json\/wp\/v2\/posts\/6937\/revisions\/6940"}],"wp:featuredmedia":[{"embeddable":true,"href":"https:\/\/apuntesdesanluis.com\/index.php\/wp-json\/wp\/v2\/media\/6939"}],"wp:attachment":[{"href":"https:\/\/apuntesdesanluis.com\/index.php\/wp-json\/wp\/v2\/media?parent=6937"}],"wp:term":[{"taxonomy":"category","embeddable":true,"href":"https:\/\/apuntesdesanluis.com\/index.php\/wp-json\/wp\/v2\/categories?post=6937"},{"taxonomy":"post_tag","embeddable":true,"href":"https:\/\/apuntesdesanluis.com\/index.php\/wp-json\/wp\/v2\/tags?post=6937"}],"curies":[{"name":"wp","href":"https:\/\/api.w.org\/{rel}","templated":true}]}}