{"id":6944,"date":"2023-11-16T03:19:47","date_gmt":"2023-11-16T06:19:47","guid":{"rendered":"https:\/\/apuntesdesanluis.com\/?p=6944"},"modified":"2023-11-16T03:19:47","modified_gmt":"2023-11-16T06:19:47","slug":"asesinan-a-un-hombre-en-el-barrio-eva-peron-2-y-hay-un-detenido","status":"publish","type":"post","link":"https:\/\/apuntesdesanluis.com\/index.php\/2023\/11\/16\/asesinan-a-un-hombre-en-el-barrio-eva-peron-2-y-hay-un-detenido\/","title":{"rendered":"ASESINAN A UN HOMBRE EN EL BARRIO EVA PER\u00d3N 2 Y HAY UN DETENIDO"},"content":{"rendered":"<h3>Uno de los barrios m\u00e1s inseguros de Villa Mercedes fue epicentro este mi\u00e9rcoles de un hecho que conmocion\u00f3 a los vecinos, y que dej\u00f3 como saldo fatal la muerte de un hombre.<\/h3>\n<h3>El luctuoso episodio tuvo lugar poco despu\u00e9s de las 20:00, presuntamente como resultado de una pelea. La v\u00edctima, de 38 a\u00f1os, fue identificada como <strong>Luis Marcelo Escudero<\/strong>.<\/h3>\n<h3>El hecho de sangre se produjo en la vivienda de la v\u00edctima, ubicada sobre la calle Tom\u00e1s Ferrari 1160 del barrio Eva Per\u00f3n 2.<\/h3>\n<h3>El occiso falleci\u00f3 luego de recibir al menos dos pu\u00f1aladas que le asest\u00f3 en la zona del t\u00f3rax el principal sospechoso. Se trata de un ex convicto, detenido minutos m\u00e1s tarde, cuyo nombre es <strong>Luciano Villegas<\/strong>, de 25 a\u00f1os, alias \u201cEl Chucky\u201d. El arma homicida a\u00fan no fue encontrada por personal de la Divisi\u00f3n Homicidios.<\/h3>\n<h3>Seg\u00fan fuentes policiales, el mismo ostenta un frondoso prontuario por delitos contra la propiedad e inclusive hasta hace poco habr\u00eda tenido como domicilio el Servicio Penitenciario Provincial. Tom\u00f3 intervenci\u00f3n el fiscal Maximiliano Bazla.<\/h3>\n<h3>El sospechoso de la muerte de Escudero fue detenido en una vivienda ubicada entre las calles Pellegrini y Paul Harris, tambi\u00e9n del barrio Eva Per\u00f3n 2.<\/h3>\n<h3>Tras el llamado de los vecinos al servicio de emergencias se hizo presente una unidad del Sempro pero al llegar personal m\u00e9dico constat\u00f3 que el hombre ya hab\u00eda fallecido.<\/h3>\n<p>&nbsp;<\/p>\n<p>&nbsp;<\/p>\n<p>&nbsp;<\/p>\n<p>&nbsp;<\/p>\n","protected":false},"excerpt":{"rendered":"<p>Uno de los barrios m\u00e1s inseguros de Villa Mercedes fue epicentro este mi\u00e9rcoles de un&#8230;<\/p>\n","protected":false},"author":1,"featured_media":6945,"comment_status":"closed","ping_status":"closed","sticky":false,"template":"","format":"standard","meta":{"footnotes":""},"categories":[6],"tags":[],"class_list":["post-6944","post","type-post","status-publish","format-standard","has-post-thumbnail","hentry","category-ciudad-provincia"],"yoast_head":"<!-- This site is optimized with the Yoast SEO plugin v26.1.1 - https:\/\/yoast.com\/wordpress\/plugins\/seo\/ -->\n<title>ASESINAN A UN HOMBRE EN EL BARRIO EVA PER\u00d3N 2 Y HAY UN DETENIDO - Apuntes de San Luis<\/title>\n<meta name=\"robots\" content=\"index, follow, max-snippet:-1, max-image-preview:large, max-video-preview:-1\" \/>\n<link rel=\"canonical\" href=\"https:\/\/apuntesdesanluis.com\/index.php\/2023\/11\/16\/asesinan-a-un-hombre-en-el-barrio-eva-peron-2-y-hay-un-detenido\/\" \/>\n<meta property=\"og:locale\" content=\"es_ES\" \/>\n<meta property=\"og:type\" content=\"article\" \/>\n<meta property=\"og:title\" content=\"ASESINAN A UN HOMBRE EN EL BARRIO EVA PER\u00d3N 2 Y HAY UN DETENIDO - Apuntes de San Luis\" \/>\n<meta property=\"og:description\" content=\"Uno de los barrios m\u00e1s inseguros de Villa Mercedes fue epicentro este mi\u00e9rcoles de un...\" \/>\n<meta property=\"og:url\" content=\"https:\/\/apuntesdesanluis.com\/index.php\/2023\/11\/16\/asesinan-a-un-hombre-en-el-barrio-eva-peron-2-y-hay-un-detenido\/\" \/>\n<meta property=\"og:site_name\" content=\"Apuntes de San Luis\" \/>\n<meta property=\"article:published_time\" content=\"2023-11-16T06:19:47+00:00\" \/>\n<meta property=\"og:image\" content=\"https:\/\/apuntesdesanluis.com\/wp-content\/uploads\/2023\/11\/asesinato.png\" \/>\n\t<meta property=\"og:image:width\" content=\"600\" \/>\n\t<meta property=\"og:image:height\" content=\"370\" \/>\n\t<meta property=\"og:image:type\" content=\"image\/png\" \/>\n<meta name=\"author\" content=\"apuntesdesanluis.com\" \/>\n<meta name=\"twitter:card\" content=\"summary_large_image\" \/>\n<meta name=\"twitter:label1\" content=\"Escrito por\" \/>\n\t<meta name=\"twitter:data1\" content=\"apuntesdesanluis.com\" \/>\n\t<meta name=\"twitter:label2\" content=\"Tiempo de lectura\" \/>\n\t<meta name=\"twitter:data2\" content=\"2 minutos\" \/>\n<script type=\"application\/ld+json\" class=\"yoast-schema-graph\">{\"@context\":\"https:\/\/schema.org\",\"@graph\":[{\"@type\":\"Article\",\"@id\":\"https:\/\/apuntesdesanluis.com\/index.php\/2023\/11\/16\/asesinan-a-un-hombre-en-el-barrio-eva-peron-2-y-hay-un-detenido\/#article\",\"isPartOf\":{\"@id\":\"https:\/\/apuntesdesanluis.com\/index.php\/2023\/11\/16\/asesinan-a-un-hombre-en-el-barrio-eva-peron-2-y-hay-un-detenido\/\"},\"author\":{\"name\":\"apuntesdesanluis.com\",\"@id\":\"https:\/\/apuntesdesanluis.com\/#\/schema\/person\/b55151d52296fcce64d1a72538a70b90\"},\"headline\":\"ASESINAN A UN HOMBRE EN EL BARRIO EVA PER\u00d3N 2 Y HAY UN DETENIDO\",\"datePublished\":\"2023-11-16T06:19:47+00:00\",\"mainEntityOfPage\":{\"@id\":\"https:\/\/apuntesdesanluis.com\/index.php\/2023\/11\/16\/asesinan-a-un-hombre-en-el-barrio-eva-peron-2-y-hay-un-detenido\/\"},\"wordCount\":259,\"publisher\":{\"@id\":\"https:\/\/apuntesdesanluis.com\/#\/schema\/person\/b55151d52296fcce64d1a72538a70b90\"},\"image\":{\"@id\":\"https:\/\/apuntesdesanluis.com\/index.php\/2023\/11\/16\/asesinan-a-un-hombre-en-el-barrio-eva-peron-2-y-hay-un-detenido\/#primaryimage\"},\"thumbnailUrl\":\"https:\/\/apuntesdesanluis.com\/wp-content\/uploads\/2023\/11\/asesinato.png\",\"articleSection\":[\"Ciudad\/Provincia\"],\"inLanguage\":\"es-AR\"},{\"@type\":\"WebPage\",\"@id\":\"https:\/\/apuntesdesanluis.com\/index.php\/2023\/11\/16\/asesinan-a-un-hombre-en-el-barrio-eva-peron-2-y-hay-un-detenido\/\",\"url\":\"https:\/\/apuntesdesanluis.com\/index.php\/2023\/11\/16\/asesinan-a-un-hombre-en-el-barrio-eva-peron-2-y-hay-un-detenido\/\",\"name\":\"ASESINAN A UN HOMBRE EN EL BARRIO EVA PER\u00d3N 2 Y HAY UN DETENIDO - Apuntes de San Luis\",\"isPartOf\":{\"@id\":\"https:\/\/apuntesdesanluis.com\/#website\"},\"primaryImageOfPage\":{\"@id\":\"https:\/\/apuntesdesanluis.com\/index.php\/2023\/11\/16\/asesinan-a-un-hombre-en-el-barrio-eva-peron-2-y-hay-un-detenido\/#primaryimage\"},\"image\":{\"@id\":\"https:\/\/apuntesdesanluis.com\/index.php\/2023\/11\/16\/asesinan-a-un-hombre-en-el-barrio-eva-peron-2-y-hay-un-detenido\/#primaryimage\"},\"thumbnailUrl\":\"https:\/\/apuntesdesanluis.com\/wp-content\/uploads\/2023\/11\/asesinato.png\",\"datePublished\":\"2023-11-16T06:19:47+00:00\",\"breadcrumb\":{\"@id\":\"https:\/\/apuntesdesanluis.com\/index.php\/2023\/11\/16\/asesinan-a-un-hombre-en-el-barrio-eva-peron-2-y-hay-un-detenido\/#breadcrumb\"},\"inLanguage\":\"es-AR\",\"potentialAction\":[{\"@type\":\"ReadAction\",\"target\":[\"https:\/\/apuntesdesanluis.com\/index.php\/2023\/11\/16\/asesinan-a-un-hombre-en-el-barrio-eva-peron-2-y-hay-un-detenido\/\"]}]},{\"@type\":\"ImageObject\",\"inLanguage\":\"es-AR\",\"@id\":\"https:\/\/apuntesdesanluis.com\/index.php\/2023\/11\/16\/asesinan-a-un-hombre-en-el-barrio-eva-peron-2-y-hay-un-detenido\/#primaryimage\",\"url\":\"https:\/\/apuntesdesanluis.com\/wp-content\/uploads\/2023\/11\/asesinato.png\",\"contentUrl\":\"https:\/\/apuntesdesanluis.com\/wp-content\/uploads\/2023\/11\/asesinato.png\",\"width\":600,\"height\":370},{\"@type\":\"BreadcrumbList\",\"@id\":\"https:\/\/apuntesdesanluis.com\/index.php\/2023\/11\/16\/asesinan-a-un-hombre-en-el-barrio-eva-peron-2-y-hay-un-detenido\/#breadcrumb\",\"itemListElement\":[{\"@type\":\"ListItem\",\"position\":1,\"name\":\"Inicio\",\"item\":\"https:\/\/apuntesdesanluis.com\/\"},{\"@type\":\"ListItem\",\"position\":2,\"name\":\"ASESINAN A UN HOMBRE EN EL BARRIO EVA PER\u00d3N 2 Y HAY UN DETENIDO\"}]},{\"@type\":\"WebSite\",\"@id\":\"https:\/\/apuntesdesanluis.com\/#website\",\"url\":\"https:\/\/apuntesdesanluis.com\/\",\"name\":\"Apuntes de San Luis\",\"description\":\"\",\"publisher\":{\"@id\":\"https:\/\/apuntesdesanluis.com\/#\/schema\/person\/b55151d52296fcce64d1a72538a70b90\"},\"potentialAction\":[{\"@type\":\"SearchAction\",\"target\":{\"@type\":\"EntryPoint\",\"urlTemplate\":\"https:\/\/apuntesdesanluis.com\/?s={search_term_string}\"},\"query-input\":{\"@type\":\"PropertyValueSpecification\",\"valueRequired\":true,\"valueName\":\"search_term_string\"}}],\"inLanguage\":\"es-AR\"},{\"@type\":[\"Person\",\"Organization\"],\"@id\":\"https:\/\/apuntesdesanluis.com\/#\/schema\/person\/b55151d52296fcce64d1a72538a70b90\",\"name\":\"apuntesdesanluis.com\",\"image\":{\"@type\":\"ImageObject\",\"inLanguage\":\"es-AR\",\"@id\":\"https:\/\/apuntesdesanluis.com\/#\/schema\/person\/image\/\",\"url\":\"https:\/\/apuntesdesanluis.com\/wp-content\/uploads\/2023\/07\/cropped-apuntesdesanluis.png\",\"contentUrl\":\"https:\/\/apuntesdesanluis.com\/wp-content\/uploads\/2023\/07\/cropped-apuntesdesanluis.png\",\"width\":450,\"height\":112,\"caption\":\"apuntesdesanluis.com\"},\"logo\":{\"@id\":\"https:\/\/apuntesdesanluis.com\/#\/schema\/person\/image\/\"},\"sameAs\":[\"https:\/\/apuntesdesanluis.com\"],\"url\":\"https:\/\/apuntesdesanluis.com\/index.php\/author\/apuntesdesanluis-com\/\"}]}<\/script>\n<!-- \/ Yoast SEO plugin. -->","yoast_head_json":{"title":"ASESINAN A UN HOMBRE EN EL BARRIO EVA PER\u00d3N 2 Y HAY UN DETENIDO - Apuntes de San Luis","robots":{"index":"index","follow":"follow","max-snippet":"max-snippet:-1","max-image-preview":"max-image-preview:large","max-video-preview":"max-video-preview:-1"},"canonical":"https:\/\/apuntesdesanluis.com\/index.php\/2023\/11\/16\/asesinan-a-un-hombre-en-el-barrio-eva-peron-2-y-hay-un-detenido\/","og_locale":"es_ES","og_type":"article","og_title":"ASESINAN A UN HOMBRE EN EL BARRIO EVA PER\u00d3N 2 Y HAY UN DETENIDO - Apuntes de San Luis","og_description":"Uno de los barrios m\u00e1s inseguros de Villa Mercedes fue epicentro este mi\u00e9rcoles de un...","og_url":"https:\/\/apuntesdesanluis.com\/index.php\/2023\/11\/16\/asesinan-a-un-hombre-en-el-barrio-eva-peron-2-y-hay-un-detenido\/","og_site_name":"Apuntes de San Luis","article_published_time":"2023-11-16T06:19:47+00:00","og_image":[{"width":600,"height":370,"url":"https:\/\/apuntesdesanluis.com\/wp-content\/uploads\/2023\/11\/asesinato.png","type":"image\/png"}],"author":"apuntesdesanluis.com","twitter_card":"summary_large_image","twitter_misc":{"Escrito por":"apuntesdesanluis.com","Tiempo de lectura":"2 minutos"},"schema":{"@context":"https:\/\/schema.org","@graph":[{"@type":"Article","@id":"https:\/\/apuntesdesanluis.com\/index.php\/2023\/11\/16\/asesinan-a-un-hombre-en-el-barrio-eva-peron-2-y-hay-un-detenido\/#article","isPartOf":{"@id":"https:\/\/apuntesdesanluis.com\/index.php\/2023\/11\/16\/asesinan-a-un-hombre-en-el-barrio-eva-peron-2-y-hay-un-detenido\/"},"author":{"name":"apuntesdesanluis.com","@id":"https:\/\/apuntesdesanluis.com\/#\/schema\/person\/b55151d52296fcce64d1a72538a70b90"},"headline":"ASESINAN A UN HOMBRE EN EL BARRIO EVA PER\u00d3N 2 Y HAY UN DETENIDO","datePublished":"2023-11-16T06:19:47+00:00","mainEntityOfPage":{"@id":"https:\/\/apuntesdesanluis.com\/index.php\/2023\/11\/16\/asesinan-a-un-hombre-en-el-barrio-eva-peron-2-y-hay-un-detenido\/"},"wordCount":259,"publisher":{"@id":"https:\/\/apuntesdesanluis.com\/#\/schema\/person\/b55151d52296fcce64d1a72538a70b90"},"image":{"@id":"https:\/\/apuntesdesanluis.com\/index.php\/2023\/11\/16\/asesinan-a-un-hombre-en-el-barrio-eva-peron-2-y-hay-un-detenido\/#primaryimage"},"thumbnailUrl":"https:\/\/apuntesdesanluis.com\/wp-content\/uploads\/2023\/11\/asesinato.png","articleSection":["Ciudad\/Provincia"],"inLanguage":"es-AR"},{"@type":"WebPage","@id":"https:\/\/apuntesdesanluis.com\/index.php\/2023\/11\/16\/asesinan-a-un-hombre-en-el-barrio-eva-peron-2-y-hay-un-detenido\/","url":"https:\/\/apuntesdesanluis.com\/index.php\/2023\/11\/16\/asesinan-a-un-hombre-en-el-barrio-eva-peron-2-y-hay-un-detenido\/","name":"ASESINAN A UN HOMBRE EN EL BARRIO EVA PER\u00d3N 2 Y HAY UN DETENIDO - Apuntes de San Luis","isPartOf":{"@id":"https:\/\/apuntesdesanluis.com\/#website"},"primaryImageOfPage":{"@id":"https:\/\/apuntesdesanluis.com\/index.php\/2023\/11\/16\/asesinan-a-un-hombre-en-el-barrio-eva-peron-2-y-hay-un-detenido\/#primaryimage"},"image":{"@id":"https:\/\/apuntesdesanluis.com\/index.php\/2023\/11\/16\/asesinan-a-un-hombre-en-el-barrio-eva-peron-2-y-hay-un-detenido\/#primaryimage"},"thumbnailUrl":"https:\/\/apuntesdesanluis.com\/wp-content\/uploads\/2023\/11\/asesinato.png","datePublished":"2023-11-16T06:19:47+00:00","breadcrumb":{"@id":"https:\/\/apuntesdesanluis.com\/index.php\/2023\/11\/16\/asesinan-a-un-hombre-en-el-barrio-eva-peron-2-y-hay-un-detenido\/#breadcrumb"},"inLanguage":"es-AR","potentialAction":[{"@type":"ReadAction","target":["https:\/\/apuntesdesanluis.com\/index.php\/2023\/11\/16\/asesinan-a-un-hombre-en-el-barrio-eva-peron-2-y-hay-un-detenido\/"]}]},{"@type":"ImageObject","inLanguage":"es-AR","@id":"https:\/\/apuntesdesanluis.com\/index.php\/2023\/11\/16\/asesinan-a-un-hombre-en-el-barrio-eva-peron-2-y-hay-un-detenido\/#primaryimage","url":"https:\/\/apuntesdesanluis.com\/wp-content\/uploads\/2023\/11\/asesinato.png","contentUrl":"https:\/\/apuntesdesanluis.com\/wp-content\/uploads\/2023\/11\/asesinato.png","width":600,"height":370},{"@type":"BreadcrumbList","@id":"https:\/\/apuntesdesanluis.com\/index.php\/2023\/11\/16\/asesinan-a-un-hombre-en-el-barrio-eva-peron-2-y-hay-un-detenido\/#breadcrumb","itemListElement":[{"@type":"ListItem","position":1,"name":"Inicio","item":"https:\/\/apuntesdesanluis.com\/"},{"@type":"ListItem","position":2,"name":"ASESINAN A UN HOMBRE EN EL BARRIO EVA PER\u00d3N 2 Y HAY UN DETENIDO"}]},{"@type":"WebSite","@id":"https:\/\/apuntesdesanluis.com\/#website","url":"https:\/\/apuntesdesanluis.com\/","name":"Apuntes de San Luis","description":"","publisher":{"@id":"https:\/\/apuntesdesanluis.com\/#\/schema\/person\/b55151d52296fcce64d1a72538a70b90"},"potentialAction":[{"@type":"SearchAction","target":{"@type":"EntryPoint","urlTemplate":"https:\/\/apuntesdesanluis.com\/?s={search_term_string}"},"query-input":{"@type":"PropertyValueSpecification","valueRequired":true,"valueName":"search_term_string"}}],"inLanguage":"es-AR"},{"@type":["Person","Organization"],"@id":"https:\/\/apuntesdesanluis.com\/#\/schema\/person\/b55151d52296fcce64d1a72538a70b90","name":"apuntesdesanluis.com","image":{"@type":"ImageObject","inLanguage":"es-AR","@id":"https:\/\/apuntesdesanluis.com\/#\/schema\/person\/image\/","url":"https:\/\/apuntesdesanluis.com\/wp-content\/uploads\/2023\/07\/cropped-apuntesdesanluis.png","contentUrl":"https:\/\/apuntesdesanluis.com\/wp-content\/uploads\/2023\/07\/cropped-apuntesdesanluis.png","width":450,"height":112,"caption":"apuntesdesanluis.com"},"logo":{"@id":"https:\/\/apuntesdesanluis.com\/#\/schema\/person\/image\/"},"sameAs":["https:\/\/apuntesdesanluis.com"],"url":"https:\/\/apuntesdesanluis.com\/index.php\/author\/apuntesdesanluis-com\/"}]}},"featured_image_urls":{"full":["https:\/\/apuntesdesanluis.com\/wp-content\/uploads\/2023\/11\/asesinato.png",600,370,false],"thumbnail":["https:\/\/apuntesdesanluis.com\/wp-content\/uploads\/2023\/11\/asesinato-150x150.png",150,150,true],"medium":["https:\/\/apuntesdesanluis.com\/wp-content\/uploads\/2023\/11\/asesinato-300x185.png",300,185,true],"medium_large":["https:\/\/apuntesdesanluis.com\/wp-content\/uploads\/2023\/11\/asesinato.png",600,370,false],"large":["https:\/\/apuntesdesanluis.com\/wp-content\/uploads\/2023\/11\/asesinato.png",600,370,false],"1536x1536":["https:\/\/apuntesdesanluis.com\/wp-content\/uploads\/2023\/11\/asesinato.png",600,370,false],"2048x2048":["https:\/\/apuntesdesanluis.com\/wp-content\/uploads\/2023\/11\/asesinato.png",600,370,false],"newsever-slider-full":["https:\/\/apuntesdesanluis.com\/wp-content\/uploads\/2023\/11\/asesinato.png",600,370,false],"newsever-featured":["https:\/\/apuntesdesanluis.com\/wp-content\/uploads\/2023\/11\/asesinato.png",600,370,false],"newsever-medium":["https:\/\/apuntesdesanluis.com\/wp-content\/uploads\/2023\/11\/asesinato.png",600,370,false]},"author_info":{"display_name":"apuntesdesanluis.com","author_link":"https:\/\/apuntesdesanluis.com\/index.php\/author\/apuntesdesanluis-com\/"},"category_info":"<a href=\"https:\/\/apuntesdesanluis.com\/index.php\/category\/ciudad-provincia\/\" rel=\"category tag\">Ciudad\/Provincia<\/a>","tag_info":"Ciudad\/Provincia","comment_count":"0","_links":{"self":[{"href":"https:\/\/apuntesdesanluis.com\/index.php\/wp-json\/wp\/v2\/posts\/6944","targetHints":{"allow":["GET"]}}],"collection":[{"href":"https:\/\/apuntesdesanluis.com\/index.php\/wp-json\/wp\/v2\/posts"}],"about":[{"href":"https:\/\/apuntesdesanluis.com\/index.php\/wp-json\/wp\/v2\/types\/post"}],"author":[{"embeddable":true,"href":"https:\/\/apuntesdesanluis.com\/index.php\/wp-json\/wp\/v2\/users\/1"}],"replies":[{"embeddable":true,"href":"https:\/\/apuntesdesanluis.com\/index.php\/wp-json\/wp\/v2\/comments?post=6944"}],"version-history":[{"count":1,"href":"https:\/\/apuntesdesanluis.com\/index.php\/wp-json\/wp\/v2\/posts\/6944\/revisions"}],"predecessor-version":[{"id":6946,"href":"https:\/\/apuntesdesanluis.com\/index.php\/wp-json\/wp\/v2\/posts\/6944\/revisions\/6946"}],"wp:featuredmedia":[{"embeddable":true,"href":"https:\/\/apuntesdesanluis.com\/index.php\/wp-json\/wp\/v2\/media\/6945"}],"wp:attachment":[{"href":"https:\/\/apuntesdesanluis.com\/index.php\/wp-json\/wp\/v2\/media?parent=6944"}],"wp:term":[{"taxonomy":"category","embeddable":true,"href":"https:\/\/apuntesdesanluis.com\/index.php\/wp-json\/wp\/v2\/categories?post=6944"},{"taxonomy":"post_tag","embeddable":true,"href":"https:\/\/apuntesdesanluis.com\/index.php\/wp-json\/wp\/v2\/tags?post=6944"}],"curies":[{"name":"wp","href":"https:\/\/api.w.org\/{rel}","templated":true}]}}