{"id":6948,"date":"2023-11-16T23:21:39","date_gmt":"2023-11-17T02:21:39","guid":{"rendered":"https:\/\/apuntesdesanluis.com\/?p=6948"},"modified":"2023-11-16T23:21:53","modified_gmt":"2023-11-17T02:21:53","slug":"lo-condenan-a-prision-perpetua-por-el-homicidio-de-su-ex-pareja","status":"publish","type":"post","link":"https:\/\/apuntesdesanluis.com\/index.php\/2023\/11\/16\/lo-condenan-a-prision-perpetua-por-el-homicidio-de-su-ex-pareja\/","title":{"rendered":"LO CONDENAN A PRISI\u00d3N PERPETUA POR EL HOMICIDIO DE SU EX PAREJA"},"content":{"rendered":"<h3><strong>Gustavo Daniel Ag\u00fcero<\/strong>, de 40 a\u00f1os, fue condenado este jueves a la pena de prisi\u00f3n perpetua por el homicidio de <strong>Dora Arce<\/strong>, su expareja, ocurrido en febrero de 2022 en la ciudad de Quines.<\/h3>\n<h3>La v\u00edctima recibi\u00f3 un ataque a la altura del t\u00f3rax con cuchillo tipo carnicero de 37 cent\u00edmetros y falleci\u00f3 por la p\u00e9rdida grave de sangre, es decir, por un shock hipovol\u00e9mico.<\/h3>\n<h3>La causa estuvo a cargo del Colegio de Jueces de la Primera Circunscripci\u00f3n, integrado por Jos\u00e9 Luis Flores, Hugo Saa Petrino y Julio Fernando De Viana.\u00a0 Ag\u00fcero lleg\u00f3 a debate acusado del delito de \u201cHomicidio calificado por el v\u00ednculo y por mediar violencia de g\u00e9nero\u201d. Sin embargo, los jueces entendieron que no existi\u00f3 violencia de g\u00e9nero previa y eliminaron ese agravante de la calificaci\u00f3n original.<\/h3>\n<h3>En la \u00faltima jornada, el acusado declar\u00f3 ante el tribunal y le pidi\u00f3 disculpas a la familia de Arce y a la sociedad. Terminado el debate fue trasladado al Servicio Penitenciario Provincial donde continuar\u00e1 alojado.<\/h3>\n<h3>El homicidio de Arce ocurri\u00f3 el domingo 13 de febrero de 2022, aproximadamente entre las 5:30 y las 6:30 horas. Ag\u00fcero se hizo presente en el domicilio de su ex pareja y madre de sus hijos, ubicado sobre Maestro Almeyda entre Sarmiento y 25 de Mayo de la localidad de Quines. La v\u00edctima lo dej\u00f3 pasar y se encerraron con llave en la habitaci\u00f3n de la vivienda, mientras sus dos hijos menores de edad, permanec\u00edan en otras dependencias de la casa.<\/h3>\n<h3>Luego de algunas recriminaciones, Ag\u00fcero la atac\u00f3 con un cuchillo en la zona del t\u00f3rax, lo que le provoc\u00f3 la muerte a su ex pareja, por un shock hipovol\u00e9mico\u201d. De acuerdo con la investigaci\u00f3n, luego del ataque el imputado se autolesion\u00f3, provoc\u00e1ndose heridas con el cuchillo en la zona del pecho y brazos.<\/h3>\n","protected":false},"excerpt":{"rendered":"<p>Gustavo Daniel Ag\u00fcero, de 40 a\u00f1os, fue condenado este jueves a la pena de prisi\u00f3n&#8230;<\/p>\n","protected":false},"author":1,"featured_media":6949,"comment_status":"closed","ping_status":"closed","sticky":false,"template":"","format":"standard","meta":{"footnotes":""},"categories":[6],"tags":[],"class_list":["post-6948","post","type-post","status-publish","format-standard","has-post-thumbnail","hentry","category-ciudad-provincia"],"yoast_head":"<!-- This site is optimized with the Yoast SEO plugin v26.1.1 - https:\/\/yoast.com\/wordpress\/plugins\/seo\/ -->\n<title>LO CONDENAN A PRISI\u00d3N PERPETUA POR EL HOMICIDIO DE SU EX PAREJA - Apuntes de San Luis<\/title>\n<meta name=\"robots\" content=\"index, follow, max-snippet:-1, max-image-preview:large, max-video-preview:-1\" \/>\n<link rel=\"canonical\" href=\"https:\/\/apuntesdesanluis.com\/index.php\/2023\/11\/16\/lo-condenan-a-prision-perpetua-por-el-homicidio-de-su-ex-pareja\/\" \/>\n<meta property=\"og:locale\" content=\"es_ES\" \/>\n<meta property=\"og:type\" content=\"article\" \/>\n<meta property=\"og:title\" content=\"LO CONDENAN A PRISI\u00d3N PERPETUA POR EL HOMICIDIO DE SU EX PAREJA - Apuntes de San Luis\" \/>\n<meta property=\"og:description\" content=\"Gustavo Daniel Ag\u00fcero, de 40 a\u00f1os, fue condenado este jueves a la pena de prisi\u00f3n...\" \/>\n<meta property=\"og:url\" content=\"https:\/\/apuntesdesanluis.com\/index.php\/2023\/11\/16\/lo-condenan-a-prision-perpetua-por-el-homicidio-de-su-ex-pareja\/\" \/>\n<meta property=\"og:site_name\" content=\"Apuntes de San Luis\" \/>\n<meta property=\"article:published_time\" content=\"2023-11-17T02:21:39+00:00\" \/>\n<meta property=\"article:modified_time\" content=\"2023-11-17T02:21:53+00:00\" \/>\n<meta property=\"og:image\" content=\"https:\/\/apuntesdesanluis.com\/wp-content\/uploads\/2023\/11\/condenado.png\" \/>\n\t<meta property=\"og:image:width\" content=\"601\" \/>\n\t<meta property=\"og:image:height\" content=\"366\" \/>\n\t<meta property=\"og:image:type\" content=\"image\/png\" \/>\n<meta name=\"author\" content=\"apuntesdesanluis.com\" \/>\n<meta name=\"twitter:card\" content=\"summary_large_image\" \/>\n<meta name=\"twitter:label1\" content=\"Escrito por\" \/>\n\t<meta name=\"twitter:data1\" content=\"apuntesdesanluis.com\" \/>\n\t<meta name=\"twitter:label2\" content=\"Tiempo de lectura\" \/>\n\t<meta name=\"twitter:data2\" content=\"2 minutos\" \/>\n<script type=\"application\/ld+json\" class=\"yoast-schema-graph\">{\"@context\":\"https:\/\/schema.org\",\"@graph\":[{\"@type\":\"Article\",\"@id\":\"https:\/\/apuntesdesanluis.com\/index.php\/2023\/11\/16\/lo-condenan-a-prision-perpetua-por-el-homicidio-de-su-ex-pareja\/#article\",\"isPartOf\":{\"@id\":\"https:\/\/apuntesdesanluis.com\/index.php\/2023\/11\/16\/lo-condenan-a-prision-perpetua-por-el-homicidio-de-su-ex-pareja\/\"},\"author\":{\"name\":\"apuntesdesanluis.com\",\"@id\":\"https:\/\/apuntesdesanluis.com\/#\/schema\/person\/b55151d52296fcce64d1a72538a70b90\"},\"headline\":\"LO CONDENAN A PRISI\u00d3N PERPETUA POR EL HOMICIDIO DE SU EX PAREJA\",\"datePublished\":\"2023-11-17T02:21:39+00:00\",\"dateModified\":\"2023-11-17T02:21:53+00:00\",\"mainEntityOfPage\":{\"@id\":\"https:\/\/apuntesdesanluis.com\/index.php\/2023\/11\/16\/lo-condenan-a-prision-perpetua-por-el-homicidio-de-su-ex-pareja\/\"},\"wordCount\":327,\"publisher\":{\"@id\":\"https:\/\/apuntesdesanluis.com\/#\/schema\/person\/b55151d52296fcce64d1a72538a70b90\"},\"image\":{\"@id\":\"https:\/\/apuntesdesanluis.com\/index.php\/2023\/11\/16\/lo-condenan-a-prision-perpetua-por-el-homicidio-de-su-ex-pareja\/#primaryimage\"},\"thumbnailUrl\":\"https:\/\/apuntesdesanluis.com\/wp-content\/uploads\/2023\/11\/condenado.png\",\"articleSection\":[\"Ciudad\/Provincia\"],\"inLanguage\":\"es-AR\"},{\"@type\":\"WebPage\",\"@id\":\"https:\/\/apuntesdesanluis.com\/index.php\/2023\/11\/16\/lo-condenan-a-prision-perpetua-por-el-homicidio-de-su-ex-pareja\/\",\"url\":\"https:\/\/apuntesdesanluis.com\/index.php\/2023\/11\/16\/lo-condenan-a-prision-perpetua-por-el-homicidio-de-su-ex-pareja\/\",\"name\":\"LO CONDENAN A PRISI\u00d3N PERPETUA POR EL HOMICIDIO DE SU EX PAREJA - Apuntes de San Luis\",\"isPartOf\":{\"@id\":\"https:\/\/apuntesdesanluis.com\/#website\"},\"primaryImageOfPage\":{\"@id\":\"https:\/\/apuntesdesanluis.com\/index.php\/2023\/11\/16\/lo-condenan-a-prision-perpetua-por-el-homicidio-de-su-ex-pareja\/#primaryimage\"},\"image\":{\"@id\":\"https:\/\/apuntesdesanluis.com\/index.php\/2023\/11\/16\/lo-condenan-a-prision-perpetua-por-el-homicidio-de-su-ex-pareja\/#primaryimage\"},\"thumbnailUrl\":\"https:\/\/apuntesdesanluis.com\/wp-content\/uploads\/2023\/11\/condenado.png\",\"datePublished\":\"2023-11-17T02:21:39+00:00\",\"dateModified\":\"2023-11-17T02:21:53+00:00\",\"breadcrumb\":{\"@id\":\"https:\/\/apuntesdesanluis.com\/index.php\/2023\/11\/16\/lo-condenan-a-prision-perpetua-por-el-homicidio-de-su-ex-pareja\/#breadcrumb\"},\"inLanguage\":\"es-AR\",\"potentialAction\":[{\"@type\":\"ReadAction\",\"target\":[\"https:\/\/apuntesdesanluis.com\/index.php\/2023\/11\/16\/lo-condenan-a-prision-perpetua-por-el-homicidio-de-su-ex-pareja\/\"]}]},{\"@type\":\"ImageObject\",\"inLanguage\":\"es-AR\",\"@id\":\"https:\/\/apuntesdesanluis.com\/index.php\/2023\/11\/16\/lo-condenan-a-prision-perpetua-por-el-homicidio-de-su-ex-pareja\/#primaryimage\",\"url\":\"https:\/\/apuntesdesanluis.com\/wp-content\/uploads\/2023\/11\/condenado.png\",\"contentUrl\":\"https:\/\/apuntesdesanluis.com\/wp-content\/uploads\/2023\/11\/condenado.png\",\"width\":601,\"height\":366},{\"@type\":\"BreadcrumbList\",\"@id\":\"https:\/\/apuntesdesanluis.com\/index.php\/2023\/11\/16\/lo-condenan-a-prision-perpetua-por-el-homicidio-de-su-ex-pareja\/#breadcrumb\",\"itemListElement\":[{\"@type\":\"ListItem\",\"position\":1,\"name\":\"Inicio\",\"item\":\"https:\/\/apuntesdesanluis.com\/\"},{\"@type\":\"ListItem\",\"position\":2,\"name\":\"LO CONDENAN A PRISI\u00d3N PERPETUA POR EL HOMICIDIO DE SU EX PAREJA\"}]},{\"@type\":\"WebSite\",\"@id\":\"https:\/\/apuntesdesanluis.com\/#website\",\"url\":\"https:\/\/apuntesdesanluis.com\/\",\"name\":\"Apuntes de San Luis\",\"description\":\"\",\"publisher\":{\"@id\":\"https:\/\/apuntesdesanluis.com\/#\/schema\/person\/b55151d52296fcce64d1a72538a70b90\"},\"potentialAction\":[{\"@type\":\"SearchAction\",\"target\":{\"@type\":\"EntryPoint\",\"urlTemplate\":\"https:\/\/apuntesdesanluis.com\/?s={search_term_string}\"},\"query-input\":{\"@type\":\"PropertyValueSpecification\",\"valueRequired\":true,\"valueName\":\"search_term_string\"}}],\"inLanguage\":\"es-AR\"},{\"@type\":[\"Person\",\"Organization\"],\"@id\":\"https:\/\/apuntesdesanluis.com\/#\/schema\/person\/b55151d52296fcce64d1a72538a70b90\",\"name\":\"apuntesdesanluis.com\",\"image\":{\"@type\":\"ImageObject\",\"inLanguage\":\"es-AR\",\"@id\":\"https:\/\/apuntesdesanluis.com\/#\/schema\/person\/image\/\",\"url\":\"https:\/\/apuntesdesanluis.com\/wp-content\/uploads\/2023\/07\/cropped-apuntesdesanluis.png\",\"contentUrl\":\"https:\/\/apuntesdesanluis.com\/wp-content\/uploads\/2023\/07\/cropped-apuntesdesanluis.png\",\"width\":450,\"height\":112,\"caption\":\"apuntesdesanluis.com\"},\"logo\":{\"@id\":\"https:\/\/apuntesdesanluis.com\/#\/schema\/person\/image\/\"},\"sameAs\":[\"https:\/\/apuntesdesanluis.com\"],\"url\":\"https:\/\/apuntesdesanluis.com\/index.php\/author\/apuntesdesanluis-com\/\"}]}<\/script>\n<!-- \/ Yoast SEO plugin. -->","yoast_head_json":{"title":"LO CONDENAN A PRISI\u00d3N PERPETUA POR EL HOMICIDIO DE SU EX PAREJA - Apuntes de San Luis","robots":{"index":"index","follow":"follow","max-snippet":"max-snippet:-1","max-image-preview":"max-image-preview:large","max-video-preview":"max-video-preview:-1"},"canonical":"https:\/\/apuntesdesanluis.com\/index.php\/2023\/11\/16\/lo-condenan-a-prision-perpetua-por-el-homicidio-de-su-ex-pareja\/","og_locale":"es_ES","og_type":"article","og_title":"LO CONDENAN A PRISI\u00d3N PERPETUA POR EL HOMICIDIO DE SU EX PAREJA - Apuntes de San Luis","og_description":"Gustavo Daniel Ag\u00fcero, de 40 a\u00f1os, fue condenado este jueves a la pena de prisi\u00f3n...","og_url":"https:\/\/apuntesdesanluis.com\/index.php\/2023\/11\/16\/lo-condenan-a-prision-perpetua-por-el-homicidio-de-su-ex-pareja\/","og_site_name":"Apuntes de San Luis","article_published_time":"2023-11-17T02:21:39+00:00","article_modified_time":"2023-11-17T02:21:53+00:00","og_image":[{"width":601,"height":366,"url":"https:\/\/apuntesdesanluis.com\/wp-content\/uploads\/2023\/11\/condenado.png","type":"image\/png"}],"author":"apuntesdesanluis.com","twitter_card":"summary_large_image","twitter_misc":{"Escrito por":"apuntesdesanluis.com","Tiempo de lectura":"2 minutos"},"schema":{"@context":"https:\/\/schema.org","@graph":[{"@type":"Article","@id":"https:\/\/apuntesdesanluis.com\/index.php\/2023\/11\/16\/lo-condenan-a-prision-perpetua-por-el-homicidio-de-su-ex-pareja\/#article","isPartOf":{"@id":"https:\/\/apuntesdesanluis.com\/index.php\/2023\/11\/16\/lo-condenan-a-prision-perpetua-por-el-homicidio-de-su-ex-pareja\/"},"author":{"name":"apuntesdesanluis.com","@id":"https:\/\/apuntesdesanluis.com\/#\/schema\/person\/b55151d52296fcce64d1a72538a70b90"},"headline":"LO CONDENAN A PRISI\u00d3N PERPETUA POR EL HOMICIDIO DE SU EX PAREJA","datePublished":"2023-11-17T02:21:39+00:00","dateModified":"2023-11-17T02:21:53+00:00","mainEntityOfPage":{"@id":"https:\/\/apuntesdesanluis.com\/index.php\/2023\/11\/16\/lo-condenan-a-prision-perpetua-por-el-homicidio-de-su-ex-pareja\/"},"wordCount":327,"publisher":{"@id":"https:\/\/apuntesdesanluis.com\/#\/schema\/person\/b55151d52296fcce64d1a72538a70b90"},"image":{"@id":"https:\/\/apuntesdesanluis.com\/index.php\/2023\/11\/16\/lo-condenan-a-prision-perpetua-por-el-homicidio-de-su-ex-pareja\/#primaryimage"},"thumbnailUrl":"https:\/\/apuntesdesanluis.com\/wp-content\/uploads\/2023\/11\/condenado.png","articleSection":["Ciudad\/Provincia"],"inLanguage":"es-AR"},{"@type":"WebPage","@id":"https:\/\/apuntesdesanluis.com\/index.php\/2023\/11\/16\/lo-condenan-a-prision-perpetua-por-el-homicidio-de-su-ex-pareja\/","url":"https:\/\/apuntesdesanluis.com\/index.php\/2023\/11\/16\/lo-condenan-a-prision-perpetua-por-el-homicidio-de-su-ex-pareja\/","name":"LO CONDENAN A PRISI\u00d3N PERPETUA POR EL HOMICIDIO DE SU EX PAREJA - Apuntes de San Luis","isPartOf":{"@id":"https:\/\/apuntesdesanluis.com\/#website"},"primaryImageOfPage":{"@id":"https:\/\/apuntesdesanluis.com\/index.php\/2023\/11\/16\/lo-condenan-a-prision-perpetua-por-el-homicidio-de-su-ex-pareja\/#primaryimage"},"image":{"@id":"https:\/\/apuntesdesanluis.com\/index.php\/2023\/11\/16\/lo-condenan-a-prision-perpetua-por-el-homicidio-de-su-ex-pareja\/#primaryimage"},"thumbnailUrl":"https:\/\/apuntesdesanluis.com\/wp-content\/uploads\/2023\/11\/condenado.png","datePublished":"2023-11-17T02:21:39+00:00","dateModified":"2023-11-17T02:21:53+00:00","breadcrumb":{"@id":"https:\/\/apuntesdesanluis.com\/index.php\/2023\/11\/16\/lo-condenan-a-prision-perpetua-por-el-homicidio-de-su-ex-pareja\/#breadcrumb"},"inLanguage":"es-AR","potentialAction":[{"@type":"ReadAction","target":["https:\/\/apuntesdesanluis.com\/index.php\/2023\/11\/16\/lo-condenan-a-prision-perpetua-por-el-homicidio-de-su-ex-pareja\/"]}]},{"@type":"ImageObject","inLanguage":"es-AR","@id":"https:\/\/apuntesdesanluis.com\/index.php\/2023\/11\/16\/lo-condenan-a-prision-perpetua-por-el-homicidio-de-su-ex-pareja\/#primaryimage","url":"https:\/\/apuntesdesanluis.com\/wp-content\/uploads\/2023\/11\/condenado.png","contentUrl":"https:\/\/apuntesdesanluis.com\/wp-content\/uploads\/2023\/11\/condenado.png","width":601,"height":366},{"@type":"BreadcrumbList","@id":"https:\/\/apuntesdesanluis.com\/index.php\/2023\/11\/16\/lo-condenan-a-prision-perpetua-por-el-homicidio-de-su-ex-pareja\/#breadcrumb","itemListElement":[{"@type":"ListItem","position":1,"name":"Inicio","item":"https:\/\/apuntesdesanluis.com\/"},{"@type":"ListItem","position":2,"name":"LO CONDENAN A PRISI\u00d3N PERPETUA POR EL HOMICIDIO DE SU EX PAREJA"}]},{"@type":"WebSite","@id":"https:\/\/apuntesdesanluis.com\/#website","url":"https:\/\/apuntesdesanluis.com\/","name":"Apuntes de San Luis","description":"","publisher":{"@id":"https:\/\/apuntesdesanluis.com\/#\/schema\/person\/b55151d52296fcce64d1a72538a70b90"},"potentialAction":[{"@type":"SearchAction","target":{"@type":"EntryPoint","urlTemplate":"https:\/\/apuntesdesanluis.com\/?s={search_term_string}"},"query-input":{"@type":"PropertyValueSpecification","valueRequired":true,"valueName":"search_term_string"}}],"inLanguage":"es-AR"},{"@type":["Person","Organization"],"@id":"https:\/\/apuntesdesanluis.com\/#\/schema\/person\/b55151d52296fcce64d1a72538a70b90","name":"apuntesdesanluis.com","image":{"@type":"ImageObject","inLanguage":"es-AR","@id":"https:\/\/apuntesdesanluis.com\/#\/schema\/person\/image\/","url":"https:\/\/apuntesdesanluis.com\/wp-content\/uploads\/2023\/07\/cropped-apuntesdesanluis.png","contentUrl":"https:\/\/apuntesdesanluis.com\/wp-content\/uploads\/2023\/07\/cropped-apuntesdesanluis.png","width":450,"height":112,"caption":"apuntesdesanluis.com"},"logo":{"@id":"https:\/\/apuntesdesanluis.com\/#\/schema\/person\/image\/"},"sameAs":["https:\/\/apuntesdesanluis.com"],"url":"https:\/\/apuntesdesanluis.com\/index.php\/author\/apuntesdesanluis-com\/"}]}},"featured_image_urls":{"full":["https:\/\/apuntesdesanluis.com\/wp-content\/uploads\/2023\/11\/condenado.png",601,366,false],"thumbnail":["https:\/\/apuntesdesanluis.com\/wp-content\/uploads\/2023\/11\/condenado-150x150.png",150,150,true],"medium":["https:\/\/apuntesdesanluis.com\/wp-content\/uploads\/2023\/11\/condenado-300x183.png",300,183,true],"medium_large":["https:\/\/apuntesdesanluis.com\/wp-content\/uploads\/2023\/11\/condenado.png",601,366,false],"large":["https:\/\/apuntesdesanluis.com\/wp-content\/uploads\/2023\/11\/condenado.png",601,366,false],"1536x1536":["https:\/\/apuntesdesanluis.com\/wp-content\/uploads\/2023\/11\/condenado.png",601,366,false],"2048x2048":["https:\/\/apuntesdesanluis.com\/wp-content\/uploads\/2023\/11\/condenado.png",601,366,false],"newsever-slider-full":["https:\/\/apuntesdesanluis.com\/wp-content\/uploads\/2023\/11\/condenado.png",601,366,false],"newsever-featured":["https:\/\/apuntesdesanluis.com\/wp-content\/uploads\/2023\/11\/condenado.png",601,366,false],"newsever-medium":["https:\/\/apuntesdesanluis.com\/wp-content\/uploads\/2023\/11\/condenado.png",601,366,false]},"author_info":{"display_name":"apuntesdesanluis.com","author_link":"https:\/\/apuntesdesanluis.com\/index.php\/author\/apuntesdesanluis-com\/"},"category_info":"<a href=\"https:\/\/apuntesdesanluis.com\/index.php\/category\/ciudad-provincia\/\" rel=\"category tag\">Ciudad\/Provincia<\/a>","tag_info":"Ciudad\/Provincia","comment_count":"0","_links":{"self":[{"href":"https:\/\/apuntesdesanluis.com\/index.php\/wp-json\/wp\/v2\/posts\/6948","targetHints":{"allow":["GET"]}}],"collection":[{"href":"https:\/\/apuntesdesanluis.com\/index.php\/wp-json\/wp\/v2\/posts"}],"about":[{"href":"https:\/\/apuntesdesanluis.com\/index.php\/wp-json\/wp\/v2\/types\/post"}],"author":[{"embeddable":true,"href":"https:\/\/apuntesdesanluis.com\/index.php\/wp-json\/wp\/v2\/users\/1"}],"replies":[{"embeddable":true,"href":"https:\/\/apuntesdesanluis.com\/index.php\/wp-json\/wp\/v2\/comments?post=6948"}],"version-history":[{"count":2,"href":"https:\/\/apuntesdesanluis.com\/index.php\/wp-json\/wp\/v2\/posts\/6948\/revisions"}],"predecessor-version":[{"id":6951,"href":"https:\/\/apuntesdesanluis.com\/index.php\/wp-json\/wp\/v2\/posts\/6948\/revisions\/6951"}],"wp:featuredmedia":[{"embeddable":true,"href":"https:\/\/apuntesdesanluis.com\/index.php\/wp-json\/wp\/v2\/media\/6949"}],"wp:attachment":[{"href":"https:\/\/apuntesdesanluis.com\/index.php\/wp-json\/wp\/v2\/media?parent=6948"}],"wp:term":[{"taxonomy":"category","embeddable":true,"href":"https:\/\/apuntesdesanluis.com\/index.php\/wp-json\/wp\/v2\/categories?post=6948"},{"taxonomy":"post_tag","embeddable":true,"href":"https:\/\/apuntesdesanluis.com\/index.php\/wp-json\/wp\/v2\/tags?post=6948"}],"curies":[{"name":"wp","href":"https:\/\/api.w.org\/{rel}","templated":true}]}}