{"id":6957,"date":"2023-11-16T23:41:21","date_gmt":"2023-11-17T02:41:21","guid":{"rendered":"https:\/\/apuntesdesanluis.com\/?p=6957"},"modified":"2023-11-16T23:41:21","modified_gmt":"2023-11-17T02:41:21","slug":"reflexiones-en-el-dia-de-la-educacion-tecnica-y-en-el-contexto-electoral","status":"publish","type":"post","link":"https:\/\/apuntesdesanluis.com\/index.php\/2023\/11\/16\/reflexiones-en-el-dia-de-la-educacion-tecnica-y-en-el-contexto-electoral\/","title":{"rendered":"REFLEXIONES EN EL D\u00cdA DE LA EDUCACI\u00d3N T\u00c9CNICA Y EN EL CONTEXTO ELECTORAL"},"content":{"rendered":"<h3>Por <strong><em>Carlos Vera Da Souza *<\/em><\/strong><\/h3>\n<h3>Hist\u00f3ricamente la formaci\u00f3n en artes y oficios ha estado presente en el desarrollo de la Naci\u00f3n.<\/h3>\n<h3>Cada vez que en el pa\u00eds avanzo la oligarqu\u00eda, los gobiernos de derecha, las dictaduras c\u00edvico-militares; la educaci\u00f3n t\u00e9cnica, la formaci\u00f3n profesional y art\u00edstica fue apartada, minimizada, negada, desfinanciada.<\/h3>\n<p><img fetchpriority=\"high\" decoding=\"async\" class=\"wp-image-6958 aligncenter\" src=\"https:\/\/apuntesdesanluis.com\/wp-content\/uploads\/2023\/11\/carlos-vera-da-souza-300x216.png\" alt=\"\" width=\"531\" height=\"382\" srcset=\"https:\/\/apuntesdesanluis.com\/wp-content\/uploads\/2023\/11\/carlos-vera-da-souza-300x216.png 300w, https:\/\/apuntesdesanluis.com\/wp-content\/uploads\/2023\/11\/carlos-vera-da-souza.png 544w\" sizes=\"(max-width: 531px) 100vw, 531px\" \/><\/p>\n<h3>La educaci\u00f3n t\u00e9cnica genera mano de obra calificada para la industria, el campo y las empresas de punta y a la vez peque\u00f1os talleres surgen en barrios para dar apoyo a\u00a0 emprendedores y soluciones a vecinos. Cada avance de la derecha son los primeros castigados.<\/h3>\n<h3>Ubicando esta modalidad en los \u00faltimos 100 a\u00f1os podemos analizar que en la Argentina del centenario la llegada de inmigrantes europeos y asi\u00e1ticos fueron surgiendo organizaciones por oficios y a la par se va fortaleciendo la ense\u00f1anza. En los 40 se complementa un modelo agroganadero con la manufactura, la industrializaci\u00f3n y de all\u00ed la importancia de la formaci\u00f3n t\u00e9cnico profesional, junto a otras acciones del naciente peronismo. Surge el CoNET, Consejo Nacional de Educaci\u00f3n T\u00e9cnica, muchas carreras superiores en ingenier\u00eda, incluso la Universidad Tecnol\u00f3gica Nacional, UTN, para facilitar el acceso la clase trabajadora en los aglomerados industriales del conurbano bonaerense, Rosario, Tucum\u00e1n, Mendoza y C\u00f3rdoba donde destacan las industrias autopartistas y aeron\u00e1uticas.<\/h3>\n<h3>Golpe de estado, retroceso. Se autodenomina ron &#8220;revoluci\u00f3n libertadora&#8221;, pero lo que hicieron no ten\u00eda que ver con las libertades y el progreso de la educaci\u00f3n t\u00e9cnica.<\/h3>\n<h3>Llega Frondizi al poder y se retoma un modelo de desarrollo. Golpe de estado, retroceso.<\/h3>\n<h3>En elecciones se vota a Ill\u00eda. Otro radical. La educaci\u00f3n y las posibilidades de activar el tejido industrial, la salud p\u00fablica vuelven a ser ejes de gobierno. Otra vez, golpe de estado y retroceso.<\/h3>\n<h3>Desde el 66 al 73 vuelve a destruirse el tejido social. En la l\u00ednea de an\u00e1lisis se puede tomar como punto m\u00e1s cr\u00edtico cuando con armas y la fuerza se expuls\u00f3 a los cient\u00edficos de la universidad. La noche de los bastones largos.<\/h3>\n<h3>Elecciones. Primero restringidas asume C\u00e1mpora. Renuncia y hay elecciones abiertas. Vuelve Per\u00f3n. Se busca nuevamente un modelo econ\u00f3mico primario y secundario incluso declarando la independencia econ\u00f3mica. La industrializaci\u00f3n y la mecanizaci\u00f3n del campo son ejes, junto a la explotaci\u00f3n de hidrocarburos. Hay nuevamente necesidades de mano de obra calificada, m\u00e1s escuelas t\u00e9cnicas, m\u00e1s centros de formaci\u00f3n profesional.<\/h3>\n<h3>Golpe de estado. El peor. El que tuvo plan para destruir una generaci\u00f3n, plan de apropiarse de empresas, dineros, propiedades. Eso coordinado en todo el territorio incluso con pa\u00edses vecinos. En ese periodo encontramos m\u00e1s noches oscuras. La noche de los l\u00e1pices, por ejemplo. El temor y el terror en los trabajos, en la universidad, en las escuelas. La vida de los pibes de Malvinas. Las madres y abuelas.<\/h3>\n<h3>Se abren este m\u00e1s largo per\u00edodo democr\u00e1tico de la historia nacional. 40 a\u00f1os. Volver a pensar en el progreso, en la reconstrucci\u00f3n de la educaci\u00f3n, en la b\u00fasqueda de la paz, la justicia, la memoria.<\/h3>\n<h3>Para la educaci\u00f3n t\u00e9cnica el peor momento de este lapso de tiempo fue el menemismo. Elecci\u00f3n de derecha maquillada de popular que por la Ley Federal de Educaci\u00f3n transfiere el sistema nacional a las provincias y borra de las normativas la formaci\u00f3n t\u00e9cnico profesional, solo sostenida con parches normativos y la resistencia de docentes visulizada en una carpa blanca por 33 meses en la plaza del Congreso.<\/h3>\n<h3>Luego corto periodo de De La R\u00faa, radical, revueltas sociales y caos pol\u00edtico.<\/h3>\n<h3>Luego un gobierno justicialista que recupera la discusi\u00f3n de un modelo de desarrollo de la mano de la industria, la tecnificaci\u00f3n del agro, la b\u00fasqueda de nuevos yacimientos de petr\u00f3leo y gas. Incluso con el desarrollo de tecnolog\u00eda de punta que permite crear y usar sat\u00e9lites geoestacionarios.<\/h3>\n<h3>En ese marco se dicta una Ley de Educaci\u00f3n T\u00e9cnico Profesional que gestiona fondos espec\u00edficos desde tres niveles, el Estado Nacional, los Estados provinciales y las propias escuelas. Tambien da fondos al sistema superior, atacando entre otras tecnicaturas el faltante de enfermeros por ejemplo, acierto que mejor\u00f3 las condiciones de servicio de la posterior pandemia. Una ley propia que gener\u00f3 capacitaciones, equipamientos, insumos. Incluso nuevos edificios para nuevas escuelas, con nuevos perfiles relacionados con nuevas tecnolog\u00edas.<\/h3>\n<h3>Un supuesto ingeniero es electo luego pero por su origen de derecha pone un freno en estos avances pero no alcanza a desmembrarlos.<\/h3>\n<h3>Nuevamente un gobierno justicialista que no puede revertir los a\u00f1os anteriores por falta de decisiones o por osbt\u00e1culos tremendos como el Covid y la deuda externa.<\/h3>\n<h3>Estudi\u00e9 en una escuela t\u00e9cnica sin edificio porque se derrumb\u00f3 tras el terremoto de Caucete. Despu\u00e9s del \u00b482 recreamos el centro de estudiantes de mi escuela. All\u00ed nos enteramos que a la directora se la llevaron en el \u00b476 en un jeep militar por proponer que se ense\u00f1ara teatro y arte, se profundizara el deporte, sin bajar el nivel de matem\u00e1tica, f\u00edsica y qu\u00edmica. El gobierno de facto nunca le construy\u00f3 un nuevo edificio a m\u00ed escuela.<\/h3>\n<h3>Doy clases en una escuela t\u00e9cnica, en comunicaci\u00f3n. Pas\u00e9 por los cambios de legislaci\u00f3n y el atropello al docente. Tengo m\u00e1s de 20 a\u00f1os en el aula, mis alumnos ya son colegas y traen a sus hijos a la escuela.<\/h3>\n<h3>Hoy tenemos la oportunidad de tomar este camino de formaci\u00f3n y educaci\u00f3n tecnico profesional. Hacen falta decisiones importantes hacia la ense\u00f1anza de matem\u00e1ticas y otras materias de base. Incorporar lenguajes inform\u00e1ticos para programaci\u00f3n, rob\u00f3tica y automatizaci\u00f3n. Hace falta revisar las necesidades del campo, la construcci\u00f3n, el turismo, las comunicaciones, la gesti\u00f3n, la industria pesada, la econom\u00eda primaria, la forestaci\u00f3n y usa adecuado de la madera, la pesca nacional, el transporte vial y fluvial, el ferrocarril.<\/h3>\n<h3>Seguramente podemos tener miradas diferentes de la necesidad para un pa\u00eds m\u00e1s justo, m\u00e1s democr\u00e1tico, m\u00e1s seguro. Con m\u00e1s sanidad, con m\u00e1s educaci\u00f3n.<\/h3>\n<h3>Yo creo en la educaci\u00f3n t\u00e9cnica y universitaria, gratuita, abierta, p\u00fablica. Creo que genera empleo, talleres familiares, peque\u00f1os emprendimientos.<\/h3>\n<h3>Estoy convencido que no es por la derecha la salida. La salida es con otros.<\/h3>\n<h4><strong><em>* Docente T\u00e9cnico. Autor y productor audiovisual.<\/em><\/strong><\/h4>\n","protected":false},"excerpt":{"rendered":"<p>Por Carlos Vera Da Souza * Hist\u00f3ricamente la formaci\u00f3n en artes y oficios ha estado&#8230;<\/p>\n","protected":false},"author":1,"featured_media":6959,"comment_status":"closed","ping_status":"closed","sticky":false,"template":"","format":"standard","meta":{"footnotes":""},"categories":[9],"tags":[],"class_list":["post-6957","post","type-post","status-publish","format-standard","has-post-thumbnail","hentry","category-opinion"],"yoast_head":"<!-- This site is optimized with the Yoast SEO plugin v26.1.1 - https:\/\/yoast.com\/wordpress\/plugins\/seo\/ -->\n<title>REFLEXIONES EN EL D\u00cdA DE LA EDUCACI\u00d3N T\u00c9CNICA Y EN EL CONTEXTO ELECTORAL - Apuntes de San Luis<\/title>\n<meta name=\"robots\" content=\"index, follow, max-snippet:-1, max-image-preview:large, max-video-preview:-1\" \/>\n<link rel=\"canonical\" href=\"https:\/\/apuntesdesanluis.com\/index.php\/2023\/11\/16\/reflexiones-en-el-dia-de-la-educacion-tecnica-y-en-el-contexto-electoral\/\" \/>\n<meta property=\"og:locale\" content=\"es_ES\" \/>\n<meta property=\"og:type\" content=\"article\" \/>\n<meta property=\"og:title\" content=\"REFLEXIONES EN EL D\u00cdA DE LA EDUCACI\u00d3N T\u00c9CNICA Y EN EL CONTEXTO ELECTORAL - Apuntes de San Luis\" \/>\n<meta property=\"og:description\" content=\"Por Carlos Vera Da Souza * Hist\u00f3ricamente la formaci\u00f3n en artes y oficios ha estado...\" \/>\n<meta property=\"og:url\" content=\"https:\/\/apuntesdesanluis.com\/index.php\/2023\/11\/16\/reflexiones-en-el-dia-de-la-educacion-tecnica-y-en-el-contexto-electoral\/\" \/>\n<meta property=\"og:site_name\" content=\"Apuntes de San Luis\" \/>\n<meta property=\"article:published_time\" content=\"2023-11-17T02:41:21+00:00\" \/>\n<meta property=\"og:image\" content=\"https:\/\/apuntesdesanluis.com\/wp-content\/uploads\/2023\/11\/dia-de-la-educacion-tecnica.png\" \/>\n\t<meta property=\"og:image:width\" content=\"509\" \/>\n\t<meta property=\"og:image:height\" content=\"327\" \/>\n\t<meta property=\"og:image:type\" content=\"image\/png\" \/>\n<meta name=\"author\" content=\"apuntesdesanluis.com\" \/>\n<meta name=\"twitter:card\" content=\"summary_large_image\" \/>\n<meta name=\"twitter:label1\" content=\"Escrito por\" \/>\n\t<meta name=\"twitter:data1\" content=\"apuntesdesanluis.com\" \/>\n\t<meta name=\"twitter:label2\" content=\"Tiempo de lectura\" \/>\n\t<meta name=\"twitter:data2\" content=\"5 minutos\" \/>\n<script type=\"application\/ld+json\" class=\"yoast-schema-graph\">{\"@context\":\"https:\/\/schema.org\",\"@graph\":[{\"@type\":\"Article\",\"@id\":\"https:\/\/apuntesdesanluis.com\/index.php\/2023\/11\/16\/reflexiones-en-el-dia-de-la-educacion-tecnica-y-en-el-contexto-electoral\/#article\",\"isPartOf\":{\"@id\":\"https:\/\/apuntesdesanluis.com\/index.php\/2023\/11\/16\/reflexiones-en-el-dia-de-la-educacion-tecnica-y-en-el-contexto-electoral\/\"},\"author\":{\"name\":\"apuntesdesanluis.com\",\"@id\":\"https:\/\/apuntesdesanluis.com\/#\/schema\/person\/b55151d52296fcce64d1a72538a70b90\"},\"headline\":\"REFLEXIONES EN EL D\u00cdA DE LA EDUCACI\u00d3N T\u00c9CNICA Y EN EL CONTEXTO ELECTORAL\",\"datePublished\":\"2023-11-17T02:41:21+00:00\",\"mainEntityOfPage\":{\"@id\":\"https:\/\/apuntesdesanluis.com\/index.php\/2023\/11\/16\/reflexiones-en-el-dia-de-la-educacion-tecnica-y-en-el-contexto-electoral\/\"},\"wordCount\":1117,\"publisher\":{\"@id\":\"https:\/\/apuntesdesanluis.com\/#\/schema\/person\/b55151d52296fcce64d1a72538a70b90\"},\"image\":{\"@id\":\"https:\/\/apuntesdesanluis.com\/index.php\/2023\/11\/16\/reflexiones-en-el-dia-de-la-educacion-tecnica-y-en-el-contexto-electoral\/#primaryimage\"},\"thumbnailUrl\":\"https:\/\/apuntesdesanluis.com\/wp-content\/uploads\/2023\/11\/dia-de-la-educacion-tecnica.png\",\"articleSection\":[\"Opini\u00f3n\"],\"inLanguage\":\"es-AR\"},{\"@type\":\"WebPage\",\"@id\":\"https:\/\/apuntesdesanluis.com\/index.php\/2023\/11\/16\/reflexiones-en-el-dia-de-la-educacion-tecnica-y-en-el-contexto-electoral\/\",\"url\":\"https:\/\/apuntesdesanluis.com\/index.php\/2023\/11\/16\/reflexiones-en-el-dia-de-la-educacion-tecnica-y-en-el-contexto-electoral\/\",\"name\":\"REFLEXIONES EN EL D\u00cdA DE LA EDUCACI\u00d3N T\u00c9CNICA Y EN EL CONTEXTO ELECTORAL - Apuntes de San Luis\",\"isPartOf\":{\"@id\":\"https:\/\/apuntesdesanluis.com\/#website\"},\"primaryImageOfPage\":{\"@id\":\"https:\/\/apuntesdesanluis.com\/index.php\/2023\/11\/16\/reflexiones-en-el-dia-de-la-educacion-tecnica-y-en-el-contexto-electoral\/#primaryimage\"},\"image\":{\"@id\":\"https:\/\/apuntesdesanluis.com\/index.php\/2023\/11\/16\/reflexiones-en-el-dia-de-la-educacion-tecnica-y-en-el-contexto-electoral\/#primaryimage\"},\"thumbnailUrl\":\"https:\/\/apuntesdesanluis.com\/wp-content\/uploads\/2023\/11\/dia-de-la-educacion-tecnica.png\",\"datePublished\":\"2023-11-17T02:41:21+00:00\",\"breadcrumb\":{\"@id\":\"https:\/\/apuntesdesanluis.com\/index.php\/2023\/11\/16\/reflexiones-en-el-dia-de-la-educacion-tecnica-y-en-el-contexto-electoral\/#breadcrumb\"},\"inLanguage\":\"es-AR\",\"potentialAction\":[{\"@type\":\"ReadAction\",\"target\":[\"https:\/\/apuntesdesanluis.com\/index.php\/2023\/11\/16\/reflexiones-en-el-dia-de-la-educacion-tecnica-y-en-el-contexto-electoral\/\"]}]},{\"@type\":\"ImageObject\",\"inLanguage\":\"es-AR\",\"@id\":\"https:\/\/apuntesdesanluis.com\/index.php\/2023\/11\/16\/reflexiones-en-el-dia-de-la-educacion-tecnica-y-en-el-contexto-electoral\/#primaryimage\",\"url\":\"https:\/\/apuntesdesanluis.com\/wp-content\/uploads\/2023\/11\/dia-de-la-educacion-tecnica.png\",\"contentUrl\":\"https:\/\/apuntesdesanluis.com\/wp-content\/uploads\/2023\/11\/dia-de-la-educacion-tecnica.png\",\"width\":509,\"height\":327},{\"@type\":\"BreadcrumbList\",\"@id\":\"https:\/\/apuntesdesanluis.com\/index.php\/2023\/11\/16\/reflexiones-en-el-dia-de-la-educacion-tecnica-y-en-el-contexto-electoral\/#breadcrumb\",\"itemListElement\":[{\"@type\":\"ListItem\",\"position\":1,\"name\":\"Inicio\",\"item\":\"https:\/\/apuntesdesanluis.com\/\"},{\"@type\":\"ListItem\",\"position\":2,\"name\":\"REFLEXIONES EN EL D\u00cdA DE LA EDUCACI\u00d3N T\u00c9CNICA Y EN EL CONTEXTO ELECTORAL\"}]},{\"@type\":\"WebSite\",\"@id\":\"https:\/\/apuntesdesanluis.com\/#website\",\"url\":\"https:\/\/apuntesdesanluis.com\/\",\"name\":\"Apuntes de San Luis\",\"description\":\"\",\"publisher\":{\"@id\":\"https:\/\/apuntesdesanluis.com\/#\/schema\/person\/b55151d52296fcce64d1a72538a70b90\"},\"potentialAction\":[{\"@type\":\"SearchAction\",\"target\":{\"@type\":\"EntryPoint\",\"urlTemplate\":\"https:\/\/apuntesdesanluis.com\/?s={search_term_string}\"},\"query-input\":{\"@type\":\"PropertyValueSpecification\",\"valueRequired\":true,\"valueName\":\"search_term_string\"}}],\"inLanguage\":\"es-AR\"},{\"@type\":[\"Person\",\"Organization\"],\"@id\":\"https:\/\/apuntesdesanluis.com\/#\/schema\/person\/b55151d52296fcce64d1a72538a70b90\",\"name\":\"apuntesdesanluis.com\",\"image\":{\"@type\":\"ImageObject\",\"inLanguage\":\"es-AR\",\"@id\":\"https:\/\/apuntesdesanluis.com\/#\/schema\/person\/image\/\",\"url\":\"https:\/\/apuntesdesanluis.com\/wp-content\/uploads\/2023\/07\/cropped-apuntesdesanluis.png\",\"contentUrl\":\"https:\/\/apuntesdesanluis.com\/wp-content\/uploads\/2023\/07\/cropped-apuntesdesanluis.png\",\"width\":450,\"height\":112,\"caption\":\"apuntesdesanluis.com\"},\"logo\":{\"@id\":\"https:\/\/apuntesdesanluis.com\/#\/schema\/person\/image\/\"},\"sameAs\":[\"https:\/\/apuntesdesanluis.com\"],\"url\":\"https:\/\/apuntesdesanluis.com\/index.php\/author\/apuntesdesanluis-com\/\"}]}<\/script>\n<!-- \/ Yoast SEO plugin. -->","yoast_head_json":{"title":"REFLEXIONES EN EL D\u00cdA DE LA EDUCACI\u00d3N T\u00c9CNICA Y EN EL CONTEXTO ELECTORAL - Apuntes de San Luis","robots":{"index":"index","follow":"follow","max-snippet":"max-snippet:-1","max-image-preview":"max-image-preview:large","max-video-preview":"max-video-preview:-1"},"canonical":"https:\/\/apuntesdesanluis.com\/index.php\/2023\/11\/16\/reflexiones-en-el-dia-de-la-educacion-tecnica-y-en-el-contexto-electoral\/","og_locale":"es_ES","og_type":"article","og_title":"REFLEXIONES EN EL D\u00cdA DE LA EDUCACI\u00d3N T\u00c9CNICA Y EN EL CONTEXTO ELECTORAL - Apuntes de San Luis","og_description":"Por Carlos Vera Da Souza * Hist\u00f3ricamente la formaci\u00f3n en artes y oficios ha estado...","og_url":"https:\/\/apuntesdesanluis.com\/index.php\/2023\/11\/16\/reflexiones-en-el-dia-de-la-educacion-tecnica-y-en-el-contexto-electoral\/","og_site_name":"Apuntes de San Luis","article_published_time":"2023-11-17T02:41:21+00:00","og_image":[{"width":509,"height":327,"url":"https:\/\/apuntesdesanluis.com\/wp-content\/uploads\/2023\/11\/dia-de-la-educacion-tecnica.png","type":"image\/png"}],"author":"apuntesdesanluis.com","twitter_card":"summary_large_image","twitter_misc":{"Escrito por":"apuntesdesanluis.com","Tiempo de lectura":"5 minutos"},"schema":{"@context":"https:\/\/schema.org","@graph":[{"@type":"Article","@id":"https:\/\/apuntesdesanluis.com\/index.php\/2023\/11\/16\/reflexiones-en-el-dia-de-la-educacion-tecnica-y-en-el-contexto-electoral\/#article","isPartOf":{"@id":"https:\/\/apuntesdesanluis.com\/index.php\/2023\/11\/16\/reflexiones-en-el-dia-de-la-educacion-tecnica-y-en-el-contexto-electoral\/"},"author":{"name":"apuntesdesanluis.com","@id":"https:\/\/apuntesdesanluis.com\/#\/schema\/person\/b55151d52296fcce64d1a72538a70b90"},"headline":"REFLEXIONES EN EL D\u00cdA DE LA EDUCACI\u00d3N T\u00c9CNICA Y EN EL CONTEXTO ELECTORAL","datePublished":"2023-11-17T02:41:21+00:00","mainEntityOfPage":{"@id":"https:\/\/apuntesdesanluis.com\/index.php\/2023\/11\/16\/reflexiones-en-el-dia-de-la-educacion-tecnica-y-en-el-contexto-electoral\/"},"wordCount":1117,"publisher":{"@id":"https:\/\/apuntesdesanluis.com\/#\/schema\/person\/b55151d52296fcce64d1a72538a70b90"},"image":{"@id":"https:\/\/apuntesdesanluis.com\/index.php\/2023\/11\/16\/reflexiones-en-el-dia-de-la-educacion-tecnica-y-en-el-contexto-electoral\/#primaryimage"},"thumbnailUrl":"https:\/\/apuntesdesanluis.com\/wp-content\/uploads\/2023\/11\/dia-de-la-educacion-tecnica.png","articleSection":["Opini\u00f3n"],"inLanguage":"es-AR"},{"@type":"WebPage","@id":"https:\/\/apuntesdesanluis.com\/index.php\/2023\/11\/16\/reflexiones-en-el-dia-de-la-educacion-tecnica-y-en-el-contexto-electoral\/","url":"https:\/\/apuntesdesanluis.com\/index.php\/2023\/11\/16\/reflexiones-en-el-dia-de-la-educacion-tecnica-y-en-el-contexto-electoral\/","name":"REFLEXIONES EN EL D\u00cdA DE LA EDUCACI\u00d3N T\u00c9CNICA Y EN EL CONTEXTO ELECTORAL - Apuntes de San Luis","isPartOf":{"@id":"https:\/\/apuntesdesanluis.com\/#website"},"primaryImageOfPage":{"@id":"https:\/\/apuntesdesanluis.com\/index.php\/2023\/11\/16\/reflexiones-en-el-dia-de-la-educacion-tecnica-y-en-el-contexto-electoral\/#primaryimage"},"image":{"@id":"https:\/\/apuntesdesanluis.com\/index.php\/2023\/11\/16\/reflexiones-en-el-dia-de-la-educacion-tecnica-y-en-el-contexto-electoral\/#primaryimage"},"thumbnailUrl":"https:\/\/apuntesdesanluis.com\/wp-content\/uploads\/2023\/11\/dia-de-la-educacion-tecnica.png","datePublished":"2023-11-17T02:41:21+00:00","breadcrumb":{"@id":"https:\/\/apuntesdesanluis.com\/index.php\/2023\/11\/16\/reflexiones-en-el-dia-de-la-educacion-tecnica-y-en-el-contexto-electoral\/#breadcrumb"},"inLanguage":"es-AR","potentialAction":[{"@type":"ReadAction","target":["https:\/\/apuntesdesanluis.com\/index.php\/2023\/11\/16\/reflexiones-en-el-dia-de-la-educacion-tecnica-y-en-el-contexto-electoral\/"]}]},{"@type":"ImageObject","inLanguage":"es-AR","@id":"https:\/\/apuntesdesanluis.com\/index.php\/2023\/11\/16\/reflexiones-en-el-dia-de-la-educacion-tecnica-y-en-el-contexto-electoral\/#primaryimage","url":"https:\/\/apuntesdesanluis.com\/wp-content\/uploads\/2023\/11\/dia-de-la-educacion-tecnica.png","contentUrl":"https:\/\/apuntesdesanluis.com\/wp-content\/uploads\/2023\/11\/dia-de-la-educacion-tecnica.png","width":509,"height":327},{"@type":"BreadcrumbList","@id":"https:\/\/apuntesdesanluis.com\/index.php\/2023\/11\/16\/reflexiones-en-el-dia-de-la-educacion-tecnica-y-en-el-contexto-electoral\/#breadcrumb","itemListElement":[{"@type":"ListItem","position":1,"name":"Inicio","item":"https:\/\/apuntesdesanluis.com\/"},{"@type":"ListItem","position":2,"name":"REFLEXIONES EN EL D\u00cdA DE LA EDUCACI\u00d3N T\u00c9CNICA Y EN EL CONTEXTO ELECTORAL"}]},{"@type":"WebSite","@id":"https:\/\/apuntesdesanluis.com\/#website","url":"https:\/\/apuntesdesanluis.com\/","name":"Apuntes de San Luis","description":"","publisher":{"@id":"https:\/\/apuntesdesanluis.com\/#\/schema\/person\/b55151d52296fcce64d1a72538a70b90"},"potentialAction":[{"@type":"SearchAction","target":{"@type":"EntryPoint","urlTemplate":"https:\/\/apuntesdesanluis.com\/?s={search_term_string}"},"query-input":{"@type":"PropertyValueSpecification","valueRequired":true,"valueName":"search_term_string"}}],"inLanguage":"es-AR"},{"@type":["Person","Organization"],"@id":"https:\/\/apuntesdesanluis.com\/#\/schema\/person\/b55151d52296fcce64d1a72538a70b90","name":"apuntesdesanluis.com","image":{"@type":"ImageObject","inLanguage":"es-AR","@id":"https:\/\/apuntesdesanluis.com\/#\/schema\/person\/image\/","url":"https:\/\/apuntesdesanluis.com\/wp-content\/uploads\/2023\/07\/cropped-apuntesdesanluis.png","contentUrl":"https:\/\/apuntesdesanluis.com\/wp-content\/uploads\/2023\/07\/cropped-apuntesdesanluis.png","width":450,"height":112,"caption":"apuntesdesanluis.com"},"logo":{"@id":"https:\/\/apuntesdesanluis.com\/#\/schema\/person\/image\/"},"sameAs":["https:\/\/apuntesdesanluis.com"],"url":"https:\/\/apuntesdesanluis.com\/index.php\/author\/apuntesdesanluis-com\/"}]}},"featured_image_urls":{"full":["https:\/\/apuntesdesanluis.com\/wp-content\/uploads\/2023\/11\/dia-de-la-educacion-tecnica.png",509,327,false],"thumbnail":["https:\/\/apuntesdesanluis.com\/wp-content\/uploads\/2023\/11\/dia-de-la-educacion-tecnica-150x150.png",150,150,true],"medium":["https:\/\/apuntesdesanluis.com\/wp-content\/uploads\/2023\/11\/dia-de-la-educacion-tecnica-300x193.png",300,193,true],"medium_large":["https:\/\/apuntesdesanluis.com\/wp-content\/uploads\/2023\/11\/dia-de-la-educacion-tecnica.png",509,327,false],"large":["https:\/\/apuntesdesanluis.com\/wp-content\/uploads\/2023\/11\/dia-de-la-educacion-tecnica.png",509,327,false],"1536x1536":["https:\/\/apuntesdesanluis.com\/wp-content\/uploads\/2023\/11\/dia-de-la-educacion-tecnica.png",509,327,false],"2048x2048":["https:\/\/apuntesdesanluis.com\/wp-content\/uploads\/2023\/11\/dia-de-la-educacion-tecnica.png",509,327,false],"newsever-slider-full":["https:\/\/apuntesdesanluis.com\/wp-content\/uploads\/2023\/11\/dia-de-la-educacion-tecnica.png",509,327,false],"newsever-featured":["https:\/\/apuntesdesanluis.com\/wp-content\/uploads\/2023\/11\/dia-de-la-educacion-tecnica.png",509,327,false],"newsever-medium":["https:\/\/apuntesdesanluis.com\/wp-content\/uploads\/2023\/11\/dia-de-la-educacion-tecnica.png",509,327,false]},"author_info":{"display_name":"apuntesdesanluis.com","author_link":"https:\/\/apuntesdesanluis.com\/index.php\/author\/apuntesdesanluis-com\/"},"category_info":"<a href=\"https:\/\/apuntesdesanluis.com\/index.php\/category\/opinion\/\" rel=\"category tag\">Opini\u00f3n<\/a>","tag_info":"Opini\u00f3n","comment_count":"0","_links":{"self":[{"href":"https:\/\/apuntesdesanluis.com\/index.php\/wp-json\/wp\/v2\/posts\/6957","targetHints":{"allow":["GET"]}}],"collection":[{"href":"https:\/\/apuntesdesanluis.com\/index.php\/wp-json\/wp\/v2\/posts"}],"about":[{"href":"https:\/\/apuntesdesanluis.com\/index.php\/wp-json\/wp\/v2\/types\/post"}],"author":[{"embeddable":true,"href":"https:\/\/apuntesdesanluis.com\/index.php\/wp-json\/wp\/v2\/users\/1"}],"replies":[{"embeddable":true,"href":"https:\/\/apuntesdesanluis.com\/index.php\/wp-json\/wp\/v2\/comments?post=6957"}],"version-history":[{"count":1,"href":"https:\/\/apuntesdesanluis.com\/index.php\/wp-json\/wp\/v2\/posts\/6957\/revisions"}],"predecessor-version":[{"id":6960,"href":"https:\/\/apuntesdesanluis.com\/index.php\/wp-json\/wp\/v2\/posts\/6957\/revisions\/6960"}],"wp:featuredmedia":[{"embeddable":true,"href":"https:\/\/apuntesdesanluis.com\/index.php\/wp-json\/wp\/v2\/media\/6959"}],"wp:attachment":[{"href":"https:\/\/apuntesdesanluis.com\/index.php\/wp-json\/wp\/v2\/media?parent=6957"}],"wp:term":[{"taxonomy":"category","embeddable":true,"href":"https:\/\/apuntesdesanluis.com\/index.php\/wp-json\/wp\/v2\/categories?post=6957"},{"taxonomy":"post_tag","embeddable":true,"href":"https:\/\/apuntesdesanluis.com\/index.php\/wp-json\/wp\/v2\/tags?post=6957"}],"curies":[{"name":"wp","href":"https:\/\/api.w.org\/{rel}","templated":true}]}}