{"id":6961,"date":"2023-11-16T23:50:00","date_gmt":"2023-11-17T02:50:00","guid":{"rendered":"https:\/\/apuntesdesanluis.com\/?p=6961"},"modified":"2023-11-16T23:50:00","modified_gmt":"2023-11-17T02:50:00","slug":"el-martes-por-la-manana-las-clases-seran-virtuales-en-las-escuelas-donde-se-vota","status":"publish","type":"post","link":"https:\/\/apuntesdesanluis.com\/index.php\/2023\/11\/16\/el-martes-por-la-manana-las-clases-seran-virtuales-en-las-escuelas-donde-se-vota\/","title":{"rendered":"EL MARTES POR LA MA\u00d1ANA LAS CLASES SER\u00c1N VIRTUALES EN LAS ESCUELAS DONDE SE VOTA"},"content":{"rendered":"<h3>Debido al feriado del lunes 20 de noviembre, las tareas de limpieza en las escuelas afectadas a los comicios se realizar\u00e1n el martes por la ma\u00f1ana. En tanto, en el turno tarde y en el turno noche las actividades escolares ser\u00e1n presenciales.<\/h3>\n<h3>Este domingo 19 de noviembre se realizar\u00e1n las Elecciones Generales 2023-Segunda Vuelta en todo el pa\u00eds. Debido al feriado del lunes 20 por el D\u00eda de la Soberan\u00eda Nacional, desde el Ministerio de Educaci\u00f3n de San Luis -por medio de la Circular N\u00b012-PGCE-2023- se dio a conocer c\u00f3mo se desarrollar\u00e1n las actividades escolares, el martes 21 de noviembre, en las instituciones educativas afectadas a los comicios.<\/h3>\n<h3>Por tal motivo, en las escuelas donde se vota, las actividades escolares del martes 21 de noviembre en el turno ma\u00f1ana ser\u00e1n virtuales, con el objetivo de que el personal de maestranza de la instituci\u00f3n lleve a cabo las tareas de limpieza correspondientes. Cabe se\u00f1alar, adem\u00e1s, que en el turno tarde y turno noche las clases se llevar\u00e1n a cabo de manera presencial.<\/h3>\n","protected":false},"excerpt":{"rendered":"<p>Debido al feriado del lunes 20 de noviembre, las tareas de limpieza en las escuelas&#8230;<\/p>\n","protected":false},"author":1,"featured_media":6962,"comment_status":"closed","ping_status":"closed","sticky":false,"template":"","format":"standard","meta":{"footnotes":""},"categories":[6],"tags":[],"class_list":["post-6961","post","type-post","status-publish","format-standard","has-post-thumbnail","hentry","category-ciudad-provincia"],"yoast_head":"<!-- This site is optimized with the Yoast SEO plugin v26.1.1 - https:\/\/yoast.com\/wordpress\/plugins\/seo\/ -->\n<title>EL MARTES POR LA MA\u00d1ANA LAS CLASES SER\u00c1N VIRTUALES EN LAS ESCUELAS DONDE SE VOTA - Apuntes de San Luis<\/title>\n<meta name=\"robots\" content=\"index, follow, max-snippet:-1, max-image-preview:large, max-video-preview:-1\" \/>\n<link rel=\"canonical\" href=\"https:\/\/apuntesdesanluis.com\/index.php\/2023\/11\/16\/el-martes-por-la-manana-las-clases-seran-virtuales-en-las-escuelas-donde-se-vota\/\" \/>\n<meta property=\"og:locale\" content=\"es_ES\" \/>\n<meta property=\"og:type\" content=\"article\" \/>\n<meta property=\"og:title\" content=\"EL MARTES POR LA MA\u00d1ANA LAS CLASES SER\u00c1N VIRTUALES EN LAS ESCUELAS DONDE SE VOTA - Apuntes de San Luis\" \/>\n<meta property=\"og:description\" content=\"Debido al feriado del lunes 20 de noviembre, las tareas de limpieza en las escuelas...\" \/>\n<meta property=\"og:url\" content=\"https:\/\/apuntesdesanluis.com\/index.php\/2023\/11\/16\/el-martes-por-la-manana-las-clases-seran-virtuales-en-las-escuelas-donde-se-vota\/\" \/>\n<meta property=\"og:site_name\" content=\"Apuntes de San Luis\" \/>\n<meta property=\"article:published_time\" content=\"2023-11-17T02:50:00+00:00\" \/>\n<meta property=\"og:image\" content=\"https:\/\/apuntesdesanluis.com\/wp-content\/uploads\/2023\/11\/escuelas.png\" \/>\n\t<meta property=\"og:image:width\" content=\"594\" \/>\n\t<meta property=\"og:image:height\" content=\"382\" \/>\n\t<meta property=\"og:image:type\" content=\"image\/png\" \/>\n<meta name=\"author\" content=\"apuntesdesanluis.com\" \/>\n<meta name=\"twitter:card\" content=\"summary_large_image\" \/>\n<meta name=\"twitter:label1\" content=\"Escrito por\" \/>\n\t<meta name=\"twitter:data1\" content=\"apuntesdesanluis.com\" \/>\n\t<meta name=\"twitter:label2\" content=\"Tiempo de lectura\" \/>\n\t<meta name=\"twitter:data2\" content=\"1 minuto\" \/>\n<script type=\"application\/ld+json\" class=\"yoast-schema-graph\">{\"@context\":\"https:\/\/schema.org\",\"@graph\":[{\"@type\":\"Article\",\"@id\":\"https:\/\/apuntesdesanluis.com\/index.php\/2023\/11\/16\/el-martes-por-la-manana-las-clases-seran-virtuales-en-las-escuelas-donde-se-vota\/#article\",\"isPartOf\":{\"@id\":\"https:\/\/apuntesdesanluis.com\/index.php\/2023\/11\/16\/el-martes-por-la-manana-las-clases-seran-virtuales-en-las-escuelas-donde-se-vota\/\"},\"author\":{\"name\":\"apuntesdesanluis.com\",\"@id\":\"https:\/\/apuntesdesanluis.com\/#\/schema\/person\/b55151d52296fcce64d1a72538a70b90\"},\"headline\":\"EL MARTES POR LA MA\u00d1ANA LAS CLASES SER\u00c1N VIRTUALES EN LAS ESCUELAS DONDE SE VOTA\",\"datePublished\":\"2023-11-17T02:50:00+00:00\",\"mainEntityOfPage\":{\"@id\":\"https:\/\/apuntesdesanluis.com\/index.php\/2023\/11\/16\/el-martes-por-la-manana-las-clases-seran-virtuales-en-las-escuelas-donde-se-vota\/\"},\"wordCount\":201,\"publisher\":{\"@id\":\"https:\/\/apuntesdesanluis.com\/#\/schema\/person\/b55151d52296fcce64d1a72538a70b90\"},\"image\":{\"@id\":\"https:\/\/apuntesdesanluis.com\/index.php\/2023\/11\/16\/el-martes-por-la-manana-las-clases-seran-virtuales-en-las-escuelas-donde-se-vota\/#primaryimage\"},\"thumbnailUrl\":\"https:\/\/apuntesdesanluis.com\/wp-content\/uploads\/2023\/11\/escuelas.png\",\"articleSection\":[\"Ciudad\/Provincia\"],\"inLanguage\":\"es-AR\"},{\"@type\":\"WebPage\",\"@id\":\"https:\/\/apuntesdesanluis.com\/index.php\/2023\/11\/16\/el-martes-por-la-manana-las-clases-seran-virtuales-en-las-escuelas-donde-se-vota\/\",\"url\":\"https:\/\/apuntesdesanluis.com\/index.php\/2023\/11\/16\/el-martes-por-la-manana-las-clases-seran-virtuales-en-las-escuelas-donde-se-vota\/\",\"name\":\"EL MARTES POR LA MA\u00d1ANA LAS CLASES SER\u00c1N VIRTUALES EN LAS ESCUELAS DONDE SE VOTA - Apuntes de San Luis\",\"isPartOf\":{\"@id\":\"https:\/\/apuntesdesanluis.com\/#website\"},\"primaryImageOfPage\":{\"@id\":\"https:\/\/apuntesdesanluis.com\/index.php\/2023\/11\/16\/el-martes-por-la-manana-las-clases-seran-virtuales-en-las-escuelas-donde-se-vota\/#primaryimage\"},\"image\":{\"@id\":\"https:\/\/apuntesdesanluis.com\/index.php\/2023\/11\/16\/el-martes-por-la-manana-las-clases-seran-virtuales-en-las-escuelas-donde-se-vota\/#primaryimage\"},\"thumbnailUrl\":\"https:\/\/apuntesdesanluis.com\/wp-content\/uploads\/2023\/11\/escuelas.png\",\"datePublished\":\"2023-11-17T02:50:00+00:00\",\"breadcrumb\":{\"@id\":\"https:\/\/apuntesdesanluis.com\/index.php\/2023\/11\/16\/el-martes-por-la-manana-las-clases-seran-virtuales-en-las-escuelas-donde-se-vota\/#breadcrumb\"},\"inLanguage\":\"es-AR\",\"potentialAction\":[{\"@type\":\"ReadAction\",\"target\":[\"https:\/\/apuntesdesanluis.com\/index.php\/2023\/11\/16\/el-martes-por-la-manana-las-clases-seran-virtuales-en-las-escuelas-donde-se-vota\/\"]}]},{\"@type\":\"ImageObject\",\"inLanguage\":\"es-AR\",\"@id\":\"https:\/\/apuntesdesanluis.com\/index.php\/2023\/11\/16\/el-martes-por-la-manana-las-clases-seran-virtuales-en-las-escuelas-donde-se-vota\/#primaryimage\",\"url\":\"https:\/\/apuntesdesanluis.com\/wp-content\/uploads\/2023\/11\/escuelas.png\",\"contentUrl\":\"https:\/\/apuntesdesanluis.com\/wp-content\/uploads\/2023\/11\/escuelas.png\",\"width\":594,\"height\":382},{\"@type\":\"BreadcrumbList\",\"@id\":\"https:\/\/apuntesdesanluis.com\/index.php\/2023\/11\/16\/el-martes-por-la-manana-las-clases-seran-virtuales-en-las-escuelas-donde-se-vota\/#breadcrumb\",\"itemListElement\":[{\"@type\":\"ListItem\",\"position\":1,\"name\":\"Inicio\",\"item\":\"https:\/\/apuntesdesanluis.com\/\"},{\"@type\":\"ListItem\",\"position\":2,\"name\":\"EL MARTES POR LA MA\u00d1ANA LAS CLASES SER\u00c1N VIRTUALES EN LAS ESCUELAS DONDE SE VOTA\"}]},{\"@type\":\"WebSite\",\"@id\":\"https:\/\/apuntesdesanluis.com\/#website\",\"url\":\"https:\/\/apuntesdesanluis.com\/\",\"name\":\"Apuntes de San Luis\",\"description\":\"\",\"publisher\":{\"@id\":\"https:\/\/apuntesdesanluis.com\/#\/schema\/person\/b55151d52296fcce64d1a72538a70b90\"},\"potentialAction\":[{\"@type\":\"SearchAction\",\"target\":{\"@type\":\"EntryPoint\",\"urlTemplate\":\"https:\/\/apuntesdesanluis.com\/?s={search_term_string}\"},\"query-input\":{\"@type\":\"PropertyValueSpecification\",\"valueRequired\":true,\"valueName\":\"search_term_string\"}}],\"inLanguage\":\"es-AR\"},{\"@type\":[\"Person\",\"Organization\"],\"@id\":\"https:\/\/apuntesdesanluis.com\/#\/schema\/person\/b55151d52296fcce64d1a72538a70b90\",\"name\":\"apuntesdesanluis.com\",\"image\":{\"@type\":\"ImageObject\",\"inLanguage\":\"es-AR\",\"@id\":\"https:\/\/apuntesdesanluis.com\/#\/schema\/person\/image\/\",\"url\":\"https:\/\/apuntesdesanluis.com\/wp-content\/uploads\/2023\/07\/cropped-apuntesdesanluis.png\",\"contentUrl\":\"https:\/\/apuntesdesanluis.com\/wp-content\/uploads\/2023\/07\/cropped-apuntesdesanluis.png\",\"width\":450,\"height\":112,\"caption\":\"apuntesdesanluis.com\"},\"logo\":{\"@id\":\"https:\/\/apuntesdesanluis.com\/#\/schema\/person\/image\/\"},\"sameAs\":[\"https:\/\/apuntesdesanluis.com\"],\"url\":\"https:\/\/apuntesdesanluis.com\/index.php\/author\/apuntesdesanluis-com\/\"}]}<\/script>\n<!-- \/ Yoast SEO plugin. -->","yoast_head_json":{"title":"EL MARTES POR LA MA\u00d1ANA LAS CLASES SER\u00c1N VIRTUALES EN LAS ESCUELAS DONDE SE VOTA - Apuntes de San Luis","robots":{"index":"index","follow":"follow","max-snippet":"max-snippet:-1","max-image-preview":"max-image-preview:large","max-video-preview":"max-video-preview:-1"},"canonical":"https:\/\/apuntesdesanluis.com\/index.php\/2023\/11\/16\/el-martes-por-la-manana-las-clases-seran-virtuales-en-las-escuelas-donde-se-vota\/","og_locale":"es_ES","og_type":"article","og_title":"EL MARTES POR LA MA\u00d1ANA LAS CLASES SER\u00c1N VIRTUALES EN LAS ESCUELAS DONDE SE VOTA - Apuntes de San Luis","og_description":"Debido al feriado del lunes 20 de noviembre, las tareas de limpieza en las escuelas...","og_url":"https:\/\/apuntesdesanluis.com\/index.php\/2023\/11\/16\/el-martes-por-la-manana-las-clases-seran-virtuales-en-las-escuelas-donde-se-vota\/","og_site_name":"Apuntes de San Luis","article_published_time":"2023-11-17T02:50:00+00:00","og_image":[{"width":594,"height":382,"url":"https:\/\/apuntesdesanluis.com\/wp-content\/uploads\/2023\/11\/escuelas.png","type":"image\/png"}],"author":"apuntesdesanluis.com","twitter_card":"summary_large_image","twitter_misc":{"Escrito por":"apuntesdesanluis.com","Tiempo de lectura":"1 minuto"},"schema":{"@context":"https:\/\/schema.org","@graph":[{"@type":"Article","@id":"https:\/\/apuntesdesanluis.com\/index.php\/2023\/11\/16\/el-martes-por-la-manana-las-clases-seran-virtuales-en-las-escuelas-donde-se-vota\/#article","isPartOf":{"@id":"https:\/\/apuntesdesanluis.com\/index.php\/2023\/11\/16\/el-martes-por-la-manana-las-clases-seran-virtuales-en-las-escuelas-donde-se-vota\/"},"author":{"name":"apuntesdesanluis.com","@id":"https:\/\/apuntesdesanluis.com\/#\/schema\/person\/b55151d52296fcce64d1a72538a70b90"},"headline":"EL MARTES POR LA MA\u00d1ANA LAS CLASES SER\u00c1N VIRTUALES EN LAS ESCUELAS DONDE SE VOTA","datePublished":"2023-11-17T02:50:00+00:00","mainEntityOfPage":{"@id":"https:\/\/apuntesdesanluis.com\/index.php\/2023\/11\/16\/el-martes-por-la-manana-las-clases-seran-virtuales-en-las-escuelas-donde-se-vota\/"},"wordCount":201,"publisher":{"@id":"https:\/\/apuntesdesanluis.com\/#\/schema\/person\/b55151d52296fcce64d1a72538a70b90"},"image":{"@id":"https:\/\/apuntesdesanluis.com\/index.php\/2023\/11\/16\/el-martes-por-la-manana-las-clases-seran-virtuales-en-las-escuelas-donde-se-vota\/#primaryimage"},"thumbnailUrl":"https:\/\/apuntesdesanluis.com\/wp-content\/uploads\/2023\/11\/escuelas.png","articleSection":["Ciudad\/Provincia"],"inLanguage":"es-AR"},{"@type":"WebPage","@id":"https:\/\/apuntesdesanluis.com\/index.php\/2023\/11\/16\/el-martes-por-la-manana-las-clases-seran-virtuales-en-las-escuelas-donde-se-vota\/","url":"https:\/\/apuntesdesanluis.com\/index.php\/2023\/11\/16\/el-martes-por-la-manana-las-clases-seran-virtuales-en-las-escuelas-donde-se-vota\/","name":"EL MARTES POR LA MA\u00d1ANA LAS CLASES SER\u00c1N VIRTUALES EN LAS ESCUELAS DONDE SE VOTA - Apuntes de San Luis","isPartOf":{"@id":"https:\/\/apuntesdesanluis.com\/#website"},"primaryImageOfPage":{"@id":"https:\/\/apuntesdesanluis.com\/index.php\/2023\/11\/16\/el-martes-por-la-manana-las-clases-seran-virtuales-en-las-escuelas-donde-se-vota\/#primaryimage"},"image":{"@id":"https:\/\/apuntesdesanluis.com\/index.php\/2023\/11\/16\/el-martes-por-la-manana-las-clases-seran-virtuales-en-las-escuelas-donde-se-vota\/#primaryimage"},"thumbnailUrl":"https:\/\/apuntesdesanluis.com\/wp-content\/uploads\/2023\/11\/escuelas.png","datePublished":"2023-11-17T02:50:00+00:00","breadcrumb":{"@id":"https:\/\/apuntesdesanluis.com\/index.php\/2023\/11\/16\/el-martes-por-la-manana-las-clases-seran-virtuales-en-las-escuelas-donde-se-vota\/#breadcrumb"},"inLanguage":"es-AR","potentialAction":[{"@type":"ReadAction","target":["https:\/\/apuntesdesanluis.com\/index.php\/2023\/11\/16\/el-martes-por-la-manana-las-clases-seran-virtuales-en-las-escuelas-donde-se-vota\/"]}]},{"@type":"ImageObject","inLanguage":"es-AR","@id":"https:\/\/apuntesdesanluis.com\/index.php\/2023\/11\/16\/el-martes-por-la-manana-las-clases-seran-virtuales-en-las-escuelas-donde-se-vota\/#primaryimage","url":"https:\/\/apuntesdesanluis.com\/wp-content\/uploads\/2023\/11\/escuelas.png","contentUrl":"https:\/\/apuntesdesanluis.com\/wp-content\/uploads\/2023\/11\/escuelas.png","width":594,"height":382},{"@type":"BreadcrumbList","@id":"https:\/\/apuntesdesanluis.com\/index.php\/2023\/11\/16\/el-martes-por-la-manana-las-clases-seran-virtuales-en-las-escuelas-donde-se-vota\/#breadcrumb","itemListElement":[{"@type":"ListItem","position":1,"name":"Inicio","item":"https:\/\/apuntesdesanluis.com\/"},{"@type":"ListItem","position":2,"name":"EL MARTES POR LA MA\u00d1ANA LAS CLASES SER\u00c1N VIRTUALES EN LAS ESCUELAS DONDE SE VOTA"}]},{"@type":"WebSite","@id":"https:\/\/apuntesdesanluis.com\/#website","url":"https:\/\/apuntesdesanluis.com\/","name":"Apuntes de San Luis","description":"","publisher":{"@id":"https:\/\/apuntesdesanluis.com\/#\/schema\/person\/b55151d52296fcce64d1a72538a70b90"},"potentialAction":[{"@type":"SearchAction","target":{"@type":"EntryPoint","urlTemplate":"https:\/\/apuntesdesanluis.com\/?s={search_term_string}"},"query-input":{"@type":"PropertyValueSpecification","valueRequired":true,"valueName":"search_term_string"}}],"inLanguage":"es-AR"},{"@type":["Person","Organization"],"@id":"https:\/\/apuntesdesanluis.com\/#\/schema\/person\/b55151d52296fcce64d1a72538a70b90","name":"apuntesdesanluis.com","image":{"@type":"ImageObject","inLanguage":"es-AR","@id":"https:\/\/apuntesdesanluis.com\/#\/schema\/person\/image\/","url":"https:\/\/apuntesdesanluis.com\/wp-content\/uploads\/2023\/07\/cropped-apuntesdesanluis.png","contentUrl":"https:\/\/apuntesdesanluis.com\/wp-content\/uploads\/2023\/07\/cropped-apuntesdesanluis.png","width":450,"height":112,"caption":"apuntesdesanluis.com"},"logo":{"@id":"https:\/\/apuntesdesanluis.com\/#\/schema\/person\/image\/"},"sameAs":["https:\/\/apuntesdesanluis.com"],"url":"https:\/\/apuntesdesanluis.com\/index.php\/author\/apuntesdesanluis-com\/"}]}},"featured_image_urls":{"full":["https:\/\/apuntesdesanluis.com\/wp-content\/uploads\/2023\/11\/escuelas.png",594,382,false],"thumbnail":["https:\/\/apuntesdesanluis.com\/wp-content\/uploads\/2023\/11\/escuelas-150x150.png",150,150,true],"medium":["https:\/\/apuntesdesanluis.com\/wp-content\/uploads\/2023\/11\/escuelas-300x193.png",300,193,true],"medium_large":["https:\/\/apuntesdesanluis.com\/wp-content\/uploads\/2023\/11\/escuelas.png",594,382,false],"large":["https:\/\/apuntesdesanluis.com\/wp-content\/uploads\/2023\/11\/escuelas.png",594,382,false],"1536x1536":["https:\/\/apuntesdesanluis.com\/wp-content\/uploads\/2023\/11\/escuelas.png",594,382,false],"2048x2048":["https:\/\/apuntesdesanluis.com\/wp-content\/uploads\/2023\/11\/escuelas.png",594,382,false],"newsever-slider-full":["https:\/\/apuntesdesanluis.com\/wp-content\/uploads\/2023\/11\/escuelas.png",594,382,false],"newsever-featured":["https:\/\/apuntesdesanluis.com\/wp-content\/uploads\/2023\/11\/escuelas.png",594,382,false],"newsever-medium":["https:\/\/apuntesdesanluis.com\/wp-content\/uploads\/2023\/11\/escuelas.png",594,382,false]},"author_info":{"display_name":"apuntesdesanluis.com","author_link":"https:\/\/apuntesdesanluis.com\/index.php\/author\/apuntesdesanluis-com\/"},"category_info":"<a href=\"https:\/\/apuntesdesanluis.com\/index.php\/category\/ciudad-provincia\/\" rel=\"category tag\">Ciudad\/Provincia<\/a>","tag_info":"Ciudad\/Provincia","comment_count":"0","_links":{"self":[{"href":"https:\/\/apuntesdesanluis.com\/index.php\/wp-json\/wp\/v2\/posts\/6961","targetHints":{"allow":["GET"]}}],"collection":[{"href":"https:\/\/apuntesdesanluis.com\/index.php\/wp-json\/wp\/v2\/posts"}],"about":[{"href":"https:\/\/apuntesdesanluis.com\/index.php\/wp-json\/wp\/v2\/types\/post"}],"author":[{"embeddable":true,"href":"https:\/\/apuntesdesanluis.com\/index.php\/wp-json\/wp\/v2\/users\/1"}],"replies":[{"embeddable":true,"href":"https:\/\/apuntesdesanluis.com\/index.php\/wp-json\/wp\/v2\/comments?post=6961"}],"version-history":[{"count":1,"href":"https:\/\/apuntesdesanluis.com\/index.php\/wp-json\/wp\/v2\/posts\/6961\/revisions"}],"predecessor-version":[{"id":6963,"href":"https:\/\/apuntesdesanluis.com\/index.php\/wp-json\/wp\/v2\/posts\/6961\/revisions\/6963"}],"wp:featuredmedia":[{"embeddable":true,"href":"https:\/\/apuntesdesanluis.com\/index.php\/wp-json\/wp\/v2\/media\/6962"}],"wp:attachment":[{"href":"https:\/\/apuntesdesanluis.com\/index.php\/wp-json\/wp\/v2\/media?parent=6961"}],"wp:term":[{"taxonomy":"category","embeddable":true,"href":"https:\/\/apuntesdesanluis.com\/index.php\/wp-json\/wp\/v2\/categories?post=6961"},{"taxonomy":"post_tag","embeddable":true,"href":"https:\/\/apuntesdesanluis.com\/index.php\/wp-json\/wp\/v2\/tags?post=6961"}],"curies":[{"name":"wp","href":"https:\/\/api.w.org\/{rel}","templated":true}]}}