{"id":6964,"date":"2023-11-16T23:55:24","date_gmt":"2023-11-17T02:55:24","guid":{"rendered":"https:\/\/apuntesdesanluis.com\/?p=6964"},"modified":"2023-11-16T23:55:45","modified_gmt":"2023-11-17T02:55:45","slug":"primavera-la-saco-barata-pena-en-suspenso-por-ejercer-violencia-de-genero","status":"publish","type":"post","link":"https:\/\/apuntesdesanluis.com\/index.php\/2023\/11\/16\/primavera-la-saco-barata-pena-en-suspenso-por-ejercer-violencia-de-genero\/","title":{"rendered":"PRIMAVERA LA SAC\u00d3 BARATA: PENA EN SUSPENSO POR EJERCER VIOLENCIA DE G\u00c9NERO"},"content":{"rendered":"<h3>El Colegio de Jueces de la Primera Circunscripci\u00f3n conden\u00f3 a un a\u00f1o y ocho meses de prisi\u00f3n en suspenso a Bruno Primavera por encontrarlo culpable de los delitos de lesiones leves doblemente calificadas por la relaci\u00f3n de pareja y por mediar violencia de g\u00e9nero en concurso ideal con el delito de amenazas, en perjuicio de Mar\u00eda Cruz, con quien manten\u00eda una relaci\u00f3n sentimental.<\/h3>\n<h3>El tribunal, adem\u00e1s le inform\u00f3 a Primavera que deber\u00e1 cumplir, por el t\u00e9rmino de dos a\u00f1os, las pautas de conducta que establece el art\u00edculo 27 Bis del C\u00f3digo Penal, las que ser\u00e1n debidamente esbozadas al momento de fundamentar la sentencia.<\/h3>\n<h3>El hecho investigado ocurri\u00f3 este a\u00f1o entre la noche del 8 de julio y la ma\u00f1ana del 9, en la ciudad de San Luis.<\/h3>\n<h3>Asimismo, se le hizo saber que, en caso de incurrir en la comisi\u00f3n de un nuevo delito dentro del periodo de cuatro a\u00f1os contados a partir de la firmeza de la sentencia condenatoria, podr\u00e1 sufrir la pena efectiva que se le ha impuesto, m\u00e1s all\u00e1 de la que le corresponda por el nuevo delito que cometiese.<\/h3>\n<h3>El tribunal estuvo integrado por Mar\u00eda Eugenia Zabala Chacur, Hugo Guillermo Saa Petrino y Ariel Parrillis. El veredicto fue votado de manera un\u00e1nime. Como atenuantes mencionaron la falta de antecedentes condenatorios como la conducta asumida despu\u00e9s del hecho, y como agravantes las circunstancias de tiempo, modo y lugar.<\/h3>\n<h3>\u201cQuedaron demostrados los hechos tal como fueron planteados en mi teor\u00eda del caso. El imputado y la v\u00edctima fueron a un cumplea\u00f1os al Barrio Eva Per\u00f3n. Hubo una discusi\u00f3n, una escena de celo y reproches. Salieron de la fiesta y se dirigieron hasta el Barrio La Rep\u00fablica, donde vive Cruz. All\u00ed comenzaron las agresiones, los golpes, los insultos y amenazas\u201d, dijo la fiscal de Juicio, Virginia Palacios, en sus alegatos de clausura.<\/h3>\n<h3>Luego la pareja se traslad\u00f3 al Barrio San Mart\u00edn. En un trayecto del viaje, el conductor fren\u00f3 para comprar cigarrillos y Cruz aprovech\u00f3 para llamar a dos amigas para que avisasen a la polic\u00eda. Palacios sostuvo entre la v\u00edctima y el acusado exist\u00eda una relaci\u00f3n, que eran pareja, que compart\u00edan los fines de semana y por lo tanto era ineludible la aplicaci\u00f3n del v\u00ednculo como agravante a la hora de calificar el delito.<\/h3>\n<h3>\u201cComo tampoco resulta indiscutible que aqu\u00ed hubo violencia de g\u00e9nero. Juzgar con perspectiva de g\u00e9nero es entender que este tipo de hechos suceden en la intimidad, fuera del alcance de terceros\u201d, explic\u00f3 la fiscal, quien solicit\u00f3 una condena de 4 a\u00f1os y 6 meses de prisi\u00f3n para Primavera.<\/h3>\n<h3>La defensa del acusado, representada por los abogados Pedro Ag\u00fandez y Franco Molina, atacaron la calificaci\u00f3n de la Fiscal\u00eda y sostuvieron que no existi\u00f3 el delito de lesiones graves y que tampoco hab\u00eda un v\u00ednculo entre las partes.<\/h3>\n<h3>\u201cSe estaban conociendo. Lo dijo la denunciante, y ella destac\u00f3 que no era una relaci\u00f3n de pareja. Vinculo no existi\u00f3 solo fueron encuentros ocasionales\u201d, dijo Ag\u00fandez y agreg\u00f3 que tampoco hubo lesiones graves sino simples. \u201cLa lesi\u00f3n de la nariz no lo pudo determinar la forense que hab\u00eda sido producto de la discusi\u00f3n ni que la haya cometido mi defendido y con respecto a las amenazas, no toda expresi\u00f3n en el fragor de una discusi\u00f3n es una amenaza\u201d.<\/h3>\n<h3>La defensa solicit\u00f3 al tribunal que Primavera fuera condenado por lesiones simples agravado por la violencia de g\u00e9nero.<\/h3>\n","protected":false},"excerpt":{"rendered":"<p>El Colegio de Jueces de la Primera Circunscripci\u00f3n conden\u00f3 a un a\u00f1o y ocho meses&#8230;<\/p>\n","protected":false},"author":1,"featured_media":6965,"comment_status":"closed","ping_status":"closed","sticky":false,"template":"","format":"standard","meta":{"footnotes":""},"categories":[6],"tags":[],"class_list":["post-6964","post","type-post","status-publish","format-standard","has-post-thumbnail","hentry","category-ciudad-provincia"],"yoast_head":"<!-- This site is optimized with the Yoast SEO plugin v26.1.1 - https:\/\/yoast.com\/wordpress\/plugins\/seo\/ -->\n<title>PRIMAVERA LA SAC\u00d3 BARATA: PENA EN SUSPENSO POR EJERCER VIOLENCIA DE G\u00c9NERO - Apuntes de San Luis<\/title>\n<meta name=\"robots\" content=\"index, follow, max-snippet:-1, max-image-preview:large, max-video-preview:-1\" \/>\n<link rel=\"canonical\" href=\"https:\/\/apuntesdesanluis.com\/index.php\/2023\/11\/16\/primavera-la-saco-barata-pena-en-suspenso-por-ejercer-violencia-de-genero\/\" \/>\n<meta property=\"og:locale\" content=\"es_ES\" \/>\n<meta property=\"og:type\" content=\"article\" \/>\n<meta property=\"og:title\" content=\"PRIMAVERA LA SAC\u00d3 BARATA: PENA EN SUSPENSO POR EJERCER VIOLENCIA DE G\u00c9NERO - Apuntes de San Luis\" \/>\n<meta property=\"og:description\" content=\"El Colegio de Jueces de la Primera Circunscripci\u00f3n conden\u00f3 a un a\u00f1o y ocho meses...\" \/>\n<meta property=\"og:url\" content=\"https:\/\/apuntesdesanluis.com\/index.php\/2023\/11\/16\/primavera-la-saco-barata-pena-en-suspenso-por-ejercer-violencia-de-genero\/\" \/>\n<meta property=\"og:site_name\" content=\"Apuntes de San Luis\" \/>\n<meta property=\"article:published_time\" content=\"2023-11-17T02:55:24+00:00\" \/>\n<meta property=\"article:modified_time\" content=\"2023-11-17T02:55:45+00:00\" \/>\n<meta property=\"og:image\" content=\"https:\/\/apuntesdesanluis.com\/wp-content\/uploads\/2023\/11\/PRIMA.png\" \/>\n\t<meta property=\"og:image:width\" content=\"600\" \/>\n\t<meta property=\"og:image:height\" content=\"337\" \/>\n\t<meta property=\"og:image:type\" content=\"image\/png\" \/>\n<meta name=\"author\" content=\"apuntesdesanluis.com\" \/>\n<meta name=\"twitter:card\" content=\"summary_large_image\" \/>\n<meta name=\"twitter:label1\" content=\"Escrito por\" \/>\n\t<meta name=\"twitter:data1\" content=\"apuntesdesanluis.com\" \/>\n\t<meta name=\"twitter:label2\" content=\"Tiempo de lectura\" \/>\n\t<meta name=\"twitter:data2\" content=\"3 minutos\" \/>\n<script type=\"application\/ld+json\" class=\"yoast-schema-graph\">{\"@context\":\"https:\/\/schema.org\",\"@graph\":[{\"@type\":\"Article\",\"@id\":\"https:\/\/apuntesdesanluis.com\/index.php\/2023\/11\/16\/primavera-la-saco-barata-pena-en-suspenso-por-ejercer-violencia-de-genero\/#article\",\"isPartOf\":{\"@id\":\"https:\/\/apuntesdesanluis.com\/index.php\/2023\/11\/16\/primavera-la-saco-barata-pena-en-suspenso-por-ejercer-violencia-de-genero\/\"},\"author\":{\"name\":\"apuntesdesanluis.com\",\"@id\":\"https:\/\/apuntesdesanluis.com\/#\/schema\/person\/b55151d52296fcce64d1a72538a70b90\"},\"headline\":\"PRIMAVERA LA SAC\u00d3 BARATA: PENA EN SUSPENSO POR EJERCER VIOLENCIA DE G\u00c9NERO\",\"datePublished\":\"2023-11-17T02:55:24+00:00\",\"dateModified\":\"2023-11-17T02:55:45+00:00\",\"mainEntityOfPage\":{\"@id\":\"https:\/\/apuntesdesanluis.com\/index.php\/2023\/11\/16\/primavera-la-saco-barata-pena-en-suspenso-por-ejercer-violencia-de-genero\/\"},\"wordCount\":619,\"publisher\":{\"@id\":\"https:\/\/apuntesdesanluis.com\/#\/schema\/person\/b55151d52296fcce64d1a72538a70b90\"},\"image\":{\"@id\":\"https:\/\/apuntesdesanluis.com\/index.php\/2023\/11\/16\/primavera-la-saco-barata-pena-en-suspenso-por-ejercer-violencia-de-genero\/#primaryimage\"},\"thumbnailUrl\":\"https:\/\/apuntesdesanluis.com\/wp-content\/uploads\/2023\/11\/PRIMA.png\",\"articleSection\":[\"Ciudad\/Provincia\"],\"inLanguage\":\"es-AR\"},{\"@type\":\"WebPage\",\"@id\":\"https:\/\/apuntesdesanluis.com\/index.php\/2023\/11\/16\/primavera-la-saco-barata-pena-en-suspenso-por-ejercer-violencia-de-genero\/\",\"url\":\"https:\/\/apuntesdesanluis.com\/index.php\/2023\/11\/16\/primavera-la-saco-barata-pena-en-suspenso-por-ejercer-violencia-de-genero\/\",\"name\":\"PRIMAVERA LA SAC\u00d3 BARATA: PENA EN SUSPENSO POR EJERCER VIOLENCIA DE G\u00c9NERO - Apuntes de San Luis\",\"isPartOf\":{\"@id\":\"https:\/\/apuntesdesanluis.com\/#website\"},\"primaryImageOfPage\":{\"@id\":\"https:\/\/apuntesdesanluis.com\/index.php\/2023\/11\/16\/primavera-la-saco-barata-pena-en-suspenso-por-ejercer-violencia-de-genero\/#primaryimage\"},\"image\":{\"@id\":\"https:\/\/apuntesdesanluis.com\/index.php\/2023\/11\/16\/primavera-la-saco-barata-pena-en-suspenso-por-ejercer-violencia-de-genero\/#primaryimage\"},\"thumbnailUrl\":\"https:\/\/apuntesdesanluis.com\/wp-content\/uploads\/2023\/11\/PRIMA.png\",\"datePublished\":\"2023-11-17T02:55:24+00:00\",\"dateModified\":\"2023-11-17T02:55:45+00:00\",\"breadcrumb\":{\"@id\":\"https:\/\/apuntesdesanluis.com\/index.php\/2023\/11\/16\/primavera-la-saco-barata-pena-en-suspenso-por-ejercer-violencia-de-genero\/#breadcrumb\"},\"inLanguage\":\"es-AR\",\"potentialAction\":[{\"@type\":\"ReadAction\",\"target\":[\"https:\/\/apuntesdesanluis.com\/index.php\/2023\/11\/16\/primavera-la-saco-barata-pena-en-suspenso-por-ejercer-violencia-de-genero\/\"]}]},{\"@type\":\"ImageObject\",\"inLanguage\":\"es-AR\",\"@id\":\"https:\/\/apuntesdesanluis.com\/index.php\/2023\/11\/16\/primavera-la-saco-barata-pena-en-suspenso-por-ejercer-violencia-de-genero\/#primaryimage\",\"url\":\"https:\/\/apuntesdesanluis.com\/wp-content\/uploads\/2023\/11\/PRIMA.png\",\"contentUrl\":\"https:\/\/apuntesdesanluis.com\/wp-content\/uploads\/2023\/11\/PRIMA.png\",\"width\":600,\"height\":337},{\"@type\":\"BreadcrumbList\",\"@id\":\"https:\/\/apuntesdesanluis.com\/index.php\/2023\/11\/16\/primavera-la-saco-barata-pena-en-suspenso-por-ejercer-violencia-de-genero\/#breadcrumb\",\"itemListElement\":[{\"@type\":\"ListItem\",\"position\":1,\"name\":\"Inicio\",\"item\":\"https:\/\/apuntesdesanluis.com\/\"},{\"@type\":\"ListItem\",\"position\":2,\"name\":\"PRIMAVERA LA SAC\u00d3 BARATA: PENA EN SUSPENSO POR EJERCER VIOLENCIA DE G\u00c9NERO\"}]},{\"@type\":\"WebSite\",\"@id\":\"https:\/\/apuntesdesanluis.com\/#website\",\"url\":\"https:\/\/apuntesdesanluis.com\/\",\"name\":\"Apuntes de San Luis\",\"description\":\"\",\"publisher\":{\"@id\":\"https:\/\/apuntesdesanluis.com\/#\/schema\/person\/b55151d52296fcce64d1a72538a70b90\"},\"potentialAction\":[{\"@type\":\"SearchAction\",\"target\":{\"@type\":\"EntryPoint\",\"urlTemplate\":\"https:\/\/apuntesdesanluis.com\/?s={search_term_string}\"},\"query-input\":{\"@type\":\"PropertyValueSpecification\",\"valueRequired\":true,\"valueName\":\"search_term_string\"}}],\"inLanguage\":\"es-AR\"},{\"@type\":[\"Person\",\"Organization\"],\"@id\":\"https:\/\/apuntesdesanluis.com\/#\/schema\/person\/b55151d52296fcce64d1a72538a70b90\",\"name\":\"apuntesdesanluis.com\",\"image\":{\"@type\":\"ImageObject\",\"inLanguage\":\"es-AR\",\"@id\":\"https:\/\/apuntesdesanluis.com\/#\/schema\/person\/image\/\",\"url\":\"https:\/\/apuntesdesanluis.com\/wp-content\/uploads\/2023\/07\/cropped-apuntesdesanluis.png\",\"contentUrl\":\"https:\/\/apuntesdesanluis.com\/wp-content\/uploads\/2023\/07\/cropped-apuntesdesanluis.png\",\"width\":450,\"height\":112,\"caption\":\"apuntesdesanluis.com\"},\"logo\":{\"@id\":\"https:\/\/apuntesdesanluis.com\/#\/schema\/person\/image\/\"},\"sameAs\":[\"https:\/\/apuntesdesanluis.com\"],\"url\":\"https:\/\/apuntesdesanluis.com\/index.php\/author\/apuntesdesanluis-com\/\"}]}<\/script>\n<!-- \/ Yoast SEO plugin. -->","yoast_head_json":{"title":"PRIMAVERA LA SAC\u00d3 BARATA: PENA EN SUSPENSO POR EJERCER VIOLENCIA DE G\u00c9NERO - Apuntes de San Luis","robots":{"index":"index","follow":"follow","max-snippet":"max-snippet:-1","max-image-preview":"max-image-preview:large","max-video-preview":"max-video-preview:-1"},"canonical":"https:\/\/apuntesdesanluis.com\/index.php\/2023\/11\/16\/primavera-la-saco-barata-pena-en-suspenso-por-ejercer-violencia-de-genero\/","og_locale":"es_ES","og_type":"article","og_title":"PRIMAVERA LA SAC\u00d3 BARATA: PENA EN SUSPENSO POR EJERCER VIOLENCIA DE G\u00c9NERO - Apuntes de San Luis","og_description":"El Colegio de Jueces de la Primera Circunscripci\u00f3n conden\u00f3 a un a\u00f1o y ocho meses...","og_url":"https:\/\/apuntesdesanluis.com\/index.php\/2023\/11\/16\/primavera-la-saco-barata-pena-en-suspenso-por-ejercer-violencia-de-genero\/","og_site_name":"Apuntes de San Luis","article_published_time":"2023-11-17T02:55:24+00:00","article_modified_time":"2023-11-17T02:55:45+00:00","og_image":[{"width":600,"height":337,"url":"https:\/\/apuntesdesanluis.com\/wp-content\/uploads\/2023\/11\/PRIMA.png","type":"image\/png"}],"author":"apuntesdesanluis.com","twitter_card":"summary_large_image","twitter_misc":{"Escrito por":"apuntesdesanluis.com","Tiempo de lectura":"3 minutos"},"schema":{"@context":"https:\/\/schema.org","@graph":[{"@type":"Article","@id":"https:\/\/apuntesdesanluis.com\/index.php\/2023\/11\/16\/primavera-la-saco-barata-pena-en-suspenso-por-ejercer-violencia-de-genero\/#article","isPartOf":{"@id":"https:\/\/apuntesdesanluis.com\/index.php\/2023\/11\/16\/primavera-la-saco-barata-pena-en-suspenso-por-ejercer-violencia-de-genero\/"},"author":{"name":"apuntesdesanluis.com","@id":"https:\/\/apuntesdesanluis.com\/#\/schema\/person\/b55151d52296fcce64d1a72538a70b90"},"headline":"PRIMAVERA LA SAC\u00d3 BARATA: PENA EN SUSPENSO POR EJERCER VIOLENCIA DE G\u00c9NERO","datePublished":"2023-11-17T02:55:24+00:00","dateModified":"2023-11-17T02:55:45+00:00","mainEntityOfPage":{"@id":"https:\/\/apuntesdesanluis.com\/index.php\/2023\/11\/16\/primavera-la-saco-barata-pena-en-suspenso-por-ejercer-violencia-de-genero\/"},"wordCount":619,"publisher":{"@id":"https:\/\/apuntesdesanluis.com\/#\/schema\/person\/b55151d52296fcce64d1a72538a70b90"},"image":{"@id":"https:\/\/apuntesdesanluis.com\/index.php\/2023\/11\/16\/primavera-la-saco-barata-pena-en-suspenso-por-ejercer-violencia-de-genero\/#primaryimage"},"thumbnailUrl":"https:\/\/apuntesdesanluis.com\/wp-content\/uploads\/2023\/11\/PRIMA.png","articleSection":["Ciudad\/Provincia"],"inLanguage":"es-AR"},{"@type":"WebPage","@id":"https:\/\/apuntesdesanluis.com\/index.php\/2023\/11\/16\/primavera-la-saco-barata-pena-en-suspenso-por-ejercer-violencia-de-genero\/","url":"https:\/\/apuntesdesanluis.com\/index.php\/2023\/11\/16\/primavera-la-saco-barata-pena-en-suspenso-por-ejercer-violencia-de-genero\/","name":"PRIMAVERA LA SAC\u00d3 BARATA: PENA EN SUSPENSO POR EJERCER VIOLENCIA DE G\u00c9NERO - Apuntes de San Luis","isPartOf":{"@id":"https:\/\/apuntesdesanluis.com\/#website"},"primaryImageOfPage":{"@id":"https:\/\/apuntesdesanluis.com\/index.php\/2023\/11\/16\/primavera-la-saco-barata-pena-en-suspenso-por-ejercer-violencia-de-genero\/#primaryimage"},"image":{"@id":"https:\/\/apuntesdesanluis.com\/index.php\/2023\/11\/16\/primavera-la-saco-barata-pena-en-suspenso-por-ejercer-violencia-de-genero\/#primaryimage"},"thumbnailUrl":"https:\/\/apuntesdesanluis.com\/wp-content\/uploads\/2023\/11\/PRIMA.png","datePublished":"2023-11-17T02:55:24+00:00","dateModified":"2023-11-17T02:55:45+00:00","breadcrumb":{"@id":"https:\/\/apuntesdesanluis.com\/index.php\/2023\/11\/16\/primavera-la-saco-barata-pena-en-suspenso-por-ejercer-violencia-de-genero\/#breadcrumb"},"inLanguage":"es-AR","potentialAction":[{"@type":"ReadAction","target":["https:\/\/apuntesdesanluis.com\/index.php\/2023\/11\/16\/primavera-la-saco-barata-pena-en-suspenso-por-ejercer-violencia-de-genero\/"]}]},{"@type":"ImageObject","inLanguage":"es-AR","@id":"https:\/\/apuntesdesanluis.com\/index.php\/2023\/11\/16\/primavera-la-saco-barata-pena-en-suspenso-por-ejercer-violencia-de-genero\/#primaryimage","url":"https:\/\/apuntesdesanluis.com\/wp-content\/uploads\/2023\/11\/PRIMA.png","contentUrl":"https:\/\/apuntesdesanluis.com\/wp-content\/uploads\/2023\/11\/PRIMA.png","width":600,"height":337},{"@type":"BreadcrumbList","@id":"https:\/\/apuntesdesanluis.com\/index.php\/2023\/11\/16\/primavera-la-saco-barata-pena-en-suspenso-por-ejercer-violencia-de-genero\/#breadcrumb","itemListElement":[{"@type":"ListItem","position":1,"name":"Inicio","item":"https:\/\/apuntesdesanluis.com\/"},{"@type":"ListItem","position":2,"name":"PRIMAVERA LA SAC\u00d3 BARATA: PENA EN SUSPENSO POR EJERCER VIOLENCIA DE G\u00c9NERO"}]},{"@type":"WebSite","@id":"https:\/\/apuntesdesanluis.com\/#website","url":"https:\/\/apuntesdesanluis.com\/","name":"Apuntes de San Luis","description":"","publisher":{"@id":"https:\/\/apuntesdesanluis.com\/#\/schema\/person\/b55151d52296fcce64d1a72538a70b90"},"potentialAction":[{"@type":"SearchAction","target":{"@type":"EntryPoint","urlTemplate":"https:\/\/apuntesdesanluis.com\/?s={search_term_string}"},"query-input":{"@type":"PropertyValueSpecification","valueRequired":true,"valueName":"search_term_string"}}],"inLanguage":"es-AR"},{"@type":["Person","Organization"],"@id":"https:\/\/apuntesdesanluis.com\/#\/schema\/person\/b55151d52296fcce64d1a72538a70b90","name":"apuntesdesanluis.com","image":{"@type":"ImageObject","inLanguage":"es-AR","@id":"https:\/\/apuntesdesanluis.com\/#\/schema\/person\/image\/","url":"https:\/\/apuntesdesanluis.com\/wp-content\/uploads\/2023\/07\/cropped-apuntesdesanluis.png","contentUrl":"https:\/\/apuntesdesanluis.com\/wp-content\/uploads\/2023\/07\/cropped-apuntesdesanluis.png","width":450,"height":112,"caption":"apuntesdesanluis.com"},"logo":{"@id":"https:\/\/apuntesdesanluis.com\/#\/schema\/person\/image\/"},"sameAs":["https:\/\/apuntesdesanluis.com"],"url":"https:\/\/apuntesdesanluis.com\/index.php\/author\/apuntesdesanluis-com\/"}]}},"featured_image_urls":{"full":["https:\/\/apuntesdesanluis.com\/wp-content\/uploads\/2023\/11\/PRIMA.png",600,337,false],"thumbnail":["https:\/\/apuntesdesanluis.com\/wp-content\/uploads\/2023\/11\/PRIMA-150x150.png",150,150,true],"medium":["https:\/\/apuntesdesanluis.com\/wp-content\/uploads\/2023\/11\/PRIMA-300x169.png",300,169,true],"medium_large":["https:\/\/apuntesdesanluis.com\/wp-content\/uploads\/2023\/11\/PRIMA.png",600,337,false],"large":["https:\/\/apuntesdesanluis.com\/wp-content\/uploads\/2023\/11\/PRIMA.png",600,337,false],"1536x1536":["https:\/\/apuntesdesanluis.com\/wp-content\/uploads\/2023\/11\/PRIMA.png",600,337,false],"2048x2048":["https:\/\/apuntesdesanluis.com\/wp-content\/uploads\/2023\/11\/PRIMA.png",600,337,false],"newsever-slider-full":["https:\/\/apuntesdesanluis.com\/wp-content\/uploads\/2023\/11\/PRIMA.png",600,337,false],"newsever-featured":["https:\/\/apuntesdesanluis.com\/wp-content\/uploads\/2023\/11\/PRIMA.png",600,337,false],"newsever-medium":["https:\/\/apuntesdesanluis.com\/wp-content\/uploads\/2023\/11\/PRIMA.png",600,337,false]},"author_info":{"display_name":"apuntesdesanluis.com","author_link":"https:\/\/apuntesdesanluis.com\/index.php\/author\/apuntesdesanluis-com\/"},"category_info":"<a href=\"https:\/\/apuntesdesanluis.com\/index.php\/category\/ciudad-provincia\/\" rel=\"category tag\">Ciudad\/Provincia<\/a>","tag_info":"Ciudad\/Provincia","comment_count":"0","_links":{"self":[{"href":"https:\/\/apuntesdesanluis.com\/index.php\/wp-json\/wp\/v2\/posts\/6964","targetHints":{"allow":["GET"]}}],"collection":[{"href":"https:\/\/apuntesdesanluis.com\/index.php\/wp-json\/wp\/v2\/posts"}],"about":[{"href":"https:\/\/apuntesdesanluis.com\/index.php\/wp-json\/wp\/v2\/types\/post"}],"author":[{"embeddable":true,"href":"https:\/\/apuntesdesanluis.com\/index.php\/wp-json\/wp\/v2\/users\/1"}],"replies":[{"embeddable":true,"href":"https:\/\/apuntesdesanluis.com\/index.php\/wp-json\/wp\/v2\/comments?post=6964"}],"version-history":[{"count":2,"href":"https:\/\/apuntesdesanluis.com\/index.php\/wp-json\/wp\/v2\/posts\/6964\/revisions"}],"predecessor-version":[{"id":6967,"href":"https:\/\/apuntesdesanluis.com\/index.php\/wp-json\/wp\/v2\/posts\/6964\/revisions\/6967"}],"wp:featuredmedia":[{"embeddable":true,"href":"https:\/\/apuntesdesanluis.com\/index.php\/wp-json\/wp\/v2\/media\/6965"}],"wp:attachment":[{"href":"https:\/\/apuntesdesanluis.com\/index.php\/wp-json\/wp\/v2\/media?parent=6964"}],"wp:term":[{"taxonomy":"category","embeddable":true,"href":"https:\/\/apuntesdesanluis.com\/index.php\/wp-json\/wp\/v2\/categories?post=6964"},{"taxonomy":"post_tag","embeddable":true,"href":"https:\/\/apuntesdesanluis.com\/index.php\/wp-json\/wp\/v2\/tags?post=6964"}],"curies":[{"name":"wp","href":"https:\/\/api.w.org\/{rel}","templated":true}]}}