{"id":6971,"date":"2023-11-17T00:07:42","date_gmt":"2023-11-17T03:07:42","guid":{"rendered":"https:\/\/apuntesdesanluis.com\/?p=6971"},"modified":"2023-11-17T00:07:42","modified_gmt":"2023-11-17T03:07:42","slug":"registro-civil-amplian-el-horario-de-atencion-durante-el-fin-de-semana","status":"publish","type":"post","link":"https:\/\/apuntesdesanluis.com\/index.php\/2023\/11\/17\/registro-civil-amplian-el-horario-de-atencion-durante-el-fin-de-semana\/","title":{"rendered":"REGISTRO CIVIL: AMPL\u00cdAN EL HORARIO DE ATENCI\u00d3N DURANTE EL FIN DE SEMANA"},"content":{"rendered":"<h3>Es para las personas que a\u00fan no retiraron su DNI y para quienes necesiten hacer consultas vinculadas a su documento.<\/h3>\n<h3>La Direcci\u00f3n Provincial de Registro Civil y Capacidad de las Personas extiende su horario de atenci\u00f3n durante este fin de semana. Los d\u00edas s\u00e1bado 18 y domingo 19 de noviembre las delegaciones ubicadas en San Luis Capital, Villa Mercedes, Merlo, San Francisco, Quines, El Volc\u00e1n, Juana Koslay y Potrero de los Funes atender\u00e1n de 08:00 a 18:00, para que todas las personas que tramitaron este a\u00f1o su DNI en esas sedes y a\u00fan no pasaron a buscarlo, puedan retirarlo, inform\u00f3 el director provincial de dicho Registro, Dar\u00edo Rosas Curi.<\/h3>\n<h3>Se recuerda a las personas que diligenciaron su documento que para poder llevarse el ejemplar deben presentar la constancia que les dieron oportunamente. Dicha constancia tiene el n\u00famero de tr\u00e1mite, que se entrega en formato papel y digital, al correo electr\u00f3nico que consign\u00f3 la persona. Para retirar el DNI se puede presentar cualquiera de los dos tipos de constancia.<\/h3>\n<h3>Por otro lado, el domingo 19 de noviembre todas las oficinas del Registro Civil de la provincia (son 63, incluyendo la delegaci\u00f3n central, en San Luis Capital), estar\u00e1n abiertas de 08:00 a 18:00 para responder consultas que ciudadanos que tengan sobre su DNI.<\/h3>\n<h3>Los d\u00edas jueves 16 y viernes 17 de noviembre, todas las delegaciones del Registro Civil atender\u00e1n en su horario habitual, es decir, de 8:00 a 14:00.<\/h3>\n<p>&nbsp;<\/p>\n<p>&nbsp;<\/p>\n<p>&nbsp;<\/p>\n<p>&nbsp;<\/p>\n","protected":false},"excerpt":{"rendered":"<p>Es para las personas que a\u00fan no retiraron su DNI y para quienes necesiten hacer&#8230;<\/p>\n","protected":false},"author":1,"featured_media":6972,"comment_status":"closed","ping_status":"closed","sticky":false,"template":"","format":"standard","meta":{"footnotes":""},"categories":[6],"tags":[],"class_list":["post-6971","post","type-post","status-publish","format-standard","has-post-thumbnail","hentry","category-ciudad-provincia"],"yoast_head":"<!-- This site is optimized with the Yoast SEO plugin v26.1.1 - https:\/\/yoast.com\/wordpress\/plugins\/seo\/ -->\n<title>REGISTRO CIVIL: AMPL\u00cdAN EL HORARIO DE ATENCI\u00d3N DURANTE EL FIN DE SEMANA - Apuntes de San Luis<\/title>\n<meta name=\"robots\" content=\"index, follow, max-snippet:-1, max-image-preview:large, max-video-preview:-1\" \/>\n<link rel=\"canonical\" href=\"https:\/\/apuntesdesanluis.com\/index.php\/2023\/11\/17\/registro-civil-amplian-el-horario-de-atencion-durante-el-fin-de-semana\/\" \/>\n<meta property=\"og:locale\" content=\"es_ES\" \/>\n<meta property=\"og:type\" content=\"article\" \/>\n<meta property=\"og:title\" content=\"REGISTRO CIVIL: AMPL\u00cdAN EL HORARIO DE ATENCI\u00d3N DURANTE EL FIN DE SEMANA - Apuntes de San Luis\" \/>\n<meta property=\"og:description\" content=\"Es para las personas que a\u00fan no retiraron su DNI y para quienes necesiten hacer...\" \/>\n<meta property=\"og:url\" content=\"https:\/\/apuntesdesanluis.com\/index.php\/2023\/11\/17\/registro-civil-amplian-el-horario-de-atencion-durante-el-fin-de-semana\/\" \/>\n<meta property=\"og:site_name\" content=\"Apuntes de San Luis\" \/>\n<meta property=\"article:published_time\" content=\"2023-11-17T03:07:42+00:00\" \/>\n<meta property=\"og:image\" content=\"https:\/\/apuntesdesanluis.com\/wp-content\/uploads\/2023\/11\/dni.png\" \/>\n\t<meta property=\"og:image:width\" content=\"600\" \/>\n\t<meta property=\"og:image:height\" content=\"378\" \/>\n\t<meta property=\"og:image:type\" content=\"image\/png\" \/>\n<meta name=\"author\" content=\"apuntesdesanluis.com\" \/>\n<meta name=\"twitter:card\" content=\"summary_large_image\" \/>\n<meta name=\"twitter:label1\" content=\"Escrito por\" \/>\n\t<meta name=\"twitter:data1\" content=\"apuntesdesanluis.com\" \/>\n\t<meta name=\"twitter:label2\" content=\"Tiempo de lectura\" \/>\n\t<meta name=\"twitter:data2\" content=\"2 minutos\" \/>\n<script type=\"application\/ld+json\" class=\"yoast-schema-graph\">{\"@context\":\"https:\/\/schema.org\",\"@graph\":[{\"@type\":\"Article\",\"@id\":\"https:\/\/apuntesdesanluis.com\/index.php\/2023\/11\/17\/registro-civil-amplian-el-horario-de-atencion-durante-el-fin-de-semana\/#article\",\"isPartOf\":{\"@id\":\"https:\/\/apuntesdesanluis.com\/index.php\/2023\/11\/17\/registro-civil-amplian-el-horario-de-atencion-durante-el-fin-de-semana\/\"},\"author\":{\"name\":\"apuntesdesanluis.com\",\"@id\":\"https:\/\/apuntesdesanluis.com\/#\/schema\/person\/b55151d52296fcce64d1a72538a70b90\"},\"headline\":\"REGISTRO CIVIL: AMPL\u00cdAN EL HORARIO DE ATENCI\u00d3N DURANTE EL FIN DE SEMANA\",\"datePublished\":\"2023-11-17T03:07:42+00:00\",\"mainEntityOfPage\":{\"@id\":\"https:\/\/apuntesdesanluis.com\/index.php\/2023\/11\/17\/registro-civil-amplian-el-horario-de-atencion-durante-el-fin-de-semana\/\"},\"wordCount\":260,\"publisher\":{\"@id\":\"https:\/\/apuntesdesanluis.com\/#\/schema\/person\/b55151d52296fcce64d1a72538a70b90\"},\"image\":{\"@id\":\"https:\/\/apuntesdesanluis.com\/index.php\/2023\/11\/17\/registro-civil-amplian-el-horario-de-atencion-durante-el-fin-de-semana\/#primaryimage\"},\"thumbnailUrl\":\"https:\/\/apuntesdesanluis.com\/wp-content\/uploads\/2023\/11\/dni.png\",\"articleSection\":[\"Ciudad\/Provincia\"],\"inLanguage\":\"es-AR\"},{\"@type\":\"WebPage\",\"@id\":\"https:\/\/apuntesdesanluis.com\/index.php\/2023\/11\/17\/registro-civil-amplian-el-horario-de-atencion-durante-el-fin-de-semana\/\",\"url\":\"https:\/\/apuntesdesanluis.com\/index.php\/2023\/11\/17\/registro-civil-amplian-el-horario-de-atencion-durante-el-fin-de-semana\/\",\"name\":\"REGISTRO CIVIL: AMPL\u00cdAN EL HORARIO DE ATENCI\u00d3N DURANTE EL FIN DE SEMANA - Apuntes de San Luis\",\"isPartOf\":{\"@id\":\"https:\/\/apuntesdesanluis.com\/#website\"},\"primaryImageOfPage\":{\"@id\":\"https:\/\/apuntesdesanluis.com\/index.php\/2023\/11\/17\/registro-civil-amplian-el-horario-de-atencion-durante-el-fin-de-semana\/#primaryimage\"},\"image\":{\"@id\":\"https:\/\/apuntesdesanluis.com\/index.php\/2023\/11\/17\/registro-civil-amplian-el-horario-de-atencion-durante-el-fin-de-semana\/#primaryimage\"},\"thumbnailUrl\":\"https:\/\/apuntesdesanluis.com\/wp-content\/uploads\/2023\/11\/dni.png\",\"datePublished\":\"2023-11-17T03:07:42+00:00\",\"breadcrumb\":{\"@id\":\"https:\/\/apuntesdesanluis.com\/index.php\/2023\/11\/17\/registro-civil-amplian-el-horario-de-atencion-durante-el-fin-de-semana\/#breadcrumb\"},\"inLanguage\":\"es-AR\",\"potentialAction\":[{\"@type\":\"ReadAction\",\"target\":[\"https:\/\/apuntesdesanluis.com\/index.php\/2023\/11\/17\/registro-civil-amplian-el-horario-de-atencion-durante-el-fin-de-semana\/\"]}]},{\"@type\":\"ImageObject\",\"inLanguage\":\"es-AR\",\"@id\":\"https:\/\/apuntesdesanluis.com\/index.php\/2023\/11\/17\/registro-civil-amplian-el-horario-de-atencion-durante-el-fin-de-semana\/#primaryimage\",\"url\":\"https:\/\/apuntesdesanluis.com\/wp-content\/uploads\/2023\/11\/dni.png\",\"contentUrl\":\"https:\/\/apuntesdesanluis.com\/wp-content\/uploads\/2023\/11\/dni.png\",\"width\":600,\"height\":378},{\"@type\":\"BreadcrumbList\",\"@id\":\"https:\/\/apuntesdesanluis.com\/index.php\/2023\/11\/17\/registro-civil-amplian-el-horario-de-atencion-durante-el-fin-de-semana\/#breadcrumb\",\"itemListElement\":[{\"@type\":\"ListItem\",\"position\":1,\"name\":\"Inicio\",\"item\":\"https:\/\/apuntesdesanluis.com\/\"},{\"@type\":\"ListItem\",\"position\":2,\"name\":\"REGISTRO CIVIL: AMPL\u00cdAN EL HORARIO DE ATENCI\u00d3N DURANTE EL FIN DE SEMANA\"}]},{\"@type\":\"WebSite\",\"@id\":\"https:\/\/apuntesdesanluis.com\/#website\",\"url\":\"https:\/\/apuntesdesanluis.com\/\",\"name\":\"Apuntes de San Luis\",\"description\":\"\",\"publisher\":{\"@id\":\"https:\/\/apuntesdesanluis.com\/#\/schema\/person\/b55151d52296fcce64d1a72538a70b90\"},\"potentialAction\":[{\"@type\":\"SearchAction\",\"target\":{\"@type\":\"EntryPoint\",\"urlTemplate\":\"https:\/\/apuntesdesanluis.com\/?s={search_term_string}\"},\"query-input\":{\"@type\":\"PropertyValueSpecification\",\"valueRequired\":true,\"valueName\":\"search_term_string\"}}],\"inLanguage\":\"es-AR\"},{\"@type\":[\"Person\",\"Organization\"],\"@id\":\"https:\/\/apuntesdesanluis.com\/#\/schema\/person\/b55151d52296fcce64d1a72538a70b90\",\"name\":\"apuntesdesanluis.com\",\"image\":{\"@type\":\"ImageObject\",\"inLanguage\":\"es-AR\",\"@id\":\"https:\/\/apuntesdesanluis.com\/#\/schema\/person\/image\/\",\"url\":\"https:\/\/apuntesdesanluis.com\/wp-content\/uploads\/2023\/07\/cropped-apuntesdesanluis.png\",\"contentUrl\":\"https:\/\/apuntesdesanluis.com\/wp-content\/uploads\/2023\/07\/cropped-apuntesdesanluis.png\",\"width\":450,\"height\":112,\"caption\":\"apuntesdesanluis.com\"},\"logo\":{\"@id\":\"https:\/\/apuntesdesanluis.com\/#\/schema\/person\/image\/\"},\"sameAs\":[\"https:\/\/apuntesdesanluis.com\"],\"url\":\"https:\/\/apuntesdesanluis.com\/index.php\/author\/apuntesdesanluis-com\/\"}]}<\/script>\n<!-- \/ Yoast SEO plugin. -->","yoast_head_json":{"title":"REGISTRO CIVIL: AMPL\u00cdAN EL HORARIO DE ATENCI\u00d3N DURANTE EL FIN DE SEMANA - Apuntes de San Luis","robots":{"index":"index","follow":"follow","max-snippet":"max-snippet:-1","max-image-preview":"max-image-preview:large","max-video-preview":"max-video-preview:-1"},"canonical":"https:\/\/apuntesdesanluis.com\/index.php\/2023\/11\/17\/registro-civil-amplian-el-horario-de-atencion-durante-el-fin-de-semana\/","og_locale":"es_ES","og_type":"article","og_title":"REGISTRO CIVIL: AMPL\u00cdAN EL HORARIO DE ATENCI\u00d3N DURANTE EL FIN DE SEMANA - Apuntes de San Luis","og_description":"Es para las personas que a\u00fan no retiraron su DNI y para quienes necesiten hacer...","og_url":"https:\/\/apuntesdesanluis.com\/index.php\/2023\/11\/17\/registro-civil-amplian-el-horario-de-atencion-durante-el-fin-de-semana\/","og_site_name":"Apuntes de San Luis","article_published_time":"2023-11-17T03:07:42+00:00","og_image":[{"width":600,"height":378,"url":"https:\/\/apuntesdesanluis.com\/wp-content\/uploads\/2023\/11\/dni.png","type":"image\/png"}],"author":"apuntesdesanluis.com","twitter_card":"summary_large_image","twitter_misc":{"Escrito por":"apuntesdesanluis.com","Tiempo de lectura":"2 minutos"},"schema":{"@context":"https:\/\/schema.org","@graph":[{"@type":"Article","@id":"https:\/\/apuntesdesanluis.com\/index.php\/2023\/11\/17\/registro-civil-amplian-el-horario-de-atencion-durante-el-fin-de-semana\/#article","isPartOf":{"@id":"https:\/\/apuntesdesanluis.com\/index.php\/2023\/11\/17\/registro-civil-amplian-el-horario-de-atencion-durante-el-fin-de-semana\/"},"author":{"name":"apuntesdesanluis.com","@id":"https:\/\/apuntesdesanluis.com\/#\/schema\/person\/b55151d52296fcce64d1a72538a70b90"},"headline":"REGISTRO CIVIL: AMPL\u00cdAN EL HORARIO DE ATENCI\u00d3N DURANTE EL FIN DE SEMANA","datePublished":"2023-11-17T03:07:42+00:00","mainEntityOfPage":{"@id":"https:\/\/apuntesdesanluis.com\/index.php\/2023\/11\/17\/registro-civil-amplian-el-horario-de-atencion-durante-el-fin-de-semana\/"},"wordCount":260,"publisher":{"@id":"https:\/\/apuntesdesanluis.com\/#\/schema\/person\/b55151d52296fcce64d1a72538a70b90"},"image":{"@id":"https:\/\/apuntesdesanluis.com\/index.php\/2023\/11\/17\/registro-civil-amplian-el-horario-de-atencion-durante-el-fin-de-semana\/#primaryimage"},"thumbnailUrl":"https:\/\/apuntesdesanluis.com\/wp-content\/uploads\/2023\/11\/dni.png","articleSection":["Ciudad\/Provincia"],"inLanguage":"es-AR"},{"@type":"WebPage","@id":"https:\/\/apuntesdesanluis.com\/index.php\/2023\/11\/17\/registro-civil-amplian-el-horario-de-atencion-durante-el-fin-de-semana\/","url":"https:\/\/apuntesdesanluis.com\/index.php\/2023\/11\/17\/registro-civil-amplian-el-horario-de-atencion-durante-el-fin-de-semana\/","name":"REGISTRO CIVIL: AMPL\u00cdAN EL HORARIO DE ATENCI\u00d3N DURANTE EL FIN DE SEMANA - Apuntes de San Luis","isPartOf":{"@id":"https:\/\/apuntesdesanluis.com\/#website"},"primaryImageOfPage":{"@id":"https:\/\/apuntesdesanluis.com\/index.php\/2023\/11\/17\/registro-civil-amplian-el-horario-de-atencion-durante-el-fin-de-semana\/#primaryimage"},"image":{"@id":"https:\/\/apuntesdesanluis.com\/index.php\/2023\/11\/17\/registro-civil-amplian-el-horario-de-atencion-durante-el-fin-de-semana\/#primaryimage"},"thumbnailUrl":"https:\/\/apuntesdesanluis.com\/wp-content\/uploads\/2023\/11\/dni.png","datePublished":"2023-11-17T03:07:42+00:00","breadcrumb":{"@id":"https:\/\/apuntesdesanluis.com\/index.php\/2023\/11\/17\/registro-civil-amplian-el-horario-de-atencion-durante-el-fin-de-semana\/#breadcrumb"},"inLanguage":"es-AR","potentialAction":[{"@type":"ReadAction","target":["https:\/\/apuntesdesanluis.com\/index.php\/2023\/11\/17\/registro-civil-amplian-el-horario-de-atencion-durante-el-fin-de-semana\/"]}]},{"@type":"ImageObject","inLanguage":"es-AR","@id":"https:\/\/apuntesdesanluis.com\/index.php\/2023\/11\/17\/registro-civil-amplian-el-horario-de-atencion-durante-el-fin-de-semana\/#primaryimage","url":"https:\/\/apuntesdesanluis.com\/wp-content\/uploads\/2023\/11\/dni.png","contentUrl":"https:\/\/apuntesdesanluis.com\/wp-content\/uploads\/2023\/11\/dni.png","width":600,"height":378},{"@type":"BreadcrumbList","@id":"https:\/\/apuntesdesanluis.com\/index.php\/2023\/11\/17\/registro-civil-amplian-el-horario-de-atencion-durante-el-fin-de-semana\/#breadcrumb","itemListElement":[{"@type":"ListItem","position":1,"name":"Inicio","item":"https:\/\/apuntesdesanluis.com\/"},{"@type":"ListItem","position":2,"name":"REGISTRO CIVIL: AMPL\u00cdAN EL HORARIO DE ATENCI\u00d3N DURANTE EL FIN DE SEMANA"}]},{"@type":"WebSite","@id":"https:\/\/apuntesdesanluis.com\/#website","url":"https:\/\/apuntesdesanluis.com\/","name":"Apuntes de San Luis","description":"","publisher":{"@id":"https:\/\/apuntesdesanluis.com\/#\/schema\/person\/b55151d52296fcce64d1a72538a70b90"},"potentialAction":[{"@type":"SearchAction","target":{"@type":"EntryPoint","urlTemplate":"https:\/\/apuntesdesanluis.com\/?s={search_term_string}"},"query-input":{"@type":"PropertyValueSpecification","valueRequired":true,"valueName":"search_term_string"}}],"inLanguage":"es-AR"},{"@type":["Person","Organization"],"@id":"https:\/\/apuntesdesanluis.com\/#\/schema\/person\/b55151d52296fcce64d1a72538a70b90","name":"apuntesdesanluis.com","image":{"@type":"ImageObject","inLanguage":"es-AR","@id":"https:\/\/apuntesdesanluis.com\/#\/schema\/person\/image\/","url":"https:\/\/apuntesdesanluis.com\/wp-content\/uploads\/2023\/07\/cropped-apuntesdesanluis.png","contentUrl":"https:\/\/apuntesdesanluis.com\/wp-content\/uploads\/2023\/07\/cropped-apuntesdesanluis.png","width":450,"height":112,"caption":"apuntesdesanluis.com"},"logo":{"@id":"https:\/\/apuntesdesanluis.com\/#\/schema\/person\/image\/"},"sameAs":["https:\/\/apuntesdesanluis.com"],"url":"https:\/\/apuntesdesanluis.com\/index.php\/author\/apuntesdesanluis-com\/"}]}},"featured_image_urls":{"full":["https:\/\/apuntesdesanluis.com\/wp-content\/uploads\/2023\/11\/dni.png",600,378,false],"thumbnail":["https:\/\/apuntesdesanluis.com\/wp-content\/uploads\/2023\/11\/dni-150x150.png",150,150,true],"medium":["https:\/\/apuntesdesanluis.com\/wp-content\/uploads\/2023\/11\/dni-300x189.png",300,189,true],"medium_large":["https:\/\/apuntesdesanluis.com\/wp-content\/uploads\/2023\/11\/dni.png",600,378,false],"large":["https:\/\/apuntesdesanluis.com\/wp-content\/uploads\/2023\/11\/dni.png",600,378,false],"1536x1536":["https:\/\/apuntesdesanluis.com\/wp-content\/uploads\/2023\/11\/dni.png",600,378,false],"2048x2048":["https:\/\/apuntesdesanluis.com\/wp-content\/uploads\/2023\/11\/dni.png",600,378,false],"newsever-slider-full":["https:\/\/apuntesdesanluis.com\/wp-content\/uploads\/2023\/11\/dni.png",600,378,false],"newsever-featured":["https:\/\/apuntesdesanluis.com\/wp-content\/uploads\/2023\/11\/dni.png",600,378,false],"newsever-medium":["https:\/\/apuntesdesanluis.com\/wp-content\/uploads\/2023\/11\/dni.png",600,378,false]},"author_info":{"display_name":"apuntesdesanluis.com","author_link":"https:\/\/apuntesdesanluis.com\/index.php\/author\/apuntesdesanluis-com\/"},"category_info":"<a href=\"https:\/\/apuntesdesanluis.com\/index.php\/category\/ciudad-provincia\/\" rel=\"category tag\">Ciudad\/Provincia<\/a>","tag_info":"Ciudad\/Provincia","comment_count":"0","_links":{"self":[{"href":"https:\/\/apuntesdesanluis.com\/index.php\/wp-json\/wp\/v2\/posts\/6971","targetHints":{"allow":["GET"]}}],"collection":[{"href":"https:\/\/apuntesdesanluis.com\/index.php\/wp-json\/wp\/v2\/posts"}],"about":[{"href":"https:\/\/apuntesdesanluis.com\/index.php\/wp-json\/wp\/v2\/types\/post"}],"author":[{"embeddable":true,"href":"https:\/\/apuntesdesanluis.com\/index.php\/wp-json\/wp\/v2\/users\/1"}],"replies":[{"embeddable":true,"href":"https:\/\/apuntesdesanluis.com\/index.php\/wp-json\/wp\/v2\/comments?post=6971"}],"version-history":[{"count":1,"href":"https:\/\/apuntesdesanluis.com\/index.php\/wp-json\/wp\/v2\/posts\/6971\/revisions"}],"predecessor-version":[{"id":6973,"href":"https:\/\/apuntesdesanluis.com\/index.php\/wp-json\/wp\/v2\/posts\/6971\/revisions\/6973"}],"wp:featuredmedia":[{"embeddable":true,"href":"https:\/\/apuntesdesanluis.com\/index.php\/wp-json\/wp\/v2\/media\/6972"}],"wp:attachment":[{"href":"https:\/\/apuntesdesanluis.com\/index.php\/wp-json\/wp\/v2\/media?parent=6971"}],"wp:term":[{"taxonomy":"category","embeddable":true,"href":"https:\/\/apuntesdesanluis.com\/index.php\/wp-json\/wp\/v2\/categories?post=6971"},{"taxonomy":"post_tag","embeddable":true,"href":"https:\/\/apuntesdesanluis.com\/index.php\/wp-json\/wp\/v2\/tags?post=6971"}],"curies":[{"name":"wp","href":"https:\/\/api.w.org\/{rel}","templated":true}]}}