{"id":6981,"date":"2023-11-16T23:26:58","date_gmt":"2023-11-17T02:26:58","guid":{"rendered":"https:\/\/apuntesdesanluis.com\/?p=6981"},"modified":"2023-11-17T00:32:11","modified_gmt":"2023-11-17T03:32:11","slug":"milei-en-cordoba-estamos-eligiendo-entre-el-populismo-peronista-y-las-ideas-de-la-libertad","status":"publish","type":"post","link":"https:\/\/apuntesdesanluis.com\/index.php\/2023\/11\/16\/milei-en-cordoba-estamos-eligiendo-entre-el-populismo-peronista-y-las-ideas-de-la-libertad\/","title":{"rendered":"MILEI, EN C\u00d3RDOBA: &#8220;ESTAMOS ELIGIENDO ENTRE EL POPULISMO PERONISTA Y LAS IDEAS DE LA LIBERTAD&#8221;"},"content":{"rendered":"<h3>El candidato de La Libertad Avanza estuvo acompa\u00f1ado por Patricia Bullrich, que habl\u00f3 antes de su discurso.<\/h3>\n<h3>El candidato presidencial de La Libertad Avanza, Javier Milei, asegur\u00f3 que le pr\u00f3ximo domingo los argentinos elegir\u00e1n entre las ideas del &#8220;populismo peronista&#8221; y las de &#8220;la libertad&#8221;. Lo dijo durante su cierre de campa\u00f1a en la ciudad de C\u00f3rdoba.<\/h3>\n<h3>&#8220;Lo que estamos eligiendo es si queremos la tiran\u00eda de las mayor\u00edas, el populismo peronista, o queremos volver a abrazar las ideas de la libertad de (Juan Bautista) Alberdi&#8221;, lanz\u00f3 el aspirante a la Presidencia de la Naci\u00f3n en un marco colmado de militantes libertarios.<\/h3>\n<h3>En esa l\u00ednea discursiva, Milei volvi\u00f3 a repetir fragmentos de los dos cierres de campa\u00f1a anteriores evocando a la historia: &#8220;Es importante que tengamos consciencia de que nos enfrentamos a la elecci\u00f3n m\u00e1s importante de los \u00faltimos 40 a\u00f1os y, muy especialmente, a la m\u00e1s importante de los \u00faltimos 100 a\u00f1os&#8221;.<\/h3>\n<h3>&#8220;De haber entrado en el siglo XX siendo el pa\u00eds m\u00e1s rico del mundo, hoy somos el 130 y en decadencia. Tenemos 45% de pobres; 10% de indigentes; la inflaci\u00f3n viajando en 300%. \u00bfDe qu\u00e9 miedo me hablan? \u00bfDe qu\u00e9 salto es vac\u00edo? Si nos estamos yendo al mism\u00edsimo infierno&#8221;, enfatiz\u00f3 Milei ante un p\u00fablico en\u00e9rgico.<\/h3>\n<h3>Milei le pidi\u00f3 a sus seguidores que el domingo den &#8220;vuelta la historia&#8221; para iniciar &#8220;el camino de la reconstrucci\u00f3n Argentina&#8221;: &#8220;No tengan dudas que se puede. Es la primera vez en la historia que el 54% de los argentinos eligieron una opci\u00f3n de cambio liberal&#8221;.<\/h3>\n<h3>Al respecto, alent\u00f3 a los cordobeses que lo acompa\u00f1aron desde temprano en las calles c\u00e9ntricas de la capital: &#8220;\u00a1Tengo seguridad que ustedes los cordobeses nos van a acompa\u00f1ar para ir por el 60%!&#8221;.<\/h3>\n<h3>&#8220;El cambio siempre entra\u00f1a riesgo. Quiero pedirles que este domingo el miedo no le gane a la esperanza, que sea la esperanza la triunfadora&#8221;, continu\u00f3 el economista y diputado nacional, que estuvo acompa\u00f1ado por su compa\u00f1era de f\u00f3rmula, Victoria Villarruel.<\/h3>\n<h3>El libertario inst\u00f3 a su electorado a que no se dejen ganar por el miedo y tendi\u00f3 puentes con los indecisos: &#8220;No se dejen ganar por el miedo porque el miedo paraliza; y si se paraliza, gana la maldita casta pol\u00edtica. No dejemos que nos roben la vida \u00a1Vamos y demos vuelta las urnas!&#8221;.<\/h3>\n<h3>Para finalizar, Milei le tir\u00f3 flores a Patricia Bullrich, que lo acompa\u00f1\u00f3 en el acto y pronunci\u00f3 un breve discurso, y al ex presidente Mauricio Macri: &#8220;Es importante el trabajo que hagan los fiscales que responden a Bullrich y Macri porque son los que van a cuidar los votos porque los votos se dan y les vamos a ganar este domingo&#8221;.<\/h3>\n<h3>Adem\u00e1s de Bullrich y Villarruel, estuvieron presentes en el escenario su hermana, Karina Milei; el legislador porte\u00f1o y ex candidato a jefe de Gobierno, Ramiro Marra; el diputado electo riojano, Mart\u00edn Menem; entre otros diputados.<\/h3>\n<h3>El pr\u00f3ximo domingo, Milei se cruzar\u00e1 en el mano a mano final contra Sergio Massa. El economista viene de cosechar 30 puntos en las elecciones primarias del pasado 22 de octubre. Los \u00faltimos sondeos de opini\u00f3n p\u00fablica marcan un escenario de paridad entre ambos.<\/h3>\n<h3>EL DISCURSO DE PATRICIA BULLRICH<\/h3>\n<h3>La ex ministra de Seguridad Patricia Bullrich apareci\u00f3 de sorpresa en el acto de cierre de Milei y llam\u00f3 a sus votantes a acompa\u00f1ar al libertario en el balotaje.<\/h3>\n<h3>En un breve mensaje, Bullrich le habl\u00f3 a los &#8220;6 millones de ciudadanos&#8221; que la acompa\u00f1aron a que &#8220;con el coraz\u00f3n, el alma y el cerebro piensen un minuto en seguir viviendo en esta Argentina de las mafias, de los pobres, donde los funcionarios tienen todo y el pueblo no tienen nada&#8221;.<\/h3>\n<h3>&#8220;Quiero agradecer a Javier por esta posibilidad. Quiero hablarle a los 6.400.000 ciudadanos que, junto a ustedes, votaron por el cambio en Argentina&#8221;, dijo la ex candidata de Juntos por el Cambio.<\/h3>\n<h3>&#8220;Por eso le quiero pedir a todos los ciudadanos que me acompa\u00f1aron, que eligieron una opci\u00f3n de cambio, que esa continuidad se tiene que terminar el 19, el domingo, tenemos que apoyar el cambio, el cambio que implique que los ciudadanos son m\u00e1s importantes que las estructuras burocr\u00e1ticas del Estado. Que no van a estar m\u00e1s debajo de los Massa que los aplaste&#8221;, resalt\u00f3 la ex funcionaria.<\/h3>\n<h3>Y expres\u00f3: &#8220;He decidido, junto a muchos, muchos y muchos ciudadanos, decirle a Javier: te toc\u00f3 el turno, fuiste el que ganaste la opci\u00f3n de cambio, y con patriotismo te acompa\u00f1amos para que seas el pr\u00f3ximo presidente&#8221;.<\/h3>\n<h3>Bullrich, que est\u00e1 trabajando activamente en la fiscalizaci\u00f3n de Milei de cara al domingo, habl\u00f3 antes que el libertario y dej\u00f3 la foto pol\u00edtica de la jornada de cierre en C\u00f3rdoba. Javier, te toc\u00f3 el turno del cambio, con patriotismo te acompa\u00f1amos&#8221;.<\/h3>\n<p>&nbsp;<\/p>\n<p>&nbsp;<\/p>\n<p>&nbsp;<\/p>\n<p>&nbsp;<\/p>\n<p>&nbsp;<\/p>\n<p>&nbsp;<\/p>\n","protected":false},"excerpt":{"rendered":"<p>El candidato de La Libertad Avanza estuvo acompa\u00f1ado por Patricia Bullrich, que habl\u00f3 antes de&#8230;<\/p>\n","protected":false},"author":1,"featured_media":6982,"comment_status":"closed","ping_status":"closed","sticky":false,"template":"","format":"standard","meta":{"footnotes":""},"categories":[5],"tags":[],"class_list":["post-6981","post","type-post","status-publish","format-standard","has-post-thumbnail","hentry","category-nacionales-internacionales"],"yoast_head":"<!-- This site is optimized with the Yoast SEO plugin v26.1.1 - https:\/\/yoast.com\/wordpress\/plugins\/seo\/ -->\n<title>MILEI, EN C\u00d3RDOBA: &quot;ESTAMOS ELIGIENDO ENTRE EL POPULISMO PERONISTA Y LAS IDEAS DE LA LIBERTAD&quot; - Apuntes de San Luis<\/title>\n<meta name=\"robots\" content=\"index, follow, max-snippet:-1, max-image-preview:large, max-video-preview:-1\" \/>\n<link rel=\"canonical\" href=\"https:\/\/apuntesdesanluis.com\/index.php\/2023\/11\/16\/milei-en-cordoba-estamos-eligiendo-entre-el-populismo-peronista-y-las-ideas-de-la-libertad\/\" \/>\n<meta property=\"og:locale\" content=\"es_ES\" \/>\n<meta property=\"og:type\" content=\"article\" \/>\n<meta property=\"og:title\" content=\"MILEI, EN C\u00d3RDOBA: &quot;ESTAMOS ELIGIENDO ENTRE EL POPULISMO PERONISTA Y LAS IDEAS DE LA LIBERTAD&quot; - Apuntes de San Luis\" \/>\n<meta property=\"og:description\" content=\"El candidato de La Libertad Avanza estuvo acompa\u00f1ado por Patricia Bullrich, que habl\u00f3 antes de...\" \/>\n<meta property=\"og:url\" content=\"https:\/\/apuntesdesanluis.com\/index.php\/2023\/11\/16\/milei-en-cordoba-estamos-eligiendo-entre-el-populismo-peronista-y-las-ideas-de-la-libertad\/\" \/>\n<meta property=\"og:site_name\" content=\"Apuntes de San Luis\" \/>\n<meta property=\"article:published_time\" content=\"2023-11-17T02:26:58+00:00\" \/>\n<meta property=\"article:modified_time\" content=\"2023-11-17T03:32:11+00:00\" \/>\n<meta property=\"og:image\" content=\"https:\/\/apuntesdesanluis.com\/wp-content\/uploads\/2023\/11\/milei-5.png\" \/>\n\t<meta property=\"og:image:width\" content=\"810\" \/>\n\t<meta property=\"og:image:height\" content=\"484\" \/>\n\t<meta property=\"og:image:type\" content=\"image\/png\" \/>\n<meta name=\"author\" content=\"apuntesdesanluis.com\" \/>\n<meta name=\"twitter:card\" content=\"summary_large_image\" \/>\n<meta name=\"twitter:label1\" content=\"Escrito por\" \/>\n\t<meta name=\"twitter:data1\" content=\"apuntesdesanluis.com\" \/>\n\t<meta name=\"twitter:label2\" content=\"Tiempo de lectura\" \/>\n\t<meta name=\"twitter:data2\" content=\"4 minutos\" \/>\n<script type=\"application\/ld+json\" class=\"yoast-schema-graph\">{\"@context\":\"https:\/\/schema.org\",\"@graph\":[{\"@type\":\"Article\",\"@id\":\"https:\/\/apuntesdesanluis.com\/index.php\/2023\/11\/16\/milei-en-cordoba-estamos-eligiendo-entre-el-populismo-peronista-y-las-ideas-de-la-libertad\/#article\",\"isPartOf\":{\"@id\":\"https:\/\/apuntesdesanluis.com\/index.php\/2023\/11\/16\/milei-en-cordoba-estamos-eligiendo-entre-el-populismo-peronista-y-las-ideas-de-la-libertad\/\"},\"author\":{\"name\":\"apuntesdesanluis.com\",\"@id\":\"https:\/\/apuntesdesanluis.com\/#\/schema\/person\/b55151d52296fcce64d1a72538a70b90\"},\"headline\":\"MILEI, EN C\u00d3RDOBA: &#8220;ESTAMOS ELIGIENDO ENTRE EL POPULISMO PERONISTA Y LAS IDEAS DE LA LIBERTAD&#8221;\",\"datePublished\":\"2023-11-17T02:26:58+00:00\",\"dateModified\":\"2023-11-17T03:32:11+00:00\",\"mainEntityOfPage\":{\"@id\":\"https:\/\/apuntesdesanluis.com\/index.php\/2023\/11\/16\/milei-en-cordoba-estamos-eligiendo-entre-el-populismo-peronista-y-las-ideas-de-la-libertad\/\"},\"wordCount\":848,\"publisher\":{\"@id\":\"https:\/\/apuntesdesanluis.com\/#\/schema\/person\/b55151d52296fcce64d1a72538a70b90\"},\"image\":{\"@id\":\"https:\/\/apuntesdesanluis.com\/index.php\/2023\/11\/16\/milei-en-cordoba-estamos-eligiendo-entre-el-populismo-peronista-y-las-ideas-de-la-libertad\/#primaryimage\"},\"thumbnailUrl\":\"https:\/\/apuntesdesanluis.com\/wp-content\/uploads\/2023\/11\/milei-5.png\",\"articleSection\":[\"Nacionales\/Internacionales\"],\"inLanguage\":\"es-AR\"},{\"@type\":\"WebPage\",\"@id\":\"https:\/\/apuntesdesanluis.com\/index.php\/2023\/11\/16\/milei-en-cordoba-estamos-eligiendo-entre-el-populismo-peronista-y-las-ideas-de-la-libertad\/\",\"url\":\"https:\/\/apuntesdesanluis.com\/index.php\/2023\/11\/16\/milei-en-cordoba-estamos-eligiendo-entre-el-populismo-peronista-y-las-ideas-de-la-libertad\/\",\"name\":\"MILEI, EN C\u00d3RDOBA: \\\"ESTAMOS ELIGIENDO ENTRE EL POPULISMO PERONISTA Y LAS IDEAS DE LA LIBERTAD\\\" - Apuntes de San Luis\",\"isPartOf\":{\"@id\":\"https:\/\/apuntesdesanluis.com\/#website\"},\"primaryImageOfPage\":{\"@id\":\"https:\/\/apuntesdesanluis.com\/index.php\/2023\/11\/16\/milei-en-cordoba-estamos-eligiendo-entre-el-populismo-peronista-y-las-ideas-de-la-libertad\/#primaryimage\"},\"image\":{\"@id\":\"https:\/\/apuntesdesanluis.com\/index.php\/2023\/11\/16\/milei-en-cordoba-estamos-eligiendo-entre-el-populismo-peronista-y-las-ideas-de-la-libertad\/#primaryimage\"},\"thumbnailUrl\":\"https:\/\/apuntesdesanluis.com\/wp-content\/uploads\/2023\/11\/milei-5.png\",\"datePublished\":\"2023-11-17T02:26:58+00:00\",\"dateModified\":\"2023-11-17T03:32:11+00:00\",\"breadcrumb\":{\"@id\":\"https:\/\/apuntesdesanluis.com\/index.php\/2023\/11\/16\/milei-en-cordoba-estamos-eligiendo-entre-el-populismo-peronista-y-las-ideas-de-la-libertad\/#breadcrumb\"},\"inLanguage\":\"es-AR\",\"potentialAction\":[{\"@type\":\"ReadAction\",\"target\":[\"https:\/\/apuntesdesanluis.com\/index.php\/2023\/11\/16\/milei-en-cordoba-estamos-eligiendo-entre-el-populismo-peronista-y-las-ideas-de-la-libertad\/\"]}]},{\"@type\":\"ImageObject\",\"inLanguage\":\"es-AR\",\"@id\":\"https:\/\/apuntesdesanluis.com\/index.php\/2023\/11\/16\/milei-en-cordoba-estamos-eligiendo-entre-el-populismo-peronista-y-las-ideas-de-la-libertad\/#primaryimage\",\"url\":\"https:\/\/apuntesdesanluis.com\/wp-content\/uploads\/2023\/11\/milei-5.png\",\"contentUrl\":\"https:\/\/apuntesdesanluis.com\/wp-content\/uploads\/2023\/11\/milei-5.png\",\"width\":810,\"height\":484},{\"@type\":\"BreadcrumbList\",\"@id\":\"https:\/\/apuntesdesanluis.com\/index.php\/2023\/11\/16\/milei-en-cordoba-estamos-eligiendo-entre-el-populismo-peronista-y-las-ideas-de-la-libertad\/#breadcrumb\",\"itemListElement\":[{\"@type\":\"ListItem\",\"position\":1,\"name\":\"Inicio\",\"item\":\"https:\/\/apuntesdesanluis.com\/\"},{\"@type\":\"ListItem\",\"position\":2,\"name\":\"MILEI, EN C\u00d3RDOBA: &#8220;ESTAMOS ELIGIENDO ENTRE EL POPULISMO PERONISTA Y LAS IDEAS DE LA LIBERTAD&#8221;\"}]},{\"@type\":\"WebSite\",\"@id\":\"https:\/\/apuntesdesanluis.com\/#website\",\"url\":\"https:\/\/apuntesdesanluis.com\/\",\"name\":\"Apuntes de San Luis\",\"description\":\"\",\"publisher\":{\"@id\":\"https:\/\/apuntesdesanluis.com\/#\/schema\/person\/b55151d52296fcce64d1a72538a70b90\"},\"potentialAction\":[{\"@type\":\"SearchAction\",\"target\":{\"@type\":\"EntryPoint\",\"urlTemplate\":\"https:\/\/apuntesdesanluis.com\/?s={search_term_string}\"},\"query-input\":{\"@type\":\"PropertyValueSpecification\",\"valueRequired\":true,\"valueName\":\"search_term_string\"}}],\"inLanguage\":\"es-AR\"},{\"@type\":[\"Person\",\"Organization\"],\"@id\":\"https:\/\/apuntesdesanluis.com\/#\/schema\/person\/b55151d52296fcce64d1a72538a70b90\",\"name\":\"apuntesdesanluis.com\",\"image\":{\"@type\":\"ImageObject\",\"inLanguage\":\"es-AR\",\"@id\":\"https:\/\/apuntesdesanluis.com\/#\/schema\/person\/image\/\",\"url\":\"https:\/\/apuntesdesanluis.com\/wp-content\/uploads\/2023\/07\/cropped-apuntesdesanluis.png\",\"contentUrl\":\"https:\/\/apuntesdesanluis.com\/wp-content\/uploads\/2023\/07\/cropped-apuntesdesanluis.png\",\"width\":450,\"height\":112,\"caption\":\"apuntesdesanluis.com\"},\"logo\":{\"@id\":\"https:\/\/apuntesdesanluis.com\/#\/schema\/person\/image\/\"},\"sameAs\":[\"https:\/\/apuntesdesanluis.com\"],\"url\":\"https:\/\/apuntesdesanluis.com\/index.php\/author\/apuntesdesanluis-com\/\"}]}<\/script>\n<!-- \/ Yoast SEO plugin. -->","yoast_head_json":{"title":"MILEI, EN C\u00d3RDOBA: \"ESTAMOS ELIGIENDO ENTRE EL POPULISMO PERONISTA Y LAS IDEAS DE LA LIBERTAD\" - Apuntes de San Luis","robots":{"index":"index","follow":"follow","max-snippet":"max-snippet:-1","max-image-preview":"max-image-preview:large","max-video-preview":"max-video-preview:-1"},"canonical":"https:\/\/apuntesdesanluis.com\/index.php\/2023\/11\/16\/milei-en-cordoba-estamos-eligiendo-entre-el-populismo-peronista-y-las-ideas-de-la-libertad\/","og_locale":"es_ES","og_type":"article","og_title":"MILEI, EN C\u00d3RDOBA: \"ESTAMOS ELIGIENDO ENTRE EL POPULISMO PERONISTA Y LAS IDEAS DE LA LIBERTAD\" - Apuntes de San Luis","og_description":"El candidato de La Libertad Avanza estuvo acompa\u00f1ado por Patricia Bullrich, que habl\u00f3 antes de...","og_url":"https:\/\/apuntesdesanluis.com\/index.php\/2023\/11\/16\/milei-en-cordoba-estamos-eligiendo-entre-el-populismo-peronista-y-las-ideas-de-la-libertad\/","og_site_name":"Apuntes de San Luis","article_published_time":"2023-11-17T02:26:58+00:00","article_modified_time":"2023-11-17T03:32:11+00:00","og_image":[{"width":810,"height":484,"url":"https:\/\/apuntesdesanluis.com\/wp-content\/uploads\/2023\/11\/milei-5.png","type":"image\/png"}],"author":"apuntesdesanluis.com","twitter_card":"summary_large_image","twitter_misc":{"Escrito por":"apuntesdesanluis.com","Tiempo de lectura":"4 minutos"},"schema":{"@context":"https:\/\/schema.org","@graph":[{"@type":"Article","@id":"https:\/\/apuntesdesanluis.com\/index.php\/2023\/11\/16\/milei-en-cordoba-estamos-eligiendo-entre-el-populismo-peronista-y-las-ideas-de-la-libertad\/#article","isPartOf":{"@id":"https:\/\/apuntesdesanluis.com\/index.php\/2023\/11\/16\/milei-en-cordoba-estamos-eligiendo-entre-el-populismo-peronista-y-las-ideas-de-la-libertad\/"},"author":{"name":"apuntesdesanluis.com","@id":"https:\/\/apuntesdesanluis.com\/#\/schema\/person\/b55151d52296fcce64d1a72538a70b90"},"headline":"MILEI, EN C\u00d3RDOBA: &#8220;ESTAMOS ELIGIENDO ENTRE EL POPULISMO PERONISTA Y LAS IDEAS DE LA LIBERTAD&#8221;","datePublished":"2023-11-17T02:26:58+00:00","dateModified":"2023-11-17T03:32:11+00:00","mainEntityOfPage":{"@id":"https:\/\/apuntesdesanluis.com\/index.php\/2023\/11\/16\/milei-en-cordoba-estamos-eligiendo-entre-el-populismo-peronista-y-las-ideas-de-la-libertad\/"},"wordCount":848,"publisher":{"@id":"https:\/\/apuntesdesanluis.com\/#\/schema\/person\/b55151d52296fcce64d1a72538a70b90"},"image":{"@id":"https:\/\/apuntesdesanluis.com\/index.php\/2023\/11\/16\/milei-en-cordoba-estamos-eligiendo-entre-el-populismo-peronista-y-las-ideas-de-la-libertad\/#primaryimage"},"thumbnailUrl":"https:\/\/apuntesdesanluis.com\/wp-content\/uploads\/2023\/11\/milei-5.png","articleSection":["Nacionales\/Internacionales"],"inLanguage":"es-AR"},{"@type":"WebPage","@id":"https:\/\/apuntesdesanluis.com\/index.php\/2023\/11\/16\/milei-en-cordoba-estamos-eligiendo-entre-el-populismo-peronista-y-las-ideas-de-la-libertad\/","url":"https:\/\/apuntesdesanluis.com\/index.php\/2023\/11\/16\/milei-en-cordoba-estamos-eligiendo-entre-el-populismo-peronista-y-las-ideas-de-la-libertad\/","name":"MILEI, EN C\u00d3RDOBA: \"ESTAMOS ELIGIENDO ENTRE EL POPULISMO PERONISTA Y LAS IDEAS DE LA LIBERTAD\" - Apuntes de San Luis","isPartOf":{"@id":"https:\/\/apuntesdesanluis.com\/#website"},"primaryImageOfPage":{"@id":"https:\/\/apuntesdesanluis.com\/index.php\/2023\/11\/16\/milei-en-cordoba-estamos-eligiendo-entre-el-populismo-peronista-y-las-ideas-de-la-libertad\/#primaryimage"},"image":{"@id":"https:\/\/apuntesdesanluis.com\/index.php\/2023\/11\/16\/milei-en-cordoba-estamos-eligiendo-entre-el-populismo-peronista-y-las-ideas-de-la-libertad\/#primaryimage"},"thumbnailUrl":"https:\/\/apuntesdesanluis.com\/wp-content\/uploads\/2023\/11\/milei-5.png","datePublished":"2023-11-17T02:26:58+00:00","dateModified":"2023-11-17T03:32:11+00:00","breadcrumb":{"@id":"https:\/\/apuntesdesanluis.com\/index.php\/2023\/11\/16\/milei-en-cordoba-estamos-eligiendo-entre-el-populismo-peronista-y-las-ideas-de-la-libertad\/#breadcrumb"},"inLanguage":"es-AR","potentialAction":[{"@type":"ReadAction","target":["https:\/\/apuntesdesanluis.com\/index.php\/2023\/11\/16\/milei-en-cordoba-estamos-eligiendo-entre-el-populismo-peronista-y-las-ideas-de-la-libertad\/"]}]},{"@type":"ImageObject","inLanguage":"es-AR","@id":"https:\/\/apuntesdesanluis.com\/index.php\/2023\/11\/16\/milei-en-cordoba-estamos-eligiendo-entre-el-populismo-peronista-y-las-ideas-de-la-libertad\/#primaryimage","url":"https:\/\/apuntesdesanluis.com\/wp-content\/uploads\/2023\/11\/milei-5.png","contentUrl":"https:\/\/apuntesdesanluis.com\/wp-content\/uploads\/2023\/11\/milei-5.png","width":810,"height":484},{"@type":"BreadcrumbList","@id":"https:\/\/apuntesdesanluis.com\/index.php\/2023\/11\/16\/milei-en-cordoba-estamos-eligiendo-entre-el-populismo-peronista-y-las-ideas-de-la-libertad\/#breadcrumb","itemListElement":[{"@type":"ListItem","position":1,"name":"Inicio","item":"https:\/\/apuntesdesanluis.com\/"},{"@type":"ListItem","position":2,"name":"MILEI, EN C\u00d3RDOBA: &#8220;ESTAMOS ELIGIENDO ENTRE EL POPULISMO PERONISTA Y LAS IDEAS DE LA LIBERTAD&#8221;"}]},{"@type":"WebSite","@id":"https:\/\/apuntesdesanluis.com\/#website","url":"https:\/\/apuntesdesanluis.com\/","name":"Apuntes de San Luis","description":"","publisher":{"@id":"https:\/\/apuntesdesanluis.com\/#\/schema\/person\/b55151d52296fcce64d1a72538a70b90"},"potentialAction":[{"@type":"SearchAction","target":{"@type":"EntryPoint","urlTemplate":"https:\/\/apuntesdesanluis.com\/?s={search_term_string}"},"query-input":{"@type":"PropertyValueSpecification","valueRequired":true,"valueName":"search_term_string"}}],"inLanguage":"es-AR"},{"@type":["Person","Organization"],"@id":"https:\/\/apuntesdesanluis.com\/#\/schema\/person\/b55151d52296fcce64d1a72538a70b90","name":"apuntesdesanluis.com","image":{"@type":"ImageObject","inLanguage":"es-AR","@id":"https:\/\/apuntesdesanluis.com\/#\/schema\/person\/image\/","url":"https:\/\/apuntesdesanluis.com\/wp-content\/uploads\/2023\/07\/cropped-apuntesdesanluis.png","contentUrl":"https:\/\/apuntesdesanluis.com\/wp-content\/uploads\/2023\/07\/cropped-apuntesdesanluis.png","width":450,"height":112,"caption":"apuntesdesanluis.com"},"logo":{"@id":"https:\/\/apuntesdesanluis.com\/#\/schema\/person\/image\/"},"sameAs":["https:\/\/apuntesdesanluis.com"],"url":"https:\/\/apuntesdesanluis.com\/index.php\/author\/apuntesdesanluis-com\/"}]}},"featured_image_urls":{"full":["https:\/\/apuntesdesanluis.com\/wp-content\/uploads\/2023\/11\/milei-5.png",810,484,false],"thumbnail":["https:\/\/apuntesdesanluis.com\/wp-content\/uploads\/2023\/11\/milei-5-150x150.png",150,150,true],"medium":["https:\/\/apuntesdesanluis.com\/wp-content\/uploads\/2023\/11\/milei-5-300x179.png",300,179,true],"medium_large":["https:\/\/apuntesdesanluis.com\/wp-content\/uploads\/2023\/11\/milei-5-768x459.png",640,383,true],"large":["https:\/\/apuntesdesanluis.com\/wp-content\/uploads\/2023\/11\/milei-5.png",640,382,false],"1536x1536":["https:\/\/apuntesdesanluis.com\/wp-content\/uploads\/2023\/11\/milei-5.png",810,484,false],"2048x2048":["https:\/\/apuntesdesanluis.com\/wp-content\/uploads\/2023\/11\/milei-5.png",810,484,false],"newsever-slider-full":["https:\/\/apuntesdesanluis.com\/wp-content\/uploads\/2023\/11\/milei-5.png",810,484,false],"newsever-featured":["https:\/\/apuntesdesanluis.com\/wp-content\/uploads\/2023\/11\/milei-5.png",810,484,false],"newsever-medium":["https:\/\/apuntesdesanluis.com\/wp-content\/uploads\/2023\/11\/milei-5-720x475.png",720,475,true]},"author_info":{"display_name":"apuntesdesanluis.com","author_link":"https:\/\/apuntesdesanluis.com\/index.php\/author\/apuntesdesanluis-com\/"},"category_info":"<a href=\"https:\/\/apuntesdesanluis.com\/index.php\/category\/nacionales-internacionales\/\" rel=\"category tag\">Nacionales\/Internacionales<\/a>","tag_info":"Nacionales\/Internacionales","comment_count":"0","_links":{"self":[{"href":"https:\/\/apuntesdesanluis.com\/index.php\/wp-json\/wp\/v2\/posts\/6981","targetHints":{"allow":["GET"]}}],"collection":[{"href":"https:\/\/apuntesdesanluis.com\/index.php\/wp-json\/wp\/v2\/posts"}],"about":[{"href":"https:\/\/apuntesdesanluis.com\/index.php\/wp-json\/wp\/v2\/types\/post"}],"author":[{"embeddable":true,"href":"https:\/\/apuntesdesanluis.com\/index.php\/wp-json\/wp\/v2\/users\/1"}],"replies":[{"embeddable":true,"href":"https:\/\/apuntesdesanluis.com\/index.php\/wp-json\/wp\/v2\/comments?post=6981"}],"version-history":[{"count":1,"href":"https:\/\/apuntesdesanluis.com\/index.php\/wp-json\/wp\/v2\/posts\/6981\/revisions"}],"predecessor-version":[{"id":6983,"href":"https:\/\/apuntesdesanluis.com\/index.php\/wp-json\/wp\/v2\/posts\/6981\/revisions\/6983"}],"wp:featuredmedia":[{"embeddable":true,"href":"https:\/\/apuntesdesanluis.com\/index.php\/wp-json\/wp\/v2\/media\/6982"}],"wp:attachment":[{"href":"https:\/\/apuntesdesanluis.com\/index.php\/wp-json\/wp\/v2\/media?parent=6981"}],"wp:term":[{"taxonomy":"category","embeddable":true,"href":"https:\/\/apuntesdesanluis.com\/index.php\/wp-json\/wp\/v2\/categories?post=6981"},{"taxonomy":"post_tag","embeddable":true,"href":"https:\/\/apuntesdesanluis.com\/index.php\/wp-json\/wp\/v2\/tags?post=6981"}],"curies":[{"name":"wp","href":"https:\/\/api.w.org\/{rel}","templated":true}]}}