{"id":7031,"date":"2023-11-19T20:41:42","date_gmt":"2023-11-19T23:41:42","guid":{"rendered":"https:\/\/apuntesdesanluis.com\/?p=7031"},"modified":"2023-11-19T20:43:14","modified_gmt":"2023-11-19T23:43:14","slug":"sergio-massa-reconocio-la-derrota-y-felicito-a-javier-milei","status":"publish","type":"post","link":"https:\/\/apuntesdesanluis.com\/index.php\/2023\/11\/19\/sergio-massa-reconocio-la-derrota-y-felicito-a-javier-milei\/","title":{"rendered":"SERGIO MASSA RECONOCI\u00d3 LA DERROTA Y FELICIT\u00d3 A JAVIER MILEI"},"content":{"rendered":"<h3>El ministro de Econom\u00eda y aspirante presidencial de Uni\u00f3n por la Patria, Sergio Massa, reconoci\u00f3 la derrota y felicit\u00f3 al libertario Javier Milei al que calific\u00f3 como el &#8220;presidente de los pr\u00f3ximos cuatro a\u00f1os&#8221;.<\/h3>\n<h3>Lo hizo desde el b\u00fanker ubicado en el Complejo C, previo a la publicaci\u00f3n de los resultados electorales, desde donde revel\u00f3 que junto al presidente Alberto Fern\u00e1ndez trabajar\u00e1n desde ma\u00f1ana en la transici\u00f3n democr\u00e1tica.<\/h3>\n<h3>\u201cLe hemos adem\u00e1s planteado a presidente electo y al presidente de la Naci\u00f3n la responsabilidad de ma\u00f1ana mismo poner en marcha mecanismos de enlace y transici\u00f3n de recambio democr\u00e1tico para que los argentinos en los pr\u00f3ximos 19 d\u00edas no tengan ni dudas ni incertidumbres respecto del normal funcionamiento econ\u00f3mico, social, pol\u00edtico e institucional\u201d, explic\u00f3.<\/h3>\n<p><iframe title=\"MASSA RECONOCI\u00d3 la DERROTA: &quot;MILEI ES EL NUEVO PRESIDENTE&quot; - Telefe Noticias\" width=\"640\" height=\"360\" src=\"https:\/\/www.youtube.com\/embed\/WvwSuMymdKU?feature=oembed\" frameborder=\"0\" allow=\"accelerometer; autoplay; clipboard-write; encrypted-media; gyroscope; picture-in-picture; web-share\" referrerpolicy=\"strict-origin-when-cross-origin\" allowfullscreen><\/iframe><\/p>\n<h3>&#8220;Quiero decirles que obviamente los resultados no son los que esper\u00e1bamos y me he comunicado con Javier Milei para felicitarlo y desearle suerte porque es el presidente que la mayor\u00eda de los argentinos eligi\u00f3&#8221;, sostuvo el funcionario pasada las 20, y complet\u00f3: \u201cLo hice convencido de que lo m\u00e1s importante que le tenemos que dejar a los argentinos esta noche es el mensaje de que la convivencia, el di\u00e1logo y el respeto por la paz, frente a tanta violencia y descalificaci\u00f3n, es el mejor camino que podemos recorrer\u201d.<\/h3>\n<h3>El titular del Palacio de Hacienda reconoci\u00f3 adem\u00e1s que &#8220;termina una etapa&#8221; en su vida pol\u00edtica.<\/h3>\n<h3>\u201cHab\u00eda dos caminos. Claramente nosotros elegimos el camino de la defensa del sistema de seguridad en manos del Estado. Elegimos promover y defender a lo largo de la campa\u00f1a el camino de la defensa de la educaci\u00f3n y la salud p\u00fablica como valores centrales&#8221;, afirm\u00f3.<\/h3>\n<h3>En la misma l\u00ednea, precis\u00f3: &#8220;Elegimos defender a la industria nacional, al trabajo argentino, a nuestras pymes, a los trabajadores con derechos, porque sentimos que es la mejor forma de construir prosperidad, movilidad social ascendente y progreso para nuestra Naci\u00f3n\u201d.<\/h3>\n<p>&nbsp;<\/p>\n","protected":false},"excerpt":{"rendered":"<p>El ministro de Econom\u00eda y aspirante presidencial de Uni\u00f3n por la Patria, Sergio Massa, reconoci\u00f3&#8230;<\/p>\n","protected":false},"author":1,"featured_media":7032,"comment_status":"closed","ping_status":"closed","sticky":false,"template":"","format":"standard","meta":{"footnotes":""},"categories":[5],"tags":[],"class_list":["post-7031","post","type-post","status-publish","format-standard","has-post-thumbnail","hentry","category-nacionales-internacionales"],"yoast_head":"<!-- This site is optimized with the Yoast SEO plugin v26.1.1 - https:\/\/yoast.com\/wordpress\/plugins\/seo\/ -->\n<title>SERGIO MASSA RECONOCI\u00d3 LA DERROTA Y FELICIT\u00d3 A JAVIER MILEI - Apuntes de San Luis<\/title>\n<meta name=\"robots\" content=\"index, follow, max-snippet:-1, max-image-preview:large, max-video-preview:-1\" \/>\n<link rel=\"canonical\" href=\"https:\/\/apuntesdesanluis.com\/index.php\/2023\/11\/19\/sergio-massa-reconocio-la-derrota-y-felicito-a-javier-milei\/\" \/>\n<meta property=\"og:locale\" content=\"es_ES\" \/>\n<meta property=\"og:type\" content=\"article\" \/>\n<meta property=\"og:title\" content=\"SERGIO MASSA RECONOCI\u00d3 LA DERROTA Y FELICIT\u00d3 A JAVIER MILEI - Apuntes de San Luis\" \/>\n<meta property=\"og:description\" content=\"El ministro de Econom\u00eda y aspirante presidencial de Uni\u00f3n por la Patria, Sergio Massa, reconoci\u00f3...\" \/>\n<meta property=\"og:url\" content=\"https:\/\/apuntesdesanluis.com\/index.php\/2023\/11\/19\/sergio-massa-reconocio-la-derrota-y-felicito-a-javier-milei\/\" \/>\n<meta property=\"og:site_name\" content=\"Apuntes de San Luis\" \/>\n<meta property=\"article:published_time\" content=\"2023-11-19T23:41:42+00:00\" \/>\n<meta property=\"article:modified_time\" content=\"2023-11-19T23:43:14+00:00\" \/>\n<meta property=\"og:image\" content=\"https:\/\/apuntesdesanluis.com\/wp-content\/uploads\/2023\/11\/massa-5.png\" \/>\n\t<meta property=\"og:image:width\" content=\"600\" \/>\n\t<meta property=\"og:image:height\" content=\"333\" \/>\n\t<meta property=\"og:image:type\" content=\"image\/png\" \/>\n<meta name=\"author\" content=\"apuntesdesanluis.com\" \/>\n<meta name=\"twitter:card\" content=\"summary_large_image\" \/>\n<meta name=\"twitter:label1\" content=\"Escrito por\" \/>\n\t<meta name=\"twitter:data1\" content=\"apuntesdesanluis.com\" \/>\n\t<meta name=\"twitter:label2\" content=\"Tiempo de lectura\" \/>\n\t<meta name=\"twitter:data2\" content=\"2 minutos\" \/>\n<script type=\"application\/ld+json\" class=\"yoast-schema-graph\">{\"@context\":\"https:\/\/schema.org\",\"@graph\":[{\"@type\":\"Article\",\"@id\":\"https:\/\/apuntesdesanluis.com\/index.php\/2023\/11\/19\/sergio-massa-reconocio-la-derrota-y-felicito-a-javier-milei\/#article\",\"isPartOf\":{\"@id\":\"https:\/\/apuntesdesanluis.com\/index.php\/2023\/11\/19\/sergio-massa-reconocio-la-derrota-y-felicito-a-javier-milei\/\"},\"author\":{\"name\":\"apuntesdesanluis.com\",\"@id\":\"https:\/\/apuntesdesanluis.com\/#\/schema\/person\/b55151d52296fcce64d1a72538a70b90\"},\"headline\":\"SERGIO MASSA RECONOCI\u00d3 LA DERROTA Y FELICIT\u00d3 A JAVIER MILEI\",\"datePublished\":\"2023-11-19T23:41:42+00:00\",\"dateModified\":\"2023-11-19T23:43:14+00:00\",\"mainEntityOfPage\":{\"@id\":\"https:\/\/apuntesdesanluis.com\/index.php\/2023\/11\/19\/sergio-massa-reconocio-la-derrota-y-felicito-a-javier-milei\/\"},\"wordCount\":362,\"publisher\":{\"@id\":\"https:\/\/apuntesdesanluis.com\/#\/schema\/person\/b55151d52296fcce64d1a72538a70b90\"},\"image\":{\"@id\":\"https:\/\/apuntesdesanluis.com\/index.php\/2023\/11\/19\/sergio-massa-reconocio-la-derrota-y-felicito-a-javier-milei\/#primaryimage\"},\"thumbnailUrl\":\"https:\/\/apuntesdesanluis.com\/wp-content\/uploads\/2023\/11\/massa-5.png\",\"articleSection\":[\"Nacionales\/Internacionales\"],\"inLanguage\":\"es-AR\"},{\"@type\":\"WebPage\",\"@id\":\"https:\/\/apuntesdesanluis.com\/index.php\/2023\/11\/19\/sergio-massa-reconocio-la-derrota-y-felicito-a-javier-milei\/\",\"url\":\"https:\/\/apuntesdesanluis.com\/index.php\/2023\/11\/19\/sergio-massa-reconocio-la-derrota-y-felicito-a-javier-milei\/\",\"name\":\"SERGIO MASSA RECONOCI\u00d3 LA DERROTA Y FELICIT\u00d3 A JAVIER MILEI - Apuntes de San Luis\",\"isPartOf\":{\"@id\":\"https:\/\/apuntesdesanluis.com\/#website\"},\"primaryImageOfPage\":{\"@id\":\"https:\/\/apuntesdesanluis.com\/index.php\/2023\/11\/19\/sergio-massa-reconocio-la-derrota-y-felicito-a-javier-milei\/#primaryimage\"},\"image\":{\"@id\":\"https:\/\/apuntesdesanluis.com\/index.php\/2023\/11\/19\/sergio-massa-reconocio-la-derrota-y-felicito-a-javier-milei\/#primaryimage\"},\"thumbnailUrl\":\"https:\/\/apuntesdesanluis.com\/wp-content\/uploads\/2023\/11\/massa-5.png\",\"datePublished\":\"2023-11-19T23:41:42+00:00\",\"dateModified\":\"2023-11-19T23:43:14+00:00\",\"breadcrumb\":{\"@id\":\"https:\/\/apuntesdesanluis.com\/index.php\/2023\/11\/19\/sergio-massa-reconocio-la-derrota-y-felicito-a-javier-milei\/#breadcrumb\"},\"inLanguage\":\"es-AR\",\"potentialAction\":[{\"@type\":\"ReadAction\",\"target\":[\"https:\/\/apuntesdesanluis.com\/index.php\/2023\/11\/19\/sergio-massa-reconocio-la-derrota-y-felicito-a-javier-milei\/\"]}]},{\"@type\":\"ImageObject\",\"inLanguage\":\"es-AR\",\"@id\":\"https:\/\/apuntesdesanluis.com\/index.php\/2023\/11\/19\/sergio-massa-reconocio-la-derrota-y-felicito-a-javier-milei\/#primaryimage\",\"url\":\"https:\/\/apuntesdesanluis.com\/wp-content\/uploads\/2023\/11\/massa-5.png\",\"contentUrl\":\"https:\/\/apuntesdesanluis.com\/wp-content\/uploads\/2023\/11\/massa-5.png\",\"width\":600,\"height\":333},{\"@type\":\"BreadcrumbList\",\"@id\":\"https:\/\/apuntesdesanluis.com\/index.php\/2023\/11\/19\/sergio-massa-reconocio-la-derrota-y-felicito-a-javier-milei\/#breadcrumb\",\"itemListElement\":[{\"@type\":\"ListItem\",\"position\":1,\"name\":\"Inicio\",\"item\":\"https:\/\/apuntesdesanluis.com\/\"},{\"@type\":\"ListItem\",\"position\":2,\"name\":\"SERGIO MASSA RECONOCI\u00d3 LA DERROTA Y FELICIT\u00d3 A JAVIER MILEI\"}]},{\"@type\":\"WebSite\",\"@id\":\"https:\/\/apuntesdesanluis.com\/#website\",\"url\":\"https:\/\/apuntesdesanluis.com\/\",\"name\":\"Apuntes de San Luis\",\"description\":\"\",\"publisher\":{\"@id\":\"https:\/\/apuntesdesanluis.com\/#\/schema\/person\/b55151d52296fcce64d1a72538a70b90\"},\"potentialAction\":[{\"@type\":\"SearchAction\",\"target\":{\"@type\":\"EntryPoint\",\"urlTemplate\":\"https:\/\/apuntesdesanluis.com\/?s={search_term_string}\"},\"query-input\":{\"@type\":\"PropertyValueSpecification\",\"valueRequired\":true,\"valueName\":\"search_term_string\"}}],\"inLanguage\":\"es-AR\"},{\"@type\":[\"Person\",\"Organization\"],\"@id\":\"https:\/\/apuntesdesanluis.com\/#\/schema\/person\/b55151d52296fcce64d1a72538a70b90\",\"name\":\"apuntesdesanluis.com\",\"image\":{\"@type\":\"ImageObject\",\"inLanguage\":\"es-AR\",\"@id\":\"https:\/\/apuntesdesanluis.com\/#\/schema\/person\/image\/\",\"url\":\"https:\/\/apuntesdesanluis.com\/wp-content\/uploads\/2023\/07\/cropped-apuntesdesanluis.png\",\"contentUrl\":\"https:\/\/apuntesdesanluis.com\/wp-content\/uploads\/2023\/07\/cropped-apuntesdesanluis.png\",\"width\":450,\"height\":112,\"caption\":\"apuntesdesanluis.com\"},\"logo\":{\"@id\":\"https:\/\/apuntesdesanluis.com\/#\/schema\/person\/image\/\"},\"sameAs\":[\"https:\/\/apuntesdesanluis.com\"],\"url\":\"https:\/\/apuntesdesanluis.com\/index.php\/author\/apuntesdesanluis-com\/\"}]}<\/script>\n<!-- \/ Yoast SEO plugin. -->","yoast_head_json":{"title":"SERGIO MASSA RECONOCI\u00d3 LA DERROTA Y FELICIT\u00d3 A JAVIER MILEI - Apuntes de San Luis","robots":{"index":"index","follow":"follow","max-snippet":"max-snippet:-1","max-image-preview":"max-image-preview:large","max-video-preview":"max-video-preview:-1"},"canonical":"https:\/\/apuntesdesanluis.com\/index.php\/2023\/11\/19\/sergio-massa-reconocio-la-derrota-y-felicito-a-javier-milei\/","og_locale":"es_ES","og_type":"article","og_title":"SERGIO MASSA RECONOCI\u00d3 LA DERROTA Y FELICIT\u00d3 A JAVIER MILEI - Apuntes de San Luis","og_description":"El ministro de Econom\u00eda y aspirante presidencial de Uni\u00f3n por la Patria, Sergio Massa, reconoci\u00f3...","og_url":"https:\/\/apuntesdesanluis.com\/index.php\/2023\/11\/19\/sergio-massa-reconocio-la-derrota-y-felicito-a-javier-milei\/","og_site_name":"Apuntes de San Luis","article_published_time":"2023-11-19T23:41:42+00:00","article_modified_time":"2023-11-19T23:43:14+00:00","og_image":[{"width":600,"height":333,"url":"https:\/\/apuntesdesanluis.com\/wp-content\/uploads\/2023\/11\/massa-5.png","type":"image\/png"}],"author":"apuntesdesanluis.com","twitter_card":"summary_large_image","twitter_misc":{"Escrito por":"apuntesdesanluis.com","Tiempo de lectura":"2 minutos"},"schema":{"@context":"https:\/\/schema.org","@graph":[{"@type":"Article","@id":"https:\/\/apuntesdesanluis.com\/index.php\/2023\/11\/19\/sergio-massa-reconocio-la-derrota-y-felicito-a-javier-milei\/#article","isPartOf":{"@id":"https:\/\/apuntesdesanluis.com\/index.php\/2023\/11\/19\/sergio-massa-reconocio-la-derrota-y-felicito-a-javier-milei\/"},"author":{"name":"apuntesdesanluis.com","@id":"https:\/\/apuntesdesanluis.com\/#\/schema\/person\/b55151d52296fcce64d1a72538a70b90"},"headline":"SERGIO MASSA RECONOCI\u00d3 LA DERROTA Y FELICIT\u00d3 A JAVIER MILEI","datePublished":"2023-11-19T23:41:42+00:00","dateModified":"2023-11-19T23:43:14+00:00","mainEntityOfPage":{"@id":"https:\/\/apuntesdesanluis.com\/index.php\/2023\/11\/19\/sergio-massa-reconocio-la-derrota-y-felicito-a-javier-milei\/"},"wordCount":362,"publisher":{"@id":"https:\/\/apuntesdesanluis.com\/#\/schema\/person\/b55151d52296fcce64d1a72538a70b90"},"image":{"@id":"https:\/\/apuntesdesanluis.com\/index.php\/2023\/11\/19\/sergio-massa-reconocio-la-derrota-y-felicito-a-javier-milei\/#primaryimage"},"thumbnailUrl":"https:\/\/apuntesdesanluis.com\/wp-content\/uploads\/2023\/11\/massa-5.png","articleSection":["Nacionales\/Internacionales"],"inLanguage":"es-AR"},{"@type":"WebPage","@id":"https:\/\/apuntesdesanluis.com\/index.php\/2023\/11\/19\/sergio-massa-reconocio-la-derrota-y-felicito-a-javier-milei\/","url":"https:\/\/apuntesdesanluis.com\/index.php\/2023\/11\/19\/sergio-massa-reconocio-la-derrota-y-felicito-a-javier-milei\/","name":"SERGIO MASSA RECONOCI\u00d3 LA DERROTA Y FELICIT\u00d3 A JAVIER MILEI - Apuntes de San Luis","isPartOf":{"@id":"https:\/\/apuntesdesanluis.com\/#website"},"primaryImageOfPage":{"@id":"https:\/\/apuntesdesanluis.com\/index.php\/2023\/11\/19\/sergio-massa-reconocio-la-derrota-y-felicito-a-javier-milei\/#primaryimage"},"image":{"@id":"https:\/\/apuntesdesanluis.com\/index.php\/2023\/11\/19\/sergio-massa-reconocio-la-derrota-y-felicito-a-javier-milei\/#primaryimage"},"thumbnailUrl":"https:\/\/apuntesdesanluis.com\/wp-content\/uploads\/2023\/11\/massa-5.png","datePublished":"2023-11-19T23:41:42+00:00","dateModified":"2023-11-19T23:43:14+00:00","breadcrumb":{"@id":"https:\/\/apuntesdesanluis.com\/index.php\/2023\/11\/19\/sergio-massa-reconocio-la-derrota-y-felicito-a-javier-milei\/#breadcrumb"},"inLanguage":"es-AR","potentialAction":[{"@type":"ReadAction","target":["https:\/\/apuntesdesanluis.com\/index.php\/2023\/11\/19\/sergio-massa-reconocio-la-derrota-y-felicito-a-javier-milei\/"]}]},{"@type":"ImageObject","inLanguage":"es-AR","@id":"https:\/\/apuntesdesanluis.com\/index.php\/2023\/11\/19\/sergio-massa-reconocio-la-derrota-y-felicito-a-javier-milei\/#primaryimage","url":"https:\/\/apuntesdesanluis.com\/wp-content\/uploads\/2023\/11\/massa-5.png","contentUrl":"https:\/\/apuntesdesanluis.com\/wp-content\/uploads\/2023\/11\/massa-5.png","width":600,"height":333},{"@type":"BreadcrumbList","@id":"https:\/\/apuntesdesanluis.com\/index.php\/2023\/11\/19\/sergio-massa-reconocio-la-derrota-y-felicito-a-javier-milei\/#breadcrumb","itemListElement":[{"@type":"ListItem","position":1,"name":"Inicio","item":"https:\/\/apuntesdesanluis.com\/"},{"@type":"ListItem","position":2,"name":"SERGIO MASSA RECONOCI\u00d3 LA DERROTA Y FELICIT\u00d3 A JAVIER MILEI"}]},{"@type":"WebSite","@id":"https:\/\/apuntesdesanluis.com\/#website","url":"https:\/\/apuntesdesanluis.com\/","name":"Apuntes de San Luis","description":"","publisher":{"@id":"https:\/\/apuntesdesanluis.com\/#\/schema\/person\/b55151d52296fcce64d1a72538a70b90"},"potentialAction":[{"@type":"SearchAction","target":{"@type":"EntryPoint","urlTemplate":"https:\/\/apuntesdesanluis.com\/?s={search_term_string}"},"query-input":{"@type":"PropertyValueSpecification","valueRequired":true,"valueName":"search_term_string"}}],"inLanguage":"es-AR"},{"@type":["Person","Organization"],"@id":"https:\/\/apuntesdesanluis.com\/#\/schema\/person\/b55151d52296fcce64d1a72538a70b90","name":"apuntesdesanluis.com","image":{"@type":"ImageObject","inLanguage":"es-AR","@id":"https:\/\/apuntesdesanluis.com\/#\/schema\/person\/image\/","url":"https:\/\/apuntesdesanluis.com\/wp-content\/uploads\/2023\/07\/cropped-apuntesdesanluis.png","contentUrl":"https:\/\/apuntesdesanluis.com\/wp-content\/uploads\/2023\/07\/cropped-apuntesdesanluis.png","width":450,"height":112,"caption":"apuntesdesanluis.com"},"logo":{"@id":"https:\/\/apuntesdesanluis.com\/#\/schema\/person\/image\/"},"sameAs":["https:\/\/apuntesdesanluis.com"],"url":"https:\/\/apuntesdesanluis.com\/index.php\/author\/apuntesdesanluis-com\/"}]}},"featured_image_urls":{"full":["https:\/\/apuntesdesanluis.com\/wp-content\/uploads\/2023\/11\/massa-5.png",600,333,false],"thumbnail":["https:\/\/apuntesdesanluis.com\/wp-content\/uploads\/2023\/11\/massa-5-150x150.png",150,150,true],"medium":["https:\/\/apuntesdesanluis.com\/wp-content\/uploads\/2023\/11\/massa-5-300x167.png",300,167,true],"medium_large":["https:\/\/apuntesdesanluis.com\/wp-content\/uploads\/2023\/11\/massa-5.png",600,333,false],"large":["https:\/\/apuntesdesanluis.com\/wp-content\/uploads\/2023\/11\/massa-5.png",600,333,false],"1536x1536":["https:\/\/apuntesdesanluis.com\/wp-content\/uploads\/2023\/11\/massa-5.png",600,333,false],"2048x2048":["https:\/\/apuntesdesanluis.com\/wp-content\/uploads\/2023\/11\/massa-5.png",600,333,false],"newsever-slider-full":["https:\/\/apuntesdesanluis.com\/wp-content\/uploads\/2023\/11\/massa-5.png",600,333,false],"newsever-featured":["https:\/\/apuntesdesanluis.com\/wp-content\/uploads\/2023\/11\/massa-5.png",600,333,false],"newsever-medium":["https:\/\/apuntesdesanluis.com\/wp-content\/uploads\/2023\/11\/massa-5.png",600,333,false]},"author_info":{"display_name":"apuntesdesanluis.com","author_link":"https:\/\/apuntesdesanluis.com\/index.php\/author\/apuntesdesanluis-com\/"},"category_info":"<a href=\"https:\/\/apuntesdesanluis.com\/index.php\/category\/nacionales-internacionales\/\" rel=\"category tag\">Nacionales\/Internacionales<\/a>","tag_info":"Nacionales\/Internacionales","comment_count":"0","_links":{"self":[{"href":"https:\/\/apuntesdesanluis.com\/index.php\/wp-json\/wp\/v2\/posts\/7031","targetHints":{"allow":["GET"]}}],"collection":[{"href":"https:\/\/apuntesdesanluis.com\/index.php\/wp-json\/wp\/v2\/posts"}],"about":[{"href":"https:\/\/apuntesdesanluis.com\/index.php\/wp-json\/wp\/v2\/types\/post"}],"author":[{"embeddable":true,"href":"https:\/\/apuntesdesanluis.com\/index.php\/wp-json\/wp\/v2\/users\/1"}],"replies":[{"embeddable":true,"href":"https:\/\/apuntesdesanluis.com\/index.php\/wp-json\/wp\/v2\/comments?post=7031"}],"version-history":[{"count":2,"href":"https:\/\/apuntesdesanluis.com\/index.php\/wp-json\/wp\/v2\/posts\/7031\/revisions"}],"predecessor-version":[{"id":7034,"href":"https:\/\/apuntesdesanluis.com\/index.php\/wp-json\/wp\/v2\/posts\/7031\/revisions\/7034"}],"wp:featuredmedia":[{"embeddable":true,"href":"https:\/\/apuntesdesanluis.com\/index.php\/wp-json\/wp\/v2\/media\/7032"}],"wp:attachment":[{"href":"https:\/\/apuntesdesanluis.com\/index.php\/wp-json\/wp\/v2\/media?parent=7031"}],"wp:term":[{"taxonomy":"category","embeddable":true,"href":"https:\/\/apuntesdesanluis.com\/index.php\/wp-json\/wp\/v2\/categories?post=7031"},{"taxonomy":"post_tag","embeddable":true,"href":"https:\/\/apuntesdesanluis.com\/index.php\/wp-json\/wp\/v2\/tags?post=7031"}],"curies":[{"name":"wp","href":"https:\/\/api.w.org\/{rel}","templated":true}]}}